{"id":23672,"date":"2018-06-28T10:29:15","date_gmt":"2018-06-28T09:29:15","guid":{"rendered":"http:\/\/www.oficinaempleo.com\/blog\/?p=23672"},"modified":"2018-06-28T16:10:51","modified_gmt":"2018-06-28T15:10:51","slug":"lufthansa-planea-contratar-8000-trabajadores-2018","status":"publish","type":"post","link":"https:\/\/www.oficinaempleo.com\/blog\/lufthansa-planea-contratar-8000-trabajadores-2018\/","title":{"rendered":"Lufthansa planea contratar a 8.000 trabajadores en 2018"},"content":{"rendered":"<div class=\"su-button-center\"><a href=\"https:\/\/jobs.oficinaempleo.com\/registro?origen=ORG-web&#038;utm_source=OE&#038;utm_medium=boton_registro&#038;utm_content=homepage&#038;utm_campaign=organic\" class=\"su-button su-button-style-flat\" style=\"color:#FFFFFF;background-color:#ec7d0c;border-color:#bd640a;border-radius:10px\" target=\"__blank\"><span style=\"color:#FFFFFF;padding:8px 26px;font-size:20px;line-height:30px;border-color:#f2a455;border-radius:10px;text-shadow:none\"><i class=\"sui sui-arrow-circle-right\" style=\"font-size:20px;color:#FFFFFF\"><\/i> Reg\u00edstrate gratis en OficinaEmpleo<\/span><\/a><\/div><div class=\"su-spacer\" style=\"height:30px\"><\/div>\n<p>Lufthansa es la mayor aerol\u00ednea de Europa en n\u00famero de pasajeros junto a la compa\u00f1\u00eda de bajo coste irlandesa Ryanair. Esta empresa alemana pretende comenzar 2018 con fuerza. Prev\u00e9 contratar a m\u00e1s de<strong> 8.000 trabajadores<\/strong>, de ellos, la mitad, ser\u00e1 como personal de cabina, tal y como ha informado la compa\u00f1\u00eda en un comunicado.<\/p>\n<div id=\"attachment_23673\" style=\"width: 1210px\" class=\"wp-caption alignnone\"><a href=\"http:\/\/www.oficinaempleo.com\/blog\/wp-content\/uploads\/2018\/01\/Sin-t\u00edtulo-1-Recuperado.jpg\"><img loading=\"lazy\" decoding=\"async\" aria-describedby=\"caption-attachment-23673\" class=\"wp-image-23673 size-full\" src=\"http:\/\/www.oficinaempleo.com\/blog\/wp-content\/uploads\/2018\/01\/Sin-t\u00edtulo-1-Recuperado.jpg\" alt=\"Lufthansa necesita 8.000 nuevos trabajadores (Pixabay)\" width=\"1200\" height=\"628\" srcset=\"https:\/\/www.oficinaempleo.com\/blog\/wp-content\/uploads\/2018\/01\/Sin-t\u00edtulo-1-Recuperado.jpg 1200w, https:\/\/www.oficinaempleo.com\/blog\/wp-content\/uploads\/2018\/01\/Sin-t\u00edtulo-1-Recuperado-300x157.jpg 300w, https:\/\/www.oficinaempleo.com\/blog\/wp-content\/uploads\/2018\/01\/Sin-t\u00edtulo-1-Recuperado-768x402.jpg 768w, https:\/\/www.oficinaempleo.com\/blog\/wp-content\/uploads\/2018\/01\/Sin-t\u00edtulo-1-Recuperado-1024x536.jpg 1024w\" sizes=\"auto, (max-width: 1200px) 100vw, 1200px\" \/><\/a><p id=\"caption-attachment-23673\" class=\"wp-caption-text\">Lufthansa necesita 8.000 nuevos trabajadores (Pixabay)<\/p><\/div>\n<p>De los 8.000 puestos de trabajo que la aerol\u00ednea alemana pretende crear, <strong>2.700 ser\u00e1n para la filial de bajo coste Eurowings.<\/strong> Lufthansa tambi\u00e9n tiene previsto incorporar a lo largo de 2018 a 900 pilotos, muchos de ellos formados por la propia compa\u00f1\u00eda, y \u00fanicamente para las conexiones entre dos de las grandes ciudades alemanas, Francfort y Munich. Por otro lado, tambi\u00e9n pretender incorporar a unos 2.500 empleados de cabina.<\/p>\n<p>Lufthansa es una apuesta segura, ya que como ha declarado su presidente, Carsten Spohr, la compa\u00f1\u00eda prev\u00e9 unos beneficios records en 2017. Adem\u00e1s emplea a cerca de <strong>130.000 trabajadores en todo el mundo.<\/strong><\/p>\n<p>Si crees que puedes ser uno de los nuevos trabajadores de esta gran compa\u00f1\u00eda alemana, no dudes en<a href=\"https:\/\/www.be-lufthansa.com\/en\/\"  > apuntarte a la base de datos de Lufthansa<\/a> a trav\u00e9s de esta enlace. \u00a1El trabajo puede ser tuyo!<\/p>\n<p>En Oficina Empleo tenemos cientos de procesos de selecci\u00f3n con los que empezar a\u00a0<a href=\"https:\/\/www.oficinaempleo.com\/trabajar-en\/limpieza-y-servicios-urbanos-22\">trabajar en Limpieza y Servicios Urbanos<\/a>\u00a0o en el sector que se adapte a ti. Si lo prefieres, puedes descubrir en nuestro Blog\u00a0<a href=\"https:\/\/www.oficinaempleo.com\/ofertas-empleo-en\/murcia\">c\u00f3mo trabajar en Murcia<\/a>\u00a0y muchas m\u00e1s empresas \u00a1Mira!<\/p>\n<p><strong>Encuentra trabajo en tu provincia:<\/strong><\/p>\n<ul>\n<li><a href=\"https:\/\/www.oficinaempleo.com\/ofertas-empleo-en\/madrid\">Empleo en Madrid<\/a><\/li>\n<li><a href=\"https:\/\/www.oficinaempleo.com\/ofertas-empleo-en\/barcelona\">Empleo en Barcelona<\/a><\/li>\n<li><a href=\"https:\/\/www.oficinaempleo.com\/ofertas-empleo-en\/alicante\">Empleo en Alicante<\/a><\/li>\n<li><a href=\"https:\/\/www.oficinaempleo.com\/ofertas-empleo-en\/santa-cruz-de-tenerife\">Empleo en Santa Cruz de Tenerife<\/a><\/li>\n<li><a href=\"https:\/\/www.oficinaempleo.com\/ofertas-empleo-en\/sevilla\">Empleo en Sevilla<\/a><\/li>\n<\/ul>\n<div class=\"su-button-center\"><a href=\"https:\/\/jobs.oficinaempleo.com\/registro?origen=ORG-web&#038;utm_source=OE&#038;utm_medium=boton_registro&#038;utm_content=homepage&#038;utm_campaign=organic\" class=\"su-button su-button-style-flat\" style=\"color:#FFFFFF;background-color:#ec7d0c;border-color:#bd640a;border-radius:10px\" target=\"__blank\"><span style=\"color:#FFFFFF;padding:8px 26px;font-size:20px;line-height:30px;border-color:#f2a455;border-radius:10px;text-shadow:none\"><i class=\"sui sui-arrow-circle-right\" style=\"font-size:20px;color:#FFFFFF\"><\/i> Reg\u00edstrate gratis en OficinaEmpleo<\/span><\/a><\/div><div class=\"su-spacer\" style=\"height:30px\"><\/div>\n","protected":false},"excerpt":{"rendered":"<p>Lufthansa es la mayor aerol\u00ednea de Europa en n\u00famero de pasajeros junto a la compa\u00f1\u00eda de bajo coste irlandesa Ryanair. Esta empresa alemana pretende comenzar 2018 con fuerza. Prev\u00e9 contratar a m\u00e1s de 8.000 trabajadores, de ellos, la mitad, ser\u00e1 como personal de cabina, tal y como ha informado la compa\u00f1\u00eda en un comunicado. De [&hellip;]<\/p>\n","protected":false},"author":24,"featured_media":23673,"comment_status":"open","ping_status":"open","sticky":false,"template":"","format":"standard","meta":{"footnotes":""},"categories":[3],"tags":[],"class_list":["post-23672","post","type-post","status-publish","format-standard","has-post-thumbnail","hentry","category-noticias-empleo","cat-3-id","has_thumb"],"yoast_head":"<!-- This site is optimized with the Yoast SEO plugin v27.1.1 - https:\/\/yoast.com\/product\/yoast-seo-wordpress\/ -->\n<title>Lufthansa planea contratar a 8.000 trabajadores en 2018 - Blog OficinaEmpleo<\/title>\n<meta name=\"description\" content=\"Lufthansa es la mayor aerol\u00ednea del viejo continente en n\u00famero de pasajeros junto a la compa\u00f1\u00eda de bajo coste irlandesa Ryanair.\" \/>\n<meta name=\"robots\" content=\"index, follow, max-snippet:-1, max-image-preview:large, max-video-preview:-1\" \/>\n<link rel=\"canonical\" href=\"https:\/\/www.oficinaempleo.com\/blog\/lufthansa-planea-contratar-8000-trabajadores-2018\/\" \/>\n<meta property=\"og:locale\" content=\"es_ES\" \/>\n<meta property=\"og:type\" content=\"article\" \/>\n<meta property=\"og:title\" content=\"Lufthansa planea contratar a 8.000 trabajadores en 2018 - Blog OficinaEmpleo\" \/>\n<meta property=\"og:description\" content=\"Lufthansa es la mayor aerol\u00ednea del viejo continente en n\u00famero de pasajeros junto a la compa\u00f1\u00eda de bajo coste irlandesa Ryanair.\" \/>\n<meta property=\"og:url\" content=\"https:\/\/www.oficinaempleo.com\/blog\/lufthansa-planea-contratar-8000-trabajadores-2018\/\" \/>\n<meta property=\"og:site_name\" content=\"Noticias y consejos de empleo | Blog OficinaEmpleo\" \/>\n<meta property=\"article:published_time\" content=\"2018-06-28T09:29:15+00:00\" \/>\n<meta property=\"article:modified_time\" content=\"2018-06-28T15:10:51+00:00\" \/>\n<meta property=\"og:image\" content=\"https:\/\/www.oficinaempleo.com\/blog\/wp-content\/uploads\/2018\/01\/Sin-t\u00edtulo-1-Recuperado.jpg\" \/>\n\t<meta property=\"og:image:width\" content=\"1200\" \/>\n\t<meta property=\"og:image:height\" content=\"628\" \/>\n\t<meta property=\"og:image:type\" content=\"image\/jpeg\" \/>\n<meta name=\"author\" content=\"Jes\u00fas Torrado\" \/>\n<meta name=\"twitter:card\" content=\"summary_large_image\" \/>\n<meta name=\"twitter:creator\" content=\"@OficinaEmpleo\" \/>\n<meta name=\"twitter:site\" content=\"@OficinaEmpleo\" \/>\n<meta name=\"twitter:label1\" content=\"Written by\" \/>\n\t<meta name=\"twitter:data1\" content=\"Jes\u00fas Torrado\" \/>\n\t<meta name=\"twitter:label2\" content=\"Est. reading time\" \/>\n\t<meta name=\"twitter:data2\" content=\"2 minutos\" \/>\n<script type=\"application\/ld+json\" class=\"yoast-schema-graph\">{\"@context\":\"https:\/\/schema.org\",\"@graph\":[{\"@type\":\"Article\",\"@id\":\"https:\/\/www.oficinaempleo.com\/blog\/lufthansa-planea-contratar-8000-trabajadores-2018\/#article\",\"isPartOf\":{\"@id\":\"https:\/\/www.oficinaempleo.com\/blog\/lufthansa-planea-contratar-8000-trabajadores-2018\/\"},\"author\":{\"name\":\"Jes\u00fas Torrado\",\"@id\":\"https:\/\/www.oficinaempleo.com\/blog\/#\/schema\/person\/52e7340f03bcdfe9f0db50f5bc7f99a4\"},\"headline\":\"Lufthansa planea contratar a 8.000 trabajadores en 2018\",\"datePublished\":\"2018-06-28T09:29:15+00:00\",\"dateModified\":\"2018-06-28T15:10:51+00:00\",\"mainEntityOfPage\":{\"@id\":\"https:\/\/www.oficinaempleo.com\/blog\/lufthansa-planea-contratar-8000-trabajadores-2018\/\"},\"wordCount\":397,\"commentCount\":0,\"publisher\":{\"@id\":\"https:\/\/www.oficinaempleo.com\/blog\/#organization\"},\"image\":{\"@id\":\"https:\/\/www.oficinaempleo.com\/blog\/lufthansa-planea-contratar-8000-trabajadores-2018\/#primaryimage\"},\"thumbnailUrl\":\"https:\/\/www.oficinaempleo.com\/blog\/wp-content\/uploads\/2018\/01\/Sin-t\u00edtulo-1-Recuperado.jpg\",\"articleSection\":[\"Noticias Empleo\"],\"inLanguage\":\"es\",\"potentialAction\":[{\"@type\":\"CommentAction\",\"name\":\"Comment\",\"target\":[\"https:\/\/www.oficinaempleo.com\/blog\/lufthansa-planea-contratar-8000-trabajadores-2018\/#respond\"]}]},{\"@type\":\"WebPage\",\"@id\":\"https:\/\/www.oficinaempleo.com\/blog\/lufthansa-planea-contratar-8000-trabajadores-2018\/\",\"url\":\"https:\/\/www.oficinaempleo.com\/blog\/lufthansa-planea-contratar-8000-trabajadores-2018\/\",\"name\":\"Lufthansa planea contratar a 8.000 trabajadores en 2018 - Blog OficinaEmpleo\",\"isPartOf\":{\"@id\":\"https:\/\/www.oficinaempleo.com\/blog\/#website\"},\"primaryImageOfPage\":{\"@id\":\"https:\/\/www.oficinaempleo.com\/blog\/lufthansa-planea-contratar-8000-trabajadores-2018\/#primaryimage\"},\"image\":{\"@id\":\"https:\/\/www.oficinaempleo.com\/blog\/lufthansa-planea-contratar-8000-trabajadores-2018\/#primaryimage\"},\"thumbnailUrl\":\"https:\/\/www.oficinaempleo.com\/blog\/wp-content\/uploads\/2018\/01\/Sin-t\u00edtulo-1-Recuperado.jpg\",\"datePublished\":\"2018-06-28T09:29:15+00:00\",\"dateModified\":\"2018-06-28T15:10:51+00:00\",\"description\":\"Lufthansa es la mayor aerol\u00ednea del viejo continente en n\u00famero de pasajeros junto a la compa\u00f1\u00eda de bajo coste irlandesa Ryanair.\",\"breadcrumb\":{\"@id\":\"https:\/\/www.oficinaempleo.com\/blog\/lufthansa-planea-contratar-8000-trabajadores-2018\/#breadcrumb\"},\"inLanguage\":\"es\",\"potentialAction\":[{\"@type\":\"ReadAction\",\"target\":[\"https:\/\/www.oficinaempleo.com\/blog\/lufthansa-planea-contratar-8000-trabajadores-2018\/\"]}]},{\"@type\":\"ImageObject\",\"inLanguage\":\"es\",\"@id\":\"https:\/\/www.oficinaempleo.com\/blog\/lufthansa-planea-contratar-8000-trabajadores-2018\/#primaryimage\",\"url\":\"https:\/\/www.oficinaempleo.com\/blog\/wp-content\/uploads\/2018\/01\/Sin-t\u00edtulo-1-Recuperado.jpg\",\"contentUrl\":\"https:\/\/www.oficinaempleo.com\/blog\/wp-content\/uploads\/2018\/01\/Sin-t\u00edtulo-1-Recuperado.jpg\",\"width\":1200,\"height\":628,\"caption\":\"Lufthansa necesita 8.000 nuevos trabajadores (Pixabay)\"},{\"@type\":\"BreadcrumbList\",\"@id\":\"https:\/\/www.oficinaempleo.com\/blog\/lufthansa-planea-contratar-8000-trabajadores-2018\/#breadcrumb\",\"itemListElement\":[{\"@type\":\"ListItem\",\"position\":1,\"name\":\"Home\",\"item\":\"https:\/\/www.oficinaempleo.com\/blog\/\"},{\"@type\":\"ListItem\",\"position\":2,\"name\":\"Lufthansa planea contratar a 8.000 trabajadores en 2018\"}]},{\"@type\":\"WebSite\",\"@id\":\"https:\/\/www.oficinaempleo.com\/blog\/#website\",\"url\":\"https:\/\/www.oficinaempleo.com\/blog\/\",\"name\":\"Noticias y Consejos de Empleo | Blog OficinaEmpleo\",\"description\":\"\",\"publisher\":{\"@id\":\"https:\/\/www.oficinaempleo.com\/blog\/#organization\"},\"potentialAction\":[{\"@type\":\"SearchAction\",\"target\":{\"@type\":\"EntryPoint\",\"urlTemplate\":\"https:\/\/www.oficinaempleo.com\/blog\/?s={search_term_string}\"},\"query-input\":{\"@type\":\"PropertyValueSpecification\",\"valueRequired\":true,\"valueName\":\"search_term_string\"}}],\"inLanguage\":\"es\"},{\"@type\":\"Organization\",\"@id\":\"https:\/\/www.oficinaempleo.com\/blog\/#organization\",\"name\":\"OficinaEmpleo\",\"url\":\"https:\/\/www.oficinaempleo.com\/blog\/\",\"logo\":{\"@type\":\"ImageObject\",\"inLanguage\":\"es\",\"@id\":\"https:\/\/www.oficinaempleo.com\/blog\/#\/schema\/logo\/image\/\",\"url\":\"https:\/\/www.oficinaempleo.com\/blog\/wp-content\/uploads\/2018\/10\/logo_footer-1.jpg\",\"contentUrl\":\"https:\/\/www.oficinaempleo.com\/blog\/wp-content\/uploads\/2018\/10\/logo_footer-1.jpg\",\"width\":478,\"height\":57,\"caption\":\"OficinaEmpleo\"},\"image\":{\"@id\":\"https:\/\/www.oficinaempleo.com\/blog\/#\/schema\/logo\/image\/\"},\"sameAs\":[\"https:\/\/x.com\/OficinaEmpleo\"]},{\"@type\":\"Person\",\"@id\":\"https:\/\/www.oficinaempleo.com\/blog\/#\/schema\/person\/52e7340f03bcdfe9f0db50f5bc7f99a4\",\"name\":\"Jes\u00fas Torrado\",\"image\":{\"@type\":\"ImageObject\",\"inLanguage\":\"es\",\"@id\":\"https:\/\/www.oficinaempleo.com\/blog\/#\/schema\/person\/image\/\",\"url\":\"https:\/\/secure.gravatar.com\/avatar\/5fc877e251d22a64b7150e20a52c8e1df8eae16fa39d0273b0ca23d2362c2130?s=96&d=mm&r=g\",\"contentUrl\":\"https:\/\/secure.gravatar.com\/avatar\/5fc877e251d22a64b7150e20a52c8e1df8eae16fa39d0273b0ca23d2362c2130?s=96&d=mm&r=g\",\"caption\":\"Jes\u00fas Torrado\"},\"url\":\"https:\/\/www.oficinaempleo.com\/blog\/author\/jesus\/\"}]}<\/script>\n<!-- \/ Yoast SEO plugin. -->","yoast_head_json":{"title":"Lufthansa planea contratar a 8.000 trabajadores en 2018 - Blog OficinaEmpleo","description":"Lufthansa es la mayor aerol\u00ednea del viejo continente en n\u00famero de pasajeros junto a la compa\u00f1\u00eda de bajo coste irlandesa Ryanair.","robots":{"index":"index","follow":"follow","max-snippet":"max-snippet:-1","max-image-preview":"max-image-preview:large","max-video-preview":"max-video-preview:-1"},"canonical":"https:\/\/www.oficinaempleo.com\/blog\/lufthansa-planea-contratar-8000-trabajadores-2018\/","og_locale":"es_ES","og_type":"article","og_title":"Lufthansa planea contratar a 8.000 trabajadores en 2018 - Blog OficinaEmpleo","og_description":"Lufthansa es la mayor aerol\u00ednea del viejo continente en n\u00famero de pasajeros junto a la compa\u00f1\u00eda de bajo coste irlandesa Ryanair.","og_url":"https:\/\/www.oficinaempleo.com\/blog\/lufthansa-planea-contratar-8000-trabajadores-2018\/","og_site_name":"Noticias y consejos de empleo | Blog OficinaEmpleo","article_published_time":"2018-06-28T09:29:15+00:00","article_modified_time":"2018-06-28T15:10:51+00:00","og_image":[{"width":1200,"height":628,"url":"https:\/\/www.oficinaempleo.com\/blog\/wp-content\/uploads\/2018\/01\/Sin-t\u00edtulo-1-Recuperado.jpg","type":"image\/jpeg"}],"author":"Jes\u00fas Torrado","twitter_card":"summary_large_image","twitter_creator":"@OficinaEmpleo","twitter_site":"@OficinaEmpleo","twitter_misc":{"Written by":"Jes\u00fas Torrado","Est. reading time":"2 minutos"},"schema":{"@context":"https:\/\/schema.org","@graph":[{"@type":"Article","@id":"https:\/\/www.oficinaempleo.com\/blog\/lufthansa-planea-contratar-8000-trabajadores-2018\/#article","isPartOf":{"@id":"https:\/\/www.oficinaempleo.com\/blog\/lufthansa-planea-contratar-8000-trabajadores-2018\/"},"author":{"name":"Jes\u00fas Torrado","@id":"https:\/\/www.oficinaempleo.com\/blog\/#\/schema\/person\/52e7340f03bcdfe9f0db50f5bc7f99a4"},"headline":"Lufthansa planea contratar a 8.000 trabajadores en 2018","datePublished":"2018-06-28T09:29:15+00:00","dateModified":"2018-06-28T15:10:51+00:00","mainEntityOfPage":{"@id":"https:\/\/www.oficinaempleo.com\/blog\/lufthansa-planea-contratar-8000-trabajadores-2018\/"},"wordCount":397,"commentCount":0,"publisher":{"@id":"https:\/\/www.oficinaempleo.com\/blog\/#organization"},"image":{"@id":"https:\/\/www.oficinaempleo.com\/blog\/lufthansa-planea-contratar-8000-trabajadores-2018\/#primaryimage"},"thumbnailUrl":"https:\/\/www.oficinaempleo.com\/blog\/wp-content\/uploads\/2018\/01\/Sin-t\u00edtulo-1-Recuperado.jpg","articleSection":["Noticias Empleo"],"inLanguage":"es","potentialAction":[{"@type":"CommentAction","name":"Comment","target":["https:\/\/www.oficinaempleo.com\/blog\/lufthansa-planea-contratar-8000-trabajadores-2018\/#respond"]}]},{"@type":"WebPage","@id":"https:\/\/www.oficinaempleo.com\/blog\/lufthansa-planea-contratar-8000-trabajadores-2018\/","url":"https:\/\/www.oficinaempleo.com\/blog\/lufthansa-planea-contratar-8000-trabajadores-2018\/","name":"Lufthansa planea contratar a 8.000 trabajadores en 2018 - Blog OficinaEmpleo","isPartOf":{"@id":"https:\/\/www.oficinaempleo.com\/blog\/#website"},"primaryImageOfPage":{"@id":"https:\/\/www.oficinaempleo.com\/blog\/lufthansa-planea-contratar-8000-trabajadores-2018\/#primaryimage"},"image":{"@id":"https:\/\/www.oficinaempleo.com\/blog\/lufthansa-planea-contratar-8000-trabajadores-2018\/#primaryimage"},"thumbnailUrl":"https:\/\/www.oficinaempleo.com\/blog\/wp-content\/uploads\/2018\/01\/Sin-t\u00edtulo-1-Recuperado.jpg","datePublished":"2018-06-28T09:29:15+00:00","dateModified":"2018-06-28T15:10:51+00:00","description":"Lufthansa es la mayor aerol\u00ednea del viejo continente en n\u00famero de pasajeros junto a la compa\u00f1\u00eda de bajo coste irlandesa Ryanair.","breadcrumb":{"@id":"https:\/\/www.oficinaempleo.com\/blog\/lufthansa-planea-contratar-8000-trabajadores-2018\/#breadcrumb"},"inLanguage":"es","potentialAction":[{"@type":"ReadAction","target":["https:\/\/www.oficinaempleo.com\/blog\/lufthansa-planea-contratar-8000-trabajadores-2018\/"]}]},{"@type":"ImageObject","inLanguage":"es","@id":"https:\/\/www.oficinaempleo.com\/blog\/lufthansa-planea-contratar-8000-trabajadores-2018\/#primaryimage","url":"https:\/\/www.oficinaempleo.com\/blog\/wp-content\/uploads\/2018\/01\/Sin-t\u00edtulo-1-Recuperado.jpg","contentUrl":"https:\/\/www.oficinaempleo.com\/blog\/wp-content\/uploads\/2018\/01\/Sin-t\u00edtulo-1-Recuperado.jpg","width":1200,"height":628,"caption":"Lufthansa necesita 8.000 nuevos trabajadores (Pixabay)"},{"@type":"BreadcrumbList","@id":"https:\/\/www.oficinaempleo.com\/blog\/lufthansa-planea-contratar-8000-trabajadores-2018\/#breadcrumb","itemListElement":[{"@type":"ListItem","position":1,"name":"Home","item":"https:\/\/www.oficinaempleo.com\/blog\/"},{"@type":"ListItem","position":2,"name":"Lufthansa planea contratar a 8.000 trabajadores en 2018"}]},{"@type":"WebSite","@id":"https:\/\/www.oficinaempleo.com\/blog\/#website","url":"https:\/\/www.oficinaempleo.com\/blog\/","name":"Noticias y Consejos de Empleo | Blog OficinaEmpleo","description":"","publisher":{"@id":"https:\/\/www.oficinaempleo.com\/blog\/#organization"},"potentialAction":[{"@type":"SearchAction","target":{"@type":"EntryPoint","urlTemplate":"https:\/\/www.oficinaempleo.com\/blog\/?s={search_term_string}"},"query-input":{"@type":"PropertyValueSpecification","valueRequired":true,"valueName":"search_term_string"}}],"inLanguage":"es"},{"@type":"Organization","@id":"https:\/\/www.oficinaempleo.com\/blog\/#organization","name":"OficinaEmpleo","url":"https:\/\/www.oficinaempleo.com\/blog\/","logo":{"@type":"ImageObject","inLanguage":"es","@id":"https:\/\/www.oficinaempleo.com\/blog\/#\/schema\/logo\/image\/","url":"https:\/\/www.oficinaempleo.com\/blog\/wp-content\/uploads\/2018\/10\/logo_footer-1.jpg","contentUrl":"https:\/\/www.oficinaempleo.com\/blog\/wp-content\/uploads\/2018\/10\/logo_footer-1.jpg","width":478,"height":57,"caption":"OficinaEmpleo"},"image":{"@id":"https:\/\/www.oficinaempleo.com\/blog\/#\/schema\/logo\/image\/"},"sameAs":["https:\/\/x.com\/OficinaEmpleo"]},{"@type":"Person","@id":"https:\/\/www.oficinaempleo.com\/blog\/#\/schema\/person\/52e7340f03bcdfe9f0db50f5bc7f99a4","name":"Jes\u00fas Torrado","image":{"@type":"ImageObject","inLanguage":"es","@id":"https:\/\/www.oficinaempleo.com\/blog\/#\/schema\/person\/image\/","url":"https:\/\/secure.gravatar.com\/avatar\/5fc877e251d22a64b7150e20a52c8e1df8eae16fa39d0273b0ca23d2362c2130?s=96&d=mm&r=g","contentUrl":"https:\/\/secure.gravatar.com\/avatar\/5fc877e251d22a64b7150e20a52c8e1df8eae16fa39d0273b0ca23d2362c2130?s=96&d=mm&r=g","caption":"Jes\u00fas Torrado"},"url":"https:\/\/www.oficinaempleo.com\/blog\/author\/jesus\/"}]}},"_links":{"self":[{"href":"https:\/\/www.oficinaempleo.com\/blog\/wp-json\/wp\/v2\/posts\/23672","targetHints":{"allow":["GET"]}}],"collection":[{"href":"https:\/\/www.oficinaempleo.com\/blog\/wp-json\/wp\/v2\/posts"}],"about":[{"href":"https:\/\/www.oficinaempleo.com\/blog\/wp-json\/wp\/v2\/types\/post"}],"author":[{"embeddable":true,"href":"https:\/\/www.oficinaempleo.com\/blog\/wp-json\/wp\/v2\/users\/24"}],"replies":[{"embeddable":true,"href":"https:\/\/www.oficinaempleo.com\/blog\/wp-json\/wp\/v2\/comments?post=23672"}],"version-history":[{"count":3,"href":"https:\/\/www.oficinaempleo.com\/blog\/wp-json\/wp\/v2\/posts\/23672\/revisions"}],"predecessor-version":[{"id":23676,"href":"https:\/\/www.oficinaempleo.com\/blog\/wp-json\/wp\/v2\/posts\/23672\/revisions\/23676"}],"wp:featuredmedia":[{"embeddable":true,"href":"https:\/\/www.oficinaempleo.com\/blog\/wp-json\/wp\/v2\/media\/23673"}],"wp:attachment":[{"href":"https:\/\/www.oficinaempleo.com\/blog\/wp-json\/wp\/v2\/media?parent=23672"}],"wp:term":[{"taxonomy":"category","embeddable":true,"href":"https:\/\/www.oficinaempleo.com\/blog\/wp-json\/wp\/v2\/categories?post=23672"},{"taxonomy":"post_tag","embeddable":true,"href":"https:\/\/www.oficinaempleo.com\/blog\/wp-json\/wp\/v2\/tags?post=23672"}],"curies":[{"name":"wp","href":"https:\/\/api.w.org\/{rel}","templated":true}]}}