{"id":24106,"date":"2018-02-13T10:08:26","date_gmt":"2018-02-13T09:08:26","guid":{"rendered":"http:\/\/www.oficinaempleo.com\/blog\/?p=24106"},"modified":"2018-02-15T17:50:38","modified_gmt":"2018-02-15T16:50:38","slug":"alemania-establece-semana-laboral-28-horas","status":"publish","type":"post","link":"https:\/\/www.oficinaempleo.com\/blog\/alemania-establece-semana-laboral-28-horas\/","title":{"rendered":"Alemania establece la semana laboral de 28 horas"},"content":{"rendered":"<div class=\"su-button-center\"><a href=\"https:\/\/jobs.oficinaempleo.com\/registro?origen=ORG-web&#038;utm_source=OE&#038;utm_medium=boton_registro&#038;utm_content=homepage&#038;utm_campaign=organic\" class=\"su-button su-button-style-flat\" style=\"color:#FFFFFF;background-color:#ec7d0c;border-color:#bd640a;border-radius:10px\" target=\"__blank\"><span style=\"color:#FFFFFF;padding:8px 26px;font-size:20px;line-height:30px;border-color:#f2a455;border-radius:10px;text-shadow:none\"><i class=\"sui sui-arrow-circle-right\" style=\"font-size:20px;color:#FFFFFF\"><\/i> Reg\u00edstrate gratis en OficinaEmpleo<\/span><\/a><\/div><div class=\"su-spacer\" style=\"height:30px\"><\/div>\n<p>La crisis lleg\u00f3 a Europa y bajo el brazo trajo la recesi\u00f3n: Los sueldos se estancaron, se multiplicaron los contratos temporales y la precariedad creci\u00f3 a niveles inalcanzables. El <strong>desempleo creci\u00f3 ostensiblemente<\/strong> y \u00a0el Estado del Bienestar se vio altamente amenazado.<\/p>\n<p><a href=\"http:\/\/www.oficinaempleo.com\/blog\/wp-content\/uploads\/2018\/02\/Sin-t\u00edtulo-3-1.jpg\"><img loading=\"lazy\" decoding=\"async\" class=\"alignnone wp-image-24107 size-full\" src=\"http:\/\/www.oficinaempleo.com\/blog\/wp-content\/uploads\/2018\/02\/Sin-t\u00edtulo-3-1.jpg\" alt=\"Trabajando en la f\u00e1brica (istock)\" width=\"600\" height=\"310\" srcset=\"https:\/\/www.oficinaempleo.com\/blog\/wp-content\/uploads\/2018\/02\/Sin-t\u00edtulo-3-1.jpg 600w, https:\/\/www.oficinaempleo.com\/blog\/wp-content\/uploads\/2018\/02\/Sin-t\u00edtulo-3-1-300x155.jpg 300w, https:\/\/www.oficinaempleo.com\/blog\/wp-content\/uploads\/2018\/02\/Sin-t\u00edtulo-3-1-290x150.jpg 290w\" sizes=\"auto, (max-width: 600px) 100vw, 600px\" \/><\/a><\/p>\n<p>Ahora, diez a\u00f1os despu\u00e9s de que todo arrancara, la situaci\u00f3n va cambiando poco a poco. Bueno, en realidad solo en algunos pa\u00edses. Uno de ellos es Alemania, el <strong>motor de la econom\u00eda europea<\/strong> por antonomasia, y que recientemente ha reducido a m\u00ednimos hist\u00f3ricos su tasa de desempleo. Estos buenos resultados han permitido al sindicato industrial m\u00e1s mayoritario del pa\u00eds germano a ganar una batalla important\u00edsima al estado. No fue f\u00e1cil, pero tras jornadas de paros y negociaciones, gran parte de los obreros alemanes tendr\u00e1 un aumento de sueldo y una reducci\u00f3n de su <a href=\"http:\/\/www.oficinaempleo.com\/blog\/las-jornadas-laborales-recomendadas-por-los-expertos\/\"  >jornada laboral<\/a> a <strong>28 horas semanales.<\/strong><\/p>\n<p>En este caso cada trabajador, si as\u00ed lo desea, podr\u00e1 trabajar menos para cuidar a sus hijos, o a cualquier otro familiar que lo necesite durante un periodo de dos a\u00f1os. Posteriormente podr\u00e1 a volver a <strong>recuperar sus 35 horas y el salario original.<\/strong><\/p>\n<p>Alemania, por tanto, volver\u00e1 a ser pionera en cuanto a la reducci\u00f3n de la jornada laboral se refiere. Y es que en la d\u00e9cada de los 80, ya fue<strong>\u00a0el primero que estableci\u00f3 la semana laboral en 35 horas<\/strong>. Este sindicato gigante, IG Metall, que aglutina a cerca de 4 millones de trabajadores alemanes, tambi\u00e9n fue el precursor de la medida tomada d\u00e9cadas atr\u00e1s.<\/p>\n<p>Este logro, como en el pasado, s\u00f3lo afecta al estado de Baden-W\u00fcttember, lugar donde est\u00e1n las f\u00e1bricas de Bosch y Daimler. Aunque tal y como pas\u00f3 en la d\u00e9cada de los 80, esperan que esta medida se extienda al resto del pa\u00eds.<\/p>\n<h2>Estas son las medidas que han tomado<\/h2>\n<p>IG Metall exigi\u00f3 para sus representados un aumento de sueldo del 8% anual, vali\u00e9ndose de la carencia de mano de obra cualificada en el mercado. Han conseguido que se comprometan a aumentarlo en un<strong> 4,3%, m\u00e1s otra serie de pagos<\/strong> en forma de pluses.<\/p>\n<p>En relaci\u00f3n a la jornada laboral, el acuerdo que alcanzaron es que los trabajadores pueden prorratear su sueldo y trabajar menos horas a la semana durante un periodo de dos a\u00f1os. <strong>El objetivo, facilitar la conciliaci\u00f3n.<\/strong> Las horas que sobran de aquellos trabajadores que hayan pedido reducci\u00f3n podr\u00e1n ser cubiertas por otros trabajadores que deseen trabajar m\u00e1s, y por tanto, cobrar m\u00e1s.<\/p>\n<h2>Esto es lo que ha conseguido este sindicato alem\u00e1n<\/h2>\n<ul>\n<li>Jornada laboral opcional de<strong> 28 horas<\/strong> con menos sueldo durante dos a\u00f1os.<\/li>\n<li>Posibilidad de volver a las <strong>40 horas<\/strong> si el trabajador quiere o necesita aumentar la producci\u00f3n.<\/li>\n<li>Aumento salarial de<strong> 4,3%<\/strong> en los pr\u00f3ximos 27 meses.<\/li>\n<li>Si la econom\u00eda empeora existe la posibilidad de <strong>congelar las pagas e<\/strong>xtras.<\/li>\n<li>El trabajador podr\u00e1 sustituir su paga extra por<strong> d\u00edas libres.<\/strong><\/li>\n<\/ul>\n<p>En Oficina Empleo tenemos cientos de procesos de selecci\u00f3n con los que empezar a\u00a0<a href=\"https:\/\/www.oficinaempleo.com\/trabajar-en\/limpieza-y-servicios-urbanos-22\">trabajar en Limpieza y Servicios Urbanos<\/a>\u00a0o en el sector que se adapte a ti. Si lo prefieres, puedes descubrir en nuestro Blog\u00a0<a href=\"https:\/\/www.oficinaempleo.com\/ofertas-empleo-en\/murcia\">c\u00f3mo trabajar en Murcia<\/a>\u00a0y muchas m\u00e1s empresas \u00a1Mira!<\/p>\n<p><strong>Encuentra trabajo en tu provincia:<\/strong><\/p>\n<ul>\n<li><a href=\"https:\/\/www.oficinaempleo.com\/ofertas-empleo-en\/madrid\">Empleo en Madrid<\/a><\/li>\n<li><a href=\"https:\/\/www.oficinaempleo.com\/ofertas-empleo-en\/barcelona\">Empleo en Barcelona<\/a><\/li>\n<li><a href=\"https:\/\/www.oficinaempleo.com\/ofertas-empleo-en\/alicante\">Empleo en Alicante<\/a><\/li>\n<li><a href=\"https:\/\/www.oficinaempleo.com\/ofertas-empleo-en\/santa-cruz-de-tenerife\">Empleo en Santa Cruz de Tenerife<\/a><\/li>\n<li><a href=\"https:\/\/www.oficinaempleo.com\/ofertas-empleo-en\/sevilla\">Empleo en Sevilla<\/a><\/li>\n<\/ul>\n<div class=\"su-button-center\"><a href=\"https:\/\/jobs.oficinaempleo.com\/registro?origen=ORG-web&#038;utm_source=OE&#038;utm_medium=boton_registro&#038;utm_content=homepage&#038;utm_campaign=organic\" class=\"su-button su-button-style-flat\" style=\"color:#FFFFFF;background-color:#ec7d0c;border-color:#bd640a;border-radius:10px\" target=\"__blank\"><span style=\"color:#FFFFFF;padding:8px 26px;font-size:20px;line-height:30px;border-color:#f2a455;border-radius:10px;text-shadow:none\"><i class=\"sui sui-arrow-circle-right\" style=\"font-size:20px;color:#FFFFFF\"><\/i> Reg\u00edstrate gratis en OficinaEmpleo<\/span><\/a><\/div><div class=\"su-spacer\" style=\"height:30px\"><\/div>\n","protected":false},"excerpt":{"rendered":"<p>La crisis lleg\u00f3 a Europa y bajo el brazo trajo la recesi\u00f3n: Los sueldos se estancaron, se multiplicaron los contratos temporales y la precariedad creci\u00f3 a niveles inalcanzables. El desempleo creci\u00f3 ostensiblemente y \u00a0el Estado del Bienestar se vio altamente amenazado. Ahora, diez a\u00f1os despu\u00e9s de que todo arrancara, la situaci\u00f3n va cambiando poco a [&hellip;]<\/p>\n","protected":false},"author":24,"featured_media":24107,"comment_status":"open","ping_status":"open","sticky":false,"template":"","format":"standard","meta":{"footnotes":""},"categories":[3],"tags":[6243,483,193,6242,2102],"class_list":["post-24106","post","type-post","status-publish","format-standard","has-post-thumbnail","hentry","category-noticias-empleo","tag-28-horas","tag-alemania","tag-laboral","tag-semana","tag-sindicatos","cat-3-id","has_thumb"],"yoast_head":"<!-- This site is optimized with the Yoast SEO plugin v27.1.1 - https:\/\/yoast.com\/product\/yoast-seo-wordpress\/ -->\n<title>Alemania establece la semana laboral de 28 horas - Blog OficinaEmpleo<\/title>\n<meta name=\"description\" content=\"La crisis lleg\u00f3 a Europa y bajo el brazo trajo la recesi\u00f3n: Los sueldos se estancaron y la precariedad creci\u00f3 a niveles inalcanzables\" \/>\n<meta name=\"robots\" content=\"index, follow, max-snippet:-1, max-image-preview:large, max-video-preview:-1\" \/>\n<link rel=\"canonical\" href=\"https:\/\/www.oficinaempleo.com\/blog\/alemania-establece-semana-laboral-28-horas\/\" \/>\n<meta property=\"og:locale\" content=\"es_ES\" \/>\n<meta property=\"og:type\" content=\"article\" \/>\n<meta property=\"og:title\" content=\"Alemania establece la semana laboral de 28 horas - Blog OficinaEmpleo\" \/>\n<meta property=\"og:description\" content=\"La crisis lleg\u00f3 a Europa y bajo el brazo trajo la recesi\u00f3n: Los sueldos se estancaron y la precariedad creci\u00f3 a niveles inalcanzables\" \/>\n<meta property=\"og:url\" content=\"https:\/\/www.oficinaempleo.com\/blog\/alemania-establece-semana-laboral-28-horas\/\" \/>\n<meta property=\"og:site_name\" content=\"Noticias y consejos de empleo | Blog OficinaEmpleo\" \/>\n<meta property=\"article:published_time\" content=\"2018-02-13T09:08:26+00:00\" \/>\n<meta property=\"article:modified_time\" content=\"2018-02-15T16:50:38+00:00\" \/>\n<meta property=\"og:image\" content=\"https:\/\/www.oficinaempleo.com\/blog\/wp-content\/uploads\/2018\/02\/Sin-t\u00edtulo-3-1.jpg\" \/>\n\t<meta property=\"og:image:width\" content=\"600\" \/>\n\t<meta property=\"og:image:height\" content=\"310\" \/>\n\t<meta property=\"og:image:type\" content=\"image\/jpeg\" \/>\n<meta name=\"author\" content=\"Jes\u00fas Torrado\" \/>\n<meta name=\"twitter:card\" content=\"summary_large_image\" \/>\n<meta name=\"twitter:creator\" content=\"@OficinaEmpleo\" \/>\n<meta name=\"twitter:site\" content=\"@OficinaEmpleo\" \/>\n<meta name=\"twitter:label1\" content=\"Written by\" \/>\n\t<meta name=\"twitter:data1\" content=\"Jes\u00fas Torrado\" \/>\n\t<meta name=\"twitter:label2\" content=\"Est. reading time\" \/>\n\t<meta name=\"twitter:data2\" content=\"3 minutos\" \/>\n<script type=\"application\/ld+json\" class=\"yoast-schema-graph\">{\"@context\":\"https:\/\/schema.org\",\"@graph\":[{\"@type\":\"Article\",\"@id\":\"https:\/\/www.oficinaempleo.com\/blog\/alemania-establece-semana-laboral-28-horas\/#article\",\"isPartOf\":{\"@id\":\"https:\/\/www.oficinaempleo.com\/blog\/alemania-establece-semana-laboral-28-horas\/\"},\"author\":{\"name\":\"Jes\u00fas Torrado\",\"@id\":\"https:\/\/www.oficinaempleo.com\/blog\/#\/schema\/person\/52e7340f03bcdfe9f0db50f5bc7f99a4\"},\"headline\":\"Alemania establece la semana laboral de 28 horas\",\"datePublished\":\"2018-02-13T09:08:26+00:00\",\"dateModified\":\"2018-02-15T16:50:38+00:00\",\"mainEntityOfPage\":{\"@id\":\"https:\/\/www.oficinaempleo.com\/blog\/alemania-establece-semana-laboral-28-horas\/\"},\"wordCount\":688,\"commentCount\":1,\"publisher\":{\"@id\":\"https:\/\/www.oficinaempleo.com\/blog\/#organization\"},\"image\":{\"@id\":\"https:\/\/www.oficinaempleo.com\/blog\/alemania-establece-semana-laboral-28-horas\/#primaryimage\"},\"thumbnailUrl\":\"https:\/\/www.oficinaempleo.com\/blog\/wp-content\/uploads\/2018\/02\/Sin-t\u00edtulo-3-1.jpg\",\"keywords\":[\"28 horas\",\"Alemania\",\"laboral\",\"semana\",\"sindicatos\"],\"articleSection\":[\"Noticias Empleo\"],\"inLanguage\":\"es\",\"potentialAction\":[{\"@type\":\"CommentAction\",\"name\":\"Comment\",\"target\":[\"https:\/\/www.oficinaempleo.com\/blog\/alemania-establece-semana-laboral-28-horas\/#respond\"]}]},{\"@type\":\"WebPage\",\"@id\":\"https:\/\/www.oficinaempleo.com\/blog\/alemania-establece-semana-laboral-28-horas\/\",\"url\":\"https:\/\/www.oficinaempleo.com\/blog\/alemania-establece-semana-laboral-28-horas\/\",\"name\":\"Alemania establece la semana laboral de 28 horas - Blog OficinaEmpleo\",\"isPartOf\":{\"@id\":\"https:\/\/www.oficinaempleo.com\/blog\/#website\"},\"primaryImageOfPage\":{\"@id\":\"https:\/\/www.oficinaempleo.com\/blog\/alemania-establece-semana-laboral-28-horas\/#primaryimage\"},\"image\":{\"@id\":\"https:\/\/www.oficinaempleo.com\/blog\/alemania-establece-semana-laboral-28-horas\/#primaryimage\"},\"thumbnailUrl\":\"https:\/\/www.oficinaempleo.com\/blog\/wp-content\/uploads\/2018\/02\/Sin-t\u00edtulo-3-1.jpg\",\"datePublished\":\"2018-02-13T09:08:26+00:00\",\"dateModified\":\"2018-02-15T16:50:38+00:00\",\"description\":\"La crisis lleg\u00f3 a Europa y bajo el brazo trajo la recesi\u00f3n: Los sueldos se estancaron y la precariedad creci\u00f3 a niveles inalcanzables\",\"breadcrumb\":{\"@id\":\"https:\/\/www.oficinaempleo.com\/blog\/alemania-establece-semana-laboral-28-horas\/#breadcrumb\"},\"inLanguage\":\"es\",\"potentialAction\":[{\"@type\":\"ReadAction\",\"target\":[\"https:\/\/www.oficinaempleo.com\/blog\/alemania-establece-semana-laboral-28-horas\/\"]}]},{\"@type\":\"ImageObject\",\"inLanguage\":\"es\",\"@id\":\"https:\/\/www.oficinaempleo.com\/blog\/alemania-establece-semana-laboral-28-horas\/#primaryimage\",\"url\":\"https:\/\/www.oficinaempleo.com\/blog\/wp-content\/uploads\/2018\/02\/Sin-t\u00edtulo-3-1.jpg\",\"contentUrl\":\"https:\/\/www.oficinaempleo.com\/blog\/wp-content\/uploads\/2018\/02\/Sin-t\u00edtulo-3-1.jpg\",\"width\":600,\"height\":310,\"caption\":\"Trabajando en la f\u00e1brica (istock)\"},{\"@type\":\"BreadcrumbList\",\"@id\":\"https:\/\/www.oficinaempleo.com\/blog\/alemania-establece-semana-laboral-28-horas\/#breadcrumb\",\"itemListElement\":[{\"@type\":\"ListItem\",\"position\":1,\"name\":\"Home\",\"item\":\"https:\/\/www.oficinaempleo.com\/blog\/\"},{\"@type\":\"ListItem\",\"position\":2,\"name\":\"Alemania establece la semana laboral de 28 horas\"}]},{\"@type\":\"WebSite\",\"@id\":\"https:\/\/www.oficinaempleo.com\/blog\/#website\",\"url\":\"https:\/\/www.oficinaempleo.com\/blog\/\",\"name\":\"Noticias y Consejos de Empleo | Blog OficinaEmpleo\",\"description\":\"\",\"publisher\":{\"@id\":\"https:\/\/www.oficinaempleo.com\/blog\/#organization\"},\"potentialAction\":[{\"@type\":\"SearchAction\",\"target\":{\"@type\":\"EntryPoint\",\"urlTemplate\":\"https:\/\/www.oficinaempleo.com\/blog\/?s={search_term_string}\"},\"query-input\":{\"@type\":\"PropertyValueSpecification\",\"valueRequired\":true,\"valueName\":\"search_term_string\"}}],\"inLanguage\":\"es\"},{\"@type\":\"Organization\",\"@id\":\"https:\/\/www.oficinaempleo.com\/blog\/#organization\",\"name\":\"OficinaEmpleo\",\"url\":\"https:\/\/www.oficinaempleo.com\/blog\/\",\"logo\":{\"@type\":\"ImageObject\",\"inLanguage\":\"es\",\"@id\":\"https:\/\/www.oficinaempleo.com\/blog\/#\/schema\/logo\/image\/\",\"url\":\"https:\/\/www.oficinaempleo.com\/blog\/wp-content\/uploads\/2018\/10\/logo_footer-1.jpg\",\"contentUrl\":\"https:\/\/www.oficinaempleo.com\/blog\/wp-content\/uploads\/2018\/10\/logo_footer-1.jpg\",\"width\":478,\"height\":57,\"caption\":\"OficinaEmpleo\"},\"image\":{\"@id\":\"https:\/\/www.oficinaempleo.com\/blog\/#\/schema\/logo\/image\/\"},\"sameAs\":[\"https:\/\/x.com\/OficinaEmpleo\"]},{\"@type\":\"Person\",\"@id\":\"https:\/\/www.oficinaempleo.com\/blog\/#\/schema\/person\/52e7340f03bcdfe9f0db50f5bc7f99a4\",\"name\":\"Jes\u00fas Torrado\",\"image\":{\"@type\":\"ImageObject\",\"inLanguage\":\"es\",\"@id\":\"https:\/\/www.oficinaempleo.com\/blog\/#\/schema\/person\/image\/\",\"url\":\"https:\/\/secure.gravatar.com\/avatar\/5fc877e251d22a64b7150e20a52c8e1df8eae16fa39d0273b0ca23d2362c2130?s=96&d=mm&r=g\",\"contentUrl\":\"https:\/\/secure.gravatar.com\/avatar\/5fc877e251d22a64b7150e20a52c8e1df8eae16fa39d0273b0ca23d2362c2130?s=96&d=mm&r=g\",\"caption\":\"Jes\u00fas Torrado\"},\"url\":\"https:\/\/www.oficinaempleo.com\/blog\/author\/jesus\/\"}]}<\/script>\n<!-- \/ Yoast SEO plugin. -->","yoast_head_json":{"title":"Alemania establece la semana laboral de 28 horas - Blog OficinaEmpleo","description":"La crisis lleg\u00f3 a Europa y bajo el brazo trajo la recesi\u00f3n: Los sueldos se estancaron y la precariedad creci\u00f3 a niveles inalcanzables","robots":{"index":"index","follow":"follow","max-snippet":"max-snippet:-1","max-image-preview":"max-image-preview:large","max-video-preview":"max-video-preview:-1"},"canonical":"https:\/\/www.oficinaempleo.com\/blog\/alemania-establece-semana-laboral-28-horas\/","og_locale":"es_ES","og_type":"article","og_title":"Alemania establece la semana laboral de 28 horas - Blog OficinaEmpleo","og_description":"La crisis lleg\u00f3 a Europa y bajo el brazo trajo la recesi\u00f3n: Los sueldos se estancaron y la precariedad creci\u00f3 a niveles inalcanzables","og_url":"https:\/\/www.oficinaempleo.com\/blog\/alemania-establece-semana-laboral-28-horas\/","og_site_name":"Noticias y consejos de empleo | Blog OficinaEmpleo","article_published_time":"2018-02-13T09:08:26+00:00","article_modified_time":"2018-02-15T16:50:38+00:00","og_image":[{"width":600,"height":310,"url":"https:\/\/www.oficinaempleo.com\/blog\/wp-content\/uploads\/2018\/02\/Sin-t\u00edtulo-3-1.jpg","type":"image\/jpeg"}],"author":"Jes\u00fas Torrado","twitter_card":"summary_large_image","twitter_creator":"@OficinaEmpleo","twitter_site":"@OficinaEmpleo","twitter_misc":{"Written by":"Jes\u00fas Torrado","Est. reading time":"3 minutos"},"schema":{"@context":"https:\/\/schema.org","@graph":[{"@type":"Article","@id":"https:\/\/www.oficinaempleo.com\/blog\/alemania-establece-semana-laboral-28-horas\/#article","isPartOf":{"@id":"https:\/\/www.oficinaempleo.com\/blog\/alemania-establece-semana-laboral-28-horas\/"},"author":{"name":"Jes\u00fas Torrado","@id":"https:\/\/www.oficinaempleo.com\/blog\/#\/schema\/person\/52e7340f03bcdfe9f0db50f5bc7f99a4"},"headline":"Alemania establece la semana laboral de 28 horas","datePublished":"2018-02-13T09:08:26+00:00","dateModified":"2018-02-15T16:50:38+00:00","mainEntityOfPage":{"@id":"https:\/\/www.oficinaempleo.com\/blog\/alemania-establece-semana-laboral-28-horas\/"},"wordCount":688,"commentCount":1,"publisher":{"@id":"https:\/\/www.oficinaempleo.com\/blog\/#organization"},"image":{"@id":"https:\/\/www.oficinaempleo.com\/blog\/alemania-establece-semana-laboral-28-horas\/#primaryimage"},"thumbnailUrl":"https:\/\/www.oficinaempleo.com\/blog\/wp-content\/uploads\/2018\/02\/Sin-t\u00edtulo-3-1.jpg","keywords":["28 horas","Alemania","laboral","semana","sindicatos"],"articleSection":["Noticias Empleo"],"inLanguage":"es","potentialAction":[{"@type":"CommentAction","name":"Comment","target":["https:\/\/www.oficinaempleo.com\/blog\/alemania-establece-semana-laboral-28-horas\/#respond"]}]},{"@type":"WebPage","@id":"https:\/\/www.oficinaempleo.com\/blog\/alemania-establece-semana-laboral-28-horas\/","url":"https:\/\/www.oficinaempleo.com\/blog\/alemania-establece-semana-laboral-28-horas\/","name":"Alemania establece la semana laboral de 28 horas - Blog OficinaEmpleo","isPartOf":{"@id":"https:\/\/www.oficinaempleo.com\/blog\/#website"},"primaryImageOfPage":{"@id":"https:\/\/www.oficinaempleo.com\/blog\/alemania-establece-semana-laboral-28-horas\/#primaryimage"},"image":{"@id":"https:\/\/www.oficinaempleo.com\/blog\/alemania-establece-semana-laboral-28-horas\/#primaryimage"},"thumbnailUrl":"https:\/\/www.oficinaempleo.com\/blog\/wp-content\/uploads\/2018\/02\/Sin-t\u00edtulo-3-1.jpg","datePublished":"2018-02-13T09:08:26+00:00","dateModified":"2018-02-15T16:50:38+00:00","description":"La crisis lleg\u00f3 a Europa y bajo el brazo trajo la recesi\u00f3n: Los sueldos se estancaron y la precariedad creci\u00f3 a niveles inalcanzables","breadcrumb":{"@id":"https:\/\/www.oficinaempleo.com\/blog\/alemania-establece-semana-laboral-28-horas\/#breadcrumb"},"inLanguage":"es","potentialAction":[{"@type":"ReadAction","target":["https:\/\/www.oficinaempleo.com\/blog\/alemania-establece-semana-laboral-28-horas\/"]}]},{"@type":"ImageObject","inLanguage":"es","@id":"https:\/\/www.oficinaempleo.com\/blog\/alemania-establece-semana-laboral-28-horas\/#primaryimage","url":"https:\/\/www.oficinaempleo.com\/blog\/wp-content\/uploads\/2018\/02\/Sin-t\u00edtulo-3-1.jpg","contentUrl":"https:\/\/www.oficinaempleo.com\/blog\/wp-content\/uploads\/2018\/02\/Sin-t\u00edtulo-3-1.jpg","width":600,"height":310,"caption":"Trabajando en la f\u00e1brica (istock)"},{"@type":"BreadcrumbList","@id":"https:\/\/www.oficinaempleo.com\/blog\/alemania-establece-semana-laboral-28-horas\/#breadcrumb","itemListElement":[{"@type":"ListItem","position":1,"name":"Home","item":"https:\/\/www.oficinaempleo.com\/blog\/"},{"@type":"ListItem","position":2,"name":"Alemania establece la semana laboral de 28 horas"}]},{"@type":"WebSite","@id":"https:\/\/www.oficinaempleo.com\/blog\/#website","url":"https:\/\/www.oficinaempleo.com\/blog\/","name":"Noticias y Consejos de Empleo | Blog OficinaEmpleo","description":"","publisher":{"@id":"https:\/\/www.oficinaempleo.com\/blog\/#organization"},"potentialAction":[{"@type":"SearchAction","target":{"@type":"EntryPoint","urlTemplate":"https:\/\/www.oficinaempleo.com\/blog\/?s={search_term_string}"},"query-input":{"@type":"PropertyValueSpecification","valueRequired":true,"valueName":"search_term_string"}}],"inLanguage":"es"},{"@type":"Organization","@id":"https:\/\/www.oficinaempleo.com\/blog\/#organization","name":"OficinaEmpleo","url":"https:\/\/www.oficinaempleo.com\/blog\/","logo":{"@type":"ImageObject","inLanguage":"es","@id":"https:\/\/www.oficinaempleo.com\/blog\/#\/schema\/logo\/image\/","url":"https:\/\/www.oficinaempleo.com\/blog\/wp-content\/uploads\/2018\/10\/logo_footer-1.jpg","contentUrl":"https:\/\/www.oficinaempleo.com\/blog\/wp-content\/uploads\/2018\/10\/logo_footer-1.jpg","width":478,"height":57,"caption":"OficinaEmpleo"},"image":{"@id":"https:\/\/www.oficinaempleo.com\/blog\/#\/schema\/logo\/image\/"},"sameAs":["https:\/\/x.com\/OficinaEmpleo"]},{"@type":"Person","@id":"https:\/\/www.oficinaempleo.com\/blog\/#\/schema\/person\/52e7340f03bcdfe9f0db50f5bc7f99a4","name":"Jes\u00fas Torrado","image":{"@type":"ImageObject","inLanguage":"es","@id":"https:\/\/www.oficinaempleo.com\/blog\/#\/schema\/person\/image\/","url":"https:\/\/secure.gravatar.com\/avatar\/5fc877e251d22a64b7150e20a52c8e1df8eae16fa39d0273b0ca23d2362c2130?s=96&d=mm&r=g","contentUrl":"https:\/\/secure.gravatar.com\/avatar\/5fc877e251d22a64b7150e20a52c8e1df8eae16fa39d0273b0ca23d2362c2130?s=96&d=mm&r=g","caption":"Jes\u00fas Torrado"},"url":"https:\/\/www.oficinaempleo.com\/blog\/author\/jesus\/"}]}},"_links":{"self":[{"href":"https:\/\/www.oficinaempleo.com\/blog\/wp-json\/wp\/v2\/posts\/24106","targetHints":{"allow":["GET"]}}],"collection":[{"href":"https:\/\/www.oficinaempleo.com\/blog\/wp-json\/wp\/v2\/posts"}],"about":[{"href":"https:\/\/www.oficinaempleo.com\/blog\/wp-json\/wp\/v2\/types\/post"}],"author":[{"embeddable":true,"href":"https:\/\/www.oficinaempleo.com\/blog\/wp-json\/wp\/v2\/users\/24"}],"replies":[{"embeddable":true,"href":"https:\/\/www.oficinaempleo.com\/blog\/wp-json\/wp\/v2\/comments?post=24106"}],"version-history":[{"count":6,"href":"https:\/\/www.oficinaempleo.com\/blog\/wp-json\/wp\/v2\/posts\/24106\/revisions"}],"predecessor-version":[{"id":24154,"href":"https:\/\/www.oficinaempleo.com\/blog\/wp-json\/wp\/v2\/posts\/24106\/revisions\/24154"}],"wp:featuredmedia":[{"embeddable":true,"href":"https:\/\/www.oficinaempleo.com\/blog\/wp-json\/wp\/v2\/media\/24107"}],"wp:attachment":[{"href":"https:\/\/www.oficinaempleo.com\/blog\/wp-json\/wp\/v2\/media?parent=24106"}],"wp:term":[{"taxonomy":"category","embeddable":true,"href":"https:\/\/www.oficinaempleo.com\/blog\/wp-json\/wp\/v2\/categories?post=24106"},{"taxonomy":"post_tag","embeddable":true,"href":"https:\/\/www.oficinaempleo.com\/blog\/wp-json\/wp\/v2\/tags?post=24106"}],"curies":[{"name":"wp","href":"https:\/\/api.w.org\/{rel}","templated":true}]}}