{"id":24160,"date":"2018-02-16T10:02:24","date_gmt":"2018-02-16T09:02:24","guid":{"rendered":"http:\/\/www.oficinaempleo.com\/blog\/?p=24160"},"modified":"2018-02-16T10:13:10","modified_gmt":"2018-02-16T09:13:10","slug":"necesitan-hombre-aguantar-trabajo","status":"publish","type":"post","link":"https:\/\/www.oficinaempleo.com\/blog\/necesitan-hombre-aguantar-trabajo\/","title":{"rendered":"\u00abNecesitan a un hombre para aguantar el trabajo\u00bb"},"content":{"rendered":"<div class=\"su-button-center\"><a href=\"https:\/\/jobs.oficinaempleo.com\/registro?origen=ORG-web&#038;utm_source=OE&#038;utm_medium=boton_registro&#038;utm_content=homepage&#038;utm_campaign=organic\" class=\"su-button su-button-style-flat\" style=\"color:#FFFFFF;background-color:#ec7d0c;border-color:#bd640a;border-radius:10px\" target=\"__blank\"><span style=\"color:#FFFFFF;padding:8px 26px;font-size:20px;line-height:30px;border-color:#f2a455;border-radius:10px;text-shadow:none\"><i class=\"sui sui-arrow-circle-right\" style=\"font-size:20px;color:#FFFFFF\"><\/i> Reg\u00edstrate gratis en OficinaEmpleo<\/span><\/a><\/div><div class=\"su-spacer\" style=\"height:30px\"><\/div>\n<p>Otra vez ha vuelto a pasar. Discriminaci\u00f3n laboral hacia la mujer a la hora de postular para un puesto de trabajo. Una discriminaci\u00f3n denunciada por la propia chica en las redes sociales, que se ha hecho viral en menos de 24 horas \u00a0y que ha obligado a las marcas con las que se relacionaba dicha oferta a pedir perd\u00f3n.<\/p>\n<p><a href=\"http:\/\/www.oficinaempleo.com\/blog\/wp-content\/uploads\/2018\/02\/Sin-t\u00edtulo-3-2.jpg\"><img loading=\"lazy\" decoding=\"async\" class=\"alignnone wp-image-24161 size-full\" src=\"http:\/\/www.oficinaempleo.com\/blog\/wp-content\/uploads\/2018\/02\/Sin-t\u00edtulo-3-2.jpg\" alt=\"\" width=\"600\" height=\"310\" srcset=\"https:\/\/www.oficinaempleo.com\/blog\/wp-content\/uploads\/2018\/02\/Sin-t\u00edtulo-3-2.jpg 600w, https:\/\/www.oficinaempleo.com\/blog\/wp-content\/uploads\/2018\/02\/Sin-t\u00edtulo-3-2-300x155.jpg 300w, https:\/\/www.oficinaempleo.com\/blog\/wp-content\/uploads\/2018\/02\/Sin-t\u00edtulo-3-2-290x150.jpg 290w\" sizes=\"auto, (max-width: 600px) 100vw, 600px\" \/><\/a><\/p>\n<p>La respuesta que recibi\u00f3 Carla Forcada, de 25 a\u00f1os por parte de la Agencia de relaciones p\u00fablicas Impulsa Comunicaci\u00f3n fue: \u201cGracias por tu CV\u2026 justo en estos momentos estamos en proceso de selcci\u00f3n pero buscamos un chicao por las cuentas en las que trabajar\u00e1 son Carglass y Coca-Cola\u2026y cr\u00e9eme, necesitan un hombre para aguantar el ritmo, las visitas, saber de producci\u00f3n\u201d.<\/p>\n<blockquote class=\"twitter-tweet\" data-lang=\"es\">\n<p dir=\"ltr\" lang=\"es\">Incre\u00edble que todav\u00eda existan empresas que no apoyan la igualdad de g\u00e9nero en el \u00e1mbito laboral. <a href=\"https:\/\/twitter.com\/hashtag\/VERG%C3%9CENZA?src=hash&amp;ref_src=twsrc%5Etfw\">#VERG\u00dcENZA<\/a> <a href=\"https:\/\/twitter.com\/hashtag\/IGUALDADGENERO?src=hash&amp;ref_src=twsrc%5Etfw\">#IGUALDADGENERO<\/a><a href=\"https:\/\/twitter.com\/ONUMujeres?ref_src=twsrc%5Etfw\">@ONUMujeres<\/a> <a href=\"https:\/\/twitter.com\/mujerderechoTIC?ref_src=twsrc%5Etfw\">@mujerderechoTIC<\/a> <a href=\"https:\/\/twitter.com\/MujeresIgualdad?ref_src=twsrc%5Etfw\">@MujeresIgualdad<\/a> <a href=\"https:\/\/twitter.com\/CCOO?ref_src=twsrc%5Etfw\">@CCOO<\/a> La empresa es: <a href=\"https:\/\/t.co\/XDe3seZZLS\">https:\/\/t.co\/XDe3seZZLS<\/a> <a href=\"https:\/\/t.co\/KS2qxaAFij\">pic.twitter.com\/KS2qxaAFij<\/a><\/p>\n<p>\u2014 Carla Forcada Elvira (@forcada_carla) <a href=\"https:\/\/twitter.com\/forcada_carla\/status\/963708108467068928?ref_src=twsrc%5Etfw\">14 de febrero de 2018<\/a><\/p><\/blockquote>\n<p><script async src=\"https:\/\/platform.twitter.com\/widgets.js\" charset=\"utf-8\"><\/script><\/p>\n<p>Forcada lo public\u00f3 en las redes y las cr\u00edticas a esta empresa por su respuesta \u201csexista\u201d se multiplicaron ostensiblemente. Cr\u00edticas que, evidentemente, tuvieron que ser contestadas por las marcas en cuesti\u00f3n Coca-cola y Carglass.<\/p>\n<blockquote class=\"twitter-tweet\" data-lang=\"es\">\n<p dir=\"ltr\" lang=\"es\">Hola <a href=\"https:\/\/twitter.com\/forcada_carla?ref_src=twsrc%5Etfw\">@forcada_carla<\/a> te pedimos disculpas personalmente a ti y a todas las personas que ofendidas por este mensaje, nosotr@s tambi\u00e9n lo estamos.Ya hemos expresado nuestra posici\u00f3n a Impulsa Comunicaci\u00f3n. Nuestra empresa promueve la igualdad de g\u00e9nero y actos as\u00ed no nos representan<\/p>\n<p>\u2014 Carglass\u00ae Espa\u00f1a (@CarglassEs) <a href=\"https:\/\/twitter.com\/CarglassEs\/status\/963789370905059328?ref_src=twsrc%5Etfw\">14 de febrero de 2018<\/a><\/p><\/blockquote>\n<p><script async src=\"https:\/\/platform.twitter.com\/widgets.js\" charset=\"utf-8\"><\/script><\/p>\n<p>Tras cerrar su web, Impulsa emit\u00f3 un comunicado firmado por su propio director que argumenta que el mensaje \u201cfue del todo desapropiado, fruto de las prisas y la necesidad de no dejar a sin respuesta a todas aquellas personas que aplicaron a la oferta\u201d.<\/p>\n<blockquote class=\"twitter-tweet\" data-lang=\"es\">\n<p dir=\"ltr\" lang=\"es\">Esto es lo que aparece ahora al intentar entrar en su web. Que casualidad jaja <a href=\"https:\/\/t.co\/Ty7S2oAvhH\">pic.twitter.com\/Ty7S2oAvhH<\/a><\/p>\n<p>\u2014 Yol (@Yuliyosi) <a href=\"https:\/\/twitter.com\/Yuliyosi\/status\/964107080025214976?ref_src=twsrc%5Etfw\">15 de febrero de 2018<\/a><\/p><\/blockquote>\n<p><script async src=\"https:\/\/platform.twitter.com\/widgets.js\" charset=\"utf-8\"><\/script><\/p>\n<p>En Oficina Empleo tenemos cientos de procesos de selecci\u00f3n con los que empezar a\u00a0<a href=\"https:\/\/www.oficinaempleo.com\/trabajar-en\/limpieza-y-servicios-urbanos-22\">trabajar en Limpieza y Servicios Urbanos<\/a>\u00a0o en el sector que se adapte a ti. Si lo prefieres, puedes descubrir en nuestro Blog\u00a0<a href=\"https:\/\/www.oficinaempleo.com\/ofertas-empleo-en\/murcia\">c\u00f3mo trabajar en Murcia<\/a>\u00a0y muchas m\u00e1s empresas \u00a1Mira!<\/p>\n<p><strong>Encuentra trabajo en tu provincia:<\/strong><\/p>\n<ul>\n<li><a href=\"https:\/\/www.oficinaempleo.com\/ofertas-empleo-en\/madrid\">Empleo en Madrid<\/a><\/li>\n<li><a href=\"https:\/\/www.oficinaempleo.com\/ofertas-empleo-en\/barcelona\">Empleo en Barcelona<\/a><\/li>\n<li><a href=\"https:\/\/www.oficinaempleo.com\/ofertas-empleo-en\/alicante\">Empleo en Alicante<\/a><\/li>\n<li><a href=\"https:\/\/www.oficinaempleo.com\/ofertas-empleo-en\/santa-cruz-de-tenerife\">Empleo en Santa Cruz de Tenerife<\/a><\/li>\n<li><a href=\"https:\/\/www.oficinaempleo.com\/ofertas-empleo-en\/sevilla\">Empleo en Sevilla<\/a><\/li>\n<\/ul>\n<div class=\"su-button-center\"><a href=\"https:\/\/jobs.oficinaempleo.com\/registro?origen=ORG-web&#038;utm_source=OE&#038;utm_medium=boton_registro&#038;utm_content=homepage&#038;utm_campaign=organic\" class=\"su-button su-button-style-flat\" style=\"color:#FFFFFF;background-color:#ec7d0c;border-color:#bd640a;border-radius:10px\" target=\"__blank\"><span style=\"color:#FFFFFF;padding:8px 26px;font-size:20px;line-height:30px;border-color:#f2a455;border-radius:10px;text-shadow:none\"><i class=\"sui sui-arrow-circle-right\" style=\"font-size:20px;color:#FFFFFF\"><\/i> Reg\u00edstrate gratis en OficinaEmpleo<\/span><\/a><\/div><div class=\"su-spacer\" style=\"height:30px\"><\/div>\n","protected":false},"excerpt":{"rendered":"<p>Otra vez ha vuelto a pasar. Discriminaci\u00f3n laboral hacia la mujer a la hora de postular para un puesto de trabajo. Una discriminaci\u00f3n denunciada por la propia chica en las redes sociales, que se ha hecho viral en menos de 24 horas \u00a0y que ha obligado a las marcas con las que se relacionaba dicha [&hellip;]<\/p>\n","protected":false},"author":24,"featured_media":24161,"comment_status":"open","ping_status":"open","sticky":false,"template":"","format":"standard","meta":{"footnotes":""},"categories":[1],"tags":[],"class_list":["post-24160","post","type-post","status-publish","format-standard","has-post-thumbnail","hentry","category-sin-categoria","cat-1-id","has_thumb"],"yoast_head":"<!-- This site is optimized with the Yoast SEO plugin v27.1.1 - https:\/\/yoast.com\/product\/yoast-seo-wordpress\/ -->\n<title>&quot;Necesitan a un hombre para aguantar el trabajo&quot; - Blog OficinaEmpleo<\/title>\n<meta name=\"description\" content=\"Otra vez ha vuelto a pasar en nuestro pa\u00eds. Discriminaci\u00f3n laboral hacia la mujer a la hora de postular para un puesto de trabajo.\" \/>\n<meta name=\"robots\" content=\"index, follow, max-snippet:-1, max-image-preview:large, max-video-preview:-1\" \/>\n<link rel=\"canonical\" href=\"https:\/\/www.oficinaempleo.com\/blog\/necesitan-hombre-aguantar-trabajo\/\" \/>\n<meta property=\"og:locale\" content=\"es_ES\" \/>\n<meta property=\"og:type\" content=\"article\" \/>\n<meta property=\"og:title\" content=\"&quot;Necesitan a un hombre para aguantar el trabajo&quot; - Blog OficinaEmpleo\" \/>\n<meta property=\"og:description\" content=\"Otra vez ha vuelto a pasar en nuestro pa\u00eds. Discriminaci\u00f3n laboral hacia la mujer a la hora de postular para un puesto de trabajo.\" \/>\n<meta property=\"og:url\" content=\"https:\/\/www.oficinaempleo.com\/blog\/necesitan-hombre-aguantar-trabajo\/\" \/>\n<meta property=\"og:site_name\" content=\"Noticias y consejos de empleo | Blog OficinaEmpleo\" \/>\n<meta property=\"article:published_time\" content=\"2018-02-16T09:02:24+00:00\" \/>\n<meta property=\"article:modified_time\" content=\"2018-02-16T09:13:10+00:00\" \/>\n<meta property=\"og:image\" content=\"https:\/\/www.oficinaempleo.com\/blog\/wp-content\/uploads\/2018\/02\/Sin-t\u00edtulo-3-2.jpg\" \/>\n\t<meta property=\"og:image:width\" content=\"600\" \/>\n\t<meta property=\"og:image:height\" content=\"310\" \/>\n\t<meta property=\"og:image:type\" content=\"image\/jpeg\" \/>\n<meta name=\"author\" content=\"Jes\u00fas Torrado\" \/>\n<meta name=\"twitter:card\" content=\"summary_large_image\" \/>\n<meta name=\"twitter:creator\" content=\"@OficinaEmpleo\" \/>\n<meta name=\"twitter:site\" content=\"@OficinaEmpleo\" \/>\n<meta name=\"twitter:label1\" content=\"Written by\" \/>\n\t<meta name=\"twitter:data1\" content=\"Jes\u00fas Torrado\" \/>\n\t<meta name=\"twitter:label2\" content=\"Est. reading time\" \/>\n\t<meta name=\"twitter:data2\" content=\"3 minutos\" \/>\n<script type=\"application\/ld+json\" class=\"yoast-schema-graph\">{\"@context\":\"https:\/\/schema.org\",\"@graph\":[{\"@type\":\"Article\",\"@id\":\"https:\/\/www.oficinaempleo.com\/blog\/necesitan-hombre-aguantar-trabajo\/#article\",\"isPartOf\":{\"@id\":\"https:\/\/www.oficinaempleo.com\/blog\/necesitan-hombre-aguantar-trabajo\/\"},\"author\":{\"name\":\"Jes\u00fas Torrado\",\"@id\":\"https:\/\/www.oficinaempleo.com\/blog\/#\/schema\/person\/52e7340f03bcdfe9f0db50f5bc7f99a4\"},\"headline\":\"\u00abNecesitan a un hombre para aguantar el trabajo\u00bb\",\"datePublished\":\"2018-02-16T09:02:24+00:00\",\"dateModified\":\"2018-02-16T09:13:10+00:00\",\"mainEntityOfPage\":{\"@id\":\"https:\/\/www.oficinaempleo.com\/blog\/necesitan-hombre-aguantar-trabajo\/\"},\"wordCount\":528,\"commentCount\":0,\"publisher\":{\"@id\":\"https:\/\/www.oficinaempleo.com\/blog\/#organization\"},\"image\":{\"@id\":\"https:\/\/www.oficinaempleo.com\/blog\/necesitan-hombre-aguantar-trabajo\/#primaryimage\"},\"thumbnailUrl\":\"https:\/\/www.oficinaempleo.com\/blog\/wp-content\/uploads\/2018\/02\/Sin-t\u00edtulo-3-2.jpg\",\"inLanguage\":\"es\",\"potentialAction\":[{\"@type\":\"CommentAction\",\"name\":\"Comment\",\"target\":[\"https:\/\/www.oficinaempleo.com\/blog\/necesitan-hombre-aguantar-trabajo\/#respond\"]}]},{\"@type\":\"WebPage\",\"@id\":\"https:\/\/www.oficinaempleo.com\/blog\/necesitan-hombre-aguantar-trabajo\/\",\"url\":\"https:\/\/www.oficinaempleo.com\/blog\/necesitan-hombre-aguantar-trabajo\/\",\"name\":\"\\\"Necesitan a un hombre para aguantar el trabajo\\\" - Blog OficinaEmpleo\",\"isPartOf\":{\"@id\":\"https:\/\/www.oficinaempleo.com\/blog\/#website\"},\"primaryImageOfPage\":{\"@id\":\"https:\/\/www.oficinaempleo.com\/blog\/necesitan-hombre-aguantar-trabajo\/#primaryimage\"},\"image\":{\"@id\":\"https:\/\/www.oficinaempleo.com\/blog\/necesitan-hombre-aguantar-trabajo\/#primaryimage\"},\"thumbnailUrl\":\"https:\/\/www.oficinaempleo.com\/blog\/wp-content\/uploads\/2018\/02\/Sin-t\u00edtulo-3-2.jpg\",\"datePublished\":\"2018-02-16T09:02:24+00:00\",\"dateModified\":\"2018-02-16T09:13:10+00:00\",\"description\":\"Otra vez ha vuelto a pasar en nuestro pa\u00eds. Discriminaci\u00f3n laboral hacia la mujer a la hora de postular para un puesto de trabajo.\",\"breadcrumb\":{\"@id\":\"https:\/\/www.oficinaempleo.com\/blog\/necesitan-hombre-aguantar-trabajo\/#breadcrumb\"},\"inLanguage\":\"es\",\"potentialAction\":[{\"@type\":\"ReadAction\",\"target\":[\"https:\/\/www.oficinaempleo.com\/blog\/necesitan-hombre-aguantar-trabajo\/\"]}]},{\"@type\":\"ImageObject\",\"inLanguage\":\"es\",\"@id\":\"https:\/\/www.oficinaempleo.com\/blog\/necesitan-hombre-aguantar-trabajo\/#primaryimage\",\"url\":\"https:\/\/www.oficinaempleo.com\/blog\/wp-content\/uploads\/2018\/02\/Sin-t\u00edtulo-3-2.jpg\",\"contentUrl\":\"https:\/\/www.oficinaempleo.com\/blog\/wp-content\/uploads\/2018\/02\/Sin-t\u00edtulo-3-2.jpg\",\"width\":600,\"height\":310},{\"@type\":\"BreadcrumbList\",\"@id\":\"https:\/\/www.oficinaempleo.com\/blog\/necesitan-hombre-aguantar-trabajo\/#breadcrumb\",\"itemListElement\":[{\"@type\":\"ListItem\",\"position\":1,\"name\":\"Home\",\"item\":\"https:\/\/www.oficinaempleo.com\/blog\/\"},{\"@type\":\"ListItem\",\"position\":2,\"name\":\"&#8220;Necesitan a un hombre para aguantar el trabajo&#8221;\"}]},{\"@type\":\"WebSite\",\"@id\":\"https:\/\/www.oficinaempleo.com\/blog\/#website\",\"url\":\"https:\/\/www.oficinaempleo.com\/blog\/\",\"name\":\"Noticias y Consejos de Empleo | Blog OficinaEmpleo\",\"description\":\"\",\"publisher\":{\"@id\":\"https:\/\/www.oficinaempleo.com\/blog\/#organization\"},\"potentialAction\":[{\"@type\":\"SearchAction\",\"target\":{\"@type\":\"EntryPoint\",\"urlTemplate\":\"https:\/\/www.oficinaempleo.com\/blog\/?s={search_term_string}\"},\"query-input\":{\"@type\":\"PropertyValueSpecification\",\"valueRequired\":true,\"valueName\":\"search_term_string\"}}],\"inLanguage\":\"es\"},{\"@type\":\"Organization\",\"@id\":\"https:\/\/www.oficinaempleo.com\/blog\/#organization\",\"name\":\"OficinaEmpleo\",\"url\":\"https:\/\/www.oficinaempleo.com\/blog\/\",\"logo\":{\"@type\":\"ImageObject\",\"inLanguage\":\"es\",\"@id\":\"https:\/\/www.oficinaempleo.com\/blog\/#\/schema\/logo\/image\/\",\"url\":\"https:\/\/www.oficinaempleo.com\/blog\/wp-content\/uploads\/2018\/10\/logo_footer-1.jpg\",\"contentUrl\":\"https:\/\/www.oficinaempleo.com\/blog\/wp-content\/uploads\/2018\/10\/logo_footer-1.jpg\",\"width\":478,\"height\":57,\"caption\":\"OficinaEmpleo\"},\"image\":{\"@id\":\"https:\/\/www.oficinaempleo.com\/blog\/#\/schema\/logo\/image\/\"},\"sameAs\":[\"https:\/\/x.com\/OficinaEmpleo\"]},{\"@type\":\"Person\",\"@id\":\"https:\/\/www.oficinaempleo.com\/blog\/#\/schema\/person\/52e7340f03bcdfe9f0db50f5bc7f99a4\",\"name\":\"Jes\u00fas Torrado\",\"image\":{\"@type\":\"ImageObject\",\"inLanguage\":\"es\",\"@id\":\"https:\/\/www.oficinaempleo.com\/blog\/#\/schema\/person\/image\/\",\"url\":\"https:\/\/secure.gravatar.com\/avatar\/5fc877e251d22a64b7150e20a52c8e1df8eae16fa39d0273b0ca23d2362c2130?s=96&d=mm&r=g\",\"contentUrl\":\"https:\/\/secure.gravatar.com\/avatar\/5fc877e251d22a64b7150e20a52c8e1df8eae16fa39d0273b0ca23d2362c2130?s=96&d=mm&r=g\",\"caption\":\"Jes\u00fas Torrado\"},\"url\":\"https:\/\/www.oficinaempleo.com\/blog\/author\/jesus\/\"}]}<\/script>\n<!-- \/ Yoast SEO plugin. -->","yoast_head_json":{"title":"\"Necesitan a un hombre para aguantar el trabajo\" - Blog OficinaEmpleo","description":"Otra vez ha vuelto a pasar en nuestro pa\u00eds. Discriminaci\u00f3n laboral hacia la mujer a la hora de postular para un puesto de trabajo.","robots":{"index":"index","follow":"follow","max-snippet":"max-snippet:-1","max-image-preview":"max-image-preview:large","max-video-preview":"max-video-preview:-1"},"canonical":"https:\/\/www.oficinaempleo.com\/blog\/necesitan-hombre-aguantar-trabajo\/","og_locale":"es_ES","og_type":"article","og_title":"\"Necesitan a un hombre para aguantar el trabajo\" - Blog OficinaEmpleo","og_description":"Otra vez ha vuelto a pasar en nuestro pa\u00eds. Discriminaci\u00f3n laboral hacia la mujer a la hora de postular para un puesto de trabajo.","og_url":"https:\/\/www.oficinaempleo.com\/blog\/necesitan-hombre-aguantar-trabajo\/","og_site_name":"Noticias y consejos de empleo | Blog OficinaEmpleo","article_published_time":"2018-02-16T09:02:24+00:00","article_modified_time":"2018-02-16T09:13:10+00:00","og_image":[{"width":600,"height":310,"url":"https:\/\/www.oficinaempleo.com\/blog\/wp-content\/uploads\/2018\/02\/Sin-t\u00edtulo-3-2.jpg","type":"image\/jpeg"}],"author":"Jes\u00fas Torrado","twitter_card":"summary_large_image","twitter_creator":"@OficinaEmpleo","twitter_site":"@OficinaEmpleo","twitter_misc":{"Written by":"Jes\u00fas Torrado","Est. reading time":"3 minutos"},"schema":{"@context":"https:\/\/schema.org","@graph":[{"@type":"Article","@id":"https:\/\/www.oficinaempleo.com\/blog\/necesitan-hombre-aguantar-trabajo\/#article","isPartOf":{"@id":"https:\/\/www.oficinaempleo.com\/blog\/necesitan-hombre-aguantar-trabajo\/"},"author":{"name":"Jes\u00fas Torrado","@id":"https:\/\/www.oficinaempleo.com\/blog\/#\/schema\/person\/52e7340f03bcdfe9f0db50f5bc7f99a4"},"headline":"\u00abNecesitan a un hombre para aguantar el trabajo\u00bb","datePublished":"2018-02-16T09:02:24+00:00","dateModified":"2018-02-16T09:13:10+00:00","mainEntityOfPage":{"@id":"https:\/\/www.oficinaempleo.com\/blog\/necesitan-hombre-aguantar-trabajo\/"},"wordCount":528,"commentCount":0,"publisher":{"@id":"https:\/\/www.oficinaempleo.com\/blog\/#organization"},"image":{"@id":"https:\/\/www.oficinaempleo.com\/blog\/necesitan-hombre-aguantar-trabajo\/#primaryimage"},"thumbnailUrl":"https:\/\/www.oficinaempleo.com\/blog\/wp-content\/uploads\/2018\/02\/Sin-t\u00edtulo-3-2.jpg","inLanguage":"es","potentialAction":[{"@type":"CommentAction","name":"Comment","target":["https:\/\/www.oficinaempleo.com\/blog\/necesitan-hombre-aguantar-trabajo\/#respond"]}]},{"@type":"WebPage","@id":"https:\/\/www.oficinaempleo.com\/blog\/necesitan-hombre-aguantar-trabajo\/","url":"https:\/\/www.oficinaempleo.com\/blog\/necesitan-hombre-aguantar-trabajo\/","name":"\"Necesitan a un hombre para aguantar el trabajo\" - Blog OficinaEmpleo","isPartOf":{"@id":"https:\/\/www.oficinaempleo.com\/blog\/#website"},"primaryImageOfPage":{"@id":"https:\/\/www.oficinaempleo.com\/blog\/necesitan-hombre-aguantar-trabajo\/#primaryimage"},"image":{"@id":"https:\/\/www.oficinaempleo.com\/blog\/necesitan-hombre-aguantar-trabajo\/#primaryimage"},"thumbnailUrl":"https:\/\/www.oficinaempleo.com\/blog\/wp-content\/uploads\/2018\/02\/Sin-t\u00edtulo-3-2.jpg","datePublished":"2018-02-16T09:02:24+00:00","dateModified":"2018-02-16T09:13:10+00:00","description":"Otra vez ha vuelto a pasar en nuestro pa\u00eds. Discriminaci\u00f3n laboral hacia la mujer a la hora de postular para un puesto de trabajo.","breadcrumb":{"@id":"https:\/\/www.oficinaempleo.com\/blog\/necesitan-hombre-aguantar-trabajo\/#breadcrumb"},"inLanguage":"es","potentialAction":[{"@type":"ReadAction","target":["https:\/\/www.oficinaempleo.com\/blog\/necesitan-hombre-aguantar-trabajo\/"]}]},{"@type":"ImageObject","inLanguage":"es","@id":"https:\/\/www.oficinaempleo.com\/blog\/necesitan-hombre-aguantar-trabajo\/#primaryimage","url":"https:\/\/www.oficinaempleo.com\/blog\/wp-content\/uploads\/2018\/02\/Sin-t\u00edtulo-3-2.jpg","contentUrl":"https:\/\/www.oficinaempleo.com\/blog\/wp-content\/uploads\/2018\/02\/Sin-t\u00edtulo-3-2.jpg","width":600,"height":310},{"@type":"BreadcrumbList","@id":"https:\/\/www.oficinaempleo.com\/blog\/necesitan-hombre-aguantar-trabajo\/#breadcrumb","itemListElement":[{"@type":"ListItem","position":1,"name":"Home","item":"https:\/\/www.oficinaempleo.com\/blog\/"},{"@type":"ListItem","position":2,"name":"&#8220;Necesitan a un hombre para aguantar el trabajo&#8221;"}]},{"@type":"WebSite","@id":"https:\/\/www.oficinaempleo.com\/blog\/#website","url":"https:\/\/www.oficinaempleo.com\/blog\/","name":"Noticias y Consejos de Empleo | Blog OficinaEmpleo","description":"","publisher":{"@id":"https:\/\/www.oficinaempleo.com\/blog\/#organization"},"potentialAction":[{"@type":"SearchAction","target":{"@type":"EntryPoint","urlTemplate":"https:\/\/www.oficinaempleo.com\/blog\/?s={search_term_string}"},"query-input":{"@type":"PropertyValueSpecification","valueRequired":true,"valueName":"search_term_string"}}],"inLanguage":"es"},{"@type":"Organization","@id":"https:\/\/www.oficinaempleo.com\/blog\/#organization","name":"OficinaEmpleo","url":"https:\/\/www.oficinaempleo.com\/blog\/","logo":{"@type":"ImageObject","inLanguage":"es","@id":"https:\/\/www.oficinaempleo.com\/blog\/#\/schema\/logo\/image\/","url":"https:\/\/www.oficinaempleo.com\/blog\/wp-content\/uploads\/2018\/10\/logo_footer-1.jpg","contentUrl":"https:\/\/www.oficinaempleo.com\/blog\/wp-content\/uploads\/2018\/10\/logo_footer-1.jpg","width":478,"height":57,"caption":"OficinaEmpleo"},"image":{"@id":"https:\/\/www.oficinaempleo.com\/blog\/#\/schema\/logo\/image\/"},"sameAs":["https:\/\/x.com\/OficinaEmpleo"]},{"@type":"Person","@id":"https:\/\/www.oficinaempleo.com\/blog\/#\/schema\/person\/52e7340f03bcdfe9f0db50f5bc7f99a4","name":"Jes\u00fas Torrado","image":{"@type":"ImageObject","inLanguage":"es","@id":"https:\/\/www.oficinaempleo.com\/blog\/#\/schema\/person\/image\/","url":"https:\/\/secure.gravatar.com\/avatar\/5fc877e251d22a64b7150e20a52c8e1df8eae16fa39d0273b0ca23d2362c2130?s=96&d=mm&r=g","contentUrl":"https:\/\/secure.gravatar.com\/avatar\/5fc877e251d22a64b7150e20a52c8e1df8eae16fa39d0273b0ca23d2362c2130?s=96&d=mm&r=g","caption":"Jes\u00fas Torrado"},"url":"https:\/\/www.oficinaempleo.com\/blog\/author\/jesus\/"}]}},"_links":{"self":[{"href":"https:\/\/www.oficinaempleo.com\/blog\/wp-json\/wp\/v2\/posts\/24160","targetHints":{"allow":["GET"]}}],"collection":[{"href":"https:\/\/www.oficinaempleo.com\/blog\/wp-json\/wp\/v2\/posts"}],"about":[{"href":"https:\/\/www.oficinaempleo.com\/blog\/wp-json\/wp\/v2\/types\/post"}],"author":[{"embeddable":true,"href":"https:\/\/www.oficinaempleo.com\/blog\/wp-json\/wp\/v2\/users\/24"}],"replies":[{"embeddable":true,"href":"https:\/\/www.oficinaempleo.com\/blog\/wp-json\/wp\/v2\/comments?post=24160"}],"version-history":[{"count":1,"href":"https:\/\/www.oficinaempleo.com\/blog\/wp-json\/wp\/v2\/posts\/24160\/revisions"}],"predecessor-version":[{"id":24162,"href":"https:\/\/www.oficinaempleo.com\/blog\/wp-json\/wp\/v2\/posts\/24160\/revisions\/24162"}],"wp:featuredmedia":[{"embeddable":true,"href":"https:\/\/www.oficinaempleo.com\/blog\/wp-json\/wp\/v2\/media\/24161"}],"wp:attachment":[{"href":"https:\/\/www.oficinaempleo.com\/blog\/wp-json\/wp\/v2\/media?parent=24160"}],"wp:term":[{"taxonomy":"category","embeddable":true,"href":"https:\/\/www.oficinaempleo.com\/blog\/wp-json\/wp\/v2\/categories?post=24160"},{"taxonomy":"post_tag","embeddable":true,"href":"https:\/\/www.oficinaempleo.com\/blog\/wp-json\/wp\/v2\/tags?post=24160"}],"curies":[{"name":"wp","href":"https:\/\/api.w.org\/{rel}","templated":true}]}}