{"id":24677,"date":"2018-04-19T09:44:16","date_gmt":"2018-04-19T08:44:16","guid":{"rendered":"http:\/\/www.oficinaempleo.com\/blog\/?p=24677"},"modified":"2018-04-19T10:30:17","modified_gmt":"2018-04-19T09:30:17","slug":"necesitan-800-figurantes-para-nueva-pelicula","status":"publish","type":"post","link":"https:\/\/www.oficinaempleo.com\/blog\/necesitan-800-figurantes-para-nueva-pelicula\/","title":{"rendered":"Necesitan 800 figurantes para una nueva pel\u00edcula"},"content":{"rendered":"<div class=\"su-button-center\"><a href=\"https:\/\/jobs.oficinaempleo.com\/registro?origen=ORG-web&#038;utm_source=OE&#038;utm_medium=boton_registro&#038;utm_content=homepage&#038;utm_campaign=organic\" class=\"su-button su-button-style-flat\" style=\"color:#FFFFFF;background-color:#ec7d0c;border-color:#bd640a;border-radius:10px\" target=\"__blank\"><span style=\"color:#FFFFFF;padding:8px 26px;font-size:20px;line-height:30px;border-color:#f2a455;border-radius:10px;text-shadow:none\"><i class=\"sui sui-arrow-circle-right\" style=\"font-size:20px;color:#FFFFFF\"><\/i> Reg\u00edstrate gratis en OficinaEmpleo<\/span><\/a><\/div><div class=\"su-spacer\" style=\"height:30px\"><\/div>\n<p>Si hay una industria que perdurar\u00e1 a\u00f1os y a\u00f1os, y que seguir\u00e1 siendo consumida por el p\u00fablico en general, esta es la industria cinematogr\u00e1fica. Han tenido problemas serios de financiaci\u00f3n por culpa de la crisis pero una vez pasada la tempestad, parece que el sector ha <strong>comenzado a renacer de sus cenizas<\/strong> y las pel\u00edculas en Espa\u00f1a se est\u00e1n rodando a un buen ritmo.<\/p>\n<div id=\"attachment_24679\" style=\"width: 610px\" class=\"wp-caption alignnone\"><a href=\"http:\/\/www.oficinaempleo.com\/blog\/wp-content\/uploads\/2018\/04\/Sin-t\u00edtulo-1-Recuperado-Recuperado-4.jpg\"><img loading=\"lazy\" decoding=\"async\" aria-describedby=\"caption-attachment-24679\" class=\"wp-image-24679 size-full\" src=\"http:\/\/www.oficinaempleo.com\/blog\/wp-content\/uploads\/2018\/04\/Sin-t\u00edtulo-1-Recuperado-Recuperado-4.jpg\" alt=\"Rodando una pel\u00edcula (Istock)\" width=\"600\" height=\"310\" srcset=\"https:\/\/www.oficinaempleo.com\/blog\/wp-content\/uploads\/2018\/04\/Sin-t\u00edtulo-1-Recuperado-Recuperado-4.jpg 600w, https:\/\/www.oficinaempleo.com\/blog\/wp-content\/uploads\/2018\/04\/Sin-t\u00edtulo-1-Recuperado-Recuperado-4-300x155.jpg 300w, https:\/\/www.oficinaempleo.com\/blog\/wp-content\/uploads\/2018\/04\/Sin-t\u00edtulo-1-Recuperado-Recuperado-4-290x150.jpg 290w\" sizes=\"auto, (max-width: 600px) 100vw, 600px\" \/><\/a><p id=\"caption-attachment-24679\" class=\"wp-caption-text\">Rodando una pel\u00edcula (Istock)<\/p><\/div>\n<p>De hecho el n\u00famero de pel\u00edculas producidas y grabadas en Espa\u00f1a ha crecido exponencialmente. Por eso os vamos a hablar de un nuevo casting que se celebra este fin de semana en el Espacio Joven de Salamanca (c\/Jos\u00e9 J\u00e1uregi 16). Necesitan <strong>entre 500 y 800 figurantes para una nueva pel\u00edcula<\/strong>. Un largometraje, que seg\u00fan varios medios como Salamanca24horas.com o\u00a0 El Norte de Castilla, podr\u00eda estar dirigido por Alejandro Amen\u00e1bar.<\/p>\n<p>Se buscan mujeres y hombres con edades comprendidas <strong>entre los 16 y los 85 a\u00f1os de edad.<\/strong> Adem\u00e1s intentar\u00e1n evitar coger a personas con tatuajes visibles o cortes de pelo demasiado modernos. \u00bfEl motivo? El contexto en el que se ver\u00e1 envuelta la futura pel\u00edcula.<\/p>\n<p>Como hemos comentado anteriormente, el casting ser\u00e1 los d\u00edas 20 y 21 de abril, y el horario establecido para el mismo ser\u00e1 de 10:00 a 20:00 horas ininterrumpidamente. Recuerda que no hay cita previa y se atender\u00e1 a los candidatos <strong>por orden de llegada al casting<\/strong>. S\u00f3lo tendr\u00e1n que rellenar la ficha que le faciliten, mostrar sus dotes interpretativas y posar para que le hagan un par de fotograf\u00edas.<\/p>\n<p>En Oficina Empleo tenemos cientos de procesos de selecci\u00f3n con los que empezar a\u00a0<a href=\"https:\/\/www.oficinaempleo.com\/trabajar-en\/limpieza-y-servicios-urbanos-22\">trabajar en Limpieza y Servicios Urbanos<\/a>\u00a0o en el sector que se adapte a ti. Si lo prefieres, puedes descubrir en nuestro Blog\u00a0<a href=\"https:\/\/www.oficinaempleo.com\/ofertas-empleo-en\/murcia\">c\u00f3mo trabajar en Murcia<\/a>\u00a0y muchas m\u00e1s empresas \u00a1Mira!<\/p>\n<p><strong>Encuentra trabajo en tu provincia:<\/strong><\/p>\n<ul>\n<li><a href=\"https:\/\/www.oficinaempleo.com\/ofertas-empleo-en\/madrid\">Empleo en Madrid<\/a><\/li>\n<li><a href=\"https:\/\/www.oficinaempleo.com\/ofertas-empleo-en\/barcelona\">Empleo en Barcelona<\/a><\/li>\n<li><a href=\"https:\/\/www.oficinaempleo.com\/ofertas-empleo-en\/alicante\">Empleo en Alicante<\/a><\/li>\n<li><a href=\"https:\/\/www.oficinaempleo.com\/ofertas-empleo-en\/santa-cruz-de-tenerife\">Empleo en Santa Cruz de Tenerife<\/a><\/li>\n<li><a href=\"https:\/\/www.oficinaempleo.com\/ofertas-empleo-en\/sevilla\">Empleo en Sevilla<\/a><\/li>\n<\/ul>\n<div class=\"su-button-center\"><a href=\"https:\/\/jobs.oficinaempleo.com\/registro?origen=ORG-web&#038;utm_source=OE&#038;utm_medium=boton_registro&#038;utm_content=homepage&#038;utm_campaign=organic\" class=\"su-button su-button-style-flat\" style=\"color:#FFFFFF;background-color:#ec7d0c;border-color:#bd640a;border-radius:10px\" target=\"__blank\"><span style=\"color:#FFFFFF;padding:8px 26px;font-size:20px;line-height:30px;border-color:#f2a455;border-radius:10px;text-shadow:none\"><i class=\"sui sui-arrow-circle-right\" style=\"font-size:20px;color:#FFFFFF\"><\/i> Reg\u00edstrate gratis en OficinaEmpleo<\/span><\/a><\/div><div class=\"su-spacer\" style=\"height:30px\"><\/div>\n","protected":false},"excerpt":{"rendered":"<p>Si hay una industria que perdurar\u00e1 a\u00f1os y a\u00f1os, y que seguir\u00e1 siendo consumida por el p\u00fablico en general, esta es la industria cinematogr\u00e1fica. Han tenido problemas serios de financiaci\u00f3n por culpa de la crisis pero una vez pasada la tempestad, parece que el sector ha comenzado a renacer de sus cenizas y las pel\u00edculas [&hellip;]<\/p>\n","protected":false},"author":24,"featured_media":24679,"comment_status":"open","ping_status":"open","sticky":false,"template":"","format":"standard","meta":{"footnotes":""},"categories":[3],"tags":[6396,1356,1771,6397],"class_list":["post-24677","post","type-post","status-publish","format-standard","has-post-thumbnail","hentry","category-noticias-empleo","tag-6396","tag-figurantes","tag-peliculas","tag-salamanca","cat-3-id","has_thumb"],"yoast_head":"<!-- This site is optimized with the Yoast SEO plugin v27.1.1 - https:\/\/yoast.com\/product\/yoast-seo-wordpress\/ -->\n<title>Necesitan 800 figurantes para una nueva pel\u00edcula - Blog OficinaEmpleo<\/title>\n<meta name=\"description\" content=\"Si hay una industria que perdurar\u00e1 a\u00f1os y a\u00f1os, y que seguir\u00e1 siendo consumida por el p\u00fablico en general, esta es la industria cinematogr\u00e1fica\" \/>\n<meta name=\"robots\" content=\"index, follow, max-snippet:-1, max-image-preview:large, max-video-preview:-1\" \/>\n<link rel=\"canonical\" href=\"https:\/\/www.oficinaempleo.com\/blog\/necesitan-800-figurantes-para-nueva-pelicula\/\" \/>\n<meta property=\"og:locale\" content=\"es_ES\" \/>\n<meta property=\"og:type\" content=\"article\" \/>\n<meta property=\"og:title\" content=\"Necesitan 800 figurantes para una nueva pel\u00edcula - Blog OficinaEmpleo\" \/>\n<meta property=\"og:description\" content=\"Si hay una industria que perdurar\u00e1 a\u00f1os y a\u00f1os, y que seguir\u00e1 siendo consumida por el p\u00fablico en general, esta es la industria cinematogr\u00e1fica\" \/>\n<meta property=\"og:url\" content=\"https:\/\/www.oficinaempleo.com\/blog\/necesitan-800-figurantes-para-nueva-pelicula\/\" \/>\n<meta property=\"og:site_name\" content=\"Noticias y consejos de empleo | Blog OficinaEmpleo\" \/>\n<meta property=\"article:published_time\" content=\"2018-04-19T08:44:16+00:00\" \/>\n<meta property=\"article:modified_time\" content=\"2018-04-19T09:30:17+00:00\" \/>\n<meta property=\"og:image\" content=\"https:\/\/www.oficinaempleo.com\/blog\/wp-content\/uploads\/2018\/04\/Sin-t\u00edtulo-1-Recuperado-Recuperado-4.jpg\" \/>\n\t<meta property=\"og:image:width\" content=\"600\" \/>\n\t<meta property=\"og:image:height\" content=\"310\" \/>\n\t<meta property=\"og:image:type\" content=\"image\/jpeg\" \/>\n<meta name=\"author\" content=\"Jes\u00fas Torrado\" \/>\n<meta name=\"twitter:card\" content=\"summary_large_image\" \/>\n<meta name=\"twitter:creator\" content=\"@OficinaEmpleo\" \/>\n<meta name=\"twitter:site\" content=\"@OficinaEmpleo\" \/>\n<meta name=\"twitter:label1\" content=\"Written by\" \/>\n\t<meta name=\"twitter:data1\" content=\"Jes\u00fas Torrado\" \/>\n\t<meta name=\"twitter:label2\" content=\"Est. reading time\" \/>\n\t<meta name=\"twitter:data2\" content=\"2 minutos\" \/>\n<script type=\"application\/ld+json\" class=\"yoast-schema-graph\">{\"@context\":\"https:\/\/schema.org\",\"@graph\":[{\"@type\":\"Article\",\"@id\":\"https:\/\/www.oficinaempleo.com\/blog\/necesitan-800-figurantes-para-nueva-pelicula\/#article\",\"isPartOf\":{\"@id\":\"https:\/\/www.oficinaempleo.com\/blog\/necesitan-800-figurantes-para-nueva-pelicula\/\"},\"author\":{\"name\":\"Jes\u00fas Torrado\",\"@id\":\"https:\/\/www.oficinaempleo.com\/blog\/#\/schema\/person\/52e7340f03bcdfe9f0db50f5bc7f99a4\"},\"headline\":\"Necesitan 800 figurantes para una nueva pel\u00edcula\",\"datePublished\":\"2018-04-19T08:44:16+00:00\",\"dateModified\":\"2018-04-19T09:30:17+00:00\",\"mainEntityOfPage\":{\"@id\":\"https:\/\/www.oficinaempleo.com\/blog\/necesitan-800-figurantes-para-nueva-pelicula\/\"},\"wordCount\":466,\"commentCount\":2,\"publisher\":{\"@id\":\"https:\/\/www.oficinaempleo.com\/blog\/#organization\"},\"image\":{\"@id\":\"https:\/\/www.oficinaempleo.com\/blog\/necesitan-800-figurantes-para-nueva-pelicula\/#primaryimage\"},\"thumbnailUrl\":\"https:\/\/www.oficinaempleo.com\/blog\/wp-content\/uploads\/2018\/04\/Sin-t\u00edtulo-1-Recuperado-Recuperado-4.jpg\",\"keywords\":[\"800\",\"figurantes\",\"peliculas\",\"salamanca\"],\"articleSection\":[\"Noticias Empleo\"],\"inLanguage\":\"es\",\"potentialAction\":[{\"@type\":\"CommentAction\",\"name\":\"Comment\",\"target\":[\"https:\/\/www.oficinaempleo.com\/blog\/necesitan-800-figurantes-para-nueva-pelicula\/#respond\"]}]},{\"@type\":\"WebPage\",\"@id\":\"https:\/\/www.oficinaempleo.com\/blog\/necesitan-800-figurantes-para-nueva-pelicula\/\",\"url\":\"https:\/\/www.oficinaempleo.com\/blog\/necesitan-800-figurantes-para-nueva-pelicula\/\",\"name\":\"Necesitan 800 figurantes para una nueva pel\u00edcula - Blog OficinaEmpleo\",\"isPartOf\":{\"@id\":\"https:\/\/www.oficinaempleo.com\/blog\/#website\"},\"primaryImageOfPage\":{\"@id\":\"https:\/\/www.oficinaempleo.com\/blog\/necesitan-800-figurantes-para-nueva-pelicula\/#primaryimage\"},\"image\":{\"@id\":\"https:\/\/www.oficinaempleo.com\/blog\/necesitan-800-figurantes-para-nueva-pelicula\/#primaryimage\"},\"thumbnailUrl\":\"https:\/\/www.oficinaempleo.com\/blog\/wp-content\/uploads\/2018\/04\/Sin-t\u00edtulo-1-Recuperado-Recuperado-4.jpg\",\"datePublished\":\"2018-04-19T08:44:16+00:00\",\"dateModified\":\"2018-04-19T09:30:17+00:00\",\"description\":\"Si hay una industria que perdurar\u00e1 a\u00f1os y a\u00f1os, y que seguir\u00e1 siendo consumida por el p\u00fablico en general, esta es la industria cinematogr\u00e1fica\",\"breadcrumb\":{\"@id\":\"https:\/\/www.oficinaempleo.com\/blog\/necesitan-800-figurantes-para-nueva-pelicula\/#breadcrumb\"},\"inLanguage\":\"es\",\"potentialAction\":[{\"@type\":\"ReadAction\",\"target\":[\"https:\/\/www.oficinaempleo.com\/blog\/necesitan-800-figurantes-para-nueva-pelicula\/\"]}]},{\"@type\":\"ImageObject\",\"inLanguage\":\"es\",\"@id\":\"https:\/\/www.oficinaempleo.com\/blog\/necesitan-800-figurantes-para-nueva-pelicula\/#primaryimage\",\"url\":\"https:\/\/www.oficinaempleo.com\/blog\/wp-content\/uploads\/2018\/04\/Sin-t\u00edtulo-1-Recuperado-Recuperado-4.jpg\",\"contentUrl\":\"https:\/\/www.oficinaempleo.com\/blog\/wp-content\/uploads\/2018\/04\/Sin-t\u00edtulo-1-Recuperado-Recuperado-4.jpg\",\"width\":600,\"height\":310,\"caption\":\"Rodando una pel\u00edcula (Istock)\"},{\"@type\":\"BreadcrumbList\",\"@id\":\"https:\/\/www.oficinaempleo.com\/blog\/necesitan-800-figurantes-para-nueva-pelicula\/#breadcrumb\",\"itemListElement\":[{\"@type\":\"ListItem\",\"position\":1,\"name\":\"Home\",\"item\":\"https:\/\/www.oficinaempleo.com\/blog\/\"},{\"@type\":\"ListItem\",\"position\":2,\"name\":\"Necesitan 800 figurantes para una nueva pel\u00edcula\"}]},{\"@type\":\"WebSite\",\"@id\":\"https:\/\/www.oficinaempleo.com\/blog\/#website\",\"url\":\"https:\/\/www.oficinaempleo.com\/blog\/\",\"name\":\"Noticias y Consejos de Empleo | Blog OficinaEmpleo\",\"description\":\"\",\"publisher\":{\"@id\":\"https:\/\/www.oficinaempleo.com\/blog\/#organization\"},\"potentialAction\":[{\"@type\":\"SearchAction\",\"target\":{\"@type\":\"EntryPoint\",\"urlTemplate\":\"https:\/\/www.oficinaempleo.com\/blog\/?s={search_term_string}\"},\"query-input\":{\"@type\":\"PropertyValueSpecification\",\"valueRequired\":true,\"valueName\":\"search_term_string\"}}],\"inLanguage\":\"es\"},{\"@type\":\"Organization\",\"@id\":\"https:\/\/www.oficinaempleo.com\/blog\/#organization\",\"name\":\"OficinaEmpleo\",\"url\":\"https:\/\/www.oficinaempleo.com\/blog\/\",\"logo\":{\"@type\":\"ImageObject\",\"inLanguage\":\"es\",\"@id\":\"https:\/\/www.oficinaempleo.com\/blog\/#\/schema\/logo\/image\/\",\"url\":\"https:\/\/www.oficinaempleo.com\/blog\/wp-content\/uploads\/2018\/10\/logo_footer-1.jpg\",\"contentUrl\":\"https:\/\/www.oficinaempleo.com\/blog\/wp-content\/uploads\/2018\/10\/logo_footer-1.jpg\",\"width\":478,\"height\":57,\"caption\":\"OficinaEmpleo\"},\"image\":{\"@id\":\"https:\/\/www.oficinaempleo.com\/blog\/#\/schema\/logo\/image\/\"},\"sameAs\":[\"https:\/\/x.com\/OficinaEmpleo\"]},{\"@type\":\"Person\",\"@id\":\"https:\/\/www.oficinaempleo.com\/blog\/#\/schema\/person\/52e7340f03bcdfe9f0db50f5bc7f99a4\",\"name\":\"Jes\u00fas Torrado\",\"image\":{\"@type\":\"ImageObject\",\"inLanguage\":\"es\",\"@id\":\"https:\/\/www.oficinaempleo.com\/blog\/#\/schema\/person\/image\/\",\"url\":\"https:\/\/secure.gravatar.com\/avatar\/5fc877e251d22a64b7150e20a52c8e1df8eae16fa39d0273b0ca23d2362c2130?s=96&d=mm&r=g\",\"contentUrl\":\"https:\/\/secure.gravatar.com\/avatar\/5fc877e251d22a64b7150e20a52c8e1df8eae16fa39d0273b0ca23d2362c2130?s=96&d=mm&r=g\",\"caption\":\"Jes\u00fas Torrado\"},\"url\":\"https:\/\/www.oficinaempleo.com\/blog\/author\/jesus\/\"}]}<\/script>\n<!-- \/ Yoast SEO plugin. -->","yoast_head_json":{"title":"Necesitan 800 figurantes para una nueva pel\u00edcula - Blog OficinaEmpleo","description":"Si hay una industria que perdurar\u00e1 a\u00f1os y a\u00f1os, y que seguir\u00e1 siendo consumida por el p\u00fablico en general, esta es la industria cinematogr\u00e1fica","robots":{"index":"index","follow":"follow","max-snippet":"max-snippet:-1","max-image-preview":"max-image-preview:large","max-video-preview":"max-video-preview:-1"},"canonical":"https:\/\/www.oficinaempleo.com\/blog\/necesitan-800-figurantes-para-nueva-pelicula\/","og_locale":"es_ES","og_type":"article","og_title":"Necesitan 800 figurantes para una nueva pel\u00edcula - Blog OficinaEmpleo","og_description":"Si hay una industria que perdurar\u00e1 a\u00f1os y a\u00f1os, y que seguir\u00e1 siendo consumida por el p\u00fablico en general, esta es la industria cinematogr\u00e1fica","og_url":"https:\/\/www.oficinaempleo.com\/blog\/necesitan-800-figurantes-para-nueva-pelicula\/","og_site_name":"Noticias y consejos de empleo | Blog OficinaEmpleo","article_published_time":"2018-04-19T08:44:16+00:00","article_modified_time":"2018-04-19T09:30:17+00:00","og_image":[{"width":600,"height":310,"url":"https:\/\/www.oficinaempleo.com\/blog\/wp-content\/uploads\/2018\/04\/Sin-t\u00edtulo-1-Recuperado-Recuperado-4.jpg","type":"image\/jpeg"}],"author":"Jes\u00fas Torrado","twitter_card":"summary_large_image","twitter_creator":"@OficinaEmpleo","twitter_site":"@OficinaEmpleo","twitter_misc":{"Written by":"Jes\u00fas Torrado","Est. reading time":"2 minutos"},"schema":{"@context":"https:\/\/schema.org","@graph":[{"@type":"Article","@id":"https:\/\/www.oficinaempleo.com\/blog\/necesitan-800-figurantes-para-nueva-pelicula\/#article","isPartOf":{"@id":"https:\/\/www.oficinaempleo.com\/blog\/necesitan-800-figurantes-para-nueva-pelicula\/"},"author":{"name":"Jes\u00fas Torrado","@id":"https:\/\/www.oficinaempleo.com\/blog\/#\/schema\/person\/52e7340f03bcdfe9f0db50f5bc7f99a4"},"headline":"Necesitan 800 figurantes para una nueva pel\u00edcula","datePublished":"2018-04-19T08:44:16+00:00","dateModified":"2018-04-19T09:30:17+00:00","mainEntityOfPage":{"@id":"https:\/\/www.oficinaempleo.com\/blog\/necesitan-800-figurantes-para-nueva-pelicula\/"},"wordCount":466,"commentCount":2,"publisher":{"@id":"https:\/\/www.oficinaempleo.com\/blog\/#organization"},"image":{"@id":"https:\/\/www.oficinaempleo.com\/blog\/necesitan-800-figurantes-para-nueva-pelicula\/#primaryimage"},"thumbnailUrl":"https:\/\/www.oficinaempleo.com\/blog\/wp-content\/uploads\/2018\/04\/Sin-t\u00edtulo-1-Recuperado-Recuperado-4.jpg","keywords":["800","figurantes","peliculas","salamanca"],"articleSection":["Noticias Empleo"],"inLanguage":"es","potentialAction":[{"@type":"CommentAction","name":"Comment","target":["https:\/\/www.oficinaempleo.com\/blog\/necesitan-800-figurantes-para-nueva-pelicula\/#respond"]}]},{"@type":"WebPage","@id":"https:\/\/www.oficinaempleo.com\/blog\/necesitan-800-figurantes-para-nueva-pelicula\/","url":"https:\/\/www.oficinaempleo.com\/blog\/necesitan-800-figurantes-para-nueva-pelicula\/","name":"Necesitan 800 figurantes para una nueva pel\u00edcula - Blog OficinaEmpleo","isPartOf":{"@id":"https:\/\/www.oficinaempleo.com\/blog\/#website"},"primaryImageOfPage":{"@id":"https:\/\/www.oficinaempleo.com\/blog\/necesitan-800-figurantes-para-nueva-pelicula\/#primaryimage"},"image":{"@id":"https:\/\/www.oficinaempleo.com\/blog\/necesitan-800-figurantes-para-nueva-pelicula\/#primaryimage"},"thumbnailUrl":"https:\/\/www.oficinaempleo.com\/blog\/wp-content\/uploads\/2018\/04\/Sin-t\u00edtulo-1-Recuperado-Recuperado-4.jpg","datePublished":"2018-04-19T08:44:16+00:00","dateModified":"2018-04-19T09:30:17+00:00","description":"Si hay una industria que perdurar\u00e1 a\u00f1os y a\u00f1os, y que seguir\u00e1 siendo consumida por el p\u00fablico en general, esta es la industria cinematogr\u00e1fica","breadcrumb":{"@id":"https:\/\/www.oficinaempleo.com\/blog\/necesitan-800-figurantes-para-nueva-pelicula\/#breadcrumb"},"inLanguage":"es","potentialAction":[{"@type":"ReadAction","target":["https:\/\/www.oficinaempleo.com\/blog\/necesitan-800-figurantes-para-nueva-pelicula\/"]}]},{"@type":"ImageObject","inLanguage":"es","@id":"https:\/\/www.oficinaempleo.com\/blog\/necesitan-800-figurantes-para-nueva-pelicula\/#primaryimage","url":"https:\/\/www.oficinaempleo.com\/blog\/wp-content\/uploads\/2018\/04\/Sin-t\u00edtulo-1-Recuperado-Recuperado-4.jpg","contentUrl":"https:\/\/www.oficinaempleo.com\/blog\/wp-content\/uploads\/2018\/04\/Sin-t\u00edtulo-1-Recuperado-Recuperado-4.jpg","width":600,"height":310,"caption":"Rodando una pel\u00edcula (Istock)"},{"@type":"BreadcrumbList","@id":"https:\/\/www.oficinaempleo.com\/blog\/necesitan-800-figurantes-para-nueva-pelicula\/#breadcrumb","itemListElement":[{"@type":"ListItem","position":1,"name":"Home","item":"https:\/\/www.oficinaempleo.com\/blog\/"},{"@type":"ListItem","position":2,"name":"Necesitan 800 figurantes para una nueva pel\u00edcula"}]},{"@type":"WebSite","@id":"https:\/\/www.oficinaempleo.com\/blog\/#website","url":"https:\/\/www.oficinaempleo.com\/blog\/","name":"Noticias y Consejos de Empleo | Blog OficinaEmpleo","description":"","publisher":{"@id":"https:\/\/www.oficinaempleo.com\/blog\/#organization"},"potentialAction":[{"@type":"SearchAction","target":{"@type":"EntryPoint","urlTemplate":"https:\/\/www.oficinaempleo.com\/blog\/?s={search_term_string}"},"query-input":{"@type":"PropertyValueSpecification","valueRequired":true,"valueName":"search_term_string"}}],"inLanguage":"es"},{"@type":"Organization","@id":"https:\/\/www.oficinaempleo.com\/blog\/#organization","name":"OficinaEmpleo","url":"https:\/\/www.oficinaempleo.com\/blog\/","logo":{"@type":"ImageObject","inLanguage":"es","@id":"https:\/\/www.oficinaempleo.com\/blog\/#\/schema\/logo\/image\/","url":"https:\/\/www.oficinaempleo.com\/blog\/wp-content\/uploads\/2018\/10\/logo_footer-1.jpg","contentUrl":"https:\/\/www.oficinaempleo.com\/blog\/wp-content\/uploads\/2018\/10\/logo_footer-1.jpg","width":478,"height":57,"caption":"OficinaEmpleo"},"image":{"@id":"https:\/\/www.oficinaempleo.com\/blog\/#\/schema\/logo\/image\/"},"sameAs":["https:\/\/x.com\/OficinaEmpleo"]},{"@type":"Person","@id":"https:\/\/www.oficinaempleo.com\/blog\/#\/schema\/person\/52e7340f03bcdfe9f0db50f5bc7f99a4","name":"Jes\u00fas Torrado","image":{"@type":"ImageObject","inLanguage":"es","@id":"https:\/\/www.oficinaempleo.com\/blog\/#\/schema\/person\/image\/","url":"https:\/\/secure.gravatar.com\/avatar\/5fc877e251d22a64b7150e20a52c8e1df8eae16fa39d0273b0ca23d2362c2130?s=96&d=mm&r=g","contentUrl":"https:\/\/secure.gravatar.com\/avatar\/5fc877e251d22a64b7150e20a52c8e1df8eae16fa39d0273b0ca23d2362c2130?s=96&d=mm&r=g","caption":"Jes\u00fas Torrado"},"url":"https:\/\/www.oficinaempleo.com\/blog\/author\/jesus\/"}]}},"_links":{"self":[{"href":"https:\/\/www.oficinaempleo.com\/blog\/wp-json\/wp\/v2\/posts\/24677","targetHints":{"allow":["GET"]}}],"collection":[{"href":"https:\/\/www.oficinaempleo.com\/blog\/wp-json\/wp\/v2\/posts"}],"about":[{"href":"https:\/\/www.oficinaempleo.com\/blog\/wp-json\/wp\/v2\/types\/post"}],"author":[{"embeddable":true,"href":"https:\/\/www.oficinaempleo.com\/blog\/wp-json\/wp\/v2\/users\/24"}],"replies":[{"embeddable":true,"href":"https:\/\/www.oficinaempleo.com\/blog\/wp-json\/wp\/v2\/comments?post=24677"}],"version-history":[{"count":4,"href":"https:\/\/www.oficinaempleo.com\/blog\/wp-json\/wp\/v2\/posts\/24677\/revisions"}],"predecessor-version":[{"id":24682,"href":"https:\/\/www.oficinaempleo.com\/blog\/wp-json\/wp\/v2\/posts\/24677\/revisions\/24682"}],"wp:featuredmedia":[{"embeddable":true,"href":"https:\/\/www.oficinaempleo.com\/blog\/wp-json\/wp\/v2\/media\/24679"}],"wp:attachment":[{"href":"https:\/\/www.oficinaempleo.com\/blog\/wp-json\/wp\/v2\/media?parent=24677"}],"wp:term":[{"taxonomy":"category","embeddable":true,"href":"https:\/\/www.oficinaempleo.com\/blog\/wp-json\/wp\/v2\/categories?post=24677"},{"taxonomy":"post_tag","embeddable":true,"href":"https:\/\/www.oficinaempleo.com\/blog\/wp-json\/wp\/v2\/tags?post=24677"}],"curies":[{"name":"wp","href":"https:\/\/api.w.org\/{rel}","templated":true}]}}