{"id":24712,"date":"2018-04-25T09:14:48","date_gmt":"2018-04-25T08:14:48","guid":{"rendered":"http:\/\/www.oficinaempleo.com\/blog\/?p=24712"},"modified":"2018-04-25T09:15:52","modified_gmt":"2018-04-25T08:15:52","slug":"clece-ofrece-2000-puestos-trabajo-madrid","status":"publish","type":"post","link":"https:\/\/www.oficinaempleo.com\/blog\/clece-ofrece-2000-puestos-trabajo-madrid\/","title":{"rendered":"Clece ofrece 2.000 puestos de trabajo en Madrid"},"content":{"rendered":"<div class=\"su-button-center\"><a href=\"https:\/\/jobs.oficinaempleo.com\/registro?origen=ORG-web&#038;utm_source=OE&#038;utm_medium=boton_registro&#038;utm_content=homepage&#038;utm_campaign=organic\" class=\"su-button su-button-style-flat\" style=\"color:#FFFFFF;background-color:#ec7d0c;border-color:#bd640a;border-radius:10px\" target=\"__blank\"><span style=\"color:#FFFFFF;padding:8px 26px;font-size:20px;line-height:30px;border-color:#f2a455;border-radius:10px;text-shadow:none\"><i class=\"sui sui-arrow-circle-right\" style=\"font-size:20px;color:#FFFFFF\"><\/i> Reg\u00edstrate gratis en OficinaEmpleo<\/span><\/a><\/div><div class=\"su-spacer\" style=\"height:30px\"><\/div>\n<p>En dos semana se celebra en Madrid el Laboral MAD, un encuentro en el que se ofertaran un total de 2.000 puestos de trabajo. Puestos de trabajo dirigidos a dos perfiles muy concretos: <strong>colectivo vulnerables y personas que quieren trabajar<\/strong> en atenci\u00f3n social a mayores.<\/p>\n<div id=\"attachment_24713\" style=\"width: 610px\" class=\"wp-caption alignnone\"><a href=\"http:\/\/www.oficinaempleo.com\/blog\/wp-content\/uploads\/2018\/04\/Sin-t\u00edtulo-1-Recuperado-Recuperado-9.jpg\"><img loading=\"lazy\" decoding=\"async\" aria-describedby=\"caption-attachment-24713\" class=\"wp-image-24713 size-full\" src=\"http:\/\/www.oficinaempleo.com\/blog\/wp-content\/uploads\/2018\/04\/Sin-t\u00edtulo-1-Recuperado-Recuperado-9.jpg\" alt=\"Atenci\u00f3n a personas mayores (istock)\" width=\"600\" height=\"310\" srcset=\"https:\/\/www.oficinaempleo.com\/blog\/wp-content\/uploads\/2018\/04\/Sin-t\u00edtulo-1-Recuperado-Recuperado-9.jpg 600w, https:\/\/www.oficinaempleo.com\/blog\/wp-content\/uploads\/2018\/04\/Sin-t\u00edtulo-1-Recuperado-Recuperado-9-300x155.jpg 300w, https:\/\/www.oficinaempleo.com\/blog\/wp-content\/uploads\/2018\/04\/Sin-t\u00edtulo-1-Recuperado-Recuperado-9-290x150.jpg 290w\" sizes=\"auto, (max-width: 600px) 100vw, 600px\" \/><\/a><p id=\"caption-attachment-24713\" class=\"wp-caption-text\">Atenci\u00f3n a personas mayores (istock)<\/p><\/div>\n<p>Ser\u00e1 los d\u00edas <strong>9 y 10 de mayo en la estaci\u00f3n de Chamart\u00edn<\/strong> cuyo objetivo principal ser\u00e1 el encontrar oportunidades para personas pertenecientes a colectivos vulnerables, como pueden ser personas con discapacidad o mujeres v\u00edctimas de la violencia machista.<\/p>\n<p>Cada uno de los d\u00edas ser\u00e1 dedicado a un fin. El <strong>9 se recibir\u00e1 a todos aquellos colectivos vulnerables y ser\u00e1n las entidades colaboradoras<\/strong> (Cruz Roja espa\u00f1ola, Fundaci\u00f3n Adecco, Pinardi, Randstad y Compromiso Integra) las que entrevisten a est\u00e1n personas y decidan que trabajos pueden hacer y en d\u00f3nde. Ofrecen 1.000 puestos de trabajo en Madrid.<\/p>\n<p>El d\u00eda 10 ser\u00e1 el turno de los perfiles que quieran trabajar en el Servicio de Ayuda a Domicilio, residencias de mayores y en centros de d\u00eda. La mayor parte de los empleos 1.000 que Clece ofrece para este \u00e1mbito ser\u00eda en el sur de la Comunidad de Madrid: \u201c<strong>Se dar\u00e1 prioridad a aquellos candidatos que tengan Formaci\u00f3n Profesional<\/strong> o Certificado de Profesionalidad en Atenci\u00f3n Sociosanitaria o una m\u00ednima experiencia en la atenci\u00f3n de personas mayores. En caso de no contar con formaci\u00f3n ni experiencia previa, pero s\u00ed con las actitudes necesarias, nos comprometemos a dar la formaci\u00f3n que se precise\u201d aclara \u00cd\u00f1igo Camilleri, responsable de la secci\u00f3n de desarrollo en Clece.<\/p>\n<p>Laboral MAD estar\u00e1 dividida en tres partes. Las dos primeras el candidato se sumergir\u00e1 en la cultura de Clece y conocer\u00e1 mejor esta empresa que presta servicios integrales. La otra <strong>contar\u00e1 con m\u00e1s de 20 puestos distintos donde se realizar\u00e1 las entrevistas<\/strong> a los candidatos.<\/p>\n<p>Para poder apuntarte a estas jornadas de empleo, bien los puedes hacer a trav\u00e9s de las entidades colaboradoras y que mencionamos anteriormente o <a href=\"http:\/\/laboralmad.es\/\"  >haciendo click en el siguiente enlace que te conducir\u00e1 a la p\u00e1gina web oficial<\/a> del evento.<\/p>\n<p>En Oficina Empleo tenemos cientos de procesos de selecci\u00f3n con los que empezar a\u00a0<a href=\"https:\/\/www.oficinaempleo.com\/trabajar-en\/limpieza-y-servicios-urbanos-22\">trabajar en Limpieza y Servicios Urbanos<\/a>\u00a0o en el sector que se adapte a ti. Si lo prefieres, puedes descubrir en nuestro Blog\u00a0<a href=\"https:\/\/www.oficinaempleo.com\/ofertas-empleo-en\/murcia\">c\u00f3mo trabajar en Murcia<\/a>\u00a0y muchas m\u00e1s empresas \u00a1Mira!<\/p>\n<p><strong>Encuentra trabajo en tu provincia:<\/strong><\/p>\n<ul>\n<li><a href=\"https:\/\/www.oficinaempleo.com\/ofertas-empleo-en\/madrid\">Empleo en Madrid<\/a><\/li>\n<li><a href=\"https:\/\/www.oficinaempleo.com\/ofertas-empleo-en\/barcelona\">Empleo en Barcelona<\/a><\/li>\n<li><a href=\"https:\/\/www.oficinaempleo.com\/ofertas-empleo-en\/alicante\">Empleo en Alicante<\/a><\/li>\n<li><a href=\"https:\/\/www.oficinaempleo.com\/ofertas-empleo-en\/santa-cruz-de-tenerife\">Empleo en Santa Cruz de Tenerife<\/a><\/li>\n<li><a href=\"https:\/\/www.oficinaempleo.com\/ofertas-empleo-en\/sevilla\">Empleo en Sevilla<\/a><\/li>\n<\/ul>\n<div class=\"su-button-center\"><a href=\"https:\/\/jobs.oficinaempleo.com\/registro?origen=ORG-web&#038;utm_source=OE&#038;utm_medium=boton_registro&#038;utm_content=homepage&#038;utm_campaign=organic\" class=\"su-button su-button-style-flat\" style=\"color:#FFFFFF;background-color:#ec7d0c;border-color:#bd640a;border-radius:10px\" target=\"__blank\"><span style=\"color:#FFFFFF;padding:8px 26px;font-size:20px;line-height:30px;border-color:#f2a455;border-radius:10px;text-shadow:none\"><i class=\"sui sui-arrow-circle-right\" style=\"font-size:20px;color:#FFFFFF\"><\/i> Reg\u00edstrate gratis en OficinaEmpleo<\/span><\/a><\/div><div class=\"su-spacer\" style=\"height:30px\"><\/div>\n","protected":false},"excerpt":{"rendered":"<p>En dos semana se celebra en Madrid el Laboral MAD, un encuentro en el que se ofertaran un total de 2.000 puestos de trabajo. Puestos de trabajo dirigidos a dos perfiles muy concretos: colectivo vulnerables y personas que quieren trabajar en atenci\u00f3n social a mayores. Ser\u00e1 los d\u00edas 9 y 10 de mayo en la [&hellip;]<\/p>\n","protected":false},"author":24,"featured_media":24713,"comment_status":"open","ping_status":"open","sticky":false,"template":"","format":"standard","meta":{"footnotes":""},"categories":[3],"tags":[],"class_list":["post-24712","post","type-post","status-publish","format-standard","has-post-thumbnail","hentry","category-noticias-empleo","cat-3-id","has_thumb"],"yoast_head":"<!-- This site is optimized with the Yoast SEO plugin v27.1.1 - https:\/\/yoast.com\/product\/yoast-seo-wordpress\/ -->\n<title>Clece ofrece 2.000 puestos de trabajo en Madrid - Blog OficinaEmpleo<\/title>\n<meta name=\"description\" content=\"En dos semana se celebra en Madrid el Laboral MAD, un encuentro en el que se ofertaran un total de 2.000 puestos de trabajo\" \/>\n<meta name=\"robots\" content=\"index, follow, max-snippet:-1, max-image-preview:large, max-video-preview:-1\" \/>\n<link rel=\"canonical\" href=\"https:\/\/www.oficinaempleo.com\/blog\/clece-ofrece-2000-puestos-trabajo-madrid\/\" \/>\n<meta property=\"og:locale\" content=\"es_ES\" \/>\n<meta property=\"og:type\" content=\"article\" \/>\n<meta property=\"og:title\" content=\"Clece ofrece 2.000 puestos de trabajo en Madrid - Blog OficinaEmpleo\" \/>\n<meta property=\"og:description\" content=\"En dos semana se celebra en Madrid el Laboral MAD, un encuentro en el que se ofertaran un total de 2.000 puestos de trabajo\" \/>\n<meta property=\"og:url\" content=\"https:\/\/www.oficinaempleo.com\/blog\/clece-ofrece-2000-puestos-trabajo-madrid\/\" \/>\n<meta property=\"og:site_name\" content=\"Noticias y consejos de empleo | Blog OficinaEmpleo\" \/>\n<meta property=\"article:published_time\" content=\"2018-04-25T08:14:48+00:00\" \/>\n<meta property=\"article:modified_time\" content=\"2018-04-25T08:15:52+00:00\" \/>\n<meta property=\"og:image\" content=\"https:\/\/www.oficinaempleo.com\/blog\/wp-content\/uploads\/2018\/04\/Sin-t\u00edtulo-1-Recuperado-Recuperado-9.jpg\" \/>\n\t<meta property=\"og:image:width\" content=\"600\" \/>\n\t<meta property=\"og:image:height\" content=\"310\" \/>\n\t<meta property=\"og:image:type\" content=\"image\/jpeg\" \/>\n<meta name=\"author\" content=\"Jes\u00fas Torrado\" \/>\n<meta name=\"twitter:card\" content=\"summary_large_image\" \/>\n<meta name=\"twitter:creator\" content=\"@OficinaEmpleo\" \/>\n<meta name=\"twitter:site\" content=\"@OficinaEmpleo\" \/>\n<meta name=\"twitter:label1\" content=\"Written by\" \/>\n\t<meta name=\"twitter:data1\" content=\"Jes\u00fas Torrado\" \/>\n\t<meta name=\"twitter:label2\" content=\"Est. reading time\" \/>\n\t<meta name=\"twitter:data2\" content=\"3 minutos\" \/>\n<script type=\"application\/ld+json\" class=\"yoast-schema-graph\">{\"@context\":\"https:\/\/schema.org\",\"@graph\":[{\"@type\":\"Article\",\"@id\":\"https:\/\/www.oficinaempleo.com\/blog\/clece-ofrece-2000-puestos-trabajo-madrid\/#article\",\"isPartOf\":{\"@id\":\"https:\/\/www.oficinaempleo.com\/blog\/clece-ofrece-2000-puestos-trabajo-madrid\/\"},\"author\":{\"name\":\"Jes\u00fas Torrado\",\"@id\":\"https:\/\/www.oficinaempleo.com\/blog\/#\/schema\/person\/52e7340f03bcdfe9f0db50f5bc7f99a4\"},\"headline\":\"Clece ofrece 2.000 puestos de trabajo en Madrid\",\"datePublished\":\"2018-04-25T08:14:48+00:00\",\"dateModified\":\"2018-04-25T08:15:52+00:00\",\"mainEntityOfPage\":{\"@id\":\"https:\/\/www.oficinaempleo.com\/blog\/clece-ofrece-2000-puestos-trabajo-madrid\/\"},\"wordCount\":554,\"commentCount\":0,\"publisher\":{\"@id\":\"https:\/\/www.oficinaempleo.com\/blog\/#organization\"},\"image\":{\"@id\":\"https:\/\/www.oficinaempleo.com\/blog\/clece-ofrece-2000-puestos-trabajo-madrid\/#primaryimage\"},\"thumbnailUrl\":\"https:\/\/www.oficinaempleo.com\/blog\/wp-content\/uploads\/2018\/04\/Sin-t\u00edtulo-1-Recuperado-Recuperado-9.jpg\",\"articleSection\":[\"Noticias Empleo\"],\"inLanguage\":\"es\",\"potentialAction\":[{\"@type\":\"CommentAction\",\"name\":\"Comment\",\"target\":[\"https:\/\/www.oficinaempleo.com\/blog\/clece-ofrece-2000-puestos-trabajo-madrid\/#respond\"]}]},{\"@type\":\"WebPage\",\"@id\":\"https:\/\/www.oficinaempleo.com\/blog\/clece-ofrece-2000-puestos-trabajo-madrid\/\",\"url\":\"https:\/\/www.oficinaempleo.com\/blog\/clece-ofrece-2000-puestos-trabajo-madrid\/\",\"name\":\"Clece ofrece 2.000 puestos de trabajo en Madrid - Blog OficinaEmpleo\",\"isPartOf\":{\"@id\":\"https:\/\/www.oficinaempleo.com\/blog\/#website\"},\"primaryImageOfPage\":{\"@id\":\"https:\/\/www.oficinaempleo.com\/blog\/clece-ofrece-2000-puestos-trabajo-madrid\/#primaryimage\"},\"image\":{\"@id\":\"https:\/\/www.oficinaempleo.com\/blog\/clece-ofrece-2000-puestos-trabajo-madrid\/#primaryimage\"},\"thumbnailUrl\":\"https:\/\/www.oficinaempleo.com\/blog\/wp-content\/uploads\/2018\/04\/Sin-t\u00edtulo-1-Recuperado-Recuperado-9.jpg\",\"datePublished\":\"2018-04-25T08:14:48+00:00\",\"dateModified\":\"2018-04-25T08:15:52+00:00\",\"description\":\"En dos semana se celebra en Madrid el Laboral MAD, un encuentro en el que se ofertaran un total de 2.000 puestos de trabajo\",\"breadcrumb\":{\"@id\":\"https:\/\/www.oficinaempleo.com\/blog\/clece-ofrece-2000-puestos-trabajo-madrid\/#breadcrumb\"},\"inLanguage\":\"es\",\"potentialAction\":[{\"@type\":\"ReadAction\",\"target\":[\"https:\/\/www.oficinaempleo.com\/blog\/clece-ofrece-2000-puestos-trabajo-madrid\/\"]}]},{\"@type\":\"ImageObject\",\"inLanguage\":\"es\",\"@id\":\"https:\/\/www.oficinaempleo.com\/blog\/clece-ofrece-2000-puestos-trabajo-madrid\/#primaryimage\",\"url\":\"https:\/\/www.oficinaempleo.com\/blog\/wp-content\/uploads\/2018\/04\/Sin-t\u00edtulo-1-Recuperado-Recuperado-9.jpg\",\"contentUrl\":\"https:\/\/www.oficinaempleo.com\/blog\/wp-content\/uploads\/2018\/04\/Sin-t\u00edtulo-1-Recuperado-Recuperado-9.jpg\",\"width\":600,\"height\":310,\"caption\":\"Atenci\u00f3n a personas mayores (istock)\"},{\"@type\":\"BreadcrumbList\",\"@id\":\"https:\/\/www.oficinaempleo.com\/blog\/clece-ofrece-2000-puestos-trabajo-madrid\/#breadcrumb\",\"itemListElement\":[{\"@type\":\"ListItem\",\"position\":1,\"name\":\"Home\",\"item\":\"https:\/\/www.oficinaempleo.com\/blog\/\"},{\"@type\":\"ListItem\",\"position\":2,\"name\":\"Clece ofrece 2.000 puestos de trabajo en Madrid\"}]},{\"@type\":\"WebSite\",\"@id\":\"https:\/\/www.oficinaempleo.com\/blog\/#website\",\"url\":\"https:\/\/www.oficinaempleo.com\/blog\/\",\"name\":\"Noticias y Consejos de Empleo | Blog OficinaEmpleo\",\"description\":\"\",\"publisher\":{\"@id\":\"https:\/\/www.oficinaempleo.com\/blog\/#organization\"},\"potentialAction\":[{\"@type\":\"SearchAction\",\"target\":{\"@type\":\"EntryPoint\",\"urlTemplate\":\"https:\/\/www.oficinaempleo.com\/blog\/?s={search_term_string}\"},\"query-input\":{\"@type\":\"PropertyValueSpecification\",\"valueRequired\":true,\"valueName\":\"search_term_string\"}}],\"inLanguage\":\"es\"},{\"@type\":\"Organization\",\"@id\":\"https:\/\/www.oficinaempleo.com\/blog\/#organization\",\"name\":\"OficinaEmpleo\",\"url\":\"https:\/\/www.oficinaempleo.com\/blog\/\",\"logo\":{\"@type\":\"ImageObject\",\"inLanguage\":\"es\",\"@id\":\"https:\/\/www.oficinaempleo.com\/blog\/#\/schema\/logo\/image\/\",\"url\":\"https:\/\/www.oficinaempleo.com\/blog\/wp-content\/uploads\/2018\/10\/logo_footer-1.jpg\",\"contentUrl\":\"https:\/\/www.oficinaempleo.com\/blog\/wp-content\/uploads\/2018\/10\/logo_footer-1.jpg\",\"width\":478,\"height\":57,\"caption\":\"OficinaEmpleo\"},\"image\":{\"@id\":\"https:\/\/www.oficinaempleo.com\/blog\/#\/schema\/logo\/image\/\"},\"sameAs\":[\"https:\/\/x.com\/OficinaEmpleo\"]},{\"@type\":\"Person\",\"@id\":\"https:\/\/www.oficinaempleo.com\/blog\/#\/schema\/person\/52e7340f03bcdfe9f0db50f5bc7f99a4\",\"name\":\"Jes\u00fas Torrado\",\"image\":{\"@type\":\"ImageObject\",\"inLanguage\":\"es\",\"@id\":\"https:\/\/www.oficinaempleo.com\/blog\/#\/schema\/person\/image\/\",\"url\":\"https:\/\/secure.gravatar.com\/avatar\/5fc877e251d22a64b7150e20a52c8e1df8eae16fa39d0273b0ca23d2362c2130?s=96&d=mm&r=g\",\"contentUrl\":\"https:\/\/secure.gravatar.com\/avatar\/5fc877e251d22a64b7150e20a52c8e1df8eae16fa39d0273b0ca23d2362c2130?s=96&d=mm&r=g\",\"caption\":\"Jes\u00fas Torrado\"},\"url\":\"https:\/\/www.oficinaempleo.com\/blog\/author\/jesus\/\"}]}<\/script>\n<!-- \/ Yoast SEO plugin. -->","yoast_head_json":{"title":"Clece ofrece 2.000 puestos de trabajo en Madrid - Blog OficinaEmpleo","description":"En dos semana se celebra en Madrid el Laboral MAD, un encuentro en el que se ofertaran un total de 2.000 puestos de trabajo","robots":{"index":"index","follow":"follow","max-snippet":"max-snippet:-1","max-image-preview":"max-image-preview:large","max-video-preview":"max-video-preview:-1"},"canonical":"https:\/\/www.oficinaempleo.com\/blog\/clece-ofrece-2000-puestos-trabajo-madrid\/","og_locale":"es_ES","og_type":"article","og_title":"Clece ofrece 2.000 puestos de trabajo en Madrid - Blog OficinaEmpleo","og_description":"En dos semana se celebra en Madrid el Laboral MAD, un encuentro en el que se ofertaran un total de 2.000 puestos de trabajo","og_url":"https:\/\/www.oficinaempleo.com\/blog\/clece-ofrece-2000-puestos-trabajo-madrid\/","og_site_name":"Noticias y consejos de empleo | Blog OficinaEmpleo","article_published_time":"2018-04-25T08:14:48+00:00","article_modified_time":"2018-04-25T08:15:52+00:00","og_image":[{"width":600,"height":310,"url":"https:\/\/www.oficinaempleo.com\/blog\/wp-content\/uploads\/2018\/04\/Sin-t\u00edtulo-1-Recuperado-Recuperado-9.jpg","type":"image\/jpeg"}],"author":"Jes\u00fas Torrado","twitter_card":"summary_large_image","twitter_creator":"@OficinaEmpleo","twitter_site":"@OficinaEmpleo","twitter_misc":{"Written by":"Jes\u00fas Torrado","Est. reading time":"3 minutos"},"schema":{"@context":"https:\/\/schema.org","@graph":[{"@type":"Article","@id":"https:\/\/www.oficinaempleo.com\/blog\/clece-ofrece-2000-puestos-trabajo-madrid\/#article","isPartOf":{"@id":"https:\/\/www.oficinaempleo.com\/blog\/clece-ofrece-2000-puestos-trabajo-madrid\/"},"author":{"name":"Jes\u00fas Torrado","@id":"https:\/\/www.oficinaempleo.com\/blog\/#\/schema\/person\/52e7340f03bcdfe9f0db50f5bc7f99a4"},"headline":"Clece ofrece 2.000 puestos de trabajo en Madrid","datePublished":"2018-04-25T08:14:48+00:00","dateModified":"2018-04-25T08:15:52+00:00","mainEntityOfPage":{"@id":"https:\/\/www.oficinaempleo.com\/blog\/clece-ofrece-2000-puestos-trabajo-madrid\/"},"wordCount":554,"commentCount":0,"publisher":{"@id":"https:\/\/www.oficinaempleo.com\/blog\/#organization"},"image":{"@id":"https:\/\/www.oficinaempleo.com\/blog\/clece-ofrece-2000-puestos-trabajo-madrid\/#primaryimage"},"thumbnailUrl":"https:\/\/www.oficinaempleo.com\/blog\/wp-content\/uploads\/2018\/04\/Sin-t\u00edtulo-1-Recuperado-Recuperado-9.jpg","articleSection":["Noticias Empleo"],"inLanguage":"es","potentialAction":[{"@type":"CommentAction","name":"Comment","target":["https:\/\/www.oficinaempleo.com\/blog\/clece-ofrece-2000-puestos-trabajo-madrid\/#respond"]}]},{"@type":"WebPage","@id":"https:\/\/www.oficinaempleo.com\/blog\/clece-ofrece-2000-puestos-trabajo-madrid\/","url":"https:\/\/www.oficinaempleo.com\/blog\/clece-ofrece-2000-puestos-trabajo-madrid\/","name":"Clece ofrece 2.000 puestos de trabajo en Madrid - Blog OficinaEmpleo","isPartOf":{"@id":"https:\/\/www.oficinaempleo.com\/blog\/#website"},"primaryImageOfPage":{"@id":"https:\/\/www.oficinaempleo.com\/blog\/clece-ofrece-2000-puestos-trabajo-madrid\/#primaryimage"},"image":{"@id":"https:\/\/www.oficinaempleo.com\/blog\/clece-ofrece-2000-puestos-trabajo-madrid\/#primaryimage"},"thumbnailUrl":"https:\/\/www.oficinaempleo.com\/blog\/wp-content\/uploads\/2018\/04\/Sin-t\u00edtulo-1-Recuperado-Recuperado-9.jpg","datePublished":"2018-04-25T08:14:48+00:00","dateModified":"2018-04-25T08:15:52+00:00","description":"En dos semana se celebra en Madrid el Laboral MAD, un encuentro en el que se ofertaran un total de 2.000 puestos de trabajo","breadcrumb":{"@id":"https:\/\/www.oficinaempleo.com\/blog\/clece-ofrece-2000-puestos-trabajo-madrid\/#breadcrumb"},"inLanguage":"es","potentialAction":[{"@type":"ReadAction","target":["https:\/\/www.oficinaempleo.com\/blog\/clece-ofrece-2000-puestos-trabajo-madrid\/"]}]},{"@type":"ImageObject","inLanguage":"es","@id":"https:\/\/www.oficinaempleo.com\/blog\/clece-ofrece-2000-puestos-trabajo-madrid\/#primaryimage","url":"https:\/\/www.oficinaempleo.com\/blog\/wp-content\/uploads\/2018\/04\/Sin-t\u00edtulo-1-Recuperado-Recuperado-9.jpg","contentUrl":"https:\/\/www.oficinaempleo.com\/blog\/wp-content\/uploads\/2018\/04\/Sin-t\u00edtulo-1-Recuperado-Recuperado-9.jpg","width":600,"height":310,"caption":"Atenci\u00f3n a personas mayores (istock)"},{"@type":"BreadcrumbList","@id":"https:\/\/www.oficinaempleo.com\/blog\/clece-ofrece-2000-puestos-trabajo-madrid\/#breadcrumb","itemListElement":[{"@type":"ListItem","position":1,"name":"Home","item":"https:\/\/www.oficinaempleo.com\/blog\/"},{"@type":"ListItem","position":2,"name":"Clece ofrece 2.000 puestos de trabajo en Madrid"}]},{"@type":"WebSite","@id":"https:\/\/www.oficinaempleo.com\/blog\/#website","url":"https:\/\/www.oficinaempleo.com\/blog\/","name":"Noticias y Consejos de Empleo | Blog OficinaEmpleo","description":"","publisher":{"@id":"https:\/\/www.oficinaempleo.com\/blog\/#organization"},"potentialAction":[{"@type":"SearchAction","target":{"@type":"EntryPoint","urlTemplate":"https:\/\/www.oficinaempleo.com\/blog\/?s={search_term_string}"},"query-input":{"@type":"PropertyValueSpecification","valueRequired":true,"valueName":"search_term_string"}}],"inLanguage":"es"},{"@type":"Organization","@id":"https:\/\/www.oficinaempleo.com\/blog\/#organization","name":"OficinaEmpleo","url":"https:\/\/www.oficinaempleo.com\/blog\/","logo":{"@type":"ImageObject","inLanguage":"es","@id":"https:\/\/www.oficinaempleo.com\/blog\/#\/schema\/logo\/image\/","url":"https:\/\/www.oficinaempleo.com\/blog\/wp-content\/uploads\/2018\/10\/logo_footer-1.jpg","contentUrl":"https:\/\/www.oficinaempleo.com\/blog\/wp-content\/uploads\/2018\/10\/logo_footer-1.jpg","width":478,"height":57,"caption":"OficinaEmpleo"},"image":{"@id":"https:\/\/www.oficinaempleo.com\/blog\/#\/schema\/logo\/image\/"},"sameAs":["https:\/\/x.com\/OficinaEmpleo"]},{"@type":"Person","@id":"https:\/\/www.oficinaempleo.com\/blog\/#\/schema\/person\/52e7340f03bcdfe9f0db50f5bc7f99a4","name":"Jes\u00fas Torrado","image":{"@type":"ImageObject","inLanguage":"es","@id":"https:\/\/www.oficinaempleo.com\/blog\/#\/schema\/person\/image\/","url":"https:\/\/secure.gravatar.com\/avatar\/5fc877e251d22a64b7150e20a52c8e1df8eae16fa39d0273b0ca23d2362c2130?s=96&d=mm&r=g","contentUrl":"https:\/\/secure.gravatar.com\/avatar\/5fc877e251d22a64b7150e20a52c8e1df8eae16fa39d0273b0ca23d2362c2130?s=96&d=mm&r=g","caption":"Jes\u00fas Torrado"},"url":"https:\/\/www.oficinaempleo.com\/blog\/author\/jesus\/"}]}},"_links":{"self":[{"href":"https:\/\/www.oficinaempleo.com\/blog\/wp-json\/wp\/v2\/posts\/24712","targetHints":{"allow":["GET"]}}],"collection":[{"href":"https:\/\/www.oficinaempleo.com\/blog\/wp-json\/wp\/v2\/posts"}],"about":[{"href":"https:\/\/www.oficinaempleo.com\/blog\/wp-json\/wp\/v2\/types\/post"}],"author":[{"embeddable":true,"href":"https:\/\/www.oficinaempleo.com\/blog\/wp-json\/wp\/v2\/users\/24"}],"replies":[{"embeddable":true,"href":"https:\/\/www.oficinaempleo.com\/blog\/wp-json\/wp\/v2\/comments?post=24712"}],"version-history":[{"count":1,"href":"https:\/\/www.oficinaempleo.com\/blog\/wp-json\/wp\/v2\/posts\/24712\/revisions"}],"predecessor-version":[{"id":24714,"href":"https:\/\/www.oficinaempleo.com\/blog\/wp-json\/wp\/v2\/posts\/24712\/revisions\/24714"}],"wp:featuredmedia":[{"embeddable":true,"href":"https:\/\/www.oficinaempleo.com\/blog\/wp-json\/wp\/v2\/media\/24713"}],"wp:attachment":[{"href":"https:\/\/www.oficinaempleo.com\/blog\/wp-json\/wp\/v2\/media?parent=24712"}],"wp:term":[{"taxonomy":"category","embeddable":true,"href":"https:\/\/www.oficinaempleo.com\/blog\/wp-json\/wp\/v2\/categories?post=24712"},{"taxonomy":"post_tag","embeddable":true,"href":"https:\/\/www.oficinaempleo.com\/blog\/wp-json\/wp\/v2\/tags?post=24712"}],"curies":[{"name":"wp","href":"https:\/\/api.w.org\/{rel}","templated":true}]}}