{"id":25283,"date":"2018-08-07T09:18:16","date_gmt":"2018-08-07T08:18:16","guid":{"rendered":"https:\/\/www.oficinaempleo.com\/blog\/?p=25283"},"modified":"2018-08-22T11:54:39","modified_gmt":"2018-08-22T10:54:39","slug":"ferrero-busca-60-catadores-de-nutella","status":"publish","type":"post","link":"https:\/\/www.oficinaempleo.com\/blog\/ferrero-busca-60-catadores-de-nutella\/","title":{"rendered":"Ferrero busca 60 catadores de Nutella"},"content":{"rendered":"<div class=\"su-button-center\"><a href=\"https:\/\/jobs.oficinaempleo.com\/registro?origen=ORG-web&#038;utm_source=OE&#038;utm_medium=boton_registro&#038;utm_content=homepage&#038;utm_campaign=organic\" class=\"su-button su-button-style-flat\" style=\"color:#FFFFFF;background-color:#ec7d0c;border-color:#bd640a;border-radius:10px\" target=\"__blank\"><span style=\"color:#FFFFFF;padding:8px 26px;font-size:20px;line-height:30px;border-color:#f2a455;border-radius:10px;text-shadow:none\"><i class=\"sui sui-arrow-circle-right\" style=\"font-size:20px;color:#FFFFFF\"><\/i> Reg\u00edstrate gratis en OficinaEmpleo<\/span><\/a><\/div><div class=\"su-spacer\" style=\"height:30px\"><\/div>\n<p>Soremartec Italia Srl, empresa de investigaci\u00f3n y desarrollo de Ferrero, ha sido la \u00faltima en ofertar uno de esos trabajos de ensue\u00f1o ya que la compa\u00f1\u00eda italiana est\u00e1 ofreciendo hasta 60 puestos de trabajo como catador de productos de la empresa, entre las que destacan marcas como <a href=\"https:\/\/www.nutella.com\/es\/es\"  >Nutella<\/a>.<\/p>\n<div id=\"attachment_25284\" style=\"width: 600px\" class=\"wp-caption aligncenter\"><a href=\"https:\/\/www.oficinaempleo.com\/blog\/wp-content\/uploads\/2018\/08\/chocola-text.jpg\"><img loading=\"lazy\" decoding=\"async\" aria-describedby=\"caption-attachment-25284\" class=\"size-full wp-image-25284\" src=\"https:\/\/www.oficinaempleo.com\/blog\/wp-content\/uploads\/2018\/08\/chocola-text.jpg\" alt=\"Ferrero busca 60 catadores de chocolate (iStock)\" width=\"590\" height=\"315\" srcset=\"https:\/\/www.oficinaempleo.com\/blog\/wp-content\/uploads\/2018\/08\/chocola-text.jpg 590w, https:\/\/www.oficinaempleo.com\/blog\/wp-content\/uploads\/2018\/08\/chocola-text-300x160.jpg 300w\" sizes=\"auto, (max-width: 590px) 100vw, 590px\" \/><\/a><p id=\"caption-attachment-25284\" class=\"wp-caption-text\">Ferrero busca 60 catadores de chocolate (iStock)<\/p><\/div>\n<p>Mediante un comunicado, la compa\u00f1\u00eda ha revelado que busca jueces sensoriales para actividades de degustaci\u00f3n. Hasta el momento, <a href=\"https:\/\/biconsortium.eu\/members\/soremartec-italia-gruppo-ferrero\"  >Soremartec Italia Srl<\/a> siempre se hab\u00eda decantado por catadores profesional pero, ha decidido cambiar esta pol\u00edtica interna dando la oportunidad a otras personas a iniciarse en esta labor, \u00abpersonas que deseen aprender a probar el cacao, los granos de avellanas y otros productos de la compa\u00f1\u00eda\u00bb.<\/p>\n<p>Adem\u00e1s, la empresa ofrece un curso de formaci\u00f3n totalmente pagado, que tendr\u00e1 como objetivo educar al olfato, el gusto y mejorar la capacidad de describir las sensaciones que te produce un producto a la hora de probarlo. Un curso que comenzar\u00e1 en septiembre y que tendr\u00e1 una duraci\u00f3n de tres meses.<\/p>\n<p>La compa\u00f1\u00eda italiana ha anunciado una serie de requisitos muy sencillos para poder acceder al empleo. Las personas interesadas tendr\u00e1n que enviar su curriculum vitae al <a href=\"http:\/\/www.openjobmetis.it\/sites\/default\/files\/inline-files\/RICERCHIAMO%2060%20GIUDICI%20SENSORIALI_1.pdf?utm_source=DesignTAXI&amp;utm_medium=DesignTAXI&amp;utm_term=DesignTAXI&amp;utm_content=DesignTAXI&amp;utm_campaign=DesignTAXI\"  >correo electr\u00f3nico facilitado por la compa\u00f1\u00eda<\/a>:\u00a0alba@openjob.it<\/p>\n<p>En caso de ser aceptado por la empresa, esa persona deber\u00eda desplazarse hasta Alba, regi\u00f3n situada en Piamonte (Italia), donde comenzar\u00eda su curso para convertirse en un catador profesional de los productos de Ferrero. Al finalizar este, todos aquellos candidatos que sean considerados adecuados ser\u00e1n contratados con un contrato parcial.<\/p>\n<p>Esta oferta de empleo es para trabajar dos d\u00edas a la semana en Alba (Italia), por lo que se trata de un trabajo temporal que es totalmente compatible con otros trabajo, tal y como ha anunciado la propia.<\/p>\n<p>Si no est\u00e1s dispuesto a trasladarte a Italia por cualquier motivo, Oficina Empleo tambi\u00e9n dispone de ofertas que se podr\u00edan ajustar m\u00e1s a tus intereses y que podr\u00edan estar m\u00e1s cerca de tu ciudad de origen.<\/p>\n<ul>\n<li><a href=\"https:\/\/www.oficinaempleo.com\/ofertas-empleo-en\/madrid\"  >Empleo en Madrid<\/a><\/li>\n<li><a href=\"https:\/\/www.oficinaempleo.com\/ofertas-empleo-en\/burgos\"  >Empleo en Burgos<\/a><\/li>\n<li><a href=\"https:\/\/www.oficinaempleo.com\/ofertas-empleo-en\/soria\"  >Empleo en Soria<\/a><\/li>\n<li><a href=\"https:\/\/www.oficinaempleo.com\/ofertas-empleo-en\/jaen\"  >Empleo en Ja\u00e9n<\/a><\/li>\n<li><a href=\"https:\/\/www.oficinaempleo.com\/ofertas-empleo-en\/tarragona\"  >Empleo en Tarragona<\/a><\/li>\n<\/ul>\n<div class=\"su-button-center\"><a href=\"https:\/\/jobs.oficinaempleo.com\/registro?origen=ORG-web&#038;utm_source=OE&#038;utm_medium=boton_registro&#038;utm_content=homepage&#038;utm_campaign=organic\" class=\"su-button su-button-style-flat\" style=\"color:#FFFFFF;background-color:#ec7d0c;border-color:#bd640a;border-radius:10px\" target=\"__blank\"><span style=\"color:#FFFFFF;padding:8px 26px;font-size:20px;line-height:30px;border-color:#f2a455;border-radius:10px;text-shadow:none\"><i class=\"sui sui-arrow-circle-right\" style=\"font-size:20px;color:#FFFFFF\"><\/i> Reg\u00edstrate gratis en OficinaEmpleo<\/span><\/a><\/div><div class=\"su-spacer\" style=\"height:30px\"><\/div>\n","protected":false},"excerpt":{"rendered":"<p>Soremartec Italia Srl, empresa de investigaci\u00f3n y desarrollo de Ferrero, ha sido la \u00faltima en ofertar uno de esos trabajos de ensue\u00f1o ya que la compa\u00f1\u00eda italiana est\u00e1 ofreciendo hasta 60 puestos de trabajo como catador de productos de la empresa, entre las que destacan marcas como Nutella. Mediante un comunicado, la compa\u00f1\u00eda ha revelado [&hellip;]<\/p>\n","protected":false},"author":31,"featured_media":25285,"comment_status":"open","ping_status":"open","sticky":false,"template":"","format":"standard","meta":{"footnotes":""},"categories":[691],"tags":[6466,24,6463,6464,6465],"class_list":["post-25283","post","type-post","status-publish","format-standard","has-post-thumbnail","hentry","category-actualidad-empleo","tag-degustador","tag-empleo","tag-empleo-italia","tag-ferrero","tag-nutella","cat-691-id","has_thumb"],"yoast_head":"<!-- This site is optimized with the Yoast SEO plugin v27.1.1 - https:\/\/yoast.com\/product\/yoast-seo-wordpress\/ -->\n<title>Ferrero busca 60 catadores de Nutella<\/title>\n<meta name=\"description\" content=\"La empresa de Ferrero da la oportunidad de formar a nuevos catadores para trabajar degustando chocolate, entre ellos, Nutella\" \/>\n<meta name=\"robots\" content=\"index, follow, max-snippet:-1, max-image-preview:large, max-video-preview:-1\" \/>\n<link rel=\"canonical\" href=\"https:\/\/www.oficinaempleo.com\/blog\/ferrero-busca-60-catadores-de-nutella\/\" \/>\n<meta property=\"og:locale\" content=\"es_ES\" \/>\n<meta property=\"og:type\" content=\"article\" \/>\n<meta property=\"og:title\" content=\"Ferrero busca 60 catadores de Nutella\" \/>\n<meta property=\"og:description\" content=\"La empresa de Ferrero da la oportunidad de formar a nuevos catadores para trabajar degustando chocolate, entre ellos, Nutella\" \/>\n<meta property=\"og:url\" content=\"https:\/\/www.oficinaempleo.com\/blog\/ferrero-busca-60-catadores-de-nutella\/\" \/>\n<meta property=\"og:site_name\" content=\"Noticias y consejos de empleo | Blog OficinaEmpleo\" \/>\n<meta property=\"article:published_time\" content=\"2018-08-07T08:18:16+00:00\" \/>\n<meta property=\"article:modified_time\" content=\"2018-08-22T10:54:39+00:00\" \/>\n<meta property=\"og:image\" content=\"https:\/\/www.oficinaempleo.com\/blog\/wp-content\/uploads\/2018\/08\/chocolate-dest.jpg\" \/>\n\t<meta property=\"og:image:width\" content=\"600\" \/>\n\t<meta property=\"og:image:height\" content=\"310\" \/>\n\t<meta property=\"og:image:type\" content=\"image\/jpeg\" \/>\n<meta name=\"author\" content=\"Charo Trenado\" \/>\n<meta name=\"twitter:card\" content=\"summary_large_image\" \/>\n<meta name=\"twitter:creator\" content=\"@OficinaEmpleo\" \/>\n<meta name=\"twitter:site\" content=\"@OficinaEmpleo\" \/>\n<meta name=\"twitter:label1\" content=\"Written by\" \/>\n\t<meta name=\"twitter:data1\" content=\"Charo Trenado\" \/>\n\t<meta name=\"twitter:label2\" content=\"Est. reading time\" \/>\n\t<meta name=\"twitter:data2\" content=\"2 minutos\" \/>\n<script type=\"application\/ld+json\" class=\"yoast-schema-graph\">{\"@context\":\"https:\/\/schema.org\",\"@graph\":[{\"@type\":\"Article\",\"@id\":\"https:\/\/www.oficinaempleo.com\/blog\/ferrero-busca-60-catadores-de-nutella\/#article\",\"isPartOf\":{\"@id\":\"https:\/\/www.oficinaempleo.com\/blog\/ferrero-busca-60-catadores-de-nutella\/\"},\"author\":{\"name\":\"Charo Trenado\",\"@id\":\"https:\/\/www.oficinaempleo.com\/blog\/#\/schema\/person\/0cba55adfbbbda7e66fb3ca71b8d2b58\"},\"headline\":\"Ferrero busca 60 catadores de Nutella\",\"datePublished\":\"2018-08-07T08:18:16+00:00\",\"dateModified\":\"2018-08-22T10:54:39+00:00\",\"mainEntityOfPage\":{\"@id\":\"https:\/\/www.oficinaempleo.com\/blog\/ferrero-busca-60-catadores-de-nutella\/\"},\"wordCount\":445,\"commentCount\":28,\"publisher\":{\"@id\":\"https:\/\/www.oficinaempleo.com\/blog\/#organization\"},\"image\":{\"@id\":\"https:\/\/www.oficinaempleo.com\/blog\/ferrero-busca-60-catadores-de-nutella\/#primaryimage\"},\"thumbnailUrl\":\"https:\/\/www.oficinaempleo.com\/blog\/wp-content\/uploads\/2018\/08\/chocolate-dest.jpg\",\"keywords\":[\"degustador\",\"empleo\",\"empleo italia\",\"ferrero\",\"nutella\"],\"articleSection\":[\"Actualidad\"],\"inLanguage\":\"es\",\"potentialAction\":[{\"@type\":\"CommentAction\",\"name\":\"Comment\",\"target\":[\"https:\/\/www.oficinaempleo.com\/blog\/ferrero-busca-60-catadores-de-nutella\/#respond\"]}]},{\"@type\":\"WebPage\",\"@id\":\"https:\/\/www.oficinaempleo.com\/blog\/ferrero-busca-60-catadores-de-nutella\/\",\"url\":\"https:\/\/www.oficinaempleo.com\/blog\/ferrero-busca-60-catadores-de-nutella\/\",\"name\":\"Ferrero busca 60 catadores de Nutella\",\"isPartOf\":{\"@id\":\"https:\/\/www.oficinaempleo.com\/blog\/#website\"},\"primaryImageOfPage\":{\"@id\":\"https:\/\/www.oficinaempleo.com\/blog\/ferrero-busca-60-catadores-de-nutella\/#primaryimage\"},\"image\":{\"@id\":\"https:\/\/www.oficinaempleo.com\/blog\/ferrero-busca-60-catadores-de-nutella\/#primaryimage\"},\"thumbnailUrl\":\"https:\/\/www.oficinaempleo.com\/blog\/wp-content\/uploads\/2018\/08\/chocolate-dest.jpg\",\"datePublished\":\"2018-08-07T08:18:16+00:00\",\"dateModified\":\"2018-08-22T10:54:39+00:00\",\"description\":\"La empresa de Ferrero da la oportunidad de formar a nuevos catadores para trabajar degustando chocolate, entre ellos, Nutella\",\"breadcrumb\":{\"@id\":\"https:\/\/www.oficinaempleo.com\/blog\/ferrero-busca-60-catadores-de-nutella\/#breadcrumb\"},\"inLanguage\":\"es\",\"potentialAction\":[{\"@type\":\"ReadAction\",\"target\":[\"https:\/\/www.oficinaempleo.com\/blog\/ferrero-busca-60-catadores-de-nutella\/\"]}]},{\"@type\":\"ImageObject\",\"inLanguage\":\"es\",\"@id\":\"https:\/\/www.oficinaempleo.com\/blog\/ferrero-busca-60-catadores-de-nutella\/#primaryimage\",\"url\":\"https:\/\/www.oficinaempleo.com\/blog\/wp-content\/uploads\/2018\/08\/chocolate-dest.jpg\",\"contentUrl\":\"https:\/\/www.oficinaempleo.com\/blog\/wp-content\/uploads\/2018\/08\/chocolate-dest.jpg\",\"width\":600,\"height\":310},{\"@type\":\"BreadcrumbList\",\"@id\":\"https:\/\/www.oficinaempleo.com\/blog\/ferrero-busca-60-catadores-de-nutella\/#breadcrumb\",\"itemListElement\":[{\"@type\":\"ListItem\",\"position\":1,\"name\":\"Home\",\"item\":\"https:\/\/www.oficinaempleo.com\/blog\/\"},{\"@type\":\"ListItem\",\"position\":2,\"name\":\"Ferrero busca 60 catadores de Nutella\"}]},{\"@type\":\"WebSite\",\"@id\":\"https:\/\/www.oficinaempleo.com\/blog\/#website\",\"url\":\"https:\/\/www.oficinaempleo.com\/blog\/\",\"name\":\"Noticias y Consejos de Empleo | Blog OficinaEmpleo\",\"description\":\"\",\"publisher\":{\"@id\":\"https:\/\/www.oficinaempleo.com\/blog\/#organization\"},\"potentialAction\":[{\"@type\":\"SearchAction\",\"target\":{\"@type\":\"EntryPoint\",\"urlTemplate\":\"https:\/\/www.oficinaempleo.com\/blog\/?s={search_term_string}\"},\"query-input\":{\"@type\":\"PropertyValueSpecification\",\"valueRequired\":true,\"valueName\":\"search_term_string\"}}],\"inLanguage\":\"es\"},{\"@type\":\"Organization\",\"@id\":\"https:\/\/www.oficinaempleo.com\/blog\/#organization\",\"name\":\"OficinaEmpleo\",\"url\":\"https:\/\/www.oficinaempleo.com\/blog\/\",\"logo\":{\"@type\":\"ImageObject\",\"inLanguage\":\"es\",\"@id\":\"https:\/\/www.oficinaempleo.com\/blog\/#\/schema\/logo\/image\/\",\"url\":\"https:\/\/www.oficinaempleo.com\/blog\/wp-content\/uploads\/2018\/10\/logo_footer-1.jpg\",\"contentUrl\":\"https:\/\/www.oficinaempleo.com\/blog\/wp-content\/uploads\/2018\/10\/logo_footer-1.jpg\",\"width\":478,\"height\":57,\"caption\":\"OficinaEmpleo\"},\"image\":{\"@id\":\"https:\/\/www.oficinaempleo.com\/blog\/#\/schema\/logo\/image\/\"},\"sameAs\":[\"https:\/\/x.com\/OficinaEmpleo\"]},{\"@type\":\"Person\",\"@id\":\"https:\/\/www.oficinaempleo.com\/blog\/#\/schema\/person\/0cba55adfbbbda7e66fb3ca71b8d2b58\",\"name\":\"Charo Trenado\",\"image\":{\"@type\":\"ImageObject\",\"inLanguage\":\"es\",\"@id\":\"https:\/\/www.oficinaempleo.com\/blog\/#\/schema\/person\/image\/\",\"url\":\"https:\/\/secure.gravatar.com\/avatar\/b6935128013a153d5650801c6433db44b18bb2f24e6787206755ad0a7c07b99c?s=96&d=mm&r=g\",\"contentUrl\":\"https:\/\/secure.gravatar.com\/avatar\/b6935128013a153d5650801c6433db44b18bb2f24e6787206755ad0a7c07b99c?s=96&d=mm&r=g\",\"caption\":\"Charo Trenado\"},\"url\":\"https:\/\/www.oficinaempleo.com\/blog\/author\/charo-trenado\/\"}]}<\/script>\n<!-- \/ Yoast SEO plugin. -->","yoast_head_json":{"title":"Ferrero busca 60 catadores de Nutella","description":"La empresa de Ferrero da la oportunidad de formar a nuevos catadores para trabajar degustando chocolate, entre ellos, Nutella","robots":{"index":"index","follow":"follow","max-snippet":"max-snippet:-1","max-image-preview":"max-image-preview:large","max-video-preview":"max-video-preview:-1"},"canonical":"https:\/\/www.oficinaempleo.com\/blog\/ferrero-busca-60-catadores-de-nutella\/","og_locale":"es_ES","og_type":"article","og_title":"Ferrero busca 60 catadores de Nutella","og_description":"La empresa de Ferrero da la oportunidad de formar a nuevos catadores para trabajar degustando chocolate, entre ellos, Nutella","og_url":"https:\/\/www.oficinaempleo.com\/blog\/ferrero-busca-60-catadores-de-nutella\/","og_site_name":"Noticias y consejos de empleo | Blog OficinaEmpleo","article_published_time":"2018-08-07T08:18:16+00:00","article_modified_time":"2018-08-22T10:54:39+00:00","og_image":[{"width":600,"height":310,"url":"https:\/\/www.oficinaempleo.com\/blog\/wp-content\/uploads\/2018\/08\/chocolate-dest.jpg","type":"image\/jpeg"}],"author":"Charo Trenado","twitter_card":"summary_large_image","twitter_creator":"@OficinaEmpleo","twitter_site":"@OficinaEmpleo","twitter_misc":{"Written by":"Charo Trenado","Est. reading time":"2 minutos"},"schema":{"@context":"https:\/\/schema.org","@graph":[{"@type":"Article","@id":"https:\/\/www.oficinaempleo.com\/blog\/ferrero-busca-60-catadores-de-nutella\/#article","isPartOf":{"@id":"https:\/\/www.oficinaempleo.com\/blog\/ferrero-busca-60-catadores-de-nutella\/"},"author":{"name":"Charo Trenado","@id":"https:\/\/www.oficinaempleo.com\/blog\/#\/schema\/person\/0cba55adfbbbda7e66fb3ca71b8d2b58"},"headline":"Ferrero busca 60 catadores de Nutella","datePublished":"2018-08-07T08:18:16+00:00","dateModified":"2018-08-22T10:54:39+00:00","mainEntityOfPage":{"@id":"https:\/\/www.oficinaempleo.com\/blog\/ferrero-busca-60-catadores-de-nutella\/"},"wordCount":445,"commentCount":28,"publisher":{"@id":"https:\/\/www.oficinaempleo.com\/blog\/#organization"},"image":{"@id":"https:\/\/www.oficinaempleo.com\/blog\/ferrero-busca-60-catadores-de-nutella\/#primaryimage"},"thumbnailUrl":"https:\/\/www.oficinaempleo.com\/blog\/wp-content\/uploads\/2018\/08\/chocolate-dest.jpg","keywords":["degustador","empleo","empleo italia","ferrero","nutella"],"articleSection":["Actualidad"],"inLanguage":"es","potentialAction":[{"@type":"CommentAction","name":"Comment","target":["https:\/\/www.oficinaempleo.com\/blog\/ferrero-busca-60-catadores-de-nutella\/#respond"]}]},{"@type":"WebPage","@id":"https:\/\/www.oficinaempleo.com\/blog\/ferrero-busca-60-catadores-de-nutella\/","url":"https:\/\/www.oficinaempleo.com\/blog\/ferrero-busca-60-catadores-de-nutella\/","name":"Ferrero busca 60 catadores de Nutella","isPartOf":{"@id":"https:\/\/www.oficinaempleo.com\/blog\/#website"},"primaryImageOfPage":{"@id":"https:\/\/www.oficinaempleo.com\/blog\/ferrero-busca-60-catadores-de-nutella\/#primaryimage"},"image":{"@id":"https:\/\/www.oficinaempleo.com\/blog\/ferrero-busca-60-catadores-de-nutella\/#primaryimage"},"thumbnailUrl":"https:\/\/www.oficinaempleo.com\/blog\/wp-content\/uploads\/2018\/08\/chocolate-dest.jpg","datePublished":"2018-08-07T08:18:16+00:00","dateModified":"2018-08-22T10:54:39+00:00","description":"La empresa de Ferrero da la oportunidad de formar a nuevos catadores para trabajar degustando chocolate, entre ellos, Nutella","breadcrumb":{"@id":"https:\/\/www.oficinaempleo.com\/blog\/ferrero-busca-60-catadores-de-nutella\/#breadcrumb"},"inLanguage":"es","potentialAction":[{"@type":"ReadAction","target":["https:\/\/www.oficinaempleo.com\/blog\/ferrero-busca-60-catadores-de-nutella\/"]}]},{"@type":"ImageObject","inLanguage":"es","@id":"https:\/\/www.oficinaempleo.com\/blog\/ferrero-busca-60-catadores-de-nutella\/#primaryimage","url":"https:\/\/www.oficinaempleo.com\/blog\/wp-content\/uploads\/2018\/08\/chocolate-dest.jpg","contentUrl":"https:\/\/www.oficinaempleo.com\/blog\/wp-content\/uploads\/2018\/08\/chocolate-dest.jpg","width":600,"height":310},{"@type":"BreadcrumbList","@id":"https:\/\/www.oficinaempleo.com\/blog\/ferrero-busca-60-catadores-de-nutella\/#breadcrumb","itemListElement":[{"@type":"ListItem","position":1,"name":"Home","item":"https:\/\/www.oficinaempleo.com\/blog\/"},{"@type":"ListItem","position":2,"name":"Ferrero busca 60 catadores de Nutella"}]},{"@type":"WebSite","@id":"https:\/\/www.oficinaempleo.com\/blog\/#website","url":"https:\/\/www.oficinaempleo.com\/blog\/","name":"Noticias y Consejos de Empleo | Blog OficinaEmpleo","description":"","publisher":{"@id":"https:\/\/www.oficinaempleo.com\/blog\/#organization"},"potentialAction":[{"@type":"SearchAction","target":{"@type":"EntryPoint","urlTemplate":"https:\/\/www.oficinaempleo.com\/blog\/?s={search_term_string}"},"query-input":{"@type":"PropertyValueSpecification","valueRequired":true,"valueName":"search_term_string"}}],"inLanguage":"es"},{"@type":"Organization","@id":"https:\/\/www.oficinaempleo.com\/blog\/#organization","name":"OficinaEmpleo","url":"https:\/\/www.oficinaempleo.com\/blog\/","logo":{"@type":"ImageObject","inLanguage":"es","@id":"https:\/\/www.oficinaempleo.com\/blog\/#\/schema\/logo\/image\/","url":"https:\/\/www.oficinaempleo.com\/blog\/wp-content\/uploads\/2018\/10\/logo_footer-1.jpg","contentUrl":"https:\/\/www.oficinaempleo.com\/blog\/wp-content\/uploads\/2018\/10\/logo_footer-1.jpg","width":478,"height":57,"caption":"OficinaEmpleo"},"image":{"@id":"https:\/\/www.oficinaempleo.com\/blog\/#\/schema\/logo\/image\/"},"sameAs":["https:\/\/x.com\/OficinaEmpleo"]},{"@type":"Person","@id":"https:\/\/www.oficinaempleo.com\/blog\/#\/schema\/person\/0cba55adfbbbda7e66fb3ca71b8d2b58","name":"Charo Trenado","image":{"@type":"ImageObject","inLanguage":"es","@id":"https:\/\/www.oficinaempleo.com\/blog\/#\/schema\/person\/image\/","url":"https:\/\/secure.gravatar.com\/avatar\/b6935128013a153d5650801c6433db44b18bb2f24e6787206755ad0a7c07b99c?s=96&d=mm&r=g","contentUrl":"https:\/\/secure.gravatar.com\/avatar\/b6935128013a153d5650801c6433db44b18bb2f24e6787206755ad0a7c07b99c?s=96&d=mm&r=g","caption":"Charo Trenado"},"url":"https:\/\/www.oficinaempleo.com\/blog\/author\/charo-trenado\/"}]}},"_links":{"self":[{"href":"https:\/\/www.oficinaempleo.com\/blog\/wp-json\/wp\/v2\/posts\/25283","targetHints":{"allow":["GET"]}}],"collection":[{"href":"https:\/\/www.oficinaempleo.com\/blog\/wp-json\/wp\/v2\/posts"}],"about":[{"href":"https:\/\/www.oficinaempleo.com\/blog\/wp-json\/wp\/v2\/types\/post"}],"author":[{"embeddable":true,"href":"https:\/\/www.oficinaempleo.com\/blog\/wp-json\/wp\/v2\/users\/31"}],"replies":[{"embeddable":true,"href":"https:\/\/www.oficinaempleo.com\/blog\/wp-json\/wp\/v2\/comments?post=25283"}],"version-history":[{"count":1,"href":"https:\/\/www.oficinaempleo.com\/blog\/wp-json\/wp\/v2\/posts\/25283\/revisions"}],"predecessor-version":[{"id":25286,"href":"https:\/\/www.oficinaempleo.com\/blog\/wp-json\/wp\/v2\/posts\/25283\/revisions\/25286"}],"wp:featuredmedia":[{"embeddable":true,"href":"https:\/\/www.oficinaempleo.com\/blog\/wp-json\/wp\/v2\/media\/25285"}],"wp:attachment":[{"href":"https:\/\/www.oficinaempleo.com\/blog\/wp-json\/wp\/v2\/media?parent=25283"}],"wp:term":[{"taxonomy":"category","embeddable":true,"href":"https:\/\/www.oficinaempleo.com\/blog\/wp-json\/wp\/v2\/categories?post=25283"},{"taxonomy":"post_tag","embeddable":true,"href":"https:\/\/www.oficinaempleo.com\/blog\/wp-json\/wp\/v2\/tags?post=25283"}],"curies":[{"name":"wp","href":"https:\/\/api.w.org\/{rel}","templated":true}]}}