{"id":25350,"date":"2018-08-20T06:03:40","date_gmt":"2018-08-20T05:03:40","guid":{"rendered":"https:\/\/www.oficinaempleo.com\/blog\/?p=25350"},"modified":"2018-08-22T11:41:46","modified_gmt":"2018-08-22T10:41:46","slug":"las-proximas-aperturas-de-aldi-generaran-nuevos-empleos","status":"publish","type":"post","link":"https:\/\/www.oficinaempleo.com\/blog\/las-proximas-aperturas-de-aldi-generaran-nuevos-empleos\/","title":{"rendered":"Las pr\u00f3ximas aperturas de ALDI generar\u00e1n nuevos empleos"},"content":{"rendered":"<div class=\"su-button-center\"><a href=\"https:\/\/jobs.oficinaempleo.com\/registro?origen=ORG-web&#038;utm_source=OE&#038;utm_medium=boton_registro&#038;utm_content=homepage&#038;utm_campaign=organic\" class=\"su-button su-button-style-flat\" style=\"color:#FFFFFF;background-color:#ec7d0c;border-color:#bd640a;border-radius:10px\" target=\"__blank\"><span style=\"color:#FFFFFF;padding:8px 26px;font-size:20px;line-height:30px;border-color:#f2a455;border-radius:10px;text-shadow:none\"><i class=\"sui sui-arrow-circle-right\" style=\"font-size:20px;color:#FFFFFF\"><\/i> Reg\u00edstrate gratis en OficinaEmpleo<\/span><\/a><\/div><div class=\"su-spacer\" style=\"height:30px\"><\/div>\n<p>ALDI avanza su expansi\u00f3n de establecimientos. Por un lado ha abierto un nuevo supermercado en Orihuela Costa en la localidad de Alicante, concretamente en la Calle Ram\u00f3n de Campoamor, n\u00famero 2. Esta apertura ha supuesto la creaci\u00f3n de seis<a href=\"https:\/\/www.oficinaempleo.com\/blog\/supermercados-aldi-necesita-personal-para-sus-nuevas-tiendas-en-toda-espana\/\"  > puestos de trabajo<\/a> con personal local.<\/p>\n<p>La tienda cuenta con unos 1.200 metros cuadrados de superficie y m\u00e1s de 100 plazas de aparcamiento. Este establecimiento estar\u00e1 abierto al p\u00fablico de lunes a s\u00e1bado de 9:00 a 22:00 horas, y los domingos de 9:00 a 21:00 horas.<\/p>\n<div id=\"attachment_25354\" style=\"width: 600px\" class=\"wp-caption aligncenter\"><a href=\"https:\/\/www.oficinaempleo.com\/blog\/wp-content\/uploads\/2018\/06\/aldi-text.jpg\"><img loading=\"lazy\" decoding=\"async\" aria-describedby=\"caption-attachment-25354\" class=\"size-full wp-image-25354\" src=\"https:\/\/www.oficinaempleo.com\/blog\/wp-content\/uploads\/2018\/06\/aldi-text.jpg\" alt=\"ALDI avanza con su expansi\u00f3n de comercios por Espa\u00f1a (iStock)\" width=\"590\" height=\"315\" srcset=\"https:\/\/www.oficinaempleo.com\/blog\/wp-content\/uploads\/2018\/06\/aldi-text.jpg 590w, https:\/\/www.oficinaempleo.com\/blog\/wp-content\/uploads\/2018\/06\/aldi-text-300x160.jpg 300w\" sizes=\"auto, (max-width: 590px) 100vw, 590px\" \/><\/a><p id=\"caption-attachment-25354\" class=\"wp-caption-text\">ALDI avanza con su expansi\u00f3n de comercios por Espa\u00f1a (iStock)<\/p><\/div>\n<p>Este nuevo comercio se enmarca dentro del plan de desarrollo de la compa\u00f1\u00eda en la provincia de Alicante, donde ya cuenta\u00a0con 33 establecimientos. Adem\u00e1s, el pasado d\u00eda 16 de agosto, el grupo ALDI ha reforzado su presencia en C\u00e1diz con la apertura de un nuevo supermercado en Barbate.<\/p>\n<p>La nueva tienda cuenta con 1.200 metros cuadrados y dispondr\u00e1 de 70 plazas de aparcamiento. Esta, estar\u00e1 ubicada en la carretera de acceso a Barbate, A-314. El horario de verano de la tienda es de lunes a s\u00e1bado de 9:00 a 22:00 horas, hasta el 15 de septiembre y durante el resto del a\u00f1o, hasta las 21:30 horas.<\/p>\n<p><a href=\"https:\/\/www.oficinaempleo.com\/blog\/como-trabajar-en-supermercados-aldi\/\"  >ALDI<\/a> cuenta con m\u00e1s de 69 establecimientos en Andaluc\u00eda, 12 de ellos en la provincia de C\u00e1diz. La tienda mantiene los 11 puestos de trabajo actuales y genera 3 nuevos. As\u00ed, con la implantaci\u00f3n de este supermercado, ALDI contribuye a una nueva alternativa para hacer la compra familiar.<\/p>\n<p>Esta cadena de alimentaci\u00f3n tiene previsto invertir 97,4 millones de euros durante este 2018 para la apertura de 32 tiendas en Espa\u00f1a. Continuar\u00e1n con su plan de desarrollo por el pa\u00eds, por lo que tendremos que estar atentos de los puestos de trabajo que se ir\u00e1n ofertando a lo largo del a\u00f1o.<\/p>\n<p>ALDI es uno de los supermercados m\u00e1s importantes del mundo y disfrutamos de sus alimentos desde 2002. En la actualidad tiene m\u00e1s de 270 establecimientos que consigue abastecer con los mejores proveedores locales, estatales e internacionales.<\/p>\n<p>Para ver las <a href=\"https:\/\/aldi.epreselec.com\/\"  >ofertas de empleo que ofrece esta cadena<\/a>, puedes hacerlo desde su <a href=\"https:\/\/www.aldi.es\/\"  >p\u00e1gina web oficial<\/a>, o simplemente puedes dejar el CV para si, en alg\u00fan momento hace falta personal, recurrir a su plataforma personal. De todas formas, Oficina Empleo piensa tambi\u00e9n en las personas que quieren trabajar en otro sector o localidad.<\/p>\n<ul>\n<li><a href=\"https:\/\/www.oficinaempleo.com\/ofertas-empleo-en\/madrid\"  >Empleo en Madrid<\/a><\/li>\n<li><a href=\"https:\/\/www.oficinaempleo.com\/ofertas-empleo-en\/barcelona\"  >Empleo en Barcelona<\/a><\/li>\n<li><a href=\"https:\/\/www.oficinaempleo.com\/ofertas-empleo-en\/islas-baleares\"  >Empleo en Islas Baleares<\/a><\/li>\n<li><a href=\"https:\/\/www.oficinaempleo.com\/ofertas-empleo-en\/leon\"  >Empleo en Le\u00f3n<\/a><\/li>\n<li><a href=\"https:\/\/www.oficinaempleo.com\/ofertas-empleo-en\/vizcaya\"  >Empleo en Vizcaya<\/a><\/li>\n<\/ul>\n<div class=\"su-button-center\"><a href=\"https:\/\/jobs.oficinaempleo.com\/registro?origen=ORG-web&#038;utm_source=OE&#038;utm_medium=boton_registro&#038;utm_content=homepage&#038;utm_campaign=organic\" class=\"su-button su-button-style-flat\" style=\"color:#FFFFFF;background-color:#ec7d0c;border-color:#bd640a;border-radius:10px\" target=\"__blank\"><span style=\"color:#FFFFFF;padding:8px 26px;font-size:20px;line-height:30px;border-color:#f2a455;border-radius:10px;text-shadow:none\"><i class=\"sui sui-arrow-circle-right\" style=\"font-size:20px;color:#FFFFFF\"><\/i> Reg\u00edstrate gratis en OficinaEmpleo<\/span><\/a><\/div><div class=\"su-spacer\" style=\"height:30px\"><\/div>\n","protected":false},"excerpt":{"rendered":"<p>ALDI avanza su expansi\u00f3n de establecimientos. Por un lado ha abierto un nuevo supermercado en Orihuela Costa en la localidad de Alicante, concretamente en la Calle Ram\u00f3n de Campoamor, n\u00famero 2. Esta apertura ha supuesto la creaci\u00f3n de seis puestos de trabajo con personal local. La tienda cuenta con unos 1.200 metros cuadrados de superficie [&hellip;]<\/p>\n","protected":false},"author":31,"featured_media":25351,"comment_status":"open","ping_status":"open","sticky":false,"template":"","format":"standard","meta":{"footnotes":""},"categories":[691,1441,3,1113],"tags":[6485,6484,6482,6483,1868,6481],"class_list":["post-25350","post","type-post","status-publish","format-standard","has-post-thumbnail","hentry","category-actualidad-empleo","category-empresas","category-noticias-empleo","category-supermercados","tag-aldi-apertura","tag-aldi-nuevo-empleo","tag-aldi-trabajar","tag-empleo-aldi","tag-nuevo-empleo","tag-supermercados-aldi","cat-691-id","cat-1441-id","cat-3-id","cat-1113-id","has_thumb"],"yoast_head":"<!-- This site is optimized with the Yoast SEO plugin v27.1.1 - https:\/\/yoast.com\/product\/yoast-seo-wordpress\/ -->\n<title>Las pr\u00f3ximas aperturas de ALDI generar\u00e1n nuevos empleos<\/title>\n<meta name=\"description\" content=\"ALDI, avanza su expansi\u00f3n, abriendo un nuevo supermercado en Alicante y otro en C\u00e1diz que comenz\u00f3 su funcionamiento el pasado 16 de agosto.\" \/>\n<meta name=\"robots\" content=\"index, follow, max-snippet:-1, max-image-preview:large, max-video-preview:-1\" \/>\n<link rel=\"canonical\" href=\"https:\/\/www.oficinaempleo.com\/blog\/las-proximas-aperturas-de-aldi-generaran-nuevos-empleos\/\" \/>\n<meta property=\"og:locale\" content=\"es_ES\" \/>\n<meta property=\"og:type\" content=\"article\" \/>\n<meta property=\"og:title\" content=\"Las pr\u00f3ximas aperturas de ALDI generar\u00e1n nuevos empleos\" \/>\n<meta property=\"og:description\" content=\"ALDI, avanza su expansi\u00f3n, abriendo un nuevo supermercado en Alicante y otro en C\u00e1diz que comenz\u00f3 su funcionamiento el pasado 16 de agosto.\" \/>\n<meta property=\"og:url\" content=\"https:\/\/www.oficinaempleo.com\/blog\/las-proximas-aperturas-de-aldi-generaran-nuevos-empleos\/\" \/>\n<meta property=\"og:site_name\" content=\"Noticias y consejos de empleo | Blog OficinaEmpleo\" \/>\n<meta property=\"article:published_time\" content=\"2018-08-20T05:03:40+00:00\" \/>\n<meta property=\"article:modified_time\" content=\"2018-08-22T10:41:46+00:00\" \/>\n<meta property=\"og:image\" content=\"https:\/\/www.oficinaempleo.com\/blog\/wp-content\/uploads\/2018\/08\/aldi-dest.jpg\" \/>\n\t<meta property=\"og:image:width\" content=\"600\" \/>\n\t<meta property=\"og:image:height\" content=\"310\" \/>\n\t<meta property=\"og:image:type\" content=\"image\/jpeg\" \/>\n<meta name=\"author\" content=\"Charo Trenado\" \/>\n<meta name=\"twitter:card\" content=\"summary_large_image\" \/>\n<meta name=\"twitter:creator\" content=\"@OficinaEmpleo\" \/>\n<meta name=\"twitter:site\" content=\"@OficinaEmpleo\" \/>\n<meta name=\"twitter:label1\" content=\"Written by\" \/>\n\t<meta name=\"twitter:data1\" content=\"Charo Trenado\" \/>\n\t<meta name=\"twitter:label2\" content=\"Est. reading time\" \/>\n\t<meta name=\"twitter:data2\" content=\"2 minutos\" \/>\n<script type=\"application\/ld+json\" class=\"yoast-schema-graph\">{\"@context\":\"https:\/\/schema.org\",\"@graph\":[{\"@type\":\"Article\",\"@id\":\"https:\/\/www.oficinaempleo.com\/blog\/las-proximas-aperturas-de-aldi-generaran-nuevos-empleos\/#article\",\"isPartOf\":{\"@id\":\"https:\/\/www.oficinaempleo.com\/blog\/las-proximas-aperturas-de-aldi-generaran-nuevos-empleos\/\"},\"author\":{\"name\":\"Charo Trenado\",\"@id\":\"https:\/\/www.oficinaempleo.com\/blog\/#\/schema\/person\/0cba55adfbbbda7e66fb3ca71b8d2b58\"},\"headline\":\"Las pr\u00f3ximas aperturas de ALDI generar\u00e1n nuevos empleos\",\"datePublished\":\"2018-08-20T05:03:40+00:00\",\"dateModified\":\"2018-08-22T10:41:46+00:00\",\"mainEntityOfPage\":{\"@id\":\"https:\/\/www.oficinaempleo.com\/blog\/las-proximas-aperturas-de-aldi-generaran-nuevos-empleos\/\"},\"wordCount\":496,\"commentCount\":26,\"publisher\":{\"@id\":\"https:\/\/www.oficinaempleo.com\/blog\/#organization\"},\"image\":{\"@id\":\"https:\/\/www.oficinaempleo.com\/blog\/las-proximas-aperturas-de-aldi-generaran-nuevos-empleos\/#primaryimage\"},\"thumbnailUrl\":\"https:\/\/www.oficinaempleo.com\/blog\/wp-content\/uploads\/2018\/08\/aldi-dest.jpg\",\"keywords\":[\"aldi apertura\",\"aldi nuevo empleo\",\"aldi trabajar\",\"empleo aldi\",\"nuevo empleo\",\"supermercados aldi\"],\"articleSection\":[\"Actualidad\",\"Empresas\",\"Noticias Empleo\",\"supermercados\"],\"inLanguage\":\"es\",\"potentialAction\":[{\"@type\":\"CommentAction\",\"name\":\"Comment\",\"target\":[\"https:\/\/www.oficinaempleo.com\/blog\/las-proximas-aperturas-de-aldi-generaran-nuevos-empleos\/#respond\"]}]},{\"@type\":\"WebPage\",\"@id\":\"https:\/\/www.oficinaempleo.com\/blog\/las-proximas-aperturas-de-aldi-generaran-nuevos-empleos\/\",\"url\":\"https:\/\/www.oficinaempleo.com\/blog\/las-proximas-aperturas-de-aldi-generaran-nuevos-empleos\/\",\"name\":\"Las pr\u00f3ximas aperturas de ALDI generar\u00e1n nuevos empleos\",\"isPartOf\":{\"@id\":\"https:\/\/www.oficinaempleo.com\/blog\/#website\"},\"primaryImageOfPage\":{\"@id\":\"https:\/\/www.oficinaempleo.com\/blog\/las-proximas-aperturas-de-aldi-generaran-nuevos-empleos\/#primaryimage\"},\"image\":{\"@id\":\"https:\/\/www.oficinaempleo.com\/blog\/las-proximas-aperturas-de-aldi-generaran-nuevos-empleos\/#primaryimage\"},\"thumbnailUrl\":\"https:\/\/www.oficinaempleo.com\/blog\/wp-content\/uploads\/2018\/08\/aldi-dest.jpg\",\"datePublished\":\"2018-08-20T05:03:40+00:00\",\"dateModified\":\"2018-08-22T10:41:46+00:00\",\"description\":\"ALDI, avanza su expansi\u00f3n, abriendo un nuevo supermercado en Alicante y otro en C\u00e1diz que comenz\u00f3 su funcionamiento el pasado 16 de agosto.\",\"breadcrumb\":{\"@id\":\"https:\/\/www.oficinaempleo.com\/blog\/las-proximas-aperturas-de-aldi-generaran-nuevos-empleos\/#breadcrumb\"},\"inLanguage\":\"es\",\"potentialAction\":[{\"@type\":\"ReadAction\",\"target\":[\"https:\/\/www.oficinaempleo.com\/blog\/las-proximas-aperturas-de-aldi-generaran-nuevos-empleos\/\"]}]},{\"@type\":\"ImageObject\",\"inLanguage\":\"es\",\"@id\":\"https:\/\/www.oficinaempleo.com\/blog\/las-proximas-aperturas-de-aldi-generaran-nuevos-empleos\/#primaryimage\",\"url\":\"https:\/\/www.oficinaempleo.com\/blog\/wp-content\/uploads\/2018\/08\/aldi-dest.jpg\",\"contentUrl\":\"https:\/\/www.oficinaempleo.com\/blog\/wp-content\/uploads\/2018\/08\/aldi-dest.jpg\",\"width\":600,\"height\":310},{\"@type\":\"BreadcrumbList\",\"@id\":\"https:\/\/www.oficinaempleo.com\/blog\/las-proximas-aperturas-de-aldi-generaran-nuevos-empleos\/#breadcrumb\",\"itemListElement\":[{\"@type\":\"ListItem\",\"position\":1,\"name\":\"Home\",\"item\":\"https:\/\/www.oficinaempleo.com\/blog\/\"},{\"@type\":\"ListItem\",\"position\":2,\"name\":\"Las pr\u00f3ximas aperturas de ALDI generar\u00e1n nuevos empleos\"}]},{\"@type\":\"WebSite\",\"@id\":\"https:\/\/www.oficinaempleo.com\/blog\/#website\",\"url\":\"https:\/\/www.oficinaempleo.com\/blog\/\",\"name\":\"Noticias y Consejos de Empleo | Blog OficinaEmpleo\",\"description\":\"\",\"publisher\":{\"@id\":\"https:\/\/www.oficinaempleo.com\/blog\/#organization\"},\"potentialAction\":[{\"@type\":\"SearchAction\",\"target\":{\"@type\":\"EntryPoint\",\"urlTemplate\":\"https:\/\/www.oficinaempleo.com\/blog\/?s={search_term_string}\"},\"query-input\":{\"@type\":\"PropertyValueSpecification\",\"valueRequired\":true,\"valueName\":\"search_term_string\"}}],\"inLanguage\":\"es\"},{\"@type\":\"Organization\",\"@id\":\"https:\/\/www.oficinaempleo.com\/blog\/#organization\",\"name\":\"OficinaEmpleo\",\"url\":\"https:\/\/www.oficinaempleo.com\/blog\/\",\"logo\":{\"@type\":\"ImageObject\",\"inLanguage\":\"es\",\"@id\":\"https:\/\/www.oficinaempleo.com\/blog\/#\/schema\/logo\/image\/\",\"url\":\"https:\/\/www.oficinaempleo.com\/blog\/wp-content\/uploads\/2018\/10\/logo_footer-1.jpg\",\"contentUrl\":\"https:\/\/www.oficinaempleo.com\/blog\/wp-content\/uploads\/2018\/10\/logo_footer-1.jpg\",\"width\":478,\"height\":57,\"caption\":\"OficinaEmpleo\"},\"image\":{\"@id\":\"https:\/\/www.oficinaempleo.com\/blog\/#\/schema\/logo\/image\/\"},\"sameAs\":[\"https:\/\/x.com\/OficinaEmpleo\"]},{\"@type\":\"Person\",\"@id\":\"https:\/\/www.oficinaempleo.com\/blog\/#\/schema\/person\/0cba55adfbbbda7e66fb3ca71b8d2b58\",\"name\":\"Charo Trenado\",\"image\":{\"@type\":\"ImageObject\",\"inLanguage\":\"es\",\"@id\":\"https:\/\/www.oficinaempleo.com\/blog\/#\/schema\/person\/image\/\",\"url\":\"https:\/\/secure.gravatar.com\/avatar\/b6935128013a153d5650801c6433db44b18bb2f24e6787206755ad0a7c07b99c?s=96&d=mm&r=g\",\"contentUrl\":\"https:\/\/secure.gravatar.com\/avatar\/b6935128013a153d5650801c6433db44b18bb2f24e6787206755ad0a7c07b99c?s=96&d=mm&r=g\",\"caption\":\"Charo Trenado\"},\"url\":\"https:\/\/www.oficinaempleo.com\/blog\/author\/charo-trenado\/\"}]}<\/script>\n<!-- \/ Yoast SEO plugin. -->","yoast_head_json":{"title":"Las pr\u00f3ximas aperturas de ALDI generar\u00e1n nuevos empleos","description":"ALDI, avanza su expansi\u00f3n, abriendo un nuevo supermercado en Alicante y otro en C\u00e1diz que comenz\u00f3 su funcionamiento el pasado 16 de agosto.","robots":{"index":"index","follow":"follow","max-snippet":"max-snippet:-1","max-image-preview":"max-image-preview:large","max-video-preview":"max-video-preview:-1"},"canonical":"https:\/\/www.oficinaempleo.com\/blog\/las-proximas-aperturas-de-aldi-generaran-nuevos-empleos\/","og_locale":"es_ES","og_type":"article","og_title":"Las pr\u00f3ximas aperturas de ALDI generar\u00e1n nuevos empleos","og_description":"ALDI, avanza su expansi\u00f3n, abriendo un nuevo supermercado en Alicante y otro en C\u00e1diz que comenz\u00f3 su funcionamiento el pasado 16 de agosto.","og_url":"https:\/\/www.oficinaempleo.com\/blog\/las-proximas-aperturas-de-aldi-generaran-nuevos-empleos\/","og_site_name":"Noticias y consejos de empleo | Blog OficinaEmpleo","article_published_time":"2018-08-20T05:03:40+00:00","article_modified_time":"2018-08-22T10:41:46+00:00","og_image":[{"width":600,"height":310,"url":"https:\/\/www.oficinaempleo.com\/blog\/wp-content\/uploads\/2018\/08\/aldi-dest.jpg","type":"image\/jpeg"}],"author":"Charo Trenado","twitter_card":"summary_large_image","twitter_creator":"@OficinaEmpleo","twitter_site":"@OficinaEmpleo","twitter_misc":{"Written by":"Charo Trenado","Est. reading time":"2 minutos"},"schema":{"@context":"https:\/\/schema.org","@graph":[{"@type":"Article","@id":"https:\/\/www.oficinaempleo.com\/blog\/las-proximas-aperturas-de-aldi-generaran-nuevos-empleos\/#article","isPartOf":{"@id":"https:\/\/www.oficinaempleo.com\/blog\/las-proximas-aperturas-de-aldi-generaran-nuevos-empleos\/"},"author":{"name":"Charo Trenado","@id":"https:\/\/www.oficinaempleo.com\/blog\/#\/schema\/person\/0cba55adfbbbda7e66fb3ca71b8d2b58"},"headline":"Las pr\u00f3ximas aperturas de ALDI generar\u00e1n nuevos empleos","datePublished":"2018-08-20T05:03:40+00:00","dateModified":"2018-08-22T10:41:46+00:00","mainEntityOfPage":{"@id":"https:\/\/www.oficinaempleo.com\/blog\/las-proximas-aperturas-de-aldi-generaran-nuevos-empleos\/"},"wordCount":496,"commentCount":26,"publisher":{"@id":"https:\/\/www.oficinaempleo.com\/blog\/#organization"},"image":{"@id":"https:\/\/www.oficinaempleo.com\/blog\/las-proximas-aperturas-de-aldi-generaran-nuevos-empleos\/#primaryimage"},"thumbnailUrl":"https:\/\/www.oficinaempleo.com\/blog\/wp-content\/uploads\/2018\/08\/aldi-dest.jpg","keywords":["aldi apertura","aldi nuevo empleo","aldi trabajar","empleo aldi","nuevo empleo","supermercados aldi"],"articleSection":["Actualidad","Empresas","Noticias Empleo","supermercados"],"inLanguage":"es","potentialAction":[{"@type":"CommentAction","name":"Comment","target":["https:\/\/www.oficinaempleo.com\/blog\/las-proximas-aperturas-de-aldi-generaran-nuevos-empleos\/#respond"]}]},{"@type":"WebPage","@id":"https:\/\/www.oficinaempleo.com\/blog\/las-proximas-aperturas-de-aldi-generaran-nuevos-empleos\/","url":"https:\/\/www.oficinaempleo.com\/blog\/las-proximas-aperturas-de-aldi-generaran-nuevos-empleos\/","name":"Las pr\u00f3ximas aperturas de ALDI generar\u00e1n nuevos empleos","isPartOf":{"@id":"https:\/\/www.oficinaempleo.com\/blog\/#website"},"primaryImageOfPage":{"@id":"https:\/\/www.oficinaempleo.com\/blog\/las-proximas-aperturas-de-aldi-generaran-nuevos-empleos\/#primaryimage"},"image":{"@id":"https:\/\/www.oficinaempleo.com\/blog\/las-proximas-aperturas-de-aldi-generaran-nuevos-empleos\/#primaryimage"},"thumbnailUrl":"https:\/\/www.oficinaempleo.com\/blog\/wp-content\/uploads\/2018\/08\/aldi-dest.jpg","datePublished":"2018-08-20T05:03:40+00:00","dateModified":"2018-08-22T10:41:46+00:00","description":"ALDI, avanza su expansi\u00f3n, abriendo un nuevo supermercado en Alicante y otro en C\u00e1diz que comenz\u00f3 su funcionamiento el pasado 16 de agosto.","breadcrumb":{"@id":"https:\/\/www.oficinaempleo.com\/blog\/las-proximas-aperturas-de-aldi-generaran-nuevos-empleos\/#breadcrumb"},"inLanguage":"es","potentialAction":[{"@type":"ReadAction","target":["https:\/\/www.oficinaempleo.com\/blog\/las-proximas-aperturas-de-aldi-generaran-nuevos-empleos\/"]}]},{"@type":"ImageObject","inLanguage":"es","@id":"https:\/\/www.oficinaempleo.com\/blog\/las-proximas-aperturas-de-aldi-generaran-nuevos-empleos\/#primaryimage","url":"https:\/\/www.oficinaempleo.com\/blog\/wp-content\/uploads\/2018\/08\/aldi-dest.jpg","contentUrl":"https:\/\/www.oficinaempleo.com\/blog\/wp-content\/uploads\/2018\/08\/aldi-dest.jpg","width":600,"height":310},{"@type":"BreadcrumbList","@id":"https:\/\/www.oficinaempleo.com\/blog\/las-proximas-aperturas-de-aldi-generaran-nuevos-empleos\/#breadcrumb","itemListElement":[{"@type":"ListItem","position":1,"name":"Home","item":"https:\/\/www.oficinaempleo.com\/blog\/"},{"@type":"ListItem","position":2,"name":"Las pr\u00f3ximas aperturas de ALDI generar\u00e1n nuevos empleos"}]},{"@type":"WebSite","@id":"https:\/\/www.oficinaempleo.com\/blog\/#website","url":"https:\/\/www.oficinaempleo.com\/blog\/","name":"Noticias y Consejos de Empleo | Blog OficinaEmpleo","description":"","publisher":{"@id":"https:\/\/www.oficinaempleo.com\/blog\/#organization"},"potentialAction":[{"@type":"SearchAction","target":{"@type":"EntryPoint","urlTemplate":"https:\/\/www.oficinaempleo.com\/blog\/?s={search_term_string}"},"query-input":{"@type":"PropertyValueSpecification","valueRequired":true,"valueName":"search_term_string"}}],"inLanguage":"es"},{"@type":"Organization","@id":"https:\/\/www.oficinaempleo.com\/blog\/#organization","name":"OficinaEmpleo","url":"https:\/\/www.oficinaempleo.com\/blog\/","logo":{"@type":"ImageObject","inLanguage":"es","@id":"https:\/\/www.oficinaempleo.com\/blog\/#\/schema\/logo\/image\/","url":"https:\/\/www.oficinaempleo.com\/blog\/wp-content\/uploads\/2018\/10\/logo_footer-1.jpg","contentUrl":"https:\/\/www.oficinaempleo.com\/blog\/wp-content\/uploads\/2018\/10\/logo_footer-1.jpg","width":478,"height":57,"caption":"OficinaEmpleo"},"image":{"@id":"https:\/\/www.oficinaempleo.com\/blog\/#\/schema\/logo\/image\/"},"sameAs":["https:\/\/x.com\/OficinaEmpleo"]},{"@type":"Person","@id":"https:\/\/www.oficinaempleo.com\/blog\/#\/schema\/person\/0cba55adfbbbda7e66fb3ca71b8d2b58","name":"Charo Trenado","image":{"@type":"ImageObject","inLanguage":"es","@id":"https:\/\/www.oficinaempleo.com\/blog\/#\/schema\/person\/image\/","url":"https:\/\/secure.gravatar.com\/avatar\/b6935128013a153d5650801c6433db44b18bb2f24e6787206755ad0a7c07b99c?s=96&d=mm&r=g","contentUrl":"https:\/\/secure.gravatar.com\/avatar\/b6935128013a153d5650801c6433db44b18bb2f24e6787206755ad0a7c07b99c?s=96&d=mm&r=g","caption":"Charo Trenado"},"url":"https:\/\/www.oficinaempleo.com\/blog\/author\/charo-trenado\/"}]}},"_links":{"self":[{"href":"https:\/\/www.oficinaempleo.com\/blog\/wp-json\/wp\/v2\/posts\/25350","targetHints":{"allow":["GET"]}}],"collection":[{"href":"https:\/\/www.oficinaempleo.com\/blog\/wp-json\/wp\/v2\/posts"}],"about":[{"href":"https:\/\/www.oficinaempleo.com\/blog\/wp-json\/wp\/v2\/types\/post"}],"author":[{"embeddable":true,"href":"https:\/\/www.oficinaempleo.com\/blog\/wp-json\/wp\/v2\/users\/31"}],"replies":[{"embeddable":true,"href":"https:\/\/www.oficinaempleo.com\/blog\/wp-json\/wp\/v2\/comments?post=25350"}],"version-history":[{"count":3,"href":"https:\/\/www.oficinaempleo.com\/blog\/wp-json\/wp\/v2\/posts\/25350\/revisions"}],"predecessor-version":[{"id":25355,"href":"https:\/\/www.oficinaempleo.com\/blog\/wp-json\/wp\/v2\/posts\/25350\/revisions\/25355"}],"wp:featuredmedia":[{"embeddable":true,"href":"https:\/\/www.oficinaempleo.com\/blog\/wp-json\/wp\/v2\/media\/25351"}],"wp:attachment":[{"href":"https:\/\/www.oficinaempleo.com\/blog\/wp-json\/wp\/v2\/media?parent=25350"}],"wp:term":[{"taxonomy":"category","embeddable":true,"href":"https:\/\/www.oficinaempleo.com\/blog\/wp-json\/wp\/v2\/categories?post=25350"},{"taxonomy":"post_tag","embeddable":true,"href":"https:\/\/www.oficinaempleo.com\/blog\/wp-json\/wp\/v2\/tags?post=25350"}],"curies":[{"name":"wp","href":"https:\/\/api.w.org\/{rel}","templated":true}]}}