{"id":25414,"date":"2022-06-15T09:16:07","date_gmt":"2022-06-15T08:16:07","guid":{"rendered":"https:\/\/www.oficinaempleo.com\/blog\/?p=25414"},"modified":"2022-06-16T16:18:01","modified_gmt":"2022-06-16T15:18:01","slug":"como-trabajar-en-terra-mitica","status":"publish","type":"post","link":"https:\/\/www.oficinaempleo.com\/blog\/como-trabajar-en-terra-mitica\/","title":{"rendered":"Como trabajar en Terra M\u00edtica"},"content":{"rendered":"<p>Si tienes experiencia trabajando en <strong>parques tem\u00e1ticos<\/strong>, eres joven, creativo, ambicioso, con ganas de aprender y te encanta trabajar de cara al p\u00fablico, sin duda, Terra M\u00edtica es tu lugar perfecto para trabajar y disfrutar del ambiente familiar que lo rodea. Adem\u00e1s, ofrece momentos de diversi\u00f3n cada d\u00eda y al recibir tantas visitas, necesita un gran equipo profesional<\/p>\n<div id=\"attachment_25415\" style=\"width: 600px\" class=\"wp-caption aligncenter\"><a href=\"https:\/\/www.oficinaempleo.com\/blog\/wp-content\/uploads\/2018\/08\/text-4.jpg\"><img loading=\"lazy\" decoding=\"async\" aria-describedby=\"caption-attachment-25415\" class=\"size-full wp-image-25415\" src=\"https:\/\/www.oficinaempleo.com\/blog\/wp-content\/uploads\/2018\/08\/text-4.jpg\" alt=\"\u00bfQuieres trabajar en el equipo de Terra M\u00edtica? (iStock)\" width=\"590\" height=\"315\" srcset=\"https:\/\/www.oficinaempleo.com\/blog\/wp-content\/uploads\/2018\/08\/text-4.jpg 590w, https:\/\/www.oficinaempleo.com\/blog\/wp-content\/uploads\/2018\/08\/text-4-300x160.jpg 300w\" sizes=\"auto, (max-width: 590px) 100vw, 590px\" \/><\/a><p id=\"caption-attachment-25415\" class=\"wp-caption-text\">\u00bfQuieres trabajar en el equipo de Terra M\u00edtica? (iStock)<\/p><\/div>\n<p>Este equipo debe atender cada una de las <strong>\u00e1reas del parque,<\/strong> tambi\u00e9n este ofrece servicios para organizar eventos empresariales en los que es imprescindible disponer de personal apropiado y un lugar ideal para este tipo de reuniones.<\/p>\n<p>Si crees que Terra M\u00edtica podr\u00eda ser tu trabajo ideal, no dudes en mandar el curr\u00edculum completo junto con tus datos personales mediante la <a href=\"https:\/\/www.terramiticapark.com\/trabajar-terra-mitica\/\" target=\"_blank\" rel=\"noopener\">p\u00e1gina web oficial del parque<\/a>. No es necesario que acudas directamente a las instalaciones o que la tramites por email o tel\u00e9fono, desde la web puedes gestionar todo el env\u00edo.<\/p>\n<p>Si est\u00e1s en paro y te encuentras cansado de recurrir siempre a los mismos trabajos, busca experiencias diferentes como esta. <strong>\u00danete al equipo de Terra M\u00edtica<\/strong> si mientras que le\u00edas lo anterior te has sentido identificado y te han dado ganas de iniciarte en esta aventura que el parque te ofrece.<\/p>\n<p>Si tu <strong>perfil laboral y formaci\u00f3n<\/strong> son id\u00f3neos para el equipo de Recursos Humanos de la compa\u00f1\u00eda, contactar\u00e1n contigo como posible candidatos para un nuevo empleo en Benidorm, Alicante.<\/p>\n<p>\u00bfCrees que no cumples el perfil? Oficina Empleo tambi\u00e9n ha pensado en ti, por eso puedes trabajar en otros sectores como: <a href=\"https:\/\/www.oficinaempleo.com\/trabajar-en\/educacion-formacion-15\" target=\"_blank\" rel=\"noopener\">trabajar en educaci\u00f3n, formaci\u00f3n<\/a> o <a href=\"https:\/\/www.oficinaempleo.com\/trabajar-en\/limpieza-y-servicios-urbanos\" target=\"_blank\" rel=\"noopener\">trabajar en limpieza y servicios urbanos<\/a>. Adem\u00e1s, tambi\u00e9n te damos la posibilidad de buscar en funci\u00f3n de tu lugar de residencia.<\/p>\n<ul>\n<li><a href=\"https:\/\/www.oficinaempleo.com\/ofertas-empleo-en\/madrid\">Empleo en Madrid<\/a><\/li>\n<li><a href=\"https:\/\/www.oficinaempleo.com\/ofertas-empleo-en\/malaga\">Empleo en M\u00e1laga<\/a><\/li>\n<li><a href=\"https:\/\/www.oficinaempleo.com\/\/ofertas-empleo-en\/cadiz\">Empleo en C\u00e1diz<\/a><\/li>\n<li><a href=\"https:\/\/www.oficinaempleo.com\/ofertas-empleo-en\/ciudad-real\">Empleo en Ciudad Real<\/a><\/li>\n<li><a href=\"https:\/\/www.oficinaempleo.com\/ofertas-empleo-en\/segovia\">Empleo en Segovia<\/a><\/li>\n<\/ul>\n","protected":false},"excerpt":{"rendered":"<p>Si tienes experiencia trabajando en parques tem\u00e1ticos, eres joven, creativo, ambicioso, con ganas de aprender y te encanta trabajar de cara al p\u00fablico, sin duda, Terra M\u00edtica es tu lugar perfecto para trabajar y disfrutar del ambiente familiar que lo rodea. Adem\u00e1s, ofrece momentos de diversi\u00f3n cada d\u00eda y al recibir tantas visitas, necesita un [&hellip;]<\/p>\n","protected":false},"author":31,"featured_media":25416,"comment_status":"open","ping_status":"open","sticky":false,"template":"","format":"standard","meta":{"footnotes":""},"categories":[1],"tags":[],"class_list":["post-25414","post","type-post","status-publish","format-standard","has-post-thumbnail","hentry","category-sin-categoria","cat-1-id","has_thumb"],"yoast_head":"<!-- This site is optimized with the Yoast SEO plugin v27.1.1 - https:\/\/yoast.com\/product\/yoast-seo-wordpress\/ -->\n<title>Como trabajar en Terra M\u00edtica<\/title>\n<meta name=\"description\" content=\"Si tienes experiencia trabajando en parques tem\u00e1ticos, eres creativo, ambicioso y te encanta trabajar de cara al p\u00fablico, Terra M\u00edtica es tu lugar.\" \/>\n<meta name=\"robots\" content=\"index, follow, max-snippet:-1, max-image-preview:large, max-video-preview:-1\" \/>\n<link rel=\"canonical\" href=\"https:\/\/www.oficinaempleo.com\/blog\/como-trabajar-en-terra-mitica\/\" \/>\n<meta property=\"og:locale\" content=\"es_ES\" \/>\n<meta property=\"og:type\" content=\"article\" \/>\n<meta property=\"og:title\" content=\"Como trabajar en Terra M\u00edtica\" \/>\n<meta property=\"og:description\" content=\"Si tienes experiencia trabajando en parques tem\u00e1ticos, eres creativo, ambicioso y te encanta trabajar de cara al p\u00fablico, Terra M\u00edtica es tu lugar.\" \/>\n<meta property=\"og:url\" content=\"https:\/\/www.oficinaempleo.com\/blog\/como-trabajar-en-terra-mitica\/\" \/>\n<meta property=\"og:site_name\" content=\"Noticias y consejos de empleo | Blog OficinaEmpleo\" \/>\n<meta property=\"article:published_time\" content=\"2022-06-15T08:16:07+00:00\" \/>\n<meta property=\"article:modified_time\" content=\"2022-06-16T15:18:01+00:00\" \/>\n<meta property=\"og:image\" content=\"https:\/\/www.oficinaempleo.com\/blog\/wp-content\/uploads\/2018\/08\/destacada.jpg\" \/>\n\t<meta property=\"og:image:width\" content=\"600\" \/>\n\t<meta property=\"og:image:height\" content=\"310\" \/>\n\t<meta property=\"og:image:type\" content=\"image\/jpeg\" \/>\n<meta name=\"author\" content=\"Charo Trenado\" \/>\n<meta name=\"twitter:card\" content=\"summary_large_image\" \/>\n<meta name=\"twitter:creator\" content=\"@OficinaEmpleo\" \/>\n<meta name=\"twitter:site\" content=\"@OficinaEmpleo\" \/>\n<meta name=\"twitter:label1\" content=\"Written by\" \/>\n\t<meta name=\"twitter:data1\" content=\"Charo Trenado\" \/>\n\t<meta name=\"twitter:label2\" content=\"Est. reading time\" \/>\n\t<meta name=\"twitter:data2\" content=\"2 minutos\" \/>\n<script type=\"application\/ld+json\" class=\"yoast-schema-graph\">{\"@context\":\"https:\/\/schema.org\",\"@graph\":[{\"@type\":\"Article\",\"@id\":\"https:\/\/www.oficinaempleo.com\/blog\/como-trabajar-en-terra-mitica\/#article\",\"isPartOf\":{\"@id\":\"https:\/\/www.oficinaempleo.com\/blog\/como-trabajar-en-terra-mitica\/\"},\"author\":{\"name\":\"Charo Trenado\",\"@id\":\"https:\/\/www.oficinaempleo.com\/blog\/#\/schema\/person\/0cba55adfbbbda7e66fb3ca71b8d2b58\"},\"headline\":\"Como trabajar en Terra M\u00edtica\",\"datePublished\":\"2022-06-15T08:16:07+00:00\",\"dateModified\":\"2022-06-16T15:18:01+00:00\",\"mainEntityOfPage\":{\"@id\":\"https:\/\/www.oficinaempleo.com\/blog\/como-trabajar-en-terra-mitica\/\"},\"wordCount\":343,\"commentCount\":2,\"publisher\":{\"@id\":\"https:\/\/www.oficinaempleo.com\/blog\/#organization\"},\"image\":{\"@id\":\"https:\/\/www.oficinaempleo.com\/blog\/como-trabajar-en-terra-mitica\/#primaryimage\"},\"thumbnailUrl\":\"https:\/\/www.oficinaempleo.com\/blog\/wp-content\/uploads\/2018\/08\/destacada.jpg\",\"inLanguage\":\"es\",\"potentialAction\":[{\"@type\":\"CommentAction\",\"name\":\"Comment\",\"target\":[\"https:\/\/www.oficinaempleo.com\/blog\/como-trabajar-en-terra-mitica\/#respond\"]}]},{\"@type\":\"WebPage\",\"@id\":\"https:\/\/www.oficinaempleo.com\/blog\/como-trabajar-en-terra-mitica\/\",\"url\":\"https:\/\/www.oficinaempleo.com\/blog\/como-trabajar-en-terra-mitica\/\",\"name\":\"Como trabajar en Terra M\u00edtica\",\"isPartOf\":{\"@id\":\"https:\/\/www.oficinaempleo.com\/blog\/#website\"},\"primaryImageOfPage\":{\"@id\":\"https:\/\/www.oficinaempleo.com\/blog\/como-trabajar-en-terra-mitica\/#primaryimage\"},\"image\":{\"@id\":\"https:\/\/www.oficinaempleo.com\/blog\/como-trabajar-en-terra-mitica\/#primaryimage\"},\"thumbnailUrl\":\"https:\/\/www.oficinaempleo.com\/blog\/wp-content\/uploads\/2018\/08\/destacada.jpg\",\"datePublished\":\"2022-06-15T08:16:07+00:00\",\"dateModified\":\"2022-06-16T15:18:01+00:00\",\"description\":\"Si tienes experiencia trabajando en parques tem\u00e1ticos, eres creativo, ambicioso y te encanta trabajar de cara al p\u00fablico, Terra M\u00edtica es tu lugar.\",\"breadcrumb\":{\"@id\":\"https:\/\/www.oficinaempleo.com\/blog\/como-trabajar-en-terra-mitica\/#breadcrumb\"},\"inLanguage\":\"es\",\"potentialAction\":[{\"@type\":\"ReadAction\",\"target\":[\"https:\/\/www.oficinaempleo.com\/blog\/como-trabajar-en-terra-mitica\/\"]}]},{\"@type\":\"ImageObject\",\"inLanguage\":\"es\",\"@id\":\"https:\/\/www.oficinaempleo.com\/blog\/como-trabajar-en-terra-mitica\/#primaryimage\",\"url\":\"https:\/\/www.oficinaempleo.com\/blog\/wp-content\/uploads\/2018\/08\/destacada.jpg\",\"contentUrl\":\"https:\/\/www.oficinaempleo.com\/blog\/wp-content\/uploads\/2018\/08\/destacada.jpg\",\"width\":600,\"height\":310},{\"@type\":\"BreadcrumbList\",\"@id\":\"https:\/\/www.oficinaempleo.com\/blog\/como-trabajar-en-terra-mitica\/#breadcrumb\",\"itemListElement\":[{\"@type\":\"ListItem\",\"position\":1,\"name\":\"Home\",\"item\":\"https:\/\/www.oficinaempleo.com\/blog\/\"},{\"@type\":\"ListItem\",\"position\":2,\"name\":\"Como trabajar en Terra M\u00edtica\"}]},{\"@type\":\"WebSite\",\"@id\":\"https:\/\/www.oficinaempleo.com\/blog\/#website\",\"url\":\"https:\/\/www.oficinaempleo.com\/blog\/\",\"name\":\"Noticias y Consejos de Empleo | Blog OficinaEmpleo\",\"description\":\"\",\"publisher\":{\"@id\":\"https:\/\/www.oficinaempleo.com\/blog\/#organization\"},\"potentialAction\":[{\"@type\":\"SearchAction\",\"target\":{\"@type\":\"EntryPoint\",\"urlTemplate\":\"https:\/\/www.oficinaempleo.com\/blog\/?s={search_term_string}\"},\"query-input\":{\"@type\":\"PropertyValueSpecification\",\"valueRequired\":true,\"valueName\":\"search_term_string\"}}],\"inLanguage\":\"es\"},{\"@type\":\"Organization\",\"@id\":\"https:\/\/www.oficinaempleo.com\/blog\/#organization\",\"name\":\"OficinaEmpleo\",\"url\":\"https:\/\/www.oficinaempleo.com\/blog\/\",\"logo\":{\"@type\":\"ImageObject\",\"inLanguage\":\"es\",\"@id\":\"https:\/\/www.oficinaempleo.com\/blog\/#\/schema\/logo\/image\/\",\"url\":\"https:\/\/www.oficinaempleo.com\/blog\/wp-content\/uploads\/2018\/10\/logo_footer-1.jpg\",\"contentUrl\":\"https:\/\/www.oficinaempleo.com\/blog\/wp-content\/uploads\/2018\/10\/logo_footer-1.jpg\",\"width\":478,\"height\":57,\"caption\":\"OficinaEmpleo\"},\"image\":{\"@id\":\"https:\/\/www.oficinaempleo.com\/blog\/#\/schema\/logo\/image\/\"},\"sameAs\":[\"https:\/\/x.com\/OficinaEmpleo\"]},{\"@type\":\"Person\",\"@id\":\"https:\/\/www.oficinaempleo.com\/blog\/#\/schema\/person\/0cba55adfbbbda7e66fb3ca71b8d2b58\",\"name\":\"Charo Trenado\",\"image\":{\"@type\":\"ImageObject\",\"inLanguage\":\"es\",\"@id\":\"https:\/\/www.oficinaempleo.com\/blog\/#\/schema\/person\/image\/\",\"url\":\"https:\/\/secure.gravatar.com\/avatar\/b6935128013a153d5650801c6433db44b18bb2f24e6787206755ad0a7c07b99c?s=96&d=mm&r=g\",\"contentUrl\":\"https:\/\/secure.gravatar.com\/avatar\/b6935128013a153d5650801c6433db44b18bb2f24e6787206755ad0a7c07b99c?s=96&d=mm&r=g\",\"caption\":\"Charo Trenado\"},\"url\":\"https:\/\/www.oficinaempleo.com\/blog\/author\/charo-trenado\/\"}]}<\/script>\n<!-- \/ Yoast SEO plugin. -->","yoast_head_json":{"title":"Como trabajar en Terra M\u00edtica","description":"Si tienes experiencia trabajando en parques tem\u00e1ticos, eres creativo, ambicioso y te encanta trabajar de cara al p\u00fablico, Terra M\u00edtica es tu lugar.","robots":{"index":"index","follow":"follow","max-snippet":"max-snippet:-1","max-image-preview":"max-image-preview:large","max-video-preview":"max-video-preview:-1"},"canonical":"https:\/\/www.oficinaempleo.com\/blog\/como-trabajar-en-terra-mitica\/","og_locale":"es_ES","og_type":"article","og_title":"Como trabajar en Terra M\u00edtica","og_description":"Si tienes experiencia trabajando en parques tem\u00e1ticos, eres creativo, ambicioso y te encanta trabajar de cara al p\u00fablico, Terra M\u00edtica es tu lugar.","og_url":"https:\/\/www.oficinaempleo.com\/blog\/como-trabajar-en-terra-mitica\/","og_site_name":"Noticias y consejos de empleo | Blog OficinaEmpleo","article_published_time":"2022-06-15T08:16:07+00:00","article_modified_time":"2022-06-16T15:18:01+00:00","og_image":[{"width":600,"height":310,"url":"https:\/\/www.oficinaempleo.com\/blog\/wp-content\/uploads\/2018\/08\/destacada.jpg","type":"image\/jpeg"}],"author":"Charo Trenado","twitter_card":"summary_large_image","twitter_creator":"@OficinaEmpleo","twitter_site":"@OficinaEmpleo","twitter_misc":{"Written by":"Charo Trenado","Est. reading time":"2 minutos"},"schema":{"@context":"https:\/\/schema.org","@graph":[{"@type":"Article","@id":"https:\/\/www.oficinaempleo.com\/blog\/como-trabajar-en-terra-mitica\/#article","isPartOf":{"@id":"https:\/\/www.oficinaempleo.com\/blog\/como-trabajar-en-terra-mitica\/"},"author":{"name":"Charo Trenado","@id":"https:\/\/www.oficinaempleo.com\/blog\/#\/schema\/person\/0cba55adfbbbda7e66fb3ca71b8d2b58"},"headline":"Como trabajar en Terra M\u00edtica","datePublished":"2022-06-15T08:16:07+00:00","dateModified":"2022-06-16T15:18:01+00:00","mainEntityOfPage":{"@id":"https:\/\/www.oficinaempleo.com\/blog\/como-trabajar-en-terra-mitica\/"},"wordCount":343,"commentCount":2,"publisher":{"@id":"https:\/\/www.oficinaempleo.com\/blog\/#organization"},"image":{"@id":"https:\/\/www.oficinaempleo.com\/blog\/como-trabajar-en-terra-mitica\/#primaryimage"},"thumbnailUrl":"https:\/\/www.oficinaempleo.com\/blog\/wp-content\/uploads\/2018\/08\/destacada.jpg","inLanguage":"es","potentialAction":[{"@type":"CommentAction","name":"Comment","target":["https:\/\/www.oficinaempleo.com\/blog\/como-trabajar-en-terra-mitica\/#respond"]}]},{"@type":"WebPage","@id":"https:\/\/www.oficinaempleo.com\/blog\/como-trabajar-en-terra-mitica\/","url":"https:\/\/www.oficinaempleo.com\/blog\/como-trabajar-en-terra-mitica\/","name":"Como trabajar en Terra M\u00edtica","isPartOf":{"@id":"https:\/\/www.oficinaempleo.com\/blog\/#website"},"primaryImageOfPage":{"@id":"https:\/\/www.oficinaempleo.com\/blog\/como-trabajar-en-terra-mitica\/#primaryimage"},"image":{"@id":"https:\/\/www.oficinaempleo.com\/blog\/como-trabajar-en-terra-mitica\/#primaryimage"},"thumbnailUrl":"https:\/\/www.oficinaempleo.com\/blog\/wp-content\/uploads\/2018\/08\/destacada.jpg","datePublished":"2022-06-15T08:16:07+00:00","dateModified":"2022-06-16T15:18:01+00:00","description":"Si tienes experiencia trabajando en parques tem\u00e1ticos, eres creativo, ambicioso y te encanta trabajar de cara al p\u00fablico, Terra M\u00edtica es tu lugar.","breadcrumb":{"@id":"https:\/\/www.oficinaempleo.com\/blog\/como-trabajar-en-terra-mitica\/#breadcrumb"},"inLanguage":"es","potentialAction":[{"@type":"ReadAction","target":["https:\/\/www.oficinaempleo.com\/blog\/como-trabajar-en-terra-mitica\/"]}]},{"@type":"ImageObject","inLanguage":"es","@id":"https:\/\/www.oficinaempleo.com\/blog\/como-trabajar-en-terra-mitica\/#primaryimage","url":"https:\/\/www.oficinaempleo.com\/blog\/wp-content\/uploads\/2018\/08\/destacada.jpg","contentUrl":"https:\/\/www.oficinaempleo.com\/blog\/wp-content\/uploads\/2018\/08\/destacada.jpg","width":600,"height":310},{"@type":"BreadcrumbList","@id":"https:\/\/www.oficinaempleo.com\/blog\/como-trabajar-en-terra-mitica\/#breadcrumb","itemListElement":[{"@type":"ListItem","position":1,"name":"Home","item":"https:\/\/www.oficinaempleo.com\/blog\/"},{"@type":"ListItem","position":2,"name":"Como trabajar en Terra M\u00edtica"}]},{"@type":"WebSite","@id":"https:\/\/www.oficinaempleo.com\/blog\/#website","url":"https:\/\/www.oficinaempleo.com\/blog\/","name":"Noticias y Consejos de Empleo | Blog OficinaEmpleo","description":"","publisher":{"@id":"https:\/\/www.oficinaempleo.com\/blog\/#organization"},"potentialAction":[{"@type":"SearchAction","target":{"@type":"EntryPoint","urlTemplate":"https:\/\/www.oficinaempleo.com\/blog\/?s={search_term_string}"},"query-input":{"@type":"PropertyValueSpecification","valueRequired":true,"valueName":"search_term_string"}}],"inLanguage":"es"},{"@type":"Organization","@id":"https:\/\/www.oficinaempleo.com\/blog\/#organization","name":"OficinaEmpleo","url":"https:\/\/www.oficinaempleo.com\/blog\/","logo":{"@type":"ImageObject","inLanguage":"es","@id":"https:\/\/www.oficinaempleo.com\/blog\/#\/schema\/logo\/image\/","url":"https:\/\/www.oficinaempleo.com\/blog\/wp-content\/uploads\/2018\/10\/logo_footer-1.jpg","contentUrl":"https:\/\/www.oficinaempleo.com\/blog\/wp-content\/uploads\/2018\/10\/logo_footer-1.jpg","width":478,"height":57,"caption":"OficinaEmpleo"},"image":{"@id":"https:\/\/www.oficinaempleo.com\/blog\/#\/schema\/logo\/image\/"},"sameAs":["https:\/\/x.com\/OficinaEmpleo"]},{"@type":"Person","@id":"https:\/\/www.oficinaempleo.com\/blog\/#\/schema\/person\/0cba55adfbbbda7e66fb3ca71b8d2b58","name":"Charo Trenado","image":{"@type":"ImageObject","inLanguage":"es","@id":"https:\/\/www.oficinaempleo.com\/blog\/#\/schema\/person\/image\/","url":"https:\/\/secure.gravatar.com\/avatar\/b6935128013a153d5650801c6433db44b18bb2f24e6787206755ad0a7c07b99c?s=96&d=mm&r=g","contentUrl":"https:\/\/secure.gravatar.com\/avatar\/b6935128013a153d5650801c6433db44b18bb2f24e6787206755ad0a7c07b99c?s=96&d=mm&r=g","caption":"Charo Trenado"},"url":"https:\/\/www.oficinaempleo.com\/blog\/author\/charo-trenado\/"}]}},"_links":{"self":[{"href":"https:\/\/www.oficinaempleo.com\/blog\/wp-json\/wp\/v2\/posts\/25414","targetHints":{"allow":["GET"]}}],"collection":[{"href":"https:\/\/www.oficinaempleo.com\/blog\/wp-json\/wp\/v2\/posts"}],"about":[{"href":"https:\/\/www.oficinaempleo.com\/blog\/wp-json\/wp\/v2\/types\/post"}],"author":[{"embeddable":true,"href":"https:\/\/www.oficinaempleo.com\/blog\/wp-json\/wp\/v2\/users\/31"}],"replies":[{"embeddable":true,"href":"https:\/\/www.oficinaempleo.com\/blog\/wp-json\/wp\/v2\/comments?post=25414"}],"version-history":[{"count":3,"href":"https:\/\/www.oficinaempleo.com\/blog\/wp-json\/wp\/v2\/posts\/25414\/revisions"}],"predecessor-version":[{"id":31488,"href":"https:\/\/www.oficinaempleo.com\/blog\/wp-json\/wp\/v2\/posts\/25414\/revisions\/31488"}],"wp:featuredmedia":[{"embeddable":true,"href":"https:\/\/www.oficinaempleo.com\/blog\/wp-json\/wp\/v2\/media\/25416"}],"wp:attachment":[{"href":"https:\/\/www.oficinaempleo.com\/blog\/wp-json\/wp\/v2\/media?parent=25414"}],"wp:term":[{"taxonomy":"category","embeddable":true,"href":"https:\/\/www.oficinaempleo.com\/blog\/wp-json\/wp\/v2\/categories?post=25414"},{"taxonomy":"post_tag","embeddable":true,"href":"https:\/\/www.oficinaempleo.com\/blog\/wp-json\/wp\/v2\/tags?post=25414"}],"curies":[{"name":"wp","href":"https:\/\/api.w.org\/{rel}","templated":true}]}}