{"id":26257,"date":"2018-11-29T10:06:48","date_gmt":"2018-11-29T09:06:48","guid":{"rendered":"https:\/\/www.oficinaempleo.com\/blog\/?p=26257"},"modified":"2018-11-29T10:06:48","modified_gmt":"2018-11-29T09:06:48","slug":"aena-busca-tecnicos-de-mantenimiento-y-de-operaciones","status":"publish","type":"post","link":"https:\/\/www.oficinaempleo.com\/blog\/aena-busca-tecnicos-de-mantenimiento-y-de-operaciones\/","title":{"rendered":"Aena busca t\u00e9cnicos de mantenimiento y de operaciones"},"content":{"rendered":"<div class=\"su-button-center\"><a href=\"https:\/\/jobs.oficinaempleo.com\/registro?origen=ORG-web&#038;utm_source=OE&#038;utm_medium=boton_registro&#038;utm_content=homepage&#038;utm_campaign=organic\" class=\"su-button su-button-style-flat\" style=\"color:#FFFFFF;background-color:#ec7d0c;border-color:#bd640a;border-radius:10px\" target=\"__blank\"><span style=\"color:#FFFFFF;padding:8px 26px;font-size:20px;line-height:30px;border-color:#f2a455;border-radius:10px;text-shadow:none\"><i class=\"sui sui-arrow-circle-right\" style=\"font-size:20px;color:#FFFFFF\"><\/i> Reg\u00edstrate gratis en OficinaEmpleo<\/span><\/a><\/div><div class=\"su-spacer\" style=\"height:30px\"><\/div>\n<p>Si est\u00e1s interesado en\u00a0<strong>trabajar en Aena<\/strong>, tienes hasta el 3 de diciembre para presentarse a las\u00a0bolsas de empleo que la compa\u00f1\u00eda oferta para puestos de trabajo c\u00f3mo<strong> t\u00e9cnicos de mantenimiento aeroportuario, t\u00e9cnico de programas y operaciones y t\u00e9cnico de operaciones en el \u00e1rea de movimiento<\/strong>.<\/p>\n<div id=\"attachment_26261\" style=\"width: 600px\" class=\"wp-caption alignnone\"><a href=\"https:\/\/www.oficinaempleo.com\/blog\/wp-content\/uploads\/2018\/11\/ART\u00cdCULO-TEXTO.jpg\"><img loading=\"lazy\" decoding=\"async\" aria-describedby=\"caption-attachment-26261\" class=\"wp-image-26261 size-full\" src=\"https:\/\/www.oficinaempleo.com\/blog\/wp-content\/uploads\/2018\/11\/ART\u00cdCULO-TEXTO.jpg\" alt=\"Aena busca t\u00e9cnicos de mantenimiento y de operaciones (Istock).\" width=\"590\" height=\"315\" srcset=\"https:\/\/www.oficinaempleo.com\/blog\/wp-content\/uploads\/2018\/11\/ART\u00cdCULO-TEXTO.jpg 590w, https:\/\/www.oficinaempleo.com\/blog\/wp-content\/uploads\/2018\/11\/ART\u00cdCULO-TEXTO-300x160.jpg 300w, https:\/\/www.oficinaempleo.com\/blog\/wp-content\/uploads\/2018\/11\/ART\u00cdCULO-TEXTO-280x150.jpg 280w\" sizes=\"auto, (max-width: 590px) 100vw, 590px\" \/><\/a><p id=\"caption-attachment-26261\" class=\"wp-caption-text\">Aena busca t\u00e9cnicos de mantenimiento y de operaciones (Istock).<\/p><\/div>\n<p>Para participar en los procesos de selecci\u00f3n de la compa\u00f1\u00eda a\u00e9rea ser\u00e1 preciso cumplir con los siguientes <strong>requisitos<\/strong>:<\/p>\n<ul>\n<li>Tener la nacionalidad espa\u00f1ola o pertenece a alguno de los estados miembros de la Uni\u00f3n Europea.<\/li>\n<li>Ser mayor de edad (18 a\u00f1os) y no exceder de la edad m\u00e1xima de jubilaci\u00f3n.<\/li>\n<li>No estar ya trabajando para la compa\u00f1\u00eda Aena como personal fijo ni haberse acogido al plan de desvinculaciones voluntarias de Aena o Enaire.<\/li>\n<li>No haber sido ni despedido ni sancionado por la compa\u00f1\u00eda.<\/li>\n<li>No padecer ninguna enfermedad o limitaci\u00f3n f\u00edsica que sea incompatible con la actividad laboral.<\/li>\n<li>Cumplir con los requisitos legales para esta convocatoria.<\/li>\n<\/ul>\n<p>Ademas, deber\u00e1s contar con la titulaci\u00f3n acad\u00e9mica correspondiente. Para la mayor\u00edas de los puestos ofertados se precisar\u00e1 c\u00f3mo m\u00ednimo con el\u00a0<strong>T\u00edtulo de Bachiller o grado de Formaci\u00f3n Profesional y estar en posesi\u00f3n del carnet tipo B<\/strong>. Para los puestos de trabajo m\u00e1s espec\u00edficos se precisar\u00e1n titulaciones m\u00e1s espec\u00edficas. Descubre los puestos disponibles para <a href=\"https:\/\/www.oficinaempleo.com\/blog\/como-trabajar-en-aeropuertos\/\"  >trabajar en un aeropuerto<\/a> antes de inscribirte en la oferta.<\/p>\n<p><strong>El proceso de selecci\u00f3n se realizar\u00e1 en 3 fases<\/strong>:<\/p>\n<ul>\n<li>Primera Fase: Pruebas selectivas (Eliminatoria).<\/li>\n<li>Segunda Fase: Valoraci\u00f3n de m\u00e9ritos en formaci\u00f3n y experiencia profesional antes de la presente convocatoria.<\/li>\n<li>Tercera Fase: Valoraci\u00f3n de m\u00e9ritos por formaci\u00f3n y valoraci\u00f3n experiencia en Aena con posterioridad a la presente convocatoria.<\/li>\n<\/ul>\n<p>Para aquellas personas interesadas\u00a0<strong>tienes de plazo hasta el pr\u00f3ximo 3 de diciembre para participar en el proceso<\/strong>. La inscripciones pod\u00e9is llevarlas a cabo a trav\u00e9s del\u00a0<a href=\"https:\/\/empleo.aena.es\/empleo\/PFSrv?accion=inicio\"  >portal de empleo de Aena<\/a>. Ademas, puedes estar atento\/a a m\u00e1s ofertas de empleo en nuestro portal <a href=\"https:\/\/www.oficinaempleo.com\/blog\/\"  >Oficina de Empleo<\/a>.<\/p>\n<div class=\"su-button-center\"><a href=\"https:\/\/jobs.oficinaempleo.com\/registro?origen=ORG-web&#038;utm_source=OE&#038;utm_medium=boton_registro&#038;utm_content=homepage&#038;utm_campaign=organic\" class=\"su-button su-button-style-flat\" style=\"color:#FFFFFF;background-color:#ec7d0c;border-color:#bd640a;border-radius:10px\" target=\"__blank\"><span style=\"color:#FFFFFF;padding:8px 26px;font-size:20px;line-height:30px;border-color:#f2a455;border-radius:10px;text-shadow:none\"><i class=\"sui sui-arrow-circle-right\" style=\"font-size:20px;color:#FFFFFF\"><\/i> Reg\u00edstrate gratis en OficinaEmpleo<\/span><\/a><\/div><div class=\"su-spacer\" style=\"height:30px\"><\/div>\n","protected":false},"excerpt":{"rendered":"<p>Si est\u00e1s interesado en\u00a0trabajar en Aena, tienes hasta el 3 de diciembre para presentarse a las\u00a0bolsas de empleo que la compa\u00f1\u00eda oferta para puestos de trabajo c\u00f3mo t\u00e9cnicos de mantenimiento aeroportuario, t\u00e9cnico de programas y operaciones y t\u00e9cnico de operaciones en el \u00e1rea de movimiento. Para participar en los procesos de selecci\u00f3n de la compa\u00f1\u00eda [&hellip;]<\/p>\n","protected":false},"author":39,"featured_media":26260,"comment_status":"open","ping_status":"open","sticky":false,"template":"","format":"standard","meta":{"footnotes":""},"categories":[691],"tags":[6505,1168,1064,4896],"class_list":["post-26257","post","type-post","status-publish","format-standard","has-post-thumbnail","hentry","category-actualidad-empleo","tag-aena","tag-empleo-publico","tag-oferta-de-empleo","tag-oferta-de-empleo-publico","cat-691-id","has_thumb"],"yoast_head":"<!-- This site is optimized with the Yoast SEO plugin v27.1.1 - https:\/\/yoast.com\/product\/yoast-seo-wordpress\/ -->\n<title>Aena busca t\u00e9cnicos de mantenimiento y de operaciones - Blog OficinaEmpleo<\/title>\n<meta name=\"description\" content=\"Aena\u00a0abre una nueva bolsa de trabajo para contratar a t\u00e9cnicos de mantenimiento aeroportuario, entre otros perfiles, en los aeropuertos Adolfo Su\u00e1rez y Madrid- Cuatro Vientos.\" \/>\n<meta name=\"robots\" content=\"index, follow, max-snippet:-1, max-image-preview:large, max-video-preview:-1\" \/>\n<link rel=\"canonical\" href=\"https:\/\/www.oficinaempleo.com\/blog\/aena-busca-tecnicos-de-mantenimiento-y-de-operaciones\/\" \/>\n<meta property=\"og:locale\" content=\"es_ES\" \/>\n<meta property=\"og:type\" content=\"article\" \/>\n<meta property=\"og:title\" content=\"Aena busca t\u00e9cnicos de mantenimiento y de operaciones - Blog OficinaEmpleo\" \/>\n<meta property=\"og:description\" content=\"Aena\u00a0abre una nueva bolsa de trabajo para contratar a t\u00e9cnicos de mantenimiento aeroportuario, entre otros perfiles, en los aeropuertos Adolfo Su\u00e1rez y Madrid- Cuatro Vientos.\" \/>\n<meta property=\"og:url\" content=\"https:\/\/www.oficinaempleo.com\/blog\/aena-busca-tecnicos-de-mantenimiento-y-de-operaciones\/\" \/>\n<meta property=\"og:site_name\" content=\"Noticias y consejos de empleo | Blog OficinaEmpleo\" \/>\n<meta property=\"article:published_time\" content=\"2018-11-29T09:06:48+00:00\" \/>\n<meta property=\"og:image\" content=\"https:\/\/www.oficinaempleo.com\/blog\/wp-content\/uploads\/2018\/11\/DESTACADA-HOY.jpg\" \/>\n\t<meta property=\"og:image:width\" content=\"600\" \/>\n\t<meta property=\"og:image:height\" content=\"310\" \/>\n\t<meta property=\"og:image:type\" content=\"image\/jpeg\" \/>\n<meta name=\"author\" content=\"Victor Aragon\" \/>\n<meta name=\"twitter:card\" content=\"summary_large_image\" \/>\n<meta name=\"twitter:creator\" content=\"@OficinaEmpleo\" \/>\n<meta name=\"twitter:site\" content=\"@OficinaEmpleo\" \/>\n<meta name=\"twitter:label1\" content=\"Written by\" \/>\n\t<meta name=\"twitter:data1\" content=\"Victor Aragon\" \/>\n\t<meta name=\"twitter:label2\" content=\"Est. reading time\" \/>\n\t<meta name=\"twitter:data2\" content=\"2 minutos\" \/>\n<script type=\"application\/ld+json\" class=\"yoast-schema-graph\">{\"@context\":\"https:\/\/schema.org\",\"@graph\":[{\"@type\":\"Article\",\"@id\":\"https:\/\/www.oficinaempleo.com\/blog\/aena-busca-tecnicos-de-mantenimiento-y-de-operaciones\/#article\",\"isPartOf\":{\"@id\":\"https:\/\/www.oficinaempleo.com\/blog\/aena-busca-tecnicos-de-mantenimiento-y-de-operaciones\/\"},\"author\":{\"name\":\"Victor Aragon\",\"@id\":\"https:\/\/www.oficinaempleo.com\/blog\/#\/schema\/person\/9c9eaa3d0a9ea2af7b3ec1efe29f33a1\"},\"headline\":\"Aena busca t\u00e9cnicos de mantenimiento y de operaciones\",\"datePublished\":\"2018-11-29T09:06:48+00:00\",\"mainEntityOfPage\":{\"@id\":\"https:\/\/www.oficinaempleo.com\/blog\/aena-busca-tecnicos-de-mantenimiento-y-de-operaciones\/\"},\"wordCount\":474,\"commentCount\":0,\"publisher\":{\"@id\":\"https:\/\/www.oficinaempleo.com\/blog\/#organization\"},\"image\":{\"@id\":\"https:\/\/www.oficinaempleo.com\/blog\/aena-busca-tecnicos-de-mantenimiento-y-de-operaciones\/#primaryimage\"},\"thumbnailUrl\":\"https:\/\/www.oficinaempleo.com\/blog\/wp-content\/uploads\/2018\/11\/DESTACADA-HOY.jpg\",\"keywords\":[\"aena\",\"empleo publico\",\"oferta de empleo\",\"oferta de empleo p\u00fablico\"],\"articleSection\":[\"Actualidad\"],\"inLanguage\":\"es\",\"potentialAction\":[{\"@type\":\"CommentAction\",\"name\":\"Comment\",\"target\":[\"https:\/\/www.oficinaempleo.com\/blog\/aena-busca-tecnicos-de-mantenimiento-y-de-operaciones\/#respond\"]}]},{\"@type\":\"WebPage\",\"@id\":\"https:\/\/www.oficinaempleo.com\/blog\/aena-busca-tecnicos-de-mantenimiento-y-de-operaciones\/\",\"url\":\"https:\/\/www.oficinaempleo.com\/blog\/aena-busca-tecnicos-de-mantenimiento-y-de-operaciones\/\",\"name\":\"Aena busca t\u00e9cnicos de mantenimiento y de operaciones - Blog OficinaEmpleo\",\"isPartOf\":{\"@id\":\"https:\/\/www.oficinaempleo.com\/blog\/#website\"},\"primaryImageOfPage\":{\"@id\":\"https:\/\/www.oficinaempleo.com\/blog\/aena-busca-tecnicos-de-mantenimiento-y-de-operaciones\/#primaryimage\"},\"image\":{\"@id\":\"https:\/\/www.oficinaempleo.com\/blog\/aena-busca-tecnicos-de-mantenimiento-y-de-operaciones\/#primaryimage\"},\"thumbnailUrl\":\"https:\/\/www.oficinaempleo.com\/blog\/wp-content\/uploads\/2018\/11\/DESTACADA-HOY.jpg\",\"datePublished\":\"2018-11-29T09:06:48+00:00\",\"description\":\"Aena\u00a0abre una nueva bolsa de trabajo para contratar a t\u00e9cnicos de mantenimiento aeroportuario, entre otros perfiles, en los aeropuertos Adolfo Su\u00e1rez y Madrid- Cuatro Vientos.\",\"breadcrumb\":{\"@id\":\"https:\/\/www.oficinaempleo.com\/blog\/aena-busca-tecnicos-de-mantenimiento-y-de-operaciones\/#breadcrumb\"},\"inLanguage\":\"es\",\"potentialAction\":[{\"@type\":\"ReadAction\",\"target\":[\"https:\/\/www.oficinaempleo.com\/blog\/aena-busca-tecnicos-de-mantenimiento-y-de-operaciones\/\"]}]},{\"@type\":\"ImageObject\",\"inLanguage\":\"es\",\"@id\":\"https:\/\/www.oficinaempleo.com\/blog\/aena-busca-tecnicos-de-mantenimiento-y-de-operaciones\/#primaryimage\",\"url\":\"https:\/\/www.oficinaempleo.com\/blog\/wp-content\/uploads\/2018\/11\/DESTACADA-HOY.jpg\",\"contentUrl\":\"https:\/\/www.oficinaempleo.com\/blog\/wp-content\/uploads\/2018\/11\/DESTACADA-HOY.jpg\",\"width\":600,\"height\":310,\"caption\":\"Aena busca t\u00e9cnicos de mantenimiento y de operaciones (Istock).\"},{\"@type\":\"BreadcrumbList\",\"@id\":\"https:\/\/www.oficinaempleo.com\/blog\/aena-busca-tecnicos-de-mantenimiento-y-de-operaciones\/#breadcrumb\",\"itemListElement\":[{\"@type\":\"ListItem\",\"position\":1,\"name\":\"Home\",\"item\":\"https:\/\/www.oficinaempleo.com\/blog\/\"},{\"@type\":\"ListItem\",\"position\":2,\"name\":\"Aena busca t\u00e9cnicos de mantenimiento y de operaciones\"}]},{\"@type\":\"WebSite\",\"@id\":\"https:\/\/www.oficinaempleo.com\/blog\/#website\",\"url\":\"https:\/\/www.oficinaempleo.com\/blog\/\",\"name\":\"Noticias y Consejos de Empleo | Blog OficinaEmpleo\",\"description\":\"\",\"publisher\":{\"@id\":\"https:\/\/www.oficinaempleo.com\/blog\/#organization\"},\"potentialAction\":[{\"@type\":\"SearchAction\",\"target\":{\"@type\":\"EntryPoint\",\"urlTemplate\":\"https:\/\/www.oficinaempleo.com\/blog\/?s={search_term_string}\"},\"query-input\":{\"@type\":\"PropertyValueSpecification\",\"valueRequired\":true,\"valueName\":\"search_term_string\"}}],\"inLanguage\":\"es\"},{\"@type\":\"Organization\",\"@id\":\"https:\/\/www.oficinaempleo.com\/blog\/#organization\",\"name\":\"OficinaEmpleo\",\"url\":\"https:\/\/www.oficinaempleo.com\/blog\/\",\"logo\":{\"@type\":\"ImageObject\",\"inLanguage\":\"es\",\"@id\":\"https:\/\/www.oficinaempleo.com\/blog\/#\/schema\/logo\/image\/\",\"url\":\"https:\/\/www.oficinaempleo.com\/blog\/wp-content\/uploads\/2018\/10\/logo_footer-1.jpg\",\"contentUrl\":\"https:\/\/www.oficinaempleo.com\/blog\/wp-content\/uploads\/2018\/10\/logo_footer-1.jpg\",\"width\":478,\"height\":57,\"caption\":\"OficinaEmpleo\"},\"image\":{\"@id\":\"https:\/\/www.oficinaempleo.com\/blog\/#\/schema\/logo\/image\/\"},\"sameAs\":[\"https:\/\/x.com\/OficinaEmpleo\"]},{\"@type\":\"Person\",\"@id\":\"https:\/\/www.oficinaempleo.com\/blog\/#\/schema\/person\/9c9eaa3d0a9ea2af7b3ec1efe29f33a1\",\"name\":\"Victor Aragon\",\"image\":{\"@type\":\"ImageObject\",\"inLanguage\":\"es\",\"@id\":\"https:\/\/www.oficinaempleo.com\/blog\/#\/schema\/person\/image\/\",\"url\":\"https:\/\/secure.gravatar.com\/avatar\/51f36a79b29f73d802fd2868f575a8e2c1cbc11bcab69a66990a885994e9b250?s=96&d=mm&r=g\",\"contentUrl\":\"https:\/\/secure.gravatar.com\/avatar\/51f36a79b29f73d802fd2868f575a8e2c1cbc11bcab69a66990a885994e9b250?s=96&d=mm&r=g\",\"caption\":\"Victor Aragon\"},\"url\":\"https:\/\/www.oficinaempleo.com\/blog\/author\/victor-aragon\/\"}]}<\/script>\n<!-- \/ Yoast SEO plugin. -->","yoast_head_json":{"title":"Aena busca t\u00e9cnicos de mantenimiento y de operaciones - Blog OficinaEmpleo","description":"Aena\u00a0abre una nueva bolsa de trabajo para contratar a t\u00e9cnicos de mantenimiento aeroportuario, entre otros perfiles, en los aeropuertos Adolfo Su\u00e1rez y Madrid- Cuatro Vientos.","robots":{"index":"index","follow":"follow","max-snippet":"max-snippet:-1","max-image-preview":"max-image-preview:large","max-video-preview":"max-video-preview:-1"},"canonical":"https:\/\/www.oficinaempleo.com\/blog\/aena-busca-tecnicos-de-mantenimiento-y-de-operaciones\/","og_locale":"es_ES","og_type":"article","og_title":"Aena busca t\u00e9cnicos de mantenimiento y de operaciones - Blog OficinaEmpleo","og_description":"Aena\u00a0abre una nueva bolsa de trabajo para contratar a t\u00e9cnicos de mantenimiento aeroportuario, entre otros perfiles, en los aeropuertos Adolfo Su\u00e1rez y Madrid- Cuatro Vientos.","og_url":"https:\/\/www.oficinaempleo.com\/blog\/aena-busca-tecnicos-de-mantenimiento-y-de-operaciones\/","og_site_name":"Noticias y consejos de empleo | Blog OficinaEmpleo","article_published_time":"2018-11-29T09:06:48+00:00","og_image":[{"width":600,"height":310,"url":"https:\/\/www.oficinaempleo.com\/blog\/wp-content\/uploads\/2018\/11\/DESTACADA-HOY.jpg","type":"image\/jpeg"}],"author":"Victor Aragon","twitter_card":"summary_large_image","twitter_creator":"@OficinaEmpleo","twitter_site":"@OficinaEmpleo","twitter_misc":{"Written by":"Victor Aragon","Est. reading time":"2 minutos"},"schema":{"@context":"https:\/\/schema.org","@graph":[{"@type":"Article","@id":"https:\/\/www.oficinaempleo.com\/blog\/aena-busca-tecnicos-de-mantenimiento-y-de-operaciones\/#article","isPartOf":{"@id":"https:\/\/www.oficinaempleo.com\/blog\/aena-busca-tecnicos-de-mantenimiento-y-de-operaciones\/"},"author":{"name":"Victor Aragon","@id":"https:\/\/www.oficinaempleo.com\/blog\/#\/schema\/person\/9c9eaa3d0a9ea2af7b3ec1efe29f33a1"},"headline":"Aena busca t\u00e9cnicos de mantenimiento y de operaciones","datePublished":"2018-11-29T09:06:48+00:00","mainEntityOfPage":{"@id":"https:\/\/www.oficinaempleo.com\/blog\/aena-busca-tecnicos-de-mantenimiento-y-de-operaciones\/"},"wordCount":474,"commentCount":0,"publisher":{"@id":"https:\/\/www.oficinaempleo.com\/blog\/#organization"},"image":{"@id":"https:\/\/www.oficinaempleo.com\/blog\/aena-busca-tecnicos-de-mantenimiento-y-de-operaciones\/#primaryimage"},"thumbnailUrl":"https:\/\/www.oficinaempleo.com\/blog\/wp-content\/uploads\/2018\/11\/DESTACADA-HOY.jpg","keywords":["aena","empleo publico","oferta de empleo","oferta de empleo p\u00fablico"],"articleSection":["Actualidad"],"inLanguage":"es","potentialAction":[{"@type":"CommentAction","name":"Comment","target":["https:\/\/www.oficinaempleo.com\/blog\/aena-busca-tecnicos-de-mantenimiento-y-de-operaciones\/#respond"]}]},{"@type":"WebPage","@id":"https:\/\/www.oficinaempleo.com\/blog\/aena-busca-tecnicos-de-mantenimiento-y-de-operaciones\/","url":"https:\/\/www.oficinaempleo.com\/blog\/aena-busca-tecnicos-de-mantenimiento-y-de-operaciones\/","name":"Aena busca t\u00e9cnicos de mantenimiento y de operaciones - Blog OficinaEmpleo","isPartOf":{"@id":"https:\/\/www.oficinaempleo.com\/blog\/#website"},"primaryImageOfPage":{"@id":"https:\/\/www.oficinaempleo.com\/blog\/aena-busca-tecnicos-de-mantenimiento-y-de-operaciones\/#primaryimage"},"image":{"@id":"https:\/\/www.oficinaempleo.com\/blog\/aena-busca-tecnicos-de-mantenimiento-y-de-operaciones\/#primaryimage"},"thumbnailUrl":"https:\/\/www.oficinaempleo.com\/blog\/wp-content\/uploads\/2018\/11\/DESTACADA-HOY.jpg","datePublished":"2018-11-29T09:06:48+00:00","description":"Aena\u00a0abre una nueva bolsa de trabajo para contratar a t\u00e9cnicos de mantenimiento aeroportuario, entre otros perfiles, en los aeropuertos Adolfo Su\u00e1rez y Madrid- Cuatro Vientos.","breadcrumb":{"@id":"https:\/\/www.oficinaempleo.com\/blog\/aena-busca-tecnicos-de-mantenimiento-y-de-operaciones\/#breadcrumb"},"inLanguage":"es","potentialAction":[{"@type":"ReadAction","target":["https:\/\/www.oficinaempleo.com\/blog\/aena-busca-tecnicos-de-mantenimiento-y-de-operaciones\/"]}]},{"@type":"ImageObject","inLanguage":"es","@id":"https:\/\/www.oficinaempleo.com\/blog\/aena-busca-tecnicos-de-mantenimiento-y-de-operaciones\/#primaryimage","url":"https:\/\/www.oficinaempleo.com\/blog\/wp-content\/uploads\/2018\/11\/DESTACADA-HOY.jpg","contentUrl":"https:\/\/www.oficinaempleo.com\/blog\/wp-content\/uploads\/2018\/11\/DESTACADA-HOY.jpg","width":600,"height":310,"caption":"Aena busca t\u00e9cnicos de mantenimiento y de operaciones (Istock)."},{"@type":"BreadcrumbList","@id":"https:\/\/www.oficinaempleo.com\/blog\/aena-busca-tecnicos-de-mantenimiento-y-de-operaciones\/#breadcrumb","itemListElement":[{"@type":"ListItem","position":1,"name":"Home","item":"https:\/\/www.oficinaempleo.com\/blog\/"},{"@type":"ListItem","position":2,"name":"Aena busca t\u00e9cnicos de mantenimiento y de operaciones"}]},{"@type":"WebSite","@id":"https:\/\/www.oficinaempleo.com\/blog\/#website","url":"https:\/\/www.oficinaempleo.com\/blog\/","name":"Noticias y Consejos de Empleo | Blog OficinaEmpleo","description":"","publisher":{"@id":"https:\/\/www.oficinaempleo.com\/blog\/#organization"},"potentialAction":[{"@type":"SearchAction","target":{"@type":"EntryPoint","urlTemplate":"https:\/\/www.oficinaempleo.com\/blog\/?s={search_term_string}"},"query-input":{"@type":"PropertyValueSpecification","valueRequired":true,"valueName":"search_term_string"}}],"inLanguage":"es"},{"@type":"Organization","@id":"https:\/\/www.oficinaempleo.com\/blog\/#organization","name":"OficinaEmpleo","url":"https:\/\/www.oficinaempleo.com\/blog\/","logo":{"@type":"ImageObject","inLanguage":"es","@id":"https:\/\/www.oficinaempleo.com\/blog\/#\/schema\/logo\/image\/","url":"https:\/\/www.oficinaempleo.com\/blog\/wp-content\/uploads\/2018\/10\/logo_footer-1.jpg","contentUrl":"https:\/\/www.oficinaempleo.com\/blog\/wp-content\/uploads\/2018\/10\/logo_footer-1.jpg","width":478,"height":57,"caption":"OficinaEmpleo"},"image":{"@id":"https:\/\/www.oficinaempleo.com\/blog\/#\/schema\/logo\/image\/"},"sameAs":["https:\/\/x.com\/OficinaEmpleo"]},{"@type":"Person","@id":"https:\/\/www.oficinaempleo.com\/blog\/#\/schema\/person\/9c9eaa3d0a9ea2af7b3ec1efe29f33a1","name":"Victor Aragon","image":{"@type":"ImageObject","inLanguage":"es","@id":"https:\/\/www.oficinaempleo.com\/blog\/#\/schema\/person\/image\/","url":"https:\/\/secure.gravatar.com\/avatar\/51f36a79b29f73d802fd2868f575a8e2c1cbc11bcab69a66990a885994e9b250?s=96&d=mm&r=g","contentUrl":"https:\/\/secure.gravatar.com\/avatar\/51f36a79b29f73d802fd2868f575a8e2c1cbc11bcab69a66990a885994e9b250?s=96&d=mm&r=g","caption":"Victor Aragon"},"url":"https:\/\/www.oficinaempleo.com\/blog\/author\/victor-aragon\/"}]}},"_links":{"self":[{"href":"https:\/\/www.oficinaempleo.com\/blog\/wp-json\/wp\/v2\/posts\/26257","targetHints":{"allow":["GET"]}}],"collection":[{"href":"https:\/\/www.oficinaempleo.com\/blog\/wp-json\/wp\/v2\/posts"}],"about":[{"href":"https:\/\/www.oficinaempleo.com\/blog\/wp-json\/wp\/v2\/types\/post"}],"author":[{"embeddable":true,"href":"https:\/\/www.oficinaempleo.com\/blog\/wp-json\/wp\/v2\/users\/39"}],"replies":[{"embeddable":true,"href":"https:\/\/www.oficinaempleo.com\/blog\/wp-json\/wp\/v2\/comments?post=26257"}],"version-history":[{"count":10,"href":"https:\/\/www.oficinaempleo.com\/blog\/wp-json\/wp\/v2\/posts\/26257\/revisions"}],"predecessor-version":[{"id":26269,"href":"https:\/\/www.oficinaempleo.com\/blog\/wp-json\/wp\/v2\/posts\/26257\/revisions\/26269"}],"wp:featuredmedia":[{"embeddable":true,"href":"https:\/\/www.oficinaempleo.com\/blog\/wp-json\/wp\/v2\/media\/26260"}],"wp:attachment":[{"href":"https:\/\/www.oficinaempleo.com\/blog\/wp-json\/wp\/v2\/media?parent=26257"}],"wp:term":[{"taxonomy":"category","embeddable":true,"href":"https:\/\/www.oficinaempleo.com\/blog\/wp-json\/wp\/v2\/categories?post=26257"},{"taxonomy":"post_tag","embeddable":true,"href":"https:\/\/www.oficinaempleo.com\/blog\/wp-json\/wp\/v2\/tags?post=26257"}],"curies":[{"name":"wp","href":"https:\/\/api.w.org\/{rel}","templated":true}]}}