{"id":26271,"date":"2018-12-03T11:33:44","date_gmt":"2018-12-03T10:33:44","guid":{"rendered":"https:\/\/www.oficinaempleo.com\/blog\/?p=26271"},"modified":"2018-12-03T13:25:36","modified_gmt":"2018-12-03T12:25:36","slug":"la-generalitat-valenciana-convoca-4-425-plazas-de-funcionarios","status":"publish","type":"post","link":"https:\/\/www.oficinaempleo.com\/blog\/la-generalitat-valenciana-convoca-4-425-plazas-de-funcionarios\/","title":{"rendered":"La Generalitat Valenciana convoca 4.425 plazas de funcionarios"},"content":{"rendered":"<div class=\"su-button-center\"><a href=\"https:\/\/jobs.oficinaempleo.com\/registro?origen=ORG-web&#038;utm_source=OE&#038;utm_medium=boton_registro&#038;utm_content=homepage&#038;utm_campaign=organic\" class=\"su-button su-button-style-flat\" style=\"color:#FFFFFF;background-color:#ec7d0c;border-color:#bd640a;border-radius:10px\" target=\"__blank\"><span style=\"color:#FFFFFF;padding:8px 26px;font-size:20px;line-height:30px;border-color:#f2a455;border-radius:10px;text-shadow:none\"><i class=\"sui sui-arrow-circle-right\" style=\"font-size:20px;color:#FFFFFF\"><\/i> Reg\u00edstrate gratis en OficinaEmpleo<\/span><\/a><\/div><div class=\"su-spacer\" style=\"height:30px\"><\/div>\n<p>&nbsp;<\/p>\n<p><strong>Oferta de empleo p\u00fablico<\/strong>\u00a0(OPE) para este a\u00f1o de la<strong>\u00a0<a href=\"http:\/\/www.gva.es\/va\/inicio\/presentacion\"  >Generalitat Valenciana<\/a>, <\/strong>en la que se ofrecen\u00a02.417 plazas, que se fusionar\u00e1 con las oposiciones de 2017 (de 2.008 puestos), con lo que la oferta conjunta ser\u00e1 de\u00a0<strong>4.425 puestos de trabajo<\/strong>\u00a0en los sectores de\u00a0<strong>Sanidad, Seguridad y Bienestar Social<\/strong>.<\/p>\n<div id=\"attachment_26275\" style=\"width: 600px\" class=\"wp-caption alignnone\"><a href=\"https:\/\/www.oficinaempleo.com\/blog\/wp-content\/uploads\/2018\/12\/TEXTO-VALENCIA.jpg\"><img loading=\"lazy\" decoding=\"async\" aria-describedby=\"caption-attachment-26275\" class=\"wp-image-26275 size-full\" src=\"https:\/\/www.oficinaempleo.com\/blog\/wp-content\/uploads\/2018\/12\/TEXTO-VALENCIA.jpg\" alt=\"La Generalitat Valenciana convoca 4.425 plazas de funcionarios (Istock).\" width=\"590\" height=\"315\" srcset=\"https:\/\/www.oficinaempleo.com\/blog\/wp-content\/uploads\/2018\/12\/TEXTO-VALENCIA.jpg 590w, https:\/\/www.oficinaempleo.com\/blog\/wp-content\/uploads\/2018\/12\/TEXTO-VALENCIA-300x160.jpg 300w, https:\/\/www.oficinaempleo.com\/blog\/wp-content\/uploads\/2018\/12\/TEXTO-VALENCIA-280x150.jpg 280w\" sizes=\"auto, (max-width: 590px) 100vw, 590px\" \/><\/a><p id=\"caption-attachment-26275\" class=\"wp-caption-text\">La Generalitat Valenciana convoca 4.425 plazas de funcionarios (Istock).<\/p><\/div>\n<p>El aumento del n\u00famero de puestos que se ofertar\u00e1n se justifica en que los l\u00edmites impuestos por el Gobierno son menos severos que en\u00a0a\u00f1os anteriores\u00a0y, de hecho, la tasa de reposici\u00f3n (el n\u00famero de plazas que se pueden convocar para sustituir a los trabajadores que se han jubilado) est\u00e1 en el 100 % de los sectores prioritarios (seguridad, sanidad y bienestar social) y en el 75 % para el resto de categor\u00edas profesionales.<\/p>\n<p>La OPE permitir\u00e1 reforzar sectores b\u00e1sicos como los\u00a0<strong>asistenciales\u00a0<\/strong>y los vinculados a la lucha contra el fraude fiscal, la concesi\u00f3n de ayudas p\u00fablicas, el asesoramiento jur\u00eddico y de gesti\u00f3n de recursos, la\u00a0<strong>prevenci\u00f3n y extinci\u00f3n de incendios<\/strong>, el empleo, la\u00a0<strong>agricultura\u00a0<\/strong>y el apoyo al\u00a0<strong>turismo\u00a0<\/strong>y la actividad\u00a0<strong>cultural<\/strong>, entre otros, seg\u00fan ha destacado.<\/p>\n<p>La convocatoria oferta 400 puestos para administrativos y auxiliares, 123 de t\u00e9cnicos de Administraci\u00f3n General; 35 plazas para t\u00e9cnicos de Medio Ambiente; 120 puestos de Orientaci\u00f3n Laboral y m\u00e1s de 600 entre educadores de Educaci\u00f3n Infantil, Educaci\u00f3n Especial y especialistas en Atenci\u00f3n Sociosanitaria, entre otros.<\/p>\n<p>Se reserva m\u00e1s de un 7 por ciento de la totalidad de las plazas para ser cubiertas entre personas con un grado de discapacidad igual o superior al 33 por ciento. Tambi\u00e9n se promueve y respeta la igualdad de g\u00e9nero porque se aplican las medidas previstas en el Plan de Igualdad de la Generalitat y se prev\u00e9 que,\u00a0<strong>como criterio de desempate, sean mujeres las seleccionadas en el caso de que ellas est\u00e9n infrarrepresentadas\u00a0<\/strong>dentro del cuerpo o escala objeto de la convocatoria.<\/p>\n<p>Se est\u00e1n preparando unas oposiciones antes tienes que saber <a href=\"https:\/\/www.oficinaempleo.com\/blog\/5-formas-conseguir-mas-puntos-las-oposiciones\/\"  >como conseguir m\u00e1s puntos<\/a>.<\/p>\n<p>&nbsp;<\/p>\n<div class=\"su-button-center\"><a href=\"https:\/\/jobs.oficinaempleo.com\/registro?origen=ORG-web&#038;utm_source=OE&#038;utm_medium=boton_registro&#038;utm_content=homepage&#038;utm_campaign=organic\" class=\"su-button su-button-style-flat\" style=\"color:#FFFFFF;background-color:#ec7d0c;border-color:#bd640a;border-radius:10px\" target=\"__blank\"><span style=\"color:#FFFFFF;padding:8px 26px;font-size:20px;line-height:30px;border-color:#f2a455;border-radius:10px;text-shadow:none\"><i class=\"sui sui-arrow-circle-right\" style=\"font-size:20px;color:#FFFFFF\"><\/i> Reg\u00edstrate gratis en OficinaEmpleo<\/span><\/a><\/div><div class=\"su-spacer\" style=\"height:30px\"><\/div>\n<p>&nbsp;<\/p>\n","protected":false},"excerpt":{"rendered":"<p>&nbsp; Oferta de empleo p\u00fablico\u00a0(OPE) para este a\u00f1o de la\u00a0Generalitat Valenciana, en la que se ofrecen\u00a02.417 plazas, que se fusionar\u00e1 con las oposiciones de 2017 (de 2.008 puestos), con lo que la oferta conjunta ser\u00e1 de\u00a04.425 puestos de trabajo\u00a0en los sectores de\u00a0Sanidad, Seguridad y Bienestar Social. El aumento del n\u00famero de puestos que se ofertar\u00e1n [&hellip;]<\/p>\n","protected":false},"author":39,"featured_media":26272,"comment_status":"open","ping_status":"open","sticky":false,"template":"","format":"standard","meta":{"footnotes":""},"categories":[691],"tags":[1168,1142,71],"class_list":["post-26271","post","type-post","status-publish","format-standard","has-post-thumbnail","hentry","category-actualidad-empleo","tag-empleo-publico","tag-oferta-de-trabajo","tag-ofertas-de-empleo","cat-691-id","has_thumb"],"yoast_head":"<!-- This site is optimized with the Yoast SEO plugin v27.1.1 - https:\/\/yoast.com\/product\/yoast-seo-wordpress\/ -->\n<title>La Generalitat Valenciana convoca 4.425 plazas de funcionarios - Blog OficinaEmpleo<\/title>\n<meta name=\"description\" content=\"En Sanidad, Seguridad y Bienestar Social. En los desempates se elegir\u00e1 a las mujeres si est\u00e1n infrarrepresentadas en ese cupo.\" \/>\n<meta name=\"robots\" content=\"index, follow, max-snippet:-1, max-image-preview:large, max-video-preview:-1\" \/>\n<link rel=\"canonical\" href=\"https:\/\/www.oficinaempleo.com\/blog\/la-generalitat-valenciana-convoca-4-425-plazas-de-funcionarios\/\" \/>\n<meta property=\"og:locale\" content=\"es_ES\" \/>\n<meta property=\"og:type\" content=\"article\" \/>\n<meta property=\"og:title\" content=\"La Generalitat Valenciana convoca 4.425 plazas de funcionarios - Blog OficinaEmpleo\" \/>\n<meta property=\"og:description\" content=\"En Sanidad, Seguridad y Bienestar Social. En los desempates se elegir\u00e1 a las mujeres si est\u00e1n infrarrepresentadas en ese cupo.\" \/>\n<meta property=\"og:url\" content=\"https:\/\/www.oficinaempleo.com\/blog\/la-generalitat-valenciana-convoca-4-425-plazas-de-funcionarios\/\" \/>\n<meta property=\"og:site_name\" content=\"Noticias y consejos de empleo | Blog OficinaEmpleo\" \/>\n<meta property=\"article:published_time\" content=\"2018-12-03T10:33:44+00:00\" \/>\n<meta property=\"article:modified_time\" content=\"2018-12-03T12:25:36+00:00\" \/>\n<meta property=\"og:image\" content=\"https:\/\/www.oficinaempleo.com\/blog\/wp-content\/uploads\/2018\/12\/VALENCIA-DESTACADA.jpg\" \/>\n\t<meta property=\"og:image:width\" content=\"600\" \/>\n\t<meta property=\"og:image:height\" content=\"310\" \/>\n\t<meta property=\"og:image:type\" content=\"image\/jpeg\" \/>\n<meta name=\"author\" content=\"Victor Aragon\" \/>\n<meta name=\"twitter:card\" content=\"summary_large_image\" \/>\n<meta name=\"twitter:creator\" content=\"@OficinaEmpleo\" \/>\n<meta name=\"twitter:site\" content=\"@OficinaEmpleo\" \/>\n<meta name=\"twitter:label1\" content=\"Written by\" \/>\n\t<meta name=\"twitter:data1\" content=\"Victor Aragon\" \/>\n\t<meta name=\"twitter:label2\" content=\"Est. reading time\" \/>\n\t<meta name=\"twitter:data2\" content=\"2 minutos\" \/>\n<script type=\"application\/ld+json\" class=\"yoast-schema-graph\">{\"@context\":\"https:\/\/schema.org\",\"@graph\":[{\"@type\":\"Article\",\"@id\":\"https:\/\/www.oficinaempleo.com\/blog\/la-generalitat-valenciana-convoca-4-425-plazas-de-funcionarios\/#article\",\"isPartOf\":{\"@id\":\"https:\/\/www.oficinaempleo.com\/blog\/la-generalitat-valenciana-convoca-4-425-plazas-de-funcionarios\/\"},\"author\":{\"name\":\"Victor Aragon\",\"@id\":\"https:\/\/www.oficinaempleo.com\/blog\/#\/schema\/person\/9c9eaa3d0a9ea2af7b3ec1efe29f33a1\"},\"headline\":\"La Generalitat Valenciana convoca 4.425 plazas de funcionarios\",\"datePublished\":\"2018-12-03T10:33:44+00:00\",\"dateModified\":\"2018-12-03T12:25:36+00:00\",\"mainEntityOfPage\":{\"@id\":\"https:\/\/www.oficinaempleo.com\/blog\/la-generalitat-valenciana-convoca-4-425-plazas-de-funcionarios\/\"},\"wordCount\":462,\"commentCount\":2,\"publisher\":{\"@id\":\"https:\/\/www.oficinaempleo.com\/blog\/#organization\"},\"image\":{\"@id\":\"https:\/\/www.oficinaempleo.com\/blog\/la-generalitat-valenciana-convoca-4-425-plazas-de-funcionarios\/#primaryimage\"},\"thumbnailUrl\":\"https:\/\/www.oficinaempleo.com\/blog\/wp-content\/uploads\/2018\/12\/VALENCIA-DESTACADA.jpg\",\"keywords\":[\"empleo publico\",\"oferta de trabajo\",\"ofertas de empleo\"],\"articleSection\":[\"Actualidad\"],\"inLanguage\":\"es\",\"potentialAction\":[{\"@type\":\"CommentAction\",\"name\":\"Comment\",\"target\":[\"https:\/\/www.oficinaempleo.com\/blog\/la-generalitat-valenciana-convoca-4-425-plazas-de-funcionarios\/#respond\"]}]},{\"@type\":\"WebPage\",\"@id\":\"https:\/\/www.oficinaempleo.com\/blog\/la-generalitat-valenciana-convoca-4-425-plazas-de-funcionarios\/\",\"url\":\"https:\/\/www.oficinaempleo.com\/blog\/la-generalitat-valenciana-convoca-4-425-plazas-de-funcionarios\/\",\"name\":\"La Generalitat Valenciana convoca 4.425 plazas de funcionarios - Blog OficinaEmpleo\",\"isPartOf\":{\"@id\":\"https:\/\/www.oficinaempleo.com\/blog\/#website\"},\"primaryImageOfPage\":{\"@id\":\"https:\/\/www.oficinaempleo.com\/blog\/la-generalitat-valenciana-convoca-4-425-plazas-de-funcionarios\/#primaryimage\"},\"image\":{\"@id\":\"https:\/\/www.oficinaempleo.com\/blog\/la-generalitat-valenciana-convoca-4-425-plazas-de-funcionarios\/#primaryimage\"},\"thumbnailUrl\":\"https:\/\/www.oficinaempleo.com\/blog\/wp-content\/uploads\/2018\/12\/VALENCIA-DESTACADA.jpg\",\"datePublished\":\"2018-12-03T10:33:44+00:00\",\"dateModified\":\"2018-12-03T12:25:36+00:00\",\"description\":\"En Sanidad, Seguridad y Bienestar Social. En los desempates se elegir\u00e1 a las mujeres si est\u00e1n infrarrepresentadas en ese cupo.\",\"breadcrumb\":{\"@id\":\"https:\/\/www.oficinaempleo.com\/blog\/la-generalitat-valenciana-convoca-4-425-plazas-de-funcionarios\/#breadcrumb\"},\"inLanguage\":\"es\",\"potentialAction\":[{\"@type\":\"ReadAction\",\"target\":[\"https:\/\/www.oficinaempleo.com\/blog\/la-generalitat-valenciana-convoca-4-425-plazas-de-funcionarios\/\"]}]},{\"@type\":\"ImageObject\",\"inLanguage\":\"es\",\"@id\":\"https:\/\/www.oficinaempleo.com\/blog\/la-generalitat-valenciana-convoca-4-425-plazas-de-funcionarios\/#primaryimage\",\"url\":\"https:\/\/www.oficinaempleo.com\/blog\/wp-content\/uploads\/2018\/12\/VALENCIA-DESTACADA.jpg\",\"contentUrl\":\"https:\/\/www.oficinaempleo.com\/blog\/wp-content\/uploads\/2018\/12\/VALENCIA-DESTACADA.jpg\",\"width\":600,\"height\":310,\"caption\":\"La Generalitat Valenciana convoca 4.425 plazas de funcionarios (Istock).\"},{\"@type\":\"BreadcrumbList\",\"@id\":\"https:\/\/www.oficinaempleo.com\/blog\/la-generalitat-valenciana-convoca-4-425-plazas-de-funcionarios\/#breadcrumb\",\"itemListElement\":[{\"@type\":\"ListItem\",\"position\":1,\"name\":\"Home\",\"item\":\"https:\/\/www.oficinaempleo.com\/blog\/\"},{\"@type\":\"ListItem\",\"position\":2,\"name\":\"La Generalitat Valenciana convoca 4.425 plazas de funcionarios\"}]},{\"@type\":\"WebSite\",\"@id\":\"https:\/\/www.oficinaempleo.com\/blog\/#website\",\"url\":\"https:\/\/www.oficinaempleo.com\/blog\/\",\"name\":\"Noticias y Consejos de Empleo | Blog OficinaEmpleo\",\"description\":\"\",\"publisher\":{\"@id\":\"https:\/\/www.oficinaempleo.com\/blog\/#organization\"},\"potentialAction\":[{\"@type\":\"SearchAction\",\"target\":{\"@type\":\"EntryPoint\",\"urlTemplate\":\"https:\/\/www.oficinaempleo.com\/blog\/?s={search_term_string}\"},\"query-input\":{\"@type\":\"PropertyValueSpecification\",\"valueRequired\":true,\"valueName\":\"search_term_string\"}}],\"inLanguage\":\"es\"},{\"@type\":\"Organization\",\"@id\":\"https:\/\/www.oficinaempleo.com\/blog\/#organization\",\"name\":\"OficinaEmpleo\",\"url\":\"https:\/\/www.oficinaempleo.com\/blog\/\",\"logo\":{\"@type\":\"ImageObject\",\"inLanguage\":\"es\",\"@id\":\"https:\/\/www.oficinaempleo.com\/blog\/#\/schema\/logo\/image\/\",\"url\":\"https:\/\/www.oficinaempleo.com\/blog\/wp-content\/uploads\/2018\/10\/logo_footer-1.jpg\",\"contentUrl\":\"https:\/\/www.oficinaempleo.com\/blog\/wp-content\/uploads\/2018\/10\/logo_footer-1.jpg\",\"width\":478,\"height\":57,\"caption\":\"OficinaEmpleo\"},\"image\":{\"@id\":\"https:\/\/www.oficinaempleo.com\/blog\/#\/schema\/logo\/image\/\"},\"sameAs\":[\"https:\/\/x.com\/OficinaEmpleo\"]},{\"@type\":\"Person\",\"@id\":\"https:\/\/www.oficinaempleo.com\/blog\/#\/schema\/person\/9c9eaa3d0a9ea2af7b3ec1efe29f33a1\",\"name\":\"Victor Aragon\",\"image\":{\"@type\":\"ImageObject\",\"inLanguage\":\"es\",\"@id\":\"https:\/\/www.oficinaempleo.com\/blog\/#\/schema\/person\/image\/\",\"url\":\"https:\/\/secure.gravatar.com\/avatar\/51f36a79b29f73d802fd2868f575a8e2c1cbc11bcab69a66990a885994e9b250?s=96&d=mm&r=g\",\"contentUrl\":\"https:\/\/secure.gravatar.com\/avatar\/51f36a79b29f73d802fd2868f575a8e2c1cbc11bcab69a66990a885994e9b250?s=96&d=mm&r=g\",\"caption\":\"Victor Aragon\"},\"url\":\"https:\/\/www.oficinaempleo.com\/blog\/author\/victor-aragon\/\"}]}<\/script>\n<!-- \/ Yoast SEO plugin. -->","yoast_head_json":{"title":"La Generalitat Valenciana convoca 4.425 plazas de funcionarios - Blog OficinaEmpleo","description":"En Sanidad, Seguridad y Bienestar Social. En los desempates se elegir\u00e1 a las mujeres si est\u00e1n infrarrepresentadas en ese cupo.","robots":{"index":"index","follow":"follow","max-snippet":"max-snippet:-1","max-image-preview":"max-image-preview:large","max-video-preview":"max-video-preview:-1"},"canonical":"https:\/\/www.oficinaempleo.com\/blog\/la-generalitat-valenciana-convoca-4-425-plazas-de-funcionarios\/","og_locale":"es_ES","og_type":"article","og_title":"La Generalitat Valenciana convoca 4.425 plazas de funcionarios - Blog OficinaEmpleo","og_description":"En Sanidad, Seguridad y Bienestar Social. En los desempates se elegir\u00e1 a las mujeres si est\u00e1n infrarrepresentadas en ese cupo.","og_url":"https:\/\/www.oficinaempleo.com\/blog\/la-generalitat-valenciana-convoca-4-425-plazas-de-funcionarios\/","og_site_name":"Noticias y consejos de empleo | Blog OficinaEmpleo","article_published_time":"2018-12-03T10:33:44+00:00","article_modified_time":"2018-12-03T12:25:36+00:00","og_image":[{"width":600,"height":310,"url":"https:\/\/www.oficinaempleo.com\/blog\/wp-content\/uploads\/2018\/12\/VALENCIA-DESTACADA.jpg","type":"image\/jpeg"}],"author":"Victor Aragon","twitter_card":"summary_large_image","twitter_creator":"@OficinaEmpleo","twitter_site":"@OficinaEmpleo","twitter_misc":{"Written by":"Victor Aragon","Est. reading time":"2 minutos"},"schema":{"@context":"https:\/\/schema.org","@graph":[{"@type":"Article","@id":"https:\/\/www.oficinaempleo.com\/blog\/la-generalitat-valenciana-convoca-4-425-plazas-de-funcionarios\/#article","isPartOf":{"@id":"https:\/\/www.oficinaempleo.com\/blog\/la-generalitat-valenciana-convoca-4-425-plazas-de-funcionarios\/"},"author":{"name":"Victor Aragon","@id":"https:\/\/www.oficinaempleo.com\/blog\/#\/schema\/person\/9c9eaa3d0a9ea2af7b3ec1efe29f33a1"},"headline":"La Generalitat Valenciana convoca 4.425 plazas de funcionarios","datePublished":"2018-12-03T10:33:44+00:00","dateModified":"2018-12-03T12:25:36+00:00","mainEntityOfPage":{"@id":"https:\/\/www.oficinaempleo.com\/blog\/la-generalitat-valenciana-convoca-4-425-plazas-de-funcionarios\/"},"wordCount":462,"commentCount":2,"publisher":{"@id":"https:\/\/www.oficinaempleo.com\/blog\/#organization"},"image":{"@id":"https:\/\/www.oficinaempleo.com\/blog\/la-generalitat-valenciana-convoca-4-425-plazas-de-funcionarios\/#primaryimage"},"thumbnailUrl":"https:\/\/www.oficinaempleo.com\/blog\/wp-content\/uploads\/2018\/12\/VALENCIA-DESTACADA.jpg","keywords":["empleo publico","oferta de trabajo","ofertas de empleo"],"articleSection":["Actualidad"],"inLanguage":"es","potentialAction":[{"@type":"CommentAction","name":"Comment","target":["https:\/\/www.oficinaempleo.com\/blog\/la-generalitat-valenciana-convoca-4-425-plazas-de-funcionarios\/#respond"]}]},{"@type":"WebPage","@id":"https:\/\/www.oficinaempleo.com\/blog\/la-generalitat-valenciana-convoca-4-425-plazas-de-funcionarios\/","url":"https:\/\/www.oficinaempleo.com\/blog\/la-generalitat-valenciana-convoca-4-425-plazas-de-funcionarios\/","name":"La Generalitat Valenciana convoca 4.425 plazas de funcionarios - Blog OficinaEmpleo","isPartOf":{"@id":"https:\/\/www.oficinaempleo.com\/blog\/#website"},"primaryImageOfPage":{"@id":"https:\/\/www.oficinaempleo.com\/blog\/la-generalitat-valenciana-convoca-4-425-plazas-de-funcionarios\/#primaryimage"},"image":{"@id":"https:\/\/www.oficinaempleo.com\/blog\/la-generalitat-valenciana-convoca-4-425-plazas-de-funcionarios\/#primaryimage"},"thumbnailUrl":"https:\/\/www.oficinaempleo.com\/blog\/wp-content\/uploads\/2018\/12\/VALENCIA-DESTACADA.jpg","datePublished":"2018-12-03T10:33:44+00:00","dateModified":"2018-12-03T12:25:36+00:00","description":"En Sanidad, Seguridad y Bienestar Social. En los desempates se elegir\u00e1 a las mujeres si est\u00e1n infrarrepresentadas en ese cupo.","breadcrumb":{"@id":"https:\/\/www.oficinaempleo.com\/blog\/la-generalitat-valenciana-convoca-4-425-plazas-de-funcionarios\/#breadcrumb"},"inLanguage":"es","potentialAction":[{"@type":"ReadAction","target":["https:\/\/www.oficinaempleo.com\/blog\/la-generalitat-valenciana-convoca-4-425-plazas-de-funcionarios\/"]}]},{"@type":"ImageObject","inLanguage":"es","@id":"https:\/\/www.oficinaempleo.com\/blog\/la-generalitat-valenciana-convoca-4-425-plazas-de-funcionarios\/#primaryimage","url":"https:\/\/www.oficinaempleo.com\/blog\/wp-content\/uploads\/2018\/12\/VALENCIA-DESTACADA.jpg","contentUrl":"https:\/\/www.oficinaempleo.com\/blog\/wp-content\/uploads\/2018\/12\/VALENCIA-DESTACADA.jpg","width":600,"height":310,"caption":"La Generalitat Valenciana convoca 4.425 plazas de funcionarios (Istock)."},{"@type":"BreadcrumbList","@id":"https:\/\/www.oficinaempleo.com\/blog\/la-generalitat-valenciana-convoca-4-425-plazas-de-funcionarios\/#breadcrumb","itemListElement":[{"@type":"ListItem","position":1,"name":"Home","item":"https:\/\/www.oficinaempleo.com\/blog\/"},{"@type":"ListItem","position":2,"name":"La Generalitat Valenciana convoca 4.425 plazas de funcionarios"}]},{"@type":"WebSite","@id":"https:\/\/www.oficinaempleo.com\/blog\/#website","url":"https:\/\/www.oficinaempleo.com\/blog\/","name":"Noticias y Consejos de Empleo | Blog OficinaEmpleo","description":"","publisher":{"@id":"https:\/\/www.oficinaempleo.com\/blog\/#organization"},"potentialAction":[{"@type":"SearchAction","target":{"@type":"EntryPoint","urlTemplate":"https:\/\/www.oficinaempleo.com\/blog\/?s={search_term_string}"},"query-input":{"@type":"PropertyValueSpecification","valueRequired":true,"valueName":"search_term_string"}}],"inLanguage":"es"},{"@type":"Organization","@id":"https:\/\/www.oficinaempleo.com\/blog\/#organization","name":"OficinaEmpleo","url":"https:\/\/www.oficinaempleo.com\/blog\/","logo":{"@type":"ImageObject","inLanguage":"es","@id":"https:\/\/www.oficinaempleo.com\/blog\/#\/schema\/logo\/image\/","url":"https:\/\/www.oficinaempleo.com\/blog\/wp-content\/uploads\/2018\/10\/logo_footer-1.jpg","contentUrl":"https:\/\/www.oficinaempleo.com\/blog\/wp-content\/uploads\/2018\/10\/logo_footer-1.jpg","width":478,"height":57,"caption":"OficinaEmpleo"},"image":{"@id":"https:\/\/www.oficinaempleo.com\/blog\/#\/schema\/logo\/image\/"},"sameAs":["https:\/\/x.com\/OficinaEmpleo"]},{"@type":"Person","@id":"https:\/\/www.oficinaempleo.com\/blog\/#\/schema\/person\/9c9eaa3d0a9ea2af7b3ec1efe29f33a1","name":"Victor Aragon","image":{"@type":"ImageObject","inLanguage":"es","@id":"https:\/\/www.oficinaempleo.com\/blog\/#\/schema\/person\/image\/","url":"https:\/\/secure.gravatar.com\/avatar\/51f36a79b29f73d802fd2868f575a8e2c1cbc11bcab69a66990a885994e9b250?s=96&d=mm&r=g","contentUrl":"https:\/\/secure.gravatar.com\/avatar\/51f36a79b29f73d802fd2868f575a8e2c1cbc11bcab69a66990a885994e9b250?s=96&d=mm&r=g","caption":"Victor Aragon"},"url":"https:\/\/www.oficinaempleo.com\/blog\/author\/victor-aragon\/"}]}},"_links":{"self":[{"href":"https:\/\/www.oficinaempleo.com\/blog\/wp-json\/wp\/v2\/posts\/26271","targetHints":{"allow":["GET"]}}],"collection":[{"href":"https:\/\/www.oficinaempleo.com\/blog\/wp-json\/wp\/v2\/posts"}],"about":[{"href":"https:\/\/www.oficinaempleo.com\/blog\/wp-json\/wp\/v2\/types\/post"}],"author":[{"embeddable":true,"href":"https:\/\/www.oficinaempleo.com\/blog\/wp-json\/wp\/v2\/users\/39"}],"replies":[{"embeddable":true,"href":"https:\/\/www.oficinaempleo.com\/blog\/wp-json\/wp\/v2\/comments?post=26271"}],"version-history":[{"count":11,"href":"https:\/\/www.oficinaempleo.com\/blog\/wp-json\/wp\/v2\/posts\/26271\/revisions"}],"predecessor-version":[{"id":26284,"href":"https:\/\/www.oficinaempleo.com\/blog\/wp-json\/wp\/v2\/posts\/26271\/revisions\/26284"}],"wp:featuredmedia":[{"embeddable":true,"href":"https:\/\/www.oficinaempleo.com\/blog\/wp-json\/wp\/v2\/media\/26272"}],"wp:attachment":[{"href":"https:\/\/www.oficinaempleo.com\/blog\/wp-json\/wp\/v2\/media?parent=26271"}],"wp:term":[{"taxonomy":"category","embeddable":true,"href":"https:\/\/www.oficinaempleo.com\/blog\/wp-json\/wp\/v2\/categories?post=26271"},{"taxonomy":"post_tag","embeddable":true,"href":"https:\/\/www.oficinaempleo.com\/blog\/wp-json\/wp\/v2\/tags?post=26271"}],"curies":[{"name":"wp","href":"https:\/\/api.w.org\/{rel}","templated":true}]}}