{"id":27288,"date":"2019-09-23T10:25:19","date_gmt":"2019-09-23T09:25:19","guid":{"rendered":"https:\/\/www.oficinaempleo.com\/blog\/?p=27288"},"modified":"2019-09-24T09:52:59","modified_gmt":"2019-09-24T08:52:59","slug":"el-cv-ideal-para-los-camareros-en-2019","status":"publish","type":"post","link":"https:\/\/www.oficinaempleo.com\/blog\/el-cv-ideal-para-los-camareros-en-2019\/","title":{"rendered":"El CV ideal para los camareros en 2019"},"content":{"rendered":"<div class=\"su-button-center\"><a href=\"https:\/\/jobs.oficinaempleo.com\/registro?origen=ORG-web&#038;utm_source=OE&#038;utm_medium=boton_registro&#038;utm_content=homepage&#038;utm_campaign=organic\" class=\"su-button su-button-style-flat\" style=\"color:#FFFFFF;background-color:#ec7d0c;border-color:#bd640a;border-radius:10px\" target=\"__blank\"><span style=\"color:#FFFFFF;padding:8px 26px;font-size:20px;line-height:30px;border-color:#f2a455;border-radius:10px;text-shadow:none\"><i class=\"sui sui-arrow-circle-right\" style=\"font-size:20px;color:#FFFFFF\"><\/i> Reg\u00edstrate gratis en OficinaEmpleo<\/span><\/a><\/div><div class=\"su-spacer\" style=\"height:30px\"><\/div>\nEn un mercado laboral cada vez m\u00e1s especializado, con cientos o miles de personas presentando su candidatura a los distintos puestos de trabajo, cobra una importancia esencial no s\u00f3lo los m\u00e9ritos que se puedan acreditar, sino tambi\u00e9n c\u00f3mo se presentan. Ahora que llega la temporada de verano, uno de los perfiles m\u00e1s requeridos es el de\u00a0<strong>camarero<\/strong>, personas que est\u00e9n dispuestas a trabajar en temporada alta por un salario a veces muy atractivo. Eso s\u00ed, para lograr el trabajo es necesario imponerse a otros muchos candidatos que aspiran a lo mismo. Para que lo consigas, aqu\u00ed vamos a darte algunos consejos, y te recomendamos que leas algunos\u00a0<a href=\"https:\/\/www.onlinecv.es\/ejemplos-curriculum\/camarero\/\">ejemplos de curr\u00edculums para camareros<\/a>.<\/p>\n<div id=\"attachment_27290\" style=\"width: 467px\" class=\"wp-caption alignnone\"><a href=\"https:\/\/www.oficinaempleo.com\/blog\/wp-content\/uploads\/2019\/05\/2019-05-28.jpg\"><img loading=\"lazy\" decoding=\"async\" aria-describedby=\"caption-attachment-27290\" class=\"wp-image-27290\" src=\"https:\/\/www.oficinaempleo.com\/blog\/wp-content\/uploads\/2019\/05\/2019-05-28.jpg\" alt=\"\" width=\"457\" height=\"325\" srcset=\"https:\/\/www.oficinaempleo.com\/blog\/wp-content\/uploads\/2019\/05\/2019-05-28.jpg 1280w, https:\/\/www.oficinaempleo.com\/blog\/wp-content\/uploads\/2019\/05\/2019-05-28-300x214.jpg 300w, https:\/\/www.oficinaempleo.com\/blog\/wp-content\/uploads\/2019\/05\/2019-05-28-768x547.jpg 768w, https:\/\/www.oficinaempleo.com\/blog\/wp-content\/uploads\/2019\/05\/2019-05-28-1024x729.jpg 1024w, https:\/\/www.oficinaempleo.com\/blog\/wp-content\/uploads\/2019\/05\/2019-05-28-640x456.jpg 640w, https:\/\/www.oficinaempleo.com\/blog\/wp-content\/uploads\/2019\/05\/2019-05-28-211x150.jpg 211w\" sizes=\"auto, (max-width: 457px) 100vw, 457px\" \/><\/a><p id=\"caption-attachment-27290\" class=\"wp-caption-text\">El CV ideal para los camareros en 2019 (Istock)<\/p><\/div>\n<p>Hay que partir de la idea de que en el\u00a0<strong>CV de camarero<\/strong>\u00a0deben figurar varias secciones imprescindibles, sin las cuales el empleador dif\u00edcilmente va a tener en cuenta la candidatura. Estas secciones son la educaci\u00f3n, experiencia relevante y habilidades. Estos aspectos casi siempre deber\u00e1n incluirse a la hora de solicitar un trabajo como camarero o camarera.<\/p>\n<ul>\n<li><strong>Educaci\u00f3n<\/strong>: cada vez son m\u00e1s las personas que pueden aportar un t\u00edtulo de hosteler\u00eda, un curso o un certificado acad\u00e9mico relacionado con la restauraci\u00f3n. Si dispones de \u00e9l, incluirlo en tu CV ser\u00e1 un gran reclamo para los reclutadores, porque demuestra que tu inter\u00e9s por trabajar en el sector es genuino y no puramente espor\u00e1dico. De la misma forma, las cualificaciones profesionales que puedan ser complementarias, como un\u00a0certificado de manipulador de alimentos o una\u00a0formaci\u00f3n en restauraci\u00f3n de alta cocina, demuestran que est\u00e1s en aprendizaje constante y que tienes motivaci\u00f3n para mejorar en este sector laboral.<\/li>\n<li><strong>Habilidades:\u00a0<\/strong>en el caso de un camarero o camarera, saber reflejar sus habilidades se convierte en una\u00a0parte fundamental del contenido del CV. Obviamente, estas habilidades deben concordar en la mayor medida de lo posible con la oferta de empleo.<\/li>\n<li><strong>Experiencia laboral<\/strong>: es, probablemente, la parte m\u00e1s importante en un CV de camarero. Se trata de demostrar que eres capaz de hacer el trabajo acreditando que lo has realizado con anterioridad. Intenta incluir situaciones relevantes que has tenido en puestos en los que se compart\u00edan responsabilidades, habilidades u objetivos similares a los del puesto al que postulas. Hay que tener en cuenta que la competencia es mucha, muchas personas han trabajado como camareros, de modo que si tu experiencia est\u00e1 especialmente cualificada, tendr\u00e1s mucho ganado con respecto a los dem\u00e1s candidatos.<\/li>\n<\/ul>\n<p>Tambi\u00e9n puede serte de mucha ayuda incluir en tu CV\u00a0<strong>vocabulario<\/strong>\u00a0que demuestre que est\u00e1s familiarizado con el trabajo. Contar con un vocabulario rico en terminolog\u00eda potenciar\u00e1 tu candidatura. En este sentido, sustantivos como barista, encargado, organizador, comensal o catering demuestran que conoces el sector.<\/p>\n<p>A partir de aqu\u00ed, recuerda dar a tu CV un dise\u00f1o que permita una lectura sencilla, sin abusar de las diferentes tipograf\u00edas, y ad\u00e1ptalo a tu perfil: si tienes mucha experiencia o aspiras a un ascenso, opta por un CV cronol\u00f3gico; si acabas de finalizar tus estudios, da preeminencia al bagaje acad\u00e9mico. Incluye foto, intenta ce\u00f1irte a la extensi\u00f3n de una p\u00e1gina y, por \u00faltimo, rep\u00e1salo antes de entregarlo: \u00a1nunca es tarde para mejorar tu CV!<br \/>\n<div class=\"su-button-center\"><a href=\"https:\/\/jobs.oficinaempleo.com\/registro?origen=ORG-web&#038;utm_source=OE&#038;utm_medium=boton_registro&#038;utm_content=homepage&#038;utm_campaign=organic\" class=\"su-button su-button-style-flat\" style=\"color:#FFFFFF;background-color:#ec7d0c;border-color:#bd640a;border-radius:10px\" target=\"__blank\"><span style=\"color:#FFFFFF;padding:8px 26px;font-size:20px;line-height:30px;border-color:#f2a455;border-radius:10px;text-shadow:none\"><i class=\"sui sui-arrow-circle-right\" style=\"font-size:20px;color:#FFFFFF\"><\/i> Reg\u00edstrate gratis en OficinaEmpleo<\/span><\/a><\/div><div class=\"su-spacer\" style=\"height:30px\"><\/div>\n","protected":false},"excerpt":{"rendered":"<p>En un mercado laboral cada vez m\u00e1s especializado, con cientos o miles de personas presentando su candidatura a los distintos puestos de trabajo, cobra una importancia esencial no s\u00f3lo los m\u00e9ritos que se puedan acreditar, sino tambi\u00e9n c\u00f3mo se presentan. Ahora que llega la temporada de verano, uno de los perfiles m\u00e1s requeridos es el [&hellip;]<\/p>\n","protected":false},"author":36,"featured_media":27290,"comment_status":"open","ping_status":"open","sticky":false,"template":"","format":"standard","meta":{"footnotes":""},"categories":[1],"tags":[],"class_list":["post-27288","post","type-post","status-publish","format-standard","has-post-thumbnail","hentry","category-sin-categoria","cat-1-id","has_thumb"],"yoast_head":"<!-- This site is optimized with the Yoast SEO plugin v27.1.1 - https:\/\/yoast.com\/product\/yoast-seo-wordpress\/ -->\n<title>El CV ideal para los camareros en 2019 - Blog OficinaEmpleo<\/title>\n<meta name=\"description\" content=\"Para que lo consigas, aqu\u00ed vamos a darte algunos consejos, y te recomendamos que leas algunos\u00a0ejemplos de curr\u00edculums para camareros...\" \/>\n<meta name=\"robots\" content=\"index, follow, max-snippet:-1, max-image-preview:large, max-video-preview:-1\" \/>\n<link rel=\"canonical\" href=\"https:\/\/www.oficinaempleo.com\/blog\/el-cv-ideal-para-los-camareros-en-2019\/\" \/>\n<meta property=\"og:locale\" content=\"es_ES\" \/>\n<meta property=\"og:type\" content=\"article\" \/>\n<meta property=\"og:title\" content=\"El CV ideal para los camareros en 2019 - Blog OficinaEmpleo\" \/>\n<meta property=\"og:description\" content=\"Para que lo consigas, aqu\u00ed vamos a darte algunos consejos, y te recomendamos que leas algunos\u00a0ejemplos de curr\u00edculums para camareros...\" \/>\n<meta property=\"og:url\" content=\"https:\/\/www.oficinaempleo.com\/blog\/el-cv-ideal-para-los-camareros-en-2019\/\" \/>\n<meta property=\"og:site_name\" content=\"Noticias y consejos de empleo | Blog OficinaEmpleo\" \/>\n<meta property=\"article:published_time\" content=\"2019-09-23T09:25:19+00:00\" \/>\n<meta property=\"article:modified_time\" content=\"2019-09-24T08:52:59+00:00\" \/>\n<meta property=\"og:image\" content=\"https:\/\/www.oficinaempleo.com\/blog\/wp-content\/uploads\/2019\/05\/2019-05-28.jpg\" \/>\n\t<meta property=\"og:image:width\" content=\"1280\" \/>\n\t<meta property=\"og:image:height\" content=\"911\" \/>\n\t<meta property=\"og:image:type\" content=\"image\/jpeg\" \/>\n<meta name=\"author\" content=\"Luis Javier de OficinaEmpleo\" \/>\n<meta name=\"twitter:card\" content=\"summary_large_image\" \/>\n<meta name=\"twitter:creator\" content=\"@OficinaEmpleo\" \/>\n<meta name=\"twitter:site\" content=\"@OficinaEmpleo\" \/>\n<meta name=\"twitter:label1\" content=\"Written by\" \/>\n\t<meta name=\"twitter:data1\" content=\"Luis Javier de OficinaEmpleo\" \/>\n\t<meta name=\"twitter:label2\" content=\"Est. reading time\" \/>\n\t<meta name=\"twitter:data2\" content=\"3 minutos\" \/>\n<script type=\"application\/ld+json\" class=\"yoast-schema-graph\">{\"@context\":\"https:\/\/schema.org\",\"@graph\":[{\"@type\":\"Article\",\"@id\":\"https:\/\/www.oficinaempleo.com\/blog\/el-cv-ideal-para-los-camareros-en-2019\/#article\",\"isPartOf\":{\"@id\":\"https:\/\/www.oficinaempleo.com\/blog\/el-cv-ideal-para-los-camareros-en-2019\/\"},\"author\":{\"name\":\"Luis Javier de OficinaEmpleo\",\"@id\":\"https:\/\/www.oficinaempleo.com\/blog\/#\/schema\/person\/7bd58cfb0bd941257f10e8458a5dcd4a\"},\"headline\":\"El CV ideal para los camareros en 2019\",\"datePublished\":\"2019-09-23T09:25:19+00:00\",\"dateModified\":\"2019-09-24T08:52:59+00:00\",\"mainEntityOfPage\":{\"@id\":\"https:\/\/www.oficinaempleo.com\/blog\/el-cv-ideal-para-los-camareros-en-2019\/\"},\"wordCount\":643,\"commentCount\":0,\"publisher\":{\"@id\":\"https:\/\/www.oficinaempleo.com\/blog\/#organization\"},\"image\":{\"@id\":\"https:\/\/www.oficinaempleo.com\/blog\/el-cv-ideal-para-los-camareros-en-2019\/#primaryimage\"},\"thumbnailUrl\":\"https:\/\/www.oficinaempleo.com\/blog\/wp-content\/uploads\/2019\/05\/2019-05-28.jpg\",\"inLanguage\":\"es\",\"potentialAction\":[{\"@type\":\"CommentAction\",\"name\":\"Comment\",\"target\":[\"https:\/\/www.oficinaempleo.com\/blog\/el-cv-ideal-para-los-camareros-en-2019\/#respond\"]}]},{\"@type\":\"WebPage\",\"@id\":\"https:\/\/www.oficinaempleo.com\/blog\/el-cv-ideal-para-los-camareros-en-2019\/\",\"url\":\"https:\/\/www.oficinaempleo.com\/blog\/el-cv-ideal-para-los-camareros-en-2019\/\",\"name\":\"El CV ideal para los camareros en 2019 - Blog OficinaEmpleo\",\"isPartOf\":{\"@id\":\"https:\/\/www.oficinaempleo.com\/blog\/#website\"},\"primaryImageOfPage\":{\"@id\":\"https:\/\/www.oficinaempleo.com\/blog\/el-cv-ideal-para-los-camareros-en-2019\/#primaryimage\"},\"image\":{\"@id\":\"https:\/\/www.oficinaempleo.com\/blog\/el-cv-ideal-para-los-camareros-en-2019\/#primaryimage\"},\"thumbnailUrl\":\"https:\/\/www.oficinaempleo.com\/blog\/wp-content\/uploads\/2019\/05\/2019-05-28.jpg\",\"datePublished\":\"2019-09-23T09:25:19+00:00\",\"dateModified\":\"2019-09-24T08:52:59+00:00\",\"description\":\"Para que lo consigas, aqu\u00ed vamos a darte algunos consejos, y te recomendamos que leas algunos\u00a0ejemplos de curr\u00edculums para camareros...\",\"breadcrumb\":{\"@id\":\"https:\/\/www.oficinaempleo.com\/blog\/el-cv-ideal-para-los-camareros-en-2019\/#breadcrumb\"},\"inLanguage\":\"es\",\"potentialAction\":[{\"@type\":\"ReadAction\",\"target\":[\"https:\/\/www.oficinaempleo.com\/blog\/el-cv-ideal-para-los-camareros-en-2019\/\"]}]},{\"@type\":\"ImageObject\",\"inLanguage\":\"es\",\"@id\":\"https:\/\/www.oficinaempleo.com\/blog\/el-cv-ideal-para-los-camareros-en-2019\/#primaryimage\",\"url\":\"https:\/\/www.oficinaempleo.com\/blog\/wp-content\/uploads\/2019\/05\/2019-05-28.jpg\",\"contentUrl\":\"https:\/\/www.oficinaempleo.com\/blog\/wp-content\/uploads\/2019\/05\/2019-05-28.jpg\",\"width\":1280,\"height\":911,\"caption\":\"El CV ideal para los camareros en 2019 (Istock)\"},{\"@type\":\"BreadcrumbList\",\"@id\":\"https:\/\/www.oficinaempleo.com\/blog\/el-cv-ideal-para-los-camareros-en-2019\/#breadcrumb\",\"itemListElement\":[{\"@type\":\"ListItem\",\"position\":1,\"name\":\"Home\",\"item\":\"https:\/\/www.oficinaempleo.com\/blog\/\"},{\"@type\":\"ListItem\",\"position\":2,\"name\":\"El CV ideal para los camareros en 2019\"}]},{\"@type\":\"WebSite\",\"@id\":\"https:\/\/www.oficinaempleo.com\/blog\/#website\",\"url\":\"https:\/\/www.oficinaempleo.com\/blog\/\",\"name\":\"Noticias y Consejos de Empleo | Blog OficinaEmpleo\",\"description\":\"\",\"publisher\":{\"@id\":\"https:\/\/www.oficinaempleo.com\/blog\/#organization\"},\"potentialAction\":[{\"@type\":\"SearchAction\",\"target\":{\"@type\":\"EntryPoint\",\"urlTemplate\":\"https:\/\/www.oficinaempleo.com\/blog\/?s={search_term_string}\"},\"query-input\":{\"@type\":\"PropertyValueSpecification\",\"valueRequired\":true,\"valueName\":\"search_term_string\"}}],\"inLanguage\":\"es\"},{\"@type\":\"Organization\",\"@id\":\"https:\/\/www.oficinaempleo.com\/blog\/#organization\",\"name\":\"OficinaEmpleo\",\"url\":\"https:\/\/www.oficinaempleo.com\/blog\/\",\"logo\":{\"@type\":\"ImageObject\",\"inLanguage\":\"es\",\"@id\":\"https:\/\/www.oficinaempleo.com\/blog\/#\/schema\/logo\/image\/\",\"url\":\"https:\/\/www.oficinaempleo.com\/blog\/wp-content\/uploads\/2018\/10\/logo_footer-1.jpg\",\"contentUrl\":\"https:\/\/www.oficinaempleo.com\/blog\/wp-content\/uploads\/2018\/10\/logo_footer-1.jpg\",\"width\":478,\"height\":57,\"caption\":\"OficinaEmpleo\"},\"image\":{\"@id\":\"https:\/\/www.oficinaempleo.com\/blog\/#\/schema\/logo\/image\/\"},\"sameAs\":[\"https:\/\/x.com\/OficinaEmpleo\"]},{\"@type\":\"Person\",\"@id\":\"https:\/\/www.oficinaempleo.com\/blog\/#\/schema\/person\/7bd58cfb0bd941257f10e8458a5dcd4a\",\"name\":\"Luis Javier de OficinaEmpleo\",\"image\":{\"@type\":\"ImageObject\",\"inLanguage\":\"es\",\"@id\":\"https:\/\/www.oficinaempleo.com\/blog\/#\/schema\/person\/image\/\",\"url\":\"https:\/\/secure.gravatar.com\/avatar\/f87617dc5d2ab6f4f814b96a6c94316cc17adc2802c49babb60433ee976f40aa?s=96&d=mm&r=g\",\"contentUrl\":\"https:\/\/secure.gravatar.com\/avatar\/f87617dc5d2ab6f4f814b96a6c94316cc17adc2802c49babb60433ee976f40aa?s=96&d=mm&r=g\",\"caption\":\"Luis Javier de OficinaEmpleo\"},\"url\":\"https:\/\/www.oficinaempleo.com\/blog\/author\/luis-javier\/\"}]}<\/script>\n<!-- \/ Yoast SEO plugin. -->","yoast_head_json":{"title":"El CV ideal para los camareros en 2019 - Blog OficinaEmpleo","description":"Para que lo consigas, aqu\u00ed vamos a darte algunos consejos, y te recomendamos que leas algunos\u00a0ejemplos de curr\u00edculums para camareros...","robots":{"index":"index","follow":"follow","max-snippet":"max-snippet:-1","max-image-preview":"max-image-preview:large","max-video-preview":"max-video-preview:-1"},"canonical":"https:\/\/www.oficinaempleo.com\/blog\/el-cv-ideal-para-los-camareros-en-2019\/","og_locale":"es_ES","og_type":"article","og_title":"El CV ideal para los camareros en 2019 - Blog OficinaEmpleo","og_description":"Para que lo consigas, aqu\u00ed vamos a darte algunos consejos, y te recomendamos que leas algunos\u00a0ejemplos de curr\u00edculums para camareros...","og_url":"https:\/\/www.oficinaempleo.com\/blog\/el-cv-ideal-para-los-camareros-en-2019\/","og_site_name":"Noticias y consejos de empleo | Blog OficinaEmpleo","article_published_time":"2019-09-23T09:25:19+00:00","article_modified_time":"2019-09-24T08:52:59+00:00","og_image":[{"width":1280,"height":911,"url":"https:\/\/www.oficinaempleo.com\/blog\/wp-content\/uploads\/2019\/05\/2019-05-28.jpg","type":"image\/jpeg"}],"author":"Luis Javier de OficinaEmpleo","twitter_card":"summary_large_image","twitter_creator":"@OficinaEmpleo","twitter_site":"@OficinaEmpleo","twitter_misc":{"Written by":"Luis Javier de OficinaEmpleo","Est. reading time":"3 minutos"},"schema":{"@context":"https:\/\/schema.org","@graph":[{"@type":"Article","@id":"https:\/\/www.oficinaempleo.com\/blog\/el-cv-ideal-para-los-camareros-en-2019\/#article","isPartOf":{"@id":"https:\/\/www.oficinaempleo.com\/blog\/el-cv-ideal-para-los-camareros-en-2019\/"},"author":{"name":"Luis Javier de OficinaEmpleo","@id":"https:\/\/www.oficinaempleo.com\/blog\/#\/schema\/person\/7bd58cfb0bd941257f10e8458a5dcd4a"},"headline":"El CV ideal para los camareros en 2019","datePublished":"2019-09-23T09:25:19+00:00","dateModified":"2019-09-24T08:52:59+00:00","mainEntityOfPage":{"@id":"https:\/\/www.oficinaempleo.com\/blog\/el-cv-ideal-para-los-camareros-en-2019\/"},"wordCount":643,"commentCount":0,"publisher":{"@id":"https:\/\/www.oficinaempleo.com\/blog\/#organization"},"image":{"@id":"https:\/\/www.oficinaempleo.com\/blog\/el-cv-ideal-para-los-camareros-en-2019\/#primaryimage"},"thumbnailUrl":"https:\/\/www.oficinaempleo.com\/blog\/wp-content\/uploads\/2019\/05\/2019-05-28.jpg","inLanguage":"es","potentialAction":[{"@type":"CommentAction","name":"Comment","target":["https:\/\/www.oficinaempleo.com\/blog\/el-cv-ideal-para-los-camareros-en-2019\/#respond"]}]},{"@type":"WebPage","@id":"https:\/\/www.oficinaempleo.com\/blog\/el-cv-ideal-para-los-camareros-en-2019\/","url":"https:\/\/www.oficinaempleo.com\/blog\/el-cv-ideal-para-los-camareros-en-2019\/","name":"El CV ideal para los camareros en 2019 - Blog OficinaEmpleo","isPartOf":{"@id":"https:\/\/www.oficinaempleo.com\/blog\/#website"},"primaryImageOfPage":{"@id":"https:\/\/www.oficinaempleo.com\/blog\/el-cv-ideal-para-los-camareros-en-2019\/#primaryimage"},"image":{"@id":"https:\/\/www.oficinaempleo.com\/blog\/el-cv-ideal-para-los-camareros-en-2019\/#primaryimage"},"thumbnailUrl":"https:\/\/www.oficinaempleo.com\/blog\/wp-content\/uploads\/2019\/05\/2019-05-28.jpg","datePublished":"2019-09-23T09:25:19+00:00","dateModified":"2019-09-24T08:52:59+00:00","description":"Para que lo consigas, aqu\u00ed vamos a darte algunos consejos, y te recomendamos que leas algunos\u00a0ejemplos de curr\u00edculums para camareros...","breadcrumb":{"@id":"https:\/\/www.oficinaempleo.com\/blog\/el-cv-ideal-para-los-camareros-en-2019\/#breadcrumb"},"inLanguage":"es","potentialAction":[{"@type":"ReadAction","target":["https:\/\/www.oficinaempleo.com\/blog\/el-cv-ideal-para-los-camareros-en-2019\/"]}]},{"@type":"ImageObject","inLanguage":"es","@id":"https:\/\/www.oficinaempleo.com\/blog\/el-cv-ideal-para-los-camareros-en-2019\/#primaryimage","url":"https:\/\/www.oficinaempleo.com\/blog\/wp-content\/uploads\/2019\/05\/2019-05-28.jpg","contentUrl":"https:\/\/www.oficinaempleo.com\/blog\/wp-content\/uploads\/2019\/05\/2019-05-28.jpg","width":1280,"height":911,"caption":"El CV ideal para los camareros en 2019 (Istock)"},{"@type":"BreadcrumbList","@id":"https:\/\/www.oficinaempleo.com\/blog\/el-cv-ideal-para-los-camareros-en-2019\/#breadcrumb","itemListElement":[{"@type":"ListItem","position":1,"name":"Home","item":"https:\/\/www.oficinaempleo.com\/blog\/"},{"@type":"ListItem","position":2,"name":"El CV ideal para los camareros en 2019"}]},{"@type":"WebSite","@id":"https:\/\/www.oficinaempleo.com\/blog\/#website","url":"https:\/\/www.oficinaempleo.com\/blog\/","name":"Noticias y Consejos de Empleo | Blog OficinaEmpleo","description":"","publisher":{"@id":"https:\/\/www.oficinaempleo.com\/blog\/#organization"},"potentialAction":[{"@type":"SearchAction","target":{"@type":"EntryPoint","urlTemplate":"https:\/\/www.oficinaempleo.com\/blog\/?s={search_term_string}"},"query-input":{"@type":"PropertyValueSpecification","valueRequired":true,"valueName":"search_term_string"}}],"inLanguage":"es"},{"@type":"Organization","@id":"https:\/\/www.oficinaempleo.com\/blog\/#organization","name":"OficinaEmpleo","url":"https:\/\/www.oficinaempleo.com\/blog\/","logo":{"@type":"ImageObject","inLanguage":"es","@id":"https:\/\/www.oficinaempleo.com\/blog\/#\/schema\/logo\/image\/","url":"https:\/\/www.oficinaempleo.com\/blog\/wp-content\/uploads\/2018\/10\/logo_footer-1.jpg","contentUrl":"https:\/\/www.oficinaempleo.com\/blog\/wp-content\/uploads\/2018\/10\/logo_footer-1.jpg","width":478,"height":57,"caption":"OficinaEmpleo"},"image":{"@id":"https:\/\/www.oficinaempleo.com\/blog\/#\/schema\/logo\/image\/"},"sameAs":["https:\/\/x.com\/OficinaEmpleo"]},{"@type":"Person","@id":"https:\/\/www.oficinaempleo.com\/blog\/#\/schema\/person\/7bd58cfb0bd941257f10e8458a5dcd4a","name":"Luis Javier de OficinaEmpleo","image":{"@type":"ImageObject","inLanguage":"es","@id":"https:\/\/www.oficinaempleo.com\/blog\/#\/schema\/person\/image\/","url":"https:\/\/secure.gravatar.com\/avatar\/f87617dc5d2ab6f4f814b96a6c94316cc17adc2802c49babb60433ee976f40aa?s=96&d=mm&r=g","contentUrl":"https:\/\/secure.gravatar.com\/avatar\/f87617dc5d2ab6f4f814b96a6c94316cc17adc2802c49babb60433ee976f40aa?s=96&d=mm&r=g","caption":"Luis Javier de OficinaEmpleo"},"url":"https:\/\/www.oficinaempleo.com\/blog\/author\/luis-javier\/"}]}},"_links":{"self":[{"href":"https:\/\/www.oficinaempleo.com\/blog\/wp-json\/wp\/v2\/posts\/27288","targetHints":{"allow":["GET"]}}],"collection":[{"href":"https:\/\/www.oficinaempleo.com\/blog\/wp-json\/wp\/v2\/posts"}],"about":[{"href":"https:\/\/www.oficinaempleo.com\/blog\/wp-json\/wp\/v2\/types\/post"}],"author":[{"embeddable":true,"href":"https:\/\/www.oficinaempleo.com\/blog\/wp-json\/wp\/v2\/users\/36"}],"replies":[{"embeddable":true,"href":"https:\/\/www.oficinaempleo.com\/blog\/wp-json\/wp\/v2\/comments?post=27288"}],"version-history":[{"count":6,"href":"https:\/\/www.oficinaempleo.com\/blog\/wp-json\/wp\/v2\/posts\/27288\/revisions"}],"predecessor-version":[{"id":27644,"href":"https:\/\/www.oficinaempleo.com\/blog\/wp-json\/wp\/v2\/posts\/27288\/revisions\/27644"}],"wp:featuredmedia":[{"embeddable":true,"href":"https:\/\/www.oficinaempleo.com\/blog\/wp-json\/wp\/v2\/media\/27290"}],"wp:attachment":[{"href":"https:\/\/www.oficinaempleo.com\/blog\/wp-json\/wp\/v2\/media?parent=27288"}],"wp:term":[{"taxonomy":"category","embeddable":true,"href":"https:\/\/www.oficinaempleo.com\/blog\/wp-json\/wp\/v2\/categories?post=27288"},{"taxonomy":"post_tag","embeddable":true,"href":"https:\/\/www.oficinaempleo.com\/blog\/wp-json\/wp\/v2\/tags?post=27288"}],"curies":[{"name":"wp","href":"https:\/\/api.w.org\/{rel}","templated":true}]}}