{"id":27442,"date":"2021-01-04T10:18:51","date_gmt":"2021-01-04T09:18:51","guid":{"rendered":"https:\/\/www.oficinaempleo.com\/blog\/?p=27442"},"modified":"2021-01-04T14:47:04","modified_gmt":"2021-01-04T13:47:04","slug":"bricomart-busca-empleados-para-almacenes","status":"publish","type":"post","link":"https:\/\/www.oficinaempleo.com\/blog\/bricomart-busca-empleados-para-almacenes\/","title":{"rendered":"Bricomart lanza 70 nuevas ofertas de trabajo para sus almacenes"},"content":{"rendered":"<p><strong>Bricomart<\/strong> es una multinacional francesa que est\u00e1 especializada en la<strong> venta de art\u00edculos de reforma y construcci\u00f3n<\/strong>. Bricomart pertenece al <strong>Grupo ADEO<\/strong> y ocupa la tercera posici\u00f3n en el ranking mundial de su sector. La multinacional francesa <a href=\"https:\/\/bricomart.epreselec.com\/Ofertas\/Ofertas.aspx\">Bricomart<\/a> busca empleados en los diferentes centros que tiene repartidos por Espa\u00f1a. Vamos a ense\u00f1arte algunas de las<strong>\u00a0ofertas de empleo que Bricomart nos ofrece esta Navidad<\/strong>.<\/p>\n<div class=\"afw afw_custom afw_ad afwadid-15463 \" data-ad-id=\"15463\"><\/div>\n<div id=\"attachment_27443\" style=\"width: 600px\" class=\"wp-caption aligncenter\"><a href=\"https:\/\/www.oficinaempleo.com\/blog\/wp-content\/uploads\/2019\/07\/herramientas.jpg\"><img loading=\"lazy\" decoding=\"async\" aria-describedby=\"caption-attachment-27443\" class=\"size-full wp-image-27443\" src=\"https:\/\/www.oficinaempleo.com\/blog\/wp-content\/uploads\/2019\/07\/herramientas.jpg\" alt=\"\" width=\"590\" height=\"315\" srcset=\"https:\/\/www.oficinaempleo.com\/blog\/wp-content\/uploads\/2019\/07\/herramientas.jpg 590w, https:\/\/www.oficinaempleo.com\/blog\/wp-content\/uploads\/2019\/07\/herramientas-300x160.jpg 300w, https:\/\/www.oficinaempleo.com\/blog\/wp-content\/uploads\/2019\/07\/herramientas-280x150.jpg 280w\" sizes=\"auto, (max-width: 590px) 100vw, 590px\" \/><\/a><p id=\"caption-attachment-27443\" class=\"wp-caption-text\">70 vacantes para trabajar en Bricomart (Istock)<\/p><\/div>\n<p>Bricomart, que cuenta con m\u00e1s de 20 a\u00f1os de experiencia en el sector de la venta y distribuci\u00f3n de productos de construcci\u00f3n, con presencia en 4 pa\u00edses. Se ha ido consolidando en el territorio espa\u00f1ol. Este a\u00f1o ha sumado un nuevo almac\u00e9n a los 23 que ya tiene repartidos por todo el pa\u00eds. En sus tiendas ofrece una amplia gama de productos relacionados con las reformas y la construcci\u00f3n: equipamiento t\u00e9cnico, materiales y acondicionamientos.<\/p>\n<p>Los perfiles que buscan son de todo tipo, como por ejemplo:<\/p>\n<ul>\n<li>Vendedor Especialista en Distribuci\u00f3n Badalona<\/li>\n<li>Vendedor Experto en Carpinter\u00eda Exterior Badalona<\/li>\n<li>Responsable Comercial Rivas<\/li>\n<li>Cajero 24 horas semanales en Sestao<\/li>\n<li>Joven Talento en Salamanca<\/li>\n<li>Jefe de Sector Santander<\/li>\n<li>Responsable de Cajas Zaragoza<\/li>\n<li>Jefe de Producto &#8211; Electricidad y Energ\u00edas Renovables<\/li>\n<li>Administrativo Contabilidad<\/li>\n<li>Responsable Log\u00edstico Oviedo<\/li>\n<li>Quality Manager<\/li>\n<li>Vendedores\/as expertos\/as en cer\u00e1mica Massanassa, Valencia<\/li>\n<\/ul>\n<p><strong>M\u00e1s de cincuenta ofertas de trabajo diferentes<\/strong> que puedes encontrar en su portal de empleo.<\/p>\n<h2><strong>C\u00f3mo accedo a estas ofertas<\/strong><\/h2>\n<p>Para postular a los puestos vacantes<strong> podr\u00e1s acceder a todas las ofertas desde su\u00a0<a href=\"https:\/\/bricomart.epreselec.com\/Ofertas\/Ofertas.aspx\">p\u00e1gina web<\/a>.<\/strong> Adem\u00e1s, deber\u00e1s estar registrado en su portal de empleo para realizar la solicitud. Si tienes dudas te recomendamos que visites <strong><a href=\"https:\/\/www.oficinaempleo.com\/blog\/como-trabajar-en-bricomart\/\">c\u00f3mo trabajar en Bricomart<\/a><\/strong>, ah\u00ed se explica con m\u00e1s exactitud como acceder a las ofertas.<\/p>\n<p>&nbsp;<\/p>\n","protected":false},"excerpt":{"rendered":"<p>Bricomart es una multinacional francesa que est\u00e1 especializada en la venta de art\u00edculos de reforma y construcci\u00f3n. Bricomart pertenece al Grupo ADEO y ocupa la tercera posici\u00f3n en el ranking mundial de su sector. La multinacional francesa Bricomart busca empleados en los diferentes centros que tiene repartidos por Espa\u00f1a. Vamos a ense\u00f1arte algunas de las\u00a0ofertas [&hellip;]<\/p>\n","protected":false},"author":45,"featured_media":27444,"comment_status":"open","ping_status":"open","sticky":false,"template":"","format":"standard","meta":{"footnotes":""},"categories":[691],"tags":[],"class_list":["post-27442","post","type-post","status-publish","format-standard","has-post-thumbnail","hentry","category-actualidad-empleo","cat-691-id","has_thumb"],"yoast_head":"<!-- This site is optimized with the Yoast SEO plugin v27.1.1 - https:\/\/yoast.com\/product\/yoast-seo-wordpress\/ -->\n<title>Bricomart busca empleados para su pr\u00f3xima apertura<\/title>\n<meta name=\"description\" content=\"La multinacional, l\u00edder en el sector de distribuci\u00f3n de materiales de construcci\u00f3n, abre un nuevo establecimiento en nuestro pa\u00eds y busca empleados.\" \/>\n<meta name=\"robots\" content=\"index, follow, max-snippet:-1, max-image-preview:large, max-video-preview:-1\" \/>\n<link rel=\"canonical\" href=\"https:\/\/www.oficinaempleo.com\/blog\/bricomart-busca-empleados-para-almacenes\/\" \/>\n<meta property=\"og:locale\" content=\"es_ES\" \/>\n<meta property=\"og:type\" content=\"article\" \/>\n<meta property=\"og:title\" content=\"Bricomart busca empleados para su pr\u00f3xima apertura\" \/>\n<meta property=\"og:description\" content=\"La multinacional, l\u00edder en el sector de distribuci\u00f3n de materiales de construcci\u00f3n, abre un nuevo establecimiento en nuestro pa\u00eds y busca empleados.\" \/>\n<meta property=\"og:url\" content=\"https:\/\/www.oficinaempleo.com\/blog\/bricomart-busca-empleados-para-almacenes\/\" \/>\n<meta property=\"og:site_name\" content=\"Noticias y consejos de empleo | Blog OficinaEmpleo\" \/>\n<meta property=\"article:published_time\" content=\"2021-01-04T09:18:51+00:00\" \/>\n<meta property=\"article:modified_time\" content=\"2021-01-04T13:47:04+00:00\" \/>\n<meta property=\"og:image\" content=\"https:\/\/www.oficinaempleo.com\/blog\/wp-content\/uploads\/2019\/07\/destacada-2.jpg\" \/>\n\t<meta property=\"og:image:width\" content=\"600\" \/>\n\t<meta property=\"og:image:height\" content=\"310\" \/>\n\t<meta property=\"og:image:type\" content=\"image\/jpeg\" \/>\n<meta name=\"author\" content=\"Andrea Alvarez\" \/>\n<meta name=\"twitter:card\" content=\"summary_large_image\" \/>\n<meta name=\"twitter:creator\" content=\"@OficinaEmpleo\" \/>\n<meta name=\"twitter:site\" content=\"@OficinaEmpleo\" \/>\n<meta name=\"twitter:label1\" content=\"Written by\" \/>\n\t<meta name=\"twitter:data1\" content=\"Andrea Alvarez\" \/>\n\t<meta name=\"twitter:label2\" content=\"Est. reading time\" \/>\n\t<meta name=\"twitter:data2\" content=\"2 minutos\" \/>\n<script type=\"application\/ld+json\" class=\"yoast-schema-graph\">{\"@context\":\"https:\/\/schema.org\",\"@graph\":[{\"@type\":\"Article\",\"@id\":\"https:\/\/www.oficinaempleo.com\/blog\/bricomart-busca-empleados-para-almacenes\/#article\",\"isPartOf\":{\"@id\":\"https:\/\/www.oficinaempleo.com\/blog\/bricomart-busca-empleados-para-almacenes\/\"},\"author\":{\"name\":\"Andrea Alvarez\",\"@id\":\"https:\/\/www.oficinaempleo.com\/blog\/#\/schema\/person\/ede60fa3ce54ed57dd7d302621ff0038\"},\"headline\":\"Bricomart lanza 70 nuevas ofertas de trabajo para sus almacenes\",\"datePublished\":\"2021-01-04T09:18:51+00:00\",\"dateModified\":\"2021-01-04T13:47:04+00:00\",\"mainEntityOfPage\":{\"@id\":\"https:\/\/www.oficinaempleo.com\/blog\/bricomart-busca-empleados-para-almacenes\/\"},\"wordCount\":323,\"commentCount\":60,\"publisher\":{\"@id\":\"https:\/\/www.oficinaempleo.com\/blog\/#organization\"},\"image\":{\"@id\":\"https:\/\/www.oficinaempleo.com\/blog\/bricomart-busca-empleados-para-almacenes\/#primaryimage\"},\"thumbnailUrl\":\"https:\/\/www.oficinaempleo.com\/blog\/wp-content\/uploads\/2019\/07\/destacada-2.jpg\",\"articleSection\":[\"Actualidad\"],\"inLanguage\":\"es\",\"potentialAction\":[{\"@type\":\"CommentAction\",\"name\":\"Comment\",\"target\":[\"https:\/\/www.oficinaempleo.com\/blog\/bricomart-busca-empleados-para-almacenes\/#respond\"]}]},{\"@type\":\"WebPage\",\"@id\":\"https:\/\/www.oficinaempleo.com\/blog\/bricomart-busca-empleados-para-almacenes\/\",\"url\":\"https:\/\/www.oficinaempleo.com\/blog\/bricomart-busca-empleados-para-almacenes\/\",\"name\":\"Bricomart busca empleados para su pr\u00f3xima apertura\",\"isPartOf\":{\"@id\":\"https:\/\/www.oficinaempleo.com\/blog\/#website\"},\"primaryImageOfPage\":{\"@id\":\"https:\/\/www.oficinaempleo.com\/blog\/bricomart-busca-empleados-para-almacenes\/#primaryimage\"},\"image\":{\"@id\":\"https:\/\/www.oficinaempleo.com\/blog\/bricomart-busca-empleados-para-almacenes\/#primaryimage\"},\"thumbnailUrl\":\"https:\/\/www.oficinaempleo.com\/blog\/wp-content\/uploads\/2019\/07\/destacada-2.jpg\",\"datePublished\":\"2021-01-04T09:18:51+00:00\",\"dateModified\":\"2021-01-04T13:47:04+00:00\",\"description\":\"La multinacional, l\u00edder en el sector de distribuci\u00f3n de materiales de construcci\u00f3n, abre un nuevo establecimiento en nuestro pa\u00eds y busca empleados.\",\"breadcrumb\":{\"@id\":\"https:\/\/www.oficinaempleo.com\/blog\/bricomart-busca-empleados-para-almacenes\/#breadcrumb\"},\"inLanguage\":\"es\",\"potentialAction\":[{\"@type\":\"ReadAction\",\"target\":[\"https:\/\/www.oficinaempleo.com\/blog\/bricomart-busca-empleados-para-almacenes\/\"]}]},{\"@type\":\"ImageObject\",\"inLanguage\":\"es\",\"@id\":\"https:\/\/www.oficinaempleo.com\/blog\/bricomart-busca-empleados-para-almacenes\/#primaryimage\",\"url\":\"https:\/\/www.oficinaempleo.com\/blog\/wp-content\/uploads\/2019\/07\/destacada-2.jpg\",\"contentUrl\":\"https:\/\/www.oficinaempleo.com\/blog\/wp-content\/uploads\/2019\/07\/destacada-2.jpg\",\"width\":600,\"height\":310,\"caption\":\"Bricomart abrir\u00e1 un nuevo establecimiento (Istock)\"},{\"@type\":\"BreadcrumbList\",\"@id\":\"https:\/\/www.oficinaempleo.com\/blog\/bricomart-busca-empleados-para-almacenes\/#breadcrumb\",\"itemListElement\":[{\"@type\":\"ListItem\",\"position\":1,\"name\":\"Home\",\"item\":\"https:\/\/www.oficinaempleo.com\/blog\/\"},{\"@type\":\"ListItem\",\"position\":2,\"name\":\"Bricomart lanza 70 nuevas ofertas de trabajo para sus almacenes\"}]},{\"@type\":\"WebSite\",\"@id\":\"https:\/\/www.oficinaempleo.com\/blog\/#website\",\"url\":\"https:\/\/www.oficinaempleo.com\/blog\/\",\"name\":\"Noticias y Consejos de Empleo | Blog OficinaEmpleo\",\"description\":\"\",\"publisher\":{\"@id\":\"https:\/\/www.oficinaempleo.com\/blog\/#organization\"},\"potentialAction\":[{\"@type\":\"SearchAction\",\"target\":{\"@type\":\"EntryPoint\",\"urlTemplate\":\"https:\/\/www.oficinaempleo.com\/blog\/?s={search_term_string}\"},\"query-input\":{\"@type\":\"PropertyValueSpecification\",\"valueRequired\":true,\"valueName\":\"search_term_string\"}}],\"inLanguage\":\"es\"},{\"@type\":\"Organization\",\"@id\":\"https:\/\/www.oficinaempleo.com\/blog\/#organization\",\"name\":\"OficinaEmpleo\",\"url\":\"https:\/\/www.oficinaempleo.com\/blog\/\",\"logo\":{\"@type\":\"ImageObject\",\"inLanguage\":\"es\",\"@id\":\"https:\/\/www.oficinaempleo.com\/blog\/#\/schema\/logo\/image\/\",\"url\":\"https:\/\/www.oficinaempleo.com\/blog\/wp-content\/uploads\/2018\/10\/logo_footer-1.jpg\",\"contentUrl\":\"https:\/\/www.oficinaempleo.com\/blog\/wp-content\/uploads\/2018\/10\/logo_footer-1.jpg\",\"width\":478,\"height\":57,\"caption\":\"OficinaEmpleo\"},\"image\":{\"@id\":\"https:\/\/www.oficinaempleo.com\/blog\/#\/schema\/logo\/image\/\"},\"sameAs\":[\"https:\/\/x.com\/OficinaEmpleo\"]},{\"@type\":\"Person\",\"@id\":\"https:\/\/www.oficinaempleo.com\/blog\/#\/schema\/person\/ede60fa3ce54ed57dd7d302621ff0038\",\"name\":\"Andrea Alvarez\",\"image\":{\"@type\":\"ImageObject\",\"inLanguage\":\"es\",\"@id\":\"https:\/\/www.oficinaempleo.com\/blog\/#\/schema\/person\/image\/\",\"url\":\"https:\/\/secure.gravatar.com\/avatar\/a7d5c9b042e612c99133a5c64fdffa3b8e98c5a9713f0a7526bf1293742c2d70?s=96&d=mm&r=g\",\"contentUrl\":\"https:\/\/secure.gravatar.com\/avatar\/a7d5c9b042e612c99133a5c64fdffa3b8e98c5a9713f0a7526bf1293742c2d70?s=96&d=mm&r=g\",\"caption\":\"Andrea Alvarez\"},\"url\":\"https:\/\/www.oficinaempleo.com\/blog\/author\/andrea-alvarez\/\"}]}<\/script>\n<!-- \/ Yoast SEO plugin. -->","yoast_head_json":{"title":"Bricomart busca empleados para su pr\u00f3xima apertura","description":"La multinacional, l\u00edder en el sector de distribuci\u00f3n de materiales de construcci\u00f3n, abre un nuevo establecimiento en nuestro pa\u00eds y busca empleados.","robots":{"index":"index","follow":"follow","max-snippet":"max-snippet:-1","max-image-preview":"max-image-preview:large","max-video-preview":"max-video-preview:-1"},"canonical":"https:\/\/www.oficinaempleo.com\/blog\/bricomart-busca-empleados-para-almacenes\/","og_locale":"es_ES","og_type":"article","og_title":"Bricomart busca empleados para su pr\u00f3xima apertura","og_description":"La multinacional, l\u00edder en el sector de distribuci\u00f3n de materiales de construcci\u00f3n, abre un nuevo establecimiento en nuestro pa\u00eds y busca empleados.","og_url":"https:\/\/www.oficinaempleo.com\/blog\/bricomart-busca-empleados-para-almacenes\/","og_site_name":"Noticias y consejos de empleo | Blog OficinaEmpleo","article_published_time":"2021-01-04T09:18:51+00:00","article_modified_time":"2021-01-04T13:47:04+00:00","og_image":[{"width":600,"height":310,"url":"https:\/\/www.oficinaempleo.com\/blog\/wp-content\/uploads\/2019\/07\/destacada-2.jpg","type":"image\/jpeg"}],"author":"Andrea Alvarez","twitter_card":"summary_large_image","twitter_creator":"@OficinaEmpleo","twitter_site":"@OficinaEmpleo","twitter_misc":{"Written by":"Andrea Alvarez","Est. reading time":"2 minutos"},"schema":{"@context":"https:\/\/schema.org","@graph":[{"@type":"Article","@id":"https:\/\/www.oficinaempleo.com\/blog\/bricomart-busca-empleados-para-almacenes\/#article","isPartOf":{"@id":"https:\/\/www.oficinaempleo.com\/blog\/bricomart-busca-empleados-para-almacenes\/"},"author":{"name":"Andrea Alvarez","@id":"https:\/\/www.oficinaempleo.com\/blog\/#\/schema\/person\/ede60fa3ce54ed57dd7d302621ff0038"},"headline":"Bricomart lanza 70 nuevas ofertas de trabajo para sus almacenes","datePublished":"2021-01-04T09:18:51+00:00","dateModified":"2021-01-04T13:47:04+00:00","mainEntityOfPage":{"@id":"https:\/\/www.oficinaempleo.com\/blog\/bricomart-busca-empleados-para-almacenes\/"},"wordCount":323,"commentCount":60,"publisher":{"@id":"https:\/\/www.oficinaempleo.com\/blog\/#organization"},"image":{"@id":"https:\/\/www.oficinaempleo.com\/blog\/bricomart-busca-empleados-para-almacenes\/#primaryimage"},"thumbnailUrl":"https:\/\/www.oficinaempleo.com\/blog\/wp-content\/uploads\/2019\/07\/destacada-2.jpg","articleSection":["Actualidad"],"inLanguage":"es","potentialAction":[{"@type":"CommentAction","name":"Comment","target":["https:\/\/www.oficinaempleo.com\/blog\/bricomart-busca-empleados-para-almacenes\/#respond"]}]},{"@type":"WebPage","@id":"https:\/\/www.oficinaempleo.com\/blog\/bricomart-busca-empleados-para-almacenes\/","url":"https:\/\/www.oficinaempleo.com\/blog\/bricomart-busca-empleados-para-almacenes\/","name":"Bricomart busca empleados para su pr\u00f3xima apertura","isPartOf":{"@id":"https:\/\/www.oficinaempleo.com\/blog\/#website"},"primaryImageOfPage":{"@id":"https:\/\/www.oficinaempleo.com\/blog\/bricomart-busca-empleados-para-almacenes\/#primaryimage"},"image":{"@id":"https:\/\/www.oficinaempleo.com\/blog\/bricomart-busca-empleados-para-almacenes\/#primaryimage"},"thumbnailUrl":"https:\/\/www.oficinaempleo.com\/blog\/wp-content\/uploads\/2019\/07\/destacada-2.jpg","datePublished":"2021-01-04T09:18:51+00:00","dateModified":"2021-01-04T13:47:04+00:00","description":"La multinacional, l\u00edder en el sector de distribuci\u00f3n de materiales de construcci\u00f3n, abre un nuevo establecimiento en nuestro pa\u00eds y busca empleados.","breadcrumb":{"@id":"https:\/\/www.oficinaempleo.com\/blog\/bricomart-busca-empleados-para-almacenes\/#breadcrumb"},"inLanguage":"es","potentialAction":[{"@type":"ReadAction","target":["https:\/\/www.oficinaempleo.com\/blog\/bricomart-busca-empleados-para-almacenes\/"]}]},{"@type":"ImageObject","inLanguage":"es","@id":"https:\/\/www.oficinaempleo.com\/blog\/bricomart-busca-empleados-para-almacenes\/#primaryimage","url":"https:\/\/www.oficinaempleo.com\/blog\/wp-content\/uploads\/2019\/07\/destacada-2.jpg","contentUrl":"https:\/\/www.oficinaempleo.com\/blog\/wp-content\/uploads\/2019\/07\/destacada-2.jpg","width":600,"height":310,"caption":"Bricomart abrir\u00e1 un nuevo establecimiento (Istock)"},{"@type":"BreadcrumbList","@id":"https:\/\/www.oficinaempleo.com\/blog\/bricomart-busca-empleados-para-almacenes\/#breadcrumb","itemListElement":[{"@type":"ListItem","position":1,"name":"Home","item":"https:\/\/www.oficinaempleo.com\/blog\/"},{"@type":"ListItem","position":2,"name":"Bricomart lanza 70 nuevas ofertas de trabajo para sus almacenes"}]},{"@type":"WebSite","@id":"https:\/\/www.oficinaempleo.com\/blog\/#website","url":"https:\/\/www.oficinaempleo.com\/blog\/","name":"Noticias y Consejos de Empleo | Blog OficinaEmpleo","description":"","publisher":{"@id":"https:\/\/www.oficinaempleo.com\/blog\/#organization"},"potentialAction":[{"@type":"SearchAction","target":{"@type":"EntryPoint","urlTemplate":"https:\/\/www.oficinaempleo.com\/blog\/?s={search_term_string}"},"query-input":{"@type":"PropertyValueSpecification","valueRequired":true,"valueName":"search_term_string"}}],"inLanguage":"es"},{"@type":"Organization","@id":"https:\/\/www.oficinaempleo.com\/blog\/#organization","name":"OficinaEmpleo","url":"https:\/\/www.oficinaempleo.com\/blog\/","logo":{"@type":"ImageObject","inLanguage":"es","@id":"https:\/\/www.oficinaempleo.com\/blog\/#\/schema\/logo\/image\/","url":"https:\/\/www.oficinaempleo.com\/blog\/wp-content\/uploads\/2018\/10\/logo_footer-1.jpg","contentUrl":"https:\/\/www.oficinaempleo.com\/blog\/wp-content\/uploads\/2018\/10\/logo_footer-1.jpg","width":478,"height":57,"caption":"OficinaEmpleo"},"image":{"@id":"https:\/\/www.oficinaempleo.com\/blog\/#\/schema\/logo\/image\/"},"sameAs":["https:\/\/x.com\/OficinaEmpleo"]},{"@type":"Person","@id":"https:\/\/www.oficinaempleo.com\/blog\/#\/schema\/person\/ede60fa3ce54ed57dd7d302621ff0038","name":"Andrea Alvarez","image":{"@type":"ImageObject","inLanguage":"es","@id":"https:\/\/www.oficinaempleo.com\/blog\/#\/schema\/person\/image\/","url":"https:\/\/secure.gravatar.com\/avatar\/a7d5c9b042e612c99133a5c64fdffa3b8e98c5a9713f0a7526bf1293742c2d70?s=96&d=mm&r=g","contentUrl":"https:\/\/secure.gravatar.com\/avatar\/a7d5c9b042e612c99133a5c64fdffa3b8e98c5a9713f0a7526bf1293742c2d70?s=96&d=mm&r=g","caption":"Andrea Alvarez"},"url":"https:\/\/www.oficinaempleo.com\/blog\/author\/andrea-alvarez\/"}]}},"_links":{"self":[{"href":"https:\/\/www.oficinaempleo.com\/blog\/wp-json\/wp\/v2\/posts\/27442","targetHints":{"allow":["GET"]}}],"collection":[{"href":"https:\/\/www.oficinaempleo.com\/blog\/wp-json\/wp\/v2\/posts"}],"about":[{"href":"https:\/\/www.oficinaempleo.com\/blog\/wp-json\/wp\/v2\/types\/post"}],"author":[{"embeddable":true,"href":"https:\/\/www.oficinaempleo.com\/blog\/wp-json\/wp\/v2\/users\/45"}],"replies":[{"embeddable":true,"href":"https:\/\/www.oficinaempleo.com\/blog\/wp-json\/wp\/v2\/comments?post=27442"}],"version-history":[{"count":9,"href":"https:\/\/www.oficinaempleo.com\/blog\/wp-json\/wp\/v2\/posts\/27442\/revisions"}],"predecessor-version":[{"id":29077,"href":"https:\/\/www.oficinaempleo.com\/blog\/wp-json\/wp\/v2\/posts\/27442\/revisions\/29077"}],"wp:featuredmedia":[{"embeddable":true,"href":"https:\/\/www.oficinaempleo.com\/blog\/wp-json\/wp\/v2\/media\/27444"}],"wp:attachment":[{"href":"https:\/\/www.oficinaempleo.com\/blog\/wp-json\/wp\/v2\/media?parent=27442"}],"wp:term":[{"taxonomy":"category","embeddable":true,"href":"https:\/\/www.oficinaempleo.com\/blog\/wp-json\/wp\/v2\/categories?post=27442"},{"taxonomy":"post_tag","embeddable":true,"href":"https:\/\/www.oficinaempleo.com\/blog\/wp-json\/wp\/v2\/tags?post=27442"}],"curies":[{"name":"wp","href":"https:\/\/api.w.org\/{rel}","templated":true}]}}