{"id":27494,"date":"2022-05-22T12:28:48","date_gmt":"2022-05-22T11:28:48","guid":{"rendered":"https:\/\/www.oficinaempleo.com\/blog\/?p=27494"},"modified":"2022-05-23T12:05:18","modified_gmt":"2022-05-23T11:05:18","slug":"la-importancia-de-registrar-tu-marca","status":"publish","type":"post","link":"https:\/\/www.oficinaempleo.com\/blog\/la-importancia-de-registrar-tu-marca\/","title":{"rendered":"La importancia de registrar tu marca"},"content":{"rendered":"<p>Una de las cosas m\u00e1s complicadas y qu\u00e9 m\u00e1s trabajo llevan a la hora de crear una l\u00ednea de negocio es la<strong> creaci\u00f3n del logo<\/strong>, de la marca, la tipograf\u00eda que queremos utilizar, los colores y hacia qu\u00e9 consumidor y cliente potencial nos queremos dirigir. Todo esto es lo que nos har\u00e1 diferenciarnos y posicionarnos dentro del mercado, por lo que debemos poner el mayor empe\u00f1o y cuidado para que todo salga bien.<\/p>\n<p>Sin embargo, todo este trabajo sirve de poco si despu\u00e9s no registras tu marca de manera correcta, \u00bfpor qu\u00e9? Porque el <a href=\"https:\/\/protecciondatos-lopd.com\/registro-marcas.php\" target=\"_blank\" rel=\"noopener\">registro de marcas<\/a> es el paso m\u00e1s importante para poder comercializar tu producto de forma segura.<\/p>\n<div id=\"attachment_27503\" style=\"width: 600px\" class=\"wp-caption aligncenter\"><a href=\"https:\/\/www.oficinaempleo.com\/blog\/wp-content\/uploads\/2019\/07\/registro-de-marca.jpg\"><img loading=\"lazy\" decoding=\"async\" aria-describedby=\"caption-attachment-27503\" class=\"wp-image-27503 size-full\" src=\"https:\/\/www.oficinaempleo.com\/blog\/wp-content\/uploads\/2019\/07\/registro-de-marca.jpg\" alt=\"registrar tu marca\" width=\"590\" height=\"315\" srcset=\"https:\/\/www.oficinaempleo.com\/blog\/wp-content\/uploads\/2019\/07\/registro-de-marca.jpg 590w, https:\/\/www.oficinaempleo.com\/blog\/wp-content\/uploads\/2019\/07\/registro-de-marca-300x160.jpg 300w, https:\/\/www.oficinaempleo.com\/blog\/wp-content\/uploads\/2019\/07\/registro-de-marca-280x150.jpg 280w\" sizes=\"auto, (max-width: 590px) 100vw, 590px\" \/><\/a><p id=\"caption-attachment-27503\" class=\"wp-caption-text\">Nunca olvides registrar tu marca (Istock)<\/p><\/div>\n<p><strong>Un factor clave a la hora de captar y fidelizar<\/strong> clientes es tener un buen nombre y logo de marca por eso, es muy conveniente que los protejas para evitar que otras empresas y competidores te los arrebaten o los utilicen de manera indebida. No olvides que la marca fija la trayectoria de una empresa, le da prestigio y el consumidor la memoriza, d\u00e1ndole un valor por encima del resto de marcas del mercado. Por eso, para que esa imagen y ese producto sean propiedad exclusiva del emprendedor, es imprescindible que la marca se registre bajo la sociedad que le representa o bajo su propia titularidad.<\/p>\n<h2>Diferencias entre nombre de marca y nombre comercial<\/h2>\n<p>Para registrar una marca lo primero que debes saber es que el nombre de marca y el comercial, no son lo mismo.<\/p>\n<p>La marca es el s\u00edmbolo, el <strong>nombre que diferencia a tu producto<\/strong> en el mercado y con el que se quedan los consumidores. En cambio, el nombre comercial es la denominaci\u00f3n que identifica a una empresa en el tr\u00e1fico mercantil\u00a0y que sirve para distinguirla de las dem\u00e1s que desarrollan actividades similares o id\u00e9nticas. Adem\u00e1s, le concede el derecho exclusivo a la utilizaci\u00f3n de cualquiera denominaci\u00f3n o signo\u00a0como identificador.<\/p>\n<p>Por lo tanto, el nombre comercial no tiene por qu\u00e9 ser igual que el nombre de la marca.<\/p>\n<h2>Ventajas de registrar tu marca<\/h2>\n<ol>\n<li><strong>Exclusividad<\/strong>. Sin duda, la ventaja principal es que eres el \u00fanico que podr\u00e1 hacer uso legal de la marca, evitando usurpaciones y un mal uso de tu imagen, adem\u00e1s de que no puedan sacar beneficio econ\u00f3mico a costa de tu trabajo.<\/li>\n<li><strong>Protecci\u00f3n de tu imagen<\/strong>. Es muy importante mantener una buena imagen para el consumidor por tanto, si registras tu marca, evitar\u00e1s confusiones a los clientes -si alguien duplica tu producto o marca-, ya que t\u00fa eres el \u00fanico que puede utilizar el nombre, logotipo y producto de tu empresa.<\/li>\n<li><strong>Beneficios econ\u00f3micos<\/strong>. Si has registrado tu marca y alguien quiere utilizarla, puedes obtener un beneficio extra abriendo franquicias bajo tus normas de calidad para evitar que da\u00f1en la imagen de tu marca.<\/li>\n<\/ol>\n<h2>C\u00f3mo registrar una marca<\/h2>\n<p>Para registrar tu marca en Espa\u00f1a debes de ir a la <strong>Oficina de Patentes y Marcas<\/strong>, que adem\u00e1s cuenta con una base de datos donde encontrar\u00e1s todas las denominaciones de marca registradas y podr\u00e1s comprobar si el nombre elegido para tu marca est\u00e1 registrado o no. Adem\u00e1s, si tienes dudas y necesitas asesoramiento para la viabilidad y disponibilidad de tu marca y negocio, existen consultoras como <strong>\u00c1tico34<\/strong> especializados en servicios jur\u00eddicos relacionados con la obtenci\u00f3n, protecci\u00f3n y utilizaci\u00f3n de datos personales.<\/p>\n<h2>Marcas con problemas en su registro<\/h2>\n<p>Sin duda, el caso de plagios y de robos de marcas est\u00e1 a la orden del d\u00eda y son muchas las marcas que se han visto afectadas por no ser previsoras y no haber registrado su marca correctamente.<\/p>\n<p>Uno de esos casos de violaci\u00f3n de marca es el de la cadena de restaurante de <strong>pollo asado Surtidora de Aves.<\/strong> Sus due\u00f1os se vieron afectados por la competencia desleal que plagi\u00f3 su marca, su imagen y su prestigio. Estuvo perjudicada hasta tal punto que se puso en el punto de mira por posible evasi\u00f3n de impuestos al creerse que todos los locales pertenec\u00edan a la misma cadena cuando no era as\u00ed.<\/p>\n<p>Otro caso sonado fue el conflicto entre la empresa de <strong>muebles Banak,<\/strong> con sede en Alc\u00e0sser que lleg\u00f3 a contar con m\u00e1s de 200 establecimientos por toda Espa\u00f1a. Aunque la marca vend\u00eda tambi\u00e9n ropa de cama, s\u00f3lo estaba registrada para muebles, algo que no pas\u00f3 inadvertido para un empresario de Ontinyent que registr\u00f3 la marca para ropa de cama. Finalmente, consiguieron ganar alegando que Banak ten\u00eda una notoriedad y un nombre hecho en el sector del mueble, por lo que la protecci\u00f3n de la marca pod\u00eda extenderse sin necesidad de registro a otros servicios y productos.<\/p>\n","protected":false},"excerpt":{"rendered":"<p>Una de las cosas m\u00e1s complicadas y qu\u00e9 m\u00e1s trabajo llevan a la hora de crear una l\u00ednea de negocio es la creaci\u00f3n del logo, de la marca, la tipograf\u00eda que queremos utilizar, los colores y hacia qu\u00e9 consumidor y cliente potencial nos queremos dirigir. Todo esto es lo que nos har\u00e1 diferenciarnos y posicionarnos [&hellip;]<\/p>\n","protected":false},"author":45,"featured_media":27504,"comment_status":"open","ping_status":"open","sticky":false,"template":"","format":"standard","meta":{"footnotes":""},"categories":[1],"tags":[],"class_list":["post-27494","post","type-post","status-publish","format-standard","has-post-thumbnail","hentry","category-sin-categoria","cat-1-id","has_thumb"],"yoast_head":"<!-- This site is optimized with the Yoast SEO plugin v27.1.1 - https:\/\/yoast.com\/product\/yoast-seo-wordpress\/ -->\n<title>La importancia de registrar tu marca<\/title>\n<meta name=\"description\" content=\"A la hora de poner en marcha tu marca, no debes olvidar que es fundamental el registro de la marca para que nadie plagie tu idea de negocio.\" \/>\n<meta name=\"robots\" content=\"index, follow, max-snippet:-1, max-image-preview:large, max-video-preview:-1\" \/>\n<link rel=\"canonical\" href=\"https:\/\/www.oficinaempleo.com\/blog\/la-importancia-de-registrar-tu-marca\/\" \/>\n<meta property=\"og:locale\" content=\"es_ES\" \/>\n<meta property=\"og:type\" content=\"article\" \/>\n<meta property=\"og:title\" content=\"La importancia de registrar tu marca\" \/>\n<meta property=\"og:description\" content=\"A la hora de poner en marcha tu marca, no debes olvidar que es fundamental el registro de la marca para que nadie plagie tu idea de negocio.\" \/>\n<meta property=\"og:url\" content=\"https:\/\/www.oficinaempleo.com\/blog\/la-importancia-de-registrar-tu-marca\/\" \/>\n<meta property=\"og:site_name\" content=\"Noticias y consejos de empleo | Blog OficinaEmpleo\" \/>\n<meta property=\"article:published_time\" content=\"2022-05-22T11:28:48+00:00\" \/>\n<meta property=\"article:modified_time\" content=\"2022-05-23T11:05:18+00:00\" \/>\n<meta property=\"og:image\" content=\"https:\/\/www.oficinaempleo.com\/blog\/wp-content\/uploads\/2019\/07\/registro-2.jpg\" \/>\n\t<meta property=\"og:image:width\" content=\"600\" \/>\n\t<meta property=\"og:image:height\" content=\"310\" \/>\n\t<meta property=\"og:image:type\" content=\"image\/jpeg\" \/>\n<meta name=\"author\" content=\"Andrea Alvarez\" \/>\n<meta name=\"twitter:card\" content=\"summary_large_image\" \/>\n<meta name=\"twitter:creator\" content=\"@OficinaEmpleo\" \/>\n<meta name=\"twitter:site\" content=\"@OficinaEmpleo\" \/>\n<meta name=\"twitter:label1\" content=\"Written by\" \/>\n\t<meta name=\"twitter:data1\" content=\"Andrea Alvarez\" \/>\n\t<meta name=\"twitter:label2\" content=\"Est. reading time\" \/>\n\t<meta name=\"twitter:data2\" content=\"4 minutos\" \/>\n<script type=\"application\/ld+json\" class=\"yoast-schema-graph\">{\"@context\":\"https:\/\/schema.org\",\"@graph\":[{\"@type\":\"Article\",\"@id\":\"https:\/\/www.oficinaempleo.com\/blog\/la-importancia-de-registrar-tu-marca\/#article\",\"isPartOf\":{\"@id\":\"https:\/\/www.oficinaempleo.com\/blog\/la-importancia-de-registrar-tu-marca\/\"},\"author\":{\"name\":\"Andrea Alvarez\",\"@id\":\"https:\/\/www.oficinaempleo.com\/blog\/#\/schema\/person\/ede60fa3ce54ed57dd7d302621ff0038\"},\"headline\":\"La importancia de registrar tu marca\",\"datePublished\":\"2022-05-22T11:28:48+00:00\",\"dateModified\":\"2022-05-23T11:05:18+00:00\",\"mainEntityOfPage\":{\"@id\":\"https:\/\/www.oficinaempleo.com\/blog\/la-importancia-de-registrar-tu-marca\/\"},\"wordCount\":823,\"commentCount\":0,\"publisher\":{\"@id\":\"https:\/\/www.oficinaempleo.com\/blog\/#organization\"},\"image\":{\"@id\":\"https:\/\/www.oficinaempleo.com\/blog\/la-importancia-de-registrar-tu-marca\/#primaryimage\"},\"thumbnailUrl\":\"https:\/\/www.oficinaempleo.com\/blog\/wp-content\/uploads\/2019\/07\/registro-2.jpg\",\"inLanguage\":\"es\",\"potentialAction\":[{\"@type\":\"CommentAction\",\"name\":\"Comment\",\"target\":[\"https:\/\/www.oficinaempleo.com\/blog\/la-importancia-de-registrar-tu-marca\/#respond\"]}]},{\"@type\":\"WebPage\",\"@id\":\"https:\/\/www.oficinaempleo.com\/blog\/la-importancia-de-registrar-tu-marca\/\",\"url\":\"https:\/\/www.oficinaempleo.com\/blog\/la-importancia-de-registrar-tu-marca\/\",\"name\":\"La importancia de registrar tu marca\",\"isPartOf\":{\"@id\":\"https:\/\/www.oficinaempleo.com\/blog\/#website\"},\"primaryImageOfPage\":{\"@id\":\"https:\/\/www.oficinaempleo.com\/blog\/la-importancia-de-registrar-tu-marca\/#primaryimage\"},\"image\":{\"@id\":\"https:\/\/www.oficinaempleo.com\/blog\/la-importancia-de-registrar-tu-marca\/#primaryimage\"},\"thumbnailUrl\":\"https:\/\/www.oficinaempleo.com\/blog\/wp-content\/uploads\/2019\/07\/registro-2.jpg\",\"datePublished\":\"2022-05-22T11:28:48+00:00\",\"dateModified\":\"2022-05-23T11:05:18+00:00\",\"description\":\"A la hora de poner en marcha tu marca, no debes olvidar que es fundamental el registro de la marca para que nadie plagie tu idea de negocio.\",\"breadcrumb\":{\"@id\":\"https:\/\/www.oficinaempleo.com\/blog\/la-importancia-de-registrar-tu-marca\/#breadcrumb\"},\"inLanguage\":\"es\",\"potentialAction\":[{\"@type\":\"ReadAction\",\"target\":[\"https:\/\/www.oficinaempleo.com\/blog\/la-importancia-de-registrar-tu-marca\/\"]}]},{\"@type\":\"ImageObject\",\"inLanguage\":\"es\",\"@id\":\"https:\/\/www.oficinaempleo.com\/blog\/la-importancia-de-registrar-tu-marca\/#primaryimage\",\"url\":\"https:\/\/www.oficinaempleo.com\/blog\/wp-content\/uploads\/2019\/07\/registro-2.jpg\",\"contentUrl\":\"https:\/\/www.oficinaempleo.com\/blog\/wp-content\/uploads\/2019\/07\/registro-2.jpg\",\"width\":600,\"height\":310,\"caption\":\"Por qu\u00e9 debes registrar tu marca (Istock)\"},{\"@type\":\"BreadcrumbList\",\"@id\":\"https:\/\/www.oficinaempleo.com\/blog\/la-importancia-de-registrar-tu-marca\/#breadcrumb\",\"itemListElement\":[{\"@type\":\"ListItem\",\"position\":1,\"name\":\"Home\",\"item\":\"https:\/\/www.oficinaempleo.com\/blog\/\"},{\"@type\":\"ListItem\",\"position\":2,\"name\":\"La importancia de registrar tu marca\"}]},{\"@type\":\"WebSite\",\"@id\":\"https:\/\/www.oficinaempleo.com\/blog\/#website\",\"url\":\"https:\/\/www.oficinaempleo.com\/blog\/\",\"name\":\"Noticias y Consejos de Empleo | Blog OficinaEmpleo\",\"description\":\"\",\"publisher\":{\"@id\":\"https:\/\/www.oficinaempleo.com\/blog\/#organization\"},\"potentialAction\":[{\"@type\":\"SearchAction\",\"target\":{\"@type\":\"EntryPoint\",\"urlTemplate\":\"https:\/\/www.oficinaempleo.com\/blog\/?s={search_term_string}\"},\"query-input\":{\"@type\":\"PropertyValueSpecification\",\"valueRequired\":true,\"valueName\":\"search_term_string\"}}],\"inLanguage\":\"es\"},{\"@type\":\"Organization\",\"@id\":\"https:\/\/www.oficinaempleo.com\/blog\/#organization\",\"name\":\"OficinaEmpleo\",\"url\":\"https:\/\/www.oficinaempleo.com\/blog\/\",\"logo\":{\"@type\":\"ImageObject\",\"inLanguage\":\"es\",\"@id\":\"https:\/\/www.oficinaempleo.com\/blog\/#\/schema\/logo\/image\/\",\"url\":\"https:\/\/www.oficinaempleo.com\/blog\/wp-content\/uploads\/2018\/10\/logo_footer-1.jpg\",\"contentUrl\":\"https:\/\/www.oficinaempleo.com\/blog\/wp-content\/uploads\/2018\/10\/logo_footer-1.jpg\",\"width\":478,\"height\":57,\"caption\":\"OficinaEmpleo\"},\"image\":{\"@id\":\"https:\/\/www.oficinaempleo.com\/blog\/#\/schema\/logo\/image\/\"},\"sameAs\":[\"https:\/\/x.com\/OficinaEmpleo\"]},{\"@type\":\"Person\",\"@id\":\"https:\/\/www.oficinaempleo.com\/blog\/#\/schema\/person\/ede60fa3ce54ed57dd7d302621ff0038\",\"name\":\"Andrea Alvarez\",\"image\":{\"@type\":\"ImageObject\",\"inLanguage\":\"es\",\"@id\":\"https:\/\/www.oficinaempleo.com\/blog\/#\/schema\/person\/image\/\",\"url\":\"https:\/\/secure.gravatar.com\/avatar\/a7d5c9b042e612c99133a5c64fdffa3b8e98c5a9713f0a7526bf1293742c2d70?s=96&d=mm&r=g\",\"contentUrl\":\"https:\/\/secure.gravatar.com\/avatar\/a7d5c9b042e612c99133a5c64fdffa3b8e98c5a9713f0a7526bf1293742c2d70?s=96&d=mm&r=g\",\"caption\":\"Andrea Alvarez\"},\"url\":\"https:\/\/www.oficinaempleo.com\/blog\/author\/andrea-alvarez\/\"}]}<\/script>\n<!-- \/ Yoast SEO plugin. -->","yoast_head_json":{"title":"La importancia de registrar tu marca","description":"A la hora de poner en marcha tu marca, no debes olvidar que es fundamental el registro de la marca para que nadie plagie tu idea de negocio.","robots":{"index":"index","follow":"follow","max-snippet":"max-snippet:-1","max-image-preview":"max-image-preview:large","max-video-preview":"max-video-preview:-1"},"canonical":"https:\/\/www.oficinaempleo.com\/blog\/la-importancia-de-registrar-tu-marca\/","og_locale":"es_ES","og_type":"article","og_title":"La importancia de registrar tu marca","og_description":"A la hora de poner en marcha tu marca, no debes olvidar que es fundamental el registro de la marca para que nadie plagie tu idea de negocio.","og_url":"https:\/\/www.oficinaempleo.com\/blog\/la-importancia-de-registrar-tu-marca\/","og_site_name":"Noticias y consejos de empleo | Blog OficinaEmpleo","article_published_time":"2022-05-22T11:28:48+00:00","article_modified_time":"2022-05-23T11:05:18+00:00","og_image":[{"width":600,"height":310,"url":"https:\/\/www.oficinaempleo.com\/blog\/wp-content\/uploads\/2019\/07\/registro-2.jpg","type":"image\/jpeg"}],"author":"Andrea Alvarez","twitter_card":"summary_large_image","twitter_creator":"@OficinaEmpleo","twitter_site":"@OficinaEmpleo","twitter_misc":{"Written by":"Andrea Alvarez","Est. reading time":"4 minutos"},"schema":{"@context":"https:\/\/schema.org","@graph":[{"@type":"Article","@id":"https:\/\/www.oficinaempleo.com\/blog\/la-importancia-de-registrar-tu-marca\/#article","isPartOf":{"@id":"https:\/\/www.oficinaempleo.com\/blog\/la-importancia-de-registrar-tu-marca\/"},"author":{"name":"Andrea Alvarez","@id":"https:\/\/www.oficinaempleo.com\/blog\/#\/schema\/person\/ede60fa3ce54ed57dd7d302621ff0038"},"headline":"La importancia de registrar tu marca","datePublished":"2022-05-22T11:28:48+00:00","dateModified":"2022-05-23T11:05:18+00:00","mainEntityOfPage":{"@id":"https:\/\/www.oficinaempleo.com\/blog\/la-importancia-de-registrar-tu-marca\/"},"wordCount":823,"commentCount":0,"publisher":{"@id":"https:\/\/www.oficinaempleo.com\/blog\/#organization"},"image":{"@id":"https:\/\/www.oficinaempleo.com\/blog\/la-importancia-de-registrar-tu-marca\/#primaryimage"},"thumbnailUrl":"https:\/\/www.oficinaempleo.com\/blog\/wp-content\/uploads\/2019\/07\/registro-2.jpg","inLanguage":"es","potentialAction":[{"@type":"CommentAction","name":"Comment","target":["https:\/\/www.oficinaempleo.com\/blog\/la-importancia-de-registrar-tu-marca\/#respond"]}]},{"@type":"WebPage","@id":"https:\/\/www.oficinaempleo.com\/blog\/la-importancia-de-registrar-tu-marca\/","url":"https:\/\/www.oficinaempleo.com\/blog\/la-importancia-de-registrar-tu-marca\/","name":"La importancia de registrar tu marca","isPartOf":{"@id":"https:\/\/www.oficinaempleo.com\/blog\/#website"},"primaryImageOfPage":{"@id":"https:\/\/www.oficinaempleo.com\/blog\/la-importancia-de-registrar-tu-marca\/#primaryimage"},"image":{"@id":"https:\/\/www.oficinaempleo.com\/blog\/la-importancia-de-registrar-tu-marca\/#primaryimage"},"thumbnailUrl":"https:\/\/www.oficinaempleo.com\/blog\/wp-content\/uploads\/2019\/07\/registro-2.jpg","datePublished":"2022-05-22T11:28:48+00:00","dateModified":"2022-05-23T11:05:18+00:00","description":"A la hora de poner en marcha tu marca, no debes olvidar que es fundamental el registro de la marca para que nadie plagie tu idea de negocio.","breadcrumb":{"@id":"https:\/\/www.oficinaempleo.com\/blog\/la-importancia-de-registrar-tu-marca\/#breadcrumb"},"inLanguage":"es","potentialAction":[{"@type":"ReadAction","target":["https:\/\/www.oficinaempleo.com\/blog\/la-importancia-de-registrar-tu-marca\/"]}]},{"@type":"ImageObject","inLanguage":"es","@id":"https:\/\/www.oficinaempleo.com\/blog\/la-importancia-de-registrar-tu-marca\/#primaryimage","url":"https:\/\/www.oficinaempleo.com\/blog\/wp-content\/uploads\/2019\/07\/registro-2.jpg","contentUrl":"https:\/\/www.oficinaempleo.com\/blog\/wp-content\/uploads\/2019\/07\/registro-2.jpg","width":600,"height":310,"caption":"Por qu\u00e9 debes registrar tu marca (Istock)"},{"@type":"BreadcrumbList","@id":"https:\/\/www.oficinaempleo.com\/blog\/la-importancia-de-registrar-tu-marca\/#breadcrumb","itemListElement":[{"@type":"ListItem","position":1,"name":"Home","item":"https:\/\/www.oficinaempleo.com\/blog\/"},{"@type":"ListItem","position":2,"name":"La importancia de registrar tu marca"}]},{"@type":"WebSite","@id":"https:\/\/www.oficinaempleo.com\/blog\/#website","url":"https:\/\/www.oficinaempleo.com\/blog\/","name":"Noticias y Consejos de Empleo | Blog OficinaEmpleo","description":"","publisher":{"@id":"https:\/\/www.oficinaempleo.com\/blog\/#organization"},"potentialAction":[{"@type":"SearchAction","target":{"@type":"EntryPoint","urlTemplate":"https:\/\/www.oficinaempleo.com\/blog\/?s={search_term_string}"},"query-input":{"@type":"PropertyValueSpecification","valueRequired":true,"valueName":"search_term_string"}}],"inLanguage":"es"},{"@type":"Organization","@id":"https:\/\/www.oficinaempleo.com\/blog\/#organization","name":"OficinaEmpleo","url":"https:\/\/www.oficinaempleo.com\/blog\/","logo":{"@type":"ImageObject","inLanguage":"es","@id":"https:\/\/www.oficinaempleo.com\/blog\/#\/schema\/logo\/image\/","url":"https:\/\/www.oficinaempleo.com\/blog\/wp-content\/uploads\/2018\/10\/logo_footer-1.jpg","contentUrl":"https:\/\/www.oficinaempleo.com\/blog\/wp-content\/uploads\/2018\/10\/logo_footer-1.jpg","width":478,"height":57,"caption":"OficinaEmpleo"},"image":{"@id":"https:\/\/www.oficinaempleo.com\/blog\/#\/schema\/logo\/image\/"},"sameAs":["https:\/\/x.com\/OficinaEmpleo"]},{"@type":"Person","@id":"https:\/\/www.oficinaempleo.com\/blog\/#\/schema\/person\/ede60fa3ce54ed57dd7d302621ff0038","name":"Andrea Alvarez","image":{"@type":"ImageObject","inLanguage":"es","@id":"https:\/\/www.oficinaempleo.com\/blog\/#\/schema\/person\/image\/","url":"https:\/\/secure.gravatar.com\/avatar\/a7d5c9b042e612c99133a5c64fdffa3b8e98c5a9713f0a7526bf1293742c2d70?s=96&d=mm&r=g","contentUrl":"https:\/\/secure.gravatar.com\/avatar\/a7d5c9b042e612c99133a5c64fdffa3b8e98c5a9713f0a7526bf1293742c2d70?s=96&d=mm&r=g","caption":"Andrea Alvarez"},"url":"https:\/\/www.oficinaempleo.com\/blog\/author\/andrea-alvarez\/"}]}},"_links":{"self":[{"href":"https:\/\/www.oficinaempleo.com\/blog\/wp-json\/wp\/v2\/posts\/27494","targetHints":{"allow":["GET"]}}],"collection":[{"href":"https:\/\/www.oficinaempleo.com\/blog\/wp-json\/wp\/v2\/posts"}],"about":[{"href":"https:\/\/www.oficinaempleo.com\/blog\/wp-json\/wp\/v2\/types\/post"}],"author":[{"embeddable":true,"href":"https:\/\/www.oficinaempleo.com\/blog\/wp-json\/wp\/v2\/users\/45"}],"replies":[{"embeddable":true,"href":"https:\/\/www.oficinaempleo.com\/blog\/wp-json\/wp\/v2\/comments?post=27494"}],"version-history":[{"count":8,"href":"https:\/\/www.oficinaempleo.com\/blog\/wp-json\/wp\/v2\/posts\/27494\/revisions"}],"predecessor-version":[{"id":31383,"href":"https:\/\/www.oficinaempleo.com\/blog\/wp-json\/wp\/v2\/posts\/27494\/revisions\/31383"}],"wp:featuredmedia":[{"embeddable":true,"href":"https:\/\/www.oficinaempleo.com\/blog\/wp-json\/wp\/v2\/media\/27504"}],"wp:attachment":[{"href":"https:\/\/www.oficinaempleo.com\/blog\/wp-json\/wp\/v2\/media?parent=27494"}],"wp:term":[{"taxonomy":"category","embeddable":true,"href":"https:\/\/www.oficinaempleo.com\/blog\/wp-json\/wp\/v2\/categories?post=27494"},{"taxonomy":"post_tag","embeddable":true,"href":"https:\/\/www.oficinaempleo.com\/blog\/wp-json\/wp\/v2\/tags?post=27494"}],"curies":[{"name":"wp","href":"https:\/\/api.w.org\/{rel}","templated":true}]}}