{"id":28636,"date":"2020-09-30T10:07:38","date_gmt":"2020-09-30T09:07:38","guid":{"rendered":"https:\/\/www.oficinaempleo.com\/blog\/?p=28636"},"modified":"2021-02-04T09:20:39","modified_gmt":"2021-02-04T08:20:39","slug":"buscan-a-500-mozos-de-almacen-para-trabajar-en-madrid","status":"publish","type":"post","link":"https:\/\/www.oficinaempleo.com\/blog\/buscan-a-500-mozos-de-almacen-para-trabajar-en-madrid\/","title":{"rendered":"Buscan a 500 mozos de almac\u00e9n para trabajar en Madrid"},"content":{"rendered":"<p>El trabajo comienza a llegar a Madrid. Todas las personas que se encuentren en b\u00fasqueda activa de empleo, posiblemente se encuentren interesadas en esta <a href=\"https:\/\/www.adecco.es\/oferta-trabajo\/mozoa-almacen-valdemoro?ID=88ca2814-a659-40f7-88d2-e0aed86294d7\">oferta publicada por Adecco<\/a>.<strong> Se buscan a 500 personas para cubrir las vacantes libres de un almac\u00e9n en Valdemoro<\/strong>. B\u00e1sicamente la oferta consiste en trabajar como mozo de almac\u00e9n<strong>.<\/strong><\/p>\n<div id=\"attachment_28637\" style=\"width: 610px\" class=\"wp-caption alignnone\"><a href=\"https:\/\/www.oficinaempleo.com\/blog\/wp-content\/uploads\/2020\/09\/Trabajar-como-mozo-de-almac\u00e9n-iStock.jpg\"><img loading=\"lazy\" decoding=\"async\" aria-describedby=\"caption-attachment-28637\" class=\"wp-image-28637 size-full\" src=\"https:\/\/www.oficinaempleo.com\/blog\/wp-content\/uploads\/2020\/09\/Trabajar-como-mozo-de-almac\u00e9n-iStock.jpg\" alt=\"Trabajar como mozo de almac\u00e9n (iStock)\" width=\"600\" height=\"310\" srcset=\"https:\/\/www.oficinaempleo.com\/blog\/wp-content\/uploads\/2020\/09\/Trabajar-como-mozo-de-almac\u00e9n-iStock.jpg 600w, https:\/\/www.oficinaempleo.com\/blog\/wp-content\/uploads\/2020\/09\/Trabajar-como-mozo-de-almac\u00e9n-iStock-300x155.jpg 300w, https:\/\/www.oficinaempleo.com\/blog\/wp-content\/uploads\/2020\/09\/Trabajar-como-mozo-de-almac\u00e9n-iStock-290x150.jpg 290w\" sizes=\"auto, (max-width: 600px) 100vw, 600px\" \/><\/a><p id=\"caption-attachment-28637\" class=\"wp-caption-text\">Trabajar como mozo de almac\u00e9n (iStock)<\/p><\/div>\n<p>Desde EUROCEN, empresa perteneciente al Grupo Adecco y\u00a0 especializada en la gesti\u00f3n de personal en \u00e1reas de producci\u00f3n, est\u00e1n buscando a personal para cubrir los puestos libres de uno de los Centros Log\u00edsticos de mayor referencia de la Comunidad de Madrid.<\/p>\n<h2><b>Condiciones del trabajo y requisitos<\/b><\/h2>\n<p>Seg\u00fan nos informa la oferta, es un contrato temporal. Pero hay posibilidades de seguir trabajando en la empresa siempre y cuando se cumplan con las tareas. <strong>La jornada laboral ser\u00e1 a tiempo completo o parcial<\/strong>. Habr\u00e1 posibilidad de acceder a turnos fijos de ma\u00f1anas, tardes o noches. <strong>La empresa se adaptar\u00e1 a las necesidades del candidato elegido.<\/strong> La persona debe estar disponible de lunes a domingo. Aunque dispondr\u00e1 de dos d\u00edas libres a la semana dependiendo de los horarios.<\/p>\n<p>\u00bfCu\u00e1les son los requisitos? Es importante que cuentes con una <strong>experiencia previa realizando labores semejantes<\/strong>: carga y descarga de mercanc\u00eda, preparaci\u00f3n de pedidos, picking, packing, clasificaci\u00f3n y ubicaci\u00f3n de producto, paletizado&#8230; Todo esto contar\u00e1 de forma positiva. En el caso de no tener experiencia es recomendable que se tenga conocimientos y <strong>se desenvuelva con naturalidad en entornos tecnol\u00f3gicos<\/strong>.<\/p>\n<h2>C\u00f3mo acceder al puesto de trabajo<\/h2>\n<p>Para acceder a la oferta <strong>es necesario que tengas una cuenta en Adecco<\/strong>. Si a\u00fan no est\u00e1s registrado, el proceso es bastante sencillo, solo tendr\u00e1s que seguir los pasos de registro. Si ya est\u00e1s inscrito y cumples con los requisitos, <strong>lo \u00fanico que tienes que hacer es entrar <a href=\"https:\/\/www.adecco.es\/oferta-trabajo\/mozoa-almacen-valdemoro?ID=88ca2814-a659-40f7-88d2-e0aed86294d7\">aqu\u00ed<\/a> y darle al bot\u00f3n de inscribirme de la oferta<\/strong>.<\/p>\n","protected":false},"excerpt":{"rendered":"<p>El trabajo comienza a llegar a Madrid. Todas las personas que se encuentren en b\u00fasqueda activa de empleo, posiblemente se encuentren interesadas en esta oferta publicada por Adecco. Se buscan a 500 personas para cubrir las vacantes libres de un almac\u00e9n en Valdemoro. B\u00e1sicamente la oferta consiste en trabajar como mozo de almac\u00e9n. Desde EUROCEN, [&hellip;]<\/p>\n","protected":false},"author":26,"featured_media":28637,"comment_status":"open","ping_status":"open","sticky":false,"template":"","format":"standard","meta":{"footnotes":""},"categories":[691,3,689],"tags":[],"class_list":["post-28636","post","type-post","status-publish","format-standard","has-post-thumbnail","hentry","category-actualidad-empleo","category-noticias-empleo","category-ofertas-empleo-destacadas","cat-691-id","cat-3-id","cat-689-id","has_thumb"],"yoast_head":"<!-- This site is optimized with the Yoast SEO plugin v27.1.1 - https:\/\/yoast.com\/product\/yoast-seo-wordpress\/ -->\n<title>Buscan a 500 mozos de almac\u00e9n para trabajar en Madrid - Blog OficinaEmpleo<\/title>\n<meta name=\"description\" content=\"Buscan a 500 mozos de almac\u00e9n para trabajar en Valdemoro. \u00bfQuieres saber c\u00f3mo acceder a los puestos libres? Sigue nuestras recomendaciones.\" \/>\n<meta name=\"robots\" content=\"index, follow, max-snippet:-1, max-image-preview:large, max-video-preview:-1\" \/>\n<link rel=\"canonical\" href=\"https:\/\/www.oficinaempleo.com\/blog\/buscan-a-500-mozos-de-almacen-para-trabajar-en-madrid\/\" \/>\n<meta property=\"og:locale\" content=\"es_ES\" \/>\n<meta property=\"og:type\" content=\"article\" \/>\n<meta property=\"og:title\" content=\"Buscan a 500 mozos de almac\u00e9n para trabajar en Madrid - Blog OficinaEmpleo\" \/>\n<meta property=\"og:description\" content=\"Buscan a 500 mozos de almac\u00e9n para trabajar en Valdemoro. \u00bfQuieres saber c\u00f3mo acceder a los puestos libres? Sigue nuestras recomendaciones.\" \/>\n<meta property=\"og:url\" content=\"https:\/\/www.oficinaempleo.com\/blog\/buscan-a-500-mozos-de-almacen-para-trabajar-en-madrid\/\" \/>\n<meta property=\"og:site_name\" content=\"Noticias y consejos de empleo | Blog OficinaEmpleo\" \/>\n<meta property=\"article:published_time\" content=\"2020-09-30T09:07:38+00:00\" \/>\n<meta property=\"article:modified_time\" content=\"2021-02-04T08:20:39+00:00\" \/>\n<meta property=\"og:image\" content=\"https:\/\/www.oficinaempleo.com\/blog\/wp-content\/uploads\/2020\/09\/Trabajar-como-mozo-de-almac\u00e9n-iStock.jpg\" \/>\n\t<meta property=\"og:image:width\" content=\"600\" \/>\n\t<meta property=\"og:image:height\" content=\"310\" \/>\n\t<meta property=\"og:image:type\" content=\"image\/jpeg\" \/>\n<meta name=\"author\" content=\"Oficina Empleo\" \/>\n<meta name=\"twitter:card\" content=\"summary_large_image\" \/>\n<meta name=\"twitter:creator\" content=\"@OficinaEmpleo\" \/>\n<meta name=\"twitter:site\" content=\"@OficinaEmpleo\" \/>\n<meta name=\"twitter:label1\" content=\"Written by\" \/>\n\t<meta name=\"twitter:data1\" content=\"Oficina Empleo\" \/>\n\t<meta name=\"twitter:label2\" content=\"Est. reading time\" \/>\n\t<meta name=\"twitter:data2\" content=\"2 minutos\" \/>\n<script type=\"application\/ld+json\" class=\"yoast-schema-graph\">{\"@context\":\"https:\/\/schema.org\",\"@graph\":[{\"@type\":\"Article\",\"@id\":\"https:\/\/www.oficinaempleo.com\/blog\/buscan-a-500-mozos-de-almacen-para-trabajar-en-madrid\/#article\",\"isPartOf\":{\"@id\":\"https:\/\/www.oficinaempleo.com\/blog\/buscan-a-500-mozos-de-almacen-para-trabajar-en-madrid\/\"},\"author\":{\"name\":\"Oficina Empleo\",\"@id\":\"https:\/\/www.oficinaempleo.com\/blog\/#\/schema\/person\/16c50a6d8c44d02b1fd44211d2b43dfb\"},\"headline\":\"Buscan a 500 mozos de almac\u00e9n para trabajar en Madrid\",\"datePublished\":\"2020-09-30T09:07:38+00:00\",\"dateModified\":\"2021-02-04T08:20:39+00:00\",\"mainEntityOfPage\":{\"@id\":\"https:\/\/www.oficinaempleo.com\/blog\/buscan-a-500-mozos-de-almacen-para-trabajar-en-madrid\/\"},\"wordCount\":346,\"commentCount\":48,\"publisher\":{\"@id\":\"https:\/\/www.oficinaempleo.com\/blog\/#organization\"},\"image\":{\"@id\":\"https:\/\/www.oficinaempleo.com\/blog\/buscan-a-500-mozos-de-almacen-para-trabajar-en-madrid\/#primaryimage\"},\"thumbnailUrl\":\"https:\/\/www.oficinaempleo.com\/blog\/wp-content\/uploads\/2020\/09\/Trabajar-como-mozo-de-almac\u00e9n-iStock.jpg\",\"articleSection\":[\"Actualidad\",\"Noticias Empleo\",\"Ofertas destacadas\"],\"inLanguage\":\"es\",\"potentialAction\":[{\"@type\":\"CommentAction\",\"name\":\"Comment\",\"target\":[\"https:\/\/www.oficinaempleo.com\/blog\/buscan-a-500-mozos-de-almacen-para-trabajar-en-madrid\/#respond\"]}]},{\"@type\":\"WebPage\",\"@id\":\"https:\/\/www.oficinaempleo.com\/blog\/buscan-a-500-mozos-de-almacen-para-trabajar-en-madrid\/\",\"url\":\"https:\/\/www.oficinaempleo.com\/blog\/buscan-a-500-mozos-de-almacen-para-trabajar-en-madrid\/\",\"name\":\"Buscan a 500 mozos de almac\u00e9n para trabajar en Madrid - Blog OficinaEmpleo\",\"isPartOf\":{\"@id\":\"https:\/\/www.oficinaempleo.com\/blog\/#website\"},\"primaryImageOfPage\":{\"@id\":\"https:\/\/www.oficinaempleo.com\/blog\/buscan-a-500-mozos-de-almacen-para-trabajar-en-madrid\/#primaryimage\"},\"image\":{\"@id\":\"https:\/\/www.oficinaempleo.com\/blog\/buscan-a-500-mozos-de-almacen-para-trabajar-en-madrid\/#primaryimage\"},\"thumbnailUrl\":\"https:\/\/www.oficinaempleo.com\/blog\/wp-content\/uploads\/2020\/09\/Trabajar-como-mozo-de-almac\u00e9n-iStock.jpg\",\"datePublished\":\"2020-09-30T09:07:38+00:00\",\"dateModified\":\"2021-02-04T08:20:39+00:00\",\"description\":\"Buscan a 500 mozos de almac\u00e9n para trabajar en Valdemoro. \u00bfQuieres saber c\u00f3mo acceder a los puestos libres? Sigue nuestras recomendaciones.\",\"breadcrumb\":{\"@id\":\"https:\/\/www.oficinaempleo.com\/blog\/buscan-a-500-mozos-de-almacen-para-trabajar-en-madrid\/#breadcrumb\"},\"inLanguage\":\"es\",\"potentialAction\":[{\"@type\":\"ReadAction\",\"target\":[\"https:\/\/www.oficinaempleo.com\/blog\/buscan-a-500-mozos-de-almacen-para-trabajar-en-madrid\/\"]}]},{\"@type\":\"ImageObject\",\"inLanguage\":\"es\",\"@id\":\"https:\/\/www.oficinaempleo.com\/blog\/buscan-a-500-mozos-de-almacen-para-trabajar-en-madrid\/#primaryimage\",\"url\":\"https:\/\/www.oficinaempleo.com\/blog\/wp-content\/uploads\/2020\/09\/Trabajar-como-mozo-de-almac\u00e9n-iStock.jpg\",\"contentUrl\":\"https:\/\/www.oficinaempleo.com\/blog\/wp-content\/uploads\/2020\/09\/Trabajar-como-mozo-de-almac\u00e9n-iStock.jpg\",\"width\":600,\"height\":310,\"caption\":\"Trabajar como mozo de almac\u00e9n (iStock)\"},{\"@type\":\"BreadcrumbList\",\"@id\":\"https:\/\/www.oficinaempleo.com\/blog\/buscan-a-500-mozos-de-almacen-para-trabajar-en-madrid\/#breadcrumb\",\"itemListElement\":[{\"@type\":\"ListItem\",\"position\":1,\"name\":\"Home\",\"item\":\"https:\/\/www.oficinaempleo.com\/blog\/\"},{\"@type\":\"ListItem\",\"position\":2,\"name\":\"Buscan a 500 mozos de almac\u00e9n para trabajar en Madrid\"}]},{\"@type\":\"WebSite\",\"@id\":\"https:\/\/www.oficinaempleo.com\/blog\/#website\",\"url\":\"https:\/\/www.oficinaempleo.com\/blog\/\",\"name\":\"Noticias y Consejos de Empleo | Blog OficinaEmpleo\",\"description\":\"\",\"publisher\":{\"@id\":\"https:\/\/www.oficinaempleo.com\/blog\/#organization\"},\"potentialAction\":[{\"@type\":\"SearchAction\",\"target\":{\"@type\":\"EntryPoint\",\"urlTemplate\":\"https:\/\/www.oficinaempleo.com\/blog\/?s={search_term_string}\"},\"query-input\":{\"@type\":\"PropertyValueSpecification\",\"valueRequired\":true,\"valueName\":\"search_term_string\"}}],\"inLanguage\":\"es\"},{\"@type\":\"Organization\",\"@id\":\"https:\/\/www.oficinaempleo.com\/blog\/#organization\",\"name\":\"OficinaEmpleo\",\"url\":\"https:\/\/www.oficinaempleo.com\/blog\/\",\"logo\":{\"@type\":\"ImageObject\",\"inLanguage\":\"es\",\"@id\":\"https:\/\/www.oficinaempleo.com\/blog\/#\/schema\/logo\/image\/\",\"url\":\"https:\/\/www.oficinaempleo.com\/blog\/wp-content\/uploads\/2018\/10\/logo_footer-1.jpg\",\"contentUrl\":\"https:\/\/www.oficinaempleo.com\/blog\/wp-content\/uploads\/2018\/10\/logo_footer-1.jpg\",\"width\":478,\"height\":57,\"caption\":\"OficinaEmpleo\"},\"image\":{\"@id\":\"https:\/\/www.oficinaempleo.com\/blog\/#\/schema\/logo\/image\/\"},\"sameAs\":[\"https:\/\/x.com\/OficinaEmpleo\"]},{\"@type\":\"Person\",\"@id\":\"https:\/\/www.oficinaempleo.com\/blog\/#\/schema\/person\/16c50a6d8c44d02b1fd44211d2b43dfb\",\"name\":\"Oficina Empleo\",\"image\":{\"@type\":\"ImageObject\",\"inLanguage\":\"es\",\"@id\":\"https:\/\/www.oficinaempleo.com\/blog\/#\/schema\/person\/image\/\",\"url\":\"https:\/\/secure.gravatar.com\/avatar\/e33a1a9f888f42fceb505f6adf9539780cb28cbdfb337546d4bf4b5219070990?s=96&d=mm&r=g\",\"contentUrl\":\"https:\/\/secure.gravatar.com\/avatar\/e33a1a9f888f42fceb505f6adf9539780cb28cbdfb337546d4bf4b5219070990?s=96&d=mm&r=g\",\"caption\":\"Oficina Empleo\"},\"url\":\"https:\/\/www.oficinaempleo.com\/blog\/author\/contenidos\/\"}]}<\/script>\n<!-- \/ Yoast SEO plugin. -->","yoast_head_json":{"title":"Buscan a 500 mozos de almac\u00e9n para trabajar en Madrid - Blog OficinaEmpleo","description":"Buscan a 500 mozos de almac\u00e9n para trabajar en Valdemoro. \u00bfQuieres saber c\u00f3mo acceder a los puestos libres? Sigue nuestras recomendaciones.","robots":{"index":"index","follow":"follow","max-snippet":"max-snippet:-1","max-image-preview":"max-image-preview:large","max-video-preview":"max-video-preview:-1"},"canonical":"https:\/\/www.oficinaempleo.com\/blog\/buscan-a-500-mozos-de-almacen-para-trabajar-en-madrid\/","og_locale":"es_ES","og_type":"article","og_title":"Buscan a 500 mozos de almac\u00e9n para trabajar en Madrid - Blog OficinaEmpleo","og_description":"Buscan a 500 mozos de almac\u00e9n para trabajar en Valdemoro. \u00bfQuieres saber c\u00f3mo acceder a los puestos libres? Sigue nuestras recomendaciones.","og_url":"https:\/\/www.oficinaempleo.com\/blog\/buscan-a-500-mozos-de-almacen-para-trabajar-en-madrid\/","og_site_name":"Noticias y consejos de empleo | Blog OficinaEmpleo","article_published_time":"2020-09-30T09:07:38+00:00","article_modified_time":"2021-02-04T08:20:39+00:00","og_image":[{"width":600,"height":310,"url":"https:\/\/www.oficinaempleo.com\/blog\/wp-content\/uploads\/2020\/09\/Trabajar-como-mozo-de-almac\u00e9n-iStock.jpg","type":"image\/jpeg"}],"author":"Oficina Empleo","twitter_card":"summary_large_image","twitter_creator":"@OficinaEmpleo","twitter_site":"@OficinaEmpleo","twitter_misc":{"Written by":"Oficina Empleo","Est. reading time":"2 minutos"},"schema":{"@context":"https:\/\/schema.org","@graph":[{"@type":"Article","@id":"https:\/\/www.oficinaempleo.com\/blog\/buscan-a-500-mozos-de-almacen-para-trabajar-en-madrid\/#article","isPartOf":{"@id":"https:\/\/www.oficinaempleo.com\/blog\/buscan-a-500-mozos-de-almacen-para-trabajar-en-madrid\/"},"author":{"name":"Oficina Empleo","@id":"https:\/\/www.oficinaempleo.com\/blog\/#\/schema\/person\/16c50a6d8c44d02b1fd44211d2b43dfb"},"headline":"Buscan a 500 mozos de almac\u00e9n para trabajar en Madrid","datePublished":"2020-09-30T09:07:38+00:00","dateModified":"2021-02-04T08:20:39+00:00","mainEntityOfPage":{"@id":"https:\/\/www.oficinaempleo.com\/blog\/buscan-a-500-mozos-de-almacen-para-trabajar-en-madrid\/"},"wordCount":346,"commentCount":48,"publisher":{"@id":"https:\/\/www.oficinaempleo.com\/blog\/#organization"},"image":{"@id":"https:\/\/www.oficinaempleo.com\/blog\/buscan-a-500-mozos-de-almacen-para-trabajar-en-madrid\/#primaryimage"},"thumbnailUrl":"https:\/\/www.oficinaempleo.com\/blog\/wp-content\/uploads\/2020\/09\/Trabajar-como-mozo-de-almac\u00e9n-iStock.jpg","articleSection":["Actualidad","Noticias Empleo","Ofertas destacadas"],"inLanguage":"es","potentialAction":[{"@type":"CommentAction","name":"Comment","target":["https:\/\/www.oficinaempleo.com\/blog\/buscan-a-500-mozos-de-almacen-para-trabajar-en-madrid\/#respond"]}]},{"@type":"WebPage","@id":"https:\/\/www.oficinaempleo.com\/blog\/buscan-a-500-mozos-de-almacen-para-trabajar-en-madrid\/","url":"https:\/\/www.oficinaempleo.com\/blog\/buscan-a-500-mozos-de-almacen-para-trabajar-en-madrid\/","name":"Buscan a 500 mozos de almac\u00e9n para trabajar en Madrid - Blog OficinaEmpleo","isPartOf":{"@id":"https:\/\/www.oficinaempleo.com\/blog\/#website"},"primaryImageOfPage":{"@id":"https:\/\/www.oficinaempleo.com\/blog\/buscan-a-500-mozos-de-almacen-para-trabajar-en-madrid\/#primaryimage"},"image":{"@id":"https:\/\/www.oficinaempleo.com\/blog\/buscan-a-500-mozos-de-almacen-para-trabajar-en-madrid\/#primaryimage"},"thumbnailUrl":"https:\/\/www.oficinaempleo.com\/blog\/wp-content\/uploads\/2020\/09\/Trabajar-como-mozo-de-almac\u00e9n-iStock.jpg","datePublished":"2020-09-30T09:07:38+00:00","dateModified":"2021-02-04T08:20:39+00:00","description":"Buscan a 500 mozos de almac\u00e9n para trabajar en Valdemoro. \u00bfQuieres saber c\u00f3mo acceder a los puestos libres? Sigue nuestras recomendaciones.","breadcrumb":{"@id":"https:\/\/www.oficinaempleo.com\/blog\/buscan-a-500-mozos-de-almacen-para-trabajar-en-madrid\/#breadcrumb"},"inLanguage":"es","potentialAction":[{"@type":"ReadAction","target":["https:\/\/www.oficinaempleo.com\/blog\/buscan-a-500-mozos-de-almacen-para-trabajar-en-madrid\/"]}]},{"@type":"ImageObject","inLanguage":"es","@id":"https:\/\/www.oficinaempleo.com\/blog\/buscan-a-500-mozos-de-almacen-para-trabajar-en-madrid\/#primaryimage","url":"https:\/\/www.oficinaempleo.com\/blog\/wp-content\/uploads\/2020\/09\/Trabajar-como-mozo-de-almac\u00e9n-iStock.jpg","contentUrl":"https:\/\/www.oficinaempleo.com\/blog\/wp-content\/uploads\/2020\/09\/Trabajar-como-mozo-de-almac\u00e9n-iStock.jpg","width":600,"height":310,"caption":"Trabajar como mozo de almac\u00e9n (iStock)"},{"@type":"BreadcrumbList","@id":"https:\/\/www.oficinaempleo.com\/blog\/buscan-a-500-mozos-de-almacen-para-trabajar-en-madrid\/#breadcrumb","itemListElement":[{"@type":"ListItem","position":1,"name":"Home","item":"https:\/\/www.oficinaempleo.com\/blog\/"},{"@type":"ListItem","position":2,"name":"Buscan a 500 mozos de almac\u00e9n para trabajar en Madrid"}]},{"@type":"WebSite","@id":"https:\/\/www.oficinaempleo.com\/blog\/#website","url":"https:\/\/www.oficinaempleo.com\/blog\/","name":"Noticias y Consejos de Empleo | Blog OficinaEmpleo","description":"","publisher":{"@id":"https:\/\/www.oficinaempleo.com\/blog\/#organization"},"potentialAction":[{"@type":"SearchAction","target":{"@type":"EntryPoint","urlTemplate":"https:\/\/www.oficinaempleo.com\/blog\/?s={search_term_string}"},"query-input":{"@type":"PropertyValueSpecification","valueRequired":true,"valueName":"search_term_string"}}],"inLanguage":"es"},{"@type":"Organization","@id":"https:\/\/www.oficinaempleo.com\/blog\/#organization","name":"OficinaEmpleo","url":"https:\/\/www.oficinaempleo.com\/blog\/","logo":{"@type":"ImageObject","inLanguage":"es","@id":"https:\/\/www.oficinaempleo.com\/blog\/#\/schema\/logo\/image\/","url":"https:\/\/www.oficinaempleo.com\/blog\/wp-content\/uploads\/2018\/10\/logo_footer-1.jpg","contentUrl":"https:\/\/www.oficinaempleo.com\/blog\/wp-content\/uploads\/2018\/10\/logo_footer-1.jpg","width":478,"height":57,"caption":"OficinaEmpleo"},"image":{"@id":"https:\/\/www.oficinaempleo.com\/blog\/#\/schema\/logo\/image\/"},"sameAs":["https:\/\/x.com\/OficinaEmpleo"]},{"@type":"Person","@id":"https:\/\/www.oficinaempleo.com\/blog\/#\/schema\/person\/16c50a6d8c44d02b1fd44211d2b43dfb","name":"Oficina Empleo","image":{"@type":"ImageObject","inLanguage":"es","@id":"https:\/\/www.oficinaempleo.com\/blog\/#\/schema\/person\/image\/","url":"https:\/\/secure.gravatar.com\/avatar\/e33a1a9f888f42fceb505f6adf9539780cb28cbdfb337546d4bf4b5219070990?s=96&d=mm&r=g","contentUrl":"https:\/\/secure.gravatar.com\/avatar\/e33a1a9f888f42fceb505f6adf9539780cb28cbdfb337546d4bf4b5219070990?s=96&d=mm&r=g","caption":"Oficina Empleo"},"url":"https:\/\/www.oficinaempleo.com\/blog\/author\/contenidos\/"}]}},"_links":{"self":[{"href":"https:\/\/www.oficinaempleo.com\/blog\/wp-json\/wp\/v2\/posts\/28636","targetHints":{"allow":["GET"]}}],"collection":[{"href":"https:\/\/www.oficinaempleo.com\/blog\/wp-json\/wp\/v2\/posts"}],"about":[{"href":"https:\/\/www.oficinaempleo.com\/blog\/wp-json\/wp\/v2\/types\/post"}],"author":[{"embeddable":true,"href":"https:\/\/www.oficinaempleo.com\/blog\/wp-json\/wp\/v2\/users\/26"}],"replies":[{"embeddable":true,"href":"https:\/\/www.oficinaempleo.com\/blog\/wp-json\/wp\/v2\/comments?post=28636"}],"version-history":[{"count":3,"href":"https:\/\/www.oficinaempleo.com\/blog\/wp-json\/wp\/v2\/posts\/28636\/revisions"}],"predecessor-version":[{"id":28640,"href":"https:\/\/www.oficinaempleo.com\/blog\/wp-json\/wp\/v2\/posts\/28636\/revisions\/28640"}],"wp:featuredmedia":[{"embeddable":true,"href":"https:\/\/www.oficinaempleo.com\/blog\/wp-json\/wp\/v2\/media\/28637"}],"wp:attachment":[{"href":"https:\/\/www.oficinaempleo.com\/blog\/wp-json\/wp\/v2\/media?parent=28636"}],"wp:term":[{"taxonomy":"category","embeddable":true,"href":"https:\/\/www.oficinaempleo.com\/blog\/wp-json\/wp\/v2\/categories?post=28636"},{"taxonomy":"post_tag","embeddable":true,"href":"https:\/\/www.oficinaempleo.com\/blog\/wp-json\/wp\/v2\/tags?post=28636"}],"curies":[{"name":"wp","href":"https:\/\/api.w.org\/{rel}","templated":true}]}}