{"id":28851,"date":"2020-11-18T10:50:24","date_gmt":"2020-11-18T09:50:24","guid":{"rendered":"https:\/\/www.oficinaempleo.com\/blog\/?p=28851"},"modified":"2020-11-18T10:50:24","modified_gmt":"2020-11-18T09:50:24","slug":"repartidores-pedidos-alcala-henares","status":"publish","type":"post","link":"https:\/\/www.oficinaempleo.com\/blog\/repartidores-pedidos-alcala-henares\/","title":{"rendered":"Se necesitan repartidores de pedidos en Alcal\u00e1 de Henares"},"content":{"rendered":"<p>El comercio on-line est\u00e1 revolucionando la forma en la que compramos, y es por ello que cada vez surgen m\u00e1s ofertas de empleos buscando repartidores de pedidos. Con la campa\u00f1a del <strong>Black Friday y Navidad<\/strong>, este n\u00famero aumenta. \u00bfQuieres saber c\u00f3mo conseguir un puesto de<strong> repartidor de pedidos en Alcal\u00e1 de Henares<\/strong>, Madrid? Te lo contamos.<\/p>\n<h2>Requisitos para conseguir el empleo<\/h2>\n<p>La empresa de log\u00edstica <strong>Synergie<\/strong> busca aumentar en <strong>50 personas<\/strong> su plantilla para la campa\u00f1a del Black Friday y las navidades. Se buscan perfiles para la<strong> preparaci\u00f3n de pedidos<\/strong> (picking) as\u00ed como<strong> empaquetado<\/strong> (packing). Realizar\u00e1n tareas de preparaci\u00f3n de pedidos con la pistola de radiofrecuencia, manipulaci\u00f3n de mercanc\u00eda, recepci\u00f3n y ubicaci\u00f3n de la misma&#8230;<\/p>\n<div id=\"attachment_28852\" style=\"width: 600px\" class=\"wp-caption alignnone\"><a href=\"https:\/\/www.oficinaempleo.com\/blog\/wp-content\/uploads\/2020\/11\/OE-Art\u00edculo-texto-5-3.jpg\"><img loading=\"lazy\" decoding=\"async\" aria-describedby=\"caption-attachment-28852\" class=\"wp-image-28852 size-full\" src=\"https:\/\/www.oficinaempleo.com\/blog\/wp-content\/uploads\/2020\/11\/OE-Art\u00edculo-texto-5-3.jpg\" alt=\"El auge del comercio on-line es imparable (iStock)\" width=\"590\" height=\"315\" srcset=\"https:\/\/www.oficinaempleo.com\/blog\/wp-content\/uploads\/2020\/11\/OE-Art\u00edculo-texto-5-3.jpg 590w, https:\/\/www.oficinaempleo.com\/blog\/wp-content\/uploads\/2020\/11\/OE-Art\u00edculo-texto-5-3-300x160.jpg 300w\" sizes=\"auto, (max-width: 590px) 100vw, 590px\" \/><\/a><p id=\"caption-attachment-28852\" class=\"wp-caption-text\">El auge del comercio on-line es imparable (iStock)<\/p><\/div>\n<p>Los requisitos que la empresa pide son contar <strong>experiencia previa en el sector<\/strong>, tener <strong>disponibilidad inmediata<\/strong> para incorporarse al puesto as\u00ed como <strong>actitud<\/strong> para trabajar motivado y de acuerdo a los objetivos de la empresa.<\/p>\n<h2>Condiciones de la oferta<\/h2>\n<p>Los 50 perfiles que resulten finalmente seleccionados, gozar\u00e1n de <strong>contratos\u00a0por semanas<\/strong>. El salario ser\u00e1 de<strong> 8&#8217;68\u20ac brutos por hora<\/strong> normal trabajada;<strong> jornada completa<\/strong> de lunes a domingo, librando seg\u00fan cuadrante y sede de trabajo en <strong>Alcal\u00e1 de Henares<\/strong>.<\/p>\n<p>Si te interesa esta oferta podr\u00e1s enviar tu curr\u00edculum mediante <a href=\"https:\/\/www.synergie.es\/detalles-de-la-oferta\/?jobId=infojobsid=515582\">este enlace<\/a>.<\/p>\n","protected":false},"excerpt":{"rendered":"<p>El comercio on-line est\u00e1 revolucionando la forma en la que compramos, y es por ello que cada vez surgen m\u00e1s ofertas de empleos buscando repartidores de pedidos. Con la campa\u00f1a del Black Friday y Navidad, este n\u00famero aumenta. \u00bfQuieres saber c\u00f3mo conseguir un puesto de repartidor de pedidos en Alcal\u00e1 de Henares, Madrid? Te lo [&hellip;]<\/p>\n","protected":false},"author":53,"featured_media":28853,"comment_status":"open","ping_status":"open","sticky":false,"template":"","format":"standard","meta":{"footnotes":""},"categories":[3],"tags":[],"class_list":["post-28851","post","type-post","status-publish","format-standard","has-post-thumbnail","hentry","category-noticias-empleo","cat-3-id","has_thumb"],"yoast_head":"<!-- This site is optimized with the Yoast SEO plugin v27.1.1 - https:\/\/yoast.com\/product\/yoast-seo-wordpress\/ -->\n<title>Se necesitan repartidores de pedidos en Alcal\u00e1 de Henares<\/title>\n<meta name=\"description\" content=\"El auge del comercio on-line hace que cada vez se busquen m\u00e1s perfiles de repartidor de pedidos. \u00bfQuieres un empleo para la campa\u00f1a de Navidad?Ent\u00e9rate aqu\u00ed\" \/>\n<meta name=\"robots\" content=\"index, follow, max-snippet:-1, max-image-preview:large, max-video-preview:-1\" \/>\n<link rel=\"canonical\" href=\"https:\/\/www.oficinaempleo.com\/blog\/repartidores-pedidos-alcala-henares\/\" \/>\n<meta property=\"og:locale\" content=\"es_ES\" \/>\n<meta property=\"og:type\" content=\"article\" \/>\n<meta property=\"og:title\" content=\"Se necesitan repartidores de pedidos en Alcal\u00e1 de Henares\" \/>\n<meta property=\"og:description\" content=\"El auge del comercio on-line hace que cada vez se busquen m\u00e1s perfiles de repartidor de pedidos. \u00bfQuieres un empleo para la campa\u00f1a de Navidad?Ent\u00e9rate aqu\u00ed\" \/>\n<meta property=\"og:url\" content=\"https:\/\/www.oficinaempleo.com\/blog\/repartidores-pedidos-alcala-henares\/\" \/>\n<meta property=\"og:site_name\" content=\"Noticias y consejos de empleo | Blog OficinaEmpleo\" \/>\n<meta property=\"article:published_time\" content=\"2020-11-18T09:50:24+00:00\" \/>\n<meta property=\"og:image\" content=\"https:\/\/www.oficinaempleo.com\/blog\/wp-content\/uploads\/2020\/11\/OE-DESTACADA-6.jpg\" \/>\n\t<meta property=\"og:image:width\" content=\"600\" \/>\n\t<meta property=\"og:image:height\" content=\"310\" \/>\n\t<meta property=\"og:image:type\" content=\"image\/jpeg\" \/>\n<meta name=\"author\" content=\"Ines Arufe\" \/>\n<meta name=\"twitter:card\" content=\"summary_large_image\" \/>\n<meta name=\"twitter:creator\" content=\"@OficinaEmpleo\" \/>\n<meta name=\"twitter:site\" content=\"@OficinaEmpleo\" \/>\n<meta name=\"twitter:label1\" content=\"Written by\" \/>\n\t<meta name=\"twitter:data1\" content=\"Ines Arufe\" \/>\n\t<meta name=\"twitter:label2\" content=\"Est. reading time\" \/>\n\t<meta name=\"twitter:data2\" content=\"1 minuto\" \/>\n<script type=\"application\/ld+json\" class=\"yoast-schema-graph\">{\"@context\":\"https:\/\/schema.org\",\"@graph\":[{\"@type\":\"Article\",\"@id\":\"https:\/\/www.oficinaempleo.com\/blog\/repartidores-pedidos-alcala-henares\/#article\",\"isPartOf\":{\"@id\":\"https:\/\/www.oficinaempleo.com\/blog\/repartidores-pedidos-alcala-henares\/\"},\"author\":{\"name\":\"Ines Arufe\",\"@id\":\"https:\/\/www.oficinaempleo.com\/blog\/#\/schema\/person\/877abaade71ef54cedd565dced7b7be9\"},\"headline\":\"Se necesitan repartidores de pedidos en Alcal\u00e1 de Henares\",\"datePublished\":\"2020-11-18T09:50:24+00:00\",\"mainEntityOfPage\":{\"@id\":\"https:\/\/www.oficinaempleo.com\/blog\/repartidores-pedidos-alcala-henares\/\"},\"wordCount\":243,\"commentCount\":49,\"publisher\":{\"@id\":\"https:\/\/www.oficinaempleo.com\/blog\/#organization\"},\"image\":{\"@id\":\"https:\/\/www.oficinaempleo.com\/blog\/repartidores-pedidos-alcala-henares\/#primaryimage\"},\"thumbnailUrl\":\"https:\/\/www.oficinaempleo.com\/blog\/wp-content\/uploads\/2020\/11\/OE-DESTACADA-6.jpg\",\"articleSection\":[\"Noticias Empleo\"],\"inLanguage\":\"es\",\"potentialAction\":[{\"@type\":\"CommentAction\",\"name\":\"Comment\",\"target\":[\"https:\/\/www.oficinaempleo.com\/blog\/repartidores-pedidos-alcala-henares\/#respond\"]}]},{\"@type\":\"WebPage\",\"@id\":\"https:\/\/www.oficinaempleo.com\/blog\/repartidores-pedidos-alcala-henares\/\",\"url\":\"https:\/\/www.oficinaempleo.com\/blog\/repartidores-pedidos-alcala-henares\/\",\"name\":\"Se necesitan repartidores de pedidos en Alcal\u00e1 de Henares\",\"isPartOf\":{\"@id\":\"https:\/\/www.oficinaempleo.com\/blog\/#website\"},\"primaryImageOfPage\":{\"@id\":\"https:\/\/www.oficinaempleo.com\/blog\/repartidores-pedidos-alcala-henares\/#primaryimage\"},\"image\":{\"@id\":\"https:\/\/www.oficinaempleo.com\/blog\/repartidores-pedidos-alcala-henares\/#primaryimage\"},\"thumbnailUrl\":\"https:\/\/www.oficinaempleo.com\/blog\/wp-content\/uploads\/2020\/11\/OE-DESTACADA-6.jpg\",\"datePublished\":\"2020-11-18T09:50:24+00:00\",\"description\":\"El auge del comercio on-line hace que cada vez se busquen m\u00e1s perfiles de repartidor de pedidos. \u00bfQuieres un empleo para la campa\u00f1a de Navidad?Ent\u00e9rate aqu\u00ed\",\"breadcrumb\":{\"@id\":\"https:\/\/www.oficinaempleo.com\/blog\/repartidores-pedidos-alcala-henares\/#breadcrumb\"},\"inLanguage\":\"es\",\"potentialAction\":[{\"@type\":\"ReadAction\",\"target\":[\"https:\/\/www.oficinaempleo.com\/blog\/repartidores-pedidos-alcala-henares\/\"]}]},{\"@type\":\"ImageObject\",\"inLanguage\":\"es\",\"@id\":\"https:\/\/www.oficinaempleo.com\/blog\/repartidores-pedidos-alcala-henares\/#primaryimage\",\"url\":\"https:\/\/www.oficinaempleo.com\/blog\/wp-content\/uploads\/2020\/11\/OE-DESTACADA-6.jpg\",\"contentUrl\":\"https:\/\/www.oficinaempleo.com\/blog\/wp-content\/uploads\/2020\/11\/OE-DESTACADA-6.jpg\",\"width\":600,\"height\":310,\"caption\":\"Trabaja de repartidores de pedidos (istock)\"},{\"@type\":\"BreadcrumbList\",\"@id\":\"https:\/\/www.oficinaempleo.com\/blog\/repartidores-pedidos-alcala-henares\/#breadcrumb\",\"itemListElement\":[{\"@type\":\"ListItem\",\"position\":1,\"name\":\"Home\",\"item\":\"https:\/\/www.oficinaempleo.com\/blog\/\"},{\"@type\":\"ListItem\",\"position\":2,\"name\":\"Se necesitan repartidores de pedidos en Alcal\u00e1 de Henares\"}]},{\"@type\":\"WebSite\",\"@id\":\"https:\/\/www.oficinaempleo.com\/blog\/#website\",\"url\":\"https:\/\/www.oficinaempleo.com\/blog\/\",\"name\":\"Noticias y Consejos de Empleo | Blog OficinaEmpleo\",\"description\":\"\",\"publisher\":{\"@id\":\"https:\/\/www.oficinaempleo.com\/blog\/#organization\"},\"potentialAction\":[{\"@type\":\"SearchAction\",\"target\":{\"@type\":\"EntryPoint\",\"urlTemplate\":\"https:\/\/www.oficinaempleo.com\/blog\/?s={search_term_string}\"},\"query-input\":{\"@type\":\"PropertyValueSpecification\",\"valueRequired\":true,\"valueName\":\"search_term_string\"}}],\"inLanguage\":\"es\"},{\"@type\":\"Organization\",\"@id\":\"https:\/\/www.oficinaempleo.com\/blog\/#organization\",\"name\":\"OficinaEmpleo\",\"url\":\"https:\/\/www.oficinaempleo.com\/blog\/\",\"logo\":{\"@type\":\"ImageObject\",\"inLanguage\":\"es\",\"@id\":\"https:\/\/www.oficinaempleo.com\/blog\/#\/schema\/logo\/image\/\",\"url\":\"https:\/\/www.oficinaempleo.com\/blog\/wp-content\/uploads\/2018\/10\/logo_footer-1.jpg\",\"contentUrl\":\"https:\/\/www.oficinaempleo.com\/blog\/wp-content\/uploads\/2018\/10\/logo_footer-1.jpg\",\"width\":478,\"height\":57,\"caption\":\"OficinaEmpleo\"},\"image\":{\"@id\":\"https:\/\/www.oficinaempleo.com\/blog\/#\/schema\/logo\/image\/\"},\"sameAs\":[\"https:\/\/x.com\/OficinaEmpleo\"]},{\"@type\":\"Person\",\"@id\":\"https:\/\/www.oficinaempleo.com\/blog\/#\/schema\/person\/877abaade71ef54cedd565dced7b7be9\",\"name\":\"Ines Arufe\",\"image\":{\"@type\":\"ImageObject\",\"inLanguage\":\"es\",\"@id\":\"https:\/\/www.oficinaempleo.com\/blog\/#\/schema\/person\/image\/\",\"url\":\"https:\/\/secure.gravatar.com\/avatar\/93f795806e82527f340a0c39de32c3b676673ab05fc19b35cc0019110fa6fa08?s=96&d=mm&r=g\",\"contentUrl\":\"https:\/\/secure.gravatar.com\/avatar\/93f795806e82527f340a0c39de32c3b676673ab05fc19b35cc0019110fa6fa08?s=96&d=mm&r=g\",\"caption\":\"Ines Arufe\"},\"url\":\"https:\/\/www.oficinaempleo.com\/blog\/author\/ines-arufe\/\"}]}<\/script>\n<!-- \/ Yoast SEO plugin. -->","yoast_head_json":{"title":"Se necesitan repartidores de pedidos en Alcal\u00e1 de Henares","description":"El auge del comercio on-line hace que cada vez se busquen m\u00e1s perfiles de repartidor de pedidos. \u00bfQuieres un empleo para la campa\u00f1a de Navidad?Ent\u00e9rate aqu\u00ed","robots":{"index":"index","follow":"follow","max-snippet":"max-snippet:-1","max-image-preview":"max-image-preview:large","max-video-preview":"max-video-preview:-1"},"canonical":"https:\/\/www.oficinaempleo.com\/blog\/repartidores-pedidos-alcala-henares\/","og_locale":"es_ES","og_type":"article","og_title":"Se necesitan repartidores de pedidos en Alcal\u00e1 de Henares","og_description":"El auge del comercio on-line hace que cada vez se busquen m\u00e1s perfiles de repartidor de pedidos. \u00bfQuieres un empleo para la campa\u00f1a de Navidad?Ent\u00e9rate aqu\u00ed","og_url":"https:\/\/www.oficinaempleo.com\/blog\/repartidores-pedidos-alcala-henares\/","og_site_name":"Noticias y consejos de empleo | Blog OficinaEmpleo","article_published_time":"2020-11-18T09:50:24+00:00","og_image":[{"width":600,"height":310,"url":"https:\/\/www.oficinaempleo.com\/blog\/wp-content\/uploads\/2020\/11\/OE-DESTACADA-6.jpg","type":"image\/jpeg"}],"author":"Ines Arufe","twitter_card":"summary_large_image","twitter_creator":"@OficinaEmpleo","twitter_site":"@OficinaEmpleo","twitter_misc":{"Written by":"Ines Arufe","Est. reading time":"1 minuto"},"schema":{"@context":"https:\/\/schema.org","@graph":[{"@type":"Article","@id":"https:\/\/www.oficinaempleo.com\/blog\/repartidores-pedidos-alcala-henares\/#article","isPartOf":{"@id":"https:\/\/www.oficinaempleo.com\/blog\/repartidores-pedidos-alcala-henares\/"},"author":{"name":"Ines Arufe","@id":"https:\/\/www.oficinaempleo.com\/blog\/#\/schema\/person\/877abaade71ef54cedd565dced7b7be9"},"headline":"Se necesitan repartidores de pedidos en Alcal\u00e1 de Henares","datePublished":"2020-11-18T09:50:24+00:00","mainEntityOfPage":{"@id":"https:\/\/www.oficinaempleo.com\/blog\/repartidores-pedidos-alcala-henares\/"},"wordCount":243,"commentCount":49,"publisher":{"@id":"https:\/\/www.oficinaempleo.com\/blog\/#organization"},"image":{"@id":"https:\/\/www.oficinaempleo.com\/blog\/repartidores-pedidos-alcala-henares\/#primaryimage"},"thumbnailUrl":"https:\/\/www.oficinaempleo.com\/blog\/wp-content\/uploads\/2020\/11\/OE-DESTACADA-6.jpg","articleSection":["Noticias Empleo"],"inLanguage":"es","potentialAction":[{"@type":"CommentAction","name":"Comment","target":["https:\/\/www.oficinaempleo.com\/blog\/repartidores-pedidos-alcala-henares\/#respond"]}]},{"@type":"WebPage","@id":"https:\/\/www.oficinaempleo.com\/blog\/repartidores-pedidos-alcala-henares\/","url":"https:\/\/www.oficinaempleo.com\/blog\/repartidores-pedidos-alcala-henares\/","name":"Se necesitan repartidores de pedidos en Alcal\u00e1 de Henares","isPartOf":{"@id":"https:\/\/www.oficinaempleo.com\/blog\/#website"},"primaryImageOfPage":{"@id":"https:\/\/www.oficinaempleo.com\/blog\/repartidores-pedidos-alcala-henares\/#primaryimage"},"image":{"@id":"https:\/\/www.oficinaempleo.com\/blog\/repartidores-pedidos-alcala-henares\/#primaryimage"},"thumbnailUrl":"https:\/\/www.oficinaempleo.com\/blog\/wp-content\/uploads\/2020\/11\/OE-DESTACADA-6.jpg","datePublished":"2020-11-18T09:50:24+00:00","description":"El auge del comercio on-line hace que cada vez se busquen m\u00e1s perfiles de repartidor de pedidos. \u00bfQuieres un empleo para la campa\u00f1a de Navidad?Ent\u00e9rate aqu\u00ed","breadcrumb":{"@id":"https:\/\/www.oficinaempleo.com\/blog\/repartidores-pedidos-alcala-henares\/#breadcrumb"},"inLanguage":"es","potentialAction":[{"@type":"ReadAction","target":["https:\/\/www.oficinaempleo.com\/blog\/repartidores-pedidos-alcala-henares\/"]}]},{"@type":"ImageObject","inLanguage":"es","@id":"https:\/\/www.oficinaempleo.com\/blog\/repartidores-pedidos-alcala-henares\/#primaryimage","url":"https:\/\/www.oficinaempleo.com\/blog\/wp-content\/uploads\/2020\/11\/OE-DESTACADA-6.jpg","contentUrl":"https:\/\/www.oficinaempleo.com\/blog\/wp-content\/uploads\/2020\/11\/OE-DESTACADA-6.jpg","width":600,"height":310,"caption":"Trabaja de repartidores de pedidos (istock)"},{"@type":"BreadcrumbList","@id":"https:\/\/www.oficinaempleo.com\/blog\/repartidores-pedidos-alcala-henares\/#breadcrumb","itemListElement":[{"@type":"ListItem","position":1,"name":"Home","item":"https:\/\/www.oficinaempleo.com\/blog\/"},{"@type":"ListItem","position":2,"name":"Se necesitan repartidores de pedidos en Alcal\u00e1 de Henares"}]},{"@type":"WebSite","@id":"https:\/\/www.oficinaempleo.com\/blog\/#website","url":"https:\/\/www.oficinaempleo.com\/blog\/","name":"Noticias y Consejos de Empleo | Blog OficinaEmpleo","description":"","publisher":{"@id":"https:\/\/www.oficinaempleo.com\/blog\/#organization"},"potentialAction":[{"@type":"SearchAction","target":{"@type":"EntryPoint","urlTemplate":"https:\/\/www.oficinaempleo.com\/blog\/?s={search_term_string}"},"query-input":{"@type":"PropertyValueSpecification","valueRequired":true,"valueName":"search_term_string"}}],"inLanguage":"es"},{"@type":"Organization","@id":"https:\/\/www.oficinaempleo.com\/blog\/#organization","name":"OficinaEmpleo","url":"https:\/\/www.oficinaempleo.com\/blog\/","logo":{"@type":"ImageObject","inLanguage":"es","@id":"https:\/\/www.oficinaempleo.com\/blog\/#\/schema\/logo\/image\/","url":"https:\/\/www.oficinaempleo.com\/blog\/wp-content\/uploads\/2018\/10\/logo_footer-1.jpg","contentUrl":"https:\/\/www.oficinaempleo.com\/blog\/wp-content\/uploads\/2018\/10\/logo_footer-1.jpg","width":478,"height":57,"caption":"OficinaEmpleo"},"image":{"@id":"https:\/\/www.oficinaempleo.com\/blog\/#\/schema\/logo\/image\/"},"sameAs":["https:\/\/x.com\/OficinaEmpleo"]},{"@type":"Person","@id":"https:\/\/www.oficinaempleo.com\/blog\/#\/schema\/person\/877abaade71ef54cedd565dced7b7be9","name":"Ines Arufe","image":{"@type":"ImageObject","inLanguage":"es","@id":"https:\/\/www.oficinaempleo.com\/blog\/#\/schema\/person\/image\/","url":"https:\/\/secure.gravatar.com\/avatar\/93f795806e82527f340a0c39de32c3b676673ab05fc19b35cc0019110fa6fa08?s=96&d=mm&r=g","contentUrl":"https:\/\/secure.gravatar.com\/avatar\/93f795806e82527f340a0c39de32c3b676673ab05fc19b35cc0019110fa6fa08?s=96&d=mm&r=g","caption":"Ines Arufe"},"url":"https:\/\/www.oficinaempleo.com\/blog\/author\/ines-arufe\/"}]}},"_links":{"self":[{"href":"https:\/\/www.oficinaempleo.com\/blog\/wp-json\/wp\/v2\/posts\/28851","targetHints":{"allow":["GET"]}}],"collection":[{"href":"https:\/\/www.oficinaempleo.com\/blog\/wp-json\/wp\/v2\/posts"}],"about":[{"href":"https:\/\/www.oficinaempleo.com\/blog\/wp-json\/wp\/v2\/types\/post"}],"author":[{"embeddable":true,"href":"https:\/\/www.oficinaempleo.com\/blog\/wp-json\/wp\/v2\/users\/53"}],"replies":[{"embeddable":true,"href":"https:\/\/www.oficinaempleo.com\/blog\/wp-json\/wp\/v2\/comments?post=28851"}],"version-history":[{"count":1,"href":"https:\/\/www.oficinaempleo.com\/blog\/wp-json\/wp\/v2\/posts\/28851\/revisions"}],"predecessor-version":[{"id":28854,"href":"https:\/\/www.oficinaempleo.com\/blog\/wp-json\/wp\/v2\/posts\/28851\/revisions\/28854"}],"wp:featuredmedia":[{"embeddable":true,"href":"https:\/\/www.oficinaempleo.com\/blog\/wp-json\/wp\/v2\/media\/28853"}],"wp:attachment":[{"href":"https:\/\/www.oficinaempleo.com\/blog\/wp-json\/wp\/v2\/media?parent=28851"}],"wp:term":[{"taxonomy":"category","embeddable":true,"href":"https:\/\/www.oficinaempleo.com\/blog\/wp-json\/wp\/v2\/categories?post=28851"},{"taxonomy":"post_tag","embeddable":true,"href":"https:\/\/www.oficinaempleo.com\/blog\/wp-json\/wp\/v2\/tags?post=28851"}],"curies":[{"name":"wp","href":"https:\/\/api.w.org\/{rel}","templated":true}]}}