{"id":29120,"date":"2025-05-16T13:00:29","date_gmt":"2025-05-16T12:00:29","guid":{"rendered":"https:\/\/www.oficinaempleo.com\/blog\/?p=29120"},"modified":"2025-05-16T13:45:54","modified_gmt":"2025-05-16T12:45:54","slug":"como-trabajar-en-supermercados-mas","status":"publish","type":"post","link":"https:\/\/www.oficinaempleo.com\/blog\/como-trabajar-en-supermercados-mas\/","title":{"rendered":"C\u00f3mo trabajar en Supermercados MAS"},"content":{"rendered":"<div id=\"attachment_29121\" style=\"width: 610px\" class=\"wp-caption alignnone\"><a href=\"https:\/\/www.oficinaempleo.com\/blog\/wp-content\/uploads\/2021\/01\/Captura.jpg\"><img loading=\"lazy\" decoding=\"async\" aria-describedby=\"caption-attachment-29121\" class=\"wp-image-29121\" src=\"https:\/\/www.oficinaempleo.com\/blog\/wp-content\/uploads\/2021\/01\/Captura-1024x519.jpg\" alt=\"C\u00f3mo trabajar en supermercados MAS (iStock)\" width=\"600\" height=\"304\" srcset=\"https:\/\/www.oficinaempleo.com\/blog\/wp-content\/uploads\/2021\/01\/Captura-1024x519.jpg 1024w, https:\/\/www.oficinaempleo.com\/blog\/wp-content\/uploads\/2021\/01\/Captura-300x152.jpg 300w, https:\/\/www.oficinaempleo.com\/blog\/wp-content\/uploads\/2021\/01\/Captura-768x389.jpg 768w, https:\/\/www.oficinaempleo.com\/blog\/wp-content\/uploads\/2021\/01\/Captura-640x325.jpg 640w, https:\/\/www.oficinaempleo.com\/blog\/wp-content\/uploads\/2021\/01\/Captura.jpg 1136w\" sizes=\"auto, (max-width: 600px) 100vw, 600px\" \/><\/a><p id=\"caption-attachment-29121\" class=\"wp-caption-text\">C\u00f3mo trabajar en Supermercados MAS (iStock)<\/p><\/div>\n<p>En el a\u00f1o 1973, el primer <strong>Supermercado<em> MAS<\/em><\/strong> abri\u00f3 sus puertas en la Avenida Reina Mercedes de Sevilla. Al principio era como una peque\u00f1a tienda de ultramarinos, pero durante estos a\u00f1os ha ido creciendo convirti\u00e9ndose en un <strong>referente en alimentaci\u00f3n y hosteler\u00eda<\/strong>. Esta empresa familiar cuenta con 45 a\u00f1os de historia sobre sus espaldas y tiene 170 establecimientos, los cu\u00e1les se encuentran entre Andaluc\u00eda y Extremadura.<\/p>\n<p>Si eres del sur de Espa\u00f1a, seguro que has visto algunos de sus establecimientos. Pero, \u00bfest\u00e1s al tanto de sus ofertas de trabajo?\u00a0<strong><a href=\"https:\/\/empleo.somosgrupomas.com\/ofertas-de-trabajo\/\" target=\"_blank\" rel=\"noopener\">En el portal de empleo del Grupo MAS<\/a><\/strong> podemos encontrar trabajos para diferentes perfiles profesionales:<\/p>\n<ul>\n<li>Jefe\/ de secci\u00f3n de carnicer\u00eda<\/li>\n<li>Jefe\/a de secci\u00f3n de charcuter\u00eda<\/li>\n<li>T\u00e9cnico de comunicaci\u00f3n y medios<\/li>\n<li>Ayudante de pescader\u00eda<\/li>\n<li>Cocinero de cafeter\u00eda<\/li>\n<li>Conductor de trailer<\/li>\n<\/ul>\n<h2>C\u00f3mo acceder a las ofertas <strong>de<\/strong> Supermercados MAS<\/h2>\n<p>Una de las primeras cosas que tienes que hacer es <strong>entrar en el portal de empleo<\/strong> de supermercados MAS (haz clic <strong><a href=\"https:\/\/empleo.somosgrupomas.com\/ofertas-de-trabajo\/\" target=\"_blank\" rel=\"noopener\">AQU\u00cd<\/a><\/strong>). Cuando entres, podr\u00e1s ver las ofertas que hay disponibles y leer las condiciones para enviar tu curr\u00edculum.<\/p>\n<p>Para registrarte en cualquiera de las convocatorias de empleo de supermercados MAS <strong>es necesario estar inscrito en en la web del grupo MAS o tener una cuenta Linkedin<\/strong>. \u00bfC\u00f3mo registrarse en portal de empleo? Cuando entres en una de las ofertas de grupo, en la parte de abajo del todo, hay un cuestionario que sirve para registrarse. Solo tendr\u00e1s que rellenar los campos obligatorios, meter tu curr\u00edculum y ya estar\u00e1s registrado.<\/p>\n<h2>Requisitos de las ofertas de trabajo<\/h2>\n<p>Cada puesto de trabajo tendr\u00e1 unas condiciones espec\u00edficas. Pero en general, entre los requisitos b\u00e1sicos exigidos para sus ofertas de empleo, destaca la condici\u00f3n de tener <strong>2 a\u00f1os m\u00ednimos de experiencia previos<\/strong>. Tambi\u00e9n buscan a personas \u00abcreativas, comprometidas y con talento innovador\u00bb.<\/p>\n<p>Un punto a favor que ofrecen estos supermercados es que da bastantes <strong>oportunidades de formaci\u00f3n para crecer en la empresa<\/strong> profesionalmente.<\/p>\n","protected":false},"excerpt":{"rendered":"<p>En el a\u00f1o 1973, el primer Supermercado MAS abri\u00f3 sus puertas en la Avenida Reina Mercedes de Sevilla. Al principio era como una peque\u00f1a tienda de ultramarinos, pero durante estos a\u00f1os ha ido creciendo convirti\u00e9ndose en un referente en alimentaci\u00f3n y hosteler\u00eda. Esta empresa familiar cuenta con 45 a\u00f1os de historia sobre sus espaldas y [&hellip;]<\/p>\n","protected":false},"author":26,"featured_media":29121,"comment_status":"open","ping_status":"open","sticky":false,"template":"","format":"standard","meta":{"footnotes":""},"categories":[3,1113],"tags":[],"class_list":["post-29120","post","type-post","status-publish","format-standard","has-post-thumbnail","hentry","category-noticias-empleo","category-supermercados","cat-3-id","cat-1113-id","has_thumb"],"yoast_head":"<!-- This site is optimized with the Yoast SEO plugin v27.1.1 - https:\/\/yoast.com\/product\/yoast-seo-wordpress\/ -->\n<title>C\u00f3mo trabajar en Supermercados MAS - Blog OficinaEmpleo<\/title>\n<meta name=\"description\" content=\"\u00bfQuieres trabajar en un supermercado? En Andaluc\u00eda y Extremadura la cadena de supermercados MAS seguro que tiene algo para ti.\" \/>\n<meta name=\"robots\" content=\"index, follow, max-snippet:-1, max-image-preview:large, max-video-preview:-1\" \/>\n<link rel=\"canonical\" href=\"https:\/\/www.oficinaempleo.com\/blog\/como-trabajar-en-supermercados-mas\/\" \/>\n<meta property=\"og:locale\" content=\"es_ES\" \/>\n<meta property=\"og:type\" content=\"article\" \/>\n<meta property=\"og:title\" content=\"C\u00f3mo trabajar en Supermercados MAS - Blog OficinaEmpleo\" \/>\n<meta property=\"og:description\" content=\"\u00bfQuieres trabajar en un supermercado? En Andaluc\u00eda y Extremadura la cadena de supermercados MAS seguro que tiene algo para ti.\" \/>\n<meta property=\"og:url\" content=\"https:\/\/www.oficinaempleo.com\/blog\/como-trabajar-en-supermercados-mas\/\" \/>\n<meta property=\"og:site_name\" content=\"Noticias y consejos de empleo | Blog OficinaEmpleo\" \/>\n<meta property=\"article:published_time\" content=\"2025-05-16T12:00:29+00:00\" \/>\n<meta property=\"article:modified_time\" content=\"2025-05-16T12:45:54+00:00\" \/>\n<meta property=\"og:image\" content=\"https:\/\/www.oficinaempleo.com\/blog\/wp-content\/uploads\/2021\/01\/Captura.jpg\" \/>\n\t<meta property=\"og:image:width\" content=\"1136\" \/>\n\t<meta property=\"og:image:height\" content=\"576\" \/>\n\t<meta property=\"og:image:type\" content=\"image\/jpeg\" \/>\n<meta name=\"author\" content=\"Oficina Empleo\" \/>\n<meta name=\"twitter:card\" content=\"summary_large_image\" \/>\n<meta name=\"twitter:creator\" content=\"@OficinaEmpleo\" \/>\n<meta name=\"twitter:site\" content=\"@OficinaEmpleo\" \/>\n<meta name=\"twitter:label1\" content=\"Written by\" \/>\n\t<meta name=\"twitter:data1\" content=\"Oficina Empleo\" \/>\n\t<meta name=\"twitter:label2\" content=\"Est. reading time\" \/>\n\t<meta name=\"twitter:data2\" content=\"2 minutos\" \/>\n<script type=\"application\/ld+json\" class=\"yoast-schema-graph\">{\"@context\":\"https:\/\/schema.org\",\"@graph\":[{\"@type\":\"Article\",\"@id\":\"https:\/\/www.oficinaempleo.com\/blog\/como-trabajar-en-supermercados-mas\/#article\",\"isPartOf\":{\"@id\":\"https:\/\/www.oficinaempleo.com\/blog\/como-trabajar-en-supermercados-mas\/\"},\"author\":{\"name\":\"Oficina Empleo\",\"@id\":\"https:\/\/www.oficinaempleo.com\/blog\/#\/schema\/person\/16c50a6d8c44d02b1fd44211d2b43dfb\"},\"headline\":\"C\u00f3mo trabajar en Supermercados MAS\",\"datePublished\":\"2025-05-16T12:00:29+00:00\",\"dateModified\":\"2025-05-16T12:45:54+00:00\",\"mainEntityOfPage\":{\"@id\":\"https:\/\/www.oficinaempleo.com\/blog\/como-trabajar-en-supermercados-mas\/\"},\"wordCount\":365,\"commentCount\":133,\"publisher\":{\"@id\":\"https:\/\/www.oficinaempleo.com\/blog\/#organization\"},\"image\":{\"@id\":\"https:\/\/www.oficinaempleo.com\/blog\/como-trabajar-en-supermercados-mas\/#primaryimage\"},\"thumbnailUrl\":\"https:\/\/www.oficinaempleo.com\/blog\/wp-content\/uploads\/2021\/01\/Captura.jpg\",\"articleSection\":[\"Noticias Empleo\",\"supermercados\"],\"inLanguage\":\"es\",\"potentialAction\":[{\"@type\":\"CommentAction\",\"name\":\"Comment\",\"target\":[\"https:\/\/www.oficinaempleo.com\/blog\/como-trabajar-en-supermercados-mas\/#respond\"]}]},{\"@type\":\"WebPage\",\"@id\":\"https:\/\/www.oficinaempleo.com\/blog\/como-trabajar-en-supermercados-mas\/\",\"url\":\"https:\/\/www.oficinaempleo.com\/blog\/como-trabajar-en-supermercados-mas\/\",\"name\":\"C\u00f3mo trabajar en Supermercados MAS - Blog OficinaEmpleo\",\"isPartOf\":{\"@id\":\"https:\/\/www.oficinaempleo.com\/blog\/#website\"},\"primaryImageOfPage\":{\"@id\":\"https:\/\/www.oficinaempleo.com\/blog\/como-trabajar-en-supermercados-mas\/#primaryimage\"},\"image\":{\"@id\":\"https:\/\/www.oficinaempleo.com\/blog\/como-trabajar-en-supermercados-mas\/#primaryimage\"},\"thumbnailUrl\":\"https:\/\/www.oficinaempleo.com\/blog\/wp-content\/uploads\/2021\/01\/Captura.jpg\",\"datePublished\":\"2025-05-16T12:00:29+00:00\",\"dateModified\":\"2025-05-16T12:45:54+00:00\",\"description\":\"\u00bfQuieres trabajar en un supermercado? En Andaluc\u00eda y Extremadura la cadena de supermercados MAS seguro que tiene algo para ti.\",\"breadcrumb\":{\"@id\":\"https:\/\/www.oficinaempleo.com\/blog\/como-trabajar-en-supermercados-mas\/#breadcrumb\"},\"inLanguage\":\"es\",\"potentialAction\":[{\"@type\":\"ReadAction\",\"target\":[\"https:\/\/www.oficinaempleo.com\/blog\/como-trabajar-en-supermercados-mas\/\"]}]},{\"@type\":\"ImageObject\",\"inLanguage\":\"es\",\"@id\":\"https:\/\/www.oficinaempleo.com\/blog\/como-trabajar-en-supermercados-mas\/#primaryimage\",\"url\":\"https:\/\/www.oficinaempleo.com\/blog\/wp-content\/uploads\/2021\/01\/Captura.jpg\",\"contentUrl\":\"https:\/\/www.oficinaempleo.com\/blog\/wp-content\/uploads\/2021\/01\/Captura.jpg\",\"width\":1136,\"height\":576,\"caption\":\"Mujer trabajando en un supermercado (iStock)\"},{\"@type\":\"BreadcrumbList\",\"@id\":\"https:\/\/www.oficinaempleo.com\/blog\/como-trabajar-en-supermercados-mas\/#breadcrumb\",\"itemListElement\":[{\"@type\":\"ListItem\",\"position\":1,\"name\":\"Home\",\"item\":\"https:\/\/www.oficinaempleo.com\/blog\/\"},{\"@type\":\"ListItem\",\"position\":2,\"name\":\"C\u00f3mo trabajar en Supermercados MAS\"}]},{\"@type\":\"WebSite\",\"@id\":\"https:\/\/www.oficinaempleo.com\/blog\/#website\",\"url\":\"https:\/\/www.oficinaempleo.com\/blog\/\",\"name\":\"Noticias y Consejos de Empleo | Blog OficinaEmpleo\",\"description\":\"\",\"publisher\":{\"@id\":\"https:\/\/www.oficinaempleo.com\/blog\/#organization\"},\"potentialAction\":[{\"@type\":\"SearchAction\",\"target\":{\"@type\":\"EntryPoint\",\"urlTemplate\":\"https:\/\/www.oficinaempleo.com\/blog\/?s={search_term_string}\"},\"query-input\":{\"@type\":\"PropertyValueSpecification\",\"valueRequired\":true,\"valueName\":\"search_term_string\"}}],\"inLanguage\":\"es\"},{\"@type\":\"Organization\",\"@id\":\"https:\/\/www.oficinaempleo.com\/blog\/#organization\",\"name\":\"OficinaEmpleo\",\"url\":\"https:\/\/www.oficinaempleo.com\/blog\/\",\"logo\":{\"@type\":\"ImageObject\",\"inLanguage\":\"es\",\"@id\":\"https:\/\/www.oficinaempleo.com\/blog\/#\/schema\/logo\/image\/\",\"url\":\"https:\/\/www.oficinaempleo.com\/blog\/wp-content\/uploads\/2018\/10\/logo_footer-1.jpg\",\"contentUrl\":\"https:\/\/www.oficinaempleo.com\/blog\/wp-content\/uploads\/2018\/10\/logo_footer-1.jpg\",\"width\":478,\"height\":57,\"caption\":\"OficinaEmpleo\"},\"image\":{\"@id\":\"https:\/\/www.oficinaempleo.com\/blog\/#\/schema\/logo\/image\/\"},\"sameAs\":[\"https:\/\/x.com\/OficinaEmpleo\"]},{\"@type\":\"Person\",\"@id\":\"https:\/\/www.oficinaempleo.com\/blog\/#\/schema\/person\/16c50a6d8c44d02b1fd44211d2b43dfb\",\"name\":\"Oficina Empleo\",\"image\":{\"@type\":\"ImageObject\",\"inLanguage\":\"es\",\"@id\":\"https:\/\/www.oficinaempleo.com\/blog\/#\/schema\/person\/image\/\",\"url\":\"https:\/\/secure.gravatar.com\/avatar\/e33a1a9f888f42fceb505f6adf9539780cb28cbdfb337546d4bf4b5219070990?s=96&d=mm&r=g\",\"contentUrl\":\"https:\/\/secure.gravatar.com\/avatar\/e33a1a9f888f42fceb505f6adf9539780cb28cbdfb337546d4bf4b5219070990?s=96&d=mm&r=g\",\"caption\":\"Oficina Empleo\"},\"url\":\"https:\/\/www.oficinaempleo.com\/blog\/author\/contenidos\/\"}]}<\/script>\n<!-- \/ Yoast SEO plugin. -->","yoast_head_json":{"title":"C\u00f3mo trabajar en Supermercados MAS - Blog OficinaEmpleo","description":"\u00bfQuieres trabajar en un supermercado? En Andaluc\u00eda y Extremadura la cadena de supermercados MAS seguro que tiene algo para ti.","robots":{"index":"index","follow":"follow","max-snippet":"max-snippet:-1","max-image-preview":"max-image-preview:large","max-video-preview":"max-video-preview:-1"},"canonical":"https:\/\/www.oficinaempleo.com\/blog\/como-trabajar-en-supermercados-mas\/","og_locale":"es_ES","og_type":"article","og_title":"C\u00f3mo trabajar en Supermercados MAS - Blog OficinaEmpleo","og_description":"\u00bfQuieres trabajar en un supermercado? En Andaluc\u00eda y Extremadura la cadena de supermercados MAS seguro que tiene algo para ti.","og_url":"https:\/\/www.oficinaempleo.com\/blog\/como-trabajar-en-supermercados-mas\/","og_site_name":"Noticias y consejos de empleo | Blog OficinaEmpleo","article_published_time":"2025-05-16T12:00:29+00:00","article_modified_time":"2025-05-16T12:45:54+00:00","og_image":[{"width":1136,"height":576,"url":"https:\/\/www.oficinaempleo.com\/blog\/wp-content\/uploads\/2021\/01\/Captura.jpg","type":"image\/jpeg"}],"author":"Oficina Empleo","twitter_card":"summary_large_image","twitter_creator":"@OficinaEmpleo","twitter_site":"@OficinaEmpleo","twitter_misc":{"Written by":"Oficina Empleo","Est. reading time":"2 minutos"},"schema":{"@context":"https:\/\/schema.org","@graph":[{"@type":"Article","@id":"https:\/\/www.oficinaempleo.com\/blog\/como-trabajar-en-supermercados-mas\/#article","isPartOf":{"@id":"https:\/\/www.oficinaempleo.com\/blog\/como-trabajar-en-supermercados-mas\/"},"author":{"name":"Oficina Empleo","@id":"https:\/\/www.oficinaempleo.com\/blog\/#\/schema\/person\/16c50a6d8c44d02b1fd44211d2b43dfb"},"headline":"C\u00f3mo trabajar en Supermercados MAS","datePublished":"2025-05-16T12:00:29+00:00","dateModified":"2025-05-16T12:45:54+00:00","mainEntityOfPage":{"@id":"https:\/\/www.oficinaempleo.com\/blog\/como-trabajar-en-supermercados-mas\/"},"wordCount":365,"commentCount":133,"publisher":{"@id":"https:\/\/www.oficinaempleo.com\/blog\/#organization"},"image":{"@id":"https:\/\/www.oficinaempleo.com\/blog\/como-trabajar-en-supermercados-mas\/#primaryimage"},"thumbnailUrl":"https:\/\/www.oficinaempleo.com\/blog\/wp-content\/uploads\/2021\/01\/Captura.jpg","articleSection":["Noticias Empleo","supermercados"],"inLanguage":"es","potentialAction":[{"@type":"CommentAction","name":"Comment","target":["https:\/\/www.oficinaempleo.com\/blog\/como-trabajar-en-supermercados-mas\/#respond"]}]},{"@type":"WebPage","@id":"https:\/\/www.oficinaempleo.com\/blog\/como-trabajar-en-supermercados-mas\/","url":"https:\/\/www.oficinaempleo.com\/blog\/como-trabajar-en-supermercados-mas\/","name":"C\u00f3mo trabajar en Supermercados MAS - Blog OficinaEmpleo","isPartOf":{"@id":"https:\/\/www.oficinaempleo.com\/blog\/#website"},"primaryImageOfPage":{"@id":"https:\/\/www.oficinaempleo.com\/blog\/como-trabajar-en-supermercados-mas\/#primaryimage"},"image":{"@id":"https:\/\/www.oficinaempleo.com\/blog\/como-trabajar-en-supermercados-mas\/#primaryimage"},"thumbnailUrl":"https:\/\/www.oficinaempleo.com\/blog\/wp-content\/uploads\/2021\/01\/Captura.jpg","datePublished":"2025-05-16T12:00:29+00:00","dateModified":"2025-05-16T12:45:54+00:00","description":"\u00bfQuieres trabajar en un supermercado? En Andaluc\u00eda y Extremadura la cadena de supermercados MAS seguro que tiene algo para ti.","breadcrumb":{"@id":"https:\/\/www.oficinaempleo.com\/blog\/como-trabajar-en-supermercados-mas\/#breadcrumb"},"inLanguage":"es","potentialAction":[{"@type":"ReadAction","target":["https:\/\/www.oficinaempleo.com\/blog\/como-trabajar-en-supermercados-mas\/"]}]},{"@type":"ImageObject","inLanguage":"es","@id":"https:\/\/www.oficinaempleo.com\/blog\/como-trabajar-en-supermercados-mas\/#primaryimage","url":"https:\/\/www.oficinaempleo.com\/blog\/wp-content\/uploads\/2021\/01\/Captura.jpg","contentUrl":"https:\/\/www.oficinaempleo.com\/blog\/wp-content\/uploads\/2021\/01\/Captura.jpg","width":1136,"height":576,"caption":"Mujer trabajando en un supermercado (iStock)"},{"@type":"BreadcrumbList","@id":"https:\/\/www.oficinaempleo.com\/blog\/como-trabajar-en-supermercados-mas\/#breadcrumb","itemListElement":[{"@type":"ListItem","position":1,"name":"Home","item":"https:\/\/www.oficinaempleo.com\/blog\/"},{"@type":"ListItem","position":2,"name":"C\u00f3mo trabajar en Supermercados MAS"}]},{"@type":"WebSite","@id":"https:\/\/www.oficinaempleo.com\/blog\/#website","url":"https:\/\/www.oficinaempleo.com\/blog\/","name":"Noticias y Consejos de Empleo | Blog OficinaEmpleo","description":"","publisher":{"@id":"https:\/\/www.oficinaempleo.com\/blog\/#organization"},"potentialAction":[{"@type":"SearchAction","target":{"@type":"EntryPoint","urlTemplate":"https:\/\/www.oficinaempleo.com\/blog\/?s={search_term_string}"},"query-input":{"@type":"PropertyValueSpecification","valueRequired":true,"valueName":"search_term_string"}}],"inLanguage":"es"},{"@type":"Organization","@id":"https:\/\/www.oficinaempleo.com\/blog\/#organization","name":"OficinaEmpleo","url":"https:\/\/www.oficinaempleo.com\/blog\/","logo":{"@type":"ImageObject","inLanguage":"es","@id":"https:\/\/www.oficinaempleo.com\/blog\/#\/schema\/logo\/image\/","url":"https:\/\/www.oficinaempleo.com\/blog\/wp-content\/uploads\/2018\/10\/logo_footer-1.jpg","contentUrl":"https:\/\/www.oficinaempleo.com\/blog\/wp-content\/uploads\/2018\/10\/logo_footer-1.jpg","width":478,"height":57,"caption":"OficinaEmpleo"},"image":{"@id":"https:\/\/www.oficinaempleo.com\/blog\/#\/schema\/logo\/image\/"},"sameAs":["https:\/\/x.com\/OficinaEmpleo"]},{"@type":"Person","@id":"https:\/\/www.oficinaempleo.com\/blog\/#\/schema\/person\/16c50a6d8c44d02b1fd44211d2b43dfb","name":"Oficina Empleo","image":{"@type":"ImageObject","inLanguage":"es","@id":"https:\/\/www.oficinaempleo.com\/blog\/#\/schema\/person\/image\/","url":"https:\/\/secure.gravatar.com\/avatar\/e33a1a9f888f42fceb505f6adf9539780cb28cbdfb337546d4bf4b5219070990?s=96&d=mm&r=g","contentUrl":"https:\/\/secure.gravatar.com\/avatar\/e33a1a9f888f42fceb505f6adf9539780cb28cbdfb337546d4bf4b5219070990?s=96&d=mm&r=g","caption":"Oficina Empleo"},"url":"https:\/\/www.oficinaempleo.com\/blog\/author\/contenidos\/"}]}},"_links":{"self":[{"href":"https:\/\/www.oficinaempleo.com\/blog\/wp-json\/wp\/v2\/posts\/29120","targetHints":{"allow":["GET"]}}],"collection":[{"href":"https:\/\/www.oficinaempleo.com\/blog\/wp-json\/wp\/v2\/posts"}],"about":[{"href":"https:\/\/www.oficinaempleo.com\/blog\/wp-json\/wp\/v2\/types\/post"}],"author":[{"embeddable":true,"href":"https:\/\/www.oficinaempleo.com\/blog\/wp-json\/wp\/v2\/users\/26"}],"replies":[{"embeddable":true,"href":"https:\/\/www.oficinaempleo.com\/blog\/wp-json\/wp\/v2\/comments?post=29120"}],"version-history":[{"count":5,"href":"https:\/\/www.oficinaempleo.com\/blog\/wp-json\/wp\/v2\/posts\/29120\/revisions"}],"predecessor-version":[{"id":36564,"href":"https:\/\/www.oficinaempleo.com\/blog\/wp-json\/wp\/v2\/posts\/29120\/revisions\/36564"}],"wp:featuredmedia":[{"embeddable":true,"href":"https:\/\/www.oficinaempleo.com\/blog\/wp-json\/wp\/v2\/media\/29121"}],"wp:attachment":[{"href":"https:\/\/www.oficinaempleo.com\/blog\/wp-json\/wp\/v2\/media?parent=29120"}],"wp:term":[{"taxonomy":"category","embeddable":true,"href":"https:\/\/www.oficinaempleo.com\/blog\/wp-json\/wp\/v2\/categories?post=29120"},{"taxonomy":"post_tag","embeddable":true,"href":"https:\/\/www.oficinaempleo.com\/blog\/wp-json\/wp\/v2\/tags?post=29120"}],"curies":[{"name":"wp","href":"https:\/\/api.w.org\/{rel}","templated":true}]}}