{"id":29404,"date":"2021-03-15T13:39:30","date_gmt":"2021-03-15T12:39:30","guid":{"rendered":"https:\/\/www.oficinaempleo.com\/blog\/?p=29404"},"modified":"2021-03-15T13:42:42","modified_gmt":"2021-03-15T12:42:42","slug":"stratesys-busca-500-perfiles-tecnologicos","status":"publish","type":"post","link":"https:\/\/www.oficinaempleo.com\/blog\/stratesys-busca-500-perfiles-tecnologicos\/","title":{"rendered":"Stratesys busca 500 perfiles tecnol\u00f3gicos"},"content":{"rendered":"<p>Stratesys est\u00e1 en b\u00fasqueda de talento: necesita incorporar 500 perfiles tecnol\u00f3gicos a su plantilla. La compa\u00f1\u00eda espa\u00f1ola, centro nativo digital en pa\u00edses de Europa y Latinoam\u00e9rica, se caracteriza por acompa\u00f1ar a sus clientes a dar un salto a la digitalizaci\u00f3n y ofrecer soluciones tecnol\u00f3gicas y de negocio. Si est\u00e1s interesad@ en aplicar, puedes acceder desde <a href=\"https:\/\/www.stratesys-ts.com\/es\/stratesysland\/careers\/\">aqu\u00ed<\/a>.<\/p>\n<p>Su objetivo a largo plazo, puesto en 2023, se fija en alcanzar los 100 millones de euros de facturaci\u00f3n. De esta manera, incrementar\u00edan alrededor de un 70% respecto a c\u00f3mo cerraron en 2020, con 60 millones de euros. Para ello, su plan estrat\u00e9gico pone foco en incorporar nuevos profesionales, llegando a 1.500 personas en su plantilla, lo que supondr\u00eda un 50% m\u00e1s de los que son actualmente.<\/p>\n<div id=\"attachment_29408\" style=\"width: 600px\" class=\"wp-caption alignnone\"><a href=\"https:\/\/www.oficinaempleo.com\/blog\/wp-content\/uploads\/2021\/03\/2-2.jpg\"><img loading=\"lazy\" decoding=\"async\" aria-describedby=\"caption-attachment-29408\" class=\"wp-image-29408 size-full\" src=\"https:\/\/www.oficinaempleo.com\/blog\/wp-content\/uploads\/2021\/03\/2-2.jpg\" alt=\"La compa\u00f1\u00eda espa\u00f1ola pretende aumentar un 70% su facturaci\u00f3n. \" width=\"590\" height=\"315\" srcset=\"https:\/\/www.oficinaempleo.com\/blog\/wp-content\/uploads\/2021\/03\/2-2.jpg 590w, https:\/\/www.oficinaempleo.com\/blog\/wp-content\/uploads\/2021\/03\/2-2-300x160.jpg 300w\" sizes=\"auto, (max-width: 590px) 100vw, 590px\" \/><\/a><p id=\"caption-attachment-29408\" class=\"wp-caption-text\">La compa\u00f1\u00eda espa\u00f1ola pretende aumentar un 70% su facturaci\u00f3n (iStock).<\/p><\/div>\n<h2>Perfil que demandan<\/h2>\n<p>Stratesys cuenta con presencia en Espa\u00f1a, Portugal, Estados Unidos, M\u00e9xico, Brasil, Chile, Colombia, Argentina y China. Hoy en d\u00eda, cuentan con una plantilla compuesta por 1.000 profesionales, llegando a ampliarla hasta 1.500 de cara a 2023. Por tanto, ir\u00e1n incorporando a 500 nuevas caras escalonadamente. Entre los perfiles m\u00e1s demandados se encuentran los relacionados con:<\/p>\n<ul>\n<li>Big Data.<\/li>\n<li>Inteligencia Artificial.<\/li>\n<li>Digital.<\/li>\n<li>Hyperautomation.<\/li>\n<li>Cloud.<\/li>\n<li>Internet de las Cosas.<\/li>\n<\/ul>\n<p>La empresa trata diferentes \u00e1reas, como la tesorer\u00eda digital, omnichannel, e-commerce, people reskilling\/upskilling o procurement.<\/p>\n<div id=\"attachment_29407\" style=\"width: 600px\" class=\"wp-caption alignnone\"><a href=\"https:\/\/www.oficinaempleo.com\/blog\/wp-content\/uploads\/2021\/03\/3-2.jpg\"><img loading=\"lazy\" decoding=\"async\" aria-describedby=\"caption-attachment-29407\" class=\"wp-image-29407 size-full\" src=\"https:\/\/www.oficinaempleo.com\/blog\/wp-content\/uploads\/2021\/03\/3-2.jpg\" alt=\"La compa\u00f1\u00eda demanda perfiles tecnol\u00f3gicos (iStock).\" width=\"590\" height=\"315\" srcset=\"https:\/\/www.oficinaempleo.com\/blog\/wp-content\/uploads\/2021\/03\/3-2.jpg 590w, https:\/\/www.oficinaempleo.com\/blog\/wp-content\/uploads\/2021\/03\/3-2-300x160.jpg 300w\" sizes=\"auto, (max-width: 590px) 100vw, 590px\" \/><\/a><p id=\"caption-attachment-29407\" class=\"wp-caption-text\">La compa\u00f1\u00eda demanda perfiles tecnol\u00f3gicos (iStock).<\/p><\/div>\n<p>Esta ampliaci\u00f3n de plantilla viene de la mano de sus deseos por expandirse en m\u00e1s pa\u00edses de Europa, ya que ya han empezado a analizar diversos mercados. Entre sus intenciones se encuentran: Holanda, Reino Unido, Austria, Alemania y Suiza. Pero no es casualidad que todos ellos coincidan en tener sedes de grandes multinacionales en Latinoam\u00e9rica. Stratesys se quiere convertir en un referente entre estos pa\u00edses para presentarse como soluci\u00f3n a sus problemas tecnol\u00f3gicos, estrategia de expansi\u00f3n y crecimiento.<\/p>\n<p>Si crees que encajar\u00e1s en el perfil y te llama la atenci\u00f3n esta empresa, puedes aplicar <a href=\"https:\/\/www.stratesys-ts.com\/es\/stratesysland\/careers\/\" target=\"_blank\" rel=\"noopener noreferrer\">aqu\u00ed<\/a>.<\/p>\n","protected":false},"excerpt":{"rendered":"<p>Stratesys est\u00e1 en b\u00fasqueda de talento: necesita incorporar 500 perfiles tecnol\u00f3gicos a su plantilla. La compa\u00f1\u00eda espa\u00f1ola, centro nativo digital en pa\u00edses de Europa y Latinoam\u00e9rica, se caracteriza por acompa\u00f1ar a sus clientes a dar un salto a la digitalizaci\u00f3n y ofrecer soluciones tecnol\u00f3gicas y de negocio. Si est\u00e1s interesad@ en aplicar, puedes acceder desde [&hellip;]<\/p>\n","protected":false},"author":55,"featured_media":29405,"comment_status":"open","ping_status":"open","sticky":false,"template":"","format":"standard","meta":{"footnotes":""},"categories":[1],"tags":[],"class_list":["post-29404","post","type-post","status-publish","format-standard","has-post-thumbnail","hentry","category-sin-categoria","cat-1-id","has_thumb"],"yoast_head":"<!-- This site is optimized with the Yoast SEO plugin v27.1.1 - https:\/\/yoast.com\/product\/yoast-seo-wordpress\/ -->\n<title>Stratesys busca 500 perfiles tecnol\u00f3gicos - Blog OficinaEmpleo<\/title>\n<meta name=\"description\" content=\"Stratesys est\u00e1 en b\u00fasqueda de talento: necesita incorporar 500 perfiles tecnol\u00f3gicos a su plantilla de cara a 2023.\" \/>\n<meta name=\"robots\" content=\"index, follow, max-snippet:-1, max-image-preview:large, max-video-preview:-1\" \/>\n<link rel=\"canonical\" href=\"https:\/\/www.oficinaempleo.com\/blog\/stratesys-busca-500-perfiles-tecnologicos\/\" \/>\n<meta property=\"og:locale\" content=\"es_ES\" \/>\n<meta property=\"og:type\" content=\"article\" \/>\n<meta property=\"og:title\" content=\"Stratesys busca 500 perfiles tecnol\u00f3gicos - Blog OficinaEmpleo\" \/>\n<meta property=\"og:description\" content=\"Stratesys est\u00e1 en b\u00fasqueda de talento: necesita incorporar 500 perfiles tecnol\u00f3gicos a su plantilla de cara a 2023.\" \/>\n<meta property=\"og:url\" content=\"https:\/\/www.oficinaempleo.com\/blog\/stratesys-busca-500-perfiles-tecnologicos\/\" \/>\n<meta property=\"og:site_name\" content=\"Noticias y consejos de empleo | Blog OficinaEmpleo\" \/>\n<meta property=\"article:published_time\" content=\"2021-03-15T12:39:30+00:00\" \/>\n<meta property=\"article:modified_time\" content=\"2021-03-15T12:42:42+00:00\" \/>\n<meta property=\"og:image\" content=\"https:\/\/www.oficinaempleo.com\/blog\/wp-content\/uploads\/2021\/03\/OE-DESTACADA-5.jpg\" \/>\n\t<meta property=\"og:image:width\" content=\"600\" \/>\n\t<meta property=\"og:image:height\" content=\"310\" \/>\n\t<meta property=\"og:image:type\" content=\"image\/jpeg\" \/>\n<meta name=\"author\" content=\"Rosalia Martinez\" \/>\n<meta name=\"twitter:card\" content=\"summary_large_image\" \/>\n<meta name=\"twitter:creator\" content=\"@OficinaEmpleo\" \/>\n<meta name=\"twitter:site\" content=\"@OficinaEmpleo\" \/>\n<meta name=\"twitter:label1\" content=\"Written by\" \/>\n\t<meta name=\"twitter:data1\" content=\"Rosalia Martinez\" \/>\n\t<meta name=\"twitter:label2\" content=\"Est. reading time\" \/>\n\t<meta name=\"twitter:data2\" content=\"2 minutos\" \/>\n<script type=\"application\/ld+json\" class=\"yoast-schema-graph\">{\"@context\":\"https:\/\/schema.org\",\"@graph\":[{\"@type\":\"Article\",\"@id\":\"https:\/\/www.oficinaempleo.com\/blog\/stratesys-busca-500-perfiles-tecnologicos\/#article\",\"isPartOf\":{\"@id\":\"https:\/\/www.oficinaempleo.com\/blog\/stratesys-busca-500-perfiles-tecnologicos\/\"},\"author\":{\"name\":\"Rosalia Martinez\",\"@id\":\"https:\/\/www.oficinaempleo.com\/blog\/#\/schema\/person\/4475a1f1cd525f261855c9e63e0f4457\"},\"headline\":\"Stratesys busca 500 perfiles tecnol\u00f3gicos\",\"datePublished\":\"2021-03-15T12:39:30+00:00\",\"dateModified\":\"2021-03-15T12:42:42+00:00\",\"mainEntityOfPage\":{\"@id\":\"https:\/\/www.oficinaempleo.com\/blog\/stratesys-busca-500-perfiles-tecnologicos\/\"},\"wordCount\":362,\"commentCount\":1,\"publisher\":{\"@id\":\"https:\/\/www.oficinaempleo.com\/blog\/#organization\"},\"image\":{\"@id\":\"https:\/\/www.oficinaempleo.com\/blog\/stratesys-busca-500-perfiles-tecnologicos\/#primaryimage\"},\"thumbnailUrl\":\"https:\/\/www.oficinaempleo.com\/blog\/wp-content\/uploads\/2021\/03\/OE-DESTACADA-5.jpg\",\"inLanguage\":\"es\",\"potentialAction\":[{\"@type\":\"CommentAction\",\"name\":\"Comment\",\"target\":[\"https:\/\/www.oficinaempleo.com\/blog\/stratesys-busca-500-perfiles-tecnologicos\/#respond\"]}]},{\"@type\":\"WebPage\",\"@id\":\"https:\/\/www.oficinaempleo.com\/blog\/stratesys-busca-500-perfiles-tecnologicos\/\",\"url\":\"https:\/\/www.oficinaempleo.com\/blog\/stratesys-busca-500-perfiles-tecnologicos\/\",\"name\":\"Stratesys busca 500 perfiles tecnol\u00f3gicos - Blog OficinaEmpleo\",\"isPartOf\":{\"@id\":\"https:\/\/www.oficinaempleo.com\/blog\/#website\"},\"primaryImageOfPage\":{\"@id\":\"https:\/\/www.oficinaempleo.com\/blog\/stratesys-busca-500-perfiles-tecnologicos\/#primaryimage\"},\"image\":{\"@id\":\"https:\/\/www.oficinaempleo.com\/blog\/stratesys-busca-500-perfiles-tecnologicos\/#primaryimage\"},\"thumbnailUrl\":\"https:\/\/www.oficinaempleo.com\/blog\/wp-content\/uploads\/2021\/03\/OE-DESTACADA-5.jpg\",\"datePublished\":\"2021-03-15T12:39:30+00:00\",\"dateModified\":\"2021-03-15T12:42:42+00:00\",\"description\":\"Stratesys est\u00e1 en b\u00fasqueda de talento: necesita incorporar 500 perfiles tecnol\u00f3gicos a su plantilla de cara a 2023.\",\"breadcrumb\":{\"@id\":\"https:\/\/www.oficinaempleo.com\/blog\/stratesys-busca-500-perfiles-tecnologicos\/#breadcrumb\"},\"inLanguage\":\"es\",\"potentialAction\":[{\"@type\":\"ReadAction\",\"target\":[\"https:\/\/www.oficinaempleo.com\/blog\/stratesys-busca-500-perfiles-tecnologicos\/\"]}]},{\"@type\":\"ImageObject\",\"inLanguage\":\"es\",\"@id\":\"https:\/\/www.oficinaempleo.com\/blog\/stratesys-busca-500-perfiles-tecnologicos\/#primaryimage\",\"url\":\"https:\/\/www.oficinaempleo.com\/blog\/wp-content\/uploads\/2021\/03\/OE-DESTACADA-5.jpg\",\"contentUrl\":\"https:\/\/www.oficinaempleo.com\/blog\/wp-content\/uploads\/2021\/03\/OE-DESTACADA-5.jpg\",\"width\":600,\"height\":310,\"caption\":\"Stratesys busca 500 perfiles tecnol\u00f3gicos (iStock).\"},{\"@type\":\"BreadcrumbList\",\"@id\":\"https:\/\/www.oficinaempleo.com\/blog\/stratesys-busca-500-perfiles-tecnologicos\/#breadcrumb\",\"itemListElement\":[{\"@type\":\"ListItem\",\"position\":1,\"name\":\"Home\",\"item\":\"https:\/\/www.oficinaempleo.com\/blog\/\"},{\"@type\":\"ListItem\",\"position\":2,\"name\":\"Stratesys busca 500 perfiles tecnol\u00f3gicos\"}]},{\"@type\":\"WebSite\",\"@id\":\"https:\/\/www.oficinaempleo.com\/blog\/#website\",\"url\":\"https:\/\/www.oficinaempleo.com\/blog\/\",\"name\":\"Noticias y Consejos de Empleo | Blog OficinaEmpleo\",\"description\":\"\",\"publisher\":{\"@id\":\"https:\/\/www.oficinaempleo.com\/blog\/#organization\"},\"potentialAction\":[{\"@type\":\"SearchAction\",\"target\":{\"@type\":\"EntryPoint\",\"urlTemplate\":\"https:\/\/www.oficinaempleo.com\/blog\/?s={search_term_string}\"},\"query-input\":{\"@type\":\"PropertyValueSpecification\",\"valueRequired\":true,\"valueName\":\"search_term_string\"}}],\"inLanguage\":\"es\"},{\"@type\":\"Organization\",\"@id\":\"https:\/\/www.oficinaempleo.com\/blog\/#organization\",\"name\":\"OficinaEmpleo\",\"url\":\"https:\/\/www.oficinaempleo.com\/blog\/\",\"logo\":{\"@type\":\"ImageObject\",\"inLanguage\":\"es\",\"@id\":\"https:\/\/www.oficinaempleo.com\/blog\/#\/schema\/logo\/image\/\",\"url\":\"https:\/\/www.oficinaempleo.com\/blog\/wp-content\/uploads\/2018\/10\/logo_footer-1.jpg\",\"contentUrl\":\"https:\/\/www.oficinaempleo.com\/blog\/wp-content\/uploads\/2018\/10\/logo_footer-1.jpg\",\"width\":478,\"height\":57,\"caption\":\"OficinaEmpleo\"},\"image\":{\"@id\":\"https:\/\/www.oficinaempleo.com\/blog\/#\/schema\/logo\/image\/\"},\"sameAs\":[\"https:\/\/x.com\/OficinaEmpleo\"]},{\"@type\":\"Person\",\"@id\":\"https:\/\/www.oficinaempleo.com\/blog\/#\/schema\/person\/4475a1f1cd525f261855c9e63e0f4457\",\"name\":\"Rosalia Martinez\",\"image\":{\"@type\":\"ImageObject\",\"inLanguage\":\"es\",\"@id\":\"https:\/\/www.oficinaempleo.com\/blog\/#\/schema\/person\/image\/\",\"url\":\"https:\/\/secure.gravatar.com\/avatar\/9526002577f59f010e69f495e26788220537382743aeea72a2911f202c991525?s=96&d=mm&r=g\",\"contentUrl\":\"https:\/\/secure.gravatar.com\/avatar\/9526002577f59f010e69f495e26788220537382743aeea72a2911f202c991525?s=96&d=mm&r=g\",\"caption\":\"Rosalia Martinez\"},\"url\":\"https:\/\/www.oficinaempleo.com\/blog\/author\/rosalia-martinez\/\"}]}<\/script>\n<!-- \/ Yoast SEO plugin. -->","yoast_head_json":{"title":"Stratesys busca 500 perfiles tecnol\u00f3gicos - Blog OficinaEmpleo","description":"Stratesys est\u00e1 en b\u00fasqueda de talento: necesita incorporar 500 perfiles tecnol\u00f3gicos a su plantilla de cara a 2023.","robots":{"index":"index","follow":"follow","max-snippet":"max-snippet:-1","max-image-preview":"max-image-preview:large","max-video-preview":"max-video-preview:-1"},"canonical":"https:\/\/www.oficinaempleo.com\/blog\/stratesys-busca-500-perfiles-tecnologicos\/","og_locale":"es_ES","og_type":"article","og_title":"Stratesys busca 500 perfiles tecnol\u00f3gicos - Blog OficinaEmpleo","og_description":"Stratesys est\u00e1 en b\u00fasqueda de talento: necesita incorporar 500 perfiles tecnol\u00f3gicos a su plantilla de cara a 2023.","og_url":"https:\/\/www.oficinaempleo.com\/blog\/stratesys-busca-500-perfiles-tecnologicos\/","og_site_name":"Noticias y consejos de empleo | Blog OficinaEmpleo","article_published_time":"2021-03-15T12:39:30+00:00","article_modified_time":"2021-03-15T12:42:42+00:00","og_image":[{"width":600,"height":310,"url":"https:\/\/www.oficinaempleo.com\/blog\/wp-content\/uploads\/2021\/03\/OE-DESTACADA-5.jpg","type":"image\/jpeg"}],"author":"Rosalia Martinez","twitter_card":"summary_large_image","twitter_creator":"@OficinaEmpleo","twitter_site":"@OficinaEmpleo","twitter_misc":{"Written by":"Rosalia Martinez","Est. reading time":"2 minutos"},"schema":{"@context":"https:\/\/schema.org","@graph":[{"@type":"Article","@id":"https:\/\/www.oficinaempleo.com\/blog\/stratesys-busca-500-perfiles-tecnologicos\/#article","isPartOf":{"@id":"https:\/\/www.oficinaempleo.com\/blog\/stratesys-busca-500-perfiles-tecnologicos\/"},"author":{"name":"Rosalia Martinez","@id":"https:\/\/www.oficinaempleo.com\/blog\/#\/schema\/person\/4475a1f1cd525f261855c9e63e0f4457"},"headline":"Stratesys busca 500 perfiles tecnol\u00f3gicos","datePublished":"2021-03-15T12:39:30+00:00","dateModified":"2021-03-15T12:42:42+00:00","mainEntityOfPage":{"@id":"https:\/\/www.oficinaempleo.com\/blog\/stratesys-busca-500-perfiles-tecnologicos\/"},"wordCount":362,"commentCount":1,"publisher":{"@id":"https:\/\/www.oficinaempleo.com\/blog\/#organization"},"image":{"@id":"https:\/\/www.oficinaempleo.com\/blog\/stratesys-busca-500-perfiles-tecnologicos\/#primaryimage"},"thumbnailUrl":"https:\/\/www.oficinaempleo.com\/blog\/wp-content\/uploads\/2021\/03\/OE-DESTACADA-5.jpg","inLanguage":"es","potentialAction":[{"@type":"CommentAction","name":"Comment","target":["https:\/\/www.oficinaempleo.com\/blog\/stratesys-busca-500-perfiles-tecnologicos\/#respond"]}]},{"@type":"WebPage","@id":"https:\/\/www.oficinaempleo.com\/blog\/stratesys-busca-500-perfiles-tecnologicos\/","url":"https:\/\/www.oficinaempleo.com\/blog\/stratesys-busca-500-perfiles-tecnologicos\/","name":"Stratesys busca 500 perfiles tecnol\u00f3gicos - Blog OficinaEmpleo","isPartOf":{"@id":"https:\/\/www.oficinaempleo.com\/blog\/#website"},"primaryImageOfPage":{"@id":"https:\/\/www.oficinaempleo.com\/blog\/stratesys-busca-500-perfiles-tecnologicos\/#primaryimage"},"image":{"@id":"https:\/\/www.oficinaempleo.com\/blog\/stratesys-busca-500-perfiles-tecnologicos\/#primaryimage"},"thumbnailUrl":"https:\/\/www.oficinaempleo.com\/blog\/wp-content\/uploads\/2021\/03\/OE-DESTACADA-5.jpg","datePublished":"2021-03-15T12:39:30+00:00","dateModified":"2021-03-15T12:42:42+00:00","description":"Stratesys est\u00e1 en b\u00fasqueda de talento: necesita incorporar 500 perfiles tecnol\u00f3gicos a su plantilla de cara a 2023.","breadcrumb":{"@id":"https:\/\/www.oficinaempleo.com\/blog\/stratesys-busca-500-perfiles-tecnologicos\/#breadcrumb"},"inLanguage":"es","potentialAction":[{"@type":"ReadAction","target":["https:\/\/www.oficinaempleo.com\/blog\/stratesys-busca-500-perfiles-tecnologicos\/"]}]},{"@type":"ImageObject","inLanguage":"es","@id":"https:\/\/www.oficinaempleo.com\/blog\/stratesys-busca-500-perfiles-tecnologicos\/#primaryimage","url":"https:\/\/www.oficinaempleo.com\/blog\/wp-content\/uploads\/2021\/03\/OE-DESTACADA-5.jpg","contentUrl":"https:\/\/www.oficinaempleo.com\/blog\/wp-content\/uploads\/2021\/03\/OE-DESTACADA-5.jpg","width":600,"height":310,"caption":"Stratesys busca 500 perfiles tecnol\u00f3gicos (iStock)."},{"@type":"BreadcrumbList","@id":"https:\/\/www.oficinaempleo.com\/blog\/stratesys-busca-500-perfiles-tecnologicos\/#breadcrumb","itemListElement":[{"@type":"ListItem","position":1,"name":"Home","item":"https:\/\/www.oficinaempleo.com\/blog\/"},{"@type":"ListItem","position":2,"name":"Stratesys busca 500 perfiles tecnol\u00f3gicos"}]},{"@type":"WebSite","@id":"https:\/\/www.oficinaempleo.com\/blog\/#website","url":"https:\/\/www.oficinaempleo.com\/blog\/","name":"Noticias y Consejos de Empleo | Blog OficinaEmpleo","description":"","publisher":{"@id":"https:\/\/www.oficinaempleo.com\/blog\/#organization"},"potentialAction":[{"@type":"SearchAction","target":{"@type":"EntryPoint","urlTemplate":"https:\/\/www.oficinaempleo.com\/blog\/?s={search_term_string}"},"query-input":{"@type":"PropertyValueSpecification","valueRequired":true,"valueName":"search_term_string"}}],"inLanguage":"es"},{"@type":"Organization","@id":"https:\/\/www.oficinaempleo.com\/blog\/#organization","name":"OficinaEmpleo","url":"https:\/\/www.oficinaempleo.com\/blog\/","logo":{"@type":"ImageObject","inLanguage":"es","@id":"https:\/\/www.oficinaempleo.com\/blog\/#\/schema\/logo\/image\/","url":"https:\/\/www.oficinaempleo.com\/blog\/wp-content\/uploads\/2018\/10\/logo_footer-1.jpg","contentUrl":"https:\/\/www.oficinaempleo.com\/blog\/wp-content\/uploads\/2018\/10\/logo_footer-1.jpg","width":478,"height":57,"caption":"OficinaEmpleo"},"image":{"@id":"https:\/\/www.oficinaempleo.com\/blog\/#\/schema\/logo\/image\/"},"sameAs":["https:\/\/x.com\/OficinaEmpleo"]},{"@type":"Person","@id":"https:\/\/www.oficinaempleo.com\/blog\/#\/schema\/person\/4475a1f1cd525f261855c9e63e0f4457","name":"Rosalia Martinez","image":{"@type":"ImageObject","inLanguage":"es","@id":"https:\/\/www.oficinaempleo.com\/blog\/#\/schema\/person\/image\/","url":"https:\/\/secure.gravatar.com\/avatar\/9526002577f59f010e69f495e26788220537382743aeea72a2911f202c991525?s=96&d=mm&r=g","contentUrl":"https:\/\/secure.gravatar.com\/avatar\/9526002577f59f010e69f495e26788220537382743aeea72a2911f202c991525?s=96&d=mm&r=g","caption":"Rosalia Martinez"},"url":"https:\/\/www.oficinaempleo.com\/blog\/author\/rosalia-martinez\/"}]}},"_links":{"self":[{"href":"https:\/\/www.oficinaempleo.com\/blog\/wp-json\/wp\/v2\/posts\/29404","targetHints":{"allow":["GET"]}}],"collection":[{"href":"https:\/\/www.oficinaempleo.com\/blog\/wp-json\/wp\/v2\/posts"}],"about":[{"href":"https:\/\/www.oficinaempleo.com\/blog\/wp-json\/wp\/v2\/types\/post"}],"author":[{"embeddable":true,"href":"https:\/\/www.oficinaempleo.com\/blog\/wp-json\/wp\/v2\/users\/55"}],"replies":[{"embeddable":true,"href":"https:\/\/www.oficinaempleo.com\/blog\/wp-json\/wp\/v2\/comments?post=29404"}],"version-history":[{"count":2,"href":"https:\/\/www.oficinaempleo.com\/blog\/wp-json\/wp\/v2\/posts\/29404\/revisions"}],"predecessor-version":[{"id":29410,"href":"https:\/\/www.oficinaempleo.com\/blog\/wp-json\/wp\/v2\/posts\/29404\/revisions\/29410"}],"wp:featuredmedia":[{"embeddable":true,"href":"https:\/\/www.oficinaempleo.com\/blog\/wp-json\/wp\/v2\/media\/29405"}],"wp:attachment":[{"href":"https:\/\/www.oficinaempleo.com\/blog\/wp-json\/wp\/v2\/media?parent=29404"}],"wp:term":[{"taxonomy":"category","embeddable":true,"href":"https:\/\/www.oficinaempleo.com\/blog\/wp-json\/wp\/v2\/categories?post=29404"},{"taxonomy":"post_tag","embeddable":true,"href":"https:\/\/www.oficinaempleo.com\/blog\/wp-json\/wp\/v2\/tags?post=29404"}],"curies":[{"name":"wp","href":"https:\/\/api.w.org\/{rel}","templated":true}]}}