{"id":29462,"date":"2021-03-29T09:42:41","date_gmt":"2021-03-29T08:42:41","guid":{"rendered":"https:\/\/www.oficinaempleo.com\/blog\/?p=29462"},"modified":"2021-03-29T11:48:16","modified_gmt":"2021-03-29T10:48:16","slug":"restalia-creara-750-vacantes-en-2021","status":"publish","type":"post","link":"https:\/\/www.oficinaempleo.com\/blog\/restalia-creara-750-vacantes-en-2021\/","title":{"rendered":"Restalia crear\u00e1 750 puestos de trabajo en 2021"},"content":{"rendered":"<p>Restalia, <strong>grupo de restauraci\u00f3n l\u00edder en Espa\u00f1a<\/strong>, contar\u00e1 este 2021 con <strong>93 nuevas aperturas<\/strong>, por lo que se prev\u00e9n unos<strong> 750 puestos de trabajos nuevos<\/strong>.<\/p>\n<p>Seg\u00fan Enrique Lasso de la Vega, director de Desarrollo Internacional y Relaciones Institucionales de Restalia, el plan de expansi\u00f3n del grupo ser\u00e1 ambicioso y <strong>la apuesta por el empleo es absoluta<\/strong>. As\u00ed lo se\u00f1al\u00f3 en la nueva edici\u00f3n de Conversaciones #FUERZABAR, organizada por Heineken, en la que el tema principal se centr\u00f3 en el talento y la empleabilidad en el sector de la restauraci\u00f3n.<\/p>\n<div id=\"attachment_29466\" style=\"width: 600px\" class=\"wp-caption alignnone\"><a href=\"https:\/\/www.oficinaempleo.com\/blog\/wp-content\/uploads\/2021\/03\/OE-Articulo-texto-3.png\"><img loading=\"lazy\" decoding=\"async\" aria-describedby=\"caption-attachment-29466\" class=\"wp-image-29466 size-full\" src=\"https:\/\/www.oficinaempleo.com\/blog\/wp-content\/uploads\/2021\/03\/OE-Articulo-texto-3.png\" alt=\"montaditos\" width=\"590\" height=\"315\" srcset=\"https:\/\/www.oficinaempleo.com\/blog\/wp-content\/uploads\/2021\/03\/OE-Articulo-texto-3.png 590w, https:\/\/www.oficinaempleo.com\/blog\/wp-content\/uploads\/2021\/03\/OE-Articulo-texto-3-300x160.png 300w\" sizes=\"auto, (max-width: 590px) 100vw, 590px\" \/><\/a><p id=\"caption-attachment-29466\" class=\"wp-caption-text\">Restalia cuenta con alrededor de 740 franquicias en 13 pa\u00edses (iStock).<\/p><\/div>\n<h2>Nuevas aperturas<\/h2>\n<p>Dado que a pesar de la crisis provocada por el Covid-19 y lo da\u00f1ina que ha sido para este sector, Lasso asegur\u00f3 que <strong>Restalia termin\u00f3 el a\u00f1o 2020 con el 95% de los locales abiertos.<\/strong> De los cuales, <strong>70 abrieron sus puertas durante el a\u00f1o pasado, donde se crearon entre 550 y 600 nuevos puestos de trabajo<\/strong>.<\/p>\n<p>Con estos datos, podemos afirmar que Restalia cuenta actualmente con alrededor de <strong>740 franquicias en 13 pa\u00edses, lo que supone entre unas 8.500 y 9.000 personas empleadas.<\/strong> Por lo tanto, no es de extra\u00f1ar que con el nuevo plan de expansi\u00f3n que prev\u00e9 la apertura de 93 nuevos establecimientos, se hable de la cifra de 750 empleos nuevos.<\/p>\n<p>Si est\u00e1s interesado en encontrar empleo en el grupo l\u00edder en restauraci\u00f3n, no dudes en echar un vistazo a <strong>todas las <a href=\"https:\/\/www.gruporestalia.com\/trabaja-con-nosotros\/\">ofertas de empleo de Restalia<\/a>.<\/strong><\/p>\n<p>&nbsp;<\/p>\n","protected":false},"excerpt":{"rendered":"<p>Restalia, grupo de restauraci\u00f3n l\u00edder en Espa\u00f1a, contar\u00e1 este 2021 con 93 nuevas aperturas, por lo que se prev\u00e9n unos 750 puestos de trabajos nuevos. Seg\u00fan Enrique Lasso de la Vega, director de Desarrollo Internacional y Relaciones Institucionales de Restalia, el plan de expansi\u00f3n del grupo ser\u00e1 ambicioso y la apuesta por el empleo es [&hellip;]<\/p>\n","protected":false},"author":56,"featured_media":29464,"comment_status":"open","ping_status":"open","sticky":false,"template":"","format":"standard","meta":{"footnotes":""},"categories":[1],"tags":[],"class_list":["post-29462","post","type-post","status-publish","format-standard","has-post-thumbnail","hentry","category-sin-categoria","cat-1-id","has_thumb"],"yoast_head":"<!-- This site is optimized with the Yoast SEO plugin v27.1.1 - https:\/\/yoast.com\/product\/yoast-seo-wordpress\/ -->\n<title>Restalia crear\u00e1 750 puestos de trabajo en 2021 - Blog OficinaEmpleo<\/title>\n<meta name=\"description\" content=\"\u00bfTe gustar\u00eda trabajar en el grupo l\u00edder en restauraci\u00f3n de Espa\u00f1a? \u00a1Est\u00e1s de suerte porque este a\u00f1o habr\u00e1 750 nuevas vacantes en Restalia!\" \/>\n<meta name=\"robots\" content=\"index, follow, max-snippet:-1, max-image-preview:large, max-video-preview:-1\" \/>\n<link rel=\"canonical\" href=\"https:\/\/www.oficinaempleo.com\/blog\/restalia-creara-750-vacantes-en-2021\/\" \/>\n<meta property=\"og:locale\" content=\"es_ES\" \/>\n<meta property=\"og:type\" content=\"article\" \/>\n<meta property=\"og:title\" content=\"Restalia crear\u00e1 750 puestos de trabajo en 2021 - Blog OficinaEmpleo\" \/>\n<meta property=\"og:description\" content=\"\u00bfTe gustar\u00eda trabajar en el grupo l\u00edder en restauraci\u00f3n de Espa\u00f1a? \u00a1Est\u00e1s de suerte porque este a\u00f1o habr\u00e1 750 nuevas vacantes en Restalia!\" \/>\n<meta property=\"og:url\" content=\"https:\/\/www.oficinaempleo.com\/blog\/restalia-creara-750-vacantes-en-2021\/\" \/>\n<meta property=\"og:site_name\" content=\"Noticias y consejos de empleo | Blog OficinaEmpleo\" \/>\n<meta property=\"article:published_time\" content=\"2021-03-29T08:42:41+00:00\" \/>\n<meta property=\"article:modified_time\" content=\"2021-03-29T10:48:16+00:00\" \/>\n<meta property=\"og:image\" content=\"https:\/\/www.oficinaempleo.com\/blog\/wp-content\/uploads\/2021\/03\/OE-DESTACADA-4.png\" \/>\n\t<meta property=\"og:image:width\" content=\"600\" \/>\n\t<meta property=\"og:image:height\" content=\"310\" \/>\n\t<meta property=\"og:image:type\" content=\"image\/png\" \/>\n<meta name=\"author\" content=\"Sofia Hierro\" \/>\n<meta name=\"twitter:card\" content=\"summary_large_image\" \/>\n<meta name=\"twitter:creator\" content=\"@OficinaEmpleo\" \/>\n<meta name=\"twitter:site\" content=\"@OficinaEmpleo\" \/>\n<meta name=\"twitter:label1\" content=\"Written by\" \/>\n\t<meta name=\"twitter:data1\" content=\"Sofia Hierro\" \/>\n\t<meta name=\"twitter:label2\" content=\"Est. reading time\" \/>\n\t<meta name=\"twitter:data2\" content=\"1 minuto\" \/>\n<script type=\"application\/ld+json\" class=\"yoast-schema-graph\">{\"@context\":\"https:\/\/schema.org\",\"@graph\":[{\"@type\":\"Article\",\"@id\":\"https:\/\/www.oficinaempleo.com\/blog\/restalia-creara-750-vacantes-en-2021\/#article\",\"isPartOf\":{\"@id\":\"https:\/\/www.oficinaempleo.com\/blog\/restalia-creara-750-vacantes-en-2021\/\"},\"author\":{\"name\":\"Sofia Hierro\",\"@id\":\"https:\/\/www.oficinaempleo.com\/blog\/#\/schema\/person\/24484f44a3d65fe1c317370ab5e50ed0\"},\"headline\":\"Restalia crear\u00e1 750 puestos de trabajo en 2021\",\"datePublished\":\"2021-03-29T08:42:41+00:00\",\"dateModified\":\"2021-03-29T10:48:16+00:00\",\"mainEntityOfPage\":{\"@id\":\"https:\/\/www.oficinaempleo.com\/blog\/restalia-creara-750-vacantes-en-2021\/\"},\"wordCount\":260,\"commentCount\":68,\"publisher\":{\"@id\":\"https:\/\/www.oficinaempleo.com\/blog\/#organization\"},\"image\":{\"@id\":\"https:\/\/www.oficinaempleo.com\/blog\/restalia-creara-750-vacantes-en-2021\/#primaryimage\"},\"thumbnailUrl\":\"https:\/\/www.oficinaempleo.com\/blog\/wp-content\/uploads\/2021\/03\/OE-DESTACADA-4.png\",\"inLanguage\":\"es\",\"potentialAction\":[{\"@type\":\"CommentAction\",\"name\":\"Comment\",\"target\":[\"https:\/\/www.oficinaempleo.com\/blog\/restalia-creara-750-vacantes-en-2021\/#respond\"]}]},{\"@type\":\"WebPage\",\"@id\":\"https:\/\/www.oficinaempleo.com\/blog\/restalia-creara-750-vacantes-en-2021\/\",\"url\":\"https:\/\/www.oficinaempleo.com\/blog\/restalia-creara-750-vacantes-en-2021\/\",\"name\":\"Restalia crear\u00e1 750 puestos de trabajo en 2021 - Blog OficinaEmpleo\",\"isPartOf\":{\"@id\":\"https:\/\/www.oficinaempleo.com\/blog\/#website\"},\"primaryImageOfPage\":{\"@id\":\"https:\/\/www.oficinaempleo.com\/blog\/restalia-creara-750-vacantes-en-2021\/#primaryimage\"},\"image\":{\"@id\":\"https:\/\/www.oficinaempleo.com\/blog\/restalia-creara-750-vacantes-en-2021\/#primaryimage\"},\"thumbnailUrl\":\"https:\/\/www.oficinaempleo.com\/blog\/wp-content\/uploads\/2021\/03\/OE-DESTACADA-4.png\",\"datePublished\":\"2021-03-29T08:42:41+00:00\",\"dateModified\":\"2021-03-29T10:48:16+00:00\",\"description\":\"\u00bfTe gustar\u00eda trabajar en el grupo l\u00edder en restauraci\u00f3n de Espa\u00f1a? \u00a1Est\u00e1s de suerte porque este a\u00f1o habr\u00e1 750 nuevas vacantes en Restalia!\",\"breadcrumb\":{\"@id\":\"https:\/\/www.oficinaempleo.com\/blog\/restalia-creara-750-vacantes-en-2021\/#breadcrumb\"},\"inLanguage\":\"es\",\"potentialAction\":[{\"@type\":\"ReadAction\",\"target\":[\"https:\/\/www.oficinaempleo.com\/blog\/restalia-creara-750-vacantes-en-2021\/\"]}]},{\"@type\":\"ImageObject\",\"inLanguage\":\"es\",\"@id\":\"https:\/\/www.oficinaempleo.com\/blog\/restalia-creara-750-vacantes-en-2021\/#primaryimage\",\"url\":\"https:\/\/www.oficinaempleo.com\/blog\/wp-content\/uploads\/2021\/03\/OE-DESTACADA-4.png\",\"contentUrl\":\"https:\/\/www.oficinaempleo.com\/blog\/wp-content\/uploads\/2021\/03\/OE-DESTACADA-4.png\",\"width\":600,\"height\":310,\"caption\":\"750 nuevas vacantes en Restalia\"},{\"@type\":\"BreadcrumbList\",\"@id\":\"https:\/\/www.oficinaempleo.com\/blog\/restalia-creara-750-vacantes-en-2021\/#breadcrumb\",\"itemListElement\":[{\"@type\":\"ListItem\",\"position\":1,\"name\":\"Home\",\"item\":\"https:\/\/www.oficinaempleo.com\/blog\/\"},{\"@type\":\"ListItem\",\"position\":2,\"name\":\"Restalia crear\u00e1 750 puestos de trabajo en 2021\"}]},{\"@type\":\"WebSite\",\"@id\":\"https:\/\/www.oficinaempleo.com\/blog\/#website\",\"url\":\"https:\/\/www.oficinaempleo.com\/blog\/\",\"name\":\"Noticias y Consejos de Empleo | Blog OficinaEmpleo\",\"description\":\"\",\"publisher\":{\"@id\":\"https:\/\/www.oficinaempleo.com\/blog\/#organization\"},\"potentialAction\":[{\"@type\":\"SearchAction\",\"target\":{\"@type\":\"EntryPoint\",\"urlTemplate\":\"https:\/\/www.oficinaempleo.com\/blog\/?s={search_term_string}\"},\"query-input\":{\"@type\":\"PropertyValueSpecification\",\"valueRequired\":true,\"valueName\":\"search_term_string\"}}],\"inLanguage\":\"es\"},{\"@type\":\"Organization\",\"@id\":\"https:\/\/www.oficinaempleo.com\/blog\/#organization\",\"name\":\"OficinaEmpleo\",\"url\":\"https:\/\/www.oficinaempleo.com\/blog\/\",\"logo\":{\"@type\":\"ImageObject\",\"inLanguage\":\"es\",\"@id\":\"https:\/\/www.oficinaempleo.com\/blog\/#\/schema\/logo\/image\/\",\"url\":\"https:\/\/www.oficinaempleo.com\/blog\/wp-content\/uploads\/2018\/10\/logo_footer-1.jpg\",\"contentUrl\":\"https:\/\/www.oficinaempleo.com\/blog\/wp-content\/uploads\/2018\/10\/logo_footer-1.jpg\",\"width\":478,\"height\":57,\"caption\":\"OficinaEmpleo\"},\"image\":{\"@id\":\"https:\/\/www.oficinaempleo.com\/blog\/#\/schema\/logo\/image\/\"},\"sameAs\":[\"https:\/\/x.com\/OficinaEmpleo\"]},{\"@type\":\"Person\",\"@id\":\"https:\/\/www.oficinaempleo.com\/blog\/#\/schema\/person\/24484f44a3d65fe1c317370ab5e50ed0\",\"name\":\"Sofia Hierro\",\"image\":{\"@type\":\"ImageObject\",\"inLanguage\":\"es\",\"@id\":\"https:\/\/www.oficinaempleo.com\/blog\/#\/schema\/person\/image\/\",\"url\":\"https:\/\/secure.gravatar.com\/avatar\/fcd2f72adc91aee51acf1c0d8ec98dd878e52c2c675a3f9b5931e94d2dc475d8?s=96&d=mm&r=g\",\"contentUrl\":\"https:\/\/secure.gravatar.com\/avatar\/fcd2f72adc91aee51acf1c0d8ec98dd878e52c2c675a3f9b5931e94d2dc475d8?s=96&d=mm&r=g\",\"caption\":\"Sofia Hierro\"},\"url\":\"https:\/\/www.oficinaempleo.com\/blog\/author\/sofia-hierro\/\"}]}<\/script>\n<!-- \/ Yoast SEO plugin. -->","yoast_head_json":{"title":"Restalia crear\u00e1 750 puestos de trabajo en 2021 - Blog OficinaEmpleo","description":"\u00bfTe gustar\u00eda trabajar en el grupo l\u00edder en restauraci\u00f3n de Espa\u00f1a? \u00a1Est\u00e1s de suerte porque este a\u00f1o habr\u00e1 750 nuevas vacantes en Restalia!","robots":{"index":"index","follow":"follow","max-snippet":"max-snippet:-1","max-image-preview":"max-image-preview:large","max-video-preview":"max-video-preview:-1"},"canonical":"https:\/\/www.oficinaempleo.com\/blog\/restalia-creara-750-vacantes-en-2021\/","og_locale":"es_ES","og_type":"article","og_title":"Restalia crear\u00e1 750 puestos de trabajo en 2021 - Blog OficinaEmpleo","og_description":"\u00bfTe gustar\u00eda trabajar en el grupo l\u00edder en restauraci\u00f3n de Espa\u00f1a? \u00a1Est\u00e1s de suerte porque este a\u00f1o habr\u00e1 750 nuevas vacantes en Restalia!","og_url":"https:\/\/www.oficinaempleo.com\/blog\/restalia-creara-750-vacantes-en-2021\/","og_site_name":"Noticias y consejos de empleo | Blog OficinaEmpleo","article_published_time":"2021-03-29T08:42:41+00:00","article_modified_time":"2021-03-29T10:48:16+00:00","og_image":[{"width":600,"height":310,"url":"https:\/\/www.oficinaempleo.com\/blog\/wp-content\/uploads\/2021\/03\/OE-DESTACADA-4.png","type":"image\/png"}],"author":"Sofia Hierro","twitter_card":"summary_large_image","twitter_creator":"@OficinaEmpleo","twitter_site":"@OficinaEmpleo","twitter_misc":{"Written by":"Sofia Hierro","Est. reading time":"1 minuto"},"schema":{"@context":"https:\/\/schema.org","@graph":[{"@type":"Article","@id":"https:\/\/www.oficinaempleo.com\/blog\/restalia-creara-750-vacantes-en-2021\/#article","isPartOf":{"@id":"https:\/\/www.oficinaempleo.com\/blog\/restalia-creara-750-vacantes-en-2021\/"},"author":{"name":"Sofia Hierro","@id":"https:\/\/www.oficinaempleo.com\/blog\/#\/schema\/person\/24484f44a3d65fe1c317370ab5e50ed0"},"headline":"Restalia crear\u00e1 750 puestos de trabajo en 2021","datePublished":"2021-03-29T08:42:41+00:00","dateModified":"2021-03-29T10:48:16+00:00","mainEntityOfPage":{"@id":"https:\/\/www.oficinaempleo.com\/blog\/restalia-creara-750-vacantes-en-2021\/"},"wordCount":260,"commentCount":68,"publisher":{"@id":"https:\/\/www.oficinaempleo.com\/blog\/#organization"},"image":{"@id":"https:\/\/www.oficinaempleo.com\/blog\/restalia-creara-750-vacantes-en-2021\/#primaryimage"},"thumbnailUrl":"https:\/\/www.oficinaempleo.com\/blog\/wp-content\/uploads\/2021\/03\/OE-DESTACADA-4.png","inLanguage":"es","potentialAction":[{"@type":"CommentAction","name":"Comment","target":["https:\/\/www.oficinaempleo.com\/blog\/restalia-creara-750-vacantes-en-2021\/#respond"]}]},{"@type":"WebPage","@id":"https:\/\/www.oficinaempleo.com\/blog\/restalia-creara-750-vacantes-en-2021\/","url":"https:\/\/www.oficinaempleo.com\/blog\/restalia-creara-750-vacantes-en-2021\/","name":"Restalia crear\u00e1 750 puestos de trabajo en 2021 - Blog OficinaEmpleo","isPartOf":{"@id":"https:\/\/www.oficinaempleo.com\/blog\/#website"},"primaryImageOfPage":{"@id":"https:\/\/www.oficinaempleo.com\/blog\/restalia-creara-750-vacantes-en-2021\/#primaryimage"},"image":{"@id":"https:\/\/www.oficinaempleo.com\/blog\/restalia-creara-750-vacantes-en-2021\/#primaryimage"},"thumbnailUrl":"https:\/\/www.oficinaempleo.com\/blog\/wp-content\/uploads\/2021\/03\/OE-DESTACADA-4.png","datePublished":"2021-03-29T08:42:41+00:00","dateModified":"2021-03-29T10:48:16+00:00","description":"\u00bfTe gustar\u00eda trabajar en el grupo l\u00edder en restauraci\u00f3n de Espa\u00f1a? \u00a1Est\u00e1s de suerte porque este a\u00f1o habr\u00e1 750 nuevas vacantes en Restalia!","breadcrumb":{"@id":"https:\/\/www.oficinaempleo.com\/blog\/restalia-creara-750-vacantes-en-2021\/#breadcrumb"},"inLanguage":"es","potentialAction":[{"@type":"ReadAction","target":["https:\/\/www.oficinaempleo.com\/blog\/restalia-creara-750-vacantes-en-2021\/"]}]},{"@type":"ImageObject","inLanguage":"es","@id":"https:\/\/www.oficinaempleo.com\/blog\/restalia-creara-750-vacantes-en-2021\/#primaryimage","url":"https:\/\/www.oficinaempleo.com\/blog\/wp-content\/uploads\/2021\/03\/OE-DESTACADA-4.png","contentUrl":"https:\/\/www.oficinaempleo.com\/blog\/wp-content\/uploads\/2021\/03\/OE-DESTACADA-4.png","width":600,"height":310,"caption":"750 nuevas vacantes en Restalia"},{"@type":"BreadcrumbList","@id":"https:\/\/www.oficinaempleo.com\/blog\/restalia-creara-750-vacantes-en-2021\/#breadcrumb","itemListElement":[{"@type":"ListItem","position":1,"name":"Home","item":"https:\/\/www.oficinaempleo.com\/blog\/"},{"@type":"ListItem","position":2,"name":"Restalia crear\u00e1 750 puestos de trabajo en 2021"}]},{"@type":"WebSite","@id":"https:\/\/www.oficinaempleo.com\/blog\/#website","url":"https:\/\/www.oficinaempleo.com\/blog\/","name":"Noticias y Consejos de Empleo | Blog OficinaEmpleo","description":"","publisher":{"@id":"https:\/\/www.oficinaempleo.com\/blog\/#organization"},"potentialAction":[{"@type":"SearchAction","target":{"@type":"EntryPoint","urlTemplate":"https:\/\/www.oficinaempleo.com\/blog\/?s={search_term_string}"},"query-input":{"@type":"PropertyValueSpecification","valueRequired":true,"valueName":"search_term_string"}}],"inLanguage":"es"},{"@type":"Organization","@id":"https:\/\/www.oficinaempleo.com\/blog\/#organization","name":"OficinaEmpleo","url":"https:\/\/www.oficinaempleo.com\/blog\/","logo":{"@type":"ImageObject","inLanguage":"es","@id":"https:\/\/www.oficinaempleo.com\/blog\/#\/schema\/logo\/image\/","url":"https:\/\/www.oficinaempleo.com\/blog\/wp-content\/uploads\/2018\/10\/logo_footer-1.jpg","contentUrl":"https:\/\/www.oficinaempleo.com\/blog\/wp-content\/uploads\/2018\/10\/logo_footer-1.jpg","width":478,"height":57,"caption":"OficinaEmpleo"},"image":{"@id":"https:\/\/www.oficinaempleo.com\/blog\/#\/schema\/logo\/image\/"},"sameAs":["https:\/\/x.com\/OficinaEmpleo"]},{"@type":"Person","@id":"https:\/\/www.oficinaempleo.com\/blog\/#\/schema\/person\/24484f44a3d65fe1c317370ab5e50ed0","name":"Sofia Hierro","image":{"@type":"ImageObject","inLanguage":"es","@id":"https:\/\/www.oficinaempleo.com\/blog\/#\/schema\/person\/image\/","url":"https:\/\/secure.gravatar.com\/avatar\/fcd2f72adc91aee51acf1c0d8ec98dd878e52c2c675a3f9b5931e94d2dc475d8?s=96&d=mm&r=g","contentUrl":"https:\/\/secure.gravatar.com\/avatar\/fcd2f72adc91aee51acf1c0d8ec98dd878e52c2c675a3f9b5931e94d2dc475d8?s=96&d=mm&r=g","caption":"Sofia Hierro"},"url":"https:\/\/www.oficinaempleo.com\/blog\/author\/sofia-hierro\/"}]}},"_links":{"self":[{"href":"https:\/\/www.oficinaempleo.com\/blog\/wp-json\/wp\/v2\/posts\/29462","targetHints":{"allow":["GET"]}}],"collection":[{"href":"https:\/\/www.oficinaempleo.com\/blog\/wp-json\/wp\/v2\/posts"}],"about":[{"href":"https:\/\/www.oficinaempleo.com\/blog\/wp-json\/wp\/v2\/types\/post"}],"author":[{"embeddable":true,"href":"https:\/\/www.oficinaempleo.com\/blog\/wp-json\/wp\/v2\/users\/56"}],"replies":[{"embeddable":true,"href":"https:\/\/www.oficinaempleo.com\/blog\/wp-json\/wp\/v2\/comments?post=29462"}],"version-history":[{"count":5,"href":"https:\/\/www.oficinaempleo.com\/blog\/wp-json\/wp\/v2\/posts\/29462\/revisions"}],"predecessor-version":[{"id":29472,"href":"https:\/\/www.oficinaempleo.com\/blog\/wp-json\/wp\/v2\/posts\/29462\/revisions\/29472"}],"wp:featuredmedia":[{"embeddable":true,"href":"https:\/\/www.oficinaempleo.com\/blog\/wp-json\/wp\/v2\/media\/29464"}],"wp:attachment":[{"href":"https:\/\/www.oficinaempleo.com\/blog\/wp-json\/wp\/v2\/media?parent=29462"}],"wp:term":[{"taxonomy":"category","embeddable":true,"href":"https:\/\/www.oficinaempleo.com\/blog\/wp-json\/wp\/v2\/categories?post=29462"},{"taxonomy":"post_tag","embeddable":true,"href":"https:\/\/www.oficinaempleo.com\/blog\/wp-json\/wp\/v2\/tags?post=29462"}],"curies":[{"name":"wp","href":"https:\/\/api.w.org\/{rel}","templated":true}]}}