{"id":31039,"date":"2022-03-21T12:39:46","date_gmt":"2022-03-21T11:39:46","guid":{"rendered":"https:\/\/www.oficinaempleo.com\/blog\/?p=31039"},"modified":"2022-03-21T13:21:12","modified_gmt":"2022-03-21T12:21:12","slug":"1-000-empleos-en-centro-logistico-de-tarragona","status":"publish","type":"post","link":"https:\/\/www.oficinaempleo.com\/blog\/1-000-empleos-en-centro-logistico-de-tarragona\/","title":{"rendered":"1.000 empleos en centro log\u00edstico de Tarragona"},"content":{"rendered":"<p>En los pr\u00f3ximos a\u00f1os la compa\u00f1\u00eda Bonpreu ser\u00e1 la responsable de la creaci\u00f3n de <strong>1000 nuevos puestos de trabajo<\/strong> en <strong>Tarragona<\/strong>. \u00bfEl motivo? la creaci\u00f3n de un nuevo <strong>centro log\u00edstico.<\/strong> \u00bfTe gustar\u00eda trabajar para este gran grupo de <strong>supermercados<\/strong>? solo haciendo clic en el <a href=\"https:\/\/treballaambnosaltres.bonpreuesclat.cat\/\" target=\"_blank\" rel=\"noopener\"><strong>enlace<\/strong><\/a> \u00a0podr\u00e1s descubrir todas las ofertas disponibles para ti.<\/p>\n<p>Bon Preu es una empresa catalana del sector de la <strong>alimentaci\u00f3n<\/strong> y cuenta con alrededor de 150 establecimientos en toda la Comunidad Aut\u00f3noma.<\/p>\n<div id=\"attachment_31044\" style=\"width: 600px\" class=\"wp-caption aligncenter\"><a href=\"https:\/\/www.oficinaempleo.com\/blog\/wp-content\/uploads\/2022\/03\/OE-Arti\u0301culo-texto-37.png\"><img loading=\"lazy\" decoding=\"async\" aria-describedby=\"caption-attachment-31044\" class=\"size-full wp-image-31044\" src=\"https:\/\/www.oficinaempleo.com\/blog\/wp-content\/uploads\/2022\/03\/OE-Arti\u0301culo-texto-37.png\" alt=\"Supermercado Esclat Catalu\u00f1a\" width=\"590\" height=\"315\" srcset=\"https:\/\/www.oficinaempleo.com\/blog\/wp-content\/uploads\/2022\/03\/OE-Arti\u0301culo-texto-37.png 590w, https:\/\/www.oficinaempleo.com\/blog\/wp-content\/uploads\/2022\/03\/OE-Arti\u0301culo-texto-37-300x160.png 300w\" sizes=\"auto, (max-width: 590px) 100vw, 590px\" \/><\/a><p id=\"caption-attachment-31044\" class=\"wp-caption-text\">Esclat, uno de los supermercados pertenecientes al grupo Bonpreu (iStock).<\/p><\/div>\n<p>Bonpreu Trabaja con 3 marcas de supermercados: <strong>Bonpreu, Bonpreu R\u00e0pid<\/strong> (una versi\u00f3n m\u00e1s r\u00e1pida) o <strong>Esclat<\/strong>, unos supermercados de mayor tama\u00f1o con aparcamiento y secci\u00f3n de bazar entre otras y gasolineras <strong>Esclatoil,<\/strong> ubicadas al lado de los supermercados <strong>Esclat<\/strong>. Finalmente cuenta con una cuarta categor\u00eda fuera de Catalu\u00f1a: los supermercados Orangut\u00e1n.<\/p>\n<p>El director general de l grupo,<strong> Joan Font<\/strong> se\u00f1ala que esta cifra de contratados estar\u00e1 estimada <strong>entre cinco y siete a\u00f1os<\/strong>.<\/p>\n<p>La ubicaci\u00f3n exacta ser\u00e1 en <strong>Montblanc,<\/strong> en la<strong> Conca de Barber\u00e1<\/strong>. Un municipio y localidad de la provincia de Tarragona, en la comunidad aut\u00f3noma de Catalu\u00f1a y cuenta con una poblaci\u00f3n de 7433 habitantes. Con el centro log\u00edstico localizado en Montblac, se dar\u00e1 as\u00ed soporte a Tarragona, Arag\u00f3n y Lleida.<\/p>\n<div id=\"attachment_31045\" style=\"width: 600px\" class=\"wp-caption aligncenter\"><a href=\"https:\/\/www.oficinaempleo.com\/blog\/wp-content\/uploads\/2022\/03\/OE-Arti\u0301culo-texto-36.png\"><img loading=\"lazy\" decoding=\"async\" aria-describedby=\"caption-attachment-31045\" class=\"size-full wp-image-31045\" src=\"https:\/\/www.oficinaempleo.com\/blog\/wp-content\/uploads\/2022\/03\/OE-Arti\u0301culo-texto-36.png\" alt=\"Montblanc Tarragona Comunidad Aut\u00f3noma de Catalu\u00f1a\" width=\"590\" height=\"315\" srcset=\"https:\/\/www.oficinaempleo.com\/blog\/wp-content\/uploads\/2022\/03\/OE-Arti\u0301culo-texto-36.png 590w, https:\/\/www.oficinaempleo.com\/blog\/wp-content\/uploads\/2022\/03\/OE-Arti\u0301culo-texto-36-300x160.png 300w\" sizes=\"auto, (max-width: 590px) 100vw, 590px\" \/><\/a><p id=\"caption-attachment-31045\" class=\"wp-caption-text\">Montblanc Tarragona Comunidad Aut\u00f3noma de Catalu\u00f1a (iStock).<\/p><\/div>\n<h2>El centro log\u00edstico de Bon Preu crear\u00e1 1.000 puestos<\/h2>\n<p>En un principio se crear\u00e1n <strong>500 puestos de trabajo<\/strong> para este nuevo centro log\u00edstico. Aunque, se pretende duplicar la cantidad a partir del quinto a\u00f1o.<\/p>\n<h2>\u00bfQuieres trabajar con Bonpreu?<\/h2>\n<p>Si eres uno de los interesados, mientras el centro log\u00edstico est\u00e1 en construcci\u00f3n puedes participar en los procesos de selecci\u00f3n que tienen disponible actualmente haciendo clic en el siguiente <a href=\"https:\/\/treballaambnosaltres.bonpreuesclat.cat\/\" target=\"_blank\" rel=\"noopener\"><strong>enlace<\/strong><\/a>. En la secci\u00f3n \u00abTrabaja con nosotros\u00bb de su p\u00e1gina web podr\u00e1s <strong>postularte<\/strong>.<\/p>\n<p>Estaremos informando sobre los detalles relacionados a esta noticia a medida de que se realicen actualizaciones.<\/p>\n","protected":false},"excerpt":{"rendered":"<p>En los pr\u00f3ximos a\u00f1os la compa\u00f1\u00eda Bonpreu ser\u00e1 la responsable de la creaci\u00f3n de 1000 nuevos puestos de trabajo en Tarragona. \u00bfEl motivo? la creaci\u00f3n de un nuevo centro log\u00edstico. \u00bfTe gustar\u00eda trabajar para este gran grupo de supermercados? solo haciendo clic en el enlace \u00a0podr\u00e1s descubrir todas las ofertas disponibles para ti. Bon Preu [&hellip;]<\/p>\n","protected":false},"author":58,"featured_media":31050,"comment_status":"open","ping_status":"open","sticky":false,"template":"","format":"standard","meta":{"footnotes":""},"categories":[691,6540,1],"tags":[],"class_list":["post-31039","post","type-post","status-publish","format-standard","has-post-thumbnail","hentry","category-actualidad-empleo","category-empleo","category-sin-categoria","cat-691-id","cat-6540-id","cat-1-id","has_thumb"],"yoast_head":"<!-- This site is optimized with the Yoast SEO plugin v27.1.1 - https:\/\/yoast.com\/product\/yoast-seo-wordpress\/ -->\n<title>1.000 empleos en centro log\u00edstico de Tarragona - Blog OficinaEmpleo<\/title>\n<meta name=\"description\" content=\"Este nuevo proyecto en una localidad dentro de Tarragona requerir\u00e1 alrededor de 1.000 empleados. \u00bfEres uno de ellos?\" \/>\n<meta name=\"robots\" content=\"index, follow, max-snippet:-1, max-image-preview:large, max-video-preview:-1\" \/>\n<link rel=\"canonical\" href=\"https:\/\/www.oficinaempleo.com\/blog\/1-000-empleos-en-centro-logistico-de-tarragona\/\" \/>\n<meta property=\"og:locale\" content=\"es_ES\" \/>\n<meta property=\"og:type\" content=\"article\" \/>\n<meta property=\"og:title\" content=\"1.000 empleos en centro log\u00edstico de Tarragona - Blog OficinaEmpleo\" \/>\n<meta property=\"og:description\" content=\"Este nuevo proyecto en una localidad dentro de Tarragona requerir\u00e1 alrededor de 1.000 empleados. \u00bfEres uno de ellos?\" \/>\n<meta property=\"og:url\" content=\"https:\/\/www.oficinaempleo.com\/blog\/1-000-empleos-en-centro-logistico-de-tarragona\/\" \/>\n<meta property=\"og:site_name\" content=\"Noticias y consejos de empleo | Blog OficinaEmpleo\" \/>\n<meta property=\"article:published_time\" content=\"2022-03-21T11:39:46+00:00\" \/>\n<meta property=\"article:modified_time\" content=\"2022-03-21T12:21:12+00:00\" \/>\n<meta property=\"og:image\" content=\"https:\/\/www.oficinaempleo.com\/blog\/wp-content\/uploads\/2022\/03\/OE-DESTACADA-40.png\" \/>\n\t<meta property=\"og:image:width\" content=\"600\" \/>\n\t<meta property=\"og:image:height\" content=\"310\" \/>\n\t<meta property=\"og:image:type\" content=\"image\/png\" \/>\n<meta name=\"author\" content=\"Daniela Barbero\" \/>\n<meta name=\"twitter:card\" content=\"summary_large_image\" \/>\n<meta name=\"twitter:creator\" content=\"@OficinaEmpleo\" \/>\n<meta name=\"twitter:site\" content=\"@OficinaEmpleo\" \/>\n<meta name=\"twitter:label1\" content=\"Written by\" \/>\n\t<meta name=\"twitter:data1\" content=\"Daniela Barbero\" \/>\n\t<meta name=\"twitter:label2\" content=\"Est. reading time\" \/>\n\t<meta name=\"twitter:data2\" content=\"2 minutos\" \/>\n<script type=\"application\/ld+json\" class=\"yoast-schema-graph\">{\"@context\":\"https:\/\/schema.org\",\"@graph\":[{\"@type\":\"Article\",\"@id\":\"https:\/\/www.oficinaempleo.com\/blog\/1-000-empleos-en-centro-logistico-de-tarragona\/#article\",\"isPartOf\":{\"@id\":\"https:\/\/www.oficinaempleo.com\/blog\/1-000-empleos-en-centro-logistico-de-tarragona\/\"},\"author\":{\"name\":\"Daniela Barbero\",\"@id\":\"https:\/\/www.oficinaempleo.com\/blog\/#\/schema\/person\/19c23848f14cef2d223f4fae41c2ec78\"},\"headline\":\"1.000 empleos en centro log\u00edstico de Tarragona\",\"datePublished\":\"2022-03-21T11:39:46+00:00\",\"dateModified\":\"2022-03-21T12:21:12+00:00\",\"mainEntityOfPage\":{\"@id\":\"https:\/\/www.oficinaempleo.com\/blog\/1-000-empleos-en-centro-logistico-de-tarragona\/\"},\"wordCount\":365,\"commentCount\":13,\"publisher\":{\"@id\":\"https:\/\/www.oficinaempleo.com\/blog\/#organization\"},\"image\":{\"@id\":\"https:\/\/www.oficinaempleo.com\/blog\/1-000-empleos-en-centro-logistico-de-tarragona\/#primaryimage\"},\"thumbnailUrl\":\"https:\/\/www.oficinaempleo.com\/blog\/wp-content\/uploads\/2022\/03\/OE-DESTACADA-40.png\",\"articleSection\":[\"Actualidad\",\"empleo\"],\"inLanguage\":\"es\",\"potentialAction\":[{\"@type\":\"CommentAction\",\"name\":\"Comment\",\"target\":[\"https:\/\/www.oficinaempleo.com\/blog\/1-000-empleos-en-centro-logistico-de-tarragona\/#respond\"]}]},{\"@type\":\"WebPage\",\"@id\":\"https:\/\/www.oficinaempleo.com\/blog\/1-000-empleos-en-centro-logistico-de-tarragona\/\",\"url\":\"https:\/\/www.oficinaempleo.com\/blog\/1-000-empleos-en-centro-logistico-de-tarragona\/\",\"name\":\"1.000 empleos en centro log\u00edstico de Tarragona - Blog OficinaEmpleo\",\"isPartOf\":{\"@id\":\"https:\/\/www.oficinaempleo.com\/blog\/#website\"},\"primaryImageOfPage\":{\"@id\":\"https:\/\/www.oficinaempleo.com\/blog\/1-000-empleos-en-centro-logistico-de-tarragona\/#primaryimage\"},\"image\":{\"@id\":\"https:\/\/www.oficinaempleo.com\/blog\/1-000-empleos-en-centro-logistico-de-tarragona\/#primaryimage\"},\"thumbnailUrl\":\"https:\/\/www.oficinaempleo.com\/blog\/wp-content\/uploads\/2022\/03\/OE-DESTACADA-40.png\",\"datePublished\":\"2022-03-21T11:39:46+00:00\",\"dateModified\":\"2022-03-21T12:21:12+00:00\",\"description\":\"Este nuevo proyecto en una localidad dentro de Tarragona requerir\u00e1 alrededor de 1.000 empleados. \u00bfEres uno de ellos?\",\"breadcrumb\":{\"@id\":\"https:\/\/www.oficinaempleo.com\/blog\/1-000-empleos-en-centro-logistico-de-tarragona\/#breadcrumb\"},\"inLanguage\":\"es\",\"potentialAction\":[{\"@type\":\"ReadAction\",\"target\":[\"https:\/\/www.oficinaempleo.com\/blog\/1-000-empleos-en-centro-logistico-de-tarragona\/\"]}]},{\"@type\":\"ImageObject\",\"inLanguage\":\"es\",\"@id\":\"https:\/\/www.oficinaempleo.com\/blog\/1-000-empleos-en-centro-logistico-de-tarragona\/#primaryimage\",\"url\":\"https:\/\/www.oficinaempleo.com\/blog\/wp-content\/uploads\/2022\/03\/OE-DESTACADA-40.png\",\"contentUrl\":\"https:\/\/www.oficinaempleo.com\/blog\/wp-content\/uploads\/2022\/03\/OE-DESTACADA-40.png\",\"width\":600,\"height\":310,\"caption\":\"Trabaja en centro log\u00edstico de Tarragona (iStock).\"},{\"@type\":\"BreadcrumbList\",\"@id\":\"https:\/\/www.oficinaempleo.com\/blog\/1-000-empleos-en-centro-logistico-de-tarragona\/#breadcrumb\",\"itemListElement\":[{\"@type\":\"ListItem\",\"position\":1,\"name\":\"Home\",\"item\":\"https:\/\/www.oficinaempleo.com\/blog\/\"},{\"@type\":\"ListItem\",\"position\":2,\"name\":\"1.000 empleos en centro log\u00edstico de Tarragona\"}]},{\"@type\":\"WebSite\",\"@id\":\"https:\/\/www.oficinaempleo.com\/blog\/#website\",\"url\":\"https:\/\/www.oficinaempleo.com\/blog\/\",\"name\":\"Noticias y Consejos de Empleo | Blog OficinaEmpleo\",\"description\":\"\",\"publisher\":{\"@id\":\"https:\/\/www.oficinaempleo.com\/blog\/#organization\"},\"potentialAction\":[{\"@type\":\"SearchAction\",\"target\":{\"@type\":\"EntryPoint\",\"urlTemplate\":\"https:\/\/www.oficinaempleo.com\/blog\/?s={search_term_string}\"},\"query-input\":{\"@type\":\"PropertyValueSpecification\",\"valueRequired\":true,\"valueName\":\"search_term_string\"}}],\"inLanguage\":\"es\"},{\"@type\":\"Organization\",\"@id\":\"https:\/\/www.oficinaempleo.com\/blog\/#organization\",\"name\":\"OficinaEmpleo\",\"url\":\"https:\/\/www.oficinaempleo.com\/blog\/\",\"logo\":{\"@type\":\"ImageObject\",\"inLanguage\":\"es\",\"@id\":\"https:\/\/www.oficinaempleo.com\/blog\/#\/schema\/logo\/image\/\",\"url\":\"https:\/\/www.oficinaempleo.com\/blog\/wp-content\/uploads\/2018\/10\/logo_footer-1.jpg\",\"contentUrl\":\"https:\/\/www.oficinaempleo.com\/blog\/wp-content\/uploads\/2018\/10\/logo_footer-1.jpg\",\"width\":478,\"height\":57,\"caption\":\"OficinaEmpleo\"},\"image\":{\"@id\":\"https:\/\/www.oficinaempleo.com\/blog\/#\/schema\/logo\/image\/\"},\"sameAs\":[\"https:\/\/x.com\/OficinaEmpleo\"]},{\"@type\":\"Person\",\"@id\":\"https:\/\/www.oficinaempleo.com\/blog\/#\/schema\/person\/19c23848f14cef2d223f4fae41c2ec78\",\"name\":\"Daniela Barbero\",\"image\":{\"@type\":\"ImageObject\",\"inLanguage\":\"es\",\"@id\":\"https:\/\/www.oficinaempleo.com\/blog\/#\/schema\/person\/image\/\",\"url\":\"https:\/\/secure.gravatar.com\/avatar\/038645f031c363e29379028a8feafa667494ba7d4e9067378df019af9be138a8?s=96&d=mm&r=g\",\"contentUrl\":\"https:\/\/secure.gravatar.com\/avatar\/038645f031c363e29379028a8feafa667494ba7d4e9067378df019af9be138a8?s=96&d=mm&r=g\",\"caption\":\"Daniela Barbero\"},\"url\":\"https:\/\/www.oficinaempleo.com\/blog\/author\/daniela-barbero\/\"}]}<\/script>\n<!-- \/ Yoast SEO plugin. -->","yoast_head_json":{"title":"1.000 empleos en centro log\u00edstico de Tarragona - Blog OficinaEmpleo","description":"Este nuevo proyecto en una localidad dentro de Tarragona requerir\u00e1 alrededor de 1.000 empleados. \u00bfEres uno de ellos?","robots":{"index":"index","follow":"follow","max-snippet":"max-snippet:-1","max-image-preview":"max-image-preview:large","max-video-preview":"max-video-preview:-1"},"canonical":"https:\/\/www.oficinaempleo.com\/blog\/1-000-empleos-en-centro-logistico-de-tarragona\/","og_locale":"es_ES","og_type":"article","og_title":"1.000 empleos en centro log\u00edstico de Tarragona - Blog OficinaEmpleo","og_description":"Este nuevo proyecto en una localidad dentro de Tarragona requerir\u00e1 alrededor de 1.000 empleados. \u00bfEres uno de ellos?","og_url":"https:\/\/www.oficinaempleo.com\/blog\/1-000-empleos-en-centro-logistico-de-tarragona\/","og_site_name":"Noticias y consejos de empleo | Blog OficinaEmpleo","article_published_time":"2022-03-21T11:39:46+00:00","article_modified_time":"2022-03-21T12:21:12+00:00","og_image":[{"width":600,"height":310,"url":"https:\/\/www.oficinaempleo.com\/blog\/wp-content\/uploads\/2022\/03\/OE-DESTACADA-40.png","type":"image\/png"}],"author":"Daniela Barbero","twitter_card":"summary_large_image","twitter_creator":"@OficinaEmpleo","twitter_site":"@OficinaEmpleo","twitter_misc":{"Written by":"Daniela Barbero","Est. reading time":"2 minutos"},"schema":{"@context":"https:\/\/schema.org","@graph":[{"@type":"Article","@id":"https:\/\/www.oficinaempleo.com\/blog\/1-000-empleos-en-centro-logistico-de-tarragona\/#article","isPartOf":{"@id":"https:\/\/www.oficinaempleo.com\/blog\/1-000-empleos-en-centro-logistico-de-tarragona\/"},"author":{"name":"Daniela Barbero","@id":"https:\/\/www.oficinaempleo.com\/blog\/#\/schema\/person\/19c23848f14cef2d223f4fae41c2ec78"},"headline":"1.000 empleos en centro log\u00edstico de Tarragona","datePublished":"2022-03-21T11:39:46+00:00","dateModified":"2022-03-21T12:21:12+00:00","mainEntityOfPage":{"@id":"https:\/\/www.oficinaempleo.com\/blog\/1-000-empleos-en-centro-logistico-de-tarragona\/"},"wordCount":365,"commentCount":13,"publisher":{"@id":"https:\/\/www.oficinaempleo.com\/blog\/#organization"},"image":{"@id":"https:\/\/www.oficinaempleo.com\/blog\/1-000-empleos-en-centro-logistico-de-tarragona\/#primaryimage"},"thumbnailUrl":"https:\/\/www.oficinaempleo.com\/blog\/wp-content\/uploads\/2022\/03\/OE-DESTACADA-40.png","articleSection":["Actualidad","empleo"],"inLanguage":"es","potentialAction":[{"@type":"CommentAction","name":"Comment","target":["https:\/\/www.oficinaempleo.com\/blog\/1-000-empleos-en-centro-logistico-de-tarragona\/#respond"]}]},{"@type":"WebPage","@id":"https:\/\/www.oficinaempleo.com\/blog\/1-000-empleos-en-centro-logistico-de-tarragona\/","url":"https:\/\/www.oficinaempleo.com\/blog\/1-000-empleos-en-centro-logistico-de-tarragona\/","name":"1.000 empleos en centro log\u00edstico de Tarragona - Blog OficinaEmpleo","isPartOf":{"@id":"https:\/\/www.oficinaempleo.com\/blog\/#website"},"primaryImageOfPage":{"@id":"https:\/\/www.oficinaempleo.com\/blog\/1-000-empleos-en-centro-logistico-de-tarragona\/#primaryimage"},"image":{"@id":"https:\/\/www.oficinaempleo.com\/blog\/1-000-empleos-en-centro-logistico-de-tarragona\/#primaryimage"},"thumbnailUrl":"https:\/\/www.oficinaempleo.com\/blog\/wp-content\/uploads\/2022\/03\/OE-DESTACADA-40.png","datePublished":"2022-03-21T11:39:46+00:00","dateModified":"2022-03-21T12:21:12+00:00","description":"Este nuevo proyecto en una localidad dentro de Tarragona requerir\u00e1 alrededor de 1.000 empleados. \u00bfEres uno de ellos?","breadcrumb":{"@id":"https:\/\/www.oficinaempleo.com\/blog\/1-000-empleos-en-centro-logistico-de-tarragona\/#breadcrumb"},"inLanguage":"es","potentialAction":[{"@type":"ReadAction","target":["https:\/\/www.oficinaempleo.com\/blog\/1-000-empleos-en-centro-logistico-de-tarragona\/"]}]},{"@type":"ImageObject","inLanguage":"es","@id":"https:\/\/www.oficinaempleo.com\/blog\/1-000-empleos-en-centro-logistico-de-tarragona\/#primaryimage","url":"https:\/\/www.oficinaempleo.com\/blog\/wp-content\/uploads\/2022\/03\/OE-DESTACADA-40.png","contentUrl":"https:\/\/www.oficinaempleo.com\/blog\/wp-content\/uploads\/2022\/03\/OE-DESTACADA-40.png","width":600,"height":310,"caption":"Trabaja en centro log\u00edstico de Tarragona (iStock)."},{"@type":"BreadcrumbList","@id":"https:\/\/www.oficinaempleo.com\/blog\/1-000-empleos-en-centro-logistico-de-tarragona\/#breadcrumb","itemListElement":[{"@type":"ListItem","position":1,"name":"Home","item":"https:\/\/www.oficinaempleo.com\/blog\/"},{"@type":"ListItem","position":2,"name":"1.000 empleos en centro log\u00edstico de Tarragona"}]},{"@type":"WebSite","@id":"https:\/\/www.oficinaempleo.com\/blog\/#website","url":"https:\/\/www.oficinaempleo.com\/blog\/","name":"Noticias y Consejos de Empleo | Blog OficinaEmpleo","description":"","publisher":{"@id":"https:\/\/www.oficinaempleo.com\/blog\/#organization"},"potentialAction":[{"@type":"SearchAction","target":{"@type":"EntryPoint","urlTemplate":"https:\/\/www.oficinaempleo.com\/blog\/?s={search_term_string}"},"query-input":{"@type":"PropertyValueSpecification","valueRequired":true,"valueName":"search_term_string"}}],"inLanguage":"es"},{"@type":"Organization","@id":"https:\/\/www.oficinaempleo.com\/blog\/#organization","name":"OficinaEmpleo","url":"https:\/\/www.oficinaempleo.com\/blog\/","logo":{"@type":"ImageObject","inLanguage":"es","@id":"https:\/\/www.oficinaempleo.com\/blog\/#\/schema\/logo\/image\/","url":"https:\/\/www.oficinaempleo.com\/blog\/wp-content\/uploads\/2018\/10\/logo_footer-1.jpg","contentUrl":"https:\/\/www.oficinaempleo.com\/blog\/wp-content\/uploads\/2018\/10\/logo_footer-1.jpg","width":478,"height":57,"caption":"OficinaEmpleo"},"image":{"@id":"https:\/\/www.oficinaempleo.com\/blog\/#\/schema\/logo\/image\/"},"sameAs":["https:\/\/x.com\/OficinaEmpleo"]},{"@type":"Person","@id":"https:\/\/www.oficinaempleo.com\/blog\/#\/schema\/person\/19c23848f14cef2d223f4fae41c2ec78","name":"Daniela Barbero","image":{"@type":"ImageObject","inLanguage":"es","@id":"https:\/\/www.oficinaempleo.com\/blog\/#\/schema\/person\/image\/","url":"https:\/\/secure.gravatar.com\/avatar\/038645f031c363e29379028a8feafa667494ba7d4e9067378df019af9be138a8?s=96&d=mm&r=g","contentUrl":"https:\/\/secure.gravatar.com\/avatar\/038645f031c363e29379028a8feafa667494ba7d4e9067378df019af9be138a8?s=96&d=mm&r=g","caption":"Daniela Barbero"},"url":"https:\/\/www.oficinaempleo.com\/blog\/author\/daniela-barbero\/"}]}},"_links":{"self":[{"href":"https:\/\/www.oficinaempleo.com\/blog\/wp-json\/wp\/v2\/posts\/31039","targetHints":{"allow":["GET"]}}],"collection":[{"href":"https:\/\/www.oficinaempleo.com\/blog\/wp-json\/wp\/v2\/posts"}],"about":[{"href":"https:\/\/www.oficinaempleo.com\/blog\/wp-json\/wp\/v2\/types\/post"}],"author":[{"embeddable":true,"href":"https:\/\/www.oficinaempleo.com\/blog\/wp-json\/wp\/v2\/users\/58"}],"replies":[{"embeddable":true,"href":"https:\/\/www.oficinaempleo.com\/blog\/wp-json\/wp\/v2\/comments?post=31039"}],"version-history":[{"count":5,"href":"https:\/\/www.oficinaempleo.com\/blog\/wp-json\/wp\/v2\/posts\/31039\/revisions"}],"predecessor-version":[{"id":31051,"href":"https:\/\/www.oficinaempleo.com\/blog\/wp-json\/wp\/v2\/posts\/31039\/revisions\/31051"}],"wp:featuredmedia":[{"embeddable":true,"href":"https:\/\/www.oficinaempleo.com\/blog\/wp-json\/wp\/v2\/media\/31050"}],"wp:attachment":[{"href":"https:\/\/www.oficinaempleo.com\/blog\/wp-json\/wp\/v2\/media?parent=31039"}],"wp:term":[{"taxonomy":"category","embeddable":true,"href":"https:\/\/www.oficinaempleo.com\/blog\/wp-json\/wp\/v2\/categories?post=31039"},{"taxonomy":"post_tag","embeddable":true,"href":"https:\/\/www.oficinaempleo.com\/blog\/wp-json\/wp\/v2\/tags?post=31039"}],"curies":[{"name":"wp","href":"https:\/\/api.w.org\/{rel}","templated":true}]}}