{"id":31105,"date":"2022-03-30T10:28:01","date_gmt":"2022-03-30T09:28:01","guid":{"rendered":"https:\/\/www.oficinaempleo.com\/blog\/?p=31105"},"modified":"2022-03-30T12:12:01","modified_gmt":"2022-03-30T11:12:01","slug":"trabaja-en-el-camping-las-dunas-de-la-costa-brava","status":"publish","type":"post","link":"https:\/\/www.oficinaempleo.com\/blog\/trabaja-en-el-camping-las-dunas-de-la-costa-brava\/","title":{"rendered":"Trabaja en el camping Las Dunas de la Costa Brava"},"content":{"rendered":"<p>El verano est\u00e1 cada vez m\u00e1s cerca y si piensas que un empleo para esa temporada puede interesarte, el camping <strong>Las Dunas de la Costa Brava<\/strong> ha comunicado una<strong> nueva oferta de empleo.<\/strong><\/p>\n<p>El camping est\u00e1 ubicado en el municipio de <strong>Sant Pere Pescador <\/strong>y tiene nuevos <a href=\"https:\/\/www.campinglasdunas.com\/solicitud-de-empleo\/\" target=\"_blank\" rel=\"noopener\">procesos disponibles<\/a> para este <strong>verano 2022.\u00a0<\/strong><\/p>\n<div id=\"attachment_31106\" style=\"width: 600px\" class=\"wp-caption aligncenter\"><a href=\"https:\/\/www.oficinaempleo.com\/blog\/wp-content\/uploads\/2022\/03\/OE-Arti\u0301culo-texto-41.png\"><img loading=\"lazy\" decoding=\"async\" aria-describedby=\"caption-attachment-31106\" class=\"size-full wp-image-31106\" src=\"https:\/\/www.oficinaempleo.com\/blog\/wp-content\/uploads\/2022\/03\/OE-Arti\u0301culo-texto-41.png\" alt=\"Empleo Camping Costa Brava\" width=\"590\" height=\"315\" srcset=\"https:\/\/www.oficinaempleo.com\/blog\/wp-content\/uploads\/2022\/03\/OE-Arti\u0301culo-texto-41.png 590w, https:\/\/www.oficinaempleo.com\/blog\/wp-content\/uploads\/2022\/03\/OE-Arti\u0301culo-texto-41-300x160.png 300w\" sizes=\"auto, (max-width: 590px) 100vw, 590px\" \/><\/a><p id=\"caption-attachment-31106\" class=\"wp-caption-text\">Costa Brava (iStock).<\/p><\/div>\n<h2>Sobre el camping Las Dunas<\/h2>\n<p>Es un camping con bungalows, parque acu\u00e1tico y acceso a la playa en la <strong>Bah\u00eda de Roses<\/strong>, sus puertas est\u00e1n abiertas desde <strong>1968<\/strong> y reconoci\u00f3 desde entonces el potencial de un terreno agr\u00edcola para as\u00ed convertirlo en un camping. Es moderno, con instalaciones de alta calidad. Hay cuatro restaurantes, dos tiendas, tres bares, supermercado y discoteca.<\/p>\n<p>Se buscan los siguientes perfiles:<\/p>\n<ul>\n<li>Personal de limpieza<\/li>\n<li>Vigilantes de seguridad (turno noche)<\/li>\n<li>Personal de cocina<\/li>\n<li>Camareros de sala<\/li>\n<li>Personal para el bar piscina, grill bar, discoteca, restaurante y beach bar<\/li>\n<\/ul>\n<p>Dependiendo de la categor\u00eda profesional a la que est\u00e9s postul\u00e1ndote, <strong>se requerir\u00e1 de una formaci\u00f3n espec\u00edfica y experiencia relacionada al puesto.<\/strong><\/p>\n<h2>Requisitos<\/h2>\n<ul>\n<li>Ser una persona din\u00e1mica.<\/li>\n<li>Trabajo en equipo.<\/li>\n<li>Clara orientaci\u00f3n de servicio al cliente.<\/li>\n<\/ul>\n<h2>Trabaja en el camping Las Dunas de la Costa Brava<\/h2>\n<p>Para ser uno de los candidatos y participar en esta nueva<strong> oferta de empleo en Las Dunas de la Costa Brava<\/strong>, puedes enviar tu candidatura en su <strong><a href=\"https:\/\/www.campinglasdunas.com\/solicitud-de-empleo\/\" target=\"_blank\" rel=\"noopener\">p\u00e1gina web<\/a>.<\/strong><\/p>\n<p>El proceso es muy sencillo, solo debes <strong>inscribirte en el modelo de solicitud online<\/strong> de la p\u00e1gina web donde est\u00e1n publicados todos los <strong>procesos disponibles<\/strong>, luego debes <strong>rellenar<\/strong> cada uno de los apartados con tu experiencia, datos personales, idiomas y formaci\u00f3n en general.<\/p>\n<p>Adem\u00e1s, puedes seleccionar si dispones de alojamiento cerca del camping o si necesitas que el camping te facilite el alojamiento de ser posible.<\/p>\n<p>Por otro lado, puedes enviar tu CV en el siguiente correo electr\u00f3nico habilitado: <strong>empleo@campinglasdunas.com\u00a0<\/strong><\/p>\n<p>\u00bfTrabajar\u00edas en un camping este verano?<\/p>\n","protected":false},"excerpt":{"rendered":"<p>El verano est\u00e1 cada vez m\u00e1s cerca y si piensas que un empleo para esa temporada puede interesarte, el camping Las Dunas de la Costa Brava ha comunicado una nueva oferta de empleo. El camping est\u00e1 ubicado en el municipio de Sant Pere Pescador y tiene nuevos procesos disponibles para este verano 2022.\u00a0 Sobre el [&hellip;]<\/p>\n","protected":false},"author":58,"featured_media":31107,"comment_status":"open","ping_status":"open","sticky":false,"template":"","format":"standard","meta":{"footnotes":""},"categories":[691,6540],"tags":[],"class_list":["post-31105","post","type-post","status-publish","format-standard","has-post-thumbnail","hentry","category-actualidad-empleo","category-empleo","cat-691-id","cat-6540-id","has_thumb"],"yoast_head":"<!-- This site is optimized with the Yoast SEO plugin v27.1.1 - https:\/\/yoast.com\/product\/yoast-seo-wordpress\/ -->\n<title>Trabaja en el camping Las Dunas de la Costa Brava - Blog OficinaEmpleo<\/title>\n<meta name=\"description\" content=\"\u00bfEres una persona din\u00e1mica, te gusta trabajar en equipo y tienes una clara orientaci\u00f3n de servicio al cliente? \u00a1Sigue leyendo!\" \/>\n<meta name=\"robots\" content=\"index, follow, max-snippet:-1, max-image-preview:large, max-video-preview:-1\" \/>\n<link rel=\"canonical\" href=\"https:\/\/www.oficinaempleo.com\/blog\/trabaja-en-el-camping-las-dunas-de-la-costa-brava\/\" \/>\n<meta property=\"og:locale\" content=\"es_ES\" \/>\n<meta property=\"og:type\" content=\"article\" \/>\n<meta property=\"og:title\" content=\"Trabaja en el camping Las Dunas de la Costa Brava - Blog OficinaEmpleo\" \/>\n<meta property=\"og:description\" content=\"\u00bfEres una persona din\u00e1mica, te gusta trabajar en equipo y tienes una clara orientaci\u00f3n de servicio al cliente? \u00a1Sigue leyendo!\" \/>\n<meta property=\"og:url\" content=\"https:\/\/www.oficinaempleo.com\/blog\/trabaja-en-el-camping-las-dunas-de-la-costa-brava\/\" \/>\n<meta property=\"og:site_name\" content=\"Noticias y consejos de empleo | Blog OficinaEmpleo\" \/>\n<meta property=\"article:published_time\" content=\"2022-03-30T09:28:01+00:00\" \/>\n<meta property=\"article:modified_time\" content=\"2022-03-30T11:12:01+00:00\" \/>\n<meta property=\"og:image\" content=\"https:\/\/www.oficinaempleo.com\/blog\/wp-content\/uploads\/2022\/03\/OE-DESTACADA-44.png\" \/>\n\t<meta property=\"og:image:width\" content=\"600\" \/>\n\t<meta property=\"og:image:height\" content=\"310\" \/>\n\t<meta property=\"og:image:type\" content=\"image\/png\" \/>\n<meta name=\"author\" content=\"Daniela Barbero\" \/>\n<meta name=\"twitter:card\" content=\"summary_large_image\" \/>\n<meta name=\"twitter:creator\" content=\"@OficinaEmpleo\" \/>\n<meta name=\"twitter:site\" content=\"@OficinaEmpleo\" \/>\n<meta name=\"twitter:label1\" content=\"Written by\" \/>\n\t<meta name=\"twitter:data1\" content=\"Daniela Barbero\" \/>\n\t<meta name=\"twitter:label2\" content=\"Est. reading time\" \/>\n\t<meta name=\"twitter:data2\" content=\"2 minutos\" \/>\n<script type=\"application\/ld+json\" class=\"yoast-schema-graph\">{\"@context\":\"https:\/\/schema.org\",\"@graph\":[{\"@type\":\"Article\",\"@id\":\"https:\/\/www.oficinaempleo.com\/blog\/trabaja-en-el-camping-las-dunas-de-la-costa-brava\/#article\",\"isPartOf\":{\"@id\":\"https:\/\/www.oficinaempleo.com\/blog\/trabaja-en-el-camping-las-dunas-de-la-costa-brava\/\"},\"author\":{\"name\":\"Daniela Barbero\",\"@id\":\"https:\/\/www.oficinaempleo.com\/blog\/#\/schema\/person\/19c23848f14cef2d223f4fae41c2ec78\"},\"headline\":\"Trabaja en el camping Las Dunas de la Costa Brava\",\"datePublished\":\"2022-03-30T09:28:01+00:00\",\"dateModified\":\"2022-03-30T11:12:01+00:00\",\"mainEntityOfPage\":{\"@id\":\"https:\/\/www.oficinaempleo.com\/blog\/trabaja-en-el-camping-las-dunas-de-la-costa-brava\/\"},\"wordCount\":344,\"commentCount\":13,\"publisher\":{\"@id\":\"https:\/\/www.oficinaempleo.com\/blog\/#organization\"},\"image\":{\"@id\":\"https:\/\/www.oficinaempleo.com\/blog\/trabaja-en-el-camping-las-dunas-de-la-costa-brava\/#primaryimage\"},\"thumbnailUrl\":\"https:\/\/www.oficinaempleo.com\/blog\/wp-content\/uploads\/2022\/03\/OE-DESTACADA-44.png\",\"articleSection\":[\"Actualidad\",\"empleo\"],\"inLanguage\":\"es\",\"potentialAction\":[{\"@type\":\"CommentAction\",\"name\":\"Comment\",\"target\":[\"https:\/\/www.oficinaempleo.com\/blog\/trabaja-en-el-camping-las-dunas-de-la-costa-brava\/#respond\"]}]},{\"@type\":\"WebPage\",\"@id\":\"https:\/\/www.oficinaempleo.com\/blog\/trabaja-en-el-camping-las-dunas-de-la-costa-brava\/\",\"url\":\"https:\/\/www.oficinaempleo.com\/blog\/trabaja-en-el-camping-las-dunas-de-la-costa-brava\/\",\"name\":\"Trabaja en el camping Las Dunas de la Costa Brava - Blog OficinaEmpleo\",\"isPartOf\":{\"@id\":\"https:\/\/www.oficinaempleo.com\/blog\/#website\"},\"primaryImageOfPage\":{\"@id\":\"https:\/\/www.oficinaempleo.com\/blog\/trabaja-en-el-camping-las-dunas-de-la-costa-brava\/#primaryimage\"},\"image\":{\"@id\":\"https:\/\/www.oficinaempleo.com\/blog\/trabaja-en-el-camping-las-dunas-de-la-costa-brava\/#primaryimage\"},\"thumbnailUrl\":\"https:\/\/www.oficinaempleo.com\/blog\/wp-content\/uploads\/2022\/03\/OE-DESTACADA-44.png\",\"datePublished\":\"2022-03-30T09:28:01+00:00\",\"dateModified\":\"2022-03-30T11:12:01+00:00\",\"description\":\"\u00bfEres una persona din\u00e1mica, te gusta trabajar en equipo y tienes una clara orientaci\u00f3n de servicio al cliente? \u00a1Sigue leyendo!\",\"breadcrumb\":{\"@id\":\"https:\/\/www.oficinaempleo.com\/blog\/trabaja-en-el-camping-las-dunas-de-la-costa-brava\/#breadcrumb\"},\"inLanguage\":\"es\",\"potentialAction\":[{\"@type\":\"ReadAction\",\"target\":[\"https:\/\/www.oficinaempleo.com\/blog\/trabaja-en-el-camping-las-dunas-de-la-costa-brava\/\"]}]},{\"@type\":\"ImageObject\",\"inLanguage\":\"es\",\"@id\":\"https:\/\/www.oficinaempleo.com\/blog\/trabaja-en-el-camping-las-dunas-de-la-costa-brava\/#primaryimage\",\"url\":\"https:\/\/www.oficinaempleo.com\/blog\/wp-content\/uploads\/2022\/03\/OE-DESTACADA-44.png\",\"contentUrl\":\"https:\/\/www.oficinaempleo.com\/blog\/wp-content\/uploads\/2022\/03\/OE-DESTACADA-44.png\",\"width\":600,\"height\":310,\"caption\":\"Oferta de empleo camping Costa Brava (iStock).\"},{\"@type\":\"BreadcrumbList\",\"@id\":\"https:\/\/www.oficinaempleo.com\/blog\/trabaja-en-el-camping-las-dunas-de-la-costa-brava\/#breadcrumb\",\"itemListElement\":[{\"@type\":\"ListItem\",\"position\":1,\"name\":\"Home\",\"item\":\"https:\/\/www.oficinaempleo.com\/blog\/\"},{\"@type\":\"ListItem\",\"position\":2,\"name\":\"Trabaja en el camping Las Dunas de la Costa Brava\"}]},{\"@type\":\"WebSite\",\"@id\":\"https:\/\/www.oficinaempleo.com\/blog\/#website\",\"url\":\"https:\/\/www.oficinaempleo.com\/blog\/\",\"name\":\"Noticias y Consejos de Empleo | Blog OficinaEmpleo\",\"description\":\"\",\"publisher\":{\"@id\":\"https:\/\/www.oficinaempleo.com\/blog\/#organization\"},\"potentialAction\":[{\"@type\":\"SearchAction\",\"target\":{\"@type\":\"EntryPoint\",\"urlTemplate\":\"https:\/\/www.oficinaempleo.com\/blog\/?s={search_term_string}\"},\"query-input\":{\"@type\":\"PropertyValueSpecification\",\"valueRequired\":true,\"valueName\":\"search_term_string\"}}],\"inLanguage\":\"es\"},{\"@type\":\"Organization\",\"@id\":\"https:\/\/www.oficinaempleo.com\/blog\/#organization\",\"name\":\"OficinaEmpleo\",\"url\":\"https:\/\/www.oficinaempleo.com\/blog\/\",\"logo\":{\"@type\":\"ImageObject\",\"inLanguage\":\"es\",\"@id\":\"https:\/\/www.oficinaempleo.com\/blog\/#\/schema\/logo\/image\/\",\"url\":\"https:\/\/www.oficinaempleo.com\/blog\/wp-content\/uploads\/2018\/10\/logo_footer-1.jpg\",\"contentUrl\":\"https:\/\/www.oficinaempleo.com\/blog\/wp-content\/uploads\/2018\/10\/logo_footer-1.jpg\",\"width\":478,\"height\":57,\"caption\":\"OficinaEmpleo\"},\"image\":{\"@id\":\"https:\/\/www.oficinaempleo.com\/blog\/#\/schema\/logo\/image\/\"},\"sameAs\":[\"https:\/\/x.com\/OficinaEmpleo\"]},{\"@type\":\"Person\",\"@id\":\"https:\/\/www.oficinaempleo.com\/blog\/#\/schema\/person\/19c23848f14cef2d223f4fae41c2ec78\",\"name\":\"Daniela Barbero\",\"image\":{\"@type\":\"ImageObject\",\"inLanguage\":\"es\",\"@id\":\"https:\/\/www.oficinaempleo.com\/blog\/#\/schema\/person\/image\/\",\"url\":\"https:\/\/secure.gravatar.com\/avatar\/038645f031c363e29379028a8feafa667494ba7d4e9067378df019af9be138a8?s=96&d=mm&r=g\",\"contentUrl\":\"https:\/\/secure.gravatar.com\/avatar\/038645f031c363e29379028a8feafa667494ba7d4e9067378df019af9be138a8?s=96&d=mm&r=g\",\"caption\":\"Daniela Barbero\"},\"url\":\"https:\/\/www.oficinaempleo.com\/blog\/author\/daniela-barbero\/\"}]}<\/script>\n<!-- \/ Yoast SEO plugin. -->","yoast_head_json":{"title":"Trabaja en el camping Las Dunas de la Costa Brava - Blog OficinaEmpleo","description":"\u00bfEres una persona din\u00e1mica, te gusta trabajar en equipo y tienes una clara orientaci\u00f3n de servicio al cliente? \u00a1Sigue leyendo!","robots":{"index":"index","follow":"follow","max-snippet":"max-snippet:-1","max-image-preview":"max-image-preview:large","max-video-preview":"max-video-preview:-1"},"canonical":"https:\/\/www.oficinaempleo.com\/blog\/trabaja-en-el-camping-las-dunas-de-la-costa-brava\/","og_locale":"es_ES","og_type":"article","og_title":"Trabaja en el camping Las Dunas de la Costa Brava - Blog OficinaEmpleo","og_description":"\u00bfEres una persona din\u00e1mica, te gusta trabajar en equipo y tienes una clara orientaci\u00f3n de servicio al cliente? \u00a1Sigue leyendo!","og_url":"https:\/\/www.oficinaempleo.com\/blog\/trabaja-en-el-camping-las-dunas-de-la-costa-brava\/","og_site_name":"Noticias y consejos de empleo | Blog OficinaEmpleo","article_published_time":"2022-03-30T09:28:01+00:00","article_modified_time":"2022-03-30T11:12:01+00:00","og_image":[{"width":600,"height":310,"url":"https:\/\/www.oficinaempleo.com\/blog\/wp-content\/uploads\/2022\/03\/OE-DESTACADA-44.png","type":"image\/png"}],"author":"Daniela Barbero","twitter_card":"summary_large_image","twitter_creator":"@OficinaEmpleo","twitter_site":"@OficinaEmpleo","twitter_misc":{"Written by":"Daniela Barbero","Est. reading time":"2 minutos"},"schema":{"@context":"https:\/\/schema.org","@graph":[{"@type":"Article","@id":"https:\/\/www.oficinaempleo.com\/blog\/trabaja-en-el-camping-las-dunas-de-la-costa-brava\/#article","isPartOf":{"@id":"https:\/\/www.oficinaempleo.com\/blog\/trabaja-en-el-camping-las-dunas-de-la-costa-brava\/"},"author":{"name":"Daniela Barbero","@id":"https:\/\/www.oficinaempleo.com\/blog\/#\/schema\/person\/19c23848f14cef2d223f4fae41c2ec78"},"headline":"Trabaja en el camping Las Dunas de la Costa Brava","datePublished":"2022-03-30T09:28:01+00:00","dateModified":"2022-03-30T11:12:01+00:00","mainEntityOfPage":{"@id":"https:\/\/www.oficinaempleo.com\/blog\/trabaja-en-el-camping-las-dunas-de-la-costa-brava\/"},"wordCount":344,"commentCount":13,"publisher":{"@id":"https:\/\/www.oficinaempleo.com\/blog\/#organization"},"image":{"@id":"https:\/\/www.oficinaempleo.com\/blog\/trabaja-en-el-camping-las-dunas-de-la-costa-brava\/#primaryimage"},"thumbnailUrl":"https:\/\/www.oficinaempleo.com\/blog\/wp-content\/uploads\/2022\/03\/OE-DESTACADA-44.png","articleSection":["Actualidad","empleo"],"inLanguage":"es","potentialAction":[{"@type":"CommentAction","name":"Comment","target":["https:\/\/www.oficinaempleo.com\/blog\/trabaja-en-el-camping-las-dunas-de-la-costa-brava\/#respond"]}]},{"@type":"WebPage","@id":"https:\/\/www.oficinaempleo.com\/blog\/trabaja-en-el-camping-las-dunas-de-la-costa-brava\/","url":"https:\/\/www.oficinaempleo.com\/blog\/trabaja-en-el-camping-las-dunas-de-la-costa-brava\/","name":"Trabaja en el camping Las Dunas de la Costa Brava - Blog OficinaEmpleo","isPartOf":{"@id":"https:\/\/www.oficinaempleo.com\/blog\/#website"},"primaryImageOfPage":{"@id":"https:\/\/www.oficinaempleo.com\/blog\/trabaja-en-el-camping-las-dunas-de-la-costa-brava\/#primaryimage"},"image":{"@id":"https:\/\/www.oficinaempleo.com\/blog\/trabaja-en-el-camping-las-dunas-de-la-costa-brava\/#primaryimage"},"thumbnailUrl":"https:\/\/www.oficinaempleo.com\/blog\/wp-content\/uploads\/2022\/03\/OE-DESTACADA-44.png","datePublished":"2022-03-30T09:28:01+00:00","dateModified":"2022-03-30T11:12:01+00:00","description":"\u00bfEres una persona din\u00e1mica, te gusta trabajar en equipo y tienes una clara orientaci\u00f3n de servicio al cliente? \u00a1Sigue leyendo!","breadcrumb":{"@id":"https:\/\/www.oficinaempleo.com\/blog\/trabaja-en-el-camping-las-dunas-de-la-costa-brava\/#breadcrumb"},"inLanguage":"es","potentialAction":[{"@type":"ReadAction","target":["https:\/\/www.oficinaempleo.com\/blog\/trabaja-en-el-camping-las-dunas-de-la-costa-brava\/"]}]},{"@type":"ImageObject","inLanguage":"es","@id":"https:\/\/www.oficinaempleo.com\/blog\/trabaja-en-el-camping-las-dunas-de-la-costa-brava\/#primaryimage","url":"https:\/\/www.oficinaempleo.com\/blog\/wp-content\/uploads\/2022\/03\/OE-DESTACADA-44.png","contentUrl":"https:\/\/www.oficinaempleo.com\/blog\/wp-content\/uploads\/2022\/03\/OE-DESTACADA-44.png","width":600,"height":310,"caption":"Oferta de empleo camping Costa Brava (iStock)."},{"@type":"BreadcrumbList","@id":"https:\/\/www.oficinaempleo.com\/blog\/trabaja-en-el-camping-las-dunas-de-la-costa-brava\/#breadcrumb","itemListElement":[{"@type":"ListItem","position":1,"name":"Home","item":"https:\/\/www.oficinaempleo.com\/blog\/"},{"@type":"ListItem","position":2,"name":"Trabaja en el camping Las Dunas de la Costa Brava"}]},{"@type":"WebSite","@id":"https:\/\/www.oficinaempleo.com\/blog\/#website","url":"https:\/\/www.oficinaempleo.com\/blog\/","name":"Noticias y Consejos de Empleo | Blog OficinaEmpleo","description":"","publisher":{"@id":"https:\/\/www.oficinaempleo.com\/blog\/#organization"},"potentialAction":[{"@type":"SearchAction","target":{"@type":"EntryPoint","urlTemplate":"https:\/\/www.oficinaempleo.com\/blog\/?s={search_term_string}"},"query-input":{"@type":"PropertyValueSpecification","valueRequired":true,"valueName":"search_term_string"}}],"inLanguage":"es"},{"@type":"Organization","@id":"https:\/\/www.oficinaempleo.com\/blog\/#organization","name":"OficinaEmpleo","url":"https:\/\/www.oficinaempleo.com\/blog\/","logo":{"@type":"ImageObject","inLanguage":"es","@id":"https:\/\/www.oficinaempleo.com\/blog\/#\/schema\/logo\/image\/","url":"https:\/\/www.oficinaempleo.com\/blog\/wp-content\/uploads\/2018\/10\/logo_footer-1.jpg","contentUrl":"https:\/\/www.oficinaempleo.com\/blog\/wp-content\/uploads\/2018\/10\/logo_footer-1.jpg","width":478,"height":57,"caption":"OficinaEmpleo"},"image":{"@id":"https:\/\/www.oficinaempleo.com\/blog\/#\/schema\/logo\/image\/"},"sameAs":["https:\/\/x.com\/OficinaEmpleo"]},{"@type":"Person","@id":"https:\/\/www.oficinaempleo.com\/blog\/#\/schema\/person\/19c23848f14cef2d223f4fae41c2ec78","name":"Daniela Barbero","image":{"@type":"ImageObject","inLanguage":"es","@id":"https:\/\/www.oficinaempleo.com\/blog\/#\/schema\/person\/image\/","url":"https:\/\/secure.gravatar.com\/avatar\/038645f031c363e29379028a8feafa667494ba7d4e9067378df019af9be138a8?s=96&d=mm&r=g","contentUrl":"https:\/\/secure.gravatar.com\/avatar\/038645f031c363e29379028a8feafa667494ba7d4e9067378df019af9be138a8?s=96&d=mm&r=g","caption":"Daniela Barbero"},"url":"https:\/\/www.oficinaempleo.com\/blog\/author\/daniela-barbero\/"}]}},"_links":{"self":[{"href":"https:\/\/www.oficinaempleo.com\/blog\/wp-json\/wp\/v2\/posts\/31105","targetHints":{"allow":["GET"]}}],"collection":[{"href":"https:\/\/www.oficinaempleo.com\/blog\/wp-json\/wp\/v2\/posts"}],"about":[{"href":"https:\/\/www.oficinaempleo.com\/blog\/wp-json\/wp\/v2\/types\/post"}],"author":[{"embeddable":true,"href":"https:\/\/www.oficinaempleo.com\/blog\/wp-json\/wp\/v2\/users\/58"}],"replies":[{"embeddable":true,"href":"https:\/\/www.oficinaempleo.com\/blog\/wp-json\/wp\/v2\/comments?post=31105"}],"version-history":[{"count":4,"href":"https:\/\/www.oficinaempleo.com\/blog\/wp-json\/wp\/v2\/posts\/31105\/revisions"}],"predecessor-version":[{"id":31120,"href":"https:\/\/www.oficinaempleo.com\/blog\/wp-json\/wp\/v2\/posts\/31105\/revisions\/31120"}],"wp:featuredmedia":[{"embeddable":true,"href":"https:\/\/www.oficinaempleo.com\/blog\/wp-json\/wp\/v2\/media\/31107"}],"wp:attachment":[{"href":"https:\/\/www.oficinaempleo.com\/blog\/wp-json\/wp\/v2\/media?parent=31105"}],"wp:term":[{"taxonomy":"category","embeddable":true,"href":"https:\/\/www.oficinaempleo.com\/blog\/wp-json\/wp\/v2\/categories?post=31105"},{"taxonomy":"post_tag","embeddable":true,"href":"https:\/\/www.oficinaempleo.com\/blog\/wp-json\/wp\/v2\/tags?post=31105"}],"curies":[{"name":"wp","href":"https:\/\/api.w.org\/{rel}","templated":true}]}}