{"id":31232,"date":"2022-04-21T10:28:48","date_gmt":"2022-04-21T09:28:48","guid":{"rendered":"https:\/\/www.oficinaempleo.com\/blog\/?p=31232"},"modified":"2022-04-21T10:51:52","modified_gmt":"2022-04-21T09:51:52","slug":"trabaja-personaje-parque-warner-madrid","status":"publish","type":"post","link":"https:\/\/www.oficinaempleo.com\/blog\/trabaja-personaje-parque-warner-madrid\/","title":{"rendered":"Trabaja como personaje en el Parque Warner de Madrid"},"content":{"rendered":"<p>El operador espa\u00f1ol de parques de atracciones Parques Reunidos ha publicado una nueva oferta que encontrar\u00e1s en su portal. El<strong> Parque Warner<\/strong> est\u00e1 en b\u00fasqueda de nuevos personales.<\/p>\n<p>Si eres uno de los interesados en enviar tu candidatura, puedes hacerlo a trav\u00e9s de este <a href=\"https:\/\/parquesreunidos.epreselec.com\/Ofertas\/Ofertas.aspx?Id_Oferta=2559936\"><strong>enlace<\/strong><\/a>.<\/p>\n<p><img decoding=\"async\" class=\"aligncenter\" src=\"https:\/\/www.oficinaempleo.com\/blog\/wp-content\/uploads\/2022\/04\/OE-DESTACADA-9.jpg\" \/><\/p>\n<h2>Sobre el Parque Warner<\/h2>\n<p>El famoso parque de atracciones<strong> Warner<\/strong> est\u00e1 ubicado dentro del municipio <strong>San Mart\u00edn de la Vega<\/strong>, en la<strong> Comunidad de Madrid<\/strong>. Se pretende que los nuevos empleados inicien sus labores en esta nueva temporada.<\/p>\n<p>El parque celebr\u00f3 este a\u00f1o su <strong>20 aniversario<\/strong> y es considerado como un referente en cuanto al ocio y entretenimiento espa\u00f1ol. Cuenta con 33 atracciones mec\u00e1nicas y lleva abierto desde el 5 de abril de 2022.<\/p>\n<div id=\"attachment_31236\" style=\"width: 600px\" class=\"wp-caption aligncenter\"><a href=\"https:\/\/www.oficinaempleo.com\/blog\/wp-content\/uploads\/2022\/04\/OE-Arti\u0301culo-texto-48-1.png\"><img loading=\"lazy\" decoding=\"async\" aria-describedby=\"caption-attachment-31236\" class=\"size-full wp-image-31236\" src=\"https:\/\/www.oficinaempleo.com\/blog\/wp-content\/uploads\/2022\/04\/OE-Arti\u0301culo-texto-48-1.png\" alt=\"Empleo parque de atracciones\" width=\"590\" height=\"315\" srcset=\"https:\/\/www.oficinaempleo.com\/blog\/wp-content\/uploads\/2022\/04\/OE-Arti\u0301culo-texto-48-1.png 590w, https:\/\/www.oficinaempleo.com\/blog\/wp-content\/uploads\/2022\/04\/OE-Arti\u0301culo-texto-48-1-300x160.png 300w\" sizes=\"auto, (max-width: 590px) 100vw, 590px\" \/><\/a><p id=\"caption-attachment-31236\" class=\"wp-caption-text\">Trabajar en un parque de atracciones es una excelente oportunidad para las personas extrovertidas (iStock).<\/p><\/div>\n<h2>Vacantes disponibles en el parque Warner<\/h2>\n<p>La compa\u00f1\u00eda est\u00e1 ofreciendo 6 vacantes para todos aquellos candidatos que cumplan con los siguientes requisitos:<\/p>\n<ul>\n<li>Permiso de conducir: carn\u00e9 tipo B<\/li>\n<li>Veh\u00edculo propio<\/li>\n<li>Estatura de entre 1,55m a 1,64m y 1,74 a 1,78<\/li>\n<li>Disponible para trabajar cualquier<\/li>\n<li>Experiencia o formaci\u00f3n como animador<\/li>\n<li>Persona extrovertida<\/li>\n<\/ul>\n<p>El contrato de trabajo es de car\u00e1cter <strong>temporal<\/strong> y ser\u00eda para iniciar en la temporada 2022 de Parque Warner.<\/p>\n<p>Por otro lado, formar\u00e1s parte del equipo de fotograf\u00eda y personajes del departamento de <strong>Tiendas de Fotograf\u00eda de Parque Warner<\/strong>.<\/p>\n<h2>Otras oportunidades de empleo<\/h2>\n<p>Adem\u00e1s, hay otros procesos de selecci\u00f3n abiertos para t\u00e9cnicos mec\u00e1nicos con formaci\u00f3n en Electricidad y Electr\u00f3nica y experiencia de m\u00ednimo dos a\u00f1os en un puesto parecido.<\/p>\n<p>Las funciones a realizar son las siguientes:<\/p>\n<ul>\n<li>Instalaci\u00f3n, montaje y operaci\u00f3n de equipos mec\u00e1nicos<\/li>\n<li>Diagn\u00f3stico, reparaci\u00f3n y ajustes de diferentes tipos de instalaciones, elementos mec\u00e1nicos del parque y maquinarias<\/li>\n<li>Interpretar planos mec\u00e1nicos, hidr\u00e1ulicos y neum\u00e1ticos de los equipos a mantener<\/li>\n<\/ul>\n<p>El parque<strong> Warner<\/strong> ofrece formar parte de un gran equipo de profesionales, con un contrato temporal en la<strong> temporada 2022<\/strong> en la localidad de San Mart\u00edn de la Vega.<\/p>\n","protected":false},"excerpt":{"rendered":"<p>El operador espa\u00f1ol de parques de atracciones Parques Reunidos ha publicado una nueva oferta que encontrar\u00e1s en su portal. El Parque Warner est\u00e1 en b\u00fasqueda de nuevos personales. Si eres uno de los interesados en enviar tu candidatura, puedes hacerlo a trav\u00e9s de este enlace. Sobre el Parque Warner El famoso parque de atracciones Warner [&hellip;]<\/p>\n","protected":false},"author":58,"featured_media":31235,"comment_status":"open","ping_status":"open","sticky":false,"template":"","format":"standard","meta":{"footnotes":""},"categories":[1],"tags":[],"class_list":["post-31232","post","type-post","status-publish","format-standard","has-post-thumbnail","hentry","category-sin-categoria","cat-1-id","has_thumb"],"yoast_head":"<!-- This site is optimized with the Yoast SEO plugin v27.1.1 - https:\/\/yoast.com\/product\/yoast-seo-wordpress\/ -->\n<title>Trabaja como personaje en el Parque Warner de Madrid - Blog OficinaEmpleo<\/title>\n<meta name=\"description\" content=\"\u00bfEres extrovertido y tienes experiencia o formaci\u00f3n como animador? Esta oferta de empleo puede interesarte.\" \/>\n<meta name=\"robots\" content=\"index, follow, max-snippet:-1, max-image-preview:large, max-video-preview:-1\" \/>\n<link rel=\"canonical\" href=\"https:\/\/www.oficinaempleo.com\/blog\/trabaja-personaje-parque-warner-madrid\/\" \/>\n<meta property=\"og:locale\" content=\"es_ES\" \/>\n<meta property=\"og:type\" content=\"article\" \/>\n<meta property=\"og:title\" content=\"Trabaja como personaje en el Parque Warner de Madrid - Blog OficinaEmpleo\" \/>\n<meta property=\"og:description\" content=\"\u00bfEres extrovertido y tienes experiencia o formaci\u00f3n como animador? Esta oferta de empleo puede interesarte.\" \/>\n<meta property=\"og:url\" content=\"https:\/\/www.oficinaempleo.com\/blog\/trabaja-personaje-parque-warner-madrid\/\" \/>\n<meta property=\"og:site_name\" content=\"Noticias y consejos de empleo | Blog OficinaEmpleo\" \/>\n<meta property=\"article:published_time\" content=\"2022-04-21T09:28:48+00:00\" \/>\n<meta property=\"article:modified_time\" content=\"2022-04-21T09:51:52+00:00\" \/>\n<meta property=\"og:image\" content=\"https:\/\/www.oficinaempleo.com\/blog\/wp-content\/uploads\/2022\/04\/OE-DESTACADA-9.jpg\" \/>\n\t<meta property=\"og:image:width\" content=\"600\" \/>\n\t<meta property=\"og:image:height\" content=\"310\" \/>\n\t<meta property=\"og:image:type\" content=\"image\/jpeg\" \/>\n<meta name=\"author\" content=\"Daniela Barbero\" \/>\n<meta name=\"twitter:card\" content=\"summary_large_image\" \/>\n<meta name=\"twitter:creator\" content=\"@OficinaEmpleo\" \/>\n<meta name=\"twitter:site\" content=\"@OficinaEmpleo\" \/>\n<meta name=\"twitter:label1\" content=\"Written by\" \/>\n\t<meta name=\"twitter:data1\" content=\"Daniela Barbero\" \/>\n\t<meta name=\"twitter:label2\" content=\"Est. reading time\" \/>\n\t<meta name=\"twitter:data2\" content=\"2 minutos\" \/>\n<script type=\"application\/ld+json\" class=\"yoast-schema-graph\">{\"@context\":\"https:\/\/schema.org\",\"@graph\":[{\"@type\":\"Article\",\"@id\":\"https:\/\/www.oficinaempleo.com\/blog\/trabaja-personaje-parque-warner-madrid\/#article\",\"isPartOf\":{\"@id\":\"https:\/\/www.oficinaempleo.com\/blog\/trabaja-personaje-parque-warner-madrid\/\"},\"author\":{\"name\":\"Daniela Barbero\",\"@id\":\"https:\/\/www.oficinaempleo.com\/blog\/#\/schema\/person\/19c23848f14cef2d223f4fae41c2ec78\"},\"headline\":\"Trabaja como personaje en el Parque Warner de Madrid\",\"datePublished\":\"2022-04-21T09:28:48+00:00\",\"dateModified\":\"2022-04-21T09:51:52+00:00\",\"mainEntityOfPage\":{\"@id\":\"https:\/\/www.oficinaempleo.com\/blog\/trabaja-personaje-parque-warner-madrid\/\"},\"wordCount\":364,\"commentCount\":36,\"publisher\":{\"@id\":\"https:\/\/www.oficinaempleo.com\/blog\/#organization\"},\"image\":{\"@id\":\"https:\/\/www.oficinaempleo.com\/blog\/trabaja-personaje-parque-warner-madrid\/#primaryimage\"},\"thumbnailUrl\":\"https:\/\/www.oficinaempleo.com\/blog\/wp-content\/uploads\/2022\/04\/OE-DESTACADA-9.jpg\",\"inLanguage\":\"es\",\"potentialAction\":[{\"@type\":\"CommentAction\",\"name\":\"Comment\",\"target\":[\"https:\/\/www.oficinaempleo.com\/blog\/trabaja-personaje-parque-warner-madrid\/#respond\"]}]},{\"@type\":\"WebPage\",\"@id\":\"https:\/\/www.oficinaempleo.com\/blog\/trabaja-personaje-parque-warner-madrid\/\",\"url\":\"https:\/\/www.oficinaempleo.com\/blog\/trabaja-personaje-parque-warner-madrid\/\",\"name\":\"Trabaja como personaje en el Parque Warner de Madrid - Blog OficinaEmpleo\",\"isPartOf\":{\"@id\":\"https:\/\/www.oficinaempleo.com\/blog\/#website\"},\"primaryImageOfPage\":{\"@id\":\"https:\/\/www.oficinaempleo.com\/blog\/trabaja-personaje-parque-warner-madrid\/#primaryimage\"},\"image\":{\"@id\":\"https:\/\/www.oficinaempleo.com\/blog\/trabaja-personaje-parque-warner-madrid\/#primaryimage\"},\"thumbnailUrl\":\"https:\/\/www.oficinaempleo.com\/blog\/wp-content\/uploads\/2022\/04\/OE-DESTACADA-9.jpg\",\"datePublished\":\"2022-04-21T09:28:48+00:00\",\"dateModified\":\"2022-04-21T09:51:52+00:00\",\"description\":\"\u00bfEres extrovertido y tienes experiencia o formaci\u00f3n como animador? Esta oferta de empleo puede interesarte.\",\"breadcrumb\":{\"@id\":\"https:\/\/www.oficinaempleo.com\/blog\/trabaja-personaje-parque-warner-madrid\/#breadcrumb\"},\"inLanguage\":\"es\",\"potentialAction\":[{\"@type\":\"ReadAction\",\"target\":[\"https:\/\/www.oficinaempleo.com\/blog\/trabaja-personaje-parque-warner-madrid\/\"]}]},{\"@type\":\"ImageObject\",\"inLanguage\":\"es\",\"@id\":\"https:\/\/www.oficinaempleo.com\/blog\/trabaja-personaje-parque-warner-madrid\/#primaryimage\",\"url\":\"https:\/\/www.oficinaempleo.com\/blog\/wp-content\/uploads\/2022\/04\/OE-DESTACADA-9.jpg\",\"contentUrl\":\"https:\/\/www.oficinaempleo.com\/blog\/wp-content\/uploads\/2022\/04\/OE-DESTACADA-9.jpg\",\"width\":600,\"height\":310,\"caption\":\"Empleo en Parque Warner como animador (iStock).\"},{\"@type\":\"BreadcrumbList\",\"@id\":\"https:\/\/www.oficinaempleo.com\/blog\/trabaja-personaje-parque-warner-madrid\/#breadcrumb\",\"itemListElement\":[{\"@type\":\"ListItem\",\"position\":1,\"name\":\"Home\",\"item\":\"https:\/\/www.oficinaempleo.com\/blog\/\"},{\"@type\":\"ListItem\",\"position\":2,\"name\":\"Trabaja como personaje en el Parque Warner de Madrid\"}]},{\"@type\":\"WebSite\",\"@id\":\"https:\/\/www.oficinaempleo.com\/blog\/#website\",\"url\":\"https:\/\/www.oficinaempleo.com\/blog\/\",\"name\":\"Noticias y Consejos de Empleo | Blog OficinaEmpleo\",\"description\":\"\",\"publisher\":{\"@id\":\"https:\/\/www.oficinaempleo.com\/blog\/#organization\"},\"potentialAction\":[{\"@type\":\"SearchAction\",\"target\":{\"@type\":\"EntryPoint\",\"urlTemplate\":\"https:\/\/www.oficinaempleo.com\/blog\/?s={search_term_string}\"},\"query-input\":{\"@type\":\"PropertyValueSpecification\",\"valueRequired\":true,\"valueName\":\"search_term_string\"}}],\"inLanguage\":\"es\"},{\"@type\":\"Organization\",\"@id\":\"https:\/\/www.oficinaempleo.com\/blog\/#organization\",\"name\":\"OficinaEmpleo\",\"url\":\"https:\/\/www.oficinaempleo.com\/blog\/\",\"logo\":{\"@type\":\"ImageObject\",\"inLanguage\":\"es\",\"@id\":\"https:\/\/www.oficinaempleo.com\/blog\/#\/schema\/logo\/image\/\",\"url\":\"https:\/\/www.oficinaempleo.com\/blog\/wp-content\/uploads\/2018\/10\/logo_footer-1.jpg\",\"contentUrl\":\"https:\/\/www.oficinaempleo.com\/blog\/wp-content\/uploads\/2018\/10\/logo_footer-1.jpg\",\"width\":478,\"height\":57,\"caption\":\"OficinaEmpleo\"},\"image\":{\"@id\":\"https:\/\/www.oficinaempleo.com\/blog\/#\/schema\/logo\/image\/\"},\"sameAs\":[\"https:\/\/x.com\/OficinaEmpleo\"]},{\"@type\":\"Person\",\"@id\":\"https:\/\/www.oficinaempleo.com\/blog\/#\/schema\/person\/19c23848f14cef2d223f4fae41c2ec78\",\"name\":\"Daniela Barbero\",\"image\":{\"@type\":\"ImageObject\",\"inLanguage\":\"es\",\"@id\":\"https:\/\/www.oficinaempleo.com\/blog\/#\/schema\/person\/image\/\",\"url\":\"https:\/\/secure.gravatar.com\/avatar\/038645f031c363e29379028a8feafa667494ba7d4e9067378df019af9be138a8?s=96&d=mm&r=g\",\"contentUrl\":\"https:\/\/secure.gravatar.com\/avatar\/038645f031c363e29379028a8feafa667494ba7d4e9067378df019af9be138a8?s=96&d=mm&r=g\",\"caption\":\"Daniela Barbero\"},\"url\":\"https:\/\/www.oficinaempleo.com\/blog\/author\/daniela-barbero\/\"}]}<\/script>\n<!-- \/ Yoast SEO plugin. -->","yoast_head_json":{"title":"Trabaja como personaje en el Parque Warner de Madrid - Blog OficinaEmpleo","description":"\u00bfEres extrovertido y tienes experiencia o formaci\u00f3n como animador? Esta oferta de empleo puede interesarte.","robots":{"index":"index","follow":"follow","max-snippet":"max-snippet:-1","max-image-preview":"max-image-preview:large","max-video-preview":"max-video-preview:-1"},"canonical":"https:\/\/www.oficinaempleo.com\/blog\/trabaja-personaje-parque-warner-madrid\/","og_locale":"es_ES","og_type":"article","og_title":"Trabaja como personaje en el Parque Warner de Madrid - Blog OficinaEmpleo","og_description":"\u00bfEres extrovertido y tienes experiencia o formaci\u00f3n como animador? Esta oferta de empleo puede interesarte.","og_url":"https:\/\/www.oficinaempleo.com\/blog\/trabaja-personaje-parque-warner-madrid\/","og_site_name":"Noticias y consejos de empleo | Blog OficinaEmpleo","article_published_time":"2022-04-21T09:28:48+00:00","article_modified_time":"2022-04-21T09:51:52+00:00","og_image":[{"width":600,"height":310,"url":"https:\/\/www.oficinaempleo.com\/blog\/wp-content\/uploads\/2022\/04\/OE-DESTACADA-9.jpg","type":"image\/jpeg"}],"author":"Daniela Barbero","twitter_card":"summary_large_image","twitter_creator":"@OficinaEmpleo","twitter_site":"@OficinaEmpleo","twitter_misc":{"Written by":"Daniela Barbero","Est. reading time":"2 minutos"},"schema":{"@context":"https:\/\/schema.org","@graph":[{"@type":"Article","@id":"https:\/\/www.oficinaempleo.com\/blog\/trabaja-personaje-parque-warner-madrid\/#article","isPartOf":{"@id":"https:\/\/www.oficinaempleo.com\/blog\/trabaja-personaje-parque-warner-madrid\/"},"author":{"name":"Daniela Barbero","@id":"https:\/\/www.oficinaempleo.com\/blog\/#\/schema\/person\/19c23848f14cef2d223f4fae41c2ec78"},"headline":"Trabaja como personaje en el Parque Warner de Madrid","datePublished":"2022-04-21T09:28:48+00:00","dateModified":"2022-04-21T09:51:52+00:00","mainEntityOfPage":{"@id":"https:\/\/www.oficinaempleo.com\/blog\/trabaja-personaje-parque-warner-madrid\/"},"wordCount":364,"commentCount":36,"publisher":{"@id":"https:\/\/www.oficinaempleo.com\/blog\/#organization"},"image":{"@id":"https:\/\/www.oficinaempleo.com\/blog\/trabaja-personaje-parque-warner-madrid\/#primaryimage"},"thumbnailUrl":"https:\/\/www.oficinaempleo.com\/blog\/wp-content\/uploads\/2022\/04\/OE-DESTACADA-9.jpg","inLanguage":"es","potentialAction":[{"@type":"CommentAction","name":"Comment","target":["https:\/\/www.oficinaempleo.com\/blog\/trabaja-personaje-parque-warner-madrid\/#respond"]}]},{"@type":"WebPage","@id":"https:\/\/www.oficinaempleo.com\/blog\/trabaja-personaje-parque-warner-madrid\/","url":"https:\/\/www.oficinaempleo.com\/blog\/trabaja-personaje-parque-warner-madrid\/","name":"Trabaja como personaje en el Parque Warner de Madrid - Blog OficinaEmpleo","isPartOf":{"@id":"https:\/\/www.oficinaempleo.com\/blog\/#website"},"primaryImageOfPage":{"@id":"https:\/\/www.oficinaempleo.com\/blog\/trabaja-personaje-parque-warner-madrid\/#primaryimage"},"image":{"@id":"https:\/\/www.oficinaempleo.com\/blog\/trabaja-personaje-parque-warner-madrid\/#primaryimage"},"thumbnailUrl":"https:\/\/www.oficinaempleo.com\/blog\/wp-content\/uploads\/2022\/04\/OE-DESTACADA-9.jpg","datePublished":"2022-04-21T09:28:48+00:00","dateModified":"2022-04-21T09:51:52+00:00","description":"\u00bfEres extrovertido y tienes experiencia o formaci\u00f3n como animador? Esta oferta de empleo puede interesarte.","breadcrumb":{"@id":"https:\/\/www.oficinaempleo.com\/blog\/trabaja-personaje-parque-warner-madrid\/#breadcrumb"},"inLanguage":"es","potentialAction":[{"@type":"ReadAction","target":["https:\/\/www.oficinaempleo.com\/blog\/trabaja-personaje-parque-warner-madrid\/"]}]},{"@type":"ImageObject","inLanguage":"es","@id":"https:\/\/www.oficinaempleo.com\/blog\/trabaja-personaje-parque-warner-madrid\/#primaryimage","url":"https:\/\/www.oficinaempleo.com\/blog\/wp-content\/uploads\/2022\/04\/OE-DESTACADA-9.jpg","contentUrl":"https:\/\/www.oficinaempleo.com\/blog\/wp-content\/uploads\/2022\/04\/OE-DESTACADA-9.jpg","width":600,"height":310,"caption":"Empleo en Parque Warner como animador (iStock)."},{"@type":"BreadcrumbList","@id":"https:\/\/www.oficinaempleo.com\/blog\/trabaja-personaje-parque-warner-madrid\/#breadcrumb","itemListElement":[{"@type":"ListItem","position":1,"name":"Home","item":"https:\/\/www.oficinaempleo.com\/blog\/"},{"@type":"ListItem","position":2,"name":"Trabaja como personaje en el Parque Warner de Madrid"}]},{"@type":"WebSite","@id":"https:\/\/www.oficinaempleo.com\/blog\/#website","url":"https:\/\/www.oficinaempleo.com\/blog\/","name":"Noticias y Consejos de Empleo | Blog OficinaEmpleo","description":"","publisher":{"@id":"https:\/\/www.oficinaempleo.com\/blog\/#organization"},"potentialAction":[{"@type":"SearchAction","target":{"@type":"EntryPoint","urlTemplate":"https:\/\/www.oficinaempleo.com\/blog\/?s={search_term_string}"},"query-input":{"@type":"PropertyValueSpecification","valueRequired":true,"valueName":"search_term_string"}}],"inLanguage":"es"},{"@type":"Organization","@id":"https:\/\/www.oficinaempleo.com\/blog\/#organization","name":"OficinaEmpleo","url":"https:\/\/www.oficinaempleo.com\/blog\/","logo":{"@type":"ImageObject","inLanguage":"es","@id":"https:\/\/www.oficinaempleo.com\/blog\/#\/schema\/logo\/image\/","url":"https:\/\/www.oficinaempleo.com\/blog\/wp-content\/uploads\/2018\/10\/logo_footer-1.jpg","contentUrl":"https:\/\/www.oficinaempleo.com\/blog\/wp-content\/uploads\/2018\/10\/logo_footer-1.jpg","width":478,"height":57,"caption":"OficinaEmpleo"},"image":{"@id":"https:\/\/www.oficinaempleo.com\/blog\/#\/schema\/logo\/image\/"},"sameAs":["https:\/\/x.com\/OficinaEmpleo"]},{"@type":"Person","@id":"https:\/\/www.oficinaempleo.com\/blog\/#\/schema\/person\/19c23848f14cef2d223f4fae41c2ec78","name":"Daniela Barbero","image":{"@type":"ImageObject","inLanguage":"es","@id":"https:\/\/www.oficinaempleo.com\/blog\/#\/schema\/person\/image\/","url":"https:\/\/secure.gravatar.com\/avatar\/038645f031c363e29379028a8feafa667494ba7d4e9067378df019af9be138a8?s=96&d=mm&r=g","contentUrl":"https:\/\/secure.gravatar.com\/avatar\/038645f031c363e29379028a8feafa667494ba7d4e9067378df019af9be138a8?s=96&d=mm&r=g","caption":"Daniela Barbero"},"url":"https:\/\/www.oficinaempleo.com\/blog\/author\/daniela-barbero\/"}]}},"_links":{"self":[{"href":"https:\/\/www.oficinaempleo.com\/blog\/wp-json\/wp\/v2\/posts\/31232","targetHints":{"allow":["GET"]}}],"collection":[{"href":"https:\/\/www.oficinaempleo.com\/blog\/wp-json\/wp\/v2\/posts"}],"about":[{"href":"https:\/\/www.oficinaempleo.com\/blog\/wp-json\/wp\/v2\/types\/post"}],"author":[{"embeddable":true,"href":"https:\/\/www.oficinaempleo.com\/blog\/wp-json\/wp\/v2\/users\/58"}],"replies":[{"embeddable":true,"href":"https:\/\/www.oficinaempleo.com\/blog\/wp-json\/wp\/v2\/comments?post=31232"}],"version-history":[{"count":4,"href":"https:\/\/www.oficinaempleo.com\/blog\/wp-json\/wp\/v2\/posts\/31232\/revisions"}],"predecessor-version":[{"id":31241,"href":"https:\/\/www.oficinaempleo.com\/blog\/wp-json\/wp\/v2\/posts\/31232\/revisions\/31241"}],"wp:featuredmedia":[{"embeddable":true,"href":"https:\/\/www.oficinaempleo.com\/blog\/wp-json\/wp\/v2\/media\/31235"}],"wp:attachment":[{"href":"https:\/\/www.oficinaempleo.com\/blog\/wp-json\/wp\/v2\/media?parent=31232"}],"wp:term":[{"taxonomy":"category","embeddable":true,"href":"https:\/\/www.oficinaempleo.com\/blog\/wp-json\/wp\/v2\/categories?post=31232"},{"taxonomy":"post_tag","embeddable":true,"href":"https:\/\/www.oficinaempleo.com\/blog\/wp-json\/wp\/v2\/tags?post=31232"}],"curies":[{"name":"wp","href":"https:\/\/api.w.org\/{rel}","templated":true}]}}