{"id":3193,"date":"2015-02-24T21:40:01","date_gmt":"2015-02-24T20:40:01","guid":{"rendered":"http:\/\/www.oficinaempleo.com\/blog\/?p=3193"},"modified":"2015-02-24T17:44:27","modified_gmt":"2015-02-24T16:44:27","slug":"cuantas-veces-has-dicho-no-puedo","status":"publish","type":"post","link":"https:\/\/www.oficinaempleo.com\/blog\/cuantas-veces-has-dicho-no-puedo\/","title":{"rendered":"\u00bfCu\u00e1ntas veces has dicho \u2018no puedo\u2019?"},"content":{"rendered":"<p>Su sue\u00f1o era volar. Le sobraba ingenio pero le faltaba autoestima y entusiasmo. Pero un d\u00eda,  todo cambi\u00f3. El protagonista del v\u00eddeo se dio cuenta de que ten\u00eda que luchar por lo que quer\u00eda y creer en sus propias posibilidades. \u00a1No le falt\u00f3 coraje a pesar de que el reto era altamente complicado de alcanzar! Al final,  \u00bfqu\u00e9 sucedi\u00f3? No te pierdas la resoluci\u00f3n de la historia. Te advertimos que a nosotros se nos ha ca\u00eddo una lagrimilla.<\/p>\n<p><a href=\"https:\/\/www.youtube.com\/watch?v=aAx-BYuwF3w\">https:\/\/www.youtube.com\/watch?v=aAx-BYuwF3w<\/a><\/p>\n","protected":false},"excerpt":{"rendered":"<p>Su sue\u00f1o era volar. Le sobraba ingenio pero le faltaba autoestima y entusiasmo. Pero un d\u00eda, todo cambi\u00f3. El protagonista del v\u00eddeo se dio cuenta de que ten\u00eda que luchar por lo que quer\u00eda y creer en sus propias posibilidades. \u00a1No le falt\u00f3 coraje a pesar de que el reto era altamente complicado de alcanzar! [&hellip;]<\/p>\n","protected":false},"author":2,"featured_media":3194,"comment_status":"open","ping_status":"open","sticky":false,"template":"","format":"standard","meta":{"footnotes":""},"categories":[691,12],"tags":[1017,1016,1015],"class_list":["post-3193","post","type-post","status-publish","format-standard","has-post-thumbnail","hentry","category-actualidad-empleo","category-consejos-y-recursos","tag-reto","tag-sueno","tag-volar","cat-691-id","cat-12-id","has_thumb"],"yoast_head":"<!-- This site is optimized with the Yoast SEO plugin v27.1.1 - https:\/\/yoast.com\/product\/yoast-seo-wordpress\/ -->\n<title>\u00bfCu\u00e1ntas veces has dicho \u2018no puedo\u2019? - Blog OficinaEmpleo<\/title>\n<meta name=\"robots\" content=\"index, follow, max-snippet:-1, max-image-preview:large, max-video-preview:-1\" \/>\n<link rel=\"canonical\" href=\"https:\/\/www.oficinaempleo.com\/blog\/cuantas-veces-has-dicho-no-puedo\/\" \/>\n<meta property=\"og:locale\" content=\"es_ES\" \/>\n<meta property=\"og:type\" content=\"article\" \/>\n<meta property=\"og:title\" content=\"\u00bfCu\u00e1ntas veces has dicho \u2018no puedo\u2019? - Blog OficinaEmpleo\" \/>\n<meta property=\"og:description\" content=\"Su sue\u00f1o era volar. Le sobraba ingenio pero le faltaba autoestima y entusiasmo. Pero un d\u00eda, todo cambi\u00f3. El protagonista del v\u00eddeo se dio cuenta de que ten\u00eda que luchar por lo que quer\u00eda y creer en sus propias posibilidades. \u00a1No le falt\u00f3 coraje a pesar de que el reto era altamente complicado de alcanzar! [&hellip;]\" \/>\n<meta property=\"og:url\" content=\"https:\/\/www.oficinaempleo.com\/blog\/cuantas-veces-has-dicho-no-puedo\/\" \/>\n<meta property=\"og:site_name\" content=\"Noticias y consejos de empleo | Blog OficinaEmpleo\" \/>\n<meta property=\"article:author\" content=\"https:\/\/www.facebook.com\/OficinaEmpleo\" \/>\n<meta property=\"article:published_time\" content=\"2015-02-24T20:40:01+00:00\" \/>\n<meta property=\"og:image\" content=\"https:\/\/www.oficinaempleo.com\/blog\/wp-content\/uploads\/2015\/02\/volar.jpg\" \/>\n\t<meta property=\"og:image:width\" content=\"560\" \/>\n\t<meta property=\"og:image:height\" content=\"300\" \/>\n\t<meta property=\"og:image:type\" content=\"image\/jpeg\" \/>\n<meta name=\"author\" content=\"OficinaEmpleo\" \/>\n<meta name=\"twitter:card\" content=\"summary_large_image\" \/>\n<meta name=\"twitter:creator\" content=\"@OficinaEmpleo\" \/>\n<meta name=\"twitter:site\" content=\"@OficinaEmpleo\" \/>\n<meta name=\"twitter:label1\" content=\"Written by\" \/>\n\t<meta name=\"twitter:data1\" content=\"OficinaEmpleo\" \/>\n<script type=\"application\/ld+json\" class=\"yoast-schema-graph\">{\"@context\":\"https:\/\/schema.org\",\"@graph\":[{\"@type\":\"Article\",\"@id\":\"https:\/\/www.oficinaempleo.com\/blog\/cuantas-veces-has-dicho-no-puedo\/#article\",\"isPartOf\":{\"@id\":\"https:\/\/www.oficinaempleo.com\/blog\/cuantas-veces-has-dicho-no-puedo\/\"},\"author\":{\"name\":\"OficinaEmpleo\",\"@id\":\"https:\/\/www.oficinaempleo.com\/blog\/#\/schema\/person\/a7f3437f35bd6bd9ad19addae529a114\"},\"headline\":\"\u00bfCu\u00e1ntas veces has dicho \u2018no puedo\u2019?\",\"datePublished\":\"2015-02-24T20:40:01+00:00\",\"mainEntityOfPage\":{\"@id\":\"https:\/\/www.oficinaempleo.com\/blog\/cuantas-veces-has-dicho-no-puedo\/\"},\"wordCount\":102,\"commentCount\":0,\"publisher\":{\"@id\":\"https:\/\/www.oficinaempleo.com\/blog\/#organization\"},\"image\":{\"@id\":\"https:\/\/www.oficinaempleo.com\/blog\/cuantas-veces-has-dicho-no-puedo\/#primaryimage\"},\"thumbnailUrl\":\"https:\/\/www.oficinaempleo.com\/blog\/wp-content\/uploads\/2015\/02\/volar.jpg\",\"keywords\":[\"reto\",\"sue\u00f1o\",\"volar\"],\"articleSection\":[\"Actualidad\",\"Consejos y Recursos\"],\"inLanguage\":\"es\",\"potentialAction\":[{\"@type\":\"CommentAction\",\"name\":\"Comment\",\"target\":[\"https:\/\/www.oficinaempleo.com\/blog\/cuantas-veces-has-dicho-no-puedo\/#respond\"]}]},{\"@type\":\"WebPage\",\"@id\":\"https:\/\/www.oficinaempleo.com\/blog\/cuantas-veces-has-dicho-no-puedo\/\",\"url\":\"https:\/\/www.oficinaempleo.com\/blog\/cuantas-veces-has-dicho-no-puedo\/\",\"name\":\"\u00bfCu\u00e1ntas veces has dicho \u2018no puedo\u2019? - Blog OficinaEmpleo\",\"isPartOf\":{\"@id\":\"https:\/\/www.oficinaempleo.com\/blog\/#website\"},\"primaryImageOfPage\":{\"@id\":\"https:\/\/www.oficinaempleo.com\/blog\/cuantas-veces-has-dicho-no-puedo\/#primaryimage\"},\"image\":{\"@id\":\"https:\/\/www.oficinaempleo.com\/blog\/cuantas-veces-has-dicho-no-puedo\/#primaryimage\"},\"thumbnailUrl\":\"https:\/\/www.oficinaempleo.com\/blog\/wp-content\/uploads\/2015\/02\/volar.jpg\",\"datePublished\":\"2015-02-24T20:40:01+00:00\",\"breadcrumb\":{\"@id\":\"https:\/\/www.oficinaempleo.com\/blog\/cuantas-veces-has-dicho-no-puedo\/#breadcrumb\"},\"inLanguage\":\"es\",\"potentialAction\":[{\"@type\":\"ReadAction\",\"target\":[\"https:\/\/www.oficinaempleo.com\/blog\/cuantas-veces-has-dicho-no-puedo\/\"]}]},{\"@type\":\"ImageObject\",\"inLanguage\":\"es\",\"@id\":\"https:\/\/www.oficinaempleo.com\/blog\/cuantas-veces-has-dicho-no-puedo\/#primaryimage\",\"url\":\"https:\/\/www.oficinaempleo.com\/blog\/wp-content\/uploads\/2015\/02\/volar.jpg\",\"contentUrl\":\"https:\/\/www.oficinaempleo.com\/blog\/wp-content\/uploads\/2015\/02\/volar.jpg\",\"width\":560,\"height\":300},{\"@type\":\"BreadcrumbList\",\"@id\":\"https:\/\/www.oficinaempleo.com\/blog\/cuantas-veces-has-dicho-no-puedo\/#breadcrumb\",\"itemListElement\":[{\"@type\":\"ListItem\",\"position\":1,\"name\":\"Home\",\"item\":\"https:\/\/www.oficinaempleo.com\/blog\/\"},{\"@type\":\"ListItem\",\"position\":2,\"name\":\"\u00bfCu\u00e1ntas veces has dicho \u2018no puedo\u2019?\"}]},{\"@type\":\"WebSite\",\"@id\":\"https:\/\/www.oficinaempleo.com\/blog\/#website\",\"url\":\"https:\/\/www.oficinaempleo.com\/blog\/\",\"name\":\"Noticias y Consejos de Empleo | Blog OficinaEmpleo\",\"description\":\"\",\"publisher\":{\"@id\":\"https:\/\/www.oficinaempleo.com\/blog\/#organization\"},\"potentialAction\":[{\"@type\":\"SearchAction\",\"target\":{\"@type\":\"EntryPoint\",\"urlTemplate\":\"https:\/\/www.oficinaempleo.com\/blog\/?s={search_term_string}\"},\"query-input\":{\"@type\":\"PropertyValueSpecification\",\"valueRequired\":true,\"valueName\":\"search_term_string\"}}],\"inLanguage\":\"es\"},{\"@type\":\"Organization\",\"@id\":\"https:\/\/www.oficinaempleo.com\/blog\/#organization\",\"name\":\"OficinaEmpleo\",\"url\":\"https:\/\/www.oficinaempleo.com\/blog\/\",\"logo\":{\"@type\":\"ImageObject\",\"inLanguage\":\"es\",\"@id\":\"https:\/\/www.oficinaempleo.com\/blog\/#\/schema\/logo\/image\/\",\"url\":\"https:\/\/www.oficinaempleo.com\/blog\/wp-content\/uploads\/2018\/10\/logo_footer-1.jpg\",\"contentUrl\":\"https:\/\/www.oficinaempleo.com\/blog\/wp-content\/uploads\/2018\/10\/logo_footer-1.jpg\",\"width\":478,\"height\":57,\"caption\":\"OficinaEmpleo\"},\"image\":{\"@id\":\"https:\/\/www.oficinaempleo.com\/blog\/#\/schema\/logo\/image\/\"},\"sameAs\":[\"https:\/\/x.com\/OficinaEmpleo\"]},{\"@type\":\"Person\",\"@id\":\"https:\/\/www.oficinaempleo.com\/blog\/#\/schema\/person\/a7f3437f35bd6bd9ad19addae529a114\",\"name\":\"OficinaEmpleo\",\"image\":{\"@type\":\"ImageObject\",\"inLanguage\":\"es\",\"@id\":\"https:\/\/www.oficinaempleo.com\/blog\/#\/schema\/person\/image\/\",\"url\":\"https:\/\/secure.gravatar.com\/avatar\/ea822afb14d7439ba3051d652cf8f548fe540f184ce16a2135fc22c9337bd72e?s=96&d=mm&r=g\",\"contentUrl\":\"https:\/\/secure.gravatar.com\/avatar\/ea822afb14d7439ba3051d652cf8f548fe540f184ce16a2135fc22c9337bd72e?s=96&d=mm&r=g\",\"caption\":\"OficinaEmpleo\"},\"description\":\"En OficinaEmpleo queremos ayudarte a conseguir trabajo. Por eso, adem\u00e1s de ofrecerte ofertas de empleo en nuestro portal, te ense\u00f1amos las novedades del sector, y consejos para mejorar tu perfil.\",\"sameAs\":[\"http:\/\/www.oficinaempleo.com\/\",\"https:\/\/www.facebook.com\/OficinaEmpleo\",\"https:\/\/x.com\/OficinaEmpleo\"],\"url\":\"https:\/\/www.oficinaempleo.com\/blog\/author\/empleo\/\"}]}<\/script>\n<!-- \/ Yoast SEO plugin. -->","yoast_head_json":{"title":"\u00bfCu\u00e1ntas veces has dicho \u2018no puedo\u2019? - Blog OficinaEmpleo","robots":{"index":"index","follow":"follow","max-snippet":"max-snippet:-1","max-image-preview":"max-image-preview:large","max-video-preview":"max-video-preview:-1"},"canonical":"https:\/\/www.oficinaempleo.com\/blog\/cuantas-veces-has-dicho-no-puedo\/","og_locale":"es_ES","og_type":"article","og_title":"\u00bfCu\u00e1ntas veces has dicho \u2018no puedo\u2019? - Blog OficinaEmpleo","og_description":"Su sue\u00f1o era volar. Le sobraba ingenio pero le faltaba autoestima y entusiasmo. Pero un d\u00eda, todo cambi\u00f3. El protagonista del v\u00eddeo se dio cuenta de que ten\u00eda que luchar por lo que quer\u00eda y creer en sus propias posibilidades. \u00a1No le falt\u00f3 coraje a pesar de que el reto era altamente complicado de alcanzar! [&hellip;]","og_url":"https:\/\/www.oficinaempleo.com\/blog\/cuantas-veces-has-dicho-no-puedo\/","og_site_name":"Noticias y consejos de empleo | Blog OficinaEmpleo","article_author":"https:\/\/www.facebook.com\/OficinaEmpleo","article_published_time":"2015-02-24T20:40:01+00:00","og_image":[{"width":560,"height":300,"url":"https:\/\/www.oficinaempleo.com\/blog\/wp-content\/uploads\/2015\/02\/volar.jpg","type":"image\/jpeg"}],"author":"OficinaEmpleo","twitter_card":"summary_large_image","twitter_creator":"@OficinaEmpleo","twitter_site":"@OficinaEmpleo","twitter_misc":{"Written by":"OficinaEmpleo"},"schema":{"@context":"https:\/\/schema.org","@graph":[{"@type":"Article","@id":"https:\/\/www.oficinaempleo.com\/blog\/cuantas-veces-has-dicho-no-puedo\/#article","isPartOf":{"@id":"https:\/\/www.oficinaempleo.com\/blog\/cuantas-veces-has-dicho-no-puedo\/"},"author":{"name":"OficinaEmpleo","@id":"https:\/\/www.oficinaempleo.com\/blog\/#\/schema\/person\/a7f3437f35bd6bd9ad19addae529a114"},"headline":"\u00bfCu\u00e1ntas veces has dicho \u2018no puedo\u2019?","datePublished":"2015-02-24T20:40:01+00:00","mainEntityOfPage":{"@id":"https:\/\/www.oficinaempleo.com\/blog\/cuantas-veces-has-dicho-no-puedo\/"},"wordCount":102,"commentCount":0,"publisher":{"@id":"https:\/\/www.oficinaempleo.com\/blog\/#organization"},"image":{"@id":"https:\/\/www.oficinaempleo.com\/blog\/cuantas-veces-has-dicho-no-puedo\/#primaryimage"},"thumbnailUrl":"https:\/\/www.oficinaempleo.com\/blog\/wp-content\/uploads\/2015\/02\/volar.jpg","keywords":["reto","sue\u00f1o","volar"],"articleSection":["Actualidad","Consejos y Recursos"],"inLanguage":"es","potentialAction":[{"@type":"CommentAction","name":"Comment","target":["https:\/\/www.oficinaempleo.com\/blog\/cuantas-veces-has-dicho-no-puedo\/#respond"]}]},{"@type":"WebPage","@id":"https:\/\/www.oficinaempleo.com\/blog\/cuantas-veces-has-dicho-no-puedo\/","url":"https:\/\/www.oficinaempleo.com\/blog\/cuantas-veces-has-dicho-no-puedo\/","name":"\u00bfCu\u00e1ntas veces has dicho \u2018no puedo\u2019? - Blog OficinaEmpleo","isPartOf":{"@id":"https:\/\/www.oficinaempleo.com\/blog\/#website"},"primaryImageOfPage":{"@id":"https:\/\/www.oficinaempleo.com\/blog\/cuantas-veces-has-dicho-no-puedo\/#primaryimage"},"image":{"@id":"https:\/\/www.oficinaempleo.com\/blog\/cuantas-veces-has-dicho-no-puedo\/#primaryimage"},"thumbnailUrl":"https:\/\/www.oficinaempleo.com\/blog\/wp-content\/uploads\/2015\/02\/volar.jpg","datePublished":"2015-02-24T20:40:01+00:00","breadcrumb":{"@id":"https:\/\/www.oficinaempleo.com\/blog\/cuantas-veces-has-dicho-no-puedo\/#breadcrumb"},"inLanguage":"es","potentialAction":[{"@type":"ReadAction","target":["https:\/\/www.oficinaempleo.com\/blog\/cuantas-veces-has-dicho-no-puedo\/"]}]},{"@type":"ImageObject","inLanguage":"es","@id":"https:\/\/www.oficinaempleo.com\/blog\/cuantas-veces-has-dicho-no-puedo\/#primaryimage","url":"https:\/\/www.oficinaempleo.com\/blog\/wp-content\/uploads\/2015\/02\/volar.jpg","contentUrl":"https:\/\/www.oficinaempleo.com\/blog\/wp-content\/uploads\/2015\/02\/volar.jpg","width":560,"height":300},{"@type":"BreadcrumbList","@id":"https:\/\/www.oficinaempleo.com\/blog\/cuantas-veces-has-dicho-no-puedo\/#breadcrumb","itemListElement":[{"@type":"ListItem","position":1,"name":"Home","item":"https:\/\/www.oficinaempleo.com\/blog\/"},{"@type":"ListItem","position":2,"name":"\u00bfCu\u00e1ntas veces has dicho \u2018no puedo\u2019?"}]},{"@type":"WebSite","@id":"https:\/\/www.oficinaempleo.com\/blog\/#website","url":"https:\/\/www.oficinaempleo.com\/blog\/","name":"Noticias y Consejos de Empleo | Blog OficinaEmpleo","description":"","publisher":{"@id":"https:\/\/www.oficinaempleo.com\/blog\/#organization"},"potentialAction":[{"@type":"SearchAction","target":{"@type":"EntryPoint","urlTemplate":"https:\/\/www.oficinaempleo.com\/blog\/?s={search_term_string}"},"query-input":{"@type":"PropertyValueSpecification","valueRequired":true,"valueName":"search_term_string"}}],"inLanguage":"es"},{"@type":"Organization","@id":"https:\/\/www.oficinaempleo.com\/blog\/#organization","name":"OficinaEmpleo","url":"https:\/\/www.oficinaempleo.com\/blog\/","logo":{"@type":"ImageObject","inLanguage":"es","@id":"https:\/\/www.oficinaempleo.com\/blog\/#\/schema\/logo\/image\/","url":"https:\/\/www.oficinaempleo.com\/blog\/wp-content\/uploads\/2018\/10\/logo_footer-1.jpg","contentUrl":"https:\/\/www.oficinaempleo.com\/blog\/wp-content\/uploads\/2018\/10\/logo_footer-1.jpg","width":478,"height":57,"caption":"OficinaEmpleo"},"image":{"@id":"https:\/\/www.oficinaempleo.com\/blog\/#\/schema\/logo\/image\/"},"sameAs":["https:\/\/x.com\/OficinaEmpleo"]},{"@type":"Person","@id":"https:\/\/www.oficinaempleo.com\/blog\/#\/schema\/person\/a7f3437f35bd6bd9ad19addae529a114","name":"OficinaEmpleo","image":{"@type":"ImageObject","inLanguage":"es","@id":"https:\/\/www.oficinaempleo.com\/blog\/#\/schema\/person\/image\/","url":"https:\/\/secure.gravatar.com\/avatar\/ea822afb14d7439ba3051d652cf8f548fe540f184ce16a2135fc22c9337bd72e?s=96&d=mm&r=g","contentUrl":"https:\/\/secure.gravatar.com\/avatar\/ea822afb14d7439ba3051d652cf8f548fe540f184ce16a2135fc22c9337bd72e?s=96&d=mm&r=g","caption":"OficinaEmpleo"},"description":"En OficinaEmpleo queremos ayudarte a conseguir trabajo. Por eso, adem\u00e1s de ofrecerte ofertas de empleo en nuestro portal, te ense\u00f1amos las novedades del sector, y consejos para mejorar tu perfil.","sameAs":["http:\/\/www.oficinaempleo.com\/","https:\/\/www.facebook.com\/OficinaEmpleo","https:\/\/x.com\/OficinaEmpleo"],"url":"https:\/\/www.oficinaempleo.com\/blog\/author\/empleo\/"}]}},"_links":{"self":[{"href":"https:\/\/www.oficinaempleo.com\/blog\/wp-json\/wp\/v2\/posts\/3193","targetHints":{"allow":["GET"]}}],"collection":[{"href":"https:\/\/www.oficinaempleo.com\/blog\/wp-json\/wp\/v2\/posts"}],"about":[{"href":"https:\/\/www.oficinaempleo.com\/blog\/wp-json\/wp\/v2\/types\/post"}],"author":[{"embeddable":true,"href":"https:\/\/www.oficinaempleo.com\/blog\/wp-json\/wp\/v2\/users\/2"}],"replies":[{"embeddable":true,"href":"https:\/\/www.oficinaempleo.com\/blog\/wp-json\/wp\/v2\/comments?post=3193"}],"version-history":[{"count":0,"href":"https:\/\/www.oficinaempleo.com\/blog\/wp-json\/wp\/v2\/posts\/3193\/revisions"}],"wp:featuredmedia":[{"embeddable":true,"href":"https:\/\/www.oficinaempleo.com\/blog\/wp-json\/wp\/v2\/media\/3194"}],"wp:attachment":[{"href":"https:\/\/www.oficinaempleo.com\/blog\/wp-json\/wp\/v2\/media?parent=3193"}],"wp:term":[{"taxonomy":"category","embeddable":true,"href":"https:\/\/www.oficinaempleo.com\/blog\/wp-json\/wp\/v2\/categories?post=3193"},{"taxonomy":"post_tag","embeddable":true,"href":"https:\/\/www.oficinaempleo.com\/blog\/wp-json\/wp\/v2\/tags?post=3193"}],"curies":[{"name":"wp","href":"https:\/\/api.w.org\/{rel}","templated":true}]}}