{"id":3196,"date":"2015-02-25T09:20:31","date_gmt":"2015-02-25T08:20:31","guid":{"rendered":"http:\/\/www.oficinaempleo.com\/blog\/?p=3196"},"modified":"2015-02-24T18:21:48","modified_gmt":"2015-02-24T17:21:48","slug":"nuevas-aperturas-en-supermercados-dia","status":"publish","type":"post","link":"https:\/\/www.oficinaempleo.com\/blog\/nuevas-aperturas-en-supermercados-dia\/","title":{"rendered":"Nuevas aperturas en supermercados Dia"},"content":{"rendered":"<p style=\"text-align: justify;\">La cadena espa\u00f1ola de supermercados DIA,  convertida ahora en la <strong>primera empresa franquiciadora en Espa\u00f1a<\/strong> <strong>y la d\u00e9cima en todo el mundo<\/strong> (con 3.000 franquicias en Espa\u00f1a,  Francia, Portugal, Argentina, China y Brasil) pretende remodelarse a lo largo del 2015.<\/p>\n<p style=\"text-align: justify;\"><img loading=\"lazy\" decoding=\"async\" class=\"aligncenter wp-image-3201 size-full\" src=\"http:\/\/www.oficinaempleo.com\/blog\/wp-content\/uploads\/2015\/02\/supermercado-dia.jpg\" alt=\"supermercado dia\" width=\"590\" height=\"381\" srcset=\"https:\/\/www.oficinaempleo.com\/blog\/wp-content\/uploads\/2015\/02\/supermercado-dia.jpg 590w, https:\/\/www.oficinaempleo.com\/blog\/wp-content\/uploads\/2015\/02\/supermercado-dia-300x194.jpg 300w, https:\/\/www.oficinaempleo.com\/blog\/wp-content\/uploads\/2015\/02\/supermercado-dia-232x150.jpg 232w\" sizes=\"auto, (max-width: 590px) 100vw, 590px\" \/><\/p>\n<p style=\"text-align: justify;\">Ricardo Curr\u00e1s, el Consejero Delegado del Grupo DIA, <strong>conf\u00eda en aumentar las ventas este a\u00f1o y mantener el empleo<\/strong> en dicha cadena de supermercados. \u00ab<em>Si el a\u00f1o 2014 fue el peor para la distribuci\u00f3n por la deflaci\u00f3n en los productos de alimentaci\u00f3n, esperamos que este a\u00f1o deje de ser deflacionista y el crecimiento sea menos mitigado por la mejora del consumo de los espa\u00f1oles<\/em>\u00ab, ha explicado Curr\u00e1s.<\/p>\n<p style=\"text-align: justify;\">Tras la adquisici\u00f3n de 160 tiendas Eroski en Madrid y Barcelona, DIA <strong>estrena nueva marca de tiendas<\/strong>. El objetivo, seg\u00fan Curr\u00e1s, es mejorar la oferta comercial de varios de sus productos. Esta nueva incorporaci\u00f3n de marcas llevar\u00e1 consigo la apertura de nuevas tiendas principalmente en zonas costeras.<\/p>\n<p style=\"text-align: justify;\">La marca <strong>DIA Maxi<\/strong> tambi\u00e9n ser\u00e1 remodelada en 600 tiendas de Espa\u00f1a y 100 de Portugal que llevar\u00e1n consigo la <strong>apertura de nuevas charcuter\u00edas, pescader\u00edas y carnicer\u00edas<\/strong>.<\/p>\n<p style=\"text-align: justify;\">Curr\u00e1s pretende invertir 120 millones de euros en remodelaci\u00f3n y 50 millones de euros en nuevas aperturas a lo largo del 2015. Adem\u00e1s, opina que el \u00e9xito de su empresa se debe al modelo franquicia \u201c<em>es el mejor para gestionar proximidad<\/em>\u201d, seg\u00fan el Consejero. Gracias a ello <strong>DIA genera m\u00e1s de 20.000 empleos.<\/strong><\/p>\n<p style=\"text-align: justify;\">Fuera de Espa\u00f1a, DIA apostar\u00e1 tambi\u00e9n por su inversi\u00f3n en Brasil, Argentina y China, en \u00e9ste \u00faltimo caso, m\u00e1s concretamente en la venta online.<\/p>\n<p style=\"text-align: justify;\">Si est\u00e1s interesado en inscribirte a la oferta, pincha <strong><a href=\"http:\/\/www.oficinaempleo.com\/oferta-empleo\/vacantes-para-trabajar-en-supermercados-dia-5388889.html\" >aqu\u00ed<\/a><\/strong>. Si te parece interesante el contenido\u00a0 reg\u00edstrate en\u00a0<strong><a href=\"http:\/\/www.oficinaempleo.com\/jobseekers\/registration.php?ref=blog\">OficinaEmpleo<\/a> <\/strong> y recibe nuestra newsletter y alertas de empleo.<\/p>\n<p>&nbsp;<\/p>\n<p>&nbsp;<\/p>\n<p>Fuente: Portal Parados<\/p>\n","protected":false},"excerpt":{"rendered":"<p>La cadena espa\u00f1ola de supermercados DIA, convertida ahora en la primera empresa franquiciadora en Espa\u00f1a y la d\u00e9cima en todo el mundo (con 3.000 franquicias en Espa\u00f1a, Francia, Portugal, Argentina, China y Brasil) pretende remodelarse a lo largo del 2015. Ricardo Curr\u00e1s, el Consejero Delegado del Grupo DIA, conf\u00eda en aumentar las ventas este a\u00f1o [&hellip;]<\/p>\n","protected":false},"author":2,"featured_media":3201,"comment_status":"open","ping_status":"open","sticky":false,"template":"","format":"standard","meta":{"footnotes":""},"categories":[691,3,1],"tags":[1000,1018,24],"class_list":["post-3196","post","type-post","status-publish","format-standard","has-post-thumbnail","hentry","category-actualidad-empleo","category-noticias-empleo","category-sin-categoria","tag-1000","tag-dia","tag-empleo","cat-691-id","cat-3-id","cat-1-id","has_thumb"],"yoast_head":"<!-- This site is optimized with the Yoast SEO plugin v27.1.1 - https:\/\/yoast.com\/product\/yoast-seo-wordpress\/ -->\n<title>Nuevas aperturas en supermercados Dia - Blog OficinaEmpleo<\/title>\n<meta name=\"robots\" content=\"index, follow, max-snippet:-1, max-image-preview:large, max-video-preview:-1\" \/>\n<link rel=\"canonical\" href=\"https:\/\/www.oficinaempleo.com\/blog\/nuevas-aperturas-en-supermercados-dia\/\" \/>\n<meta property=\"og:locale\" content=\"es_ES\" \/>\n<meta property=\"og:type\" content=\"article\" \/>\n<meta property=\"og:title\" content=\"Nuevas aperturas en supermercados Dia - Blog OficinaEmpleo\" \/>\n<meta property=\"og:description\" content=\"La cadena espa\u00f1ola de supermercados DIA, convertida ahora en la primera empresa franquiciadora en Espa\u00f1a y la d\u00e9cima en todo el mundo (con 3.000 franquicias en Espa\u00f1a, Francia, Portugal, Argentina, China y Brasil) pretende remodelarse a lo largo del 2015. Ricardo Curr\u00e1s, el Consejero Delegado del Grupo DIA, conf\u00eda en aumentar las ventas este a\u00f1o [&hellip;]\" \/>\n<meta property=\"og:url\" content=\"https:\/\/www.oficinaempleo.com\/blog\/nuevas-aperturas-en-supermercados-dia\/\" \/>\n<meta property=\"og:site_name\" content=\"Noticias y consejos de empleo | Blog OficinaEmpleo\" \/>\n<meta property=\"article:author\" content=\"https:\/\/www.facebook.com\/OficinaEmpleo\" \/>\n<meta property=\"article:published_time\" content=\"2015-02-25T08:20:31+00:00\" \/>\n<meta property=\"og:image\" content=\"https:\/\/www.oficinaempleo.com\/blog\/wp-content\/uploads\/2015\/02\/supermercado-dia.jpg\" \/>\n\t<meta property=\"og:image:width\" content=\"590\" \/>\n\t<meta property=\"og:image:height\" content=\"381\" \/>\n\t<meta property=\"og:image:type\" content=\"image\/jpeg\" \/>\n<meta name=\"author\" content=\"OficinaEmpleo\" \/>\n<meta name=\"twitter:card\" content=\"summary_large_image\" \/>\n<meta name=\"twitter:creator\" content=\"@OficinaEmpleo\" \/>\n<meta name=\"twitter:site\" content=\"@OficinaEmpleo\" \/>\n<meta name=\"twitter:label1\" content=\"Written by\" \/>\n\t<meta name=\"twitter:data1\" content=\"OficinaEmpleo\" \/>\n\t<meta name=\"twitter:label2\" content=\"Est. reading time\" \/>\n\t<meta name=\"twitter:data2\" content=\"2 minutos\" \/>\n<script type=\"application\/ld+json\" class=\"yoast-schema-graph\">{\"@context\":\"https:\/\/schema.org\",\"@graph\":[{\"@type\":\"Article\",\"@id\":\"https:\/\/www.oficinaempleo.com\/blog\/nuevas-aperturas-en-supermercados-dia\/#article\",\"isPartOf\":{\"@id\":\"https:\/\/www.oficinaempleo.com\/blog\/nuevas-aperturas-en-supermercados-dia\/\"},\"author\":{\"name\":\"OficinaEmpleo\",\"@id\":\"https:\/\/www.oficinaempleo.com\/blog\/#\/schema\/person\/a7f3437f35bd6bd9ad19addae529a114\"},\"headline\":\"Nuevas aperturas en supermercados Dia\",\"datePublished\":\"2015-02-25T08:20:31+00:00\",\"mainEntityOfPage\":{\"@id\":\"https:\/\/www.oficinaempleo.com\/blog\/nuevas-aperturas-en-supermercados-dia\/\"},\"wordCount\":320,\"commentCount\":353,\"publisher\":{\"@id\":\"https:\/\/www.oficinaempleo.com\/blog\/#organization\"},\"image\":{\"@id\":\"https:\/\/www.oficinaempleo.com\/blog\/nuevas-aperturas-en-supermercados-dia\/#primaryimage\"},\"thumbnailUrl\":\"https:\/\/www.oficinaempleo.com\/blog\/wp-content\/uploads\/2015\/02\/supermercado-dia.jpg\",\"keywords\":[\"2015\",\"dia\",\"empleo\"],\"articleSection\":[\"Actualidad\",\"Noticias Empleo\"],\"inLanguage\":\"es\",\"potentialAction\":[{\"@type\":\"CommentAction\",\"name\":\"Comment\",\"target\":[\"https:\/\/www.oficinaempleo.com\/blog\/nuevas-aperturas-en-supermercados-dia\/#respond\"]}]},{\"@type\":\"WebPage\",\"@id\":\"https:\/\/www.oficinaempleo.com\/blog\/nuevas-aperturas-en-supermercados-dia\/\",\"url\":\"https:\/\/www.oficinaempleo.com\/blog\/nuevas-aperturas-en-supermercados-dia\/\",\"name\":\"Nuevas aperturas en supermercados Dia - Blog OficinaEmpleo\",\"isPartOf\":{\"@id\":\"https:\/\/www.oficinaempleo.com\/blog\/#website\"},\"primaryImageOfPage\":{\"@id\":\"https:\/\/www.oficinaempleo.com\/blog\/nuevas-aperturas-en-supermercados-dia\/#primaryimage\"},\"image\":{\"@id\":\"https:\/\/www.oficinaempleo.com\/blog\/nuevas-aperturas-en-supermercados-dia\/#primaryimage\"},\"thumbnailUrl\":\"https:\/\/www.oficinaempleo.com\/blog\/wp-content\/uploads\/2015\/02\/supermercado-dia.jpg\",\"datePublished\":\"2015-02-25T08:20:31+00:00\",\"breadcrumb\":{\"@id\":\"https:\/\/www.oficinaempleo.com\/blog\/nuevas-aperturas-en-supermercados-dia\/#breadcrumb\"},\"inLanguage\":\"es\",\"potentialAction\":[{\"@type\":\"ReadAction\",\"target\":[\"https:\/\/www.oficinaempleo.com\/blog\/nuevas-aperturas-en-supermercados-dia\/\"]}]},{\"@type\":\"ImageObject\",\"inLanguage\":\"es\",\"@id\":\"https:\/\/www.oficinaempleo.com\/blog\/nuevas-aperturas-en-supermercados-dia\/#primaryimage\",\"url\":\"https:\/\/www.oficinaempleo.com\/blog\/wp-content\/uploads\/2015\/02\/supermercado-dia.jpg\",\"contentUrl\":\"https:\/\/www.oficinaempleo.com\/blog\/wp-content\/uploads\/2015\/02\/supermercado-dia.jpg\",\"width\":590,\"height\":381},{\"@type\":\"BreadcrumbList\",\"@id\":\"https:\/\/www.oficinaempleo.com\/blog\/nuevas-aperturas-en-supermercados-dia\/#breadcrumb\",\"itemListElement\":[{\"@type\":\"ListItem\",\"position\":1,\"name\":\"Home\",\"item\":\"https:\/\/www.oficinaempleo.com\/blog\/\"},{\"@type\":\"ListItem\",\"position\":2,\"name\":\"Nuevas aperturas en supermercados Dia\"}]},{\"@type\":\"WebSite\",\"@id\":\"https:\/\/www.oficinaempleo.com\/blog\/#website\",\"url\":\"https:\/\/www.oficinaempleo.com\/blog\/\",\"name\":\"Noticias y Consejos de Empleo | Blog OficinaEmpleo\",\"description\":\"\",\"publisher\":{\"@id\":\"https:\/\/www.oficinaempleo.com\/blog\/#organization\"},\"potentialAction\":[{\"@type\":\"SearchAction\",\"target\":{\"@type\":\"EntryPoint\",\"urlTemplate\":\"https:\/\/www.oficinaempleo.com\/blog\/?s={search_term_string}\"},\"query-input\":{\"@type\":\"PropertyValueSpecification\",\"valueRequired\":true,\"valueName\":\"search_term_string\"}}],\"inLanguage\":\"es\"},{\"@type\":\"Organization\",\"@id\":\"https:\/\/www.oficinaempleo.com\/blog\/#organization\",\"name\":\"OficinaEmpleo\",\"url\":\"https:\/\/www.oficinaempleo.com\/blog\/\",\"logo\":{\"@type\":\"ImageObject\",\"inLanguage\":\"es\",\"@id\":\"https:\/\/www.oficinaempleo.com\/blog\/#\/schema\/logo\/image\/\",\"url\":\"https:\/\/www.oficinaempleo.com\/blog\/wp-content\/uploads\/2018\/10\/logo_footer-1.jpg\",\"contentUrl\":\"https:\/\/www.oficinaempleo.com\/blog\/wp-content\/uploads\/2018\/10\/logo_footer-1.jpg\",\"width\":478,\"height\":57,\"caption\":\"OficinaEmpleo\"},\"image\":{\"@id\":\"https:\/\/www.oficinaempleo.com\/blog\/#\/schema\/logo\/image\/\"},\"sameAs\":[\"https:\/\/x.com\/OficinaEmpleo\"]},{\"@type\":\"Person\",\"@id\":\"https:\/\/www.oficinaempleo.com\/blog\/#\/schema\/person\/a7f3437f35bd6bd9ad19addae529a114\",\"name\":\"OficinaEmpleo\",\"image\":{\"@type\":\"ImageObject\",\"inLanguage\":\"es\",\"@id\":\"https:\/\/www.oficinaempleo.com\/blog\/#\/schema\/person\/image\/\",\"url\":\"https:\/\/secure.gravatar.com\/avatar\/ea822afb14d7439ba3051d652cf8f548fe540f184ce16a2135fc22c9337bd72e?s=96&d=mm&r=g\",\"contentUrl\":\"https:\/\/secure.gravatar.com\/avatar\/ea822afb14d7439ba3051d652cf8f548fe540f184ce16a2135fc22c9337bd72e?s=96&d=mm&r=g\",\"caption\":\"OficinaEmpleo\"},\"description\":\"En OficinaEmpleo queremos ayudarte a conseguir trabajo. Por eso, adem\u00e1s de ofrecerte ofertas de empleo en nuestro portal, te ense\u00f1amos las novedades del sector, y consejos para mejorar tu perfil.\",\"sameAs\":[\"http:\/\/www.oficinaempleo.com\/\",\"https:\/\/www.facebook.com\/OficinaEmpleo\",\"https:\/\/x.com\/OficinaEmpleo\"],\"url\":\"https:\/\/www.oficinaempleo.com\/blog\/author\/empleo\/\"}]}<\/script>\n<!-- \/ Yoast SEO plugin. -->","yoast_head_json":{"title":"Nuevas aperturas en supermercados Dia - Blog OficinaEmpleo","robots":{"index":"index","follow":"follow","max-snippet":"max-snippet:-1","max-image-preview":"max-image-preview:large","max-video-preview":"max-video-preview:-1"},"canonical":"https:\/\/www.oficinaempleo.com\/blog\/nuevas-aperturas-en-supermercados-dia\/","og_locale":"es_ES","og_type":"article","og_title":"Nuevas aperturas en supermercados Dia - Blog OficinaEmpleo","og_description":"La cadena espa\u00f1ola de supermercados DIA, convertida ahora en la primera empresa franquiciadora en Espa\u00f1a y la d\u00e9cima en todo el mundo (con 3.000 franquicias en Espa\u00f1a, Francia, Portugal, Argentina, China y Brasil) pretende remodelarse a lo largo del 2015. Ricardo Curr\u00e1s, el Consejero Delegado del Grupo DIA, conf\u00eda en aumentar las ventas este a\u00f1o [&hellip;]","og_url":"https:\/\/www.oficinaempleo.com\/blog\/nuevas-aperturas-en-supermercados-dia\/","og_site_name":"Noticias y consejos de empleo | Blog OficinaEmpleo","article_author":"https:\/\/www.facebook.com\/OficinaEmpleo","article_published_time":"2015-02-25T08:20:31+00:00","og_image":[{"width":590,"height":381,"url":"https:\/\/www.oficinaempleo.com\/blog\/wp-content\/uploads\/2015\/02\/supermercado-dia.jpg","type":"image\/jpeg"}],"author":"OficinaEmpleo","twitter_card":"summary_large_image","twitter_creator":"@OficinaEmpleo","twitter_site":"@OficinaEmpleo","twitter_misc":{"Written by":"OficinaEmpleo","Est. reading time":"2 minutos"},"schema":{"@context":"https:\/\/schema.org","@graph":[{"@type":"Article","@id":"https:\/\/www.oficinaempleo.com\/blog\/nuevas-aperturas-en-supermercados-dia\/#article","isPartOf":{"@id":"https:\/\/www.oficinaempleo.com\/blog\/nuevas-aperturas-en-supermercados-dia\/"},"author":{"name":"OficinaEmpleo","@id":"https:\/\/www.oficinaempleo.com\/blog\/#\/schema\/person\/a7f3437f35bd6bd9ad19addae529a114"},"headline":"Nuevas aperturas en supermercados Dia","datePublished":"2015-02-25T08:20:31+00:00","mainEntityOfPage":{"@id":"https:\/\/www.oficinaempleo.com\/blog\/nuevas-aperturas-en-supermercados-dia\/"},"wordCount":320,"commentCount":353,"publisher":{"@id":"https:\/\/www.oficinaempleo.com\/blog\/#organization"},"image":{"@id":"https:\/\/www.oficinaempleo.com\/blog\/nuevas-aperturas-en-supermercados-dia\/#primaryimage"},"thumbnailUrl":"https:\/\/www.oficinaempleo.com\/blog\/wp-content\/uploads\/2015\/02\/supermercado-dia.jpg","keywords":["2015","dia","empleo"],"articleSection":["Actualidad","Noticias Empleo"],"inLanguage":"es","potentialAction":[{"@type":"CommentAction","name":"Comment","target":["https:\/\/www.oficinaempleo.com\/blog\/nuevas-aperturas-en-supermercados-dia\/#respond"]}]},{"@type":"WebPage","@id":"https:\/\/www.oficinaempleo.com\/blog\/nuevas-aperturas-en-supermercados-dia\/","url":"https:\/\/www.oficinaempleo.com\/blog\/nuevas-aperturas-en-supermercados-dia\/","name":"Nuevas aperturas en supermercados Dia - Blog OficinaEmpleo","isPartOf":{"@id":"https:\/\/www.oficinaempleo.com\/blog\/#website"},"primaryImageOfPage":{"@id":"https:\/\/www.oficinaempleo.com\/blog\/nuevas-aperturas-en-supermercados-dia\/#primaryimage"},"image":{"@id":"https:\/\/www.oficinaempleo.com\/blog\/nuevas-aperturas-en-supermercados-dia\/#primaryimage"},"thumbnailUrl":"https:\/\/www.oficinaempleo.com\/blog\/wp-content\/uploads\/2015\/02\/supermercado-dia.jpg","datePublished":"2015-02-25T08:20:31+00:00","breadcrumb":{"@id":"https:\/\/www.oficinaempleo.com\/blog\/nuevas-aperturas-en-supermercados-dia\/#breadcrumb"},"inLanguage":"es","potentialAction":[{"@type":"ReadAction","target":["https:\/\/www.oficinaempleo.com\/blog\/nuevas-aperturas-en-supermercados-dia\/"]}]},{"@type":"ImageObject","inLanguage":"es","@id":"https:\/\/www.oficinaempleo.com\/blog\/nuevas-aperturas-en-supermercados-dia\/#primaryimage","url":"https:\/\/www.oficinaempleo.com\/blog\/wp-content\/uploads\/2015\/02\/supermercado-dia.jpg","contentUrl":"https:\/\/www.oficinaempleo.com\/blog\/wp-content\/uploads\/2015\/02\/supermercado-dia.jpg","width":590,"height":381},{"@type":"BreadcrumbList","@id":"https:\/\/www.oficinaempleo.com\/blog\/nuevas-aperturas-en-supermercados-dia\/#breadcrumb","itemListElement":[{"@type":"ListItem","position":1,"name":"Home","item":"https:\/\/www.oficinaempleo.com\/blog\/"},{"@type":"ListItem","position":2,"name":"Nuevas aperturas en supermercados Dia"}]},{"@type":"WebSite","@id":"https:\/\/www.oficinaempleo.com\/blog\/#website","url":"https:\/\/www.oficinaempleo.com\/blog\/","name":"Noticias y Consejos de Empleo | Blog OficinaEmpleo","description":"","publisher":{"@id":"https:\/\/www.oficinaempleo.com\/blog\/#organization"},"potentialAction":[{"@type":"SearchAction","target":{"@type":"EntryPoint","urlTemplate":"https:\/\/www.oficinaempleo.com\/blog\/?s={search_term_string}"},"query-input":{"@type":"PropertyValueSpecification","valueRequired":true,"valueName":"search_term_string"}}],"inLanguage":"es"},{"@type":"Organization","@id":"https:\/\/www.oficinaempleo.com\/blog\/#organization","name":"OficinaEmpleo","url":"https:\/\/www.oficinaempleo.com\/blog\/","logo":{"@type":"ImageObject","inLanguage":"es","@id":"https:\/\/www.oficinaempleo.com\/blog\/#\/schema\/logo\/image\/","url":"https:\/\/www.oficinaempleo.com\/blog\/wp-content\/uploads\/2018\/10\/logo_footer-1.jpg","contentUrl":"https:\/\/www.oficinaempleo.com\/blog\/wp-content\/uploads\/2018\/10\/logo_footer-1.jpg","width":478,"height":57,"caption":"OficinaEmpleo"},"image":{"@id":"https:\/\/www.oficinaempleo.com\/blog\/#\/schema\/logo\/image\/"},"sameAs":["https:\/\/x.com\/OficinaEmpleo"]},{"@type":"Person","@id":"https:\/\/www.oficinaempleo.com\/blog\/#\/schema\/person\/a7f3437f35bd6bd9ad19addae529a114","name":"OficinaEmpleo","image":{"@type":"ImageObject","inLanguage":"es","@id":"https:\/\/www.oficinaempleo.com\/blog\/#\/schema\/person\/image\/","url":"https:\/\/secure.gravatar.com\/avatar\/ea822afb14d7439ba3051d652cf8f548fe540f184ce16a2135fc22c9337bd72e?s=96&d=mm&r=g","contentUrl":"https:\/\/secure.gravatar.com\/avatar\/ea822afb14d7439ba3051d652cf8f548fe540f184ce16a2135fc22c9337bd72e?s=96&d=mm&r=g","caption":"OficinaEmpleo"},"description":"En OficinaEmpleo queremos ayudarte a conseguir trabajo. Por eso, adem\u00e1s de ofrecerte ofertas de empleo en nuestro portal, te ense\u00f1amos las novedades del sector, y consejos para mejorar tu perfil.","sameAs":["http:\/\/www.oficinaempleo.com\/","https:\/\/www.facebook.com\/OficinaEmpleo","https:\/\/x.com\/OficinaEmpleo"],"url":"https:\/\/www.oficinaempleo.com\/blog\/author\/empleo\/"}]}},"_links":{"self":[{"href":"https:\/\/www.oficinaempleo.com\/blog\/wp-json\/wp\/v2\/posts\/3196","targetHints":{"allow":["GET"]}}],"collection":[{"href":"https:\/\/www.oficinaempleo.com\/blog\/wp-json\/wp\/v2\/posts"}],"about":[{"href":"https:\/\/www.oficinaempleo.com\/blog\/wp-json\/wp\/v2\/types\/post"}],"author":[{"embeddable":true,"href":"https:\/\/www.oficinaempleo.com\/blog\/wp-json\/wp\/v2\/users\/2"}],"replies":[{"embeddable":true,"href":"https:\/\/www.oficinaempleo.com\/blog\/wp-json\/wp\/v2\/comments?post=3196"}],"version-history":[{"count":0,"href":"https:\/\/www.oficinaempleo.com\/blog\/wp-json\/wp\/v2\/posts\/3196\/revisions"}],"wp:featuredmedia":[{"embeddable":true,"href":"https:\/\/www.oficinaempleo.com\/blog\/wp-json\/wp\/v2\/media\/3201"}],"wp:attachment":[{"href":"https:\/\/www.oficinaempleo.com\/blog\/wp-json\/wp\/v2\/media?parent=3196"}],"wp:term":[{"taxonomy":"category","embeddable":true,"href":"https:\/\/www.oficinaempleo.com\/blog\/wp-json\/wp\/v2\/categories?post=3196"},{"taxonomy":"post_tag","embeddable":true,"href":"https:\/\/www.oficinaempleo.com\/blog\/wp-json\/wp\/v2\/tags?post=3196"}],"curies":[{"name":"wp","href":"https:\/\/api.w.org\/{rel}","templated":true}]}}