{"id":33498,"date":"2023-12-04T13:31:46","date_gmt":"2023-12-04T12:31:46","guid":{"rendered":"https:\/\/www.oficinaempleo.com\/blog\/?p=33498"},"modified":"2023-12-04T13:32:19","modified_gmt":"2023-12-04T12:32:19","slug":"se-busca-personal-para-cuidar-a-mayores-hasta-1-400e","status":"publish","type":"post","link":"https:\/\/www.oficinaempleo.com\/blog\/se-busca-personal-para-cuidar-a-mayores-hasta-1-400e\/","title":{"rendered":"Se busca personal para cuidar a mayores: Hasta 1.400\u20ac"},"content":{"rendered":"<div id=\"attachment_33499\" style=\"width: 600px\" class=\"wp-caption alignnone\"><a href=\"https:\/\/www.oficinaempleo.com\/blog\/wp-content\/uploads\/2023\/12\/Empleo-para-cuidar-a-personas-mayores-Adobe-Stock.jpg\"><img loading=\"lazy\" decoding=\"async\" aria-describedby=\"caption-attachment-33499\" class=\"size-full wp-image-33499\" src=\"https:\/\/www.oficinaempleo.com\/blog\/wp-content\/uploads\/2023\/12\/Empleo-para-cuidar-a-personas-mayores-Adobe-Stock.jpg\" alt=\"Empleo para cuidar a personas mayores (Adobe Stock)\" width=\"590\" height=\"315\" srcset=\"https:\/\/www.oficinaempleo.com\/blog\/wp-content\/uploads\/2023\/12\/Empleo-para-cuidar-a-personas-mayores-Adobe-Stock.jpg 590w, https:\/\/www.oficinaempleo.com\/blog\/wp-content\/uploads\/2023\/12\/Empleo-para-cuidar-a-personas-mayores-Adobe-Stock-300x160.jpg 300w\" sizes=\"auto, (max-width: 590px) 100vw, 590px\" \/><\/a><p id=\"caption-attachment-33499\" class=\"wp-caption-text\">Empleo para cuidar a personas mayores (Adobe Stock)<\/p><\/div>\n<p><span style=\"font-weight: 400;\"><strong>Cuideo<\/strong> la empresa que ofrece servicios de<strong> asistencia a personas mayores o con dependencia<\/strong>, est\u00e1 en la b\u00fasqueda de nuevos trabajadores y anuncia oportunidades laborales. En este contexto, se han publicado <strong>540 puestos tanto para personal interno como externo<\/strong>, con horarios que abarcan de <strong>lunes a viernes o fines de semana<\/strong>.\u00a0<\/span><\/p>\n<p><span style=\"font-weight: 400;\">Para estas oportunidades <strong><a href=\"https:\/\/www.oficinaempleo.com\/blog\/retomar-estudios-despues-40\/\">no se requieren estudios<\/a> ni experiencia previa<\/strong>, pero todos los anuncios resaltan la importancia de que el empleado sea emp\u00e1tico y responsable.<\/span><\/p>\n<p><span style=\"font-weight: 400;\">En cuanto al <strong>salario<\/strong>, es importante destacar que Cuideo act\u00faa como intermediario entre el candidato y la familia. Por lo tanto, <a href=\"https:\/\/www.oficinaempleo.com\/blog\/10-consejos-para-negociar-con-exito-tu-sueldo\/\"><strong>el salario indicado<\/strong><\/a> en las ofertas de empleo<strong> var\u00eda seg\u00fan lo que la unidad familiar considere apropiado<\/strong>. Uno de los salarios m\u00e1s elevados, que asciende a <strong>1.400 euros<\/strong>, est\u00e1 destinado a personas que trabajen internamente cuidando a un adulto mayor.\u00a0<\/span><\/p>\n<p><span style=\"font-weight: 400;\">Las responsabilidades incluyen <strong>tareas dom\u00e9sticas, preparaci\u00f3n de alimentos, paseos en caso de movilidad reducida del cuidado y llevar un registro de la medicaci\u00f3n<\/strong>. La mayor cantidad de vacantes se encuentran en Madrid, con 46, seguido por Barcelona con 39 y Zaragoza con 9.<\/span><\/p>\n<p><span style=\"font-weight: 400;\">En el <strong>portal de empleo de Cuideo<\/strong>, encontrar\u00e1s diversas oportunidades laborales enfocadas en el cuidado de personas mayores.\u00a0<\/span><\/p>\n<h2><span style=\"font-weight: 400;\">Vacantes disponibles en Cuideo<\/span><\/h2>\n<p><span style=\"font-weight: 400;\">A continuaci\u00f3n, se presentan algunas opciones que podr\u00e1s elegir:<\/span><\/p>\n<ul>\n<li style=\"font-weight: 400;\" aria-level=\"1\"><span style=\"font-weight: 400;\"><strong>Cuidador externo en M\u00e1laga:\u00a0<\/strong> jornada laboral de 20 horas a la semana. La vacante es puntual del 4 al 15 de diciembre por necesidades de la familia.<\/span><\/li>\n<li style=\"font-weight: 400;\" aria-level=\"1\"><span style=\"font-weight: 400;\"><strong>Cuidador interno fines de semana en Madrid, l\u00ednea 3- pir\u00e1mides:<\/strong> de s\u00e1bado a las 9:00 a domingo a las 21:00.<\/span><\/li>\n<li style=\"font-weight: 400;\" aria-level=\"1\"><span style=\"font-weight: 400;\"><strong>Cuidador interno para fines de semana en Madrid, en la parada del metro Alfonso XIII:<\/strong> de s\u00e1bado a las 8:30 a domingo a las 20:30 horas.<\/span><\/li>\n<li style=\"font-weight: 400;\" aria-level=\"1\"><span style=\"font-weight: 400;\"><strong>Cuidador externo\u00a0 en Madrid:<\/strong> de s\u00e1bado a domingo de 11:00 a 14:00 y de 18:00.<\/span><\/li>\n<li style=\"font-weight: 400;\" aria-level=\"1\"><span style=\"font-weight: 400;\"><strong>Cuidador externo en Madrid:<\/strong> Sueldo de 1.400 euros, de lunes a viernes de 10:00 a 14:00 y de 19:00 a 23:00.<\/span><\/li>\n<li style=\"font-weight: 400;\" aria-level=\"1\"><span style=\"font-weight: 400;\"><strong>Cuidador interno en Metro Estrella o Vinateros en Madrid:<\/strong> el empleo es para trabajar entre semana con festivos incluidos.<\/span><\/li>\n<li style=\"font-weight: 400;\" aria-level=\"1\"><span style=\"font-weight: 400;\"><strong>Cuidador en Alcal\u00e1 de Henares:<\/strong> de lunes a viernes de 10:00 a 14:00.<\/span><\/li>\n<li style=\"font-weight: 400;\" aria-level=\"1\"><span style=\"font-weight: 400;\"><strong>Cuidador interno en Pozuelo de Alarc\u00f3n:<\/strong> para trabajar entre semana del domingo a las 21:00 al s\u00e1bado a las 9:00.<\/span><\/li>\n<\/ul>\n<h2><span style=\"font-weight: 400;\">C\u00f3mo enviar tu CV\u00a0<\/span><\/h2>\n<p><span style=\"font-weight: 400;\">Para enviar el curr\u00edculum a Cuideo, lo primero es acceder a su <a href=\"https:\/\/cuideo.com\/blog\/cuideo-ofertas-empleo-cuidadores-personas-mayores\/\" target=\"_blank\" rel=\"noopener\"><strong>plataforma de empleo<\/strong><\/a>. Una vez dentro, mira las oportunidades laborales, junto con sus condiciones y salario. Cuando escojas la que m\u00e1s se ajuste a tus necesidades, es necesario hacer clic en <strong>\u00absolicitar\u00bb<\/strong>. En caso de no poseer una cuenta activa, es preciso inscribirse en el sitio. Finalizado este procedimiento, se debe pulsar en<strong> &#8216;Enviar solicitud&#8217;<\/strong>.<\/span><\/p>\n","protected":false},"excerpt":{"rendered":"<p>Cuideo la empresa que ofrece servicios de asistencia a personas mayores o con dependencia, est\u00e1 en la b\u00fasqueda de nuevos trabajadores y anuncia oportunidades laborales. En este contexto, se han publicado 540 puestos tanto para personal interno como externo, con horarios que abarcan de lunes a viernes o fines de semana.\u00a0 Para estas oportunidades no [&hellip;]<\/p>\n","protected":false},"author":26,"featured_media":33500,"comment_status":"open","ping_status":"open","sticky":false,"template":"","format":"standard","meta":{"footnotes":""},"categories":[3],"tags":[],"class_list":["post-33498","post","type-post","status-publish","format-standard","has-post-thumbnail","hentry","category-noticias-empleo","cat-3-id","has_thumb"],"yoast_head":"<!-- This site is optimized with the Yoast SEO plugin v27.1.1 - https:\/\/yoast.com\/product\/yoast-seo-wordpress\/ -->\n<title>Se busca personal para cuidar a mayores: Hasta 1.400\u20ac - Blog OficinaEmpleo<\/title>\n<meta name=\"description\" content=\"Cuideo la empresa que ofrece servicios de asistencia a personas mayores, ha publicado 540 nuevas vacantes para personal interno y externo.\" \/>\n<meta name=\"robots\" content=\"index, follow, max-snippet:-1, max-image-preview:large, max-video-preview:-1\" \/>\n<link rel=\"canonical\" href=\"https:\/\/www.oficinaempleo.com\/blog\/se-busca-personal-para-cuidar-a-mayores-hasta-1-400e\/\" \/>\n<meta property=\"og:locale\" content=\"es_ES\" \/>\n<meta property=\"og:type\" content=\"article\" \/>\n<meta property=\"og:title\" content=\"Se busca personal para cuidar a mayores: Hasta 1.400\u20ac - Blog OficinaEmpleo\" \/>\n<meta property=\"og:description\" content=\"Cuideo la empresa que ofrece servicios de asistencia a personas mayores, ha publicado 540 nuevas vacantes para personal interno y externo.\" \/>\n<meta property=\"og:url\" content=\"https:\/\/www.oficinaempleo.com\/blog\/se-busca-personal-para-cuidar-a-mayores-hasta-1-400e\/\" \/>\n<meta property=\"og:site_name\" content=\"Noticias y consejos de empleo | Blog OficinaEmpleo\" \/>\n<meta property=\"article:published_time\" content=\"2023-12-04T12:31:46+00:00\" \/>\n<meta property=\"article:modified_time\" content=\"2023-12-04T12:32:19+00:00\" \/>\n<meta property=\"og:image\" content=\"https:\/\/www.oficinaempleo.com\/blog\/wp-content\/uploads\/2023\/12\/Empleeo-para-cuidar-a-personas-mayores-Adobe-Stock.jpg\" \/>\n\t<meta property=\"og:image:width\" content=\"600\" \/>\n\t<meta property=\"og:image:height\" content=\"310\" \/>\n\t<meta property=\"og:image:type\" content=\"image\/jpeg\" \/>\n<meta name=\"author\" content=\"Oficina Empleo\" \/>\n<meta name=\"twitter:card\" content=\"summary_large_image\" \/>\n<meta name=\"twitter:creator\" content=\"@OficinaEmpleo\" \/>\n<meta name=\"twitter:site\" content=\"@OficinaEmpleo\" \/>\n<meta name=\"twitter:label1\" content=\"Written by\" \/>\n\t<meta name=\"twitter:data1\" content=\"Oficina Empleo\" \/>\n\t<meta name=\"twitter:label2\" content=\"Est. reading time\" \/>\n\t<meta name=\"twitter:data2\" content=\"3 minutos\" \/>\n<script type=\"application\/ld+json\" class=\"yoast-schema-graph\">{\"@context\":\"https:\/\/schema.org\",\"@graph\":[{\"@type\":\"Article\",\"@id\":\"https:\/\/www.oficinaempleo.com\/blog\/se-busca-personal-para-cuidar-a-mayores-hasta-1-400e\/#article\",\"isPartOf\":{\"@id\":\"https:\/\/www.oficinaempleo.com\/blog\/se-busca-personal-para-cuidar-a-mayores-hasta-1-400e\/\"},\"author\":{\"name\":\"Oficina Empleo\",\"@id\":\"https:\/\/www.oficinaempleo.com\/blog\/#\/schema\/person\/16c50a6d8c44d02b1fd44211d2b43dfb\"},\"headline\":\"Se busca personal para cuidar a mayores: Hasta 1.400\u20ac\",\"datePublished\":\"2023-12-04T12:31:46+00:00\",\"dateModified\":\"2023-12-04T12:32:19+00:00\",\"mainEntityOfPage\":{\"@id\":\"https:\/\/www.oficinaempleo.com\/blog\/se-busca-personal-para-cuidar-a-mayores-hasta-1-400e\/\"},\"wordCount\":465,\"commentCount\":0,\"publisher\":{\"@id\":\"https:\/\/www.oficinaempleo.com\/blog\/#organization\"},\"image\":{\"@id\":\"https:\/\/www.oficinaempleo.com\/blog\/se-busca-personal-para-cuidar-a-mayores-hasta-1-400e\/#primaryimage\"},\"thumbnailUrl\":\"https:\/\/www.oficinaempleo.com\/blog\/wp-content\/uploads\/2023\/12\/Empleeo-para-cuidar-a-personas-mayores-Adobe-Stock.jpg\",\"articleSection\":[\"Noticias Empleo\"],\"inLanguage\":\"es\",\"potentialAction\":[{\"@type\":\"CommentAction\",\"name\":\"Comment\",\"target\":[\"https:\/\/www.oficinaempleo.com\/blog\/se-busca-personal-para-cuidar-a-mayores-hasta-1-400e\/#respond\"]}]},{\"@type\":\"WebPage\",\"@id\":\"https:\/\/www.oficinaempleo.com\/blog\/se-busca-personal-para-cuidar-a-mayores-hasta-1-400e\/\",\"url\":\"https:\/\/www.oficinaempleo.com\/blog\/se-busca-personal-para-cuidar-a-mayores-hasta-1-400e\/\",\"name\":\"Se busca personal para cuidar a mayores: Hasta 1.400\u20ac - Blog OficinaEmpleo\",\"isPartOf\":{\"@id\":\"https:\/\/www.oficinaempleo.com\/blog\/#website\"},\"primaryImageOfPage\":{\"@id\":\"https:\/\/www.oficinaempleo.com\/blog\/se-busca-personal-para-cuidar-a-mayores-hasta-1-400e\/#primaryimage\"},\"image\":{\"@id\":\"https:\/\/www.oficinaempleo.com\/blog\/se-busca-personal-para-cuidar-a-mayores-hasta-1-400e\/#primaryimage\"},\"thumbnailUrl\":\"https:\/\/www.oficinaempleo.com\/blog\/wp-content\/uploads\/2023\/12\/Empleeo-para-cuidar-a-personas-mayores-Adobe-Stock.jpg\",\"datePublished\":\"2023-12-04T12:31:46+00:00\",\"dateModified\":\"2023-12-04T12:32:19+00:00\",\"description\":\"Cuideo la empresa que ofrece servicios de asistencia a personas mayores, ha publicado 540 nuevas vacantes para personal interno y externo.\",\"breadcrumb\":{\"@id\":\"https:\/\/www.oficinaempleo.com\/blog\/se-busca-personal-para-cuidar-a-mayores-hasta-1-400e\/#breadcrumb\"},\"inLanguage\":\"es\",\"potentialAction\":[{\"@type\":\"ReadAction\",\"target\":[\"https:\/\/www.oficinaempleo.com\/blog\/se-busca-personal-para-cuidar-a-mayores-hasta-1-400e\/\"]}]},{\"@type\":\"ImageObject\",\"inLanguage\":\"es\",\"@id\":\"https:\/\/www.oficinaempleo.com\/blog\/se-busca-personal-para-cuidar-a-mayores-hasta-1-400e\/#primaryimage\",\"url\":\"https:\/\/www.oficinaempleo.com\/blog\/wp-content\/uploads\/2023\/12\/Empleeo-para-cuidar-a-personas-mayores-Adobe-Stock.jpg\",\"contentUrl\":\"https:\/\/www.oficinaempleo.com\/blog\/wp-content\/uploads\/2023\/12\/Empleeo-para-cuidar-a-personas-mayores-Adobe-Stock.jpg\",\"width\":600,\"height\":310,\"caption\":\"Empleo para cuidar a personas mayores (Adobe Stock)\"},{\"@type\":\"BreadcrumbList\",\"@id\":\"https:\/\/www.oficinaempleo.com\/blog\/se-busca-personal-para-cuidar-a-mayores-hasta-1-400e\/#breadcrumb\",\"itemListElement\":[{\"@type\":\"ListItem\",\"position\":1,\"name\":\"Home\",\"item\":\"https:\/\/www.oficinaempleo.com\/blog\/\"},{\"@type\":\"ListItem\",\"position\":2,\"name\":\"Se busca personal para cuidar a mayores: Hasta 1.400\u20ac\"}]},{\"@type\":\"WebSite\",\"@id\":\"https:\/\/www.oficinaempleo.com\/blog\/#website\",\"url\":\"https:\/\/www.oficinaempleo.com\/blog\/\",\"name\":\"Noticias y Consejos de Empleo | Blog OficinaEmpleo\",\"description\":\"\",\"publisher\":{\"@id\":\"https:\/\/www.oficinaempleo.com\/blog\/#organization\"},\"potentialAction\":[{\"@type\":\"SearchAction\",\"target\":{\"@type\":\"EntryPoint\",\"urlTemplate\":\"https:\/\/www.oficinaempleo.com\/blog\/?s={search_term_string}\"},\"query-input\":{\"@type\":\"PropertyValueSpecification\",\"valueRequired\":true,\"valueName\":\"search_term_string\"}}],\"inLanguage\":\"es\"},{\"@type\":\"Organization\",\"@id\":\"https:\/\/www.oficinaempleo.com\/blog\/#organization\",\"name\":\"OficinaEmpleo\",\"url\":\"https:\/\/www.oficinaempleo.com\/blog\/\",\"logo\":{\"@type\":\"ImageObject\",\"inLanguage\":\"es\",\"@id\":\"https:\/\/www.oficinaempleo.com\/blog\/#\/schema\/logo\/image\/\",\"url\":\"https:\/\/www.oficinaempleo.com\/blog\/wp-content\/uploads\/2018\/10\/logo_footer-1.jpg\",\"contentUrl\":\"https:\/\/www.oficinaempleo.com\/blog\/wp-content\/uploads\/2018\/10\/logo_footer-1.jpg\",\"width\":478,\"height\":57,\"caption\":\"OficinaEmpleo\"},\"image\":{\"@id\":\"https:\/\/www.oficinaempleo.com\/blog\/#\/schema\/logo\/image\/\"},\"sameAs\":[\"https:\/\/x.com\/OficinaEmpleo\"]},{\"@type\":\"Person\",\"@id\":\"https:\/\/www.oficinaempleo.com\/blog\/#\/schema\/person\/16c50a6d8c44d02b1fd44211d2b43dfb\",\"name\":\"Oficina Empleo\",\"image\":{\"@type\":\"ImageObject\",\"inLanguage\":\"es\",\"@id\":\"https:\/\/www.oficinaempleo.com\/blog\/#\/schema\/person\/image\/\",\"url\":\"https:\/\/secure.gravatar.com\/avatar\/e33a1a9f888f42fceb505f6adf9539780cb28cbdfb337546d4bf4b5219070990?s=96&d=mm&r=g\",\"contentUrl\":\"https:\/\/secure.gravatar.com\/avatar\/e33a1a9f888f42fceb505f6adf9539780cb28cbdfb337546d4bf4b5219070990?s=96&d=mm&r=g\",\"caption\":\"Oficina Empleo\"},\"url\":\"https:\/\/www.oficinaempleo.com\/blog\/author\/contenidos\/\"}]}<\/script>\n<!-- \/ Yoast SEO plugin. -->","yoast_head_json":{"title":"Se busca personal para cuidar a mayores: Hasta 1.400\u20ac - Blog OficinaEmpleo","description":"Cuideo la empresa que ofrece servicios de asistencia a personas mayores, ha publicado 540 nuevas vacantes para personal interno y externo.","robots":{"index":"index","follow":"follow","max-snippet":"max-snippet:-1","max-image-preview":"max-image-preview:large","max-video-preview":"max-video-preview:-1"},"canonical":"https:\/\/www.oficinaempleo.com\/blog\/se-busca-personal-para-cuidar-a-mayores-hasta-1-400e\/","og_locale":"es_ES","og_type":"article","og_title":"Se busca personal para cuidar a mayores: Hasta 1.400\u20ac - Blog OficinaEmpleo","og_description":"Cuideo la empresa que ofrece servicios de asistencia a personas mayores, ha publicado 540 nuevas vacantes para personal interno y externo.","og_url":"https:\/\/www.oficinaempleo.com\/blog\/se-busca-personal-para-cuidar-a-mayores-hasta-1-400e\/","og_site_name":"Noticias y consejos de empleo | Blog OficinaEmpleo","article_published_time":"2023-12-04T12:31:46+00:00","article_modified_time":"2023-12-04T12:32:19+00:00","og_image":[{"width":600,"height":310,"url":"https:\/\/www.oficinaempleo.com\/blog\/wp-content\/uploads\/2023\/12\/Empleeo-para-cuidar-a-personas-mayores-Adobe-Stock.jpg","type":"image\/jpeg"}],"author":"Oficina Empleo","twitter_card":"summary_large_image","twitter_creator":"@OficinaEmpleo","twitter_site":"@OficinaEmpleo","twitter_misc":{"Written by":"Oficina Empleo","Est. reading time":"3 minutos"},"schema":{"@context":"https:\/\/schema.org","@graph":[{"@type":"Article","@id":"https:\/\/www.oficinaempleo.com\/blog\/se-busca-personal-para-cuidar-a-mayores-hasta-1-400e\/#article","isPartOf":{"@id":"https:\/\/www.oficinaempleo.com\/blog\/se-busca-personal-para-cuidar-a-mayores-hasta-1-400e\/"},"author":{"name":"Oficina Empleo","@id":"https:\/\/www.oficinaempleo.com\/blog\/#\/schema\/person\/16c50a6d8c44d02b1fd44211d2b43dfb"},"headline":"Se busca personal para cuidar a mayores: Hasta 1.400\u20ac","datePublished":"2023-12-04T12:31:46+00:00","dateModified":"2023-12-04T12:32:19+00:00","mainEntityOfPage":{"@id":"https:\/\/www.oficinaempleo.com\/blog\/se-busca-personal-para-cuidar-a-mayores-hasta-1-400e\/"},"wordCount":465,"commentCount":0,"publisher":{"@id":"https:\/\/www.oficinaempleo.com\/blog\/#organization"},"image":{"@id":"https:\/\/www.oficinaempleo.com\/blog\/se-busca-personal-para-cuidar-a-mayores-hasta-1-400e\/#primaryimage"},"thumbnailUrl":"https:\/\/www.oficinaempleo.com\/blog\/wp-content\/uploads\/2023\/12\/Empleeo-para-cuidar-a-personas-mayores-Adobe-Stock.jpg","articleSection":["Noticias Empleo"],"inLanguage":"es","potentialAction":[{"@type":"CommentAction","name":"Comment","target":["https:\/\/www.oficinaempleo.com\/blog\/se-busca-personal-para-cuidar-a-mayores-hasta-1-400e\/#respond"]}]},{"@type":"WebPage","@id":"https:\/\/www.oficinaempleo.com\/blog\/se-busca-personal-para-cuidar-a-mayores-hasta-1-400e\/","url":"https:\/\/www.oficinaempleo.com\/blog\/se-busca-personal-para-cuidar-a-mayores-hasta-1-400e\/","name":"Se busca personal para cuidar a mayores: Hasta 1.400\u20ac - Blog OficinaEmpleo","isPartOf":{"@id":"https:\/\/www.oficinaempleo.com\/blog\/#website"},"primaryImageOfPage":{"@id":"https:\/\/www.oficinaempleo.com\/blog\/se-busca-personal-para-cuidar-a-mayores-hasta-1-400e\/#primaryimage"},"image":{"@id":"https:\/\/www.oficinaempleo.com\/blog\/se-busca-personal-para-cuidar-a-mayores-hasta-1-400e\/#primaryimage"},"thumbnailUrl":"https:\/\/www.oficinaempleo.com\/blog\/wp-content\/uploads\/2023\/12\/Empleeo-para-cuidar-a-personas-mayores-Adobe-Stock.jpg","datePublished":"2023-12-04T12:31:46+00:00","dateModified":"2023-12-04T12:32:19+00:00","description":"Cuideo la empresa que ofrece servicios de asistencia a personas mayores, ha publicado 540 nuevas vacantes para personal interno y externo.","breadcrumb":{"@id":"https:\/\/www.oficinaempleo.com\/blog\/se-busca-personal-para-cuidar-a-mayores-hasta-1-400e\/#breadcrumb"},"inLanguage":"es","potentialAction":[{"@type":"ReadAction","target":["https:\/\/www.oficinaempleo.com\/blog\/se-busca-personal-para-cuidar-a-mayores-hasta-1-400e\/"]}]},{"@type":"ImageObject","inLanguage":"es","@id":"https:\/\/www.oficinaempleo.com\/blog\/se-busca-personal-para-cuidar-a-mayores-hasta-1-400e\/#primaryimage","url":"https:\/\/www.oficinaempleo.com\/blog\/wp-content\/uploads\/2023\/12\/Empleeo-para-cuidar-a-personas-mayores-Adobe-Stock.jpg","contentUrl":"https:\/\/www.oficinaempleo.com\/blog\/wp-content\/uploads\/2023\/12\/Empleeo-para-cuidar-a-personas-mayores-Adobe-Stock.jpg","width":600,"height":310,"caption":"Empleo para cuidar a personas mayores (Adobe Stock)"},{"@type":"BreadcrumbList","@id":"https:\/\/www.oficinaempleo.com\/blog\/se-busca-personal-para-cuidar-a-mayores-hasta-1-400e\/#breadcrumb","itemListElement":[{"@type":"ListItem","position":1,"name":"Home","item":"https:\/\/www.oficinaempleo.com\/blog\/"},{"@type":"ListItem","position":2,"name":"Se busca personal para cuidar a mayores: Hasta 1.400\u20ac"}]},{"@type":"WebSite","@id":"https:\/\/www.oficinaempleo.com\/blog\/#website","url":"https:\/\/www.oficinaempleo.com\/blog\/","name":"Noticias y Consejos de Empleo | Blog OficinaEmpleo","description":"","publisher":{"@id":"https:\/\/www.oficinaempleo.com\/blog\/#organization"},"potentialAction":[{"@type":"SearchAction","target":{"@type":"EntryPoint","urlTemplate":"https:\/\/www.oficinaempleo.com\/blog\/?s={search_term_string}"},"query-input":{"@type":"PropertyValueSpecification","valueRequired":true,"valueName":"search_term_string"}}],"inLanguage":"es"},{"@type":"Organization","@id":"https:\/\/www.oficinaempleo.com\/blog\/#organization","name":"OficinaEmpleo","url":"https:\/\/www.oficinaempleo.com\/blog\/","logo":{"@type":"ImageObject","inLanguage":"es","@id":"https:\/\/www.oficinaempleo.com\/blog\/#\/schema\/logo\/image\/","url":"https:\/\/www.oficinaempleo.com\/blog\/wp-content\/uploads\/2018\/10\/logo_footer-1.jpg","contentUrl":"https:\/\/www.oficinaempleo.com\/blog\/wp-content\/uploads\/2018\/10\/logo_footer-1.jpg","width":478,"height":57,"caption":"OficinaEmpleo"},"image":{"@id":"https:\/\/www.oficinaempleo.com\/blog\/#\/schema\/logo\/image\/"},"sameAs":["https:\/\/x.com\/OficinaEmpleo"]},{"@type":"Person","@id":"https:\/\/www.oficinaempleo.com\/blog\/#\/schema\/person\/16c50a6d8c44d02b1fd44211d2b43dfb","name":"Oficina Empleo","image":{"@type":"ImageObject","inLanguage":"es","@id":"https:\/\/www.oficinaempleo.com\/blog\/#\/schema\/person\/image\/","url":"https:\/\/secure.gravatar.com\/avatar\/e33a1a9f888f42fceb505f6adf9539780cb28cbdfb337546d4bf4b5219070990?s=96&d=mm&r=g","contentUrl":"https:\/\/secure.gravatar.com\/avatar\/e33a1a9f888f42fceb505f6adf9539780cb28cbdfb337546d4bf4b5219070990?s=96&d=mm&r=g","caption":"Oficina Empleo"},"url":"https:\/\/www.oficinaempleo.com\/blog\/author\/contenidos\/"}]}},"_links":{"self":[{"href":"https:\/\/www.oficinaempleo.com\/blog\/wp-json\/wp\/v2\/posts\/33498","targetHints":{"allow":["GET"]}}],"collection":[{"href":"https:\/\/www.oficinaempleo.com\/blog\/wp-json\/wp\/v2\/posts"}],"about":[{"href":"https:\/\/www.oficinaempleo.com\/blog\/wp-json\/wp\/v2\/types\/post"}],"author":[{"embeddable":true,"href":"https:\/\/www.oficinaempleo.com\/blog\/wp-json\/wp\/v2\/users\/26"}],"replies":[{"embeddable":true,"href":"https:\/\/www.oficinaempleo.com\/blog\/wp-json\/wp\/v2\/comments?post=33498"}],"version-history":[{"count":2,"href":"https:\/\/www.oficinaempleo.com\/blog\/wp-json\/wp\/v2\/posts\/33498\/revisions"}],"predecessor-version":[{"id":33502,"href":"https:\/\/www.oficinaempleo.com\/blog\/wp-json\/wp\/v2\/posts\/33498\/revisions\/33502"}],"wp:featuredmedia":[{"embeddable":true,"href":"https:\/\/www.oficinaempleo.com\/blog\/wp-json\/wp\/v2\/media\/33500"}],"wp:attachment":[{"href":"https:\/\/www.oficinaempleo.com\/blog\/wp-json\/wp\/v2\/media?parent=33498"}],"wp:term":[{"taxonomy":"category","embeddable":true,"href":"https:\/\/www.oficinaempleo.com\/blog\/wp-json\/wp\/v2\/categories?post=33498"},{"taxonomy":"post_tag","embeddable":true,"href":"https:\/\/www.oficinaempleo.com\/blog\/wp-json\/wp\/v2\/tags?post=33498"}],"curies":[{"name":"wp","href":"https:\/\/api.w.org\/{rel}","templated":true}]}}