{"id":3503,"date":"2015-03-09T18:05:18","date_gmt":"2015-03-09T17:05:18","guid":{"rendered":"http:\/\/www.oficinaempleo.com\/blog\/?p=3503"},"modified":"2015-03-09T18:05:18","modified_gmt":"2015-03-09T17:05:18","slug":"nuevas-contrataciones-con-la-nueva-marca-de-adecco","status":"publish","type":"post","link":"https:\/\/www.oficinaempleo.com\/blog\/nuevas-contrataciones-con-la-nueva-marca-de-adecco\/","title":{"rendered":"Nuevas contrataciones con la nueva marca de Adecco"},"content":{"rendered":"<p style=\"text-align: justify;\"><strong>El <a href=\"http:\/\/www.adecco.es\/Home\/Home.aspx#\" >Grupo Adecco<\/a><\/strong> con sede en Zurich (Suiza) actualmente es el l\u00edder mundial en Recursos Humanos. Posee oficinas en m\u00e1s de 60 pa\u00edses y ofrece una gran variedad de servicios (empleo temporal,  empleo fijo,  externalizaci\u00f3n de servicios, consultor\u00eda y recolocaci\u00f3n) haciendo posible que asociados y clientes puedan conectar.<\/p>\n<p style=\"text-align: justify;\"><img loading=\"lazy\" decoding=\"async\" class=\"aligncenter wp-image-3514 size-full\" src=\"http:\/\/www.oficinaempleo.com\/blog\/wp-content\/uploads\/2015\/03\/adeco-rrhh1.jpg\" alt=\"adeco rrhh\" width=\"736\" height=\"489\" srcset=\"https:\/\/www.oficinaempleo.com\/blog\/wp-content\/uploads\/2015\/03\/adeco-rrhh1.jpg 736w, https:\/\/www.oficinaempleo.com\/blog\/wp-content\/uploads\/2015\/03\/adeco-rrhh1-300x199.jpg 300w, https:\/\/www.oficinaempleo.com\/blog\/wp-content\/uploads\/2015\/03\/adeco-rrhh1-226x150.jpg 226w\" sizes=\"auto, (max-width: 736px) 100vw, 736px\" \/><\/p>\n<p style=\"text-align: justify;\">Ahora Adecco lanza en Espa\u00f1a la marca <a href=\"http:\/\/www.springspain.com\/default.aspx\" ><strong>Spring Professional<\/strong><\/a>, consultora especializada en la b\u00fasqueda y selecci\u00f3n de ejecutivos, mandos medios y directivos, mediante la cual <strong>se prev\u00e9 la contrataci\u00f3n de 1.000 profesionales este a\u00f1o en Espa\u00f1a<\/strong>.<\/p>\n<p style=\"text-align: justify;\">Actualmente, cuenta con 60 consultores distribuidos en m\u00e1s de cinco oficinas espa\u00f1olas involucradas en las \u00e1reas de Inform\u00e1tica y Telco, Ingenier\u00eda e Industria, Comercial y Marketing, Log\u00edstica y <em>Supply Chain<\/em>, Sanidad y Ciencias de la Salud, <em>Finance <\/em>&amp; <em>Corporate<\/em> y Retail . Adem\u00e1s posee oficinas en Asia, Reino Unido, Francia y Espa\u00f1a.<\/p>\n<p style=\"text-align: justify;\">El objetivo de esta consultora es encontrar el talento que mejor se adapta a cada organizaci\u00f3n debido a que cada vez es m\u00e1s dif\u00edcil para una empresa encontrar candidatos adecuados, por ello, Spring Professional se centrar\u00e1 en tres \u00e1reas:<\/p>\n<ul style=\"text-align: justify;\">\n<li><strong><em>Sourcing: <\/em><\/strong>es una plataforma online con herramientas que centralizan las mejores ofertas escogidas por consultores especializados en redes sociales para buscar el mejor talento.<\/li>\n<li><strong><em>Spring Assesment: <\/em><\/strong>evaluaci\u00f3n y selecci\u00f3n de candidatos que va m\u00e1s all\u00e1 del simple curr\u00edculum, analizando personalidad y motivaci\u00f3n de los candidatos mediante innovadoras herramientas y metodolog\u00edas como el c\u00e1lculo del cociente emocional.<\/li>\n<li><strong><em>Spring Professional: <\/em><\/strong>asesoramiento y diagn\u00f3stico que ofrece para fomentar el aumento de competencias de los candidatos.<\/li>\n<\/ul>\n<p style=\"text-align: justify;\"><em>\u201cNo es solo un cambio de logo, se trata de una identidad corporativa m\u00e1s cercana a nuestras metodolog\u00edas y forma de ser. Una peque\u00f1a diferenciaci\u00f3n con el resto del grupo para que nuestros clientes y candidatos nos vean exactamente como somos, nos entiendan mejor y poder llegar mejor a ellos\u201d<\/em> afirma \u00c1ngeles Campoy, directora de Spring Professional en Espa\u00f1a.<\/p>\n<p style=\"text-align: justify;\">Por otra parte, Miguel Bola\u00f1os, director de Operaciones de Spring Professional, a\u00f1ade que la compa\u00f1\u00eda nace en Espa\u00f1a <em>\u00abcon la intenci\u00f3n de aportar un valor diferencial en consultor\u00eda especializada de selecci\u00f3n de posiciones ejecutivas y directivas. Apoy\u00e1ndonos en los valores, experiencia y reconocimiento de un gran grupo multinacional como es Adecco. Queremos transmitir a clientes y candidatos, excelencia en la calidad del servicio que ofrecemos, a trav\u00e9s de un gran equipo de consultores especializados en cada \u00e1rea funcional y sectorial\u201d<\/em>.<\/p>\n<p style=\"text-align: justify;\">Si este contenido te ha parecido interesante reg\u00edstrate en <strong><a href=\"http:\/\/www.oficinaempleo.com\/jobseekers\/registration.php\">Oficina Empleo<\/a><\/strong> y recibe nuestra newsletter y alertas de empleo.<\/p>\n","protected":false},"excerpt":{"rendered":"<p>El Grupo Adecco lanza Spring Professional con quien prev\u00e9 1.000 nuevas contrataciones en 2015<\/p>\n","protected":false},"author":2,"featured_media":3514,"comment_status":"open","ping_status":"open","sticky":false,"template":"","format":"standard","meta":{"footnotes":""},"categories":[691,11],"tags":[256,1101,65],"class_list":["post-3503","post","type-post","status-publish","format-standard","has-post-thumbnail","hentry","category-actualidad-empleo","category-recursos-humanos","tag-adecco","tag-contrataciones","tag-recursos-humanos-2","cat-691-id","cat-11-id","has_thumb"],"yoast_head":"<!-- This site is optimized with the Yoast SEO plugin v27.1.1 - https:\/\/yoast.com\/product\/yoast-seo-wordpress\/ -->\n<title>Nuevas contrataciones con la nueva marca de Adecco - Blog OficinaEmpleo<\/title>\n<meta name=\"robots\" content=\"index, follow, max-snippet:-1, max-image-preview:large, max-video-preview:-1\" \/>\n<link rel=\"canonical\" href=\"https:\/\/www.oficinaempleo.com\/blog\/nuevas-contrataciones-con-la-nueva-marca-de-adecco\/\" \/>\n<meta property=\"og:locale\" content=\"es_ES\" \/>\n<meta property=\"og:type\" content=\"article\" \/>\n<meta property=\"og:title\" content=\"Nuevas contrataciones con la nueva marca de Adecco - Blog OficinaEmpleo\" \/>\n<meta property=\"og:description\" content=\"El Grupo Adecco lanza Spring Professional con quien prev\u00e9 1.000 nuevas contrataciones en 2015\" \/>\n<meta property=\"og:url\" content=\"https:\/\/www.oficinaempleo.com\/blog\/nuevas-contrataciones-con-la-nueva-marca-de-adecco\/\" \/>\n<meta property=\"og:site_name\" content=\"Noticias y consejos de empleo | Blog OficinaEmpleo\" \/>\n<meta property=\"article:author\" content=\"https:\/\/www.facebook.com\/OficinaEmpleo\" \/>\n<meta property=\"article:published_time\" content=\"2015-03-09T17:05:18+00:00\" \/>\n<meta property=\"og:image\" content=\"https:\/\/www.oficinaempleo.com\/blog\/wp-content\/uploads\/2015\/03\/adeco-rrhh1.jpg\" \/>\n\t<meta property=\"og:image:width\" content=\"736\" \/>\n\t<meta property=\"og:image:height\" content=\"489\" \/>\n\t<meta property=\"og:image:type\" content=\"image\/jpeg\" \/>\n<meta name=\"author\" content=\"OficinaEmpleo\" \/>\n<meta name=\"twitter:card\" content=\"summary_large_image\" \/>\n<meta name=\"twitter:creator\" content=\"@OficinaEmpleo\" \/>\n<meta name=\"twitter:site\" content=\"@OficinaEmpleo\" \/>\n<meta name=\"twitter:label1\" content=\"Written by\" \/>\n\t<meta name=\"twitter:data1\" content=\"OficinaEmpleo\" \/>\n\t<meta name=\"twitter:label2\" content=\"Est. reading time\" \/>\n\t<meta name=\"twitter:data2\" content=\"2 minutos\" \/>\n<script type=\"application\/ld+json\" class=\"yoast-schema-graph\">{\"@context\":\"https:\/\/schema.org\",\"@graph\":[{\"@type\":\"Article\",\"@id\":\"https:\/\/www.oficinaempleo.com\/blog\/nuevas-contrataciones-con-la-nueva-marca-de-adecco\/#article\",\"isPartOf\":{\"@id\":\"https:\/\/www.oficinaempleo.com\/blog\/nuevas-contrataciones-con-la-nueva-marca-de-adecco\/\"},\"author\":{\"name\":\"OficinaEmpleo\",\"@id\":\"https:\/\/www.oficinaempleo.com\/blog\/#\/schema\/person\/a7f3437f35bd6bd9ad19addae529a114\"},\"headline\":\"Nuevas contrataciones con la nueva marca de Adecco\",\"datePublished\":\"2015-03-09T17:05:18+00:00\",\"mainEntityOfPage\":{\"@id\":\"https:\/\/www.oficinaempleo.com\/blog\/nuevas-contrataciones-con-la-nueva-marca-de-adecco\/\"},\"wordCount\":454,\"commentCount\":0,\"publisher\":{\"@id\":\"https:\/\/www.oficinaempleo.com\/blog\/#organization\"},\"image\":{\"@id\":\"https:\/\/www.oficinaempleo.com\/blog\/nuevas-contrataciones-con-la-nueva-marca-de-adecco\/#primaryimage\"},\"thumbnailUrl\":\"https:\/\/www.oficinaempleo.com\/blog\/wp-content\/uploads\/2015\/03\/adeco-rrhh1.jpg\",\"keywords\":[\"Adecco\",\"contrataciones\",\"recursos humanos\"],\"articleSection\":[\"Actualidad\",\"Recursos humanos\"],\"inLanguage\":\"es\",\"potentialAction\":[{\"@type\":\"CommentAction\",\"name\":\"Comment\",\"target\":[\"https:\/\/www.oficinaempleo.com\/blog\/nuevas-contrataciones-con-la-nueva-marca-de-adecco\/#respond\"]}]},{\"@type\":\"WebPage\",\"@id\":\"https:\/\/www.oficinaempleo.com\/blog\/nuevas-contrataciones-con-la-nueva-marca-de-adecco\/\",\"url\":\"https:\/\/www.oficinaempleo.com\/blog\/nuevas-contrataciones-con-la-nueva-marca-de-adecco\/\",\"name\":\"Nuevas contrataciones con la nueva marca de Adecco - Blog OficinaEmpleo\",\"isPartOf\":{\"@id\":\"https:\/\/www.oficinaempleo.com\/blog\/#website\"},\"primaryImageOfPage\":{\"@id\":\"https:\/\/www.oficinaempleo.com\/blog\/nuevas-contrataciones-con-la-nueva-marca-de-adecco\/#primaryimage\"},\"image\":{\"@id\":\"https:\/\/www.oficinaempleo.com\/blog\/nuevas-contrataciones-con-la-nueva-marca-de-adecco\/#primaryimage\"},\"thumbnailUrl\":\"https:\/\/www.oficinaempleo.com\/blog\/wp-content\/uploads\/2015\/03\/adeco-rrhh1.jpg\",\"datePublished\":\"2015-03-09T17:05:18+00:00\",\"breadcrumb\":{\"@id\":\"https:\/\/www.oficinaempleo.com\/blog\/nuevas-contrataciones-con-la-nueva-marca-de-adecco\/#breadcrumb\"},\"inLanguage\":\"es\",\"potentialAction\":[{\"@type\":\"ReadAction\",\"target\":[\"https:\/\/www.oficinaempleo.com\/blog\/nuevas-contrataciones-con-la-nueva-marca-de-adecco\/\"]}]},{\"@type\":\"ImageObject\",\"inLanguage\":\"es\",\"@id\":\"https:\/\/www.oficinaempleo.com\/blog\/nuevas-contrataciones-con-la-nueva-marca-de-adecco\/#primaryimage\",\"url\":\"https:\/\/www.oficinaempleo.com\/blog\/wp-content\/uploads\/2015\/03\/adeco-rrhh1.jpg\",\"contentUrl\":\"https:\/\/www.oficinaempleo.com\/blog\/wp-content\/uploads\/2015\/03\/adeco-rrhh1.jpg\",\"width\":736,\"height\":489},{\"@type\":\"BreadcrumbList\",\"@id\":\"https:\/\/www.oficinaempleo.com\/blog\/nuevas-contrataciones-con-la-nueva-marca-de-adecco\/#breadcrumb\",\"itemListElement\":[{\"@type\":\"ListItem\",\"position\":1,\"name\":\"Home\",\"item\":\"https:\/\/www.oficinaempleo.com\/blog\/\"},{\"@type\":\"ListItem\",\"position\":2,\"name\":\"Nuevas contrataciones con la nueva marca de Adecco\"}]},{\"@type\":\"WebSite\",\"@id\":\"https:\/\/www.oficinaempleo.com\/blog\/#website\",\"url\":\"https:\/\/www.oficinaempleo.com\/blog\/\",\"name\":\"Noticias y Consejos de Empleo | Blog OficinaEmpleo\",\"description\":\"\",\"publisher\":{\"@id\":\"https:\/\/www.oficinaempleo.com\/blog\/#organization\"},\"potentialAction\":[{\"@type\":\"SearchAction\",\"target\":{\"@type\":\"EntryPoint\",\"urlTemplate\":\"https:\/\/www.oficinaempleo.com\/blog\/?s={search_term_string}\"},\"query-input\":{\"@type\":\"PropertyValueSpecification\",\"valueRequired\":true,\"valueName\":\"search_term_string\"}}],\"inLanguage\":\"es\"},{\"@type\":\"Organization\",\"@id\":\"https:\/\/www.oficinaempleo.com\/blog\/#organization\",\"name\":\"OficinaEmpleo\",\"url\":\"https:\/\/www.oficinaempleo.com\/blog\/\",\"logo\":{\"@type\":\"ImageObject\",\"inLanguage\":\"es\",\"@id\":\"https:\/\/www.oficinaempleo.com\/blog\/#\/schema\/logo\/image\/\",\"url\":\"https:\/\/www.oficinaempleo.com\/blog\/wp-content\/uploads\/2018\/10\/logo_footer-1.jpg\",\"contentUrl\":\"https:\/\/www.oficinaempleo.com\/blog\/wp-content\/uploads\/2018\/10\/logo_footer-1.jpg\",\"width\":478,\"height\":57,\"caption\":\"OficinaEmpleo\"},\"image\":{\"@id\":\"https:\/\/www.oficinaempleo.com\/blog\/#\/schema\/logo\/image\/\"},\"sameAs\":[\"https:\/\/x.com\/OficinaEmpleo\"]},{\"@type\":\"Person\",\"@id\":\"https:\/\/www.oficinaempleo.com\/blog\/#\/schema\/person\/a7f3437f35bd6bd9ad19addae529a114\",\"name\":\"OficinaEmpleo\",\"image\":{\"@type\":\"ImageObject\",\"inLanguage\":\"es\",\"@id\":\"https:\/\/www.oficinaempleo.com\/blog\/#\/schema\/person\/image\/\",\"url\":\"https:\/\/secure.gravatar.com\/avatar\/ea822afb14d7439ba3051d652cf8f548fe540f184ce16a2135fc22c9337bd72e?s=96&d=mm&r=g\",\"contentUrl\":\"https:\/\/secure.gravatar.com\/avatar\/ea822afb14d7439ba3051d652cf8f548fe540f184ce16a2135fc22c9337bd72e?s=96&d=mm&r=g\",\"caption\":\"OficinaEmpleo\"},\"description\":\"En OficinaEmpleo queremos ayudarte a conseguir trabajo. Por eso, adem\u00e1s de ofrecerte ofertas de empleo en nuestro portal, te ense\u00f1amos las novedades del sector, y consejos para mejorar tu perfil.\",\"sameAs\":[\"http:\/\/www.oficinaempleo.com\/\",\"https:\/\/www.facebook.com\/OficinaEmpleo\",\"https:\/\/x.com\/OficinaEmpleo\"],\"url\":\"https:\/\/www.oficinaempleo.com\/blog\/author\/empleo\/\"}]}<\/script>\n<!-- \/ Yoast SEO plugin. -->","yoast_head_json":{"title":"Nuevas contrataciones con la nueva marca de Adecco - Blog OficinaEmpleo","robots":{"index":"index","follow":"follow","max-snippet":"max-snippet:-1","max-image-preview":"max-image-preview:large","max-video-preview":"max-video-preview:-1"},"canonical":"https:\/\/www.oficinaempleo.com\/blog\/nuevas-contrataciones-con-la-nueva-marca-de-adecco\/","og_locale":"es_ES","og_type":"article","og_title":"Nuevas contrataciones con la nueva marca de Adecco - Blog OficinaEmpleo","og_description":"El Grupo Adecco lanza Spring Professional con quien prev\u00e9 1.000 nuevas contrataciones en 2015","og_url":"https:\/\/www.oficinaempleo.com\/blog\/nuevas-contrataciones-con-la-nueva-marca-de-adecco\/","og_site_name":"Noticias y consejos de empleo | Blog OficinaEmpleo","article_author":"https:\/\/www.facebook.com\/OficinaEmpleo","article_published_time":"2015-03-09T17:05:18+00:00","og_image":[{"width":736,"height":489,"url":"https:\/\/www.oficinaempleo.com\/blog\/wp-content\/uploads\/2015\/03\/adeco-rrhh1.jpg","type":"image\/jpeg"}],"author":"OficinaEmpleo","twitter_card":"summary_large_image","twitter_creator":"@OficinaEmpleo","twitter_site":"@OficinaEmpleo","twitter_misc":{"Written by":"OficinaEmpleo","Est. reading time":"2 minutos"},"schema":{"@context":"https:\/\/schema.org","@graph":[{"@type":"Article","@id":"https:\/\/www.oficinaempleo.com\/blog\/nuevas-contrataciones-con-la-nueva-marca-de-adecco\/#article","isPartOf":{"@id":"https:\/\/www.oficinaempleo.com\/blog\/nuevas-contrataciones-con-la-nueva-marca-de-adecco\/"},"author":{"name":"OficinaEmpleo","@id":"https:\/\/www.oficinaempleo.com\/blog\/#\/schema\/person\/a7f3437f35bd6bd9ad19addae529a114"},"headline":"Nuevas contrataciones con la nueva marca de Adecco","datePublished":"2015-03-09T17:05:18+00:00","mainEntityOfPage":{"@id":"https:\/\/www.oficinaempleo.com\/blog\/nuevas-contrataciones-con-la-nueva-marca-de-adecco\/"},"wordCount":454,"commentCount":0,"publisher":{"@id":"https:\/\/www.oficinaempleo.com\/blog\/#organization"},"image":{"@id":"https:\/\/www.oficinaempleo.com\/blog\/nuevas-contrataciones-con-la-nueva-marca-de-adecco\/#primaryimage"},"thumbnailUrl":"https:\/\/www.oficinaempleo.com\/blog\/wp-content\/uploads\/2015\/03\/adeco-rrhh1.jpg","keywords":["Adecco","contrataciones","recursos humanos"],"articleSection":["Actualidad","Recursos humanos"],"inLanguage":"es","potentialAction":[{"@type":"CommentAction","name":"Comment","target":["https:\/\/www.oficinaempleo.com\/blog\/nuevas-contrataciones-con-la-nueva-marca-de-adecco\/#respond"]}]},{"@type":"WebPage","@id":"https:\/\/www.oficinaempleo.com\/blog\/nuevas-contrataciones-con-la-nueva-marca-de-adecco\/","url":"https:\/\/www.oficinaempleo.com\/blog\/nuevas-contrataciones-con-la-nueva-marca-de-adecco\/","name":"Nuevas contrataciones con la nueva marca de Adecco - Blog OficinaEmpleo","isPartOf":{"@id":"https:\/\/www.oficinaempleo.com\/blog\/#website"},"primaryImageOfPage":{"@id":"https:\/\/www.oficinaempleo.com\/blog\/nuevas-contrataciones-con-la-nueva-marca-de-adecco\/#primaryimage"},"image":{"@id":"https:\/\/www.oficinaempleo.com\/blog\/nuevas-contrataciones-con-la-nueva-marca-de-adecco\/#primaryimage"},"thumbnailUrl":"https:\/\/www.oficinaempleo.com\/blog\/wp-content\/uploads\/2015\/03\/adeco-rrhh1.jpg","datePublished":"2015-03-09T17:05:18+00:00","breadcrumb":{"@id":"https:\/\/www.oficinaempleo.com\/blog\/nuevas-contrataciones-con-la-nueva-marca-de-adecco\/#breadcrumb"},"inLanguage":"es","potentialAction":[{"@type":"ReadAction","target":["https:\/\/www.oficinaempleo.com\/blog\/nuevas-contrataciones-con-la-nueva-marca-de-adecco\/"]}]},{"@type":"ImageObject","inLanguage":"es","@id":"https:\/\/www.oficinaempleo.com\/blog\/nuevas-contrataciones-con-la-nueva-marca-de-adecco\/#primaryimage","url":"https:\/\/www.oficinaempleo.com\/blog\/wp-content\/uploads\/2015\/03\/adeco-rrhh1.jpg","contentUrl":"https:\/\/www.oficinaempleo.com\/blog\/wp-content\/uploads\/2015\/03\/adeco-rrhh1.jpg","width":736,"height":489},{"@type":"BreadcrumbList","@id":"https:\/\/www.oficinaempleo.com\/blog\/nuevas-contrataciones-con-la-nueva-marca-de-adecco\/#breadcrumb","itemListElement":[{"@type":"ListItem","position":1,"name":"Home","item":"https:\/\/www.oficinaempleo.com\/blog\/"},{"@type":"ListItem","position":2,"name":"Nuevas contrataciones con la nueva marca de Adecco"}]},{"@type":"WebSite","@id":"https:\/\/www.oficinaempleo.com\/blog\/#website","url":"https:\/\/www.oficinaempleo.com\/blog\/","name":"Noticias y Consejos de Empleo | Blog OficinaEmpleo","description":"","publisher":{"@id":"https:\/\/www.oficinaempleo.com\/blog\/#organization"},"potentialAction":[{"@type":"SearchAction","target":{"@type":"EntryPoint","urlTemplate":"https:\/\/www.oficinaempleo.com\/blog\/?s={search_term_string}"},"query-input":{"@type":"PropertyValueSpecification","valueRequired":true,"valueName":"search_term_string"}}],"inLanguage":"es"},{"@type":"Organization","@id":"https:\/\/www.oficinaempleo.com\/blog\/#organization","name":"OficinaEmpleo","url":"https:\/\/www.oficinaempleo.com\/blog\/","logo":{"@type":"ImageObject","inLanguage":"es","@id":"https:\/\/www.oficinaempleo.com\/blog\/#\/schema\/logo\/image\/","url":"https:\/\/www.oficinaempleo.com\/blog\/wp-content\/uploads\/2018\/10\/logo_footer-1.jpg","contentUrl":"https:\/\/www.oficinaempleo.com\/blog\/wp-content\/uploads\/2018\/10\/logo_footer-1.jpg","width":478,"height":57,"caption":"OficinaEmpleo"},"image":{"@id":"https:\/\/www.oficinaempleo.com\/blog\/#\/schema\/logo\/image\/"},"sameAs":["https:\/\/x.com\/OficinaEmpleo"]},{"@type":"Person","@id":"https:\/\/www.oficinaempleo.com\/blog\/#\/schema\/person\/a7f3437f35bd6bd9ad19addae529a114","name":"OficinaEmpleo","image":{"@type":"ImageObject","inLanguage":"es","@id":"https:\/\/www.oficinaempleo.com\/blog\/#\/schema\/person\/image\/","url":"https:\/\/secure.gravatar.com\/avatar\/ea822afb14d7439ba3051d652cf8f548fe540f184ce16a2135fc22c9337bd72e?s=96&d=mm&r=g","contentUrl":"https:\/\/secure.gravatar.com\/avatar\/ea822afb14d7439ba3051d652cf8f548fe540f184ce16a2135fc22c9337bd72e?s=96&d=mm&r=g","caption":"OficinaEmpleo"},"description":"En OficinaEmpleo queremos ayudarte a conseguir trabajo. Por eso, adem\u00e1s de ofrecerte ofertas de empleo en nuestro portal, te ense\u00f1amos las novedades del sector, y consejos para mejorar tu perfil.","sameAs":["http:\/\/www.oficinaempleo.com\/","https:\/\/www.facebook.com\/OficinaEmpleo","https:\/\/x.com\/OficinaEmpleo"],"url":"https:\/\/www.oficinaempleo.com\/blog\/author\/empleo\/"}]}},"_links":{"self":[{"href":"https:\/\/www.oficinaempleo.com\/blog\/wp-json\/wp\/v2\/posts\/3503","targetHints":{"allow":["GET"]}}],"collection":[{"href":"https:\/\/www.oficinaempleo.com\/blog\/wp-json\/wp\/v2\/posts"}],"about":[{"href":"https:\/\/www.oficinaempleo.com\/blog\/wp-json\/wp\/v2\/types\/post"}],"author":[{"embeddable":true,"href":"https:\/\/www.oficinaempleo.com\/blog\/wp-json\/wp\/v2\/users\/2"}],"replies":[{"embeddable":true,"href":"https:\/\/www.oficinaempleo.com\/blog\/wp-json\/wp\/v2\/comments?post=3503"}],"version-history":[{"count":0,"href":"https:\/\/www.oficinaempleo.com\/blog\/wp-json\/wp\/v2\/posts\/3503\/revisions"}],"wp:featuredmedia":[{"embeddable":true,"href":"https:\/\/www.oficinaempleo.com\/blog\/wp-json\/wp\/v2\/media\/3514"}],"wp:attachment":[{"href":"https:\/\/www.oficinaempleo.com\/blog\/wp-json\/wp\/v2\/media?parent=3503"}],"wp:term":[{"taxonomy":"category","embeddable":true,"href":"https:\/\/www.oficinaempleo.com\/blog\/wp-json\/wp\/v2\/categories?post=3503"},{"taxonomy":"post_tag","embeddable":true,"href":"https:\/\/www.oficinaempleo.com\/blog\/wp-json\/wp\/v2\/tags?post=3503"}],"curies":[{"name":"wp","href":"https:\/\/api.w.org\/{rel}","templated":true}]}}