{"id":3528,"date":"2015-03-10T01:42:07","date_gmt":"2015-03-10T00:42:07","guid":{"rendered":"http:\/\/www.oficinaempleo.com\/blog\/?p=3528"},"modified":"2015-03-10T01:42:07","modified_gmt":"2015-03-10T00:42:07","slug":"5-mujeres-lideres-en-sus-empresas","status":"publish","type":"post","link":"https:\/\/www.oficinaempleo.com\/blog\/5-mujeres-lideres-en-sus-empresas\/","title":{"rendered":"5 mujeres l\u00edderes en sus empresas"},"content":{"rendered":"<p>Cada vez son m\u00e1s las mujeres que ocupan cargos de responsabilidad en las empresas espa\u00f1olas,  aunque a\u00fan queda mucho camino por recorrer en este aspecto porque la desigualdad de sexos en los puestos directivos sigue siendo considerable. <strong>Estas 5 mujeres son l\u00edderes en sus respectivos sectores,<\/strong> ya sea la banca, la tecnolog\u00eda, la joyer\u00eda\u2026 o incluso la pol\u00edtica:<\/p>\n<p><strong>1. Ana Patricia Bot\u00edn<\/strong><\/p>\n<p>Tras la muerte de Emilio Bot\u00edn, la presidencia del <strong>Grupo Banco Santander<\/strong> recay\u00f3 en su hija Ana Patricia Bot\u00edn, que ha demostrado con sus nombramientos y ceses que no le tiembla el pulso. Ana Patricia Bot\u00edn no s\u00f3lo es una de las mujeres con m\u00e1s poder en Espa\u00f1a sino que tambi\u00e9n est\u00e1 entre las m\u00e1s influyentes del mundo.<\/p>\n<p><a href=\"http:\/\/www.oficinaempleo.com\/blog\/wp-content\/uploads\/2015\/03\/ana-botin.jpg\"><img loading=\"lazy\" decoding=\"async\" class=\"alignnone wp-image-3529 size-full\" src=\"http:\/\/www.oficinaempleo.com\/blog\/wp-content\/uploads\/2015\/03\/ana-botin.jpg\" alt=\"ana-botin\" width=\"590\" height=\"315\" srcset=\"https:\/\/www.oficinaempleo.com\/blog\/wp-content\/uploads\/2015\/03\/ana-botin.jpg 590w, https:\/\/www.oficinaempleo.com\/blog\/wp-content\/uploads\/2015\/03\/ana-botin-300x160.jpg 300w, https:\/\/www.oficinaempleo.com\/blog\/wp-content\/uploads\/2015\/03\/ana-botin-280x150.jpg 280w\" sizes=\"auto, (max-width: 590px) 100vw, 590px\" \/><\/a><\/p>\n<p>&nbsp;<\/p>\n<p><strong>2. Mar\u00eda Dolores Dancausa<\/strong><\/p>\n<p>Tambi\u00e9n una mujer lleva las riendas de otro banco importante. La consejera delegada de <strong>Bankinter<\/strong>, licenciada en Derecho, figura entre las directivas m\u00e1s importantes de Espa\u00f1a y su labor ha sido reconocida con la concesi\u00f3n de varios premios.<\/p>\n<p><a href=\"http:\/\/www.oficinaempleo.com\/blog\/wp-content\/uploads\/2015\/03\/maria-dolores-dancausa.jpg\"><img loading=\"lazy\" decoding=\"async\" class=\"alignnone wp-image-3531 size-full\" src=\"http:\/\/www.oficinaempleo.com\/blog\/wp-content\/uploads\/2015\/03\/maria-dolores-dancausa.jpg\" alt=\"maria-dolores-dancausa\" width=\"590\" height=\"315\" srcset=\"https:\/\/www.oficinaempleo.com\/blog\/wp-content\/uploads\/2015\/03\/maria-dolores-dancausa.jpg 590w, https:\/\/www.oficinaempleo.com\/blog\/wp-content\/uploads\/2015\/03\/maria-dolores-dancausa-300x160.jpg 300w, https:\/\/www.oficinaempleo.com\/blog\/wp-content\/uploads\/2015\/03\/maria-dolores-dancausa-280x150.jpg 280w\" sizes=\"auto, (max-width: 590px) 100vw, 590px\" \/><\/a><\/p>\n<p>&nbsp;<\/p>\n<p><strong>3. Marta Mart\u00ednez<\/strong><\/p>\n<p>La presidenta de <strong>IBM Espa\u00f1a<\/strong>, licenciada en Matem\u00e1ticas, comenz\u00f3 a trabajar como ejecutiva para la multinacional que ahora preside en 2003. 10 a\u00f1os despu\u00e9s fue elegida como presidenta de IBM.<\/p>\n<p><a href=\"http:\/\/www.oficinaempleo.com\/blog\/wp-content\/uploads\/2015\/03\/Marta_martinez.jpg\"><img loading=\"lazy\" decoding=\"async\" class=\"alignnone wp-image-3532 size-full\" src=\"http:\/\/www.oficinaempleo.com\/blog\/wp-content\/uploads\/2015\/03\/Marta_martinez.jpg\" alt=\"Marta_martinez\" width=\"590\" height=\"315\" srcset=\"https:\/\/www.oficinaempleo.com\/blog\/wp-content\/uploads\/2015\/03\/Marta_martinez.jpg 590w, https:\/\/www.oficinaempleo.com\/blog\/wp-content\/uploads\/2015\/03\/Marta_martinez-300x160.jpg 300w, https:\/\/www.oficinaempleo.com\/blog\/wp-content\/uploads\/2015\/03\/Marta_martinez-280x150.jpg 280w\" sizes=\"auto, (max-width: 590px) 100vw, 590px\" \/><\/a><\/p>\n<p>&nbsp;<\/p>\n<p><strong>4. Rosa Oriol<\/strong><\/p>\n<p>Esta mujer que en su d\u00eda trabaj\u00f3 como dependienta en una tienda de Manresa es ahora la directora creativa y vicepresidenta de la marca de joyer\u00eda <strong>Tous<\/strong> y una de las empresarias m\u00e1s influyentes de Espa\u00f1a.<\/p>\n<p><a href=\"http:\/\/www.oficinaempleo.com\/blog\/wp-content\/uploads\/2015\/03\/rosa-tous.jpg\"><img loading=\"lazy\" decoding=\"async\" class=\"alignnone wp-image-3533 size-full\" src=\"http:\/\/www.oficinaempleo.com\/blog\/wp-content\/uploads\/2015\/03\/rosa-tous.jpg\" alt=\"rosa-tous\" width=\"590\" height=\"315\" srcset=\"https:\/\/www.oficinaempleo.com\/blog\/wp-content\/uploads\/2015\/03\/rosa-tous.jpg 590w, https:\/\/www.oficinaempleo.com\/blog\/wp-content\/uploads\/2015\/03\/rosa-tous-300x160.jpg 300w, https:\/\/www.oficinaempleo.com\/blog\/wp-content\/uploads\/2015\/03\/rosa-tous-280x150.jpg 280w\" sizes=\"auto, (max-width: 590px) 100vw, 590px\" \/><\/a><\/p>\n<p>&nbsp;<\/p>\n<p><strong>5. Esperanza Aguirre<\/strong><\/p>\n<p>El <strong>Partido Popular<\/strong> no es una empresa sino un partido pol\u00edtico, pero si hablamos de mujeres y liderazgo el nombre que est\u00e1 de m\u00e1s actualidad es el de Esperanza Aguirre, que ha sido designada candidata a la Alcald\u00eda de Madrid pese a sus diferencias con el presidente del Gobierno Mariano Rajoy.<\/p>\n<p><a href=\"http:\/\/www.oficinaempleo.com\/blog\/wp-content\/uploads\/2015\/03\/Esperanza_Aguirre.jpg\"><img loading=\"lazy\" decoding=\"async\" class=\"alignnone size-full wp-image-3530\" src=\"http:\/\/www.oficinaempleo.com\/blog\/wp-content\/uploads\/2015\/03\/Esperanza_Aguirre.jpg\" alt=\"Esperanza_Aguirre\" width=\"590\" height=\"315\" srcset=\"https:\/\/www.oficinaempleo.com\/blog\/wp-content\/uploads\/2015\/03\/Esperanza_Aguirre.jpg 590w, https:\/\/www.oficinaempleo.com\/blog\/wp-content\/uploads\/2015\/03\/Esperanza_Aguirre-300x160.jpg 300w, https:\/\/www.oficinaempleo.com\/blog\/wp-content\/uploads\/2015\/03\/Esperanza_Aguirre-280x150.jpg 280w\" sizes=\"auto, (max-width: 590px) 100vw, 590px\" \/><\/a><\/p>\n<p>Reg\u00edstrate en <strong><a title=\"Blog de Oficina Empleo\" href=\"http:\/\/www.oficinaempleo.com\/jobseekers\/registration.php?ref=blog\" >OficinaEmpleo<\/a> <\/strong>si te parece interesante el contenido y recibe nuestra newsletter y alertas de empleo.<\/p>\n","protected":false},"excerpt":{"rendered":"<p>Ana, Mar\u00eda Dolores, Marta, Rosa, Esperanza&#8230; El liderazgo tambi\u00e9n tiene nombre de mujer<\/p>\n","protected":false},"author":2,"featured_media":3529,"comment_status":"open","ping_status":"open","sticky":false,"template":"","format":"standard","meta":{"footnotes":""},"categories":[691,512,3],"tags":[1105,878,1103,1102,984,1104],"class_list":["post-3528","post","type-post","status-publish","format-standard","has-post-thumbnail","hentry","category-actualidad-empleo","category-emprendedores","category-noticias-empleo","tag-ana-patricia-botin","tag-banco-santander","tag-esperanza-aguirre","tag-lideres","tag-mujeres","tag-tous","cat-691-id","cat-512-id","cat-3-id","has_thumb"],"yoast_head":"<!-- This site is optimized with the Yoast SEO plugin v27.1.1 - https:\/\/yoast.com\/product\/yoast-seo-wordpress\/ -->\n<title>5 mujeres l\u00edderes en sus empresas - Blog OficinaEmpleo<\/title>\n<meta name=\"robots\" content=\"index, follow, max-snippet:-1, max-image-preview:large, max-video-preview:-1\" \/>\n<link rel=\"canonical\" href=\"https:\/\/www.oficinaempleo.com\/blog\/5-mujeres-lideres-en-sus-empresas\/\" \/>\n<meta property=\"og:locale\" content=\"es_ES\" \/>\n<meta property=\"og:type\" content=\"article\" \/>\n<meta property=\"og:title\" content=\"5 mujeres l\u00edderes en sus empresas - Blog OficinaEmpleo\" \/>\n<meta property=\"og:description\" content=\"Ana, Mar\u00eda Dolores, Marta, Rosa, Esperanza... El liderazgo tambi\u00e9n tiene nombre de mujer\" \/>\n<meta property=\"og:url\" content=\"https:\/\/www.oficinaempleo.com\/blog\/5-mujeres-lideres-en-sus-empresas\/\" \/>\n<meta property=\"og:site_name\" content=\"Noticias y consejos de empleo | Blog OficinaEmpleo\" \/>\n<meta property=\"article:author\" content=\"https:\/\/www.facebook.com\/OficinaEmpleo\" \/>\n<meta property=\"article:published_time\" content=\"2015-03-10T00:42:07+00:00\" \/>\n<meta property=\"og:image\" content=\"https:\/\/www.oficinaempleo.com\/blog\/wp-content\/uploads\/2015\/03\/ana-botin.jpg\" \/>\n\t<meta property=\"og:image:width\" content=\"590\" \/>\n\t<meta property=\"og:image:height\" content=\"315\" \/>\n\t<meta property=\"og:image:type\" content=\"image\/jpeg\" \/>\n<meta name=\"author\" content=\"OficinaEmpleo\" \/>\n<meta name=\"twitter:card\" content=\"summary_large_image\" \/>\n<meta name=\"twitter:creator\" content=\"@OficinaEmpleo\" \/>\n<meta name=\"twitter:site\" content=\"@OficinaEmpleo\" \/>\n<meta name=\"twitter:label1\" content=\"Written by\" \/>\n\t<meta name=\"twitter:data1\" content=\"OficinaEmpleo\" \/>\n\t<meta name=\"twitter:label2\" content=\"Est. reading time\" \/>\n\t<meta name=\"twitter:data2\" content=\"2 minutos\" \/>\n<script type=\"application\/ld+json\" class=\"yoast-schema-graph\">{\"@context\":\"https:\/\/schema.org\",\"@graph\":[{\"@type\":\"Article\",\"@id\":\"https:\/\/www.oficinaempleo.com\/blog\/5-mujeres-lideres-en-sus-empresas\/#article\",\"isPartOf\":{\"@id\":\"https:\/\/www.oficinaempleo.com\/blog\/5-mujeres-lideres-en-sus-empresas\/\"},\"author\":{\"name\":\"OficinaEmpleo\",\"@id\":\"https:\/\/www.oficinaempleo.com\/blog\/#\/schema\/person\/a7f3437f35bd6bd9ad19addae529a114\"},\"headline\":\"5 mujeres l\u00edderes en sus empresas\",\"datePublished\":\"2015-03-10T00:42:07+00:00\",\"mainEntityOfPage\":{\"@id\":\"https:\/\/www.oficinaempleo.com\/blog\/5-mujeres-lideres-en-sus-empresas\/\"},\"wordCount\":341,\"commentCount\":0,\"publisher\":{\"@id\":\"https:\/\/www.oficinaempleo.com\/blog\/#organization\"},\"image\":{\"@id\":\"https:\/\/www.oficinaempleo.com\/blog\/5-mujeres-lideres-en-sus-empresas\/#primaryimage\"},\"thumbnailUrl\":\"https:\/\/www.oficinaempleo.com\/blog\/wp-content\/uploads\/2015\/03\/ana-botin.jpg\",\"keywords\":[\"Ana Patricia Bot\u00edn\",\"Banco Santander\",\"Esperanza Aguirre\",\"l\u00edderes\",\"mujeres\",\"Tous\"],\"articleSection\":[\"Actualidad\",\"Emprendedores\",\"Noticias Empleo\"],\"inLanguage\":\"es\",\"potentialAction\":[{\"@type\":\"CommentAction\",\"name\":\"Comment\",\"target\":[\"https:\/\/www.oficinaempleo.com\/blog\/5-mujeres-lideres-en-sus-empresas\/#respond\"]}]},{\"@type\":\"WebPage\",\"@id\":\"https:\/\/www.oficinaempleo.com\/blog\/5-mujeres-lideres-en-sus-empresas\/\",\"url\":\"https:\/\/www.oficinaempleo.com\/blog\/5-mujeres-lideres-en-sus-empresas\/\",\"name\":\"5 mujeres l\u00edderes en sus empresas - Blog OficinaEmpleo\",\"isPartOf\":{\"@id\":\"https:\/\/www.oficinaempleo.com\/blog\/#website\"},\"primaryImageOfPage\":{\"@id\":\"https:\/\/www.oficinaempleo.com\/blog\/5-mujeres-lideres-en-sus-empresas\/#primaryimage\"},\"image\":{\"@id\":\"https:\/\/www.oficinaempleo.com\/blog\/5-mujeres-lideres-en-sus-empresas\/#primaryimage\"},\"thumbnailUrl\":\"https:\/\/www.oficinaempleo.com\/blog\/wp-content\/uploads\/2015\/03\/ana-botin.jpg\",\"datePublished\":\"2015-03-10T00:42:07+00:00\",\"breadcrumb\":{\"@id\":\"https:\/\/www.oficinaempleo.com\/blog\/5-mujeres-lideres-en-sus-empresas\/#breadcrumb\"},\"inLanguage\":\"es\",\"potentialAction\":[{\"@type\":\"ReadAction\",\"target\":[\"https:\/\/www.oficinaempleo.com\/blog\/5-mujeres-lideres-en-sus-empresas\/\"]}]},{\"@type\":\"ImageObject\",\"inLanguage\":\"es\",\"@id\":\"https:\/\/www.oficinaempleo.com\/blog\/5-mujeres-lideres-en-sus-empresas\/#primaryimage\",\"url\":\"https:\/\/www.oficinaempleo.com\/blog\/wp-content\/uploads\/2015\/03\/ana-botin.jpg\",\"contentUrl\":\"https:\/\/www.oficinaempleo.com\/blog\/wp-content\/uploads\/2015\/03\/ana-botin.jpg\",\"width\":590,\"height\":315},{\"@type\":\"BreadcrumbList\",\"@id\":\"https:\/\/www.oficinaempleo.com\/blog\/5-mujeres-lideres-en-sus-empresas\/#breadcrumb\",\"itemListElement\":[{\"@type\":\"ListItem\",\"position\":1,\"name\":\"Home\",\"item\":\"https:\/\/www.oficinaempleo.com\/blog\/\"},{\"@type\":\"ListItem\",\"position\":2,\"name\":\"5 mujeres l\u00edderes en sus empresas\"}]},{\"@type\":\"WebSite\",\"@id\":\"https:\/\/www.oficinaempleo.com\/blog\/#website\",\"url\":\"https:\/\/www.oficinaempleo.com\/blog\/\",\"name\":\"Noticias y Consejos de Empleo | Blog OficinaEmpleo\",\"description\":\"\",\"publisher\":{\"@id\":\"https:\/\/www.oficinaempleo.com\/blog\/#organization\"},\"potentialAction\":[{\"@type\":\"SearchAction\",\"target\":{\"@type\":\"EntryPoint\",\"urlTemplate\":\"https:\/\/www.oficinaempleo.com\/blog\/?s={search_term_string}\"},\"query-input\":{\"@type\":\"PropertyValueSpecification\",\"valueRequired\":true,\"valueName\":\"search_term_string\"}}],\"inLanguage\":\"es\"},{\"@type\":\"Organization\",\"@id\":\"https:\/\/www.oficinaempleo.com\/blog\/#organization\",\"name\":\"OficinaEmpleo\",\"url\":\"https:\/\/www.oficinaempleo.com\/blog\/\",\"logo\":{\"@type\":\"ImageObject\",\"inLanguage\":\"es\",\"@id\":\"https:\/\/www.oficinaempleo.com\/blog\/#\/schema\/logo\/image\/\",\"url\":\"https:\/\/www.oficinaempleo.com\/blog\/wp-content\/uploads\/2018\/10\/logo_footer-1.jpg\",\"contentUrl\":\"https:\/\/www.oficinaempleo.com\/blog\/wp-content\/uploads\/2018\/10\/logo_footer-1.jpg\",\"width\":478,\"height\":57,\"caption\":\"OficinaEmpleo\"},\"image\":{\"@id\":\"https:\/\/www.oficinaempleo.com\/blog\/#\/schema\/logo\/image\/\"},\"sameAs\":[\"https:\/\/x.com\/OficinaEmpleo\"]},{\"@type\":\"Person\",\"@id\":\"https:\/\/www.oficinaempleo.com\/blog\/#\/schema\/person\/a7f3437f35bd6bd9ad19addae529a114\",\"name\":\"OficinaEmpleo\",\"image\":{\"@type\":\"ImageObject\",\"inLanguage\":\"es\",\"@id\":\"https:\/\/www.oficinaempleo.com\/blog\/#\/schema\/person\/image\/\",\"url\":\"https:\/\/secure.gravatar.com\/avatar\/ea822afb14d7439ba3051d652cf8f548fe540f184ce16a2135fc22c9337bd72e?s=96&d=mm&r=g\",\"contentUrl\":\"https:\/\/secure.gravatar.com\/avatar\/ea822afb14d7439ba3051d652cf8f548fe540f184ce16a2135fc22c9337bd72e?s=96&d=mm&r=g\",\"caption\":\"OficinaEmpleo\"},\"description\":\"En OficinaEmpleo queremos ayudarte a conseguir trabajo. Por eso, adem\u00e1s de ofrecerte ofertas de empleo en nuestro portal, te ense\u00f1amos las novedades del sector, y consejos para mejorar tu perfil.\",\"sameAs\":[\"http:\/\/www.oficinaempleo.com\/\",\"https:\/\/www.facebook.com\/OficinaEmpleo\",\"https:\/\/x.com\/OficinaEmpleo\"],\"url\":\"https:\/\/www.oficinaempleo.com\/blog\/author\/empleo\/\"}]}<\/script>\n<!-- \/ Yoast SEO plugin. -->","yoast_head_json":{"title":"5 mujeres l\u00edderes en sus empresas - Blog OficinaEmpleo","robots":{"index":"index","follow":"follow","max-snippet":"max-snippet:-1","max-image-preview":"max-image-preview:large","max-video-preview":"max-video-preview:-1"},"canonical":"https:\/\/www.oficinaempleo.com\/blog\/5-mujeres-lideres-en-sus-empresas\/","og_locale":"es_ES","og_type":"article","og_title":"5 mujeres l\u00edderes en sus empresas - Blog OficinaEmpleo","og_description":"Ana, Mar\u00eda Dolores, Marta, Rosa, Esperanza... El liderazgo tambi\u00e9n tiene nombre de mujer","og_url":"https:\/\/www.oficinaempleo.com\/blog\/5-mujeres-lideres-en-sus-empresas\/","og_site_name":"Noticias y consejos de empleo | Blog OficinaEmpleo","article_author":"https:\/\/www.facebook.com\/OficinaEmpleo","article_published_time":"2015-03-10T00:42:07+00:00","og_image":[{"width":590,"height":315,"url":"https:\/\/www.oficinaempleo.com\/blog\/wp-content\/uploads\/2015\/03\/ana-botin.jpg","type":"image\/jpeg"}],"author":"OficinaEmpleo","twitter_card":"summary_large_image","twitter_creator":"@OficinaEmpleo","twitter_site":"@OficinaEmpleo","twitter_misc":{"Written by":"OficinaEmpleo","Est. reading time":"2 minutos"},"schema":{"@context":"https:\/\/schema.org","@graph":[{"@type":"Article","@id":"https:\/\/www.oficinaempleo.com\/blog\/5-mujeres-lideres-en-sus-empresas\/#article","isPartOf":{"@id":"https:\/\/www.oficinaempleo.com\/blog\/5-mujeres-lideres-en-sus-empresas\/"},"author":{"name":"OficinaEmpleo","@id":"https:\/\/www.oficinaempleo.com\/blog\/#\/schema\/person\/a7f3437f35bd6bd9ad19addae529a114"},"headline":"5 mujeres l\u00edderes en sus empresas","datePublished":"2015-03-10T00:42:07+00:00","mainEntityOfPage":{"@id":"https:\/\/www.oficinaempleo.com\/blog\/5-mujeres-lideres-en-sus-empresas\/"},"wordCount":341,"commentCount":0,"publisher":{"@id":"https:\/\/www.oficinaempleo.com\/blog\/#organization"},"image":{"@id":"https:\/\/www.oficinaempleo.com\/blog\/5-mujeres-lideres-en-sus-empresas\/#primaryimage"},"thumbnailUrl":"https:\/\/www.oficinaempleo.com\/blog\/wp-content\/uploads\/2015\/03\/ana-botin.jpg","keywords":["Ana Patricia Bot\u00edn","Banco Santander","Esperanza Aguirre","l\u00edderes","mujeres","Tous"],"articleSection":["Actualidad","Emprendedores","Noticias Empleo"],"inLanguage":"es","potentialAction":[{"@type":"CommentAction","name":"Comment","target":["https:\/\/www.oficinaempleo.com\/blog\/5-mujeres-lideres-en-sus-empresas\/#respond"]}]},{"@type":"WebPage","@id":"https:\/\/www.oficinaempleo.com\/blog\/5-mujeres-lideres-en-sus-empresas\/","url":"https:\/\/www.oficinaempleo.com\/blog\/5-mujeres-lideres-en-sus-empresas\/","name":"5 mujeres l\u00edderes en sus empresas - Blog OficinaEmpleo","isPartOf":{"@id":"https:\/\/www.oficinaempleo.com\/blog\/#website"},"primaryImageOfPage":{"@id":"https:\/\/www.oficinaempleo.com\/blog\/5-mujeres-lideres-en-sus-empresas\/#primaryimage"},"image":{"@id":"https:\/\/www.oficinaempleo.com\/blog\/5-mujeres-lideres-en-sus-empresas\/#primaryimage"},"thumbnailUrl":"https:\/\/www.oficinaempleo.com\/blog\/wp-content\/uploads\/2015\/03\/ana-botin.jpg","datePublished":"2015-03-10T00:42:07+00:00","breadcrumb":{"@id":"https:\/\/www.oficinaempleo.com\/blog\/5-mujeres-lideres-en-sus-empresas\/#breadcrumb"},"inLanguage":"es","potentialAction":[{"@type":"ReadAction","target":["https:\/\/www.oficinaempleo.com\/blog\/5-mujeres-lideres-en-sus-empresas\/"]}]},{"@type":"ImageObject","inLanguage":"es","@id":"https:\/\/www.oficinaempleo.com\/blog\/5-mujeres-lideres-en-sus-empresas\/#primaryimage","url":"https:\/\/www.oficinaempleo.com\/blog\/wp-content\/uploads\/2015\/03\/ana-botin.jpg","contentUrl":"https:\/\/www.oficinaempleo.com\/blog\/wp-content\/uploads\/2015\/03\/ana-botin.jpg","width":590,"height":315},{"@type":"BreadcrumbList","@id":"https:\/\/www.oficinaempleo.com\/blog\/5-mujeres-lideres-en-sus-empresas\/#breadcrumb","itemListElement":[{"@type":"ListItem","position":1,"name":"Home","item":"https:\/\/www.oficinaempleo.com\/blog\/"},{"@type":"ListItem","position":2,"name":"5 mujeres l\u00edderes en sus empresas"}]},{"@type":"WebSite","@id":"https:\/\/www.oficinaempleo.com\/blog\/#website","url":"https:\/\/www.oficinaempleo.com\/blog\/","name":"Noticias y Consejos de Empleo | Blog OficinaEmpleo","description":"","publisher":{"@id":"https:\/\/www.oficinaempleo.com\/blog\/#organization"},"potentialAction":[{"@type":"SearchAction","target":{"@type":"EntryPoint","urlTemplate":"https:\/\/www.oficinaempleo.com\/blog\/?s={search_term_string}"},"query-input":{"@type":"PropertyValueSpecification","valueRequired":true,"valueName":"search_term_string"}}],"inLanguage":"es"},{"@type":"Organization","@id":"https:\/\/www.oficinaempleo.com\/blog\/#organization","name":"OficinaEmpleo","url":"https:\/\/www.oficinaempleo.com\/blog\/","logo":{"@type":"ImageObject","inLanguage":"es","@id":"https:\/\/www.oficinaempleo.com\/blog\/#\/schema\/logo\/image\/","url":"https:\/\/www.oficinaempleo.com\/blog\/wp-content\/uploads\/2018\/10\/logo_footer-1.jpg","contentUrl":"https:\/\/www.oficinaempleo.com\/blog\/wp-content\/uploads\/2018\/10\/logo_footer-1.jpg","width":478,"height":57,"caption":"OficinaEmpleo"},"image":{"@id":"https:\/\/www.oficinaempleo.com\/blog\/#\/schema\/logo\/image\/"},"sameAs":["https:\/\/x.com\/OficinaEmpleo"]},{"@type":"Person","@id":"https:\/\/www.oficinaempleo.com\/blog\/#\/schema\/person\/a7f3437f35bd6bd9ad19addae529a114","name":"OficinaEmpleo","image":{"@type":"ImageObject","inLanguage":"es","@id":"https:\/\/www.oficinaempleo.com\/blog\/#\/schema\/person\/image\/","url":"https:\/\/secure.gravatar.com\/avatar\/ea822afb14d7439ba3051d652cf8f548fe540f184ce16a2135fc22c9337bd72e?s=96&d=mm&r=g","contentUrl":"https:\/\/secure.gravatar.com\/avatar\/ea822afb14d7439ba3051d652cf8f548fe540f184ce16a2135fc22c9337bd72e?s=96&d=mm&r=g","caption":"OficinaEmpleo"},"description":"En OficinaEmpleo queremos ayudarte a conseguir trabajo. Por eso, adem\u00e1s de ofrecerte ofertas de empleo en nuestro portal, te ense\u00f1amos las novedades del sector, y consejos para mejorar tu perfil.","sameAs":["http:\/\/www.oficinaempleo.com\/","https:\/\/www.facebook.com\/OficinaEmpleo","https:\/\/x.com\/OficinaEmpleo"],"url":"https:\/\/www.oficinaempleo.com\/blog\/author\/empleo\/"}]}},"_links":{"self":[{"href":"https:\/\/www.oficinaempleo.com\/blog\/wp-json\/wp\/v2\/posts\/3528","targetHints":{"allow":["GET"]}}],"collection":[{"href":"https:\/\/www.oficinaempleo.com\/blog\/wp-json\/wp\/v2\/posts"}],"about":[{"href":"https:\/\/www.oficinaempleo.com\/blog\/wp-json\/wp\/v2\/types\/post"}],"author":[{"embeddable":true,"href":"https:\/\/www.oficinaempleo.com\/blog\/wp-json\/wp\/v2\/users\/2"}],"replies":[{"embeddable":true,"href":"https:\/\/www.oficinaempleo.com\/blog\/wp-json\/wp\/v2\/comments?post=3528"}],"version-history":[{"count":0,"href":"https:\/\/www.oficinaempleo.com\/blog\/wp-json\/wp\/v2\/posts\/3528\/revisions"}],"wp:featuredmedia":[{"embeddable":true,"href":"https:\/\/www.oficinaempleo.com\/blog\/wp-json\/wp\/v2\/media\/3529"}],"wp:attachment":[{"href":"https:\/\/www.oficinaempleo.com\/blog\/wp-json\/wp\/v2\/media?parent=3528"}],"wp:term":[{"taxonomy":"category","embeddable":true,"href":"https:\/\/www.oficinaempleo.com\/blog\/wp-json\/wp\/v2\/categories?post=3528"},{"taxonomy":"post_tag","embeddable":true,"href":"https:\/\/www.oficinaempleo.com\/blog\/wp-json\/wp\/v2\/tags?post=3528"}],"curies":[{"name":"wp","href":"https:\/\/api.w.org\/{rel}","templated":true}]}}