{"id":35429,"date":"2024-12-04T09:48:27","date_gmt":"2024-12-04T08:48:27","guid":{"rendered":"https:\/\/www.oficinaempleo.com\/blog\/?p=35429"},"modified":"2024-12-04T09:52:08","modified_gmt":"2024-12-04T08:52:08","slug":"urgente-se-busca-mozos-de-almacen","status":"publish","type":"post","link":"https:\/\/www.oficinaempleo.com\/blog\/urgente-se-busca-mozos-de-almacen\/","title":{"rendered":"Adecco busca mozos de almac\u00e9n sin experiencia previa"},"content":{"rendered":"<div id=\"attachment_35432\" style=\"width: 600px\" class=\"wp-caption alignnone\"><a href=\"https:\/\/www.oficinaempleo.com\/blog\/wp-content\/uploads\/2024\/12\/Vacantes-para-mozos-de-almacen-por-toda-Espana-Envato.jpg\"><img loading=\"lazy\" decoding=\"async\" aria-describedby=\"caption-attachment-35432\" class=\"size-full wp-image-35432\" src=\"https:\/\/www.oficinaempleo.com\/blog\/wp-content\/uploads\/2024\/12\/Vacantes-para-mozos-de-almacen-por-toda-Espana-Envato.jpg\" alt=\"Vacantes para mozos de almac\u00e9n por toda Espa\u00f1a (Envato)\" width=\"590\" height=\"315\" srcset=\"https:\/\/www.oficinaempleo.com\/blog\/wp-content\/uploads\/2024\/12\/Vacantes-para-mozos-de-almacen-por-toda-Espana-Envato.jpg 590w, https:\/\/www.oficinaempleo.com\/blog\/wp-content\/uploads\/2024\/12\/Vacantes-para-mozos-de-almacen-por-toda-Espana-Envato-300x160.jpg 300w\" sizes=\"auto, (max-width: 590px) 100vw, 590px\" \/><\/a><p id=\"caption-attachment-35432\" class=\"wp-caption-text\">Vacantes para mozos de almac\u00e9n por toda Espa\u00f1a (Envato)<\/p><\/div>\n<p>La campa\u00f1a de <a href=\"https:\/\/www.oficinaempleo.com\/blog\/10-consejos-para-ahorrar-en-tus-compras-de-navidad\/\">Navidad<\/a> trae un aumento en las oportunidades laborales en almacenes. Seg\u00fan la empresa de recursos humanos <strong>Adecco<\/strong>, actualmente hay<strong> 638 vacantes disponibles<\/strong> para trabajar como mozo de almac\u00e9n en diferentes puntos de Espa\u00f1a. Este tipo de empleo, con jornada mayoritariamente de<strong> lunes a viernes<\/strong>, es ideal para quienes buscan estabilidad o ingresos adicionales durante esta temporada.<\/p>\n<p>Durante estas fechas, el crecimiento del comercio electr\u00f3nico y la constante actividad de grandes cadenas de distribuci\u00f3n generan una alta demanda de personal en naves log\u00edsticas. Entre las principales tareas se encuentran el<strong> empaquetado de productos, la preparaci\u00f3n de pedidos, la distribuci\u00f3n a domicilio y el manejo de carretillas elevadoras.<\/strong><br \/>\nAunque en muchos casos los<strong> contratos son temporales<\/strong>, suelen incluir la <strong>posibilidad de \u00abcontinuidad en la empresa\u00bb<\/strong> al finalizar el periodo inicial, especialmente si se cumplen los objetivos y la empresa tiene necesidad de personal a largo plazo.<\/p>\n<p>Requisitos principales para el puesto:<\/p>\n<ul>\n<li style=\"font-weight: 400;\" aria-level=\"1\"><b>Estudios y experiencia:<\/b><span style=\"font-weight: 400;\"> No se requieren estudios ni experiencia previa, aunque en algunos casos se valorar\u00e1.<\/span><\/li>\n<li style=\"font-weight: 400;\" aria-level=\"1\"><b>Carn\u00e9 de conducir:<\/b><span style=\"font-weight: 400;\"> Es obligatorio si el puesto implica labores de reparto.<\/span><\/li>\n<li style=\"font-weight: 400;\" aria-level=\"1\"><b>Carn\u00e9 de carretillero:<\/b><span style=\"font-weight: 400;\"> Fundamental para quienes se encarguen del manejo de carretillas elevadoras.<\/span><\/li>\n<\/ul>\n<p>El<strong> salario promedio de un mozo de almac\u00e9n en Espa\u00f1a ronda los 1.500 euros mensuales<\/strong>, seg\u00fan portales especializados como Indeed o Glassdoor. Sin embargo, esta cifra puede variar dependiendo de la empresa, la ubicaci\u00f3n y los complementos salariales, como nocturnidad, horas extra o cumplimiento de objetivos.<\/p>\n<h2>Vacantes para mozos de almac\u00e9n<\/h2>\n<p>En el portal de empleo de Adecco se pueden encontrar numerosas ofertas en diversas ciudades. Aqu\u00ed te presentamos algunas de las m\u00e1s relevantes:<\/p>\n<ul>\n<li style=\"font-weight: 400;\" aria-level=\"1\"><b>Avil\u00e9s: <\/b><span style=\"font-weight: 400;\">Mozo de almac\u00e9n y repartidor. Jornada completa de lunes a viernes, de 8:00 a 17:30. Contrato temporal con \u201cposibilidad de renovaci\u00f3n\u201d.<\/span><\/li>\n<li style=\"font-weight: 400;\" aria-level=\"1\"><b>Manresa: <\/b><span style=\"font-weight: 400;\">Mozo de almac\u00e9n con carn\u00e9 de carretilla. Se valora experiencia previa y disponibilidad horaria. Posibilidad de contrato indefinido.<\/span><\/li>\n<li style=\"font-weight: 400;\" aria-level=\"1\"><b>Sevilla: <\/b><span style=\"font-weight: 400;\">Dos vacantes para carga, descarga, colocaci\u00f3n de mercanc\u00eda y preparaci\u00f3n de pedidos. Disponibilidad inmediata y turnos rotativos.<\/span><\/li>\n<li style=\"font-weight: 400;\" aria-level=\"1\"><b>Etxebarri: <\/b><span style=\"font-weight: 400;\">Mozo de almac\u00e9n con experiencia de 1 a 2 a\u00f1os y veh\u00edculo propio. Turnos rotativos de lunes a domingo. Sueldo de 9,16 euros por hora.<\/span><\/li>\n<li style=\"font-weight: 400;\" aria-level=\"1\"><b>Castellbisbal: <\/b><span style=\"font-weight: 400;\">Mozo de almac\u00e9n con carn\u00e9 de carretillas (valorable). Disponibilidad para turnos rotativos de ma\u00f1ana y tarde, de lunes a domingo. Sueldo de 12,75 euros por hora. Contrato temporal.<\/span><\/li>\n<li style=\"font-weight: 400;\" aria-level=\"1\"><b>Riudellots de la Selva: <\/b><span style=\"font-weight: 400;\">Cinco vacantes para mozos de almac\u00e9n a tiempo completo. Salario de 9 euros por hora. Se requiere menos de un a\u00f1o de experiencia.<\/span><\/li>\n<li style=\"font-weight: 400;\" aria-level=\"1\"><b>Valdemoro: <\/b><span style=\"font-weight: 400;\">Dos mozos de almac\u00e9n con contrato temporal inicial de 1 mes y opci\u00f3n a indefinido. Experiencia de menos de 12 meses. Horario de lunes a viernes, turnos de 6:00 a 14:00 y de 14:00 a 22:00. Sueldo de 18.000 euros anuales.<\/span><\/li>\n<li style=\"font-weight: 400;\" aria-level=\"1\"><b>Zamudio: <\/b><span style=\"font-weight: 400;\">Mozo de almac\u00e9n con experiencia de 1 a 2 a\u00f1os. Contrato a tiempo parcial de lunes a viernes.<\/span><\/li>\n<li style=\"font-weight: 400;\" aria-level=\"1\"><b>Santa Cruz de Tenerife: <\/b><span style=\"font-weight: 400;\">Dos vacantes con contrato temporal. Se requiere experiencia de 1 a 2 a\u00f1os.<\/span><\/li>\n<li style=\"font-weight: 400;\" aria-level=\"1\"><b>Sevilla (reparto): <\/b><span style=\"font-weight: 400;\">Dos vacantes para mozos de almac\u00e9n con experiencia en manejo de carretillas. Se solicita carn\u00e9 de conducir. Contrato temporal con opci\u00f3n a indefinido.<\/span><\/li>\n<li style=\"font-weight: 400;\" aria-level=\"1\"><b>Picking: <\/b><span style=\"font-weight: 400;\">Dos vacantes para embalaje y etiquetado. Se requiere conocimiento de herramientas inform\u00e1ticas, veh\u00edculo propio y habilidad en c\u00e1lculo mental. Turno fijo de ma\u00f1anas.<\/span><\/li>\n<\/ul>\n<h2>C\u00f3mo enviar tu curriculum<\/h2>\n<p><span style=\"font-weight: 400;\">Solicitar una de estas vacantes es un<\/span><b> proceso sencillo<\/b><span style=\"font-weight: 400;\">. Aqu\u00ed tienes los pasos b\u00e1sicos:<\/span><\/p>\n<ol>\n<li style=\"font-weight: 400;\" aria-level=\"1\"><b>Accede al<\/b><a href=\"https:\/\/www.adecco.es\/ofertas-trabajo?k=mozo\" target=\"_blank\" rel=\"noopener\"><b> portal de Adecco<\/b><\/a><b>:<\/b><span style=\"font-weight: 400;\"> Visita su p\u00e1gina web y busca la oferta que m\u00e1s te interese.<\/span><\/li>\n<li style=\"font-weight: 400;\" aria-level=\"1\"><b>Consulta los detalles:<\/b><span style=\"font-weight: 400;\"> Lee las condiciones laborales y verifica si cumples con los requisitos.<\/span><\/li>\n<li style=\"font-weight: 400;\" aria-level=\"1\"><b>Reg\u00edstrate:<\/b><span style=\"font-weight: 400;\"> Si no tienes una cuenta en Adecco, deber\u00e1s crearla gratuitamente pulsando en <\/span><i><span style=\"font-weight: 400;\">Crear usuario<\/span><\/i><span style=\"font-weight: 400;\">.<\/span><\/li>\n<li style=\"font-weight: 400;\" aria-level=\"1\"><b>Adjunta tu <a href=\"https:\/\/www.oficinaempleo.com\/blog\/5-tipos-de-curriculum-que-te-ayudaran-a-encontrar-trabajo-si-o-si\/\">curr\u00edculum<\/a>:<\/b><span style=\"font-weight: 400;\"> Aseg\u00farate de que est\u00e9 actualizado antes de enviarlo.<\/span><\/li>\n<li style=\"font-weight: 400;\" aria-level=\"1\"><b>Post\u00falate:<\/b> Haz clic en <i>Inscribirme en la oferta<\/i> para completar tu candidatura.<\/li>\n<\/ol>\n<div class=\"su-button-center\"><a href=\"https:\/\/jobs.oficinaempleo.com\/registro?origen=ORG-web&#038;utm_source=OE&#038;utm_medium=boton_registro&#038;utm_content=homepage&#038;utm_campaign=organic\" class=\"su-button su-button-style-flat\" style=\"color:#FFFFFF;background-color:#ec7d0c;border-color:#bd640a;border-radius:10px\" target=\"__blank\"><span style=\"color:#FFFFFF;padding:8px 26px;font-size:20px;line-height:30px;border-color:#f2a455;border-radius:10px;text-shadow:none\"><i class=\"sui sui-arrow-circle-right\" style=\"font-size:20px;color:#FFFFFF\"><\/i> Reg\u00edstrate para no perderte ninguna oferta de empleo<\/span><\/a><\/div><div class=\"su-spacer\" style=\"height:30px\"><\/div>\n","protected":false},"excerpt":{"rendered":"<p>La campa\u00f1a de Navidad trae un aumento en las oportunidades laborales en almacenes. Seg\u00fan la empresa de recursos humanos Adecco, actualmente hay 638 vacantes disponibles para trabajar como mozo de almac\u00e9n en diferentes puntos de Espa\u00f1a. Este tipo de empleo, con jornada mayoritariamente de lunes a viernes, es ideal para quienes buscan estabilidad o ingresos [&hellip;]<\/p>\n","protected":false},"author":26,"featured_media":35433,"comment_status":"open","ping_status":"open","sticky":false,"template":"","format":"standard","meta":{"footnotes":""},"categories":[3],"tags":[],"class_list":["post-35429","post","type-post","status-publish","format-standard","has-post-thumbnail","hentry","category-noticias-empleo","cat-3-id","has_thumb"],"yoast_head":"<!-- This site is optimized with the Yoast SEO plugin v27.1.1 - https:\/\/yoast.com\/product\/yoast-seo-wordpress\/ -->\n<title>Adecco busca mozos de almac\u00e9n sin experiencia previa - Blog OficinaEmpleo<\/title>\n<meta name=\"description\" content=\"Adecco est\u00e1 buscando mozos de almac\u00e9n sin necesidad de experiencia previa ni estudios. \u00a1Aprovecha esta oportunidad!\" \/>\n<meta name=\"robots\" content=\"index, follow, max-snippet:-1, max-image-preview:large, max-video-preview:-1\" \/>\n<link rel=\"canonical\" href=\"https:\/\/www.oficinaempleo.com\/blog\/urgente-se-busca-mozos-de-almacen\/\" \/>\n<meta property=\"og:locale\" content=\"es_ES\" \/>\n<meta property=\"og:type\" content=\"article\" \/>\n<meta property=\"og:title\" content=\"Adecco busca mozos de almac\u00e9n sin experiencia previa - Blog OficinaEmpleo\" \/>\n<meta property=\"og:description\" content=\"Adecco est\u00e1 buscando mozos de almac\u00e9n sin necesidad de experiencia previa ni estudios. \u00a1Aprovecha esta oportunidad!\" \/>\n<meta property=\"og:url\" content=\"https:\/\/www.oficinaempleo.com\/blog\/urgente-se-busca-mozos-de-almacen\/\" \/>\n<meta property=\"og:site_name\" content=\"Noticias y consejos de empleo | Blog OficinaEmpleo\" \/>\n<meta property=\"article:published_time\" content=\"2024-12-04T08:48:27+00:00\" \/>\n<meta property=\"article:modified_time\" content=\"2024-12-04T08:52:08+00:00\" \/>\n<meta property=\"og:image\" content=\"https:\/\/www.oficinaempleo.com\/blog\/wp-content\/uploads\/2024\/12\/Adecco-busca-mozos-de-almacen-sin-experiencia-previa-Envato.jpg\" \/>\n\t<meta property=\"og:image:width\" content=\"600\" \/>\n\t<meta property=\"og:image:height\" content=\"310\" \/>\n\t<meta property=\"og:image:type\" content=\"image\/jpeg\" \/>\n<meta name=\"author\" content=\"Oficina Empleo\" \/>\n<meta name=\"twitter:card\" content=\"summary_large_image\" \/>\n<meta name=\"twitter:creator\" content=\"@OficinaEmpleo\" \/>\n<meta name=\"twitter:site\" content=\"@OficinaEmpleo\" \/>\n<meta name=\"twitter:label1\" content=\"Written by\" \/>\n\t<meta name=\"twitter:data1\" content=\"Oficina Empleo\" \/>\n\t<meta name=\"twitter:label2\" content=\"Est. reading time\" \/>\n\t<meta name=\"twitter:data2\" content=\"4 minutos\" \/>\n<script type=\"application\/ld+json\" class=\"yoast-schema-graph\">{\"@context\":\"https:\/\/schema.org\",\"@graph\":[{\"@type\":\"Article\",\"@id\":\"https:\/\/www.oficinaempleo.com\/blog\/urgente-se-busca-mozos-de-almacen\/#article\",\"isPartOf\":{\"@id\":\"https:\/\/www.oficinaempleo.com\/blog\/urgente-se-busca-mozos-de-almacen\/\"},\"author\":{\"name\":\"Oficina Empleo\",\"@id\":\"https:\/\/www.oficinaempleo.com\/blog\/#\/schema\/person\/16c50a6d8c44d02b1fd44211d2b43dfb\"},\"headline\":\"Adecco busca mozos de almac\u00e9n sin experiencia previa\",\"datePublished\":\"2024-12-04T08:48:27+00:00\",\"dateModified\":\"2024-12-04T08:52:08+00:00\",\"mainEntityOfPage\":{\"@id\":\"https:\/\/www.oficinaempleo.com\/blog\/urgente-se-busca-mozos-de-almacen\/\"},\"wordCount\":717,\"commentCount\":0,\"publisher\":{\"@id\":\"https:\/\/www.oficinaempleo.com\/blog\/#organization\"},\"image\":{\"@id\":\"https:\/\/www.oficinaempleo.com\/blog\/urgente-se-busca-mozos-de-almacen\/#primaryimage\"},\"thumbnailUrl\":\"https:\/\/www.oficinaempleo.com\/blog\/wp-content\/uploads\/2024\/12\/Adecco-busca-mozos-de-almacen-sin-experiencia-previa-Envato.jpg\",\"articleSection\":[\"Noticias Empleo\"],\"inLanguage\":\"es\",\"potentialAction\":[{\"@type\":\"CommentAction\",\"name\":\"Comment\",\"target\":[\"https:\/\/www.oficinaempleo.com\/blog\/urgente-se-busca-mozos-de-almacen\/#respond\"]}]},{\"@type\":\"WebPage\",\"@id\":\"https:\/\/www.oficinaempleo.com\/blog\/urgente-se-busca-mozos-de-almacen\/\",\"url\":\"https:\/\/www.oficinaempleo.com\/blog\/urgente-se-busca-mozos-de-almacen\/\",\"name\":\"Adecco busca mozos de almac\u00e9n sin experiencia previa - Blog OficinaEmpleo\",\"isPartOf\":{\"@id\":\"https:\/\/www.oficinaempleo.com\/blog\/#website\"},\"primaryImageOfPage\":{\"@id\":\"https:\/\/www.oficinaempleo.com\/blog\/urgente-se-busca-mozos-de-almacen\/#primaryimage\"},\"image\":{\"@id\":\"https:\/\/www.oficinaempleo.com\/blog\/urgente-se-busca-mozos-de-almacen\/#primaryimage\"},\"thumbnailUrl\":\"https:\/\/www.oficinaempleo.com\/blog\/wp-content\/uploads\/2024\/12\/Adecco-busca-mozos-de-almacen-sin-experiencia-previa-Envato.jpg\",\"datePublished\":\"2024-12-04T08:48:27+00:00\",\"dateModified\":\"2024-12-04T08:52:08+00:00\",\"description\":\"Adecco est\u00e1 buscando mozos de almac\u00e9n sin necesidad de experiencia previa ni estudios. \u00a1Aprovecha esta oportunidad!\",\"breadcrumb\":{\"@id\":\"https:\/\/www.oficinaempleo.com\/blog\/urgente-se-busca-mozos-de-almacen\/#breadcrumb\"},\"inLanguage\":\"es\",\"potentialAction\":[{\"@type\":\"ReadAction\",\"target\":[\"https:\/\/www.oficinaempleo.com\/blog\/urgente-se-busca-mozos-de-almacen\/\"]}]},{\"@type\":\"ImageObject\",\"inLanguage\":\"es\",\"@id\":\"https:\/\/www.oficinaempleo.com\/blog\/urgente-se-busca-mozos-de-almacen\/#primaryimage\",\"url\":\"https:\/\/www.oficinaempleo.com\/blog\/wp-content\/uploads\/2024\/12\/Adecco-busca-mozos-de-almacen-sin-experiencia-previa-Envato.jpg\",\"contentUrl\":\"https:\/\/www.oficinaempleo.com\/blog\/wp-content\/uploads\/2024\/12\/Adecco-busca-mozos-de-almacen-sin-experiencia-previa-Envato.jpg\",\"width\":600,\"height\":310,\"caption\":\"Adecco busca mozos de almac\u00e9n sin experiencia previa (Envato)\"},{\"@type\":\"BreadcrumbList\",\"@id\":\"https:\/\/www.oficinaempleo.com\/blog\/urgente-se-busca-mozos-de-almacen\/#breadcrumb\",\"itemListElement\":[{\"@type\":\"ListItem\",\"position\":1,\"name\":\"Home\",\"item\":\"https:\/\/www.oficinaempleo.com\/blog\/\"},{\"@type\":\"ListItem\",\"position\":2,\"name\":\"Adecco busca mozos de almac\u00e9n sin experiencia previa\"}]},{\"@type\":\"WebSite\",\"@id\":\"https:\/\/www.oficinaempleo.com\/blog\/#website\",\"url\":\"https:\/\/www.oficinaempleo.com\/blog\/\",\"name\":\"Noticias y Consejos de Empleo | Blog OficinaEmpleo\",\"description\":\"\",\"publisher\":{\"@id\":\"https:\/\/www.oficinaempleo.com\/blog\/#organization\"},\"potentialAction\":[{\"@type\":\"SearchAction\",\"target\":{\"@type\":\"EntryPoint\",\"urlTemplate\":\"https:\/\/www.oficinaempleo.com\/blog\/?s={search_term_string}\"},\"query-input\":{\"@type\":\"PropertyValueSpecification\",\"valueRequired\":true,\"valueName\":\"search_term_string\"}}],\"inLanguage\":\"es\"},{\"@type\":\"Organization\",\"@id\":\"https:\/\/www.oficinaempleo.com\/blog\/#organization\",\"name\":\"OficinaEmpleo\",\"url\":\"https:\/\/www.oficinaempleo.com\/blog\/\",\"logo\":{\"@type\":\"ImageObject\",\"inLanguage\":\"es\",\"@id\":\"https:\/\/www.oficinaempleo.com\/blog\/#\/schema\/logo\/image\/\",\"url\":\"https:\/\/www.oficinaempleo.com\/blog\/wp-content\/uploads\/2018\/10\/logo_footer-1.jpg\",\"contentUrl\":\"https:\/\/www.oficinaempleo.com\/blog\/wp-content\/uploads\/2018\/10\/logo_footer-1.jpg\",\"width\":478,\"height\":57,\"caption\":\"OficinaEmpleo\"},\"image\":{\"@id\":\"https:\/\/www.oficinaempleo.com\/blog\/#\/schema\/logo\/image\/\"},\"sameAs\":[\"https:\/\/x.com\/OficinaEmpleo\"]},{\"@type\":\"Person\",\"@id\":\"https:\/\/www.oficinaempleo.com\/blog\/#\/schema\/person\/16c50a6d8c44d02b1fd44211d2b43dfb\",\"name\":\"Oficina Empleo\",\"image\":{\"@type\":\"ImageObject\",\"inLanguage\":\"es\",\"@id\":\"https:\/\/www.oficinaempleo.com\/blog\/#\/schema\/person\/image\/\",\"url\":\"https:\/\/secure.gravatar.com\/avatar\/e33a1a9f888f42fceb505f6adf9539780cb28cbdfb337546d4bf4b5219070990?s=96&d=mm&r=g\",\"contentUrl\":\"https:\/\/secure.gravatar.com\/avatar\/e33a1a9f888f42fceb505f6adf9539780cb28cbdfb337546d4bf4b5219070990?s=96&d=mm&r=g\",\"caption\":\"Oficina Empleo\"},\"url\":\"https:\/\/www.oficinaempleo.com\/blog\/author\/contenidos\/\"}]}<\/script>\n<!-- \/ Yoast SEO plugin. -->","yoast_head_json":{"title":"Adecco busca mozos de almac\u00e9n sin experiencia previa - Blog OficinaEmpleo","description":"Adecco est\u00e1 buscando mozos de almac\u00e9n sin necesidad de experiencia previa ni estudios. \u00a1Aprovecha esta oportunidad!","robots":{"index":"index","follow":"follow","max-snippet":"max-snippet:-1","max-image-preview":"max-image-preview:large","max-video-preview":"max-video-preview:-1"},"canonical":"https:\/\/www.oficinaempleo.com\/blog\/urgente-se-busca-mozos-de-almacen\/","og_locale":"es_ES","og_type":"article","og_title":"Adecco busca mozos de almac\u00e9n sin experiencia previa - Blog OficinaEmpleo","og_description":"Adecco est\u00e1 buscando mozos de almac\u00e9n sin necesidad de experiencia previa ni estudios. \u00a1Aprovecha esta oportunidad!","og_url":"https:\/\/www.oficinaempleo.com\/blog\/urgente-se-busca-mozos-de-almacen\/","og_site_name":"Noticias y consejos de empleo | Blog OficinaEmpleo","article_published_time":"2024-12-04T08:48:27+00:00","article_modified_time":"2024-12-04T08:52:08+00:00","og_image":[{"width":600,"height":310,"url":"https:\/\/www.oficinaempleo.com\/blog\/wp-content\/uploads\/2024\/12\/Adecco-busca-mozos-de-almacen-sin-experiencia-previa-Envato.jpg","type":"image\/jpeg"}],"author":"Oficina Empleo","twitter_card":"summary_large_image","twitter_creator":"@OficinaEmpleo","twitter_site":"@OficinaEmpleo","twitter_misc":{"Written by":"Oficina Empleo","Est. reading time":"4 minutos"},"schema":{"@context":"https:\/\/schema.org","@graph":[{"@type":"Article","@id":"https:\/\/www.oficinaempleo.com\/blog\/urgente-se-busca-mozos-de-almacen\/#article","isPartOf":{"@id":"https:\/\/www.oficinaempleo.com\/blog\/urgente-se-busca-mozos-de-almacen\/"},"author":{"name":"Oficina Empleo","@id":"https:\/\/www.oficinaempleo.com\/blog\/#\/schema\/person\/16c50a6d8c44d02b1fd44211d2b43dfb"},"headline":"Adecco busca mozos de almac\u00e9n sin experiencia previa","datePublished":"2024-12-04T08:48:27+00:00","dateModified":"2024-12-04T08:52:08+00:00","mainEntityOfPage":{"@id":"https:\/\/www.oficinaempleo.com\/blog\/urgente-se-busca-mozos-de-almacen\/"},"wordCount":717,"commentCount":0,"publisher":{"@id":"https:\/\/www.oficinaempleo.com\/blog\/#organization"},"image":{"@id":"https:\/\/www.oficinaempleo.com\/blog\/urgente-se-busca-mozos-de-almacen\/#primaryimage"},"thumbnailUrl":"https:\/\/www.oficinaempleo.com\/blog\/wp-content\/uploads\/2024\/12\/Adecco-busca-mozos-de-almacen-sin-experiencia-previa-Envato.jpg","articleSection":["Noticias Empleo"],"inLanguage":"es","potentialAction":[{"@type":"CommentAction","name":"Comment","target":["https:\/\/www.oficinaempleo.com\/blog\/urgente-se-busca-mozos-de-almacen\/#respond"]}]},{"@type":"WebPage","@id":"https:\/\/www.oficinaempleo.com\/blog\/urgente-se-busca-mozos-de-almacen\/","url":"https:\/\/www.oficinaempleo.com\/blog\/urgente-se-busca-mozos-de-almacen\/","name":"Adecco busca mozos de almac\u00e9n sin experiencia previa - Blog OficinaEmpleo","isPartOf":{"@id":"https:\/\/www.oficinaempleo.com\/blog\/#website"},"primaryImageOfPage":{"@id":"https:\/\/www.oficinaempleo.com\/blog\/urgente-se-busca-mozos-de-almacen\/#primaryimage"},"image":{"@id":"https:\/\/www.oficinaempleo.com\/blog\/urgente-se-busca-mozos-de-almacen\/#primaryimage"},"thumbnailUrl":"https:\/\/www.oficinaempleo.com\/blog\/wp-content\/uploads\/2024\/12\/Adecco-busca-mozos-de-almacen-sin-experiencia-previa-Envato.jpg","datePublished":"2024-12-04T08:48:27+00:00","dateModified":"2024-12-04T08:52:08+00:00","description":"Adecco est\u00e1 buscando mozos de almac\u00e9n sin necesidad de experiencia previa ni estudios. \u00a1Aprovecha esta oportunidad!","breadcrumb":{"@id":"https:\/\/www.oficinaempleo.com\/blog\/urgente-se-busca-mozos-de-almacen\/#breadcrumb"},"inLanguage":"es","potentialAction":[{"@type":"ReadAction","target":["https:\/\/www.oficinaempleo.com\/blog\/urgente-se-busca-mozos-de-almacen\/"]}]},{"@type":"ImageObject","inLanguage":"es","@id":"https:\/\/www.oficinaempleo.com\/blog\/urgente-se-busca-mozos-de-almacen\/#primaryimage","url":"https:\/\/www.oficinaempleo.com\/blog\/wp-content\/uploads\/2024\/12\/Adecco-busca-mozos-de-almacen-sin-experiencia-previa-Envato.jpg","contentUrl":"https:\/\/www.oficinaempleo.com\/blog\/wp-content\/uploads\/2024\/12\/Adecco-busca-mozos-de-almacen-sin-experiencia-previa-Envato.jpg","width":600,"height":310,"caption":"Adecco busca mozos de almac\u00e9n sin experiencia previa (Envato)"},{"@type":"BreadcrumbList","@id":"https:\/\/www.oficinaempleo.com\/blog\/urgente-se-busca-mozos-de-almacen\/#breadcrumb","itemListElement":[{"@type":"ListItem","position":1,"name":"Home","item":"https:\/\/www.oficinaempleo.com\/blog\/"},{"@type":"ListItem","position":2,"name":"Adecco busca mozos de almac\u00e9n sin experiencia previa"}]},{"@type":"WebSite","@id":"https:\/\/www.oficinaempleo.com\/blog\/#website","url":"https:\/\/www.oficinaempleo.com\/blog\/","name":"Noticias y Consejos de Empleo | Blog OficinaEmpleo","description":"","publisher":{"@id":"https:\/\/www.oficinaempleo.com\/blog\/#organization"},"potentialAction":[{"@type":"SearchAction","target":{"@type":"EntryPoint","urlTemplate":"https:\/\/www.oficinaempleo.com\/blog\/?s={search_term_string}"},"query-input":{"@type":"PropertyValueSpecification","valueRequired":true,"valueName":"search_term_string"}}],"inLanguage":"es"},{"@type":"Organization","@id":"https:\/\/www.oficinaempleo.com\/blog\/#organization","name":"OficinaEmpleo","url":"https:\/\/www.oficinaempleo.com\/blog\/","logo":{"@type":"ImageObject","inLanguage":"es","@id":"https:\/\/www.oficinaempleo.com\/blog\/#\/schema\/logo\/image\/","url":"https:\/\/www.oficinaempleo.com\/blog\/wp-content\/uploads\/2018\/10\/logo_footer-1.jpg","contentUrl":"https:\/\/www.oficinaempleo.com\/blog\/wp-content\/uploads\/2018\/10\/logo_footer-1.jpg","width":478,"height":57,"caption":"OficinaEmpleo"},"image":{"@id":"https:\/\/www.oficinaempleo.com\/blog\/#\/schema\/logo\/image\/"},"sameAs":["https:\/\/x.com\/OficinaEmpleo"]},{"@type":"Person","@id":"https:\/\/www.oficinaempleo.com\/blog\/#\/schema\/person\/16c50a6d8c44d02b1fd44211d2b43dfb","name":"Oficina Empleo","image":{"@type":"ImageObject","inLanguage":"es","@id":"https:\/\/www.oficinaempleo.com\/blog\/#\/schema\/person\/image\/","url":"https:\/\/secure.gravatar.com\/avatar\/e33a1a9f888f42fceb505f6adf9539780cb28cbdfb337546d4bf4b5219070990?s=96&d=mm&r=g","contentUrl":"https:\/\/secure.gravatar.com\/avatar\/e33a1a9f888f42fceb505f6adf9539780cb28cbdfb337546d4bf4b5219070990?s=96&d=mm&r=g","caption":"Oficina Empleo"},"url":"https:\/\/www.oficinaempleo.com\/blog\/author\/contenidos\/"}]}},"_links":{"self":[{"href":"https:\/\/www.oficinaempleo.com\/blog\/wp-json\/wp\/v2\/posts\/35429","targetHints":{"allow":["GET"]}}],"collection":[{"href":"https:\/\/www.oficinaempleo.com\/blog\/wp-json\/wp\/v2\/posts"}],"about":[{"href":"https:\/\/www.oficinaempleo.com\/blog\/wp-json\/wp\/v2\/types\/post"}],"author":[{"embeddable":true,"href":"https:\/\/www.oficinaempleo.com\/blog\/wp-json\/wp\/v2\/users\/26"}],"replies":[{"embeddable":true,"href":"https:\/\/www.oficinaempleo.com\/blog\/wp-json\/wp\/v2\/comments?post=35429"}],"version-history":[{"count":6,"href":"https:\/\/www.oficinaempleo.com\/blog\/wp-json\/wp\/v2\/posts\/35429\/revisions"}],"predecessor-version":[{"id":35437,"href":"https:\/\/www.oficinaempleo.com\/blog\/wp-json\/wp\/v2\/posts\/35429\/revisions\/35437"}],"wp:featuredmedia":[{"embeddable":true,"href":"https:\/\/www.oficinaempleo.com\/blog\/wp-json\/wp\/v2\/media\/35433"}],"wp:attachment":[{"href":"https:\/\/www.oficinaempleo.com\/blog\/wp-json\/wp\/v2\/media?parent=35429"}],"wp:term":[{"taxonomy":"category","embeddable":true,"href":"https:\/\/www.oficinaempleo.com\/blog\/wp-json\/wp\/v2\/categories?post=35429"},{"taxonomy":"post_tag","embeddable":true,"href":"https:\/\/www.oficinaempleo.com\/blog\/wp-json\/wp\/v2\/tags?post=35429"}],"curies":[{"name":"wp","href":"https:\/\/api.w.org\/{rel}","templated":true}]}}