{"id":3669,"date":"2023-12-13T10:00:55","date_gmt":"2023-12-13T09:00:55","guid":{"rendered":"http:\/\/www.oficinaempleo.com\/blog\/?p=3669"},"modified":"2023-12-13T17:27:10","modified_gmt":"2023-12-13T16:27:10","slug":"las-excusas-mas-disparatadas-cuando-llegas-tarde-al-trabajo","status":"publish","type":"post","link":"https:\/\/www.oficinaempleo.com\/blog\/las-excusas-mas-disparatadas-cuando-llegas-tarde-al-trabajo\/","title":{"rendered":"Las excusas m\u00e1s disparatadas cuando llegas tarde al trabajo"},"content":{"rendered":"<div class=\"su-button-center\"><a href=\"https:\/\/jobs.oficinaempleo.com\/registro?origen=ORG-web&#038;utm_source=OE&#038;utm_medium=boton_registro&#038;utm_content=homepage&#038;utm_campaign=organic\" class=\"su-button su-button-style-flat\" style=\"color:#FFFFFF;background-color:#ec7d0c;border-color:#bd640a;border-radius:10px\" target=\"__blank\"><span style=\"color:#FFFFFF;padding:8px 26px;font-size:20px;line-height:30px;border-color:#f2a455;border-radius:10px;text-shadow:none\"><i class=\"sui sui-arrow-circle-right\" style=\"font-size:20px;color:#FFFFFF\"><\/i> Reg\u00edstrate gratis en OficinaEmpleo<\/span><\/a><\/div><div class=\"su-spacer\" style=\"height:30px\"><\/div>\n<p style=\"text-align: justify;\">\u201c<em>A quien madruga Dios le ayuda<\/em>\u201d \u00bfConoces el dicho? \u00bfY qu\u00e9 pasa con los que llegan tarde?<\/p>\n<p style=\"text-align: justify;\">En toda empresa siempre existen dos tipos de empleados, los que duermen lo suficiente y cuando suena el despertador se levantan y salen de casa <a href=\"https:\/\/www.oficinaempleo.com\/blog\/5-cursos-gratis-para-hacer-de-camino-al-trabajo\/\"><strong>de camino al trabajo<\/strong><\/a> tranquilamente, estos son los llamados \u201cmadrugadores\u201d, desgraciadamente luego est\u00e1 el segundo tipo, gente a la que el haber dormido lo suficiente no le sirve para poder llegar pronto al trabajo.<\/p>\n<p style=\"text-align: justify;\"><a href=\"https:\/\/www.oficinaempleo.com\/blog\/wp-content\/uploads\/2015\/03\/excusa-retraso-portada-2.jpg\"><img loading=\"lazy\" decoding=\"async\" class=\"wp-image-3673 aligncenter\" src=\"https:\/\/www.oficinaempleo.com\/blog\/wp-content\/uploads\/2015\/03\/excusa-retraso-portada-2-300x200.jpg\" alt=\"Las excusas m\u00e1s disparatadas cuando llegas tarde al trabajo\" width=\"474\" height=\"315\" srcset=\"https:\/\/www.oficinaempleo.com\/blog\/wp-content\/uploads\/2015\/03\/excusa-retraso-portada-2-300x200.jpg 300w, https:\/\/www.oficinaempleo.com\/blog\/wp-content\/uploads\/2015\/03\/excusa-retraso-portada-2-226x150.jpg 226w, https:\/\/www.oficinaempleo.com\/blog\/wp-content\/uploads\/2015\/03\/excusa-retraso-portada-2.jpg 672w\" sizes=\"auto, (max-width: 474px) 100vw, 474px\" \/><\/a><\/p>\n<p style=\"text-align: justify;\"><strong>El 20% de <a href=\"https:\/\/www.oficinaempleo.com\/blog\/que-cualidades-buscan-las-empresas-en-sus-empleados\/\">empleados<\/a> admite al menos llegar tarde al trabajo una vez por semana<\/strong>, el 12% dice que al menos le sucede dos veces.<\/p>\n<p style=\"text-align: justify;\">De entre las excusas m\u00e1s cl\u00e1sicas que suelen utilizarse est\u00e1n el llegar tarde por culpa del tr\u00e1fico, haberse quedado dormido por falta de sue\u00f1o o haber tenido que preparar a los ni\u00f1os para el colegio.<\/p>\n<p style=\"text-align: justify;\">\u00ab<strong>El 30 por ciento del personal de Recursos Humanos admite haber despedido a un empleado por sus tardanzas<\/strong>\u00ab, dice Rosemary Haefner, Vicepresidenta de Recursos Humanos de CareerBuilder.com.<\/p>\n<p style=\"text-align: justify;\">Visto esto, est\u00e1 claro que <strong>la mejor pol\u00edtica para admitir que has llegado tarde es decir la verdad<\/strong>, pero si no te ves capaz inv\u00e9ntate una <a href=\"https:\/\/mx.indeed.com\/orientacion-profesional\/desarrollo-profesional\/excusas-para-no-ir-a-trabajar\" target=\"_blank\" rel=\"noopener\">buena excusa<\/a> y evita algunas de este tipo que ya han sido utilizadas:<\/p>\n<ul style=\"text-align: justify;\">\n<li>Mi marido cree que esconderme las llaves del coche es una broma muy graciosa.<\/li>\n<li>Al salir de casa me llev\u00e9 por delante una telara\u00f1a y al no encontrar la ara\u00f1a tuve que subir a darme una ducha.<\/li>\n<li>La cola del Starbucks era demasiado larga.<\/li>\n<li>Se ha muerto mi abuelo (\u00a1Cuidado! \u00a1Tu abuelo no puede morir dos veces!)<\/li>\n<li>Se me olvid\u00f3 que la oficina la hemos cambiado de direcci\u00f3n y me fui a la antigua.<\/li>\n<li>Me robaron la cartera (Recordatorio: si no tienes cartera no puedes comprar nada y mucho menos invitar a nadie)<\/li>\n<\/ul>\n<p style=\"text-align: justify;\">Conclusi\u00f3n, antes que poner estas excusas mejor decir la verdad, pero lo m\u00e1s importante <strong>\u00a1No llegues tarde!<\/strong><\/p>\n<p style=\"text-align: justify;\">Si te ha parecido interesante este contenido reg\u00edstrate en <a href=\"http:\/\/www.oficinaempleo.com\/jobseekers\/registration.php\"><strong>Oficina Empleo<\/strong><\/a> y recibe nuestra newsletter y alertas de empleo.<\/p>\n<div class=\"su-button-center\"><a href=\"https:\/\/jobs.oficinaempleo.com\/registro?origen=ORG-web&#038;utm_source=OE&#038;utm_medium=boton_registro&#038;utm_content=homepage&#038;utm_campaign=organic\" class=\"su-button su-button-style-flat\" style=\"color:#FFFFFF;background-color:#ec7d0c;border-color:#bd640a;border-radius:10px\" target=\"__blank\"><span style=\"color:#FFFFFF;padding:8px 26px;font-size:20px;line-height:30px;border-color:#f2a455;border-radius:10px;text-shadow:none\"><i class=\"sui sui-arrow-circle-right\" style=\"font-size:20px;color:#FFFFFF\"><\/i> Reg\u00edstrate gratis en OficinaEmpleo<\/span><\/a><\/div><div class=\"su-spacer\" style=\"height:30px\"><\/div>\n","protected":false},"excerpt":{"rendered":"<p>\u201cA quien madruga Dios le ayuda\u201d \u00bfY qu\u00e9 pasa con los que llegan tarde?<\/p>\n","protected":false},"author":2,"featured_media":3673,"comment_status":"open","ping_status":"open","sticky":false,"template":"","format":"standard","meta":{"footnotes":""},"categories":[691,12],"tags":[1137,1136,1138],"class_list":["post-3669","post","type-post","status-publish","format-standard","has-post-thumbnail","hentry","category-actualidad-empleo","category-consejos-y-recursos","tag-excusas","tag-llegar-tarde-al-trabajo","tag-puntualidad","cat-691-id","cat-12-id","has_thumb"],"yoast_head":"<!-- This site is optimized with the Yoast SEO plugin v27.1.1 - https:\/\/yoast.com\/product\/yoast-seo-wordpress\/ -->\n<title>Las excusas m\u00e1s disparatadas cuando llegas tarde al trabajo<\/title>\n<meta name=\"description\" content=\"Esta bien lo de &quot;a quien madruga, Dios le ayuda&quot; pero... \u00bfQu\u00e9 pasa con los que llegan tarde? Echa un ojo a las peores excusas.\" \/>\n<meta name=\"robots\" content=\"index, follow, max-snippet:-1, max-image-preview:large, max-video-preview:-1\" \/>\n<link rel=\"canonical\" href=\"https:\/\/www.oficinaempleo.com\/blog\/las-excusas-mas-disparatadas-cuando-llegas-tarde-al-trabajo\/\" \/>\n<meta property=\"og:locale\" content=\"es_ES\" \/>\n<meta property=\"og:type\" content=\"article\" \/>\n<meta property=\"og:title\" content=\"Las excusas m\u00e1s disparatadas cuando llegas tarde al trabajo\" \/>\n<meta property=\"og:description\" content=\"Esta bien lo de &quot;a quien madruga, Dios le ayuda&quot; pero... \u00bfQu\u00e9 pasa con los que llegan tarde? Echa un ojo a las peores excusas.\" \/>\n<meta property=\"og:url\" content=\"https:\/\/www.oficinaempleo.com\/blog\/las-excusas-mas-disparatadas-cuando-llegas-tarde-al-trabajo\/\" \/>\n<meta property=\"og:site_name\" content=\"Noticias y consejos de empleo | Blog OficinaEmpleo\" \/>\n<meta property=\"article:author\" content=\"https:\/\/www.facebook.com\/OficinaEmpleo\" \/>\n<meta property=\"article:published_time\" content=\"2023-12-13T09:00:55+00:00\" \/>\n<meta property=\"article:modified_time\" content=\"2023-12-13T16:27:10+00:00\" \/>\n<meta property=\"og:image\" content=\"https:\/\/www.oficinaempleo.com\/blog\/wp-content\/uploads\/2015\/03\/excusa-retraso-portada-2.jpg\" \/>\n\t<meta property=\"og:image:width\" content=\"672\" \/>\n\t<meta property=\"og:image:height\" content=\"447\" \/>\n\t<meta property=\"og:image:type\" content=\"image\/jpeg\" \/>\n<meta name=\"author\" content=\"OficinaEmpleo\" \/>\n<meta name=\"twitter:card\" content=\"summary_large_image\" \/>\n<meta name=\"twitter:creator\" content=\"@OficinaEmpleo\" \/>\n<meta name=\"twitter:site\" content=\"@OficinaEmpleo\" \/>\n<meta name=\"twitter:label1\" content=\"Written by\" \/>\n\t<meta name=\"twitter:data1\" content=\"OficinaEmpleo\" \/>\n\t<meta name=\"twitter:label2\" content=\"Est. reading time\" \/>\n\t<meta name=\"twitter:data2\" content=\"2 minutos\" \/>\n<script type=\"application\/ld+json\" class=\"yoast-schema-graph\">{\"@context\":\"https:\/\/schema.org\",\"@graph\":[{\"@type\":\"Article\",\"@id\":\"https:\/\/www.oficinaempleo.com\/blog\/las-excusas-mas-disparatadas-cuando-llegas-tarde-al-trabajo\/#article\",\"isPartOf\":{\"@id\":\"https:\/\/www.oficinaempleo.com\/blog\/las-excusas-mas-disparatadas-cuando-llegas-tarde-al-trabajo\/\"},\"author\":{\"name\":\"OficinaEmpleo\",\"@id\":\"https:\/\/www.oficinaempleo.com\/blog\/#\/schema\/person\/a7f3437f35bd6bd9ad19addae529a114\"},\"headline\":\"Las excusas m\u00e1s disparatadas cuando llegas tarde al trabajo\",\"datePublished\":\"2023-12-13T09:00:55+00:00\",\"dateModified\":\"2023-12-13T16:27:10+00:00\",\"mainEntityOfPage\":{\"@id\":\"https:\/\/www.oficinaempleo.com\/blog\/las-excusas-mas-disparatadas-cuando-llegas-tarde-al-trabajo\/\"},\"wordCount\":417,\"commentCount\":0,\"publisher\":{\"@id\":\"https:\/\/www.oficinaempleo.com\/blog\/#organization\"},\"image\":{\"@id\":\"https:\/\/www.oficinaempleo.com\/blog\/las-excusas-mas-disparatadas-cuando-llegas-tarde-al-trabajo\/#primaryimage\"},\"thumbnailUrl\":\"https:\/\/www.oficinaempleo.com\/blog\/wp-content\/uploads\/2015\/03\/excusa-retraso-portada-2.jpg\",\"keywords\":[\"excusas\",\"llegar tarde al trabajo\",\"puntualidad\"],\"articleSection\":[\"Actualidad\",\"Consejos y Recursos\"],\"inLanguage\":\"es\",\"potentialAction\":[{\"@type\":\"CommentAction\",\"name\":\"Comment\",\"target\":[\"https:\/\/www.oficinaempleo.com\/blog\/las-excusas-mas-disparatadas-cuando-llegas-tarde-al-trabajo\/#respond\"]}]},{\"@type\":\"WebPage\",\"@id\":\"https:\/\/www.oficinaempleo.com\/blog\/las-excusas-mas-disparatadas-cuando-llegas-tarde-al-trabajo\/\",\"url\":\"https:\/\/www.oficinaempleo.com\/blog\/las-excusas-mas-disparatadas-cuando-llegas-tarde-al-trabajo\/\",\"name\":\"Las excusas m\u00e1s disparatadas cuando llegas tarde al trabajo\",\"isPartOf\":{\"@id\":\"https:\/\/www.oficinaempleo.com\/blog\/#website\"},\"primaryImageOfPage\":{\"@id\":\"https:\/\/www.oficinaempleo.com\/blog\/las-excusas-mas-disparatadas-cuando-llegas-tarde-al-trabajo\/#primaryimage\"},\"image\":{\"@id\":\"https:\/\/www.oficinaempleo.com\/blog\/las-excusas-mas-disparatadas-cuando-llegas-tarde-al-trabajo\/#primaryimage\"},\"thumbnailUrl\":\"https:\/\/www.oficinaempleo.com\/blog\/wp-content\/uploads\/2015\/03\/excusa-retraso-portada-2.jpg\",\"datePublished\":\"2023-12-13T09:00:55+00:00\",\"dateModified\":\"2023-12-13T16:27:10+00:00\",\"description\":\"Esta bien lo de \\\"a quien madruga, Dios le ayuda\\\" pero... \u00bfQu\u00e9 pasa con los que llegan tarde? Echa un ojo a las peores excusas.\",\"breadcrumb\":{\"@id\":\"https:\/\/www.oficinaempleo.com\/blog\/las-excusas-mas-disparatadas-cuando-llegas-tarde-al-trabajo\/#breadcrumb\"},\"inLanguage\":\"es\",\"potentialAction\":[{\"@type\":\"ReadAction\",\"target\":[\"https:\/\/www.oficinaempleo.com\/blog\/las-excusas-mas-disparatadas-cuando-llegas-tarde-al-trabajo\/\"]}]},{\"@type\":\"ImageObject\",\"inLanguage\":\"es\",\"@id\":\"https:\/\/www.oficinaempleo.com\/blog\/las-excusas-mas-disparatadas-cuando-llegas-tarde-al-trabajo\/#primaryimage\",\"url\":\"https:\/\/www.oficinaempleo.com\/blog\/wp-content\/uploads\/2015\/03\/excusa-retraso-portada-2.jpg\",\"contentUrl\":\"https:\/\/www.oficinaempleo.com\/blog\/wp-content\/uploads\/2015\/03\/excusa-retraso-portada-2.jpg\",\"width\":672,\"height\":447,\"caption\":\"Las excusas m\u00e1s disparatadas cuando llegas tarde al trabajo\"},{\"@type\":\"BreadcrumbList\",\"@id\":\"https:\/\/www.oficinaempleo.com\/blog\/las-excusas-mas-disparatadas-cuando-llegas-tarde-al-trabajo\/#breadcrumb\",\"itemListElement\":[{\"@type\":\"ListItem\",\"position\":1,\"name\":\"Home\",\"item\":\"https:\/\/www.oficinaempleo.com\/blog\/\"},{\"@type\":\"ListItem\",\"position\":2,\"name\":\"Las excusas m\u00e1s disparatadas cuando llegas tarde al trabajo\"}]},{\"@type\":\"WebSite\",\"@id\":\"https:\/\/www.oficinaempleo.com\/blog\/#website\",\"url\":\"https:\/\/www.oficinaempleo.com\/blog\/\",\"name\":\"Noticias y Consejos de Empleo | Blog OficinaEmpleo\",\"description\":\"\",\"publisher\":{\"@id\":\"https:\/\/www.oficinaempleo.com\/blog\/#organization\"},\"potentialAction\":[{\"@type\":\"SearchAction\",\"target\":{\"@type\":\"EntryPoint\",\"urlTemplate\":\"https:\/\/www.oficinaempleo.com\/blog\/?s={search_term_string}\"},\"query-input\":{\"@type\":\"PropertyValueSpecification\",\"valueRequired\":true,\"valueName\":\"search_term_string\"}}],\"inLanguage\":\"es\"},{\"@type\":\"Organization\",\"@id\":\"https:\/\/www.oficinaempleo.com\/blog\/#organization\",\"name\":\"OficinaEmpleo\",\"url\":\"https:\/\/www.oficinaempleo.com\/blog\/\",\"logo\":{\"@type\":\"ImageObject\",\"inLanguage\":\"es\",\"@id\":\"https:\/\/www.oficinaempleo.com\/blog\/#\/schema\/logo\/image\/\",\"url\":\"https:\/\/www.oficinaempleo.com\/blog\/wp-content\/uploads\/2018\/10\/logo_footer-1.jpg\",\"contentUrl\":\"https:\/\/www.oficinaempleo.com\/blog\/wp-content\/uploads\/2018\/10\/logo_footer-1.jpg\",\"width\":478,\"height\":57,\"caption\":\"OficinaEmpleo\"},\"image\":{\"@id\":\"https:\/\/www.oficinaempleo.com\/blog\/#\/schema\/logo\/image\/\"},\"sameAs\":[\"https:\/\/x.com\/OficinaEmpleo\"]},{\"@type\":\"Person\",\"@id\":\"https:\/\/www.oficinaempleo.com\/blog\/#\/schema\/person\/a7f3437f35bd6bd9ad19addae529a114\",\"name\":\"OficinaEmpleo\",\"image\":{\"@type\":\"ImageObject\",\"inLanguage\":\"es\",\"@id\":\"https:\/\/www.oficinaempleo.com\/blog\/#\/schema\/person\/image\/\",\"url\":\"https:\/\/secure.gravatar.com\/avatar\/ea822afb14d7439ba3051d652cf8f548fe540f184ce16a2135fc22c9337bd72e?s=96&d=mm&r=g\",\"contentUrl\":\"https:\/\/secure.gravatar.com\/avatar\/ea822afb14d7439ba3051d652cf8f548fe540f184ce16a2135fc22c9337bd72e?s=96&d=mm&r=g\",\"caption\":\"OficinaEmpleo\"},\"description\":\"En OficinaEmpleo queremos ayudarte a conseguir trabajo. Por eso, adem\u00e1s de ofrecerte ofertas de empleo en nuestro portal, te ense\u00f1amos las novedades del sector, y consejos para mejorar tu perfil.\",\"sameAs\":[\"http:\/\/www.oficinaempleo.com\/\",\"https:\/\/www.facebook.com\/OficinaEmpleo\",\"https:\/\/x.com\/OficinaEmpleo\"],\"url\":\"https:\/\/www.oficinaempleo.com\/blog\/author\/empleo\/\"}]}<\/script>\n<!-- \/ Yoast SEO plugin. -->","yoast_head_json":{"title":"Las excusas m\u00e1s disparatadas cuando llegas tarde al trabajo","description":"Esta bien lo de \"a quien madruga, Dios le ayuda\" pero... \u00bfQu\u00e9 pasa con los que llegan tarde? Echa un ojo a las peores excusas.","robots":{"index":"index","follow":"follow","max-snippet":"max-snippet:-1","max-image-preview":"max-image-preview:large","max-video-preview":"max-video-preview:-1"},"canonical":"https:\/\/www.oficinaempleo.com\/blog\/las-excusas-mas-disparatadas-cuando-llegas-tarde-al-trabajo\/","og_locale":"es_ES","og_type":"article","og_title":"Las excusas m\u00e1s disparatadas cuando llegas tarde al trabajo","og_description":"Esta bien lo de \"a quien madruga, Dios le ayuda\" pero... \u00bfQu\u00e9 pasa con los que llegan tarde? Echa un ojo a las peores excusas.","og_url":"https:\/\/www.oficinaempleo.com\/blog\/las-excusas-mas-disparatadas-cuando-llegas-tarde-al-trabajo\/","og_site_name":"Noticias y consejos de empleo | Blog OficinaEmpleo","article_author":"https:\/\/www.facebook.com\/OficinaEmpleo","article_published_time":"2023-12-13T09:00:55+00:00","article_modified_time":"2023-12-13T16:27:10+00:00","og_image":[{"width":672,"height":447,"url":"https:\/\/www.oficinaempleo.com\/blog\/wp-content\/uploads\/2015\/03\/excusa-retraso-portada-2.jpg","type":"image\/jpeg"}],"author":"OficinaEmpleo","twitter_card":"summary_large_image","twitter_creator":"@OficinaEmpleo","twitter_site":"@OficinaEmpleo","twitter_misc":{"Written by":"OficinaEmpleo","Est. reading time":"2 minutos"},"schema":{"@context":"https:\/\/schema.org","@graph":[{"@type":"Article","@id":"https:\/\/www.oficinaempleo.com\/blog\/las-excusas-mas-disparatadas-cuando-llegas-tarde-al-trabajo\/#article","isPartOf":{"@id":"https:\/\/www.oficinaempleo.com\/blog\/las-excusas-mas-disparatadas-cuando-llegas-tarde-al-trabajo\/"},"author":{"name":"OficinaEmpleo","@id":"https:\/\/www.oficinaempleo.com\/blog\/#\/schema\/person\/a7f3437f35bd6bd9ad19addae529a114"},"headline":"Las excusas m\u00e1s disparatadas cuando llegas tarde al trabajo","datePublished":"2023-12-13T09:00:55+00:00","dateModified":"2023-12-13T16:27:10+00:00","mainEntityOfPage":{"@id":"https:\/\/www.oficinaempleo.com\/blog\/las-excusas-mas-disparatadas-cuando-llegas-tarde-al-trabajo\/"},"wordCount":417,"commentCount":0,"publisher":{"@id":"https:\/\/www.oficinaempleo.com\/blog\/#organization"},"image":{"@id":"https:\/\/www.oficinaempleo.com\/blog\/las-excusas-mas-disparatadas-cuando-llegas-tarde-al-trabajo\/#primaryimage"},"thumbnailUrl":"https:\/\/www.oficinaempleo.com\/blog\/wp-content\/uploads\/2015\/03\/excusa-retraso-portada-2.jpg","keywords":["excusas","llegar tarde al trabajo","puntualidad"],"articleSection":["Actualidad","Consejos y Recursos"],"inLanguage":"es","potentialAction":[{"@type":"CommentAction","name":"Comment","target":["https:\/\/www.oficinaempleo.com\/blog\/las-excusas-mas-disparatadas-cuando-llegas-tarde-al-trabajo\/#respond"]}]},{"@type":"WebPage","@id":"https:\/\/www.oficinaempleo.com\/blog\/las-excusas-mas-disparatadas-cuando-llegas-tarde-al-trabajo\/","url":"https:\/\/www.oficinaempleo.com\/blog\/las-excusas-mas-disparatadas-cuando-llegas-tarde-al-trabajo\/","name":"Las excusas m\u00e1s disparatadas cuando llegas tarde al trabajo","isPartOf":{"@id":"https:\/\/www.oficinaempleo.com\/blog\/#website"},"primaryImageOfPage":{"@id":"https:\/\/www.oficinaempleo.com\/blog\/las-excusas-mas-disparatadas-cuando-llegas-tarde-al-trabajo\/#primaryimage"},"image":{"@id":"https:\/\/www.oficinaempleo.com\/blog\/las-excusas-mas-disparatadas-cuando-llegas-tarde-al-trabajo\/#primaryimage"},"thumbnailUrl":"https:\/\/www.oficinaempleo.com\/blog\/wp-content\/uploads\/2015\/03\/excusa-retraso-portada-2.jpg","datePublished":"2023-12-13T09:00:55+00:00","dateModified":"2023-12-13T16:27:10+00:00","description":"Esta bien lo de \"a quien madruga, Dios le ayuda\" pero... \u00bfQu\u00e9 pasa con los que llegan tarde? Echa un ojo a las peores excusas.","breadcrumb":{"@id":"https:\/\/www.oficinaempleo.com\/blog\/las-excusas-mas-disparatadas-cuando-llegas-tarde-al-trabajo\/#breadcrumb"},"inLanguage":"es","potentialAction":[{"@type":"ReadAction","target":["https:\/\/www.oficinaempleo.com\/blog\/las-excusas-mas-disparatadas-cuando-llegas-tarde-al-trabajo\/"]}]},{"@type":"ImageObject","inLanguage":"es","@id":"https:\/\/www.oficinaempleo.com\/blog\/las-excusas-mas-disparatadas-cuando-llegas-tarde-al-trabajo\/#primaryimage","url":"https:\/\/www.oficinaempleo.com\/blog\/wp-content\/uploads\/2015\/03\/excusa-retraso-portada-2.jpg","contentUrl":"https:\/\/www.oficinaempleo.com\/blog\/wp-content\/uploads\/2015\/03\/excusa-retraso-portada-2.jpg","width":672,"height":447,"caption":"Las excusas m\u00e1s disparatadas cuando llegas tarde al trabajo"},{"@type":"BreadcrumbList","@id":"https:\/\/www.oficinaempleo.com\/blog\/las-excusas-mas-disparatadas-cuando-llegas-tarde-al-trabajo\/#breadcrumb","itemListElement":[{"@type":"ListItem","position":1,"name":"Home","item":"https:\/\/www.oficinaempleo.com\/blog\/"},{"@type":"ListItem","position":2,"name":"Las excusas m\u00e1s disparatadas cuando llegas tarde al trabajo"}]},{"@type":"WebSite","@id":"https:\/\/www.oficinaempleo.com\/blog\/#website","url":"https:\/\/www.oficinaempleo.com\/blog\/","name":"Noticias y Consejos de Empleo | Blog OficinaEmpleo","description":"","publisher":{"@id":"https:\/\/www.oficinaempleo.com\/blog\/#organization"},"potentialAction":[{"@type":"SearchAction","target":{"@type":"EntryPoint","urlTemplate":"https:\/\/www.oficinaempleo.com\/blog\/?s={search_term_string}"},"query-input":{"@type":"PropertyValueSpecification","valueRequired":true,"valueName":"search_term_string"}}],"inLanguage":"es"},{"@type":"Organization","@id":"https:\/\/www.oficinaempleo.com\/blog\/#organization","name":"OficinaEmpleo","url":"https:\/\/www.oficinaempleo.com\/blog\/","logo":{"@type":"ImageObject","inLanguage":"es","@id":"https:\/\/www.oficinaempleo.com\/blog\/#\/schema\/logo\/image\/","url":"https:\/\/www.oficinaempleo.com\/blog\/wp-content\/uploads\/2018\/10\/logo_footer-1.jpg","contentUrl":"https:\/\/www.oficinaempleo.com\/blog\/wp-content\/uploads\/2018\/10\/logo_footer-1.jpg","width":478,"height":57,"caption":"OficinaEmpleo"},"image":{"@id":"https:\/\/www.oficinaempleo.com\/blog\/#\/schema\/logo\/image\/"},"sameAs":["https:\/\/x.com\/OficinaEmpleo"]},{"@type":"Person","@id":"https:\/\/www.oficinaempleo.com\/blog\/#\/schema\/person\/a7f3437f35bd6bd9ad19addae529a114","name":"OficinaEmpleo","image":{"@type":"ImageObject","inLanguage":"es","@id":"https:\/\/www.oficinaempleo.com\/blog\/#\/schema\/person\/image\/","url":"https:\/\/secure.gravatar.com\/avatar\/ea822afb14d7439ba3051d652cf8f548fe540f184ce16a2135fc22c9337bd72e?s=96&d=mm&r=g","contentUrl":"https:\/\/secure.gravatar.com\/avatar\/ea822afb14d7439ba3051d652cf8f548fe540f184ce16a2135fc22c9337bd72e?s=96&d=mm&r=g","caption":"OficinaEmpleo"},"description":"En OficinaEmpleo queremos ayudarte a conseguir trabajo. Por eso, adem\u00e1s de ofrecerte ofertas de empleo en nuestro portal, te ense\u00f1amos las novedades del sector, y consejos para mejorar tu perfil.","sameAs":["http:\/\/www.oficinaempleo.com\/","https:\/\/www.facebook.com\/OficinaEmpleo","https:\/\/x.com\/OficinaEmpleo"],"url":"https:\/\/www.oficinaempleo.com\/blog\/author\/empleo\/"}]}},"_links":{"self":[{"href":"https:\/\/www.oficinaempleo.com\/blog\/wp-json\/wp\/v2\/posts\/3669","targetHints":{"allow":["GET"]}}],"collection":[{"href":"https:\/\/www.oficinaempleo.com\/blog\/wp-json\/wp\/v2\/posts"}],"about":[{"href":"https:\/\/www.oficinaempleo.com\/blog\/wp-json\/wp\/v2\/types\/post"}],"author":[{"embeddable":true,"href":"https:\/\/www.oficinaempleo.com\/blog\/wp-json\/wp\/v2\/users\/2"}],"replies":[{"embeddable":true,"href":"https:\/\/www.oficinaempleo.com\/blog\/wp-json\/wp\/v2\/comments?post=3669"}],"version-history":[{"count":2,"href":"https:\/\/www.oficinaempleo.com\/blog\/wp-json\/wp\/v2\/posts\/3669\/revisions"}],"predecessor-version":[{"id":33547,"href":"https:\/\/www.oficinaempleo.com\/blog\/wp-json\/wp\/v2\/posts\/3669\/revisions\/33547"}],"wp:featuredmedia":[{"embeddable":true,"href":"https:\/\/www.oficinaempleo.com\/blog\/wp-json\/wp\/v2\/media\/3673"}],"wp:attachment":[{"href":"https:\/\/www.oficinaempleo.com\/blog\/wp-json\/wp\/v2\/media?parent=3669"}],"wp:term":[{"taxonomy":"category","embeddable":true,"href":"https:\/\/www.oficinaempleo.com\/blog\/wp-json\/wp\/v2\/categories?post=3669"},{"taxonomy":"post_tag","embeddable":true,"href":"https:\/\/www.oficinaempleo.com\/blog\/wp-json\/wp\/v2\/tags?post=3669"}],"curies":[{"name":"wp","href":"https:\/\/api.w.org\/{rel}","templated":true}]}}