{"id":36963,"date":"2025-08-13T08:56:19","date_gmt":"2025-08-13T07:56:19","guid":{"rendered":"https:\/\/www.oficinaempleo.com\/blog\/?p=36963"},"modified":"2025-08-13T08:56:19","modified_gmt":"2025-08-13T07:56:19","slug":"el-sepe-busca-mas-de-2-000-administrativos","status":"publish","type":"post","link":"https:\/\/www.oficinaempleo.com\/blog\/el-sepe-busca-mas-de-2-000-administrativos\/","title":{"rendered":"El SEPE busca m\u00e1s de 2.000 administrativos"},"content":{"rendered":"<div id=\"attachment_36965\" style=\"width: 600px\" class=\"wp-caption alignnone\"><a href=\"https:\/\/www.oficinaempleo.com\/blog\/wp-content\/uploads\/2025\/08\/El-SEPE-busca-mas-de-2.000-administrativosAdobe-Stock.jpg\"><img loading=\"lazy\" decoding=\"async\" aria-describedby=\"caption-attachment-36965\" class=\"size-full wp-image-36965\" src=\"https:\/\/www.oficinaempleo.com\/blog\/wp-content\/uploads\/2025\/08\/El-SEPE-busca-mas-de-2.000-administrativosAdobe-Stock.jpg\" alt=\"El SEPE busca m\u00e1s de 2.000 administrativos(Adobe Stock)\" width=\"590\" height=\"315\" srcset=\"https:\/\/www.oficinaempleo.com\/blog\/wp-content\/uploads\/2025\/08\/El-SEPE-busca-mas-de-2.000-administrativosAdobe-Stock.jpg 590w, https:\/\/www.oficinaempleo.com\/blog\/wp-content\/uploads\/2025\/08\/El-SEPE-busca-mas-de-2.000-administrativosAdobe-Stock-300x160.jpg 300w\" sizes=\"auto, (max-width: 590px) 100vw, 590px\" \/><\/a><p id=\"caption-attachment-36965\" class=\"wp-caption-text\">El SEPE busca m\u00e1s de 2.000 administrativos(Adobe Stock)<\/p><\/div>\n<p><span style=\"font-weight: 400;\">El Servicio P\u00fablico de Empleo Estatal (SEPE), a trav\u00e9s de su portal <\/span><b>Empl\u00e9ate<\/b><span style=\"font-weight: 400;\">, ha publicado recientemente <\/span><b>2.051 oportunidades laborales<\/b><span style=\"font-weight: 400;\"><strong> para los perfiles administrativos.<\/strong> Se trata de una gran oportunidad para quienes buscan incorporarse al mundo laboral en oficinas, ya que las ofertas incluyen tanto<\/span><b> contratos a jornada completa<\/b><span style=\"font-weight: 400;\"> como opciones de <\/span><b>jornada parcial<\/b><span style=\"font-weight: 400;\">.\u00a0<\/span><\/p>\n<p><span style=\"font-weight: 400;\">En los puestos con horario reducido, el salario se sit\u00faa en torno a 500 y 700 euros mensuales, <\/span><b>en funci\u00f3n de las horas trabajadas.<\/b><\/p>\n<h2><span style=\"font-weight: 400;\">D\u00f3nde est\u00e1n ubicados los puestos de trabajo<\/span><\/h2>\n<p><span style=\"font-weight: 400;\">Las vacantes no se limitan a una sola regi\u00f3n, sino que <\/span><b>se extienden por gran parte del territorio espa\u00f1ol,<\/b><span style=\"font-weight: 400;\"> con presencia destacada en ciudades como Toledo, Navarra, Islas Baleares, Santa Cruz de Tenerife, Madrid y Guadalajara, as\u00ed como en muchas otras localidades repartidas por todo el pa\u00eds.\u00a0<\/span><\/p>\n<p><span style=\"font-weight: 400;\">Esta amplia distribuci\u00f3n<\/span><b> permite que personas de distintas comunidades aut\u00f3nomas<\/b><span style=\"font-weight: 400;\"> tengan la posibilidad de encontrar <\/span><b>oportunidades laborales<\/b><span style=\"font-weight: 400;\"> cerca de su lugar de residencia..<\/span><\/p>\n<h2><span style=\"font-weight: 400;\">Puestos de trabajo disponibles<\/span><\/h2>\n<p><span style=\"font-weight: 400;\">Los perfiles demandados son variados, pero todos se enmarcan en el<\/span><b> \u00e1mbito administrativo. <\/b><span style=\"font-weight: 400;\">Entre los puestos de trabajo m\u00e1s habituales, destacan:<\/span><\/p>\n<ul>\n<li style=\"font-weight: 400;\" aria-level=\"1\"><b>Gesti\u00f3n documental:<\/b><span style=\"font-weight: 400;\"> organizaci\u00f3n, archivo y actualizaci\u00f3n de informaci\u00f3n y expedientes.<\/span><\/li>\n<li style=\"font-weight: 400;\" aria-level=\"1\"><a href=\"https:\/\/www.oficinaempleo.com\/blog\/7-consejos-para-ser-un-buen-call-center\/\"><b>Atenci\u00f3n telef\u00f3nica y al cliente:<\/b><\/a><span style=\"font-weight: 400;\"> recibir llamadas, gestionar consultas y dar soporte a usuarios o clientes.<\/span><\/li>\n<li style=\"font-weight: 400;\" aria-level=\"1\"><b>Contabilidad y gesti\u00f3n financiera b\u00e1sica:<\/b><span style=\"font-weight: 400;\"> registro de facturas, control de cobros y pagos, elaboraci\u00f3n de informes sencillos.<\/span><\/li>\n<\/ul>\n<p><span style=\"font-weight: 400;\">Estos roles requieren personas con<\/span><b> capacidad de organizaci\u00f3n, habilidades comunicativas <\/b><span style=\"font-weight: 400;\">y en algunos casos, conocimientos inform\u00e1ticos para el manejo de software de oficina.<\/span><\/p>\n<h2><span style=\"font-weight: 400;\">Requisitos y formaci\u00f3n solicitada<\/span><\/h2>\n<p><span style=\"font-weight: 400;\">Las condiciones para acceder a estas vacantes var\u00edan seg\u00fan la empresa y el tipo de puesto, ya que<\/span><b> algunas ofertas requieren dominio de idiomas como ingl\u00e9s u otras lenguas, formaci\u00f3n acad\u00e9mica <\/b><span style=\"font-weight: 400;\">que puede ir desde grados medios o superiores hasta titulaciones universitarias, y <\/span><b>experiencia previa<\/b><span style=\"font-weight: 400;\"> en el \u00e1rea administrativa, <\/span><b>aunque tambi\u00e9n existen opciones para quienes no cuentan con trayectoria laboral.<\/b><span style=\"font-weight: 400;\">\u00a0<\/span><\/p>\n<p><span style=\"font-weight: 400;\">Gracias a esta diversidad de requisitos, tanto profesionales con experiencia como personas que inician su carrera pueden encontrar oportunidades adecuadas a su perfil.<\/span><\/p>\n<h2><span style=\"font-weight: 400;\">C\u00f3mo acceder a estas oportunidades<\/span><\/h2>\n<p><span style=\"font-weight: 400;\">Todas las ofertas se encuentran publicadas en la p\u00e1gina oficial de <\/span><a href=\"https:\/\/www.empleate.gob.es\/empleo\/#\/trabajo?search=administrativos&amp;pag=0\" target=\"_blank\" rel=\"noopener\"><b>Empl\u00e9ate<\/b><\/a><span style=\"font-weight: 400;\">, el portal de empleo del SEPE. Desde all\u00ed es posible filtrar por provincia, tipo de contrato, jornada laboral y otros criterios para encontrar el puesto que mejor se ajuste a cada perfil.<\/span><\/p>\n<p><span style=\"font-weight: 400;\">El gran <\/span><b>n\u00famero de vacantes activas refleja la alta demanda de profesionales administrativos en Espa\u00f1a, <\/b>s<span style=\"font-weight: 400;\">u papel es esencial para el funcionamiento diario de empresas, instituciones y organismos p\u00fablicos. <\/span><\/p>\n<p><span style=\"font-weight: 400;\">Tanto si se busca <\/span><b>estabilidad laboral <\/b><span style=\"font-weight: 400;\">como si se quiere ganar experiencia, estas ofertas para administrativos representan una oportunidad interesante para incorporarse a un sector con posibilidades de crecimiento.<\/span><\/p>\n<p><span style=\"font-weight: 400;\"><div class=\"su-button-center\"><a href=\"https:\/\/jobs.oficinaempleo.com\/registro?origen=ORG-web&#038;utm_source=OE&#038;utm_medium=boton_registro&#038;utm_content=homepage&#038;utm_campaign=organic\" class=\"su-button su-button-style-flat\" style=\"color:#FFFFFF;background-color:#ec7d0c;border-color:#bd640a;border-radius:10px\" target=\"_self\"><span style=\"color:#FFFFFF;padding:8px 26px;font-size:20px;line-height:30px;border-color:#f2a455;border-radius:10px;text-shadow:none\"><i class=\"sui sui-arrow-circle-right\" style=\"font-size:20px;color:#FFFFFF\"><\/i> No te pierdas todos los empleos administrativos<\/span><\/a><\/div><div class=\"su-spacer\" style=\"height:30px\"><\/div><\/span><\/p>\n<p>&nbsp;<\/p>\n","protected":false},"excerpt":{"rendered":"<p>El Servicio P\u00fablico de Empleo Estatal (SEPE), a trav\u00e9s de su portal Empl\u00e9ate, ha publicado recientemente 2.051 oportunidades laborales para los perfiles administrativos. Se trata de una gran oportunidad para quienes buscan incorporarse al mundo laboral en oficinas, ya que las ofertas incluyen tanto contratos a jornada completa como opciones de jornada parcial.\u00a0 En los [&hellip;]<\/p>\n","protected":false},"author":26,"featured_media":36964,"comment_status":"open","ping_status":"open","sticky":false,"template":"","format":"standard","meta":{"footnotes":""},"categories":[9,6540,3,689],"tags":[],"class_list":["post-36963","post","type-post","status-publish","format-standard","has-post-thumbnail","hentry","category-administracion","category-empleo","category-noticias-empleo","category-ofertas-empleo-destacadas","cat-9-id","cat-6540-id","cat-3-id","cat-689-id","has_thumb"],"yoast_head":"<!-- This site is optimized with the Yoast SEO plugin v27.1.1 - https:\/\/yoast.com\/product\/yoast-seo-wordpress\/ -->\n<title>El SEPE busca m\u00e1s de 2.000 administrativos<\/title>\n<meta name=\"description\" content=\"M\u00e1s de 2.000 vacantes para administrativos en toda Espa\u00f1a, con contratos a jornada completa o parcial y opciones sin experiencia previa.\" \/>\n<meta name=\"robots\" content=\"index, follow, max-snippet:-1, max-image-preview:large, max-video-preview:-1\" \/>\n<link rel=\"canonical\" href=\"https:\/\/www.oficinaempleo.com\/blog\/el-sepe-busca-mas-de-2-000-administrativos\/\" \/>\n<meta property=\"og:locale\" content=\"es_ES\" \/>\n<meta property=\"og:type\" content=\"article\" \/>\n<meta property=\"og:title\" content=\"El SEPE busca m\u00e1s de 2.000 administrativos\" \/>\n<meta property=\"og:description\" content=\"M\u00e1s de 2.000 vacantes para administrativos en toda Espa\u00f1a, con contratos a jornada completa o parcial y opciones sin experiencia previa.\" \/>\n<meta property=\"og:url\" content=\"https:\/\/www.oficinaempleo.com\/blog\/el-sepe-busca-mas-de-2-000-administrativos\/\" \/>\n<meta property=\"og:site_name\" content=\"Noticias y consejos de empleo | Blog OficinaEmpleo\" \/>\n<meta property=\"article:published_time\" content=\"2025-08-13T07:56:19+00:00\" \/>\n<meta property=\"og:image\" content=\"https:\/\/www.oficinaempleo.com\/blog\/wp-content\/uploads\/2025\/08\/El-SEPE-busca-mas-de-2.000-administrativosAdobe-Stock-Destacada.jpg\" \/>\n\t<meta property=\"og:image:width\" content=\"600\" \/>\n\t<meta property=\"og:image:height\" content=\"310\" \/>\n\t<meta property=\"og:image:type\" content=\"image\/jpeg\" \/>\n<meta name=\"author\" content=\"Oficina Empleo\" \/>\n<meta name=\"twitter:card\" content=\"summary_large_image\" \/>\n<meta name=\"twitter:creator\" content=\"@OficinaEmpleo\" \/>\n<meta name=\"twitter:site\" content=\"@OficinaEmpleo\" \/>\n<meta name=\"twitter:label1\" content=\"Written by\" \/>\n\t<meta name=\"twitter:data1\" content=\"Oficina Empleo\" \/>\n\t<meta name=\"twitter:label2\" content=\"Est. reading time\" \/>\n\t<meta name=\"twitter:data2\" content=\"3 minutos\" \/>\n<script type=\"application\/ld+json\" class=\"yoast-schema-graph\">{\"@context\":\"https:\/\/schema.org\",\"@graph\":[{\"@type\":\"Article\",\"@id\":\"https:\/\/www.oficinaempleo.com\/blog\/el-sepe-busca-mas-de-2-000-administrativos\/#article\",\"isPartOf\":{\"@id\":\"https:\/\/www.oficinaempleo.com\/blog\/el-sepe-busca-mas-de-2-000-administrativos\/\"},\"author\":{\"name\":\"Oficina Empleo\",\"@id\":\"https:\/\/www.oficinaempleo.com\/blog\/#\/schema\/person\/16c50a6d8c44d02b1fd44211d2b43dfb\"},\"headline\":\"El SEPE busca m\u00e1s de 2.000 administrativos\",\"datePublished\":\"2025-08-13T07:56:19+00:00\",\"mainEntityOfPage\":{\"@id\":\"https:\/\/www.oficinaempleo.com\/blog\/el-sepe-busca-mas-de-2-000-administrativos\/\"},\"wordCount\":534,\"commentCount\":0,\"publisher\":{\"@id\":\"https:\/\/www.oficinaempleo.com\/blog\/#organization\"},\"image\":{\"@id\":\"https:\/\/www.oficinaempleo.com\/blog\/el-sepe-busca-mas-de-2-000-administrativos\/#primaryimage\"},\"thumbnailUrl\":\"https:\/\/www.oficinaempleo.com\/blog\/wp-content\/uploads\/2025\/08\/El-SEPE-busca-mas-de-2.000-administrativosAdobe-Stock-Destacada.jpg\",\"articleSection\":[\"Administracion\",\"empleo\",\"Noticias Empleo\",\"Ofertas destacadas\"],\"inLanguage\":\"es\",\"potentialAction\":[{\"@type\":\"CommentAction\",\"name\":\"Comment\",\"target\":[\"https:\/\/www.oficinaempleo.com\/blog\/el-sepe-busca-mas-de-2-000-administrativos\/#respond\"]}]},{\"@type\":\"WebPage\",\"@id\":\"https:\/\/www.oficinaempleo.com\/blog\/el-sepe-busca-mas-de-2-000-administrativos\/\",\"url\":\"https:\/\/www.oficinaempleo.com\/blog\/el-sepe-busca-mas-de-2-000-administrativos\/\",\"name\":\"El SEPE busca m\u00e1s de 2.000 administrativos\",\"isPartOf\":{\"@id\":\"https:\/\/www.oficinaempleo.com\/blog\/#website\"},\"primaryImageOfPage\":{\"@id\":\"https:\/\/www.oficinaempleo.com\/blog\/el-sepe-busca-mas-de-2-000-administrativos\/#primaryimage\"},\"image\":{\"@id\":\"https:\/\/www.oficinaempleo.com\/blog\/el-sepe-busca-mas-de-2-000-administrativos\/#primaryimage\"},\"thumbnailUrl\":\"https:\/\/www.oficinaempleo.com\/blog\/wp-content\/uploads\/2025\/08\/El-SEPE-busca-mas-de-2.000-administrativosAdobe-Stock-Destacada.jpg\",\"datePublished\":\"2025-08-13T07:56:19+00:00\",\"description\":\"M\u00e1s de 2.000 vacantes para administrativos en toda Espa\u00f1a, con contratos a jornada completa o parcial y opciones sin experiencia previa.\",\"breadcrumb\":{\"@id\":\"https:\/\/www.oficinaempleo.com\/blog\/el-sepe-busca-mas-de-2-000-administrativos\/#breadcrumb\"},\"inLanguage\":\"es\",\"potentialAction\":[{\"@type\":\"ReadAction\",\"target\":[\"https:\/\/www.oficinaempleo.com\/blog\/el-sepe-busca-mas-de-2-000-administrativos\/\"]}]},{\"@type\":\"ImageObject\",\"inLanguage\":\"es\",\"@id\":\"https:\/\/www.oficinaempleo.com\/blog\/el-sepe-busca-mas-de-2-000-administrativos\/#primaryimage\",\"url\":\"https:\/\/www.oficinaempleo.com\/blog\/wp-content\/uploads\/2025\/08\/El-SEPE-busca-mas-de-2.000-administrativosAdobe-Stock-Destacada.jpg\",\"contentUrl\":\"https:\/\/www.oficinaempleo.com\/blog\/wp-content\/uploads\/2025\/08\/El-SEPE-busca-mas-de-2.000-administrativosAdobe-Stock-Destacada.jpg\",\"width\":600,\"height\":310,\"caption\":\"El SEPE busca m\u00e1s de 2.000 administrativos(Adobe Stock)\"},{\"@type\":\"BreadcrumbList\",\"@id\":\"https:\/\/www.oficinaempleo.com\/blog\/el-sepe-busca-mas-de-2-000-administrativos\/#breadcrumb\",\"itemListElement\":[{\"@type\":\"ListItem\",\"position\":1,\"name\":\"Home\",\"item\":\"https:\/\/www.oficinaempleo.com\/blog\/\"},{\"@type\":\"ListItem\",\"position\":2,\"name\":\"El SEPE busca m\u00e1s de 2.000 administrativos\"}]},{\"@type\":\"WebSite\",\"@id\":\"https:\/\/www.oficinaempleo.com\/blog\/#website\",\"url\":\"https:\/\/www.oficinaempleo.com\/blog\/\",\"name\":\"Noticias y Consejos de Empleo | Blog OficinaEmpleo\",\"description\":\"\",\"publisher\":{\"@id\":\"https:\/\/www.oficinaempleo.com\/blog\/#organization\"},\"potentialAction\":[{\"@type\":\"SearchAction\",\"target\":{\"@type\":\"EntryPoint\",\"urlTemplate\":\"https:\/\/www.oficinaempleo.com\/blog\/?s={search_term_string}\"},\"query-input\":{\"@type\":\"PropertyValueSpecification\",\"valueRequired\":true,\"valueName\":\"search_term_string\"}}],\"inLanguage\":\"es\"},{\"@type\":\"Organization\",\"@id\":\"https:\/\/www.oficinaempleo.com\/blog\/#organization\",\"name\":\"OficinaEmpleo\",\"url\":\"https:\/\/www.oficinaempleo.com\/blog\/\",\"logo\":{\"@type\":\"ImageObject\",\"inLanguage\":\"es\",\"@id\":\"https:\/\/www.oficinaempleo.com\/blog\/#\/schema\/logo\/image\/\",\"url\":\"https:\/\/www.oficinaempleo.com\/blog\/wp-content\/uploads\/2018\/10\/logo_footer-1.jpg\",\"contentUrl\":\"https:\/\/www.oficinaempleo.com\/blog\/wp-content\/uploads\/2018\/10\/logo_footer-1.jpg\",\"width\":478,\"height\":57,\"caption\":\"OficinaEmpleo\"},\"image\":{\"@id\":\"https:\/\/www.oficinaempleo.com\/blog\/#\/schema\/logo\/image\/\"},\"sameAs\":[\"https:\/\/x.com\/OficinaEmpleo\"]},{\"@type\":\"Person\",\"@id\":\"https:\/\/www.oficinaempleo.com\/blog\/#\/schema\/person\/16c50a6d8c44d02b1fd44211d2b43dfb\",\"name\":\"Oficina Empleo\",\"image\":{\"@type\":\"ImageObject\",\"inLanguage\":\"es\",\"@id\":\"https:\/\/www.oficinaempleo.com\/blog\/#\/schema\/person\/image\/\",\"url\":\"https:\/\/secure.gravatar.com\/avatar\/e33a1a9f888f42fceb505f6adf9539780cb28cbdfb337546d4bf4b5219070990?s=96&d=mm&r=g\",\"contentUrl\":\"https:\/\/secure.gravatar.com\/avatar\/e33a1a9f888f42fceb505f6adf9539780cb28cbdfb337546d4bf4b5219070990?s=96&d=mm&r=g\",\"caption\":\"Oficina Empleo\"},\"url\":\"https:\/\/www.oficinaempleo.com\/blog\/author\/contenidos\/\"}]}<\/script>\n<!-- \/ Yoast SEO plugin. -->","yoast_head_json":{"title":"El SEPE busca m\u00e1s de 2.000 administrativos","description":"M\u00e1s de 2.000 vacantes para administrativos en toda Espa\u00f1a, con contratos a jornada completa o parcial y opciones sin experiencia previa.","robots":{"index":"index","follow":"follow","max-snippet":"max-snippet:-1","max-image-preview":"max-image-preview:large","max-video-preview":"max-video-preview:-1"},"canonical":"https:\/\/www.oficinaempleo.com\/blog\/el-sepe-busca-mas-de-2-000-administrativos\/","og_locale":"es_ES","og_type":"article","og_title":"El SEPE busca m\u00e1s de 2.000 administrativos","og_description":"M\u00e1s de 2.000 vacantes para administrativos en toda Espa\u00f1a, con contratos a jornada completa o parcial y opciones sin experiencia previa.","og_url":"https:\/\/www.oficinaempleo.com\/blog\/el-sepe-busca-mas-de-2-000-administrativos\/","og_site_name":"Noticias y consejos de empleo | Blog OficinaEmpleo","article_published_time":"2025-08-13T07:56:19+00:00","og_image":[{"width":600,"height":310,"url":"https:\/\/www.oficinaempleo.com\/blog\/wp-content\/uploads\/2025\/08\/El-SEPE-busca-mas-de-2.000-administrativosAdobe-Stock-Destacada.jpg","type":"image\/jpeg"}],"author":"Oficina Empleo","twitter_card":"summary_large_image","twitter_creator":"@OficinaEmpleo","twitter_site":"@OficinaEmpleo","twitter_misc":{"Written by":"Oficina Empleo","Est. reading time":"3 minutos"},"schema":{"@context":"https:\/\/schema.org","@graph":[{"@type":"Article","@id":"https:\/\/www.oficinaempleo.com\/blog\/el-sepe-busca-mas-de-2-000-administrativos\/#article","isPartOf":{"@id":"https:\/\/www.oficinaempleo.com\/blog\/el-sepe-busca-mas-de-2-000-administrativos\/"},"author":{"name":"Oficina Empleo","@id":"https:\/\/www.oficinaempleo.com\/blog\/#\/schema\/person\/16c50a6d8c44d02b1fd44211d2b43dfb"},"headline":"El SEPE busca m\u00e1s de 2.000 administrativos","datePublished":"2025-08-13T07:56:19+00:00","mainEntityOfPage":{"@id":"https:\/\/www.oficinaempleo.com\/blog\/el-sepe-busca-mas-de-2-000-administrativos\/"},"wordCount":534,"commentCount":0,"publisher":{"@id":"https:\/\/www.oficinaempleo.com\/blog\/#organization"},"image":{"@id":"https:\/\/www.oficinaempleo.com\/blog\/el-sepe-busca-mas-de-2-000-administrativos\/#primaryimage"},"thumbnailUrl":"https:\/\/www.oficinaempleo.com\/blog\/wp-content\/uploads\/2025\/08\/El-SEPE-busca-mas-de-2.000-administrativosAdobe-Stock-Destacada.jpg","articleSection":["Administracion","empleo","Noticias Empleo","Ofertas destacadas"],"inLanguage":"es","potentialAction":[{"@type":"CommentAction","name":"Comment","target":["https:\/\/www.oficinaempleo.com\/blog\/el-sepe-busca-mas-de-2-000-administrativos\/#respond"]}]},{"@type":"WebPage","@id":"https:\/\/www.oficinaempleo.com\/blog\/el-sepe-busca-mas-de-2-000-administrativos\/","url":"https:\/\/www.oficinaempleo.com\/blog\/el-sepe-busca-mas-de-2-000-administrativos\/","name":"El SEPE busca m\u00e1s de 2.000 administrativos","isPartOf":{"@id":"https:\/\/www.oficinaempleo.com\/blog\/#website"},"primaryImageOfPage":{"@id":"https:\/\/www.oficinaempleo.com\/blog\/el-sepe-busca-mas-de-2-000-administrativos\/#primaryimage"},"image":{"@id":"https:\/\/www.oficinaempleo.com\/blog\/el-sepe-busca-mas-de-2-000-administrativos\/#primaryimage"},"thumbnailUrl":"https:\/\/www.oficinaempleo.com\/blog\/wp-content\/uploads\/2025\/08\/El-SEPE-busca-mas-de-2.000-administrativosAdobe-Stock-Destacada.jpg","datePublished":"2025-08-13T07:56:19+00:00","description":"M\u00e1s de 2.000 vacantes para administrativos en toda Espa\u00f1a, con contratos a jornada completa o parcial y opciones sin experiencia previa.","breadcrumb":{"@id":"https:\/\/www.oficinaempleo.com\/blog\/el-sepe-busca-mas-de-2-000-administrativos\/#breadcrumb"},"inLanguage":"es","potentialAction":[{"@type":"ReadAction","target":["https:\/\/www.oficinaempleo.com\/blog\/el-sepe-busca-mas-de-2-000-administrativos\/"]}]},{"@type":"ImageObject","inLanguage":"es","@id":"https:\/\/www.oficinaempleo.com\/blog\/el-sepe-busca-mas-de-2-000-administrativos\/#primaryimage","url":"https:\/\/www.oficinaempleo.com\/blog\/wp-content\/uploads\/2025\/08\/El-SEPE-busca-mas-de-2.000-administrativosAdobe-Stock-Destacada.jpg","contentUrl":"https:\/\/www.oficinaempleo.com\/blog\/wp-content\/uploads\/2025\/08\/El-SEPE-busca-mas-de-2.000-administrativosAdobe-Stock-Destacada.jpg","width":600,"height":310,"caption":"El SEPE busca m\u00e1s de 2.000 administrativos(Adobe Stock)"},{"@type":"BreadcrumbList","@id":"https:\/\/www.oficinaempleo.com\/blog\/el-sepe-busca-mas-de-2-000-administrativos\/#breadcrumb","itemListElement":[{"@type":"ListItem","position":1,"name":"Home","item":"https:\/\/www.oficinaempleo.com\/blog\/"},{"@type":"ListItem","position":2,"name":"El SEPE busca m\u00e1s de 2.000 administrativos"}]},{"@type":"WebSite","@id":"https:\/\/www.oficinaempleo.com\/blog\/#website","url":"https:\/\/www.oficinaempleo.com\/blog\/","name":"Noticias y Consejos de Empleo | Blog OficinaEmpleo","description":"","publisher":{"@id":"https:\/\/www.oficinaempleo.com\/blog\/#organization"},"potentialAction":[{"@type":"SearchAction","target":{"@type":"EntryPoint","urlTemplate":"https:\/\/www.oficinaempleo.com\/blog\/?s={search_term_string}"},"query-input":{"@type":"PropertyValueSpecification","valueRequired":true,"valueName":"search_term_string"}}],"inLanguage":"es"},{"@type":"Organization","@id":"https:\/\/www.oficinaempleo.com\/blog\/#organization","name":"OficinaEmpleo","url":"https:\/\/www.oficinaempleo.com\/blog\/","logo":{"@type":"ImageObject","inLanguage":"es","@id":"https:\/\/www.oficinaempleo.com\/blog\/#\/schema\/logo\/image\/","url":"https:\/\/www.oficinaempleo.com\/blog\/wp-content\/uploads\/2018\/10\/logo_footer-1.jpg","contentUrl":"https:\/\/www.oficinaempleo.com\/blog\/wp-content\/uploads\/2018\/10\/logo_footer-1.jpg","width":478,"height":57,"caption":"OficinaEmpleo"},"image":{"@id":"https:\/\/www.oficinaempleo.com\/blog\/#\/schema\/logo\/image\/"},"sameAs":["https:\/\/x.com\/OficinaEmpleo"]},{"@type":"Person","@id":"https:\/\/www.oficinaempleo.com\/blog\/#\/schema\/person\/16c50a6d8c44d02b1fd44211d2b43dfb","name":"Oficina Empleo","image":{"@type":"ImageObject","inLanguage":"es","@id":"https:\/\/www.oficinaempleo.com\/blog\/#\/schema\/person\/image\/","url":"https:\/\/secure.gravatar.com\/avatar\/e33a1a9f888f42fceb505f6adf9539780cb28cbdfb337546d4bf4b5219070990?s=96&d=mm&r=g","contentUrl":"https:\/\/secure.gravatar.com\/avatar\/e33a1a9f888f42fceb505f6adf9539780cb28cbdfb337546d4bf4b5219070990?s=96&d=mm&r=g","caption":"Oficina Empleo"},"url":"https:\/\/www.oficinaempleo.com\/blog\/author\/contenidos\/"}]}},"_links":{"self":[{"href":"https:\/\/www.oficinaempleo.com\/blog\/wp-json\/wp\/v2\/posts\/36963","targetHints":{"allow":["GET"]}}],"collection":[{"href":"https:\/\/www.oficinaempleo.com\/blog\/wp-json\/wp\/v2\/posts"}],"about":[{"href":"https:\/\/www.oficinaempleo.com\/blog\/wp-json\/wp\/v2\/types\/post"}],"author":[{"embeddable":true,"href":"https:\/\/www.oficinaempleo.com\/blog\/wp-json\/wp\/v2\/users\/26"}],"replies":[{"embeddable":true,"href":"https:\/\/www.oficinaempleo.com\/blog\/wp-json\/wp\/v2\/comments?post=36963"}],"version-history":[{"count":3,"href":"https:\/\/www.oficinaempleo.com\/blog\/wp-json\/wp\/v2\/posts\/36963\/revisions"}],"predecessor-version":[{"id":36968,"href":"https:\/\/www.oficinaempleo.com\/blog\/wp-json\/wp\/v2\/posts\/36963\/revisions\/36968"}],"wp:featuredmedia":[{"embeddable":true,"href":"https:\/\/www.oficinaempleo.com\/blog\/wp-json\/wp\/v2\/media\/36964"}],"wp:attachment":[{"href":"https:\/\/www.oficinaempleo.com\/blog\/wp-json\/wp\/v2\/media?parent=36963"}],"wp:term":[{"taxonomy":"category","embeddable":true,"href":"https:\/\/www.oficinaempleo.com\/blog\/wp-json\/wp\/v2\/categories?post=36963"},{"taxonomy":"post_tag","embeddable":true,"href":"https:\/\/www.oficinaempleo.com\/blog\/wp-json\/wp\/v2\/tags?post=36963"}],"curies":[{"name":"wp","href":"https:\/\/api.w.org\/{rel}","templated":true}]}}