{"id":3697,"date":"2015-03-16T11:14:54","date_gmt":"2015-03-16T10:14:54","guid":{"rendered":"http:\/\/www.oficinaempleo.com\/blog\/?p=3697"},"modified":"2015-03-16T13:08:37","modified_gmt":"2015-03-16T12:08:37","slug":"ecommerce-a-la-cabeza-del-empleo-en-espana","status":"publish","type":"post","link":"https:\/\/www.oficinaempleo.com\/blog\/ecommerce-a-la-cabeza-del-empleo-en-espana\/","title":{"rendered":"Ecommerce, a la cabeza del empleo en Espa\u00f1a"},"content":{"rendered":"<p style=\"text-align: justify;\"><img loading=\"lazy\" decoding=\"async\" class=\"aligncenter wp-image-3705 size-medium\" src=\"http:\/\/www.oficinaempleo.com\/blog\/wp-content\/uploads\/2015\/03\/ecommerce-contenido-300x225.jpg\" alt=\"Ecommerce,  a la cabeza del empleo en Espa\u00f1a\" width=\"300\" height=\"225\" srcset=\"https:\/\/www.oficinaempleo.com\/blog\/wp-content\/uploads\/2015\/03\/ecommerce-contenido-300x225.jpg 300w, https:\/\/www.oficinaempleo.com\/blog\/wp-content\/uploads\/2015\/03\/ecommerce-contenido-65x50.jpg 65w, https:\/\/www.oficinaempleo.com\/blog\/wp-content\/uploads\/2015\/03\/ecommerce-contenido-200x150.jpg 200w, https:\/\/www.oficinaempleo.com\/blog\/wp-content\/uploads\/2015\/03\/ecommerce-contenido.jpg 816w\" sizes=\"auto, (max-width: 300px) 100vw, 300px\" \/><\/p>\n<p style=\"text-align: justify;\"><strong>Las ventas y el comercio electr\u00f3nico<\/strong> son los dos sectores en los que hay mayores oportunidades laborales para este a\u00f1o 2015. No obstante,  cabe destacar que hay una falta de sinton\u00eda entre las capacidades que se exigen para determinados trabajos y los perfiles de los puestos a los que se opta. Se estima que,  en Espa\u00f1a, a pesar de las cifras tan altas de paro que tenemos, hay 73.000 vacantes sin cubrir. La formaci\u00f3n en <strong>comercio digital<\/strong>, est\u00e1 entre las m\u00e1s<strong> demandadas<\/strong>.<\/p>\n<p style=\"text-align: justify;\"><a href=\"http:\/\/www.expansion.com\/2014\/12\/12\/emprendedores-empleo\/mercado-laboral\/1418413055.html\" >Seg\u00fan el informe Employer Branding<\/a>, realizado por la empresa norteamericana\u00a0especializada en\u00a0<em>recruiment\u00a0<\/em>(procesos de selecci\u00f3n de personal),\u00a0<strong>Randstad<\/strong>\u00a0y\u00a0<a href=\"http:\/\/www.expansion.com\/2014\/12\/12\/emprendedores-empleo\/mercado-laboral\/1418412177.html\" >recogido por Expansi\u00f3n<\/a>, en el 43% de <strong>los procesos de selecci\u00f3n de personal<\/strong>, ning\u00fan candidato se ajusta al perfil que reclutan las empresas. O, dicho de otra manera, la tasa de fracaso en este proceso es del 60%. \u00bfLa raz\u00f3n? Las diferencias que hay entre lo que se ofrece y lo que se pide. \u00a0Las profesiones que triunfan en el \u00e1mbito laboral precisan de nuevos talentos. La formaci\u00f3n, por tanto, se convierte en la pieza fundamental del sistema.<\/p>\n<p style=\"text-align: justify;\">\n<p style=\"text-align: justify;\"><strong>El ecommerce, en vanguardia<\/strong><\/p>\n<p style=\"text-align: justify;\">Seg\u00fan el\u00a0<a href=\"http:\/\/observatorioecommerce.com\/10-tendencias-en-ecommerce-para-2015\/\" ><em>I<\/em><em>nforme Evoluci\u00f3n y Perspectiva eCommerce 2015,<\/em><\/a><a href=\"http:\/\/observatorioecommerce.com\/10-tendencias-en-ecommerce-para-2015\/\" >\u00a0publicado por el Foro de Econom\u00eda Digital<\/a>\u00a0con una encuesta a m\u00e1s de 4.500<strong> comercios online<\/strong>, un 60% de ellos preve\u00eda \u00abcontratar a una o m\u00e1s personas\u00bb para cubrir puestos de trabajo en sus <strong>negocios online<\/strong>\u00ab, prueba del que el sector, lejos de resentir el crecimiento de los \u00faltimos a\u00f1os, se vuelve a disparar.<\/p>\n<p style=\"text-align: justify;\">Si tuvi\u00e9ramos que hacer un perfil del trabajador del momento, dir\u00edamos que \u00e9ste ha de ser\u00a0tecnol\u00f3gico, con\u00a0capacidad de gesti\u00f3n y de coordinar grupos de trabajo, nivel alto de ingl\u00e9s y otros idiomas, conocimientos de\u00a0<strong>comercio electr\u00f3nico<\/strong>, un sector con crecimientos de m\u00e1s del 20% anual, y en el que ya se van incorporando los tradicionales negocios f\u00edsicos que se han dado cuenta que tienen que vender tambi\u00e9n en la red.<\/p>\n<p style=\"text-align: justify;\">El <strong>sector ecommerce<\/strong> acumula gran parte de la demanda del actual mercado laboral, en alguna de sus m\u00faltiples ramas, siendo el\u00a0<strong><em>Sales Manager<\/em><\/strong>\u00a0por ventas en internet el que mayor cotizaci\u00f3n salarial representa. Las Ventas, el manejo de los datos, los trabajos con alto contenido tecnol\u00f3gico (big data, cloud, etc.) y las funciones relacionadas con el <strong>marketing online<\/strong> (an\u00e1lisis de datos, campa\u00f1a de ventas y publicidad online, etc. son las m\u00e1s solicitadas por las empresas).<\/p>\n<p style=\"text-align: justify;\">Es por ello que el\u00a0<a href=\"http:\/\/www.foroeconomiadigital.com\/\" >Foro de Econom\u00eda Digital<\/a>, una de las primeras escuelas de negocios que opt\u00f3 por la formaci\u00f3n<strong> eCommerce<\/strong>, ofrece una completa formaci\u00f3n en todos los \u00e1mbitos y sectores relacionados con el <strong>Digital Business<\/strong>, destacando el\u00a0<a href=\"http:\/\/www.foroeconomiadigital.com\/master-direccion-ecommerce-mdec\/\" ><strong>Master en Direcci\u00f3n Ecommerce<\/strong><\/a><strong>,\u00a0<\/strong>con un completo repaso de todos los aspectos fundamentales en el d\u00eda a d\u00eda de un <strong>negocio online<\/strong>, adem\u00e1s de otros estudios, m\u00e1s espec\u00edficos e intensivos, como\u00a0es el de\u00a0<a href=\"http:\/\/www.foroeconomiadigital.com\/programa-intensivo-ecommerce-de-moda\/\" ><strong>moda<\/strong><\/a><strong>\u00a0&#8211;<\/strong>uno de los sectores m\u00e1s importantes\u00a0del sector-,\u00a0<a href=\"http:\/\/www.foroeconomiadigital.com\/programa-intensivo-en-gestion-ecommerce\/\" ><strong>gesti\u00f3n ecommerce<\/strong><\/a><strong>,\u00a0<\/strong><a href=\"http:\/\/www.foroeconomiadigital.com\/programa-intensivo-marketing-online\/\" ><strong>marketing online<\/strong><\/a>\u00a0o\u00a0<a href=\"http:\/\/www.foroeconomiadigital.com\/programa-intensivo-social-mobile-ecommerce\/\" ><strong>Social Mobile eCommerce<\/strong><\/a>, dada la importancia que est\u00e1n adquiriendo los dispositivos m\u00f3viles en las ventas en l\u00ednea.<\/p>\n<p style=\"text-align: justify;\">En los siguientes cuadros, pueden observar las valoraciones salariales de los distintos puestos relacionados con <strong>eCommerce en Espa\u00f1a<\/strong>, de acuerdo al estudio realizado por <a href=\"http:\/\/www.pagepersonnel.es\/productsApp_pp_es\/Estudios%20Remuneracion\/ER_Digital&amp;e.pdf\" >Page Personel<\/a>:<\/p>\n<p style=\"text-align: justify;\"><img loading=\"lazy\" decoding=\"async\" class=\"aligncenter wp-image-3708 size-full\" src=\"http:\/\/www.oficinaempleo.com\/blog\/wp-content\/uploads\/2015\/03\/cuadro-ecommerce-2.jpg\" alt=\"Ecommerce, a la cabeza del empleo en Espa\u00f1a\" width=\"567\" height=\"119\" srcset=\"https:\/\/www.oficinaempleo.com\/blog\/wp-content\/uploads\/2015\/03\/cuadro-ecommerce-2.jpg 567w, https:\/\/www.oficinaempleo.com\/blog\/wp-content\/uploads\/2015\/03\/cuadro-ecommerce-2-300x63.jpg 300w, https:\/\/www.oficinaempleo.com\/blog\/wp-content\/uploads\/2015\/03\/cuadro-ecommerce-2-280x59.jpg 280w\" sizes=\"auto, (max-width: 567px) 100vw, 567px\" \/><\/p>\n<p style=\"text-align: justify;\"><img loading=\"lazy\" decoding=\"async\" class=\"aligncenter wp-image-3702 size-full\" src=\"http:\/\/www.oficinaempleo.com\/blog\/wp-content\/uploads\/2015\/03\/cuadros-art-ecommerce1.jpg\" alt=\"Ecommerce, a la cabeza del empleo en Espa\u00f1a\" width=\"551\" height=\"204\" srcset=\"https:\/\/www.oficinaempleo.com\/blog\/wp-content\/uploads\/2015\/03\/cuadros-art-ecommerce1.jpg 551w, https:\/\/www.oficinaempleo.com\/blog\/wp-content\/uploads\/2015\/03\/cuadros-art-ecommerce1-300x111.jpg 300w, https:\/\/www.oficinaempleo.com\/blog\/wp-content\/uploads\/2015\/03\/cuadros-art-ecommerce1-280x104.jpg 280w\" sizes=\"auto, (max-width: 551px) 100vw, 551px\" \/><\/p>\n<p style=\"text-align: justify;\">\n","protected":false},"excerpt":{"rendered":"<p>La formaci\u00f3n en comercio es uno de los puestos m\u00e1s demandados en 2015.<\/p>\n","protected":false},"author":2,"featured_media":3704,"comment_status":"open","ping_status":"open","sticky":false,"template":"","format":"standard","meta":{"footnotes":""},"categories":[691,12,512,508],"tags":[1155,1157,1158,1159,1160,1156],"class_list":["post-3697","post","type-post","status-publish","format-standard","has-post-thumbnail","hentry","category-actualidad-empleo","category-consejos-y-recursos","category-emprendedores","category-estudios-y-formacion","tag-ecommerce","tag-employer-branding","tag-expansion","tag-marketing","tag-online","tag-oportunidades-laborales","cat-691-id","cat-12-id","cat-512-id","cat-508-id","has_thumb"],"yoast_head":"<!-- This site is optimized with the Yoast SEO plugin v27.1.1 - https:\/\/yoast.com\/product\/yoast-seo-wordpress\/ -->\n<title>Ecommerce, a la cabeza del empleo en Espa\u00f1a - Blog OficinaEmpleo<\/title>\n<meta name=\"robots\" content=\"index, follow, max-snippet:-1, max-image-preview:large, max-video-preview:-1\" \/>\n<link rel=\"canonical\" href=\"https:\/\/www.oficinaempleo.com\/blog\/ecommerce-a-la-cabeza-del-empleo-en-espana\/\" \/>\n<meta property=\"og:locale\" content=\"es_ES\" \/>\n<meta property=\"og:type\" content=\"article\" \/>\n<meta property=\"og:title\" content=\"Ecommerce, a la cabeza del empleo en Espa\u00f1a - Blog OficinaEmpleo\" \/>\n<meta property=\"og:description\" content=\"La formaci\u00f3n en comercio es uno de los puestos m\u00e1s demandados en 2015.\" \/>\n<meta property=\"og:url\" content=\"https:\/\/www.oficinaempleo.com\/blog\/ecommerce-a-la-cabeza-del-empleo-en-espana\/\" \/>\n<meta property=\"og:site_name\" content=\"Noticias y consejos de empleo | Blog OficinaEmpleo\" \/>\n<meta property=\"article:author\" content=\"https:\/\/www.facebook.com\/OficinaEmpleo\" \/>\n<meta property=\"article:published_time\" content=\"2015-03-16T10:14:54+00:00\" \/>\n<meta property=\"article:modified_time\" content=\"2015-03-16T12:08:37+00:00\" \/>\n<meta property=\"og:image\" content=\"https:\/\/www.oficinaempleo.com\/blog\/wp-content\/uploads\/2015\/03\/ecommerce-portada.jpg\" \/>\n\t<meta property=\"og:image:width\" content=\"670\" \/>\n\t<meta property=\"og:image:height\" content=\"456\" \/>\n\t<meta property=\"og:image:type\" content=\"image\/jpeg\" \/>\n<meta name=\"author\" content=\"OficinaEmpleo\" \/>\n<meta name=\"twitter:card\" content=\"summary_large_image\" \/>\n<meta name=\"twitter:creator\" content=\"@OficinaEmpleo\" \/>\n<meta name=\"twitter:site\" content=\"@OficinaEmpleo\" \/>\n<meta name=\"twitter:label1\" content=\"Written by\" \/>\n\t<meta name=\"twitter:data1\" content=\"OficinaEmpleo\" \/>\n\t<meta name=\"twitter:label2\" content=\"Est. reading time\" \/>\n\t<meta name=\"twitter:data2\" content=\"3 minutos\" \/>\n<script type=\"application\/ld+json\" class=\"yoast-schema-graph\">{\"@context\":\"https:\/\/schema.org\",\"@graph\":[{\"@type\":\"Article\",\"@id\":\"https:\/\/www.oficinaempleo.com\/blog\/ecommerce-a-la-cabeza-del-empleo-en-espana\/#article\",\"isPartOf\":{\"@id\":\"https:\/\/www.oficinaempleo.com\/blog\/ecommerce-a-la-cabeza-del-empleo-en-espana\/\"},\"author\":{\"name\":\"OficinaEmpleo\",\"@id\":\"https:\/\/www.oficinaempleo.com\/blog\/#\/schema\/person\/a7f3437f35bd6bd9ad19addae529a114\"},\"headline\":\"Ecommerce, a la cabeza del empleo en Espa\u00f1a\",\"datePublished\":\"2015-03-16T10:14:54+00:00\",\"dateModified\":\"2015-03-16T12:08:37+00:00\",\"mainEntityOfPage\":{\"@id\":\"https:\/\/www.oficinaempleo.com\/blog\/ecommerce-a-la-cabeza-del-empleo-en-espana\/\"},\"wordCount\":575,\"commentCount\":0,\"publisher\":{\"@id\":\"https:\/\/www.oficinaempleo.com\/blog\/#organization\"},\"image\":{\"@id\":\"https:\/\/www.oficinaempleo.com\/blog\/ecommerce-a-la-cabeza-del-empleo-en-espana\/#primaryimage\"},\"thumbnailUrl\":\"https:\/\/www.oficinaempleo.com\/blog\/wp-content\/uploads\/2015\/03\/ecommerce-portada.jpg\",\"keywords\":[\"ecommerce\",\"employer branding\",\"expansi\u00f3n\",\"marketing\",\"online\",\"oportunidades laborales\"],\"articleSection\":[\"Actualidad\",\"Consejos y Recursos\",\"Emprendedores\",\"Estudios y Formaci\u00f3n\"],\"inLanguage\":\"es\",\"potentialAction\":[{\"@type\":\"CommentAction\",\"name\":\"Comment\",\"target\":[\"https:\/\/www.oficinaempleo.com\/blog\/ecommerce-a-la-cabeza-del-empleo-en-espana\/#respond\"]}]},{\"@type\":\"WebPage\",\"@id\":\"https:\/\/www.oficinaempleo.com\/blog\/ecommerce-a-la-cabeza-del-empleo-en-espana\/\",\"url\":\"https:\/\/www.oficinaempleo.com\/blog\/ecommerce-a-la-cabeza-del-empleo-en-espana\/\",\"name\":\"Ecommerce, a la cabeza del empleo en Espa\u00f1a - Blog OficinaEmpleo\",\"isPartOf\":{\"@id\":\"https:\/\/www.oficinaempleo.com\/blog\/#website\"},\"primaryImageOfPage\":{\"@id\":\"https:\/\/www.oficinaempleo.com\/blog\/ecommerce-a-la-cabeza-del-empleo-en-espana\/#primaryimage\"},\"image\":{\"@id\":\"https:\/\/www.oficinaempleo.com\/blog\/ecommerce-a-la-cabeza-del-empleo-en-espana\/#primaryimage\"},\"thumbnailUrl\":\"https:\/\/www.oficinaempleo.com\/blog\/wp-content\/uploads\/2015\/03\/ecommerce-portada.jpg\",\"datePublished\":\"2015-03-16T10:14:54+00:00\",\"dateModified\":\"2015-03-16T12:08:37+00:00\",\"breadcrumb\":{\"@id\":\"https:\/\/www.oficinaempleo.com\/blog\/ecommerce-a-la-cabeza-del-empleo-en-espana\/#breadcrumb\"},\"inLanguage\":\"es\",\"potentialAction\":[{\"@type\":\"ReadAction\",\"target\":[\"https:\/\/www.oficinaempleo.com\/blog\/ecommerce-a-la-cabeza-del-empleo-en-espana\/\"]}]},{\"@type\":\"ImageObject\",\"inLanguage\":\"es\",\"@id\":\"https:\/\/www.oficinaempleo.com\/blog\/ecommerce-a-la-cabeza-del-empleo-en-espana\/#primaryimage\",\"url\":\"https:\/\/www.oficinaempleo.com\/blog\/wp-content\/uploads\/2015\/03\/ecommerce-portada.jpg\",\"contentUrl\":\"https:\/\/www.oficinaempleo.com\/blog\/wp-content\/uploads\/2015\/03\/ecommerce-portada.jpg\",\"width\":670,\"height\":456},{\"@type\":\"BreadcrumbList\",\"@id\":\"https:\/\/www.oficinaempleo.com\/blog\/ecommerce-a-la-cabeza-del-empleo-en-espana\/#breadcrumb\",\"itemListElement\":[{\"@type\":\"ListItem\",\"position\":1,\"name\":\"Home\",\"item\":\"https:\/\/www.oficinaempleo.com\/blog\/\"},{\"@type\":\"ListItem\",\"position\":2,\"name\":\"Ecommerce, a la cabeza del empleo en Espa\u00f1a\"}]},{\"@type\":\"WebSite\",\"@id\":\"https:\/\/www.oficinaempleo.com\/blog\/#website\",\"url\":\"https:\/\/www.oficinaempleo.com\/blog\/\",\"name\":\"Noticias y Consejos de Empleo | Blog OficinaEmpleo\",\"description\":\"\",\"publisher\":{\"@id\":\"https:\/\/www.oficinaempleo.com\/blog\/#organization\"},\"potentialAction\":[{\"@type\":\"SearchAction\",\"target\":{\"@type\":\"EntryPoint\",\"urlTemplate\":\"https:\/\/www.oficinaempleo.com\/blog\/?s={search_term_string}\"},\"query-input\":{\"@type\":\"PropertyValueSpecification\",\"valueRequired\":true,\"valueName\":\"search_term_string\"}}],\"inLanguage\":\"es\"},{\"@type\":\"Organization\",\"@id\":\"https:\/\/www.oficinaempleo.com\/blog\/#organization\",\"name\":\"OficinaEmpleo\",\"url\":\"https:\/\/www.oficinaempleo.com\/blog\/\",\"logo\":{\"@type\":\"ImageObject\",\"inLanguage\":\"es\",\"@id\":\"https:\/\/www.oficinaempleo.com\/blog\/#\/schema\/logo\/image\/\",\"url\":\"https:\/\/www.oficinaempleo.com\/blog\/wp-content\/uploads\/2018\/10\/logo_footer-1.jpg\",\"contentUrl\":\"https:\/\/www.oficinaempleo.com\/blog\/wp-content\/uploads\/2018\/10\/logo_footer-1.jpg\",\"width\":478,\"height\":57,\"caption\":\"OficinaEmpleo\"},\"image\":{\"@id\":\"https:\/\/www.oficinaempleo.com\/blog\/#\/schema\/logo\/image\/\"},\"sameAs\":[\"https:\/\/x.com\/OficinaEmpleo\"]},{\"@type\":\"Person\",\"@id\":\"https:\/\/www.oficinaempleo.com\/blog\/#\/schema\/person\/a7f3437f35bd6bd9ad19addae529a114\",\"name\":\"OficinaEmpleo\",\"image\":{\"@type\":\"ImageObject\",\"inLanguage\":\"es\",\"@id\":\"https:\/\/www.oficinaempleo.com\/blog\/#\/schema\/person\/image\/\",\"url\":\"https:\/\/secure.gravatar.com\/avatar\/ea822afb14d7439ba3051d652cf8f548fe540f184ce16a2135fc22c9337bd72e?s=96&d=mm&r=g\",\"contentUrl\":\"https:\/\/secure.gravatar.com\/avatar\/ea822afb14d7439ba3051d652cf8f548fe540f184ce16a2135fc22c9337bd72e?s=96&d=mm&r=g\",\"caption\":\"OficinaEmpleo\"},\"description\":\"En OficinaEmpleo queremos ayudarte a conseguir trabajo. Por eso, adem\u00e1s de ofrecerte ofertas de empleo en nuestro portal, te ense\u00f1amos las novedades del sector, y consejos para mejorar tu perfil.\",\"sameAs\":[\"http:\/\/www.oficinaempleo.com\/\",\"https:\/\/www.facebook.com\/OficinaEmpleo\",\"https:\/\/x.com\/OficinaEmpleo\"],\"url\":\"https:\/\/www.oficinaempleo.com\/blog\/author\/empleo\/\"}]}<\/script>\n<!-- \/ Yoast SEO plugin. -->","yoast_head_json":{"title":"Ecommerce, a la cabeza del empleo en Espa\u00f1a - Blog OficinaEmpleo","robots":{"index":"index","follow":"follow","max-snippet":"max-snippet:-1","max-image-preview":"max-image-preview:large","max-video-preview":"max-video-preview:-1"},"canonical":"https:\/\/www.oficinaempleo.com\/blog\/ecommerce-a-la-cabeza-del-empleo-en-espana\/","og_locale":"es_ES","og_type":"article","og_title":"Ecommerce, a la cabeza del empleo en Espa\u00f1a - Blog OficinaEmpleo","og_description":"La formaci\u00f3n en comercio es uno de los puestos m\u00e1s demandados en 2015.","og_url":"https:\/\/www.oficinaempleo.com\/blog\/ecommerce-a-la-cabeza-del-empleo-en-espana\/","og_site_name":"Noticias y consejos de empleo | Blog OficinaEmpleo","article_author":"https:\/\/www.facebook.com\/OficinaEmpleo","article_published_time":"2015-03-16T10:14:54+00:00","article_modified_time":"2015-03-16T12:08:37+00:00","og_image":[{"width":670,"height":456,"url":"https:\/\/www.oficinaempleo.com\/blog\/wp-content\/uploads\/2015\/03\/ecommerce-portada.jpg","type":"image\/jpeg"}],"author":"OficinaEmpleo","twitter_card":"summary_large_image","twitter_creator":"@OficinaEmpleo","twitter_site":"@OficinaEmpleo","twitter_misc":{"Written by":"OficinaEmpleo","Est. reading time":"3 minutos"},"schema":{"@context":"https:\/\/schema.org","@graph":[{"@type":"Article","@id":"https:\/\/www.oficinaempleo.com\/blog\/ecommerce-a-la-cabeza-del-empleo-en-espana\/#article","isPartOf":{"@id":"https:\/\/www.oficinaempleo.com\/blog\/ecommerce-a-la-cabeza-del-empleo-en-espana\/"},"author":{"name":"OficinaEmpleo","@id":"https:\/\/www.oficinaempleo.com\/blog\/#\/schema\/person\/a7f3437f35bd6bd9ad19addae529a114"},"headline":"Ecommerce, a la cabeza del empleo en Espa\u00f1a","datePublished":"2015-03-16T10:14:54+00:00","dateModified":"2015-03-16T12:08:37+00:00","mainEntityOfPage":{"@id":"https:\/\/www.oficinaempleo.com\/blog\/ecommerce-a-la-cabeza-del-empleo-en-espana\/"},"wordCount":575,"commentCount":0,"publisher":{"@id":"https:\/\/www.oficinaempleo.com\/blog\/#organization"},"image":{"@id":"https:\/\/www.oficinaempleo.com\/blog\/ecommerce-a-la-cabeza-del-empleo-en-espana\/#primaryimage"},"thumbnailUrl":"https:\/\/www.oficinaempleo.com\/blog\/wp-content\/uploads\/2015\/03\/ecommerce-portada.jpg","keywords":["ecommerce","employer branding","expansi\u00f3n","marketing","online","oportunidades laborales"],"articleSection":["Actualidad","Consejos y Recursos","Emprendedores","Estudios y Formaci\u00f3n"],"inLanguage":"es","potentialAction":[{"@type":"CommentAction","name":"Comment","target":["https:\/\/www.oficinaempleo.com\/blog\/ecommerce-a-la-cabeza-del-empleo-en-espana\/#respond"]}]},{"@type":"WebPage","@id":"https:\/\/www.oficinaempleo.com\/blog\/ecommerce-a-la-cabeza-del-empleo-en-espana\/","url":"https:\/\/www.oficinaempleo.com\/blog\/ecommerce-a-la-cabeza-del-empleo-en-espana\/","name":"Ecommerce, a la cabeza del empleo en Espa\u00f1a - Blog OficinaEmpleo","isPartOf":{"@id":"https:\/\/www.oficinaempleo.com\/blog\/#website"},"primaryImageOfPage":{"@id":"https:\/\/www.oficinaempleo.com\/blog\/ecommerce-a-la-cabeza-del-empleo-en-espana\/#primaryimage"},"image":{"@id":"https:\/\/www.oficinaempleo.com\/blog\/ecommerce-a-la-cabeza-del-empleo-en-espana\/#primaryimage"},"thumbnailUrl":"https:\/\/www.oficinaempleo.com\/blog\/wp-content\/uploads\/2015\/03\/ecommerce-portada.jpg","datePublished":"2015-03-16T10:14:54+00:00","dateModified":"2015-03-16T12:08:37+00:00","breadcrumb":{"@id":"https:\/\/www.oficinaempleo.com\/blog\/ecommerce-a-la-cabeza-del-empleo-en-espana\/#breadcrumb"},"inLanguage":"es","potentialAction":[{"@type":"ReadAction","target":["https:\/\/www.oficinaempleo.com\/blog\/ecommerce-a-la-cabeza-del-empleo-en-espana\/"]}]},{"@type":"ImageObject","inLanguage":"es","@id":"https:\/\/www.oficinaempleo.com\/blog\/ecommerce-a-la-cabeza-del-empleo-en-espana\/#primaryimage","url":"https:\/\/www.oficinaempleo.com\/blog\/wp-content\/uploads\/2015\/03\/ecommerce-portada.jpg","contentUrl":"https:\/\/www.oficinaempleo.com\/blog\/wp-content\/uploads\/2015\/03\/ecommerce-portada.jpg","width":670,"height":456},{"@type":"BreadcrumbList","@id":"https:\/\/www.oficinaempleo.com\/blog\/ecommerce-a-la-cabeza-del-empleo-en-espana\/#breadcrumb","itemListElement":[{"@type":"ListItem","position":1,"name":"Home","item":"https:\/\/www.oficinaempleo.com\/blog\/"},{"@type":"ListItem","position":2,"name":"Ecommerce, a la cabeza del empleo en Espa\u00f1a"}]},{"@type":"WebSite","@id":"https:\/\/www.oficinaempleo.com\/blog\/#website","url":"https:\/\/www.oficinaempleo.com\/blog\/","name":"Noticias y Consejos de Empleo | Blog OficinaEmpleo","description":"","publisher":{"@id":"https:\/\/www.oficinaempleo.com\/blog\/#organization"},"potentialAction":[{"@type":"SearchAction","target":{"@type":"EntryPoint","urlTemplate":"https:\/\/www.oficinaempleo.com\/blog\/?s={search_term_string}"},"query-input":{"@type":"PropertyValueSpecification","valueRequired":true,"valueName":"search_term_string"}}],"inLanguage":"es"},{"@type":"Organization","@id":"https:\/\/www.oficinaempleo.com\/blog\/#organization","name":"OficinaEmpleo","url":"https:\/\/www.oficinaempleo.com\/blog\/","logo":{"@type":"ImageObject","inLanguage":"es","@id":"https:\/\/www.oficinaempleo.com\/blog\/#\/schema\/logo\/image\/","url":"https:\/\/www.oficinaempleo.com\/blog\/wp-content\/uploads\/2018\/10\/logo_footer-1.jpg","contentUrl":"https:\/\/www.oficinaempleo.com\/blog\/wp-content\/uploads\/2018\/10\/logo_footer-1.jpg","width":478,"height":57,"caption":"OficinaEmpleo"},"image":{"@id":"https:\/\/www.oficinaempleo.com\/blog\/#\/schema\/logo\/image\/"},"sameAs":["https:\/\/x.com\/OficinaEmpleo"]},{"@type":"Person","@id":"https:\/\/www.oficinaempleo.com\/blog\/#\/schema\/person\/a7f3437f35bd6bd9ad19addae529a114","name":"OficinaEmpleo","image":{"@type":"ImageObject","inLanguage":"es","@id":"https:\/\/www.oficinaempleo.com\/blog\/#\/schema\/person\/image\/","url":"https:\/\/secure.gravatar.com\/avatar\/ea822afb14d7439ba3051d652cf8f548fe540f184ce16a2135fc22c9337bd72e?s=96&d=mm&r=g","contentUrl":"https:\/\/secure.gravatar.com\/avatar\/ea822afb14d7439ba3051d652cf8f548fe540f184ce16a2135fc22c9337bd72e?s=96&d=mm&r=g","caption":"OficinaEmpleo"},"description":"En OficinaEmpleo queremos ayudarte a conseguir trabajo. Por eso, adem\u00e1s de ofrecerte ofertas de empleo en nuestro portal, te ense\u00f1amos las novedades del sector, y consejos para mejorar tu perfil.","sameAs":["http:\/\/www.oficinaempleo.com\/","https:\/\/www.facebook.com\/OficinaEmpleo","https:\/\/x.com\/OficinaEmpleo"],"url":"https:\/\/www.oficinaempleo.com\/blog\/author\/empleo\/"}]}},"_links":{"self":[{"href":"https:\/\/www.oficinaempleo.com\/blog\/wp-json\/wp\/v2\/posts\/3697","targetHints":{"allow":["GET"]}}],"collection":[{"href":"https:\/\/www.oficinaempleo.com\/blog\/wp-json\/wp\/v2\/posts"}],"about":[{"href":"https:\/\/www.oficinaempleo.com\/blog\/wp-json\/wp\/v2\/types\/post"}],"author":[{"embeddable":true,"href":"https:\/\/www.oficinaempleo.com\/blog\/wp-json\/wp\/v2\/users\/2"}],"replies":[{"embeddable":true,"href":"https:\/\/www.oficinaempleo.com\/blog\/wp-json\/wp\/v2\/comments?post=3697"}],"version-history":[{"count":0,"href":"https:\/\/www.oficinaempleo.com\/blog\/wp-json\/wp\/v2\/posts\/3697\/revisions"}],"wp:featuredmedia":[{"embeddable":true,"href":"https:\/\/www.oficinaempleo.com\/blog\/wp-json\/wp\/v2\/media\/3704"}],"wp:attachment":[{"href":"https:\/\/www.oficinaempleo.com\/blog\/wp-json\/wp\/v2\/media?parent=3697"}],"wp:term":[{"taxonomy":"category","embeddable":true,"href":"https:\/\/www.oficinaempleo.com\/blog\/wp-json\/wp\/v2\/categories?post=3697"},{"taxonomy":"post_tag","embeddable":true,"href":"https:\/\/www.oficinaempleo.com\/blog\/wp-json\/wp\/v2\/tags?post=3697"}],"curies":[{"name":"wp","href":"https:\/\/api.w.org\/{rel}","templated":true}]}}