{"id":37014,"date":"2025-09-02T08:56:14","date_gmt":"2025-09-02T07:56:14","guid":{"rendered":"https:\/\/www.oficinaempleo.com\/blog\/?p=37014"},"modified":"2025-09-02T08:56:14","modified_gmt":"2025-09-02T07:56:14","slug":"el-sepe-anuncia-1-548-vacantes-para-dependientes","status":"publish","type":"post","link":"https:\/\/www.oficinaempleo.com\/blog\/el-sepe-anuncia-1-548-vacantes-para-dependientes\/","title":{"rendered":"El SEPE anuncia 1.548 vacantes para dependientes"},"content":{"rendered":"<div id=\"attachment_37017\" style=\"width: 600px\" class=\"wp-caption alignnone\"><a href=\"https:\/\/www.oficinaempleo.com\/blog\/wp-content\/uploads\/2025\/09\/Oe-articulo-cuerpo-7.jpg\"><img loading=\"lazy\" decoding=\"async\" aria-describedby=\"caption-attachment-37017\" class=\"size-full wp-image-37017\" src=\"https:\/\/www.oficinaempleo.com\/blog\/wp-content\/uploads\/2025\/09\/Oe-articulo-cuerpo-7.jpg\" alt=\"El SEPE anuncia 1.548 vacantes para dependientes ( Adobe Stock)\" width=\"590\" height=\"315\" srcset=\"https:\/\/www.oficinaempleo.com\/blog\/wp-content\/uploads\/2025\/09\/Oe-articulo-cuerpo-7.jpg 590w, https:\/\/www.oficinaempleo.com\/blog\/wp-content\/uploads\/2025\/09\/Oe-articulo-cuerpo-7-300x160.jpg 300w\" sizes=\"auto, (max-width: 590px) 100vw, 590px\" \/><\/a><p id=\"caption-attachment-37017\" class=\"wp-caption-text\">El SEPE anuncia 1.548 vacantes para dependientes ( Adobe Stock)<\/p><\/div>\n<p><span style=\"font-weight: 400;\">El <\/span><a href=\"https:\/\/www.oficinaempleo.com\/blog\/el-sepe-busca-mas-de-2-000-administrativos\/\"><b>Servicio P\u00fablico de Empleo Estatal (SEPE)<\/b><\/a><span style=\"font-weight: 400;\">, organismo dependiente del Ministerio de Trabajo y Econom\u00eda Social, ha lanzado recientemente una gran bolsa de oportunidades laborales dirigidas a personas interesadas <\/span><b>en trabajar de cara al p\u00fablico<\/b><span style=\"font-weight: 400;\">. Se encuentran disponibles <\/span><b>1.548 ofertas para dependientes en diferentes sectores y comunidades aut\u00f3nomas<\/b><span style=\"font-weight: 400;\">.<\/span><\/p>\n<p><span style=\"font-weight: 400;\">Este tipo de puestos resultan muy atractivos porque abarcan un amplio abanico de negocios: <\/span><b>desde panader\u00edas y helader\u00edas hasta supermercados, tiendas de moda, ferreter\u00edas, peluquer\u00edas o pescader\u00edas. <\/b><span style=\"font-weight: 400;\">Son trabajos que requieren contacto directo con los clientes donde se valora la atenci\u00f3n personalizada y la capacidad de organizaci\u00f3n.<\/span><\/p>\n<h2><span style=\"font-weight: 400;\">Vacantes disponibles<\/span><\/h2>\n<p><span style=\"font-weight: 400;\">Las ofertas publicadas no se concentran en un \u00fanico \u00e1mbito, sino que est\u00e1n distribuidas entre peque\u00f1os comercios y establecimientos que requieren refuerzo de personal. Algunos destacados son:<\/span><\/p>\n<ul>\n<li style=\"font-weight: 400;\" aria-level=\"1\"><b>Tiendas de calzado en Madrid<\/b><span style=\"font-weight: 400;\">, que buscan incorporar personal para asesorar a clientes y gestionar ventas.<\/span><\/li>\n<li style=\"font-weight: 400;\" aria-level=\"1\"><b>Supermercados en Navarra<\/b><span style=\"font-weight: 400;\">, dentro del Plan de Garant\u00eda Juvenil, con vacantes destinadas a j\u00f3venes que buscan su primera experiencia laboral.<\/span><\/li>\n<li style=\"font-weight: 400;\" aria-level=\"1\"><b>Helader\u00edas y pasteler\u00edas en distintas comunidades aut\u00f3nomas<\/b><span style=\"font-weight: 400;\">, con horarios variados, especialmente en turnos de ma\u00f1ana o tarde.<\/span><\/li>\n<li style=\"font-weight: 400;\" aria-level=\"1\"><b>Pescader\u00edas en Segovia<\/b><span style=\"font-weight: 400;\">, con contratos estables, lo que supone una oportunidad interesante para quienes buscan mayor seguridad laboral.<\/span><\/li>\n<li style=\"font-weight: 400;\" aria-level=\"1\"><b>Peluquer\u00edas en Catalu\u00f1a<\/b><span style=\"font-weight: 400;\">, donde se requiere apoyo tanto en atenci\u00f3n al p\u00fablico como en la gesti\u00f3n de productos.<\/span><\/li>\n<\/ul>\n<p><span style=\"font-weight: 400;\">Como se puede ver, no se trata \u00fanicamente de trabajos en tiendas de ropa, sino que la necesidad de personal se extiende a <\/span><b>m\u00faltiples tipos de negocio<\/b><span style=\"font-weight: 400;\">.<\/span><\/p>\n<h2><span style=\"font-weight: 400;\">Condiciones de los empleos<\/span><\/h2>\n<p><span style=\"font-weight: 400;\">En las vacantes aparecen diferentes modalidades de contrataci\u00f3n. Algunas empresas ofrecen <\/span><b>contratos temporales<\/b><span style=\"font-weight: 400;\">, mientras que otras incluyen <\/span><b>contratos indefinidos<\/b><span style=\"font-weight: 400;\">, ideales para quienes desean estabilidad.<\/span><\/p>\n<p><b>Las funciones var\u00edan seg\u00fan el tipo de negocio<\/b><span style=\"font-weight: 400;\">, pero en la mayor\u00eda de casos se incluyen tareas como: Atenci\u00f3n directa al cliente, gesti\u00f3n de pedidos, reposici\u00f3n de productos, manejo de caja y cobro, organizaci\u00f3n y mantenimiento del local.<\/span><\/p>\n<p><span style=\"font-weight: 400;\">En algunos puestos tambi\u00e9n se combinan labores de limpieza o recepci\u00f3n de mercanc\u00eda, por lo que la adaptaci\u00f3n es un punto muy valorado.<\/span><\/p>\n<h2><span style=\"font-weight: 400;\">C\u00f3mo acceder a estas oportunidades laborales<\/span><\/h2>\n<p><span style=\"font-weight: 400;\">Todas las vacantes est\u00e1n disponibles en el portal oficial del SEPE, a trav\u00e9s de su secci\u00f3n <\/span><a href=\"https:\/\/www.empleate.gob.es\/empleo\/#\/trabajo?search=dependiente&amp;pag=0\" target=\"_blank\" rel=\"noopener\"><b>Empl\u00e9ate<\/b><\/a><span style=\"font-weight: 400;\">. All\u00ed se puede consultar la oferta completa y encontrar los requisitos de cada puesto. Para localizar las oportunidades relacionadas con el sector comercio, basta con utilizar el buscador interno del portal introduciendo la palabra clave <\/span><b>\u201cdependiente\u201d<\/b><span style=\"font-weight: 400;\">. De esa forma aparecer\u00e1 el listado actualizado con las m\u00e1s de 1.500 opciones que se reparten por toda Espa\u00f1a.<\/span><\/p>\n<p><span style=\"font-weight: 400;\">Estos empleos suelen ser una buena puerta de entrada para quienes buscan su <\/span><b>primer contrato laboral<\/b><span style=\"font-weight: 400;\">, as\u00ed como para personas que desean reincorporarse al mercado laboral con cierta rapidez.<\/span><\/p>\n<p><span style=\"font-weight: 400;\">En definitiva, <\/span><b>el SEPE vuelve a convertirse en un punto de referencia<\/b><span style=\"font-weight: 400;\"> para quienes desean encontrar empleo de manera oficial y segura, facilitando el contacto entre empresas y trabajadores.<\/span><\/p>\n<p><span style=\"font-weight: 400;\"><div class=\"su-button-center\"><a href=\"https:\/\/jobs.oficinaempleo.com\/registro?origen=ORG-web&#038;utm_source=OE&#038;utm_medium=boton_registro&#038;utm_content=homepage&#038;utm_campaign=organic\" class=\"su-button su-button-style-flat\" style=\"color:#FFFFFF;background-color:#ec7d0c;border-color:#bd640a;border-radius:10px\" target=\"_self\"><span style=\"color:#FFFFFF;padding:8px 26px;font-size:20px;line-height:30px;border-color:#f2a455;border-radius:10px;text-shadow:none\"><i class=\"sui sui-arrow-circle-right\" style=\"font-size:20px;color:#FFFFFF\"><\/i> No te pierdas todos los empleos de dependientes<\/span><\/a><\/div><div class=\"su-spacer\" style=\"height:30px\"><\/div><\/span><\/p>\n<p>&nbsp;<\/p>\n","protected":false},"excerpt":{"rendered":"<p>El Servicio P\u00fablico de Empleo Estatal (SEPE), organismo dependiente del Ministerio de Trabajo y Econom\u00eda Social, ha lanzado recientemente una gran bolsa de oportunidades laborales dirigidas a personas interesadas en trabajar de cara al p\u00fablico. Se encuentran disponibles 1.548 ofertas para dependientes en diferentes sectores y comunidades aut\u00f3nomas. Este tipo de puestos resultan muy atractivos [&hellip;]<\/p>\n","protected":false},"author":26,"featured_media":37016,"comment_status":"open","ping_status":"open","sticky":false,"template":"","format":"standard","meta":{"footnotes":""},"categories":[6540,3,689,10],"tags":[],"class_list":["post-37014","post","type-post","status-publish","format-standard","has-post-thumbnail","hentry","category-empleo","category-noticias-empleo","category-ofertas-empleo-destacadas","category-primer-empleo","cat-6540-id","cat-3-id","cat-689-id","cat-10-id","has_thumb"],"yoast_head":"<!-- This site is optimized with the Yoast SEO plugin v27.1.1 - https:\/\/yoast.com\/product\/yoast-seo-wordpress\/ -->\n<title>El SEPE anuncia 1.548 vacantes para dependientes<\/title>\n<meta name=\"description\" content=\"El SEPE ofrece 1.548 vacantes para dependientes en toda Espa\u00f1a. Conoce c\u00f3mo acceder a estas ofertas en m\u00faltiples tipos de negocio.\" \/>\n<meta name=\"robots\" content=\"index, follow, max-snippet:-1, max-image-preview:large, max-video-preview:-1\" \/>\n<link rel=\"canonical\" href=\"https:\/\/www.oficinaempleo.com\/blog\/el-sepe-anuncia-1-548-vacantes-para-dependientes\/\" \/>\n<meta property=\"og:locale\" content=\"es_ES\" \/>\n<meta property=\"og:type\" content=\"article\" \/>\n<meta property=\"og:title\" content=\"El SEPE anuncia 1.548 vacantes para dependientes\" \/>\n<meta property=\"og:description\" content=\"El SEPE ofrece 1.548 vacantes para dependientes en toda Espa\u00f1a. Conoce c\u00f3mo acceder a estas ofertas en m\u00faltiples tipos de negocio.\" \/>\n<meta property=\"og:url\" content=\"https:\/\/www.oficinaempleo.com\/blog\/el-sepe-anuncia-1-548-vacantes-para-dependientes\/\" \/>\n<meta property=\"og:site_name\" content=\"Noticias y consejos de empleo | Blog OficinaEmpleo\" \/>\n<meta property=\"article:published_time\" content=\"2025-09-02T07:56:14+00:00\" \/>\n<meta property=\"og:image\" content=\"https:\/\/www.oficinaempleo.com\/blog\/wp-content\/uploads\/2025\/09\/Destacada-Articulo-WP-y-NL-OE-7.jpg\" \/>\n\t<meta property=\"og:image:width\" content=\"600\" \/>\n\t<meta property=\"og:image:height\" content=\"310\" \/>\n\t<meta property=\"og:image:type\" content=\"image\/jpeg\" \/>\n<meta name=\"author\" content=\"Oficina Empleo\" \/>\n<meta name=\"twitter:card\" content=\"summary_large_image\" \/>\n<meta name=\"twitter:creator\" content=\"@OficinaEmpleo\" \/>\n<meta name=\"twitter:site\" content=\"@OficinaEmpleo\" \/>\n<meta name=\"twitter:label1\" content=\"Written by\" \/>\n\t<meta name=\"twitter:data1\" content=\"Oficina Empleo\" \/>\n\t<meta name=\"twitter:label2\" content=\"Est. reading time\" \/>\n\t<meta name=\"twitter:data2\" content=\"3 minutos\" \/>\n<script type=\"application\/ld+json\" class=\"yoast-schema-graph\">{\"@context\":\"https:\/\/schema.org\",\"@graph\":[{\"@type\":\"Article\",\"@id\":\"https:\/\/www.oficinaempleo.com\/blog\/el-sepe-anuncia-1-548-vacantes-para-dependientes\/#article\",\"isPartOf\":{\"@id\":\"https:\/\/www.oficinaempleo.com\/blog\/el-sepe-anuncia-1-548-vacantes-para-dependientes\/\"},\"author\":{\"name\":\"Oficina Empleo\",\"@id\":\"https:\/\/www.oficinaempleo.com\/blog\/#\/schema\/person\/16c50a6d8c44d02b1fd44211d2b43dfb\"},\"headline\":\"El SEPE anuncia 1.548 vacantes para dependientes\",\"datePublished\":\"2025-09-02T07:56:14+00:00\",\"mainEntityOfPage\":{\"@id\":\"https:\/\/www.oficinaempleo.com\/blog\/el-sepe-anuncia-1-548-vacantes-para-dependientes\/\"},\"wordCount\":568,\"commentCount\":0,\"publisher\":{\"@id\":\"https:\/\/www.oficinaempleo.com\/blog\/#organization\"},\"image\":{\"@id\":\"https:\/\/www.oficinaempleo.com\/blog\/el-sepe-anuncia-1-548-vacantes-para-dependientes\/#primaryimage\"},\"thumbnailUrl\":\"https:\/\/www.oficinaempleo.com\/blog\/wp-content\/uploads\/2025\/09\/Destacada-Articulo-WP-y-NL-OE-7.jpg\",\"articleSection\":[\"empleo\",\"Noticias Empleo\",\"Ofertas destacadas\",\"Primer empleo\"],\"inLanguage\":\"es\",\"potentialAction\":[{\"@type\":\"CommentAction\",\"name\":\"Comment\",\"target\":[\"https:\/\/www.oficinaempleo.com\/blog\/el-sepe-anuncia-1-548-vacantes-para-dependientes\/#respond\"]}]},{\"@type\":\"WebPage\",\"@id\":\"https:\/\/www.oficinaempleo.com\/blog\/el-sepe-anuncia-1-548-vacantes-para-dependientes\/\",\"url\":\"https:\/\/www.oficinaempleo.com\/blog\/el-sepe-anuncia-1-548-vacantes-para-dependientes\/\",\"name\":\"El SEPE anuncia 1.548 vacantes para dependientes\",\"isPartOf\":{\"@id\":\"https:\/\/www.oficinaempleo.com\/blog\/#website\"},\"primaryImageOfPage\":{\"@id\":\"https:\/\/www.oficinaempleo.com\/blog\/el-sepe-anuncia-1-548-vacantes-para-dependientes\/#primaryimage\"},\"image\":{\"@id\":\"https:\/\/www.oficinaempleo.com\/blog\/el-sepe-anuncia-1-548-vacantes-para-dependientes\/#primaryimage\"},\"thumbnailUrl\":\"https:\/\/www.oficinaempleo.com\/blog\/wp-content\/uploads\/2025\/09\/Destacada-Articulo-WP-y-NL-OE-7.jpg\",\"datePublished\":\"2025-09-02T07:56:14+00:00\",\"description\":\"El SEPE ofrece 1.548 vacantes para dependientes en toda Espa\u00f1a. Conoce c\u00f3mo acceder a estas ofertas en m\u00faltiples tipos de negocio.\",\"breadcrumb\":{\"@id\":\"https:\/\/www.oficinaempleo.com\/blog\/el-sepe-anuncia-1-548-vacantes-para-dependientes\/#breadcrumb\"},\"inLanguage\":\"es\",\"potentialAction\":[{\"@type\":\"ReadAction\",\"target\":[\"https:\/\/www.oficinaempleo.com\/blog\/el-sepe-anuncia-1-548-vacantes-para-dependientes\/\"]}]},{\"@type\":\"ImageObject\",\"inLanguage\":\"es\",\"@id\":\"https:\/\/www.oficinaempleo.com\/blog\/el-sepe-anuncia-1-548-vacantes-para-dependientes\/#primaryimage\",\"url\":\"https:\/\/www.oficinaempleo.com\/blog\/wp-content\/uploads\/2025\/09\/Destacada-Articulo-WP-y-NL-OE-7.jpg\",\"contentUrl\":\"https:\/\/www.oficinaempleo.com\/blog\/wp-content\/uploads\/2025\/09\/Destacada-Articulo-WP-y-NL-OE-7.jpg\",\"width\":600,\"height\":310,\"caption\":\"El SEPE anuncia 1.548 vacantes para dependientes ( Adobe Stock)\"},{\"@type\":\"BreadcrumbList\",\"@id\":\"https:\/\/www.oficinaempleo.com\/blog\/el-sepe-anuncia-1-548-vacantes-para-dependientes\/#breadcrumb\",\"itemListElement\":[{\"@type\":\"ListItem\",\"position\":1,\"name\":\"Home\",\"item\":\"https:\/\/www.oficinaempleo.com\/blog\/\"},{\"@type\":\"ListItem\",\"position\":2,\"name\":\"El SEPE anuncia 1.548 vacantes para dependientes\"}]},{\"@type\":\"WebSite\",\"@id\":\"https:\/\/www.oficinaempleo.com\/blog\/#website\",\"url\":\"https:\/\/www.oficinaempleo.com\/blog\/\",\"name\":\"Noticias y Consejos de Empleo | Blog OficinaEmpleo\",\"description\":\"\",\"publisher\":{\"@id\":\"https:\/\/www.oficinaempleo.com\/blog\/#organization\"},\"potentialAction\":[{\"@type\":\"SearchAction\",\"target\":{\"@type\":\"EntryPoint\",\"urlTemplate\":\"https:\/\/www.oficinaempleo.com\/blog\/?s={search_term_string}\"},\"query-input\":{\"@type\":\"PropertyValueSpecification\",\"valueRequired\":true,\"valueName\":\"search_term_string\"}}],\"inLanguage\":\"es\"},{\"@type\":\"Organization\",\"@id\":\"https:\/\/www.oficinaempleo.com\/blog\/#organization\",\"name\":\"OficinaEmpleo\",\"url\":\"https:\/\/www.oficinaempleo.com\/blog\/\",\"logo\":{\"@type\":\"ImageObject\",\"inLanguage\":\"es\",\"@id\":\"https:\/\/www.oficinaempleo.com\/blog\/#\/schema\/logo\/image\/\",\"url\":\"https:\/\/www.oficinaempleo.com\/blog\/wp-content\/uploads\/2018\/10\/logo_footer-1.jpg\",\"contentUrl\":\"https:\/\/www.oficinaempleo.com\/blog\/wp-content\/uploads\/2018\/10\/logo_footer-1.jpg\",\"width\":478,\"height\":57,\"caption\":\"OficinaEmpleo\"},\"image\":{\"@id\":\"https:\/\/www.oficinaempleo.com\/blog\/#\/schema\/logo\/image\/\"},\"sameAs\":[\"https:\/\/x.com\/OficinaEmpleo\"]},{\"@type\":\"Person\",\"@id\":\"https:\/\/www.oficinaempleo.com\/blog\/#\/schema\/person\/16c50a6d8c44d02b1fd44211d2b43dfb\",\"name\":\"Oficina Empleo\",\"image\":{\"@type\":\"ImageObject\",\"inLanguage\":\"es\",\"@id\":\"https:\/\/www.oficinaempleo.com\/blog\/#\/schema\/person\/image\/\",\"url\":\"https:\/\/secure.gravatar.com\/avatar\/e33a1a9f888f42fceb505f6adf9539780cb28cbdfb337546d4bf4b5219070990?s=96&d=mm&r=g\",\"contentUrl\":\"https:\/\/secure.gravatar.com\/avatar\/e33a1a9f888f42fceb505f6adf9539780cb28cbdfb337546d4bf4b5219070990?s=96&d=mm&r=g\",\"caption\":\"Oficina Empleo\"},\"url\":\"https:\/\/www.oficinaempleo.com\/blog\/author\/contenidos\/\"}]}<\/script>\n<!-- \/ Yoast SEO plugin. -->","yoast_head_json":{"title":"El SEPE anuncia 1.548 vacantes para dependientes","description":"El SEPE ofrece 1.548 vacantes para dependientes en toda Espa\u00f1a. Conoce c\u00f3mo acceder a estas ofertas en m\u00faltiples tipos de negocio.","robots":{"index":"index","follow":"follow","max-snippet":"max-snippet:-1","max-image-preview":"max-image-preview:large","max-video-preview":"max-video-preview:-1"},"canonical":"https:\/\/www.oficinaempleo.com\/blog\/el-sepe-anuncia-1-548-vacantes-para-dependientes\/","og_locale":"es_ES","og_type":"article","og_title":"El SEPE anuncia 1.548 vacantes para dependientes","og_description":"El SEPE ofrece 1.548 vacantes para dependientes en toda Espa\u00f1a. Conoce c\u00f3mo acceder a estas ofertas en m\u00faltiples tipos de negocio.","og_url":"https:\/\/www.oficinaempleo.com\/blog\/el-sepe-anuncia-1-548-vacantes-para-dependientes\/","og_site_name":"Noticias y consejos de empleo | Blog OficinaEmpleo","article_published_time":"2025-09-02T07:56:14+00:00","og_image":[{"width":600,"height":310,"url":"https:\/\/www.oficinaempleo.com\/blog\/wp-content\/uploads\/2025\/09\/Destacada-Articulo-WP-y-NL-OE-7.jpg","type":"image\/jpeg"}],"author":"Oficina Empleo","twitter_card":"summary_large_image","twitter_creator":"@OficinaEmpleo","twitter_site":"@OficinaEmpleo","twitter_misc":{"Written by":"Oficina Empleo","Est. reading time":"3 minutos"},"schema":{"@context":"https:\/\/schema.org","@graph":[{"@type":"Article","@id":"https:\/\/www.oficinaempleo.com\/blog\/el-sepe-anuncia-1-548-vacantes-para-dependientes\/#article","isPartOf":{"@id":"https:\/\/www.oficinaempleo.com\/blog\/el-sepe-anuncia-1-548-vacantes-para-dependientes\/"},"author":{"name":"Oficina Empleo","@id":"https:\/\/www.oficinaempleo.com\/blog\/#\/schema\/person\/16c50a6d8c44d02b1fd44211d2b43dfb"},"headline":"El SEPE anuncia 1.548 vacantes para dependientes","datePublished":"2025-09-02T07:56:14+00:00","mainEntityOfPage":{"@id":"https:\/\/www.oficinaempleo.com\/blog\/el-sepe-anuncia-1-548-vacantes-para-dependientes\/"},"wordCount":568,"commentCount":0,"publisher":{"@id":"https:\/\/www.oficinaempleo.com\/blog\/#organization"},"image":{"@id":"https:\/\/www.oficinaempleo.com\/blog\/el-sepe-anuncia-1-548-vacantes-para-dependientes\/#primaryimage"},"thumbnailUrl":"https:\/\/www.oficinaempleo.com\/blog\/wp-content\/uploads\/2025\/09\/Destacada-Articulo-WP-y-NL-OE-7.jpg","articleSection":["empleo","Noticias Empleo","Ofertas destacadas","Primer empleo"],"inLanguage":"es","potentialAction":[{"@type":"CommentAction","name":"Comment","target":["https:\/\/www.oficinaempleo.com\/blog\/el-sepe-anuncia-1-548-vacantes-para-dependientes\/#respond"]}]},{"@type":"WebPage","@id":"https:\/\/www.oficinaempleo.com\/blog\/el-sepe-anuncia-1-548-vacantes-para-dependientes\/","url":"https:\/\/www.oficinaempleo.com\/blog\/el-sepe-anuncia-1-548-vacantes-para-dependientes\/","name":"El SEPE anuncia 1.548 vacantes para dependientes","isPartOf":{"@id":"https:\/\/www.oficinaempleo.com\/blog\/#website"},"primaryImageOfPage":{"@id":"https:\/\/www.oficinaempleo.com\/blog\/el-sepe-anuncia-1-548-vacantes-para-dependientes\/#primaryimage"},"image":{"@id":"https:\/\/www.oficinaempleo.com\/blog\/el-sepe-anuncia-1-548-vacantes-para-dependientes\/#primaryimage"},"thumbnailUrl":"https:\/\/www.oficinaempleo.com\/blog\/wp-content\/uploads\/2025\/09\/Destacada-Articulo-WP-y-NL-OE-7.jpg","datePublished":"2025-09-02T07:56:14+00:00","description":"El SEPE ofrece 1.548 vacantes para dependientes en toda Espa\u00f1a. Conoce c\u00f3mo acceder a estas ofertas en m\u00faltiples tipos de negocio.","breadcrumb":{"@id":"https:\/\/www.oficinaempleo.com\/blog\/el-sepe-anuncia-1-548-vacantes-para-dependientes\/#breadcrumb"},"inLanguage":"es","potentialAction":[{"@type":"ReadAction","target":["https:\/\/www.oficinaempleo.com\/blog\/el-sepe-anuncia-1-548-vacantes-para-dependientes\/"]}]},{"@type":"ImageObject","inLanguage":"es","@id":"https:\/\/www.oficinaempleo.com\/blog\/el-sepe-anuncia-1-548-vacantes-para-dependientes\/#primaryimage","url":"https:\/\/www.oficinaempleo.com\/blog\/wp-content\/uploads\/2025\/09\/Destacada-Articulo-WP-y-NL-OE-7.jpg","contentUrl":"https:\/\/www.oficinaempleo.com\/blog\/wp-content\/uploads\/2025\/09\/Destacada-Articulo-WP-y-NL-OE-7.jpg","width":600,"height":310,"caption":"El SEPE anuncia 1.548 vacantes para dependientes ( Adobe Stock)"},{"@type":"BreadcrumbList","@id":"https:\/\/www.oficinaempleo.com\/blog\/el-sepe-anuncia-1-548-vacantes-para-dependientes\/#breadcrumb","itemListElement":[{"@type":"ListItem","position":1,"name":"Home","item":"https:\/\/www.oficinaempleo.com\/blog\/"},{"@type":"ListItem","position":2,"name":"El SEPE anuncia 1.548 vacantes para dependientes"}]},{"@type":"WebSite","@id":"https:\/\/www.oficinaempleo.com\/blog\/#website","url":"https:\/\/www.oficinaempleo.com\/blog\/","name":"Noticias y Consejos de Empleo | Blog OficinaEmpleo","description":"","publisher":{"@id":"https:\/\/www.oficinaempleo.com\/blog\/#organization"},"potentialAction":[{"@type":"SearchAction","target":{"@type":"EntryPoint","urlTemplate":"https:\/\/www.oficinaempleo.com\/blog\/?s={search_term_string}"},"query-input":{"@type":"PropertyValueSpecification","valueRequired":true,"valueName":"search_term_string"}}],"inLanguage":"es"},{"@type":"Organization","@id":"https:\/\/www.oficinaempleo.com\/blog\/#organization","name":"OficinaEmpleo","url":"https:\/\/www.oficinaempleo.com\/blog\/","logo":{"@type":"ImageObject","inLanguage":"es","@id":"https:\/\/www.oficinaempleo.com\/blog\/#\/schema\/logo\/image\/","url":"https:\/\/www.oficinaempleo.com\/blog\/wp-content\/uploads\/2018\/10\/logo_footer-1.jpg","contentUrl":"https:\/\/www.oficinaempleo.com\/blog\/wp-content\/uploads\/2018\/10\/logo_footer-1.jpg","width":478,"height":57,"caption":"OficinaEmpleo"},"image":{"@id":"https:\/\/www.oficinaempleo.com\/blog\/#\/schema\/logo\/image\/"},"sameAs":["https:\/\/x.com\/OficinaEmpleo"]},{"@type":"Person","@id":"https:\/\/www.oficinaempleo.com\/blog\/#\/schema\/person\/16c50a6d8c44d02b1fd44211d2b43dfb","name":"Oficina Empleo","image":{"@type":"ImageObject","inLanguage":"es","@id":"https:\/\/www.oficinaempleo.com\/blog\/#\/schema\/person\/image\/","url":"https:\/\/secure.gravatar.com\/avatar\/e33a1a9f888f42fceb505f6adf9539780cb28cbdfb337546d4bf4b5219070990?s=96&d=mm&r=g","contentUrl":"https:\/\/secure.gravatar.com\/avatar\/e33a1a9f888f42fceb505f6adf9539780cb28cbdfb337546d4bf4b5219070990?s=96&d=mm&r=g","caption":"Oficina Empleo"},"url":"https:\/\/www.oficinaempleo.com\/blog\/author\/contenidos\/"}]}},"_links":{"self":[{"href":"https:\/\/www.oficinaempleo.com\/blog\/wp-json\/wp\/v2\/posts\/37014","targetHints":{"allow":["GET"]}}],"collection":[{"href":"https:\/\/www.oficinaempleo.com\/blog\/wp-json\/wp\/v2\/posts"}],"about":[{"href":"https:\/\/www.oficinaempleo.com\/blog\/wp-json\/wp\/v2\/types\/post"}],"author":[{"embeddable":true,"href":"https:\/\/www.oficinaempleo.com\/blog\/wp-json\/wp\/v2\/users\/26"}],"replies":[{"embeddable":true,"href":"https:\/\/www.oficinaempleo.com\/blog\/wp-json\/wp\/v2\/comments?post=37014"}],"version-history":[{"count":2,"href":"https:\/\/www.oficinaempleo.com\/blog\/wp-json\/wp\/v2\/posts\/37014\/revisions"}],"predecessor-version":[{"id":37018,"href":"https:\/\/www.oficinaempleo.com\/blog\/wp-json\/wp\/v2\/posts\/37014\/revisions\/37018"}],"wp:featuredmedia":[{"embeddable":true,"href":"https:\/\/www.oficinaempleo.com\/blog\/wp-json\/wp\/v2\/media\/37016"}],"wp:attachment":[{"href":"https:\/\/www.oficinaempleo.com\/blog\/wp-json\/wp\/v2\/media?parent=37014"}],"wp:term":[{"taxonomy":"category","embeddable":true,"href":"https:\/\/www.oficinaempleo.com\/blog\/wp-json\/wp\/v2\/categories?post=37014"},{"taxonomy":"post_tag","embeddable":true,"href":"https:\/\/www.oficinaempleo.com\/blog\/wp-json\/wp\/v2\/tags?post=37014"}],"curies":[{"name":"wp","href":"https:\/\/api.w.org\/{rel}","templated":true}]}}