{"id":37041,"date":"2025-09-05T09:27:55","date_gmt":"2025-09-05T08:27:55","guid":{"rendered":"https:\/\/www.oficinaempleo.com\/blog\/?p=37041"},"modified":"2025-09-05T09:27:55","modified_gmt":"2025-09-05T08:27:55","slug":"clece-abre-nuevas-vacantes-para-personal-de-limpieza","status":"publish","type":"post","link":"https:\/\/www.oficinaempleo.com\/blog\/clece-abre-nuevas-vacantes-para-personal-de-limpieza\/","title":{"rendered":"Clece abre nuevas vacantes para personal de limpieza"},"content":{"rendered":"<div id=\"attachment_37044\" style=\"width: 600px\" class=\"wp-caption alignnone\"><a href=\"https:\/\/www.oficinaempleo.com\/blog\/wp-content\/uploads\/2025\/09\/Oe-articulo-cuerpo-11.jpg\"><img loading=\"lazy\" decoding=\"async\" aria-describedby=\"caption-attachment-37044\" class=\"size-full wp-image-37044\" src=\"https:\/\/www.oficinaempleo.com\/blog\/wp-content\/uploads\/2025\/09\/Oe-articulo-cuerpo-11.jpg\" alt=\"Clece abre nuevas vacantes para personal de limpieza (Adobe Stock)\" width=\"590\" height=\"315\" srcset=\"https:\/\/www.oficinaempleo.com\/blog\/wp-content\/uploads\/2025\/09\/Oe-articulo-cuerpo-11.jpg 590w, https:\/\/www.oficinaempleo.com\/blog\/wp-content\/uploads\/2025\/09\/Oe-articulo-cuerpo-11-300x160.jpg 300w\" sizes=\"auto, (max-width: 590px) 100vw, 590px\" \/><\/a><p id=\"caption-attachment-37044\" class=\"wp-caption-text\">Clece abre nuevas vacantes para personal de limpieza (Adobe Stock)<\/p><\/div>\n<p><span style=\"font-weight: 400;\">\u00bfTe gustar\u00eda formar parte de una de las empresas l\u00edderes en servicios en Espa\u00f1a, Portugal y Reino Unido? <\/span><b>Clece<\/b><span style=\"font-weight: 400;\"> cuenta con m\u00e1s de<\/span><b> 80.000 empleados <\/b><span style=\"font-weight: 400;\">y cada d\u00eda contribuye al bienestar de m\u00e1s de un mill\u00f3n de personas.<\/span><b> Ahora tienes la oportunidad de incorporarte a su equipo y desarrollar tu carrera profesional<\/b><span style=\"font-weight: 400;\"> en un entorno estable y con posibilidades de crecimiento.<\/span><\/p>\n<h2><span style=\"font-weight: 400;\">Perfil para personal de limpieza<\/span><\/h2>\n<p><span style=\"font-weight: 400;\">En<\/span><b> Clece<\/b><span style=\"font-weight: 400;\">, valoran la experiencia y el compromiso. Si tienes <\/span><b>experiencia previa en tareas de limpieza, especialmente en edificios, oficinas o zonas comunes,<\/b><span style=\"font-weight: 400;\"> puedes encajar perfectamente en nuestro equipo. Adem\u00e1s, si tienes conocimientos sobre <\/span><b>productos de limpieza<\/b><span style=\"font-weight: 400;\"> o el manejo de suministros, ser\u00e1 un punto a tu favor.<\/span><\/p>\n<p><span style=\"font-weight: 400;\">Tener el t\u00edtulo de <\/span><b>Educaci\u00f3n Secundaria Obligatoria (ESO)<\/b><span style=\"font-weight: 400;\"> o equivalente es valorado positivamente, aunque no es un requisito excluyente. <\/span><b>Lo que realmente importa es tu actitud y tus ganas de trabajar.<\/b><\/p>\n<h2><span style=\"font-weight: 400;\">Responsabilidades del puesto<\/span><\/h2>\n<p><span style=\"font-weight: 400;\">Las tareas a realizar est\u00e1n enfocadas en la <\/span><b>limpieza y mantenimiento de instalaciones<\/b><span style=\"font-weight: 400;\"> interiores, incluyendo:<\/span><\/p>\n<ul>\n<li style=\"font-weight: 400;\" aria-level=\"1\"><span style=\"font-weight: 400;\">Limpieza de suelos, paredes y techos.<\/span><\/li>\n<li style=\"font-weight: 400;\" aria-level=\"1\"><span style=\"font-weight: 400;\">Cuidado y desinfecci\u00f3n de mobiliario.<\/span><\/li>\n<li style=\"font-weight: 400;\" aria-level=\"1\"><span style=\"font-weight: 400;\">Uso de herramientas tradicionales como escobas, fregonas o trapeadores.<\/span><\/li>\n<li style=\"font-weight: 400;\" aria-level=\"1\"><span style=\"font-weight: 400;\">Manejo de equipos electromec\u00e1nicos sencillos cuando sea necesario.<\/span><\/li>\n<\/ul>\n<p><b>La atenci\u00f3n al detalle y la responsabilidad <\/b><span style=\"font-weight: 400;\">son cualidades esenciales para quien desee desempe\u00f1ar este puesto con \u00e9xito.<\/span><\/p>\n<h2><span style=\"font-weight: 400;\">Condiciones laborales y beneficios<\/span><\/h2>\n<p><span style=\"font-weight: 400;\">Clece se preocupa por el bienestar de su plantilla y ofrece condiciones adaptadas a diferentes necesidades. Para estas vacantes de <\/span><b>personal de limpieza<\/b><span style=\"font-weight: 400;\">, el horario es <\/span><b>de lunes a viernes,<\/b><span style=\"font-weight: 400;\">\u00a0ideal para quienes buscan compaginar otras actividades o responsabilidades personales.<\/span><\/p>\n<p><a href=\"https:\/\/www.oficinaempleo.com\/blog\/siete-cosas-que-hay-que-saber-sobre-los-contratos\/\"><b>El contrato es tempora<\/b><span style=\"font-weight: 400;\">l<\/span><\/a><span style=\"font-weight: 400;\">, lo que puede ser una buena opci\u00f3n para quienes <\/span><b>deseen adquirir experiencia<\/b><span style=\"font-weight: 400;\"> o buscan una oportunidad de empleo inmediato.<\/span><\/p>\n<p><span style=\"font-weight: 400;\">Adem\u00e1s, Clece fomenta la igualdad de oportunidades y apuesta por la diversidad en el entorno laboral. Se promueve la presencia equilibrada de mujeres y hombres en todos los puestos y se impulsa la inclusi\u00f3n de colectivos vulnerables, creando as\u00ed un ambiente de trabajo respetuoso y enriquecedor para todos.<\/span><\/p>\n<h2><span style=\"font-weight: 400;\">\u00bfPor qu\u00e9 trabajar en Clece?<\/span><\/h2>\n<p><span style=\"font-weight: 400;\">Clece es reconocida por valorar a sus empleados y apostar por el desarrollo profesional. Si buscas estabilidad, buen ambiente y posibilidades de crecimiento, Clece es una excelente elecci\u00f3n.<\/span><\/p>\n<p><span style=\"font-weight: 400;\">Adem\u00e1s de ofrecer empleo, <\/span><b>Clece est\u00e1 comprometida con la mejora de la calidad de vida de miles de personas.<\/b><span style=\"font-weight: 400;\"> Sus servicios abarcan desde la limpieza y mantenimiento hasta la atenci\u00f3n social, lo que la convierte en un pilar fundamental en la vida diaria de muchas comunidades.<\/span><\/p>\n<h2><span style=\"font-weight: 400;\">\u00bfC\u00f3mo formar parte del equipo?<\/span><\/h2>\n<p><span style=\"font-weight: 400;\">Si crees que este puesto para <\/span><b>personal de limpieza<\/b><span style=\"font-weight: 400;\"> encaja con lo que buscas y quieres trabajar en una empresa que apuesta por las personas, consulta las vacantes disponibles en <\/span><a href=\"https:\/\/canaldeempleo.es\/CLECE\/search\/?q=limpieza&amp;q2=&amp;alertId=&amp;locationsearch=&amp;title=&amp;location=&amp;date=&amp;department=\" target=\"_blank\" rel=\"noopener\"><b>la web oficial de Clece<\/b><\/a><span style=\"font-weight: 400;\">. All\u00ed podr\u00e1s encontrar<\/span><b> toda la informaci\u00f3n necesaria<\/b><span style=\"font-weight: 400;\"> para iniciar tu proceso de selecci\u00f3n y resolver cualquier duda que tengas sobre las condiciones o requisitos.<\/span><\/p>\n<p><span style=\"font-weight: 400;\">Si te identificas con estos valores y buscas una oportunidad profesional estable, Clece puede ser el lugar ideal para ti. <\/span><b>No importa si tienes mucha o poca experiencia;<\/b><span style=\"font-weight: 400;\"> lo que realmente cuenta<\/span><b> es tu actitud y tus ganas<\/b><span style=\"font-weight: 400;\"> de contribuir a un entorno m\u00e1s limpio y seguro para todos.<\/span><\/p>\n<p><span style=\"font-weight: 400;\"><div class=\"su-button-center\"><a href=\"https:\/\/jobs.oficinaempleo.com\/registro?origen=ORG-web&#038;utm_source=OE&#038;utm_medium=boton_registro&#038;utm_content=homepage&#038;utm_campaign=organic\" class=\"su-button su-button-style-flat\" style=\"color:#FFFFFF;background-color:#ec7d0c;border-color:#bd640a;border-radius:10px\" target=\"_self\"><span style=\"color:#FFFFFF;padding:8px 26px;font-size:20px;line-height:30px;border-color:#f2a455;border-radius:10px;text-shadow:none\"><i class=\"sui sui-arrow-circle-right\" style=\"font-size:20px;color:#FFFFFF\"><\/i> No te pierdas todos los empleos de limpieza<\/span><\/a><\/div><div class=\"su-spacer\" style=\"height:30px\"><\/div><\/span><\/p>\n","protected":false},"excerpt":{"rendered":"<p>\u00bfTe gustar\u00eda formar parte de una de las empresas l\u00edderes en servicios en Espa\u00f1a, Portugal y Reino Unido? Clece cuenta con m\u00e1s de 80.000 empleados y cada d\u00eda contribuye al bienestar de m\u00e1s de un mill\u00f3n de personas. Ahora tienes la oportunidad de incorporarte a su equipo y desarrollar tu carrera profesional en un entorno [&hellip;]<\/p>\n","protected":false},"author":26,"featured_media":37046,"comment_status":"open","ping_status":"open","sticky":false,"template":"","format":"standard","meta":{"footnotes":""},"categories":[6540,3,689,10],"tags":[],"class_list":["post-37041","post","type-post","status-publish","format-standard","has-post-thumbnail","hentry","category-empleo","category-noticias-empleo","category-ofertas-empleo-destacadas","category-primer-empleo","cat-6540-id","cat-3-id","cat-689-id","cat-10-id","has_thumb"],"yoast_head":"<!-- This site is optimized with the Yoast SEO plugin v27.1.1 - https:\/\/yoast.com\/product\/yoast-seo-wordpress\/ -->\n<title>Clece abre nuevas vacantes para personal de limpieza<\/title>\n<meta name=\"description\" content=\"Clece busca personal de limpieza en Espa\u00f1a. Oportunidad laboral con horario parcial, contrato temporal y opciones de crecimiento.\" \/>\n<meta name=\"robots\" content=\"index, follow, max-snippet:-1, max-image-preview:large, max-video-preview:-1\" \/>\n<link rel=\"canonical\" href=\"https:\/\/www.oficinaempleo.com\/blog\/clece-abre-nuevas-vacantes-para-personal-de-limpieza\/\" \/>\n<meta property=\"og:locale\" content=\"es_ES\" \/>\n<meta property=\"og:type\" content=\"article\" \/>\n<meta property=\"og:title\" content=\"Clece abre nuevas vacantes para personal de limpieza\" \/>\n<meta property=\"og:description\" content=\"Clece busca personal de limpieza en Espa\u00f1a. Oportunidad laboral con horario parcial, contrato temporal y opciones de crecimiento.\" \/>\n<meta property=\"og:url\" content=\"https:\/\/www.oficinaempleo.com\/blog\/clece-abre-nuevas-vacantes-para-personal-de-limpieza\/\" \/>\n<meta property=\"og:site_name\" content=\"Noticias y consejos de empleo | Blog OficinaEmpleo\" \/>\n<meta property=\"article:published_time\" content=\"2025-09-05T08:27:55+00:00\" \/>\n<meta property=\"og:image\" content=\"https:\/\/www.oficinaempleo.com\/blog\/wp-content\/uploads\/2025\/09\/Destacada-Articulo-WP-y-NL-OE-11.jpg\" \/>\n\t<meta property=\"og:image:width\" content=\"600\" \/>\n\t<meta property=\"og:image:height\" content=\"310\" \/>\n\t<meta property=\"og:image:type\" content=\"image\/jpeg\" \/>\n<meta name=\"author\" content=\"Oficina Empleo\" \/>\n<meta name=\"twitter:card\" content=\"summary_large_image\" \/>\n<meta name=\"twitter:creator\" content=\"@OficinaEmpleo\" \/>\n<meta name=\"twitter:site\" content=\"@OficinaEmpleo\" \/>\n<meta name=\"twitter:label1\" content=\"Written by\" \/>\n\t<meta name=\"twitter:data1\" content=\"Oficina Empleo\" \/>\n\t<meta name=\"twitter:label2\" content=\"Est. reading time\" \/>\n\t<meta name=\"twitter:data2\" content=\"3 minutos\" \/>\n<script type=\"application\/ld+json\" class=\"yoast-schema-graph\">{\"@context\":\"https:\/\/schema.org\",\"@graph\":[{\"@type\":\"Article\",\"@id\":\"https:\/\/www.oficinaempleo.com\/blog\/clece-abre-nuevas-vacantes-para-personal-de-limpieza\/#article\",\"isPartOf\":{\"@id\":\"https:\/\/www.oficinaempleo.com\/blog\/clece-abre-nuevas-vacantes-para-personal-de-limpieza\/\"},\"author\":{\"name\":\"Oficina Empleo\",\"@id\":\"https:\/\/www.oficinaempleo.com\/blog\/#\/schema\/person\/16c50a6d8c44d02b1fd44211d2b43dfb\"},\"headline\":\"Clece abre nuevas vacantes para personal de limpieza\",\"datePublished\":\"2025-09-05T08:27:55+00:00\",\"mainEntityOfPage\":{\"@id\":\"https:\/\/www.oficinaempleo.com\/blog\/clece-abre-nuevas-vacantes-para-personal-de-limpieza\/\"},\"wordCount\":605,\"commentCount\":0,\"publisher\":{\"@id\":\"https:\/\/www.oficinaempleo.com\/blog\/#organization\"},\"image\":{\"@id\":\"https:\/\/www.oficinaempleo.com\/blog\/clece-abre-nuevas-vacantes-para-personal-de-limpieza\/#primaryimage\"},\"thumbnailUrl\":\"https:\/\/www.oficinaempleo.com\/blog\/wp-content\/uploads\/2025\/09\/Destacada-Articulo-WP-y-NL-OE-11.jpg\",\"articleSection\":[\"empleo\",\"Noticias Empleo\",\"Ofertas destacadas\",\"Primer empleo\"],\"inLanguage\":\"es\",\"potentialAction\":[{\"@type\":\"CommentAction\",\"name\":\"Comment\",\"target\":[\"https:\/\/www.oficinaempleo.com\/blog\/clece-abre-nuevas-vacantes-para-personal-de-limpieza\/#respond\"]}]},{\"@type\":\"WebPage\",\"@id\":\"https:\/\/www.oficinaempleo.com\/blog\/clece-abre-nuevas-vacantes-para-personal-de-limpieza\/\",\"url\":\"https:\/\/www.oficinaempleo.com\/blog\/clece-abre-nuevas-vacantes-para-personal-de-limpieza\/\",\"name\":\"Clece abre nuevas vacantes para personal de limpieza\",\"isPartOf\":{\"@id\":\"https:\/\/www.oficinaempleo.com\/blog\/#website\"},\"primaryImageOfPage\":{\"@id\":\"https:\/\/www.oficinaempleo.com\/blog\/clece-abre-nuevas-vacantes-para-personal-de-limpieza\/#primaryimage\"},\"image\":{\"@id\":\"https:\/\/www.oficinaempleo.com\/blog\/clece-abre-nuevas-vacantes-para-personal-de-limpieza\/#primaryimage\"},\"thumbnailUrl\":\"https:\/\/www.oficinaempleo.com\/blog\/wp-content\/uploads\/2025\/09\/Destacada-Articulo-WP-y-NL-OE-11.jpg\",\"datePublished\":\"2025-09-05T08:27:55+00:00\",\"description\":\"Clece busca personal de limpieza en Espa\u00f1a. Oportunidad laboral con horario parcial, contrato temporal y opciones de crecimiento.\",\"breadcrumb\":{\"@id\":\"https:\/\/www.oficinaempleo.com\/blog\/clece-abre-nuevas-vacantes-para-personal-de-limpieza\/#breadcrumb\"},\"inLanguage\":\"es\",\"potentialAction\":[{\"@type\":\"ReadAction\",\"target\":[\"https:\/\/www.oficinaempleo.com\/blog\/clece-abre-nuevas-vacantes-para-personal-de-limpieza\/\"]}]},{\"@type\":\"ImageObject\",\"inLanguage\":\"es\",\"@id\":\"https:\/\/www.oficinaempleo.com\/blog\/clece-abre-nuevas-vacantes-para-personal-de-limpieza\/#primaryimage\",\"url\":\"https:\/\/www.oficinaempleo.com\/blog\/wp-content\/uploads\/2025\/09\/Destacada-Articulo-WP-y-NL-OE-11.jpg\",\"contentUrl\":\"https:\/\/www.oficinaempleo.com\/blog\/wp-content\/uploads\/2025\/09\/Destacada-Articulo-WP-y-NL-OE-11.jpg\",\"width\":600,\"height\":310,\"caption\":\"Clece abre nuevas vacantes para personal de limpieza (Adobe Stock)\"},{\"@type\":\"BreadcrumbList\",\"@id\":\"https:\/\/www.oficinaempleo.com\/blog\/clece-abre-nuevas-vacantes-para-personal-de-limpieza\/#breadcrumb\",\"itemListElement\":[{\"@type\":\"ListItem\",\"position\":1,\"name\":\"Home\",\"item\":\"https:\/\/www.oficinaempleo.com\/blog\/\"},{\"@type\":\"ListItem\",\"position\":2,\"name\":\"Clece abre nuevas vacantes para personal de limpieza\"}]},{\"@type\":\"WebSite\",\"@id\":\"https:\/\/www.oficinaempleo.com\/blog\/#website\",\"url\":\"https:\/\/www.oficinaempleo.com\/blog\/\",\"name\":\"Noticias y Consejos de Empleo | Blog OficinaEmpleo\",\"description\":\"\",\"publisher\":{\"@id\":\"https:\/\/www.oficinaempleo.com\/blog\/#organization\"},\"potentialAction\":[{\"@type\":\"SearchAction\",\"target\":{\"@type\":\"EntryPoint\",\"urlTemplate\":\"https:\/\/www.oficinaempleo.com\/blog\/?s={search_term_string}\"},\"query-input\":{\"@type\":\"PropertyValueSpecification\",\"valueRequired\":true,\"valueName\":\"search_term_string\"}}],\"inLanguage\":\"es\"},{\"@type\":\"Organization\",\"@id\":\"https:\/\/www.oficinaempleo.com\/blog\/#organization\",\"name\":\"OficinaEmpleo\",\"url\":\"https:\/\/www.oficinaempleo.com\/blog\/\",\"logo\":{\"@type\":\"ImageObject\",\"inLanguage\":\"es\",\"@id\":\"https:\/\/www.oficinaempleo.com\/blog\/#\/schema\/logo\/image\/\",\"url\":\"https:\/\/www.oficinaempleo.com\/blog\/wp-content\/uploads\/2018\/10\/logo_footer-1.jpg\",\"contentUrl\":\"https:\/\/www.oficinaempleo.com\/blog\/wp-content\/uploads\/2018\/10\/logo_footer-1.jpg\",\"width\":478,\"height\":57,\"caption\":\"OficinaEmpleo\"},\"image\":{\"@id\":\"https:\/\/www.oficinaempleo.com\/blog\/#\/schema\/logo\/image\/\"},\"sameAs\":[\"https:\/\/x.com\/OficinaEmpleo\"]},{\"@type\":\"Person\",\"@id\":\"https:\/\/www.oficinaempleo.com\/blog\/#\/schema\/person\/16c50a6d8c44d02b1fd44211d2b43dfb\",\"name\":\"Oficina Empleo\",\"image\":{\"@type\":\"ImageObject\",\"inLanguage\":\"es\",\"@id\":\"https:\/\/www.oficinaempleo.com\/blog\/#\/schema\/person\/image\/\",\"url\":\"https:\/\/secure.gravatar.com\/avatar\/e33a1a9f888f42fceb505f6adf9539780cb28cbdfb337546d4bf4b5219070990?s=96&d=mm&r=g\",\"contentUrl\":\"https:\/\/secure.gravatar.com\/avatar\/e33a1a9f888f42fceb505f6adf9539780cb28cbdfb337546d4bf4b5219070990?s=96&d=mm&r=g\",\"caption\":\"Oficina Empleo\"},\"url\":\"https:\/\/www.oficinaempleo.com\/blog\/author\/contenidos\/\"}]}<\/script>\n<!-- \/ Yoast SEO plugin. -->","yoast_head_json":{"title":"Clece abre nuevas vacantes para personal de limpieza","description":"Clece busca personal de limpieza en Espa\u00f1a. Oportunidad laboral con horario parcial, contrato temporal y opciones de crecimiento.","robots":{"index":"index","follow":"follow","max-snippet":"max-snippet:-1","max-image-preview":"max-image-preview:large","max-video-preview":"max-video-preview:-1"},"canonical":"https:\/\/www.oficinaempleo.com\/blog\/clece-abre-nuevas-vacantes-para-personal-de-limpieza\/","og_locale":"es_ES","og_type":"article","og_title":"Clece abre nuevas vacantes para personal de limpieza","og_description":"Clece busca personal de limpieza en Espa\u00f1a. Oportunidad laboral con horario parcial, contrato temporal y opciones de crecimiento.","og_url":"https:\/\/www.oficinaempleo.com\/blog\/clece-abre-nuevas-vacantes-para-personal-de-limpieza\/","og_site_name":"Noticias y consejos de empleo | Blog OficinaEmpleo","article_published_time":"2025-09-05T08:27:55+00:00","og_image":[{"width":600,"height":310,"url":"https:\/\/www.oficinaempleo.com\/blog\/wp-content\/uploads\/2025\/09\/Destacada-Articulo-WP-y-NL-OE-11.jpg","type":"image\/jpeg"}],"author":"Oficina Empleo","twitter_card":"summary_large_image","twitter_creator":"@OficinaEmpleo","twitter_site":"@OficinaEmpleo","twitter_misc":{"Written by":"Oficina Empleo","Est. reading time":"3 minutos"},"schema":{"@context":"https:\/\/schema.org","@graph":[{"@type":"Article","@id":"https:\/\/www.oficinaempleo.com\/blog\/clece-abre-nuevas-vacantes-para-personal-de-limpieza\/#article","isPartOf":{"@id":"https:\/\/www.oficinaempleo.com\/blog\/clece-abre-nuevas-vacantes-para-personal-de-limpieza\/"},"author":{"name":"Oficina Empleo","@id":"https:\/\/www.oficinaempleo.com\/blog\/#\/schema\/person\/16c50a6d8c44d02b1fd44211d2b43dfb"},"headline":"Clece abre nuevas vacantes para personal de limpieza","datePublished":"2025-09-05T08:27:55+00:00","mainEntityOfPage":{"@id":"https:\/\/www.oficinaempleo.com\/blog\/clece-abre-nuevas-vacantes-para-personal-de-limpieza\/"},"wordCount":605,"commentCount":0,"publisher":{"@id":"https:\/\/www.oficinaempleo.com\/blog\/#organization"},"image":{"@id":"https:\/\/www.oficinaempleo.com\/blog\/clece-abre-nuevas-vacantes-para-personal-de-limpieza\/#primaryimage"},"thumbnailUrl":"https:\/\/www.oficinaempleo.com\/blog\/wp-content\/uploads\/2025\/09\/Destacada-Articulo-WP-y-NL-OE-11.jpg","articleSection":["empleo","Noticias Empleo","Ofertas destacadas","Primer empleo"],"inLanguage":"es","potentialAction":[{"@type":"CommentAction","name":"Comment","target":["https:\/\/www.oficinaempleo.com\/blog\/clece-abre-nuevas-vacantes-para-personal-de-limpieza\/#respond"]}]},{"@type":"WebPage","@id":"https:\/\/www.oficinaempleo.com\/blog\/clece-abre-nuevas-vacantes-para-personal-de-limpieza\/","url":"https:\/\/www.oficinaempleo.com\/blog\/clece-abre-nuevas-vacantes-para-personal-de-limpieza\/","name":"Clece abre nuevas vacantes para personal de limpieza","isPartOf":{"@id":"https:\/\/www.oficinaempleo.com\/blog\/#website"},"primaryImageOfPage":{"@id":"https:\/\/www.oficinaempleo.com\/blog\/clece-abre-nuevas-vacantes-para-personal-de-limpieza\/#primaryimage"},"image":{"@id":"https:\/\/www.oficinaempleo.com\/blog\/clece-abre-nuevas-vacantes-para-personal-de-limpieza\/#primaryimage"},"thumbnailUrl":"https:\/\/www.oficinaempleo.com\/blog\/wp-content\/uploads\/2025\/09\/Destacada-Articulo-WP-y-NL-OE-11.jpg","datePublished":"2025-09-05T08:27:55+00:00","description":"Clece busca personal de limpieza en Espa\u00f1a. Oportunidad laboral con horario parcial, contrato temporal y opciones de crecimiento.","breadcrumb":{"@id":"https:\/\/www.oficinaempleo.com\/blog\/clece-abre-nuevas-vacantes-para-personal-de-limpieza\/#breadcrumb"},"inLanguage":"es","potentialAction":[{"@type":"ReadAction","target":["https:\/\/www.oficinaempleo.com\/blog\/clece-abre-nuevas-vacantes-para-personal-de-limpieza\/"]}]},{"@type":"ImageObject","inLanguage":"es","@id":"https:\/\/www.oficinaempleo.com\/blog\/clece-abre-nuevas-vacantes-para-personal-de-limpieza\/#primaryimage","url":"https:\/\/www.oficinaempleo.com\/blog\/wp-content\/uploads\/2025\/09\/Destacada-Articulo-WP-y-NL-OE-11.jpg","contentUrl":"https:\/\/www.oficinaempleo.com\/blog\/wp-content\/uploads\/2025\/09\/Destacada-Articulo-WP-y-NL-OE-11.jpg","width":600,"height":310,"caption":"Clece abre nuevas vacantes para personal de limpieza (Adobe Stock)"},{"@type":"BreadcrumbList","@id":"https:\/\/www.oficinaempleo.com\/blog\/clece-abre-nuevas-vacantes-para-personal-de-limpieza\/#breadcrumb","itemListElement":[{"@type":"ListItem","position":1,"name":"Home","item":"https:\/\/www.oficinaempleo.com\/blog\/"},{"@type":"ListItem","position":2,"name":"Clece abre nuevas vacantes para personal de limpieza"}]},{"@type":"WebSite","@id":"https:\/\/www.oficinaempleo.com\/blog\/#website","url":"https:\/\/www.oficinaempleo.com\/blog\/","name":"Noticias y Consejos de Empleo | Blog OficinaEmpleo","description":"","publisher":{"@id":"https:\/\/www.oficinaempleo.com\/blog\/#organization"},"potentialAction":[{"@type":"SearchAction","target":{"@type":"EntryPoint","urlTemplate":"https:\/\/www.oficinaempleo.com\/blog\/?s={search_term_string}"},"query-input":{"@type":"PropertyValueSpecification","valueRequired":true,"valueName":"search_term_string"}}],"inLanguage":"es"},{"@type":"Organization","@id":"https:\/\/www.oficinaempleo.com\/blog\/#organization","name":"OficinaEmpleo","url":"https:\/\/www.oficinaempleo.com\/blog\/","logo":{"@type":"ImageObject","inLanguage":"es","@id":"https:\/\/www.oficinaempleo.com\/blog\/#\/schema\/logo\/image\/","url":"https:\/\/www.oficinaempleo.com\/blog\/wp-content\/uploads\/2018\/10\/logo_footer-1.jpg","contentUrl":"https:\/\/www.oficinaempleo.com\/blog\/wp-content\/uploads\/2018\/10\/logo_footer-1.jpg","width":478,"height":57,"caption":"OficinaEmpleo"},"image":{"@id":"https:\/\/www.oficinaempleo.com\/blog\/#\/schema\/logo\/image\/"},"sameAs":["https:\/\/x.com\/OficinaEmpleo"]},{"@type":"Person","@id":"https:\/\/www.oficinaempleo.com\/blog\/#\/schema\/person\/16c50a6d8c44d02b1fd44211d2b43dfb","name":"Oficina Empleo","image":{"@type":"ImageObject","inLanguage":"es","@id":"https:\/\/www.oficinaempleo.com\/blog\/#\/schema\/person\/image\/","url":"https:\/\/secure.gravatar.com\/avatar\/e33a1a9f888f42fceb505f6adf9539780cb28cbdfb337546d4bf4b5219070990?s=96&d=mm&r=g","contentUrl":"https:\/\/secure.gravatar.com\/avatar\/e33a1a9f888f42fceb505f6adf9539780cb28cbdfb337546d4bf4b5219070990?s=96&d=mm&r=g","caption":"Oficina Empleo"},"url":"https:\/\/www.oficinaempleo.com\/blog\/author\/contenidos\/"}]}},"_links":{"self":[{"href":"https:\/\/www.oficinaempleo.com\/blog\/wp-json\/wp\/v2\/posts\/37041","targetHints":{"allow":["GET"]}}],"collection":[{"href":"https:\/\/www.oficinaempleo.com\/blog\/wp-json\/wp\/v2\/posts"}],"about":[{"href":"https:\/\/www.oficinaempleo.com\/blog\/wp-json\/wp\/v2\/types\/post"}],"author":[{"embeddable":true,"href":"https:\/\/www.oficinaempleo.com\/blog\/wp-json\/wp\/v2\/users\/26"}],"replies":[{"embeddable":true,"href":"https:\/\/www.oficinaempleo.com\/blog\/wp-json\/wp\/v2\/comments?post=37041"}],"version-history":[{"count":4,"href":"https:\/\/www.oficinaempleo.com\/blog\/wp-json\/wp\/v2\/posts\/37041\/revisions"}],"predecessor-version":[{"id":37490,"href":"https:\/\/www.oficinaempleo.com\/blog\/wp-json\/wp\/v2\/posts\/37041\/revisions\/37490"}],"wp:featuredmedia":[{"embeddable":true,"href":"https:\/\/www.oficinaempleo.com\/blog\/wp-json\/wp\/v2\/media\/37046"}],"wp:attachment":[{"href":"https:\/\/www.oficinaempleo.com\/blog\/wp-json\/wp\/v2\/media?parent=37041"}],"wp:term":[{"taxonomy":"category","embeddable":true,"href":"https:\/\/www.oficinaempleo.com\/blog\/wp-json\/wp\/v2\/categories?post=37041"},{"taxonomy":"post_tag","embeddable":true,"href":"https:\/\/www.oficinaempleo.com\/blog\/wp-json\/wp\/v2\/tags?post=37041"}],"curies":[{"name":"wp","href":"https:\/\/api.w.org\/{rel}","templated":true}]}}