{"id":37062,"date":"2025-09-11T09:17:38","date_gmt":"2025-09-11T08:17:38","guid":{"rendered":"https:\/\/www.oficinaempleo.com\/blog\/?p=37062"},"modified":"2025-09-11T09:17:38","modified_gmt":"2025-09-11T08:17:38","slug":"ilunion-busca-personal-para-sus-lavanderias","status":"publish","type":"post","link":"https:\/\/www.oficinaempleo.com\/blog\/ilunion-busca-personal-para-sus-lavanderias\/","title":{"rendered":"Ilunion busca personal para sus lavander\u00edas"},"content":{"rendered":"<div id=\"attachment_37064\" style=\"width: 600px\" class=\"wp-caption alignnone\"><a href=\"https:\/\/www.oficinaempleo.com\/blog\/wp-content\/uploads\/2025\/09\/Oe-articulo-cuerpo-15.jpg\"><img loading=\"lazy\" decoding=\"async\" aria-describedby=\"caption-attachment-37064\" class=\"size-full wp-image-37064\" src=\"https:\/\/www.oficinaempleo.com\/blog\/wp-content\/uploads\/2025\/09\/Oe-articulo-cuerpo-15.jpg\" alt=\"Ilunion busca personal para sus lavander\u00edas (Adobe Stock)\" width=\"590\" height=\"315\" srcset=\"https:\/\/www.oficinaempleo.com\/blog\/wp-content\/uploads\/2025\/09\/Oe-articulo-cuerpo-15.jpg 590w, https:\/\/www.oficinaempleo.com\/blog\/wp-content\/uploads\/2025\/09\/Oe-articulo-cuerpo-15-300x160.jpg 300w\" sizes=\"auto, (max-width: 590px) 100vw, 590px\" \/><\/a><p id=\"caption-attachment-37064\" class=\"wp-caption-text\">Ilunion busca personal para sus lavander\u00edas (Adobe Stock)<\/p><\/div>\n<p><span style=\"font-weight: 400;\">\u00bfTe imaginas formando parte de una empresa comprometida con el bienestar de las personas y el cuidado del planeta? En <strong>Ilunion<\/strong> <\/span><span style=\"font-weight: 400;\">no solo gestionamos textiles, sino que tambi\u00e9n crean un entorno donde cada <\/span><b>persona puede dejar su huella y crecer profesionalmente<\/b><span style=\"font-weight: 400;\">. Con presencia en <\/span><b>Espa\u00f1a, Portugal y Colombia,<\/b><span style=\"font-weight: 400;\"> y un equipo de m\u00e1s de <\/span><b>6.800 personas,<\/b><span style=\"font-weight: 400;\"> son l\u00edderes en el sector de la <\/span><b>lavander\u00eda industrial<\/b><span style=\"font-weight: 400;\"> especializada en servicios para <\/span><b>hospitales, hoteles y uniformidad laboral.<\/b><\/p>\n<h2><span style=\"font-weight: 400;\">Oportunidades laborales en diferentes ciudades<\/span><\/h2>\n<p><span style=\"font-weight: 400;\">Actualmente, <strong>Ilunion<\/strong> <\/span><span style=\"font-weight: 400;\">cuenta con vacantes en sus lavander\u00edas de varias ciudades espa\u00f1olas. Los perfiles m\u00e1s demandados incluyen: <\/span><b>operarios de lavado, gestores textiles, conductores, personal de limpieza.<\/b><\/p>\n<p><span style=\"font-weight: 400;\">Adem\u00e1s, existen diferentes opciones adaptadas para<\/span><b> personas con discapacidad, <\/b><span style=\"font-weight: 400;\">fomentando un entorno verdaderamente inclusivo.<\/span><\/p>\n<h2><span style=\"font-weight: 400;\">\u00bfQu\u00e9 tareas realizar\u00e1s en Ilunion?<\/span><\/h2>\n<p><span style=\"font-weight: 400;\">Las funciones a desempe\u00f1ar pueden <\/span><b>variar seg\u00fan el puesto<\/b><span style=\"font-weight: 400;\">, pero en general, las responsabilidades principales incluyen:<\/span><\/p>\n<ul>\n<li style=\"font-weight: 400;\" aria-level=\"1\"><span style=\"font-weight: 400;\">Recepci\u00f3n y clasificaci\u00f3n de ropa sucia por cliente, garantizando una correcta organizaci\u00f3n.<\/span><\/li>\n<li style=\"font-weight: 400;\" aria-level=\"1\"><span style=\"font-weight: 400;\">Carga y descarga de lavadoras industriales y t\u00faneles de lavado, ajustando los programas seg\u00fan el tipo de prenda y servicio.<\/span><\/li>\n<li style=\"font-weight: 400;\" aria-level=\"1\"><span style=\"font-weight: 400;\">Procesamiento y gesti\u00f3n de ropa hospitalaria y hotelera para lograr el mejor servicio posible.<\/span><\/li>\n<li style=\"font-weight: 400;\" aria-level=\"1\"><span style=\"font-weight: 400;\">Limpieza de suelos, paredes, techos y cristales para mantener los espacios en condiciones \u00f3ptimas.<\/span><\/li>\n<\/ul>\n<p><span style=\"font-weight: 400;\">El <\/span><a href=\"https:\/\/www.oficinaempleo.com\/blog\/razones-por-las-que-no-cambiar-de-trabajo\/\"><b>trabajo<\/b><\/a><span style=\"font-weight: 400;\"> en estos puestos requiere atenci\u00f3n al detalle y <\/span><b>capacidad para trabajar en equipo<\/b><span style=\"font-weight: 400;\">, ya que el objetivo es garantizar que cada cliente reciba un servicio impecable.<\/span><\/p>\n<h2><span style=\"font-weight: 400;\">Requisitos para las vacantes\u00a0<\/span><\/h2>\n<p><span style=\"font-weight: 400;\">En <strong>Ilunion<\/strong><\/span><span style=\"font-weight: 400;\">, m\u00e1s que la experiencia previa, nos importa la actitud y las ganas de aprender. Buscamos personas con:<\/span><\/p>\n<ul>\n<li style=\"font-weight: 400;\" aria-level=\"1\"><b>Inter\u00e9s en desarrollarse<\/b><span style=\"font-weight: 400;\"> dentro del sector y aprender nuevas tareas.<\/span><\/li>\n<li style=\"font-weight: 400;\" aria-level=\"1\"><b>Compromiso y predisposici\u00f3n<\/b><span style=\"font-weight: 400;\"> para colaborar en equipo.<\/span><\/li>\n<li style=\"font-weight: 400;\" aria-level=\"1\"><b>Flexibilidad y capacidad de adaptaci\u00f3n<\/b><span style=\"font-weight: 400;\"> a un entorno din\u00e1mico, donde gran parte de la jornada se realiza de pie.<\/span><\/li>\n<li style=\"font-weight: 400;\" aria-level=\"1\"><b>Fuerza para manejar cargas<\/b><span style=\"font-weight: 400;\"> y realizar movimientos repetitivos.<\/span><\/li>\n<li style=\"font-weight: 400;\" aria-level=\"1\"><span style=\"font-weight: 400;\">Se valora disponer de <\/span><b>carnet de conducir tipo B <\/b><span style=\"font-weight: 400;\">y veh\u00edculo propio.<\/span><\/li>\n<\/ul>\n<h2><span style=\"font-weight: 400;\">Beneficios de formar parte de ILUNION\u00a0<\/span><\/h2>\n<p><span style=\"font-weight: 400;\">Entrar a formar parte del equipo <strong>Ilunion<\/strong> significa acceder a una serie de ventajas que enriquecer\u00e1n tu experiencia laboral, entre ellas un <\/span><b>ambiente inclusivo y diverso, <\/b><span style=\"font-weight: 400;\">oportunidades de desarrollo profesional, un equipo comprometido, un <\/span><b>programa de Ayuda al Empleado<\/b><span style=\"font-weight: 400;\"> y beneficios sociales desde el primer a\u00f1o.<\/span><\/p>\n<h2><span style=\"font-weight: 400;\">\u00bfC\u00f3mo encontrar las vacantes disponibles?<\/span><\/h2>\n<p><span style=\"font-weight: 400;\">Si crees que puedes encajar en <strong>Ilunion<\/strong> y quieres conocer los puestos abiertos, solo tienes que acceder a la p\u00e1gina de <\/span><a href=\"https:\/\/www.infojobs.net\/jobsearch\/search-results\/list.xhtml?keyword=Ilunion&amp;searchByType=country&amp;segmentId=&amp;page=1&amp;sortBy=RELEVANCE&amp;onlyForeignCountry=false&amp;countryIds=17&amp;sinceDate=_7_DAYS\" target=\"_blank\" rel=\"noopener\"><b>InfoJobs<\/b><\/a><b>.<\/b><span style=\"font-weight: 400;\"> All\u00ed encontrar\u00e1s todas las oportunidades que tenemos actualmente para diferentes ciudades y perfiles. Es un proceso sencillo y r\u00e1pido para consultar las vacantes e indicar tu inter\u00e9s en sumarte a nuestro equipo.<\/span><\/p>\n<p><span style=\"font-weight: 400;\">Si buscas un trabajo estable, en un ambiente donde <\/span><b>se valore tu esfuerzo y dedicaci\u00f3n,<\/b><span style=\"font-weight: 400;\"> y con posibilidades de desarrollarte, <strong>Ilunion<\/strong> puede ser tu pr\u00f3ximo destino laboral. \u00a1No dejes pasar la oportunidad!<\/span><\/p>\n<p><span style=\"font-weight: 400;\"><div class=\"su-button-center\"><a href=\"https:\/\/jobs.oficinaempleo.com\/registro?origen=ORG-web&#038;utm_source=OE&#038;utm_medium=boton_registro&#038;utm_content=homepage&#038;utm_campaign=organic\" class=\"su-button su-button-style-flat\" style=\"color:#FFFFFF;background-color:#ec7d0c;border-color:#bd640a;border-radius:10px\" target=\"_self\"><span style=\"color:#FFFFFF;padding:8px 26px;font-size:20px;line-height:30px;border-color:#f2a455;border-radius:10px;text-shadow:none\"><i class=\"sui sui-arrow-circle-right\" style=\"font-size:20px;color:#FFFFFF\"><\/i> No te pierdas todos los empleos de limpieza<\/span><\/a><\/div><div class=\"su-spacer\" style=\"height:30px\"><\/div><\/span><\/p>\n","protected":false},"excerpt":{"rendered":"<p>\u00bfTe imaginas formando parte de una empresa comprometida con el bienestar de las personas y el cuidado del planeta? En Ilunion no solo gestionamos textiles, sino que tambi\u00e9n crean un entorno donde cada persona puede dejar su huella y crecer profesionalmente. Con presencia en Espa\u00f1a, Portugal y Colombia, y un equipo de m\u00e1s de 6.800 [&hellip;]<\/p>\n","protected":false},"author":26,"featured_media":37063,"comment_status":"open","ping_status":"open","sticky":false,"template":"","format":"standard","meta":{"footnotes":""},"categories":[691,6540,3,689,10],"tags":[],"class_list":["post-37062","post","type-post","status-publish","format-standard","has-post-thumbnail","hentry","category-actualidad-empleo","category-empleo","category-noticias-empleo","category-ofertas-empleo-destacadas","category-primer-empleo","cat-691-id","cat-6540-id","cat-3-id","cat-689-id","cat-10-id","has_thumb"],"yoast_head":"<!-- This site is optimized with the Yoast SEO plugin v27.1.1 - https:\/\/yoast.com\/product\/yoast-seo-wordpress\/ -->\n<title>Ilunion busca personal para sus lavander\u00edas<\/title>\n<meta name=\"description\" content=\"ILUNION busca personal para sus lavander\u00edas en Espa\u00f1a. Ambiente inclusivo, desarrollo profesional y beneficios desde el primer a\u00f1o.\" \/>\n<meta name=\"robots\" content=\"index, follow, max-snippet:-1, max-image-preview:large, max-video-preview:-1\" \/>\n<link rel=\"canonical\" href=\"https:\/\/www.oficinaempleo.com\/blog\/ilunion-busca-personal-para-sus-lavanderias\/\" \/>\n<meta property=\"og:locale\" content=\"es_ES\" \/>\n<meta property=\"og:type\" content=\"article\" \/>\n<meta property=\"og:title\" content=\"Ilunion busca personal para sus lavander\u00edas\" \/>\n<meta property=\"og:description\" content=\"ILUNION busca personal para sus lavander\u00edas en Espa\u00f1a. Ambiente inclusivo, desarrollo profesional y beneficios desde el primer a\u00f1o.\" \/>\n<meta property=\"og:url\" content=\"https:\/\/www.oficinaempleo.com\/blog\/ilunion-busca-personal-para-sus-lavanderias\/\" \/>\n<meta property=\"og:site_name\" content=\"Noticias y consejos de empleo | Blog OficinaEmpleo\" \/>\n<meta property=\"article:published_time\" content=\"2025-09-11T08:17:38+00:00\" \/>\n<meta property=\"og:image\" content=\"https:\/\/www.oficinaempleo.com\/blog\/wp-content\/uploads\/2025\/09\/Destacada-Articulo-WP-y-NL-OE-15.jpg\" \/>\n\t<meta property=\"og:image:width\" content=\"600\" \/>\n\t<meta property=\"og:image:height\" content=\"310\" \/>\n\t<meta property=\"og:image:type\" content=\"image\/jpeg\" \/>\n<meta name=\"author\" content=\"Oficina Empleo\" \/>\n<meta name=\"twitter:card\" content=\"summary_large_image\" \/>\n<meta name=\"twitter:creator\" content=\"@OficinaEmpleo\" \/>\n<meta name=\"twitter:site\" content=\"@OficinaEmpleo\" \/>\n<meta name=\"twitter:label1\" content=\"Written by\" \/>\n\t<meta name=\"twitter:data1\" content=\"Oficina Empleo\" \/>\n\t<meta name=\"twitter:label2\" content=\"Est. reading time\" \/>\n\t<meta name=\"twitter:data2\" content=\"3 minutos\" \/>\n<script type=\"application\/ld+json\" class=\"yoast-schema-graph\">{\"@context\":\"https:\/\/schema.org\",\"@graph\":[{\"@type\":\"Article\",\"@id\":\"https:\/\/www.oficinaempleo.com\/blog\/ilunion-busca-personal-para-sus-lavanderias\/#article\",\"isPartOf\":{\"@id\":\"https:\/\/www.oficinaempleo.com\/blog\/ilunion-busca-personal-para-sus-lavanderias\/\"},\"author\":{\"name\":\"Oficina Empleo\",\"@id\":\"https:\/\/www.oficinaempleo.com\/blog\/#\/schema\/person\/16c50a6d8c44d02b1fd44211d2b43dfb\"},\"headline\":\"Ilunion busca personal para sus lavander\u00edas\",\"datePublished\":\"2025-09-11T08:17:38+00:00\",\"mainEntityOfPage\":{\"@id\":\"https:\/\/www.oficinaempleo.com\/blog\/ilunion-busca-personal-para-sus-lavanderias\/\"},\"wordCount\":544,\"commentCount\":0,\"publisher\":{\"@id\":\"https:\/\/www.oficinaempleo.com\/blog\/#organization\"},\"image\":{\"@id\":\"https:\/\/www.oficinaempleo.com\/blog\/ilunion-busca-personal-para-sus-lavanderias\/#primaryimage\"},\"thumbnailUrl\":\"https:\/\/www.oficinaempleo.com\/blog\/wp-content\/uploads\/2025\/09\/Destacada-Articulo-WP-y-NL-OE-15.jpg\",\"articleSection\":[\"Actualidad\",\"empleo\",\"Noticias Empleo\",\"Ofertas destacadas\",\"Primer empleo\"],\"inLanguage\":\"es\",\"potentialAction\":[{\"@type\":\"CommentAction\",\"name\":\"Comment\",\"target\":[\"https:\/\/www.oficinaempleo.com\/blog\/ilunion-busca-personal-para-sus-lavanderias\/#respond\"]}]},{\"@type\":\"WebPage\",\"@id\":\"https:\/\/www.oficinaempleo.com\/blog\/ilunion-busca-personal-para-sus-lavanderias\/\",\"url\":\"https:\/\/www.oficinaempleo.com\/blog\/ilunion-busca-personal-para-sus-lavanderias\/\",\"name\":\"Ilunion busca personal para sus lavander\u00edas\",\"isPartOf\":{\"@id\":\"https:\/\/www.oficinaempleo.com\/blog\/#website\"},\"primaryImageOfPage\":{\"@id\":\"https:\/\/www.oficinaempleo.com\/blog\/ilunion-busca-personal-para-sus-lavanderias\/#primaryimage\"},\"image\":{\"@id\":\"https:\/\/www.oficinaempleo.com\/blog\/ilunion-busca-personal-para-sus-lavanderias\/#primaryimage\"},\"thumbnailUrl\":\"https:\/\/www.oficinaempleo.com\/blog\/wp-content\/uploads\/2025\/09\/Destacada-Articulo-WP-y-NL-OE-15.jpg\",\"datePublished\":\"2025-09-11T08:17:38+00:00\",\"description\":\"ILUNION busca personal para sus lavander\u00edas en Espa\u00f1a. Ambiente inclusivo, desarrollo profesional y beneficios desde el primer a\u00f1o.\",\"breadcrumb\":{\"@id\":\"https:\/\/www.oficinaempleo.com\/blog\/ilunion-busca-personal-para-sus-lavanderias\/#breadcrumb\"},\"inLanguage\":\"es\",\"potentialAction\":[{\"@type\":\"ReadAction\",\"target\":[\"https:\/\/www.oficinaempleo.com\/blog\/ilunion-busca-personal-para-sus-lavanderias\/\"]}]},{\"@type\":\"ImageObject\",\"inLanguage\":\"es\",\"@id\":\"https:\/\/www.oficinaempleo.com\/blog\/ilunion-busca-personal-para-sus-lavanderias\/#primaryimage\",\"url\":\"https:\/\/www.oficinaempleo.com\/blog\/wp-content\/uploads\/2025\/09\/Destacada-Articulo-WP-y-NL-OE-15.jpg\",\"contentUrl\":\"https:\/\/www.oficinaempleo.com\/blog\/wp-content\/uploads\/2025\/09\/Destacada-Articulo-WP-y-NL-OE-15.jpg\",\"width\":600,\"height\":310,\"caption\":\"Ilunion busca personal para sus lavander\u00edas (Adobe Stock)\"},{\"@type\":\"BreadcrumbList\",\"@id\":\"https:\/\/www.oficinaempleo.com\/blog\/ilunion-busca-personal-para-sus-lavanderias\/#breadcrumb\",\"itemListElement\":[{\"@type\":\"ListItem\",\"position\":1,\"name\":\"Home\",\"item\":\"https:\/\/www.oficinaempleo.com\/blog\/\"},{\"@type\":\"ListItem\",\"position\":2,\"name\":\"Ilunion busca personal para sus lavander\u00edas\"}]},{\"@type\":\"WebSite\",\"@id\":\"https:\/\/www.oficinaempleo.com\/blog\/#website\",\"url\":\"https:\/\/www.oficinaempleo.com\/blog\/\",\"name\":\"Noticias y Consejos de Empleo | Blog OficinaEmpleo\",\"description\":\"\",\"publisher\":{\"@id\":\"https:\/\/www.oficinaempleo.com\/blog\/#organization\"},\"potentialAction\":[{\"@type\":\"SearchAction\",\"target\":{\"@type\":\"EntryPoint\",\"urlTemplate\":\"https:\/\/www.oficinaempleo.com\/blog\/?s={search_term_string}\"},\"query-input\":{\"@type\":\"PropertyValueSpecification\",\"valueRequired\":true,\"valueName\":\"search_term_string\"}}],\"inLanguage\":\"es\"},{\"@type\":\"Organization\",\"@id\":\"https:\/\/www.oficinaempleo.com\/blog\/#organization\",\"name\":\"OficinaEmpleo\",\"url\":\"https:\/\/www.oficinaempleo.com\/blog\/\",\"logo\":{\"@type\":\"ImageObject\",\"inLanguage\":\"es\",\"@id\":\"https:\/\/www.oficinaempleo.com\/blog\/#\/schema\/logo\/image\/\",\"url\":\"https:\/\/www.oficinaempleo.com\/blog\/wp-content\/uploads\/2018\/10\/logo_footer-1.jpg\",\"contentUrl\":\"https:\/\/www.oficinaempleo.com\/blog\/wp-content\/uploads\/2018\/10\/logo_footer-1.jpg\",\"width\":478,\"height\":57,\"caption\":\"OficinaEmpleo\"},\"image\":{\"@id\":\"https:\/\/www.oficinaempleo.com\/blog\/#\/schema\/logo\/image\/\"},\"sameAs\":[\"https:\/\/x.com\/OficinaEmpleo\"]},{\"@type\":\"Person\",\"@id\":\"https:\/\/www.oficinaempleo.com\/blog\/#\/schema\/person\/16c50a6d8c44d02b1fd44211d2b43dfb\",\"name\":\"Oficina Empleo\",\"image\":{\"@type\":\"ImageObject\",\"inLanguage\":\"es\",\"@id\":\"https:\/\/www.oficinaempleo.com\/blog\/#\/schema\/person\/image\/\",\"url\":\"https:\/\/secure.gravatar.com\/avatar\/e33a1a9f888f42fceb505f6adf9539780cb28cbdfb337546d4bf4b5219070990?s=96&d=mm&r=g\",\"contentUrl\":\"https:\/\/secure.gravatar.com\/avatar\/e33a1a9f888f42fceb505f6adf9539780cb28cbdfb337546d4bf4b5219070990?s=96&d=mm&r=g\",\"caption\":\"Oficina Empleo\"},\"url\":\"https:\/\/www.oficinaempleo.com\/blog\/author\/contenidos\/\"}]}<\/script>\n<!-- \/ Yoast SEO plugin. -->","yoast_head_json":{"title":"Ilunion busca personal para sus lavander\u00edas","description":"ILUNION busca personal para sus lavander\u00edas en Espa\u00f1a. Ambiente inclusivo, desarrollo profesional y beneficios desde el primer a\u00f1o.","robots":{"index":"index","follow":"follow","max-snippet":"max-snippet:-1","max-image-preview":"max-image-preview:large","max-video-preview":"max-video-preview:-1"},"canonical":"https:\/\/www.oficinaempleo.com\/blog\/ilunion-busca-personal-para-sus-lavanderias\/","og_locale":"es_ES","og_type":"article","og_title":"Ilunion busca personal para sus lavander\u00edas","og_description":"ILUNION busca personal para sus lavander\u00edas en Espa\u00f1a. Ambiente inclusivo, desarrollo profesional y beneficios desde el primer a\u00f1o.","og_url":"https:\/\/www.oficinaempleo.com\/blog\/ilunion-busca-personal-para-sus-lavanderias\/","og_site_name":"Noticias y consejos de empleo | Blog OficinaEmpleo","article_published_time":"2025-09-11T08:17:38+00:00","og_image":[{"width":600,"height":310,"url":"https:\/\/www.oficinaempleo.com\/blog\/wp-content\/uploads\/2025\/09\/Destacada-Articulo-WP-y-NL-OE-15.jpg","type":"image\/jpeg"}],"author":"Oficina Empleo","twitter_card":"summary_large_image","twitter_creator":"@OficinaEmpleo","twitter_site":"@OficinaEmpleo","twitter_misc":{"Written by":"Oficina Empleo","Est. reading time":"3 minutos"},"schema":{"@context":"https:\/\/schema.org","@graph":[{"@type":"Article","@id":"https:\/\/www.oficinaempleo.com\/blog\/ilunion-busca-personal-para-sus-lavanderias\/#article","isPartOf":{"@id":"https:\/\/www.oficinaempleo.com\/blog\/ilunion-busca-personal-para-sus-lavanderias\/"},"author":{"name":"Oficina Empleo","@id":"https:\/\/www.oficinaempleo.com\/blog\/#\/schema\/person\/16c50a6d8c44d02b1fd44211d2b43dfb"},"headline":"Ilunion busca personal para sus lavander\u00edas","datePublished":"2025-09-11T08:17:38+00:00","mainEntityOfPage":{"@id":"https:\/\/www.oficinaempleo.com\/blog\/ilunion-busca-personal-para-sus-lavanderias\/"},"wordCount":544,"commentCount":0,"publisher":{"@id":"https:\/\/www.oficinaempleo.com\/blog\/#organization"},"image":{"@id":"https:\/\/www.oficinaempleo.com\/blog\/ilunion-busca-personal-para-sus-lavanderias\/#primaryimage"},"thumbnailUrl":"https:\/\/www.oficinaempleo.com\/blog\/wp-content\/uploads\/2025\/09\/Destacada-Articulo-WP-y-NL-OE-15.jpg","articleSection":["Actualidad","empleo","Noticias Empleo","Ofertas destacadas","Primer empleo"],"inLanguage":"es","potentialAction":[{"@type":"CommentAction","name":"Comment","target":["https:\/\/www.oficinaempleo.com\/blog\/ilunion-busca-personal-para-sus-lavanderias\/#respond"]}]},{"@type":"WebPage","@id":"https:\/\/www.oficinaempleo.com\/blog\/ilunion-busca-personal-para-sus-lavanderias\/","url":"https:\/\/www.oficinaempleo.com\/blog\/ilunion-busca-personal-para-sus-lavanderias\/","name":"Ilunion busca personal para sus lavander\u00edas","isPartOf":{"@id":"https:\/\/www.oficinaempleo.com\/blog\/#website"},"primaryImageOfPage":{"@id":"https:\/\/www.oficinaempleo.com\/blog\/ilunion-busca-personal-para-sus-lavanderias\/#primaryimage"},"image":{"@id":"https:\/\/www.oficinaempleo.com\/blog\/ilunion-busca-personal-para-sus-lavanderias\/#primaryimage"},"thumbnailUrl":"https:\/\/www.oficinaempleo.com\/blog\/wp-content\/uploads\/2025\/09\/Destacada-Articulo-WP-y-NL-OE-15.jpg","datePublished":"2025-09-11T08:17:38+00:00","description":"ILUNION busca personal para sus lavander\u00edas en Espa\u00f1a. Ambiente inclusivo, desarrollo profesional y beneficios desde el primer a\u00f1o.","breadcrumb":{"@id":"https:\/\/www.oficinaempleo.com\/blog\/ilunion-busca-personal-para-sus-lavanderias\/#breadcrumb"},"inLanguage":"es","potentialAction":[{"@type":"ReadAction","target":["https:\/\/www.oficinaempleo.com\/blog\/ilunion-busca-personal-para-sus-lavanderias\/"]}]},{"@type":"ImageObject","inLanguage":"es","@id":"https:\/\/www.oficinaempleo.com\/blog\/ilunion-busca-personal-para-sus-lavanderias\/#primaryimage","url":"https:\/\/www.oficinaempleo.com\/blog\/wp-content\/uploads\/2025\/09\/Destacada-Articulo-WP-y-NL-OE-15.jpg","contentUrl":"https:\/\/www.oficinaempleo.com\/blog\/wp-content\/uploads\/2025\/09\/Destacada-Articulo-WP-y-NL-OE-15.jpg","width":600,"height":310,"caption":"Ilunion busca personal para sus lavander\u00edas (Adobe Stock)"},{"@type":"BreadcrumbList","@id":"https:\/\/www.oficinaempleo.com\/blog\/ilunion-busca-personal-para-sus-lavanderias\/#breadcrumb","itemListElement":[{"@type":"ListItem","position":1,"name":"Home","item":"https:\/\/www.oficinaempleo.com\/blog\/"},{"@type":"ListItem","position":2,"name":"Ilunion busca personal para sus lavander\u00edas"}]},{"@type":"WebSite","@id":"https:\/\/www.oficinaempleo.com\/blog\/#website","url":"https:\/\/www.oficinaempleo.com\/blog\/","name":"Noticias y Consejos de Empleo | Blog OficinaEmpleo","description":"","publisher":{"@id":"https:\/\/www.oficinaempleo.com\/blog\/#organization"},"potentialAction":[{"@type":"SearchAction","target":{"@type":"EntryPoint","urlTemplate":"https:\/\/www.oficinaempleo.com\/blog\/?s={search_term_string}"},"query-input":{"@type":"PropertyValueSpecification","valueRequired":true,"valueName":"search_term_string"}}],"inLanguage":"es"},{"@type":"Organization","@id":"https:\/\/www.oficinaempleo.com\/blog\/#organization","name":"OficinaEmpleo","url":"https:\/\/www.oficinaempleo.com\/blog\/","logo":{"@type":"ImageObject","inLanguage":"es","@id":"https:\/\/www.oficinaempleo.com\/blog\/#\/schema\/logo\/image\/","url":"https:\/\/www.oficinaempleo.com\/blog\/wp-content\/uploads\/2018\/10\/logo_footer-1.jpg","contentUrl":"https:\/\/www.oficinaempleo.com\/blog\/wp-content\/uploads\/2018\/10\/logo_footer-1.jpg","width":478,"height":57,"caption":"OficinaEmpleo"},"image":{"@id":"https:\/\/www.oficinaempleo.com\/blog\/#\/schema\/logo\/image\/"},"sameAs":["https:\/\/x.com\/OficinaEmpleo"]},{"@type":"Person","@id":"https:\/\/www.oficinaempleo.com\/blog\/#\/schema\/person\/16c50a6d8c44d02b1fd44211d2b43dfb","name":"Oficina Empleo","image":{"@type":"ImageObject","inLanguage":"es","@id":"https:\/\/www.oficinaempleo.com\/blog\/#\/schema\/person\/image\/","url":"https:\/\/secure.gravatar.com\/avatar\/e33a1a9f888f42fceb505f6adf9539780cb28cbdfb337546d4bf4b5219070990?s=96&d=mm&r=g","contentUrl":"https:\/\/secure.gravatar.com\/avatar\/e33a1a9f888f42fceb505f6adf9539780cb28cbdfb337546d4bf4b5219070990?s=96&d=mm&r=g","caption":"Oficina Empleo"},"url":"https:\/\/www.oficinaempleo.com\/blog\/author\/contenidos\/"}]}},"_links":{"self":[{"href":"https:\/\/www.oficinaempleo.com\/blog\/wp-json\/wp\/v2\/posts\/37062","targetHints":{"allow":["GET"]}}],"collection":[{"href":"https:\/\/www.oficinaempleo.com\/blog\/wp-json\/wp\/v2\/posts"}],"about":[{"href":"https:\/\/www.oficinaempleo.com\/blog\/wp-json\/wp\/v2\/types\/post"}],"author":[{"embeddable":true,"href":"https:\/\/www.oficinaempleo.com\/blog\/wp-json\/wp\/v2\/users\/26"}],"replies":[{"embeddable":true,"href":"https:\/\/www.oficinaempleo.com\/blog\/wp-json\/wp\/v2\/comments?post=37062"}],"version-history":[{"count":2,"href":"https:\/\/www.oficinaempleo.com\/blog\/wp-json\/wp\/v2\/posts\/37062\/revisions"}],"predecessor-version":[{"id":37573,"href":"https:\/\/www.oficinaempleo.com\/blog\/wp-json\/wp\/v2\/posts\/37062\/revisions\/37573"}],"wp:featuredmedia":[{"embeddable":true,"href":"https:\/\/www.oficinaempleo.com\/blog\/wp-json\/wp\/v2\/media\/37063"}],"wp:attachment":[{"href":"https:\/\/www.oficinaempleo.com\/blog\/wp-json\/wp\/v2\/media?parent=37062"}],"wp:term":[{"taxonomy":"category","embeddable":true,"href":"https:\/\/www.oficinaempleo.com\/blog\/wp-json\/wp\/v2\/categories?post=37062"},{"taxonomy":"post_tag","embeddable":true,"href":"https:\/\/www.oficinaempleo.com\/blog\/wp-json\/wp\/v2\/tags?post=37062"}],"curies":[{"name":"wp","href":"https:\/\/api.w.org\/{rel}","templated":true}]}}