{"id":37102,"date":"2025-09-18T10:23:07","date_gmt":"2025-09-18T09:23:07","guid":{"rendered":"https:\/\/www.oficinaempleo.com\/blog\/?p=37102"},"modified":"2025-09-18T10:23:07","modified_gmt":"2025-09-18T09:23:07","slug":"te-mudas-por-trabajo-a-ciudad-de-mexico-guia-para-tus-primeros-30-dias","status":"publish","type":"post","link":"https:\/\/www.oficinaempleo.com\/blog\/te-mudas-por-trabajo-a-ciudad-de-mexico-guia-para-tus-primeros-30-dias\/","title":{"rendered":"\u00bfTe mudas por trabajo a Ciudad de M\u00e9xico? Gu\u00eda para tus primeros 30 d\u00edas"},"content":{"rendered":"<p><span style=\"font-weight: 400;\"><strong>Mudarte por trabajo a CDMX<\/strong> puede sentirse como subirse a una monta\u00f1a rusa: emocionante, intenso y lleno de giros inesperados. Por eso, en esta gu\u00eda encontrar\u00e1s algunos <strong>consejos pr\u00e1cticos<\/strong> que puedes poner en pr\u00e1ctica durante tu primer mes, de tal manera que aterrices suave, te ubiques r\u00e1pido y empieces a disfrutar la ciudad sin dramas.<\/span><\/p>\n<h2><span style=\"font-weight: 400;\">\u00bfD\u00f3nde dormir al principio sin casarte con un contrato?<\/span><\/h2>\n<p><span style=\"font-weight: 400;\">Para los <strong>primeros 30 d\u00edas<\/strong>, apunta a la flexibilidad. Aqu\u00ed es donde los <\/span><a href=\"https:\/\/www.theblueground.com\/es\/furnished-apartments-mexico-city\" target=\"_blank\" rel=\"noopener\"><span style=\"font-weight: 400;\">alquileres amueblados a corto plazo en Ciudad de M\u00e9xico<\/span><\/a><span style=\"font-weight: 400;\"> se vuelven tus mejores aliados. Con ellos llegas, dejas la maleta y empiezas a vivir sin comprar vajilla ni negociar muebles.<\/span><\/p>\n<p><span style=\"font-weight: 400;\">Lo m\u00e1s recomendable es <strong>elegir zonas con buena conectividad y servicios<\/strong>. Por ejemplo, Roma, Condesa, Ju\u00e1rez, Polanco o Coyoac\u00e1n suelen ser pr\u00e1cticas para quienes llegan a trabajar. Piensa en la distancia a tu oficina, pero tambi\u00e9n en tu rutina. Gimnasio, caf\u00e9s tranquilos y un supermercado cerca hacen la diferencia.<\/span><\/p>\n<p><span style=\"font-weight: 400;\">Por supuesto, antes de pagar, mira rese\u00f1as, verifica que el internet sea estable (pregunta por la velocidad) y confirma reglas de la casa (mascotas, visitas, limpieza). As\u00ed evitas sorpresas y te quedas con un <strong>lugar que realmente funciona para tu ritmo.<\/strong><\/span><\/p>\n<h2><span style=\"font-weight: 400;\">\u00bfC\u00f3mo moverte por la ciudad sin perder tiempo?<\/span><\/h2>\n<p><span style=\"font-weight: 400;\">El <strong>Metro y el Metrob\u00fas<\/strong> son r\u00e1pidos y econ\u00f3micos; con la <strong>Tarjeta de Movilidad Integrada<\/strong> podr\u00e1s usar ambos, m\u00e1s trolebuses y Cableb\u00fas. Tenerla desde el inicio te ahorra filas y te da opciones si cambias de plan sobre la marcha.<\/span><\/p>\n<p><span style=\"font-weight: 400;\">Para trayectos cortos, caminar es ideal en zonas c\u00e9ntricas, y las bicicletas compartidas te salvan en horas pico. Eso s\u00ed, planea rutas con antelaci\u00f3n y chequea mapas en tiempo real para evitar cierres o desv\u00edos.<\/span><\/p>\n<p><span style=\"font-weight: 400;\">Cuando necesites usar una <\/span><a href=\"https:\/\/www.oficinaempleo.com\/blog\/como-trabajar-en-uber\/\"><span style=\"font-weight: 400;\">app de transporte<\/span><\/a><span style=\"font-weight: 400;\">, pide desde lugares iluminados y comparte tu ruta. Asimismo, calcula m\u00e1rgenes de tiempo, ya que en CDMX una lluvia de 10 minutos puede duplicar el trayecto.<\/span><\/p>\n<h2><span style=\"font-weight: 400;\">\u00bfC\u00f3mo ajustar el presupuesto del primer mes?<\/span><\/h2>\n<p><span style=\"font-weight: 400;\">Para empezar, vas a tener <strong>gastos de instalaci\u00f3n<\/strong> como dep\u00f3sito de alojamiento temporal, transporte, compras b\u00e1sicas y, quiz\u00e1, una escapadita para reconocer la ciudad. Por eso, arma un <strong>presupuesto \u201ccolch\u00f3n\u201d<\/strong> para el primer mes y aj\u00fastalo la segunda semana con datos reales.<\/span><\/p>\n<p><span style=\"font-weight: 400;\">De igual manera, <strong>divide tus gastos<\/strong> en fijos (renta, tel\u00e9fono, transporte) y variables (comidas fuera, ocio). As\u00ed detectas en qu\u00e9 recortar si algo se dispara. Un truco \u00fatil es elegir un \u201cbarrio base\u201d con <strong>precios que se ajusten a tu bolsillo<\/strong> y evita cruzar media ciudad por antojos diarios.<\/span><\/p>\n<p><span style=\"font-weight: 400;\">Adem\u00e1s, <strong>paga con tarjeta cuando puedas<\/strong> y guarda recibos. Tener un registro te ayudar\u00e1 a negociar a fin de mes o a identificar fugas (ese caf\u00e9 diario que se volvi\u00f3 tres). Con n\u00fameros claros, tomas <strong>mejores decisiones.<\/strong><\/span><\/p>\n<h2><span style=\"font-weight: 400;\">\u00bfC\u00f3mo comer bien sin gastar de m\u00e1s?<\/span><\/h2>\n<p><span style=\"font-weight: 400;\">Finalmente, arma un \u201c<\/span><a href=\"https:\/\/www.elmundo.es\/internacional\/2025\/03\/26\/67e3f0abe85ece8c3f8b4576.html\" target=\"_blank\" rel=\"noopener\"><span style=\"font-weight: 400;\">kit de supervivencia<\/span><\/a><span style=\"font-weight: 400;\">\u201d en tu alojamiento con frutas, avena, huevos, caf\u00e9 y agua. Con eso, resuelves desayunos y evitas caer cada d\u00eda en la trampa del gasto impulsivo.<\/span><\/p>\n<p><span style=\"font-weight: 400;\">Asimismo, explora mercados y <\/span><i><span style=\"font-weight: 400;\">tianguis<\/span><\/i><span style=\"font-weight: 400;\">. Aqu\u00ed puedes encontrar productos frescos, buenos precios y una inmersi\u00f3n cultural de primera. Tambi\u00e9n, aprender\u00e1s <strong>qu\u00e9 comprar en cada zona y qu\u00e9 d\u00eda conviene ir.<\/strong><\/span><\/p>\n<p><span style=\"font-weight: 400;\">Para comer fuera, equilibra lugares de antojo con men\u00fas corridos y fondas. De este modo, conoces la gastronom\u00eda<strong> sin que el presupuesto tiemble<\/strong>. Y, por cierto, no subestimes el poder de una buena torta para salvarte entre reuniones.<\/span><\/p>\n<p><span style=\"font-weight: 400;\">Como ves, <strong>mudarte por trabajo a CDMX<\/strong> no es solo cambiar de direcci\u00f3n; es redise\u00f1ar tu d\u00eda a d\u00eda para que te sostenga mientras creces. Por eso, si priorizas lo esencial, presupuestas con cabeza y te regalas momentos de disfrute, te adaptar\u00e1s m\u00e1s r\u00e1pido de lo que imaginas. Y, casi sin darte cuenta, pasar\u00e1s de visitante a local.<\/span><\/p>\n","protected":false},"excerpt":{"rendered":"<p>Mudarte por trabajo a CDMX puede sentirse como subirse a una monta\u00f1a rusa: emocionante, intenso y lleno de giros inesperados. Por eso, en esta gu\u00eda encontrar\u00e1s algunos consejos pr\u00e1cticos que puedes poner en pr\u00e1ctica durante tu primer mes, de tal manera que aterrices suave, te ubiques r\u00e1pido y empieces a disfrutar la ciudad sin dramas. [&hellip;]<\/p>\n","protected":false},"author":59,"featured_media":37103,"comment_status":"open","ping_status":"open","sticky":false,"template":"","format":"standard","meta":{"footnotes":""},"categories":[12,637],"tags":[],"class_list":["post-37102","post","type-post","status-publish","format-standard","has-post-thumbnail","hentry","category-consejos-y-recursos","category-empleo-internacional-2","cat-12-id","cat-637-id","has_thumb"],"yoast_head":"<!-- This site is optimized with the Yoast SEO plugin v27.7 - https:\/\/yoast.com\/product\/yoast-seo-wordpress\/ -->\n<title>\u00bfTe mudas por trabajo a Ciudad de M\u00e9xico? Gu\u00eda para tus primeros 30 d\u00edas - Blog OficinaEmpleo<\/title>\n<meta name=\"description\" content=\"En esta gu\u00eda encontrar\u00e1s algunos consejos pr\u00e1cticos si vas a Mudarte por trabajo a Ciudad de M\u00e9xico. \u00a1Toma nota!\" \/>\n<meta name=\"robots\" content=\"index, follow, max-snippet:-1, max-image-preview:large, max-video-preview:-1\" \/>\n<link rel=\"canonical\" href=\"https:\/\/www.oficinaempleo.com\/blog\/te-mudas-por-trabajo-a-ciudad-de-mexico-guia-para-tus-primeros-30-dias\/\" \/>\n<meta property=\"og:locale\" content=\"es_ES\" \/>\n<meta property=\"og:type\" content=\"article\" \/>\n<meta property=\"og:title\" content=\"\u00bfTe mudas por trabajo a Ciudad de M\u00e9xico? Gu\u00eda para tus primeros 30 d\u00edas - Blog OficinaEmpleo\" \/>\n<meta property=\"og:description\" content=\"En esta gu\u00eda encontrar\u00e1s algunos consejos pr\u00e1cticos si vas a Mudarte por trabajo a Ciudad de M\u00e9xico. \u00a1Toma nota!\" \/>\n<meta property=\"og:url\" content=\"https:\/\/www.oficinaempleo.com\/blog\/te-mudas-por-trabajo-a-ciudad-de-mexico-guia-para-tus-primeros-30-dias\/\" \/>\n<meta property=\"og:site_name\" content=\"Noticias y consejos de empleo | Blog OficinaEmpleo\" \/>\n<meta property=\"article:published_time\" content=\"2025-09-18T09:23:07+00:00\" \/>\n<meta property=\"og:image\" content=\"https:\/\/www.oficinaempleo.com\/blog\/wp-content\/uploads\/2025\/09\/Te-mudas-por-trabajo-a-Ciudad-de-Mexico.jpg\" \/>\n\t<meta property=\"og:image:width\" content=\"600\" \/>\n\t<meta property=\"og:image:height\" content=\"310\" \/>\n\t<meta property=\"og:image:type\" content=\"image\/jpeg\" \/>\n<meta name=\"author\" content=\"Pablo Requena\" \/>\n<meta name=\"twitter:card\" content=\"summary_large_image\" \/>\n<meta name=\"twitter:creator\" content=\"@OficinaEmpleo\" \/>\n<meta name=\"twitter:site\" content=\"@OficinaEmpleo\" \/>\n<meta name=\"twitter:label1\" content=\"Written by\" \/>\n\t<meta name=\"twitter:data1\" content=\"Pablo Requena\" \/>\n\t<meta name=\"twitter:label2\" content=\"Est. reading time\" \/>\n\t<meta name=\"twitter:data2\" content=\"4 minutos\" \/>\n<script type=\"application\/ld+json\" class=\"yoast-schema-graph\">{\"@context\":\"https:\\\/\\\/schema.org\",\"@graph\":[{\"@type\":\"Article\",\"@id\":\"https:\\\/\\\/www.oficinaempleo.com\\\/blog\\\/te-mudas-por-trabajo-a-ciudad-de-mexico-guia-para-tus-primeros-30-dias\\\/#article\",\"isPartOf\":{\"@id\":\"https:\\\/\\\/www.oficinaempleo.com\\\/blog\\\/te-mudas-por-trabajo-a-ciudad-de-mexico-guia-para-tus-primeros-30-dias\\\/\"},\"author\":{\"name\":\"Pablo Requena\",\"@id\":\"https:\\\/\\\/www.oficinaempleo.com\\\/blog\\\/#\\\/schema\\\/person\\\/bbcbfd7a319110b4e42c4fe636540c45\"},\"headline\":\"\u00bfTe mudas por trabajo a Ciudad de M\u00e9xico? Gu\u00eda para tus primeros 30 d\u00edas\",\"datePublished\":\"2025-09-18T09:23:07+00:00\",\"mainEntityOfPage\":{\"@id\":\"https:\\\/\\\/www.oficinaempleo.com\\\/blog\\\/te-mudas-por-trabajo-a-ciudad-de-mexico-guia-para-tus-primeros-30-dias\\\/\"},\"wordCount\":679,\"commentCount\":0,\"publisher\":{\"@id\":\"https:\\\/\\\/www.oficinaempleo.com\\\/blog\\\/#organization\"},\"image\":{\"@id\":\"https:\\\/\\\/www.oficinaempleo.com\\\/blog\\\/te-mudas-por-trabajo-a-ciudad-de-mexico-guia-para-tus-primeros-30-dias\\\/#primaryimage\"},\"thumbnailUrl\":\"https:\\\/\\\/www.oficinaempleo.com\\\/blog\\\/wp-content\\\/uploads\\\/2025\\\/09\\\/Te-mudas-por-trabajo-a-Ciudad-de-Mexico.jpg\",\"articleSection\":[\"Consejos y Recursos\",\"Empleo Internacional\"],\"inLanguage\":\"es\",\"potentialAction\":[{\"@type\":\"CommentAction\",\"name\":\"Comment\",\"target\":[\"https:\\\/\\\/www.oficinaempleo.com\\\/blog\\\/te-mudas-por-trabajo-a-ciudad-de-mexico-guia-para-tus-primeros-30-dias\\\/#respond\"]}]},{\"@type\":\"WebPage\",\"@id\":\"https:\\\/\\\/www.oficinaempleo.com\\\/blog\\\/te-mudas-por-trabajo-a-ciudad-de-mexico-guia-para-tus-primeros-30-dias\\\/\",\"url\":\"https:\\\/\\\/www.oficinaempleo.com\\\/blog\\\/te-mudas-por-trabajo-a-ciudad-de-mexico-guia-para-tus-primeros-30-dias\\\/\",\"name\":\"\u00bfTe mudas por trabajo a Ciudad de M\u00e9xico? Gu\u00eda para tus primeros 30 d\u00edas - Blog OficinaEmpleo\",\"isPartOf\":{\"@id\":\"https:\\\/\\\/www.oficinaempleo.com\\\/blog\\\/#website\"},\"primaryImageOfPage\":{\"@id\":\"https:\\\/\\\/www.oficinaempleo.com\\\/blog\\\/te-mudas-por-trabajo-a-ciudad-de-mexico-guia-para-tus-primeros-30-dias\\\/#primaryimage\"},\"image\":{\"@id\":\"https:\\\/\\\/www.oficinaempleo.com\\\/blog\\\/te-mudas-por-trabajo-a-ciudad-de-mexico-guia-para-tus-primeros-30-dias\\\/#primaryimage\"},\"thumbnailUrl\":\"https:\\\/\\\/www.oficinaempleo.com\\\/blog\\\/wp-content\\\/uploads\\\/2025\\\/09\\\/Te-mudas-por-trabajo-a-Ciudad-de-Mexico.jpg\",\"datePublished\":\"2025-09-18T09:23:07+00:00\",\"description\":\"En esta gu\u00eda encontrar\u00e1s algunos consejos pr\u00e1cticos si vas a Mudarte por trabajo a Ciudad de M\u00e9xico. \u00a1Toma nota!\",\"breadcrumb\":{\"@id\":\"https:\\\/\\\/www.oficinaempleo.com\\\/blog\\\/te-mudas-por-trabajo-a-ciudad-de-mexico-guia-para-tus-primeros-30-dias\\\/#breadcrumb\"},\"inLanguage\":\"es\",\"potentialAction\":[{\"@type\":\"ReadAction\",\"target\":[\"https:\\\/\\\/www.oficinaempleo.com\\\/blog\\\/te-mudas-por-trabajo-a-ciudad-de-mexico-guia-para-tus-primeros-30-dias\\\/\"]}]},{\"@type\":\"ImageObject\",\"inLanguage\":\"es\",\"@id\":\"https:\\\/\\\/www.oficinaempleo.com\\\/blog\\\/te-mudas-por-trabajo-a-ciudad-de-mexico-guia-para-tus-primeros-30-dias\\\/#primaryimage\",\"url\":\"https:\\\/\\\/www.oficinaempleo.com\\\/blog\\\/wp-content\\\/uploads\\\/2025\\\/09\\\/Te-mudas-por-trabajo-a-Ciudad-de-Mexico.jpg\",\"contentUrl\":\"https:\\\/\\\/www.oficinaempleo.com\\\/blog\\\/wp-content\\\/uploads\\\/2025\\\/09\\\/Te-mudas-por-trabajo-a-Ciudad-de-Mexico.jpg\",\"width\":600,\"height\":310,\"caption\":\"Te mudas por trabajo a Ciudad de M\u00e9xico\"},{\"@type\":\"BreadcrumbList\",\"@id\":\"https:\\\/\\\/www.oficinaempleo.com\\\/blog\\\/te-mudas-por-trabajo-a-ciudad-de-mexico-guia-para-tus-primeros-30-dias\\\/#breadcrumb\",\"itemListElement\":[{\"@type\":\"ListItem\",\"position\":1,\"name\":\"Home\",\"item\":\"https:\\\/\\\/www.oficinaempleo.com\\\/blog\\\/\"},{\"@type\":\"ListItem\",\"position\":2,\"name\":\"\u00bfTe mudas por trabajo a Ciudad de M\u00e9xico? Gu\u00eda para tus primeros 30 d\u00edas\"}]},{\"@type\":\"WebSite\",\"@id\":\"https:\\\/\\\/www.oficinaempleo.com\\\/blog\\\/#website\",\"url\":\"https:\\\/\\\/www.oficinaempleo.com\\\/blog\\\/\",\"name\":\"Noticias y Consejos de Empleo | Blog OficinaEmpleo\",\"description\":\"\",\"publisher\":{\"@id\":\"https:\\\/\\\/www.oficinaempleo.com\\\/blog\\\/#organization\"},\"potentialAction\":[{\"@type\":\"SearchAction\",\"target\":{\"@type\":\"EntryPoint\",\"urlTemplate\":\"https:\\\/\\\/www.oficinaempleo.com\\\/blog\\\/?s={search_term_string}\"},\"query-input\":{\"@type\":\"PropertyValueSpecification\",\"valueRequired\":true,\"valueName\":\"search_term_string\"}}],\"inLanguage\":\"es\"},{\"@type\":\"Organization\",\"@id\":\"https:\\\/\\\/www.oficinaempleo.com\\\/blog\\\/#organization\",\"name\":\"OficinaEmpleo\",\"url\":\"https:\\\/\\\/www.oficinaempleo.com\\\/blog\\\/\",\"logo\":{\"@type\":\"ImageObject\",\"inLanguage\":\"es\",\"@id\":\"https:\\\/\\\/www.oficinaempleo.com\\\/blog\\\/#\\\/schema\\\/logo\\\/image\\\/\",\"url\":\"https:\\\/\\\/www.oficinaempleo.com\\\/blog\\\/wp-content\\\/uploads\\\/2018\\\/10\\\/logo_footer-1.jpg\",\"contentUrl\":\"https:\\\/\\\/www.oficinaempleo.com\\\/blog\\\/wp-content\\\/uploads\\\/2018\\\/10\\\/logo_footer-1.jpg\",\"width\":478,\"height\":57,\"caption\":\"OficinaEmpleo\"},\"image\":{\"@id\":\"https:\\\/\\\/www.oficinaempleo.com\\\/blog\\\/#\\\/schema\\\/logo\\\/image\\\/\"},\"sameAs\":[\"https:\\\/\\\/x.com\\\/OficinaEmpleo\"]},{\"@type\":\"Person\",\"@id\":\"https:\\\/\\\/www.oficinaempleo.com\\\/blog\\\/#\\\/schema\\\/person\\\/bbcbfd7a319110b4e42c4fe636540c45\",\"name\":\"Pablo Requena\",\"image\":{\"@type\":\"ImageObject\",\"inLanguage\":\"es\",\"@id\":\"https:\\\/\\\/secure.gravatar.com\\\/avatar\\\/c680f4d2d908e7d788696b0f6573b75c01eaa95df8705e8febd6277b4187b7a5?s=96&d=mm&r=g\",\"url\":\"https:\\\/\\\/secure.gravatar.com\\\/avatar\\\/c680f4d2d908e7d788696b0f6573b75c01eaa95df8705e8febd6277b4187b7a5?s=96&d=mm&r=g\",\"contentUrl\":\"https:\\\/\\\/secure.gravatar.com\\\/avatar\\\/c680f4d2d908e7d788696b0f6573b75c01eaa95df8705e8febd6277b4187b7a5?s=96&d=mm&r=g\",\"caption\":\"Pablo Requena\"},\"url\":\"https:\\\/\\\/www.oficinaempleo.com\\\/blog\\\/author\\\/pablorequena\\\/\"}]}<\/script>\n<!-- \/ Yoast SEO plugin. -->","yoast_head_json":{"title":"\u00bfTe mudas por trabajo a Ciudad de M\u00e9xico? Gu\u00eda para tus primeros 30 d\u00edas - Blog OficinaEmpleo","description":"En esta gu\u00eda encontrar\u00e1s algunos consejos pr\u00e1cticos si vas a Mudarte por trabajo a Ciudad de M\u00e9xico. \u00a1Toma nota!","robots":{"index":"index","follow":"follow","max-snippet":"max-snippet:-1","max-image-preview":"max-image-preview:large","max-video-preview":"max-video-preview:-1"},"canonical":"https:\/\/www.oficinaempleo.com\/blog\/te-mudas-por-trabajo-a-ciudad-de-mexico-guia-para-tus-primeros-30-dias\/","og_locale":"es_ES","og_type":"article","og_title":"\u00bfTe mudas por trabajo a Ciudad de M\u00e9xico? Gu\u00eda para tus primeros 30 d\u00edas - Blog OficinaEmpleo","og_description":"En esta gu\u00eda encontrar\u00e1s algunos consejos pr\u00e1cticos si vas a Mudarte por trabajo a Ciudad de M\u00e9xico. \u00a1Toma nota!","og_url":"https:\/\/www.oficinaempleo.com\/blog\/te-mudas-por-trabajo-a-ciudad-de-mexico-guia-para-tus-primeros-30-dias\/","og_site_name":"Noticias y consejos de empleo | Blog OficinaEmpleo","article_published_time":"2025-09-18T09:23:07+00:00","og_image":[{"width":600,"height":310,"url":"https:\/\/www.oficinaempleo.com\/blog\/wp-content\/uploads\/2025\/09\/Te-mudas-por-trabajo-a-Ciudad-de-Mexico.jpg","type":"image\/jpeg"}],"author":"Pablo Requena","twitter_card":"summary_large_image","twitter_creator":"@OficinaEmpleo","twitter_site":"@OficinaEmpleo","twitter_misc":{"Written by":"Pablo Requena","Est. reading time":"4 minutos"},"schema":{"@context":"https:\/\/schema.org","@graph":[{"@type":"Article","@id":"https:\/\/www.oficinaempleo.com\/blog\/te-mudas-por-trabajo-a-ciudad-de-mexico-guia-para-tus-primeros-30-dias\/#article","isPartOf":{"@id":"https:\/\/www.oficinaempleo.com\/blog\/te-mudas-por-trabajo-a-ciudad-de-mexico-guia-para-tus-primeros-30-dias\/"},"author":{"name":"Pablo Requena","@id":"https:\/\/www.oficinaempleo.com\/blog\/#\/schema\/person\/bbcbfd7a319110b4e42c4fe636540c45"},"headline":"\u00bfTe mudas por trabajo a Ciudad de M\u00e9xico? Gu\u00eda para tus primeros 30 d\u00edas","datePublished":"2025-09-18T09:23:07+00:00","mainEntityOfPage":{"@id":"https:\/\/www.oficinaempleo.com\/blog\/te-mudas-por-trabajo-a-ciudad-de-mexico-guia-para-tus-primeros-30-dias\/"},"wordCount":679,"commentCount":0,"publisher":{"@id":"https:\/\/www.oficinaempleo.com\/blog\/#organization"},"image":{"@id":"https:\/\/www.oficinaempleo.com\/blog\/te-mudas-por-trabajo-a-ciudad-de-mexico-guia-para-tus-primeros-30-dias\/#primaryimage"},"thumbnailUrl":"https:\/\/www.oficinaempleo.com\/blog\/wp-content\/uploads\/2025\/09\/Te-mudas-por-trabajo-a-Ciudad-de-Mexico.jpg","articleSection":["Consejos y Recursos","Empleo Internacional"],"inLanguage":"es","potentialAction":[{"@type":"CommentAction","name":"Comment","target":["https:\/\/www.oficinaempleo.com\/blog\/te-mudas-por-trabajo-a-ciudad-de-mexico-guia-para-tus-primeros-30-dias\/#respond"]}]},{"@type":"WebPage","@id":"https:\/\/www.oficinaempleo.com\/blog\/te-mudas-por-trabajo-a-ciudad-de-mexico-guia-para-tus-primeros-30-dias\/","url":"https:\/\/www.oficinaempleo.com\/blog\/te-mudas-por-trabajo-a-ciudad-de-mexico-guia-para-tus-primeros-30-dias\/","name":"\u00bfTe mudas por trabajo a Ciudad de M\u00e9xico? Gu\u00eda para tus primeros 30 d\u00edas - Blog OficinaEmpleo","isPartOf":{"@id":"https:\/\/www.oficinaempleo.com\/blog\/#website"},"primaryImageOfPage":{"@id":"https:\/\/www.oficinaempleo.com\/blog\/te-mudas-por-trabajo-a-ciudad-de-mexico-guia-para-tus-primeros-30-dias\/#primaryimage"},"image":{"@id":"https:\/\/www.oficinaempleo.com\/blog\/te-mudas-por-trabajo-a-ciudad-de-mexico-guia-para-tus-primeros-30-dias\/#primaryimage"},"thumbnailUrl":"https:\/\/www.oficinaempleo.com\/blog\/wp-content\/uploads\/2025\/09\/Te-mudas-por-trabajo-a-Ciudad-de-Mexico.jpg","datePublished":"2025-09-18T09:23:07+00:00","description":"En esta gu\u00eda encontrar\u00e1s algunos consejos pr\u00e1cticos si vas a Mudarte por trabajo a Ciudad de M\u00e9xico. \u00a1Toma nota!","breadcrumb":{"@id":"https:\/\/www.oficinaempleo.com\/blog\/te-mudas-por-trabajo-a-ciudad-de-mexico-guia-para-tus-primeros-30-dias\/#breadcrumb"},"inLanguage":"es","potentialAction":[{"@type":"ReadAction","target":["https:\/\/www.oficinaempleo.com\/blog\/te-mudas-por-trabajo-a-ciudad-de-mexico-guia-para-tus-primeros-30-dias\/"]}]},{"@type":"ImageObject","inLanguage":"es","@id":"https:\/\/www.oficinaempleo.com\/blog\/te-mudas-por-trabajo-a-ciudad-de-mexico-guia-para-tus-primeros-30-dias\/#primaryimage","url":"https:\/\/www.oficinaempleo.com\/blog\/wp-content\/uploads\/2025\/09\/Te-mudas-por-trabajo-a-Ciudad-de-Mexico.jpg","contentUrl":"https:\/\/www.oficinaempleo.com\/blog\/wp-content\/uploads\/2025\/09\/Te-mudas-por-trabajo-a-Ciudad-de-Mexico.jpg","width":600,"height":310,"caption":"Te mudas por trabajo a Ciudad de M\u00e9xico"},{"@type":"BreadcrumbList","@id":"https:\/\/www.oficinaempleo.com\/blog\/te-mudas-por-trabajo-a-ciudad-de-mexico-guia-para-tus-primeros-30-dias\/#breadcrumb","itemListElement":[{"@type":"ListItem","position":1,"name":"Home","item":"https:\/\/www.oficinaempleo.com\/blog\/"},{"@type":"ListItem","position":2,"name":"\u00bfTe mudas por trabajo a Ciudad de M\u00e9xico? Gu\u00eda para tus primeros 30 d\u00edas"}]},{"@type":"WebSite","@id":"https:\/\/www.oficinaempleo.com\/blog\/#website","url":"https:\/\/www.oficinaempleo.com\/blog\/","name":"Noticias y Consejos de Empleo | Blog OficinaEmpleo","description":"","publisher":{"@id":"https:\/\/www.oficinaempleo.com\/blog\/#organization"},"potentialAction":[{"@type":"SearchAction","target":{"@type":"EntryPoint","urlTemplate":"https:\/\/www.oficinaempleo.com\/blog\/?s={search_term_string}"},"query-input":{"@type":"PropertyValueSpecification","valueRequired":true,"valueName":"search_term_string"}}],"inLanguage":"es"},{"@type":"Organization","@id":"https:\/\/www.oficinaempleo.com\/blog\/#organization","name":"OficinaEmpleo","url":"https:\/\/www.oficinaempleo.com\/blog\/","logo":{"@type":"ImageObject","inLanguage":"es","@id":"https:\/\/www.oficinaempleo.com\/blog\/#\/schema\/logo\/image\/","url":"https:\/\/www.oficinaempleo.com\/blog\/wp-content\/uploads\/2018\/10\/logo_footer-1.jpg","contentUrl":"https:\/\/www.oficinaempleo.com\/blog\/wp-content\/uploads\/2018\/10\/logo_footer-1.jpg","width":478,"height":57,"caption":"OficinaEmpleo"},"image":{"@id":"https:\/\/www.oficinaempleo.com\/blog\/#\/schema\/logo\/image\/"},"sameAs":["https:\/\/x.com\/OficinaEmpleo"]},{"@type":"Person","@id":"https:\/\/www.oficinaempleo.com\/blog\/#\/schema\/person\/bbcbfd7a319110b4e42c4fe636540c45","name":"Pablo Requena","image":{"@type":"ImageObject","inLanguage":"es","@id":"https:\/\/secure.gravatar.com\/avatar\/c680f4d2d908e7d788696b0f6573b75c01eaa95df8705e8febd6277b4187b7a5?s=96&d=mm&r=g","url":"https:\/\/secure.gravatar.com\/avatar\/c680f4d2d908e7d788696b0f6573b75c01eaa95df8705e8febd6277b4187b7a5?s=96&d=mm&r=g","contentUrl":"https:\/\/secure.gravatar.com\/avatar\/c680f4d2d908e7d788696b0f6573b75c01eaa95df8705e8febd6277b4187b7a5?s=96&d=mm&r=g","caption":"Pablo Requena"},"url":"https:\/\/www.oficinaempleo.com\/blog\/author\/pablorequena\/"}]}},"_links":{"self":[{"href":"https:\/\/www.oficinaempleo.com\/blog\/wp-json\/wp\/v2\/posts\/37102","targetHints":{"allow":["GET"]}}],"collection":[{"href":"https:\/\/www.oficinaempleo.com\/blog\/wp-json\/wp\/v2\/posts"}],"about":[{"href":"https:\/\/www.oficinaempleo.com\/blog\/wp-json\/wp\/v2\/types\/post"}],"author":[{"embeddable":true,"href":"https:\/\/www.oficinaempleo.com\/blog\/wp-json\/wp\/v2\/users\/59"}],"replies":[{"embeddable":true,"href":"https:\/\/www.oficinaempleo.com\/blog\/wp-json\/wp\/v2\/comments?post=37102"}],"version-history":[{"count":1,"href":"https:\/\/www.oficinaempleo.com\/blog\/wp-json\/wp\/v2\/posts\/37102\/revisions"}],"predecessor-version":[{"id":37104,"href":"https:\/\/www.oficinaempleo.com\/blog\/wp-json\/wp\/v2\/posts\/37102\/revisions\/37104"}],"wp:featuredmedia":[{"embeddable":true,"href":"https:\/\/www.oficinaempleo.com\/blog\/wp-json\/wp\/v2\/media\/37103"}],"wp:attachment":[{"href":"https:\/\/www.oficinaempleo.com\/blog\/wp-json\/wp\/v2\/media?parent=37102"}],"wp:term":[{"taxonomy":"category","embeddable":true,"href":"https:\/\/www.oficinaempleo.com\/blog\/wp-json\/wp\/v2\/categories?post=37102"},{"taxonomy":"post_tag","embeddable":true,"href":"https:\/\/www.oficinaempleo.com\/blog\/wp-json\/wp\/v2\/tags?post=37102"}],"curies":[{"name":"wp","href":"https:\/\/api.w.org\/{rel}","templated":true}]}}