{"id":37665,"date":"2025-12-18T12:02:09","date_gmt":"2025-12-18T11:02:09","guid":{"rendered":"https:\/\/www.oficinaempleo.com\/blog\/nuevos-perfiles-digitales-que-se-demandaran-en-2025\/"},"modified":"2025-12-18T12:02:09","modified_gmt":"2025-12-18T11:02:09","slug":"nuevos-perfiles-digitales-que-se-demandaran-en-2025","status":"publish","type":"post","link":"https:\/\/www.oficinaempleo.com\/blog\/nuevos-perfiles-digitales-que-se-demandaran-en-2025\/","title":{"rendered":"Nuevos perfiles digitales que se demandar\u00e1n en 2025"},"content":{"rendered":"<p>El mundo digital evoluciona a un ritmo imparable y, con \u00e9l, el mercado laboral. Las empresas buscan constantemente talento capaz de adaptarse a los cambios tecnol\u00f3gicos y responder a las nuevas demandas del entorno digital. \u00bfTe preguntas cu\u00e1les ser\u00e1n los nuevos perfiles digitales m\u00e1s solicitados en 2025? Si quieres estar preparado para los retos del futuro y conocer c\u00f3mo orientar tu carrera profesional, sigue leyendo.<\/p>\n<h2>La transformaci\u00f3n digital y su impacto en el empleo<\/h2>\n<p>La transformaci\u00f3n digital est\u00e1 cambiando la forma en que trabajamos y vivimos. Automatizaci\u00f3n, inteligencia artificial, big data y nuevas plataformas digitales est\u00e1n redefiniendo los procesos en todos los sectores. Esto implica que surgen nuevas oportunidades laborales y que algunos perfiles tradicionales se est\u00e1n quedando obsoletos.<\/p>\n<p>En este contexto, las empresas valoran cada vez m\u00e1s a profesionales con competencias tecnol\u00f3gicas, capacidad de adaptaci\u00f3n y habilidades blandas como la creatividad, el pensamiento cr\u00edtico y el trabajo en equipo.<\/p>\n<h2>Perfiles digitales emergentes en 2025<\/h2>\n<p>A continuaci\u00f3n, repasamos los perfiles digitales que se prev\u00e9 tendr\u00e1n mayor demanda en 2025, seg\u00fan las tendencias actuales y los pron\u00f3sticos de expertos del sector tecnol\u00f3gico y recursos humanos.<\/p>\n<h3>Especialista en inteligencia artificial y machine learning<\/h3>\n<p>La inteligencia artificial (IA) seguir\u00e1 siendo uno de los motores del cambio digital. Los especialistas en IA y machine learning ser\u00e1n imprescindibles para desarrollar algoritmos, automatizar procesos y crear soluciones inteligentes aplicadas a diferentes \u00e1reas: desde la salud, hasta la banca o la industria.<\/p>\n<p>Se buscan profesionales con conocimientos en programaci\u00f3n, matem\u00e1ticas, an\u00e1lisis de datos y experiencia en plataformas de IA. Adem\u00e1s, se valorar\u00e1 la capacidad de interpretar y aplicar estos sistemas en problemas reales del negocio.<\/p>\n<h3>Analista de datos y cient\u00edfico de datos<\/h3>\n<p>Las empresas manejan un volumen de datos cada vez m\u00e1s grande. Extraer valor de esa informaci\u00f3n es clave para tomar decisiones estrat\u00e9gicas. Los analistas y cient\u00edficos de datos ser\u00e1n perfiles muy demandados para convertir datos en conocimiento \u00fatil, detectando patrones, anticipando tendencias y ayudando a optimizar procesos.<\/p>\n<p>Estos profesionales deben dominar herramientas de an\u00e1lisis, bases de datos, visualizaci\u00f3n y tener pensamiento anal\u00edtico y capacidad para comunicar resultados de forma clara.<\/p>\n<h3>Expertos en ciberseguridad<\/h3>\n<p>La seguridad digital es una prioridad en un entorno donde los ataques inform\u00e1ticos son cada vez m\u00e1s sofisticados. Los expertos en ciberseguridad ser\u00e1n muy valorados para proteger la informaci\u00f3n de las empresas, dise\u00f1ar sistemas seguros y anticiparse a posibles amenazas.<\/p>\n<p>Entre las competencias m\u00e1s buscadas est\u00e1n el conocimiento de normativas, gesti\u00f3n de riesgos, criptograf\u00eda y experiencia en detecci\u00f3n y respuesta ante incidentes.<\/p>\n<h3>Desarrollador de aplicaciones y plataformas digitales<\/h3>\n<p>El desarrollo de software sigue siendo fundamental en la creaci\u00f3n de productos y servicios digitales. Los desarrolladores que sepan trabajar con nuevas tecnolog\u00edas, frameworks y entornos de desarrollo ser\u00e1n imprescindibles para el dise\u00f1o de apps m\u00f3viles, plataformas web, soluciones cloud y entornos de realidad aumentada y virtual.<\/p>\n<p>Adem\u00e1s de saber programar, se valorar\u00e1 la capacidad de trabajo en equipo y la orientaci\u00f3n a la experiencia de usuario.<\/p>\n<h3>Especialista en experiencia de usuario (UX) y dise\u00f1o de interfaces (UI)<\/h3>\n<p>Con la digitalizaci\u00f3n, la experiencia de usuario se ha convertido en un factor diferenciador. Los especialistas en UX\/UI ser\u00e1n responsables de garantizar que las aplicaciones y plataformas sean intuitivas, accesibles y atractivas para los usuarios.<\/p>\n<p>Las empresas buscan perfiles con conocimientos en dise\u00f1o gr\u00e1fico, psicolog\u00eda del usuario, prototipado y pruebas de usabilidad, as\u00ed como creatividad y capacidad de empat\u00eda.<\/p>\n<h3>Gestor de proyectos digitales y agile coach<\/h3>\n<p>La gesti\u00f3n de proyectos digitales requiere perfiles capaces de coordinar equipos multidisciplinares, aplicar metodolog\u00edas \u00e1giles y garantizar que los plazos y objetivos se cumplen. El agile coach ser\u00e1 clave para implantar la cultura \u00e1gil y mejorar la productividad en entornos digitales cambiantes.<\/p>\n<p>Se valoran habilidades de liderazgo, comunicaci\u00f3n, resoluci\u00f3n de problemas y experiencia en frameworks como Scrum o Kanban.<\/p>\n<h3>Especialista en marketing digital y growth hacking<\/h3>\n<p>El marketing digital evoluciona con nuevas plataformas, algoritmos y formas de llegar al cliente. Los especialistas en marketing digital y growth hackers ser\u00e1n responsables de dise\u00f1ar estrategias innovadoras para captar y fidelizar usuarios, optimizar campa\u00f1as y aprovechar las oportunidades que ofrece el entorno digital.<\/p>\n<p>Estos profesionales necesitan conocimientos en SEO, SEM, anal\u00edtica, redes sociales y creatividad para experimentar y mejorar resultados.<\/p>\n<h2>Habilidades clave para los nuevos perfiles digitales<\/h2>\n<p>No solo la formaci\u00f3n t\u00e9cnica ser\u00e1 determinante. Las habilidades blandas se han convertido en un requisito fundamental para destacar en el entorno digital. Algunas de las m\u00e1s valoradas ser\u00e1n:<\/p>\n<ul>\n<li>Capacidad de aprendizaje continuo<\/li>\n<li>Adaptabilidad al cambio<\/li>\n<li>Pensamiento cr\u00edtico y resoluci\u00f3n de problemas<\/li>\n<li>Trabajo en equipo y colaboraci\u00f3n<\/li>\n<li>Comunicaci\u00f3n eficaz<\/li>\n<li>Creatividad e innovaci\u00f3n<\/li>\n<\/ul>\n<h2>Formaci\u00f3n y reciclaje profesional: la clave para el futuro<\/h2>\n<p>Si quieres acceder a los nuevos puestos digitales que se demandar\u00e1n en 2025, la formaci\u00f3n continua es tu mejor aliada. Existen multitud de cursos, m\u00e1steres y programas de especializaci\u00f3n en \u00e1reas tecnol\u00f3gicas y digitales. Adem\u00e1s, muchas empresas ofrecen formaci\u00f3n interna y programas de actualizaci\u00f3n para sus empleados.<\/p>\n<p>Recuerda que el mundo digital exige estar siempre al d\u00eda de las \u00faltimas tendencias y tecnolog\u00edas. La curiosidad, las ganas de aprender y la flexibilidad ser\u00e1n tu mejor carta de presentaci\u00f3n para el futuro profesional.<\/p>\n<p>En definitiva, prepararse para los perfiles digitales de 2025 implica anticiparse a las tendencias, formarse en competencias tecnol\u00f3gicas y desarrollar habilidades transversales. Si te adelantas a estos cambios, tendr\u00e1s muchas m\u00e1s posibilidades de encontrar empleo y crecer en tu carrera profesional en el entorno digital.<\/p>\n","protected":false},"excerpt":{"rendered":"<p>El mundo digital evoluciona a un ritmo imparable y, con \u00e9l, el mercado laboral. Las empresas buscan constantemente talento capaz de adaptarse a los cambios tecnol\u00f3gicos y responder a las nuevas demandas del entorno digital. \u00bfTe preguntas cu\u00e1les ser\u00e1n los nuevos perfiles digitales m\u00e1s solicitados en 2025? Si quieres estar preparado para los retos del [&hellip;]<\/p>\n","protected":false},"author":59,"featured_media":37666,"comment_status":"open","ping_status":"open","sticky":false,"template":"","format":"standard","meta":{"footnotes":""},"categories":[1],"tags":[],"class_list":["post-37665","post","type-post","status-publish","format-standard","has-post-thumbnail","hentry","category-sin-categoria","cat-1-id","has_thumb"],"yoast_head":"<!-- This site is optimized with the Yoast SEO plugin v27.1.1 - https:\/\/yoast.com\/product\/yoast-seo-wordpress\/ -->\n<title>Nuevos perfiles digitales que se demandar\u00e1n en 2025<\/title>\n<meta name=\"description\" content=\"Descubre los nuevos perfiles digitales que se demandar\u00e1n en 2025 y qu\u00e9 habilidades y formaci\u00f3n ser\u00e1n clave para acceder...\" \/>\n<meta name=\"robots\" content=\"index, follow, max-snippet:-1, max-image-preview:large, max-video-preview:-1\" \/>\n<link rel=\"canonical\" href=\"https:\/\/www.oficinaempleo.com\/blog\/nuevos-perfiles-digitales-que-se-demandaran-en-2025\/\" \/>\n<meta property=\"og:locale\" content=\"es_ES\" \/>\n<meta property=\"og:type\" content=\"article\" \/>\n<meta property=\"og:title\" content=\"Nuevos perfiles digitales que se demandar\u00e1n en 2025\" \/>\n<meta property=\"og:description\" content=\"Descubre los nuevos perfiles digitales que se demandar\u00e1n en 2025 y qu\u00e9 habilidades y formaci\u00f3n ser\u00e1n clave para acceder...\" \/>\n<meta property=\"og:url\" content=\"https:\/\/www.oficinaempleo.com\/blog\/nuevos-perfiles-digitales-que-se-demandaran-en-2025\/\" \/>\n<meta property=\"og:site_name\" content=\"Noticias y consejos de empleo | Blog OficinaEmpleo\" \/>\n<meta property=\"article:published_time\" content=\"2025-12-18T11:02:09+00:00\" \/>\n<meta property=\"og:image\" content=\"https:\/\/www.oficinaempleo.com\/blog\/wp-content\/uploads\/2025\/12\/featured-image-1766055730.jpg\" \/>\n\t<meta property=\"og:image:width\" content=\"1200\" \/>\n\t<meta property=\"og:image:height\" content=\"800\" \/>\n\t<meta property=\"og:image:type\" content=\"image\/jpeg\" \/>\n<meta name=\"author\" content=\"Pablo Requena\" \/>\n<meta name=\"twitter:card\" content=\"summary_large_image\" \/>\n<meta name=\"twitter:creator\" content=\"@OficinaEmpleo\" \/>\n<meta name=\"twitter:site\" content=\"@OficinaEmpleo\" \/>\n<meta name=\"twitter:label1\" content=\"Written by\" \/>\n\t<meta name=\"twitter:data1\" content=\"Pablo Requena\" \/>\n\t<meta name=\"twitter:label2\" content=\"Est. reading time\" \/>\n\t<meta name=\"twitter:data2\" content=\"5 minutos\" \/>\n<script type=\"application\/ld+json\" class=\"yoast-schema-graph\">{\"@context\":\"https:\/\/schema.org\",\"@graph\":[{\"@type\":\"Article\",\"@id\":\"https:\/\/www.oficinaempleo.com\/blog\/nuevos-perfiles-digitales-que-se-demandaran-en-2025\/#article\",\"isPartOf\":{\"@id\":\"https:\/\/www.oficinaempleo.com\/blog\/nuevos-perfiles-digitales-que-se-demandaran-en-2025\/\"},\"author\":{\"name\":\"Pablo Requena\",\"@id\":\"https:\/\/www.oficinaempleo.com\/blog\/#\/schema\/person\/bbcbfd7a319110b4e42c4fe636540c45\"},\"headline\":\"Nuevos perfiles digitales que se demandar\u00e1n en 2025\",\"datePublished\":\"2025-12-18T11:02:09+00:00\",\"mainEntityOfPage\":{\"@id\":\"https:\/\/www.oficinaempleo.com\/blog\/nuevos-perfiles-digitales-que-se-demandaran-en-2025\/\"},\"wordCount\":976,\"commentCount\":0,\"publisher\":{\"@id\":\"https:\/\/www.oficinaempleo.com\/blog\/#organization\"},\"image\":{\"@id\":\"https:\/\/www.oficinaempleo.com\/blog\/nuevos-perfiles-digitales-que-se-demandaran-en-2025\/#primaryimage\"},\"thumbnailUrl\":\"https:\/\/www.oficinaempleo.com\/blog\/wp-content\/uploads\/2025\/12\/featured-image-1766055730.jpg\",\"inLanguage\":\"es\",\"potentialAction\":[{\"@type\":\"CommentAction\",\"name\":\"Comment\",\"target\":[\"https:\/\/www.oficinaempleo.com\/blog\/nuevos-perfiles-digitales-que-se-demandaran-en-2025\/#respond\"]}]},{\"@type\":\"WebPage\",\"@id\":\"https:\/\/www.oficinaempleo.com\/blog\/nuevos-perfiles-digitales-que-se-demandaran-en-2025\/\",\"url\":\"https:\/\/www.oficinaempleo.com\/blog\/nuevos-perfiles-digitales-que-se-demandaran-en-2025\/\",\"name\":\"Nuevos perfiles digitales que se demandar\u00e1n en 2025\",\"isPartOf\":{\"@id\":\"https:\/\/www.oficinaempleo.com\/blog\/#website\"},\"primaryImageOfPage\":{\"@id\":\"https:\/\/www.oficinaempleo.com\/blog\/nuevos-perfiles-digitales-que-se-demandaran-en-2025\/#primaryimage\"},\"image\":{\"@id\":\"https:\/\/www.oficinaempleo.com\/blog\/nuevos-perfiles-digitales-que-se-demandaran-en-2025\/#primaryimage\"},\"thumbnailUrl\":\"https:\/\/www.oficinaempleo.com\/blog\/wp-content\/uploads\/2025\/12\/featured-image-1766055730.jpg\",\"datePublished\":\"2025-12-18T11:02:09+00:00\",\"description\":\"Descubre los nuevos perfiles digitales que se demandar\u00e1n en 2025 y qu\u00e9 habilidades y formaci\u00f3n ser\u00e1n clave para acceder...\",\"breadcrumb\":{\"@id\":\"https:\/\/www.oficinaempleo.com\/blog\/nuevos-perfiles-digitales-que-se-demandaran-en-2025\/#breadcrumb\"},\"inLanguage\":\"es\",\"potentialAction\":[{\"@type\":\"ReadAction\",\"target\":[\"https:\/\/www.oficinaempleo.com\/blog\/nuevos-perfiles-digitales-que-se-demandaran-en-2025\/\"]}]},{\"@type\":\"ImageObject\",\"inLanguage\":\"es\",\"@id\":\"https:\/\/www.oficinaempleo.com\/blog\/nuevos-perfiles-digitales-que-se-demandaran-en-2025\/#primaryimage\",\"url\":\"https:\/\/www.oficinaempleo.com\/blog\/wp-content\/uploads\/2025\/12\/featured-image-1766055730.jpg\",\"contentUrl\":\"https:\/\/www.oficinaempleo.com\/blog\/wp-content\/uploads\/2025\/12\/featured-image-1766055730.jpg\",\"width\":1200,\"height\":800,\"caption\":\"Descubre los nuevos perfiles digitales que se demandar\u00e1n en 2025 y qu\u00e9 habilidades y formaci\u00f3n ser\u00e1n clave para acceder.\"},{\"@type\":\"BreadcrumbList\",\"@id\":\"https:\/\/www.oficinaempleo.com\/blog\/nuevos-perfiles-digitales-que-se-demandaran-en-2025\/#breadcrumb\",\"itemListElement\":[{\"@type\":\"ListItem\",\"position\":1,\"name\":\"Home\",\"item\":\"https:\/\/www.oficinaempleo.com\/blog\/\"},{\"@type\":\"ListItem\",\"position\":2,\"name\":\"Nuevos perfiles digitales que se demandar\u00e1n en 2025\"}]},{\"@type\":\"WebSite\",\"@id\":\"https:\/\/www.oficinaempleo.com\/blog\/#website\",\"url\":\"https:\/\/www.oficinaempleo.com\/blog\/\",\"name\":\"Noticias y Consejos de Empleo | Blog OficinaEmpleo\",\"description\":\"\",\"publisher\":{\"@id\":\"https:\/\/www.oficinaempleo.com\/blog\/#organization\"},\"potentialAction\":[{\"@type\":\"SearchAction\",\"target\":{\"@type\":\"EntryPoint\",\"urlTemplate\":\"https:\/\/www.oficinaempleo.com\/blog\/?s={search_term_string}\"},\"query-input\":{\"@type\":\"PropertyValueSpecification\",\"valueRequired\":true,\"valueName\":\"search_term_string\"}}],\"inLanguage\":\"es\"},{\"@type\":\"Organization\",\"@id\":\"https:\/\/www.oficinaempleo.com\/blog\/#organization\",\"name\":\"OficinaEmpleo\",\"url\":\"https:\/\/www.oficinaempleo.com\/blog\/\",\"logo\":{\"@type\":\"ImageObject\",\"inLanguage\":\"es\",\"@id\":\"https:\/\/www.oficinaempleo.com\/blog\/#\/schema\/logo\/image\/\",\"url\":\"https:\/\/www.oficinaempleo.com\/blog\/wp-content\/uploads\/2018\/10\/logo_footer-1.jpg\",\"contentUrl\":\"https:\/\/www.oficinaempleo.com\/blog\/wp-content\/uploads\/2018\/10\/logo_footer-1.jpg\",\"width\":478,\"height\":57,\"caption\":\"OficinaEmpleo\"},\"image\":{\"@id\":\"https:\/\/www.oficinaempleo.com\/blog\/#\/schema\/logo\/image\/\"},\"sameAs\":[\"https:\/\/x.com\/OficinaEmpleo\"]},{\"@type\":\"Person\",\"@id\":\"https:\/\/www.oficinaempleo.com\/blog\/#\/schema\/person\/bbcbfd7a319110b4e42c4fe636540c45\",\"name\":\"Pablo Requena\",\"image\":{\"@type\":\"ImageObject\",\"inLanguage\":\"es\",\"@id\":\"https:\/\/www.oficinaempleo.com\/blog\/#\/schema\/person\/image\/\",\"url\":\"https:\/\/secure.gravatar.com\/avatar\/c680f4d2d908e7d788696b0f6573b75c01eaa95df8705e8febd6277b4187b7a5?s=96&d=mm&r=g\",\"contentUrl\":\"https:\/\/secure.gravatar.com\/avatar\/c680f4d2d908e7d788696b0f6573b75c01eaa95df8705e8febd6277b4187b7a5?s=96&d=mm&r=g\",\"caption\":\"Pablo Requena\"},\"url\":\"https:\/\/www.oficinaempleo.com\/blog\/author\/pablorequena\/\"}]}<\/script>\n<!-- \/ Yoast SEO plugin. -->","yoast_head_json":{"title":"Nuevos perfiles digitales que se demandar\u00e1n en 2025","description":"Descubre los nuevos perfiles digitales que se demandar\u00e1n en 2025 y qu\u00e9 habilidades y formaci\u00f3n ser\u00e1n clave para acceder...","robots":{"index":"index","follow":"follow","max-snippet":"max-snippet:-1","max-image-preview":"max-image-preview:large","max-video-preview":"max-video-preview:-1"},"canonical":"https:\/\/www.oficinaempleo.com\/blog\/nuevos-perfiles-digitales-que-se-demandaran-en-2025\/","og_locale":"es_ES","og_type":"article","og_title":"Nuevos perfiles digitales que se demandar\u00e1n en 2025","og_description":"Descubre los nuevos perfiles digitales que se demandar\u00e1n en 2025 y qu\u00e9 habilidades y formaci\u00f3n ser\u00e1n clave para acceder...","og_url":"https:\/\/www.oficinaempleo.com\/blog\/nuevos-perfiles-digitales-que-se-demandaran-en-2025\/","og_site_name":"Noticias y consejos de empleo | Blog OficinaEmpleo","article_published_time":"2025-12-18T11:02:09+00:00","og_image":[{"width":1200,"height":800,"url":"https:\/\/www.oficinaempleo.com\/blog\/wp-content\/uploads\/2025\/12\/featured-image-1766055730.jpg","type":"image\/jpeg"}],"author":"Pablo Requena","twitter_card":"summary_large_image","twitter_creator":"@OficinaEmpleo","twitter_site":"@OficinaEmpleo","twitter_misc":{"Written by":"Pablo Requena","Est. reading time":"5 minutos"},"schema":{"@context":"https:\/\/schema.org","@graph":[{"@type":"Article","@id":"https:\/\/www.oficinaempleo.com\/blog\/nuevos-perfiles-digitales-que-se-demandaran-en-2025\/#article","isPartOf":{"@id":"https:\/\/www.oficinaempleo.com\/blog\/nuevos-perfiles-digitales-que-se-demandaran-en-2025\/"},"author":{"name":"Pablo Requena","@id":"https:\/\/www.oficinaempleo.com\/blog\/#\/schema\/person\/bbcbfd7a319110b4e42c4fe636540c45"},"headline":"Nuevos perfiles digitales que se demandar\u00e1n en 2025","datePublished":"2025-12-18T11:02:09+00:00","mainEntityOfPage":{"@id":"https:\/\/www.oficinaempleo.com\/blog\/nuevos-perfiles-digitales-que-se-demandaran-en-2025\/"},"wordCount":976,"commentCount":0,"publisher":{"@id":"https:\/\/www.oficinaempleo.com\/blog\/#organization"},"image":{"@id":"https:\/\/www.oficinaempleo.com\/blog\/nuevos-perfiles-digitales-que-se-demandaran-en-2025\/#primaryimage"},"thumbnailUrl":"https:\/\/www.oficinaempleo.com\/blog\/wp-content\/uploads\/2025\/12\/featured-image-1766055730.jpg","inLanguage":"es","potentialAction":[{"@type":"CommentAction","name":"Comment","target":["https:\/\/www.oficinaempleo.com\/blog\/nuevos-perfiles-digitales-que-se-demandaran-en-2025\/#respond"]}]},{"@type":"WebPage","@id":"https:\/\/www.oficinaempleo.com\/blog\/nuevos-perfiles-digitales-que-se-demandaran-en-2025\/","url":"https:\/\/www.oficinaempleo.com\/blog\/nuevos-perfiles-digitales-que-se-demandaran-en-2025\/","name":"Nuevos perfiles digitales que se demandar\u00e1n en 2025","isPartOf":{"@id":"https:\/\/www.oficinaempleo.com\/blog\/#website"},"primaryImageOfPage":{"@id":"https:\/\/www.oficinaempleo.com\/blog\/nuevos-perfiles-digitales-que-se-demandaran-en-2025\/#primaryimage"},"image":{"@id":"https:\/\/www.oficinaempleo.com\/blog\/nuevos-perfiles-digitales-que-se-demandaran-en-2025\/#primaryimage"},"thumbnailUrl":"https:\/\/www.oficinaempleo.com\/blog\/wp-content\/uploads\/2025\/12\/featured-image-1766055730.jpg","datePublished":"2025-12-18T11:02:09+00:00","description":"Descubre los nuevos perfiles digitales que se demandar\u00e1n en 2025 y qu\u00e9 habilidades y formaci\u00f3n ser\u00e1n clave para acceder...","breadcrumb":{"@id":"https:\/\/www.oficinaempleo.com\/blog\/nuevos-perfiles-digitales-que-se-demandaran-en-2025\/#breadcrumb"},"inLanguage":"es","potentialAction":[{"@type":"ReadAction","target":["https:\/\/www.oficinaempleo.com\/blog\/nuevos-perfiles-digitales-que-se-demandaran-en-2025\/"]}]},{"@type":"ImageObject","inLanguage":"es","@id":"https:\/\/www.oficinaempleo.com\/blog\/nuevos-perfiles-digitales-que-se-demandaran-en-2025\/#primaryimage","url":"https:\/\/www.oficinaempleo.com\/blog\/wp-content\/uploads\/2025\/12\/featured-image-1766055730.jpg","contentUrl":"https:\/\/www.oficinaempleo.com\/blog\/wp-content\/uploads\/2025\/12\/featured-image-1766055730.jpg","width":1200,"height":800,"caption":"Descubre los nuevos perfiles digitales que se demandar\u00e1n en 2025 y qu\u00e9 habilidades y formaci\u00f3n ser\u00e1n clave para acceder."},{"@type":"BreadcrumbList","@id":"https:\/\/www.oficinaempleo.com\/blog\/nuevos-perfiles-digitales-que-se-demandaran-en-2025\/#breadcrumb","itemListElement":[{"@type":"ListItem","position":1,"name":"Home","item":"https:\/\/www.oficinaempleo.com\/blog\/"},{"@type":"ListItem","position":2,"name":"Nuevos perfiles digitales que se demandar\u00e1n en 2025"}]},{"@type":"WebSite","@id":"https:\/\/www.oficinaempleo.com\/blog\/#website","url":"https:\/\/www.oficinaempleo.com\/blog\/","name":"Noticias y Consejos de Empleo | Blog OficinaEmpleo","description":"","publisher":{"@id":"https:\/\/www.oficinaempleo.com\/blog\/#organization"},"potentialAction":[{"@type":"SearchAction","target":{"@type":"EntryPoint","urlTemplate":"https:\/\/www.oficinaempleo.com\/blog\/?s={search_term_string}"},"query-input":{"@type":"PropertyValueSpecification","valueRequired":true,"valueName":"search_term_string"}}],"inLanguage":"es"},{"@type":"Organization","@id":"https:\/\/www.oficinaempleo.com\/blog\/#organization","name":"OficinaEmpleo","url":"https:\/\/www.oficinaempleo.com\/blog\/","logo":{"@type":"ImageObject","inLanguage":"es","@id":"https:\/\/www.oficinaempleo.com\/blog\/#\/schema\/logo\/image\/","url":"https:\/\/www.oficinaempleo.com\/blog\/wp-content\/uploads\/2018\/10\/logo_footer-1.jpg","contentUrl":"https:\/\/www.oficinaempleo.com\/blog\/wp-content\/uploads\/2018\/10\/logo_footer-1.jpg","width":478,"height":57,"caption":"OficinaEmpleo"},"image":{"@id":"https:\/\/www.oficinaempleo.com\/blog\/#\/schema\/logo\/image\/"},"sameAs":["https:\/\/x.com\/OficinaEmpleo"]},{"@type":"Person","@id":"https:\/\/www.oficinaempleo.com\/blog\/#\/schema\/person\/bbcbfd7a319110b4e42c4fe636540c45","name":"Pablo Requena","image":{"@type":"ImageObject","inLanguage":"es","@id":"https:\/\/www.oficinaempleo.com\/blog\/#\/schema\/person\/image\/","url":"https:\/\/secure.gravatar.com\/avatar\/c680f4d2d908e7d788696b0f6573b75c01eaa95df8705e8febd6277b4187b7a5?s=96&d=mm&r=g","contentUrl":"https:\/\/secure.gravatar.com\/avatar\/c680f4d2d908e7d788696b0f6573b75c01eaa95df8705e8febd6277b4187b7a5?s=96&d=mm&r=g","caption":"Pablo Requena"},"url":"https:\/\/www.oficinaempleo.com\/blog\/author\/pablorequena\/"}]}},"_links":{"self":[{"href":"https:\/\/www.oficinaempleo.com\/blog\/wp-json\/wp\/v2\/posts\/37665","targetHints":{"allow":["GET"]}}],"collection":[{"href":"https:\/\/www.oficinaempleo.com\/blog\/wp-json\/wp\/v2\/posts"}],"about":[{"href":"https:\/\/www.oficinaempleo.com\/blog\/wp-json\/wp\/v2\/types\/post"}],"author":[{"embeddable":true,"href":"https:\/\/www.oficinaempleo.com\/blog\/wp-json\/wp\/v2\/users\/59"}],"replies":[{"embeddable":true,"href":"https:\/\/www.oficinaempleo.com\/blog\/wp-json\/wp\/v2\/comments?post=37665"}],"version-history":[{"count":0,"href":"https:\/\/www.oficinaempleo.com\/blog\/wp-json\/wp\/v2\/posts\/37665\/revisions"}],"wp:featuredmedia":[{"embeddable":true,"href":"https:\/\/www.oficinaempleo.com\/blog\/wp-json\/wp\/v2\/media\/37666"}],"wp:attachment":[{"href":"https:\/\/www.oficinaempleo.com\/blog\/wp-json\/wp\/v2\/media?parent=37665"}],"wp:term":[{"taxonomy":"category","embeddable":true,"href":"https:\/\/www.oficinaempleo.com\/blog\/wp-json\/wp\/v2\/categories?post=37665"},{"taxonomy":"post_tag","embeddable":true,"href":"https:\/\/www.oficinaempleo.com\/blog\/wp-json\/wp\/v2\/tags?post=37665"}],"curies":[{"name":"wp","href":"https:\/\/api.w.org\/{rel}","templated":true}]}}