{"id":37911,"date":"2026-02-19T10:00:59","date_gmt":"2026-02-19T09:00:59","guid":{"rendered":"https:\/\/www.oficinaempleo.com\/blog\/como-superar-el-miedo-al-cambio-profesional\/"},"modified":"2026-02-19T10:00:59","modified_gmt":"2026-02-19T09:00:59","slug":"como-superar-el-miedo-al-cambio-profesional","status":"publish","type":"post","link":"https:\/\/www.oficinaempleo.com\/blog\/como-superar-el-miedo-al-cambio-profesional\/","title":{"rendered":"C\u00f3mo superar el miedo al cambio profesional"},"content":{"rendered":"<p>Cambiar de trabajo o de sector profesional puede ser una de las decisiones m\u00e1s importantes y desafiantes en la vida de cualquier persona. El miedo al cambio profesional es algo completamente normal, incluso cuando el entorno laboral actual ya no nos satisface o sentimos la necesidad de crecer. Sin embargo, ese temor puede llegar a paralizarnos e impedirnos avanzar hacia nuevas oportunidades. En este art\u00edculo, vamos a ver c\u00f3mo superar el miedo al cambio profesional y afrontar esta etapa con confianza y seguridad.<\/p>\n<h2>\u00bfPor qu\u00e9 sentimos miedo al cambio profesional?<\/h2>\n<p>El miedo al cambio profesional surge por varias razones. A menudo, se debe a la incertidumbre que generan los nuevos comienzos, el temor al fracaso o la preocupaci\u00f3n por no estar a la altura de las expectativas. Otras veces, los miedos se relacionan con el entorno social o familiar, el miedo a perder estabilidad econ\u00f3mica o a salir de la zona de confort.<\/p>\n<p>Reconocer el origen de este miedo es el primer paso para abordarlo. Cada persona tiene sus propios motivos: desde la falta de autoestima hasta experiencias negativas anteriores. Lo importante es identificar qu\u00e9 es lo que realmente nos detiene y afrontarlo poco a poco.<\/p>\n<h2>C\u00f3mo afrontar y superar el miedo al cambio laboral<\/h2>\n<p>Superar el miedo al cambio profesional requiere un trabajo interno y, a veces, externo. Aqu\u00ed te compartimos algunos consejos pr\u00e1cticos para lograrlo:<\/p>\n<h3>1. Analiza tu situaci\u00f3n actual y tus motivaciones<\/h3>\n<p>T\u00f3mate un tiempo para reflexionar sobre tu situaci\u00f3n laboral actual. \u00bfQu\u00e9 es lo que te incomoda o no te hace feliz? \u00bfEs el ambiente, las tareas que realizas o la falta de crecimiento? Identifica tambi\u00e9n qu\u00e9 te motiva a buscar un cambio profesional. Saber exactamente qu\u00e9 quieres y por qu\u00e9 lo quieres te dar\u00e1 fuerza para superar el miedo.<\/p>\n<h3>2. Inf\u00f3rmate y prep\u00e1rate<\/h3>\n<p>La informaci\u00f3n es poder. Investiga c\u00f3mo es el sector profesional al que quieres dirigirte, qu\u00e9 competencias se requieren y qu\u00e9 empresas podr\u00edan interesarte. Haz cursos, asiste a charlas o habla con personas que ya hayan dado el salto. Cuanta m\u00e1s informaci\u00f3n tengas, menos incertidumbre sentir\u00e1s, y eso reducir\u00e1 tu temor al cambio profesional.<\/p>\n<h3>3. Valora tus habilidades y experiencia<\/h3>\n<p>A veces, subestimamos nuestro propio valor. Haz una lista de tus logros, habilidades y conocimientos. Seguro que tienes muchas competencias transferibles que pueden ayudarte en tu nueva etapa. Reconocer tu potencial te dar\u00e1 confianza y te har\u00e1 ver que est\u00e1s m\u00e1s preparado de lo que piensas.<\/p>\n<h3>4. Gestiona tus expectativas y acepta el aprendizaje<\/h3>\n<p>Es normal no ser un experto desde el primer d\u00eda. Un cambio profesional implica un periodo de adaptaci\u00f3n y aprendizaje. Perm\u00edtete cometer errores, aprender de ellos y crecer. No te exijas la perfecci\u00f3n desde el principio; lo importante es avanzar paso a paso.<\/p>\n<h3>5. Rod\u00e9ate de apoyo<\/h3>\n<p>Contar con una red de apoyo es fundamental. Habla con amigos, familiares o compa\u00f1eros que te entiendan y te animen. Tambi\u00e9n puedes buscar asesoramiento profesional, como un coach laboral o un orientador. Compartir tus inquietudes y recibir consejo puede ayudarte a ver el cambio profesional como una oportunidad, no como una amenaza.<\/p>\n<h3>6. Visualiza el \u00e9xito y mant\u00e9n una actitud positiva<\/h3>\n<p>La actitud es clave para superar el miedo al cambio profesional. Visualiza c\u00f3mo te sentir\u00edas trabajando en ese nuevo puesto o sector. Imag\u00ednate alcanzando tus objetivos y disfrutando de los logros. Mantener una mentalidad positiva te dar\u00e1 la energ\u00eda necesaria para afrontar los retos que aparezcan en el camino.<\/p>\n<h2>Errores comunes al enfrentar el miedo al cambio profesional<\/h2>\n<p>Muchas personas, por miedo al cambio laboral, cometen algunos errores que pueden dificultar a\u00fan m\u00e1s el proceso. Te contamos cu\u00e1les son para que puedas evitarlos:<\/p>\n<ul>\n<li><strong>Compararte constantemente con los dem\u00e1s:<\/strong> Cada persona tiene su propio ritmo y circunstancias. C\u00e9ntrate en tu propio camino y evita las comparaciones.<\/li>\n<li><strong>Esperar el momento perfecto:<\/strong> Rara vez existe el momento ideal para cambiar de trabajo. Si esperas a que todo sea perfecto, puede que nunca des el paso.<\/li>\n<li><strong>Dejarse llevar por el pesimismo:<\/strong> Pensar solo en lo que puede salir mal impide ver las oportunidades. Trata de enfocarte en los posibles beneficios y aprendizajes.<\/li>\n<li><strong>No pedir ayuda:<\/strong> A veces, compartir tus dudas con otras personas o pedir consejo profesional puede marcar la diferencia.<\/li>\n<\/ul>\n<h2>Beneficios de superar el miedo al cambio profesional<\/h2>\n<p>Superar el miedo al cambio profesional no solo te permite crecer a nivel laboral, sino tambi\u00e9n personal. Te ayuda a desarrollar nuevas habilidades, conocer gente interesante, descubrir tus verdaderos intereses y ganar en confianza. Adem\u00e1s, enfrentarte a los cambios y superarlos te prepara mejor para los retos futuros, tanto dentro como fuera del trabajo.<\/p>\n<p>No olvides que, aunque el miedo es una emoci\u00f3n normal, no debe ser un obst\u00e1culo insalvable. Con actitud, informaci\u00f3n y apoyo, puedes abrirte a nuevas posibilidades y encontrar la satisfacci\u00f3n profesional que buscas.<\/p>\n<p>Recuerda que cada cambio es una oportunidad para reinventarte y alcanzar tus metas. El primer paso es atreverse, y el resto es cuesti\u00f3n de constancia y aprendizaje. Si est\u00e1s pensando en dar un giro a tu carrera, no dejes que el miedo te detenga: conf\u00eda en ti y en tu capacidad de adaptarte y crecer.<\/p>\n","protected":false},"excerpt":{"rendered":"<p>Cambiar de trabajo o de sector profesional puede ser una de las decisiones m\u00e1s importantes y desafiantes en la vida de cualquier persona. El miedo al cambio profesional es algo completamente normal, incluso cuando el entorno laboral actual ya no nos satisface o sentimos la necesidad de crecer. Sin embargo, ese temor puede llegar a [&hellip;]<\/p>\n","protected":false},"author":59,"featured_media":37912,"comment_status":"open","ping_status":"open","sticky":false,"template":"","format":"standard","meta":{"footnotes":""},"categories":[690],"tags":[],"class_list":["post-37911","post","type-post","status-publish","format-standard","has-post-thumbnail","hentry","category-psicologia-empleo","cat-690-id","has_thumb"],"yoast_head":"<!-- This site is optimized with the Yoast SEO plugin v27.1.1 - https:\/\/yoast.com\/product\/yoast-seo-wordpress\/ -->\n<title>C\u00f3mo superar el miedo al cambio profesional<\/title>\n<meta name=\"description\" content=\"Descubre c\u00f3mo superar el miedo al cambio profesional y da el paso hacia una nueva etapa laboral con confianza, consejos...\" \/>\n<meta name=\"robots\" content=\"index, follow, max-snippet:-1, max-image-preview:large, max-video-preview:-1\" \/>\n<link rel=\"canonical\" href=\"https:\/\/www.oficinaempleo.com\/blog\/como-superar-el-miedo-al-cambio-profesional\/\" \/>\n<meta property=\"og:locale\" content=\"es_ES\" \/>\n<meta property=\"og:type\" content=\"article\" \/>\n<meta property=\"og:title\" content=\"C\u00f3mo superar el miedo al cambio profesional\" \/>\n<meta property=\"og:description\" content=\"Descubre c\u00f3mo superar el miedo al cambio profesional y da el paso hacia una nueva etapa laboral con confianza, consejos...\" \/>\n<meta property=\"og:url\" content=\"https:\/\/www.oficinaempleo.com\/blog\/como-superar-el-miedo-al-cambio-profesional\/\" \/>\n<meta property=\"og:site_name\" content=\"Noticias y consejos de empleo | Blog OficinaEmpleo\" \/>\n<meta property=\"article:published_time\" content=\"2026-02-19T09:00:59+00:00\" \/>\n<meta property=\"og:image\" content=\"https:\/\/www.oficinaempleo.com\/blog\/wp-content\/uploads\/2026\/02\/featured-image-1771491659.jpg\" \/>\n\t<meta property=\"og:image:width\" content=\"1200\" \/>\n\t<meta property=\"og:image:height\" content=\"800\" \/>\n\t<meta property=\"og:image:type\" content=\"image\/jpeg\" \/>\n<meta name=\"author\" content=\"Pablo Requena\" \/>\n<meta name=\"twitter:card\" content=\"summary_large_image\" \/>\n<meta name=\"twitter:creator\" content=\"@OficinaEmpleo\" \/>\n<meta name=\"twitter:site\" content=\"@OficinaEmpleo\" \/>\n<meta name=\"twitter:label1\" content=\"Written by\" \/>\n\t<meta name=\"twitter:data1\" content=\"Pablo Requena\" \/>\n\t<meta name=\"twitter:label2\" content=\"Est. reading time\" \/>\n\t<meta name=\"twitter:data2\" content=\"4 minutos\" \/>\n<script type=\"application\/ld+json\" class=\"yoast-schema-graph\">{\"@context\":\"https:\/\/schema.org\",\"@graph\":[{\"@type\":\"Article\",\"@id\":\"https:\/\/www.oficinaempleo.com\/blog\/como-superar-el-miedo-al-cambio-profesional\/#article\",\"isPartOf\":{\"@id\":\"https:\/\/www.oficinaempleo.com\/blog\/como-superar-el-miedo-al-cambio-profesional\/\"},\"author\":{\"name\":\"Pablo Requena\",\"@id\":\"https:\/\/www.oficinaempleo.com\/blog\/#\/schema\/person\/bbcbfd7a319110b4e42c4fe636540c45\"},\"headline\":\"C\u00f3mo superar el miedo al cambio profesional\",\"datePublished\":\"2026-02-19T09:00:59+00:00\",\"mainEntityOfPage\":{\"@id\":\"https:\/\/www.oficinaempleo.com\/blog\/como-superar-el-miedo-al-cambio-profesional\/\"},\"wordCount\":895,\"commentCount\":0,\"publisher\":{\"@id\":\"https:\/\/www.oficinaempleo.com\/blog\/#organization\"},\"image\":{\"@id\":\"https:\/\/www.oficinaempleo.com\/blog\/como-superar-el-miedo-al-cambio-profesional\/#primaryimage\"},\"thumbnailUrl\":\"https:\/\/www.oficinaempleo.com\/blog\/wp-content\/uploads\/2026\/02\/featured-image-1771491659.jpg\",\"articleSection\":[\"Psicolog\u00eda\"],\"inLanguage\":\"es\",\"potentialAction\":[{\"@type\":\"CommentAction\",\"name\":\"Comment\",\"target\":[\"https:\/\/www.oficinaempleo.com\/blog\/como-superar-el-miedo-al-cambio-profesional\/#respond\"]}]},{\"@type\":\"WebPage\",\"@id\":\"https:\/\/www.oficinaempleo.com\/blog\/como-superar-el-miedo-al-cambio-profesional\/\",\"url\":\"https:\/\/www.oficinaempleo.com\/blog\/como-superar-el-miedo-al-cambio-profesional\/\",\"name\":\"C\u00f3mo superar el miedo al cambio profesional\",\"isPartOf\":{\"@id\":\"https:\/\/www.oficinaempleo.com\/blog\/#website\"},\"primaryImageOfPage\":{\"@id\":\"https:\/\/www.oficinaempleo.com\/blog\/como-superar-el-miedo-al-cambio-profesional\/#primaryimage\"},\"image\":{\"@id\":\"https:\/\/www.oficinaempleo.com\/blog\/como-superar-el-miedo-al-cambio-profesional\/#primaryimage\"},\"thumbnailUrl\":\"https:\/\/www.oficinaempleo.com\/blog\/wp-content\/uploads\/2026\/02\/featured-image-1771491659.jpg\",\"datePublished\":\"2026-02-19T09:00:59+00:00\",\"description\":\"Descubre c\u00f3mo superar el miedo al cambio profesional y da el paso hacia una nueva etapa laboral con confianza, consejos...\",\"breadcrumb\":{\"@id\":\"https:\/\/www.oficinaempleo.com\/blog\/como-superar-el-miedo-al-cambio-profesional\/#breadcrumb\"},\"inLanguage\":\"es\",\"potentialAction\":[{\"@type\":\"ReadAction\",\"target\":[\"https:\/\/www.oficinaempleo.com\/blog\/como-superar-el-miedo-al-cambio-profesional\/\"]}]},{\"@type\":\"ImageObject\",\"inLanguage\":\"es\",\"@id\":\"https:\/\/www.oficinaempleo.com\/blog\/como-superar-el-miedo-al-cambio-profesional\/#primaryimage\",\"url\":\"https:\/\/www.oficinaempleo.com\/blog\/wp-content\/uploads\/2026\/02\/featured-image-1771491659.jpg\",\"contentUrl\":\"https:\/\/www.oficinaempleo.com\/blog\/wp-content\/uploads\/2026\/02\/featured-image-1771491659.jpg\",\"width\":1200,\"height\":800,\"caption\":\"Descubre c\u00f3mo superar el miedo al cambio profesional y da el paso hacia una nueva etapa laboral con confianza, consejos.\"},{\"@type\":\"BreadcrumbList\",\"@id\":\"https:\/\/www.oficinaempleo.com\/blog\/como-superar-el-miedo-al-cambio-profesional\/#breadcrumb\",\"itemListElement\":[{\"@type\":\"ListItem\",\"position\":1,\"name\":\"Home\",\"item\":\"https:\/\/www.oficinaempleo.com\/blog\/\"},{\"@type\":\"ListItem\",\"position\":2,\"name\":\"C\u00f3mo superar el miedo al cambio profesional\"}]},{\"@type\":\"WebSite\",\"@id\":\"https:\/\/www.oficinaempleo.com\/blog\/#website\",\"url\":\"https:\/\/www.oficinaempleo.com\/blog\/\",\"name\":\"Noticias y Consejos de Empleo | Blog OficinaEmpleo\",\"description\":\"\",\"publisher\":{\"@id\":\"https:\/\/www.oficinaempleo.com\/blog\/#organization\"},\"potentialAction\":[{\"@type\":\"SearchAction\",\"target\":{\"@type\":\"EntryPoint\",\"urlTemplate\":\"https:\/\/www.oficinaempleo.com\/blog\/?s={search_term_string}\"},\"query-input\":{\"@type\":\"PropertyValueSpecification\",\"valueRequired\":true,\"valueName\":\"search_term_string\"}}],\"inLanguage\":\"es\"},{\"@type\":\"Organization\",\"@id\":\"https:\/\/www.oficinaempleo.com\/blog\/#organization\",\"name\":\"OficinaEmpleo\",\"url\":\"https:\/\/www.oficinaempleo.com\/blog\/\",\"logo\":{\"@type\":\"ImageObject\",\"inLanguage\":\"es\",\"@id\":\"https:\/\/www.oficinaempleo.com\/blog\/#\/schema\/logo\/image\/\",\"url\":\"https:\/\/www.oficinaempleo.com\/blog\/wp-content\/uploads\/2018\/10\/logo_footer-1.jpg\",\"contentUrl\":\"https:\/\/www.oficinaempleo.com\/blog\/wp-content\/uploads\/2018\/10\/logo_footer-1.jpg\",\"width\":478,\"height\":57,\"caption\":\"OficinaEmpleo\"},\"image\":{\"@id\":\"https:\/\/www.oficinaempleo.com\/blog\/#\/schema\/logo\/image\/\"},\"sameAs\":[\"https:\/\/x.com\/OficinaEmpleo\"]},{\"@type\":\"Person\",\"@id\":\"https:\/\/www.oficinaempleo.com\/blog\/#\/schema\/person\/bbcbfd7a319110b4e42c4fe636540c45\",\"name\":\"Pablo Requena\",\"image\":{\"@type\":\"ImageObject\",\"inLanguage\":\"es\",\"@id\":\"https:\/\/www.oficinaempleo.com\/blog\/#\/schema\/person\/image\/\",\"url\":\"https:\/\/secure.gravatar.com\/avatar\/c680f4d2d908e7d788696b0f6573b75c01eaa95df8705e8febd6277b4187b7a5?s=96&d=mm&r=g\",\"contentUrl\":\"https:\/\/secure.gravatar.com\/avatar\/c680f4d2d908e7d788696b0f6573b75c01eaa95df8705e8febd6277b4187b7a5?s=96&d=mm&r=g\",\"caption\":\"Pablo Requena\"},\"url\":\"https:\/\/www.oficinaempleo.com\/blog\/author\/pablorequena\/\"}]}<\/script>\n<!-- \/ Yoast SEO plugin. -->","yoast_head_json":{"title":"C\u00f3mo superar el miedo al cambio profesional","description":"Descubre c\u00f3mo superar el miedo al cambio profesional y da el paso hacia una nueva etapa laboral con confianza, consejos...","robots":{"index":"index","follow":"follow","max-snippet":"max-snippet:-1","max-image-preview":"max-image-preview:large","max-video-preview":"max-video-preview:-1"},"canonical":"https:\/\/www.oficinaempleo.com\/blog\/como-superar-el-miedo-al-cambio-profesional\/","og_locale":"es_ES","og_type":"article","og_title":"C\u00f3mo superar el miedo al cambio profesional","og_description":"Descubre c\u00f3mo superar el miedo al cambio profesional y da el paso hacia una nueva etapa laboral con confianza, consejos...","og_url":"https:\/\/www.oficinaempleo.com\/blog\/como-superar-el-miedo-al-cambio-profesional\/","og_site_name":"Noticias y consejos de empleo | Blog OficinaEmpleo","article_published_time":"2026-02-19T09:00:59+00:00","og_image":[{"width":1200,"height":800,"url":"https:\/\/www.oficinaempleo.com\/blog\/wp-content\/uploads\/2026\/02\/featured-image-1771491659.jpg","type":"image\/jpeg"}],"author":"Pablo Requena","twitter_card":"summary_large_image","twitter_creator":"@OficinaEmpleo","twitter_site":"@OficinaEmpleo","twitter_misc":{"Written by":"Pablo Requena","Est. reading time":"4 minutos"},"schema":{"@context":"https:\/\/schema.org","@graph":[{"@type":"Article","@id":"https:\/\/www.oficinaempleo.com\/blog\/como-superar-el-miedo-al-cambio-profesional\/#article","isPartOf":{"@id":"https:\/\/www.oficinaempleo.com\/blog\/como-superar-el-miedo-al-cambio-profesional\/"},"author":{"name":"Pablo Requena","@id":"https:\/\/www.oficinaempleo.com\/blog\/#\/schema\/person\/bbcbfd7a319110b4e42c4fe636540c45"},"headline":"C\u00f3mo superar el miedo al cambio profesional","datePublished":"2026-02-19T09:00:59+00:00","mainEntityOfPage":{"@id":"https:\/\/www.oficinaempleo.com\/blog\/como-superar-el-miedo-al-cambio-profesional\/"},"wordCount":895,"commentCount":0,"publisher":{"@id":"https:\/\/www.oficinaempleo.com\/blog\/#organization"},"image":{"@id":"https:\/\/www.oficinaempleo.com\/blog\/como-superar-el-miedo-al-cambio-profesional\/#primaryimage"},"thumbnailUrl":"https:\/\/www.oficinaempleo.com\/blog\/wp-content\/uploads\/2026\/02\/featured-image-1771491659.jpg","articleSection":["Psicolog\u00eda"],"inLanguage":"es","potentialAction":[{"@type":"CommentAction","name":"Comment","target":["https:\/\/www.oficinaempleo.com\/blog\/como-superar-el-miedo-al-cambio-profesional\/#respond"]}]},{"@type":"WebPage","@id":"https:\/\/www.oficinaempleo.com\/blog\/como-superar-el-miedo-al-cambio-profesional\/","url":"https:\/\/www.oficinaempleo.com\/blog\/como-superar-el-miedo-al-cambio-profesional\/","name":"C\u00f3mo superar el miedo al cambio profesional","isPartOf":{"@id":"https:\/\/www.oficinaempleo.com\/blog\/#website"},"primaryImageOfPage":{"@id":"https:\/\/www.oficinaempleo.com\/blog\/como-superar-el-miedo-al-cambio-profesional\/#primaryimage"},"image":{"@id":"https:\/\/www.oficinaempleo.com\/blog\/como-superar-el-miedo-al-cambio-profesional\/#primaryimage"},"thumbnailUrl":"https:\/\/www.oficinaempleo.com\/blog\/wp-content\/uploads\/2026\/02\/featured-image-1771491659.jpg","datePublished":"2026-02-19T09:00:59+00:00","description":"Descubre c\u00f3mo superar el miedo al cambio profesional y da el paso hacia una nueva etapa laboral con confianza, consejos...","breadcrumb":{"@id":"https:\/\/www.oficinaempleo.com\/blog\/como-superar-el-miedo-al-cambio-profesional\/#breadcrumb"},"inLanguage":"es","potentialAction":[{"@type":"ReadAction","target":["https:\/\/www.oficinaempleo.com\/blog\/como-superar-el-miedo-al-cambio-profesional\/"]}]},{"@type":"ImageObject","inLanguage":"es","@id":"https:\/\/www.oficinaempleo.com\/blog\/como-superar-el-miedo-al-cambio-profesional\/#primaryimage","url":"https:\/\/www.oficinaempleo.com\/blog\/wp-content\/uploads\/2026\/02\/featured-image-1771491659.jpg","contentUrl":"https:\/\/www.oficinaempleo.com\/blog\/wp-content\/uploads\/2026\/02\/featured-image-1771491659.jpg","width":1200,"height":800,"caption":"Descubre c\u00f3mo superar el miedo al cambio profesional y da el paso hacia una nueva etapa laboral con confianza, consejos."},{"@type":"BreadcrumbList","@id":"https:\/\/www.oficinaempleo.com\/blog\/como-superar-el-miedo-al-cambio-profesional\/#breadcrumb","itemListElement":[{"@type":"ListItem","position":1,"name":"Home","item":"https:\/\/www.oficinaempleo.com\/blog\/"},{"@type":"ListItem","position":2,"name":"C\u00f3mo superar el miedo al cambio profesional"}]},{"@type":"WebSite","@id":"https:\/\/www.oficinaempleo.com\/blog\/#website","url":"https:\/\/www.oficinaempleo.com\/blog\/","name":"Noticias y Consejos de Empleo | Blog OficinaEmpleo","description":"","publisher":{"@id":"https:\/\/www.oficinaempleo.com\/blog\/#organization"},"potentialAction":[{"@type":"SearchAction","target":{"@type":"EntryPoint","urlTemplate":"https:\/\/www.oficinaempleo.com\/blog\/?s={search_term_string}"},"query-input":{"@type":"PropertyValueSpecification","valueRequired":true,"valueName":"search_term_string"}}],"inLanguage":"es"},{"@type":"Organization","@id":"https:\/\/www.oficinaempleo.com\/blog\/#organization","name":"OficinaEmpleo","url":"https:\/\/www.oficinaempleo.com\/blog\/","logo":{"@type":"ImageObject","inLanguage":"es","@id":"https:\/\/www.oficinaempleo.com\/blog\/#\/schema\/logo\/image\/","url":"https:\/\/www.oficinaempleo.com\/blog\/wp-content\/uploads\/2018\/10\/logo_footer-1.jpg","contentUrl":"https:\/\/www.oficinaempleo.com\/blog\/wp-content\/uploads\/2018\/10\/logo_footer-1.jpg","width":478,"height":57,"caption":"OficinaEmpleo"},"image":{"@id":"https:\/\/www.oficinaempleo.com\/blog\/#\/schema\/logo\/image\/"},"sameAs":["https:\/\/x.com\/OficinaEmpleo"]},{"@type":"Person","@id":"https:\/\/www.oficinaempleo.com\/blog\/#\/schema\/person\/bbcbfd7a319110b4e42c4fe636540c45","name":"Pablo Requena","image":{"@type":"ImageObject","inLanguage":"es","@id":"https:\/\/www.oficinaempleo.com\/blog\/#\/schema\/person\/image\/","url":"https:\/\/secure.gravatar.com\/avatar\/c680f4d2d908e7d788696b0f6573b75c01eaa95df8705e8febd6277b4187b7a5?s=96&d=mm&r=g","contentUrl":"https:\/\/secure.gravatar.com\/avatar\/c680f4d2d908e7d788696b0f6573b75c01eaa95df8705e8febd6277b4187b7a5?s=96&d=mm&r=g","caption":"Pablo Requena"},"url":"https:\/\/www.oficinaempleo.com\/blog\/author\/pablorequena\/"}]}},"_links":{"self":[{"href":"https:\/\/www.oficinaempleo.com\/blog\/wp-json\/wp\/v2\/posts\/37911","targetHints":{"allow":["GET"]}}],"collection":[{"href":"https:\/\/www.oficinaempleo.com\/blog\/wp-json\/wp\/v2\/posts"}],"about":[{"href":"https:\/\/www.oficinaempleo.com\/blog\/wp-json\/wp\/v2\/types\/post"}],"author":[{"embeddable":true,"href":"https:\/\/www.oficinaempleo.com\/blog\/wp-json\/wp\/v2\/users\/59"}],"replies":[{"embeddable":true,"href":"https:\/\/www.oficinaempleo.com\/blog\/wp-json\/wp\/v2\/comments?post=37911"}],"version-history":[{"count":0,"href":"https:\/\/www.oficinaempleo.com\/blog\/wp-json\/wp\/v2\/posts\/37911\/revisions"}],"wp:featuredmedia":[{"embeddable":true,"href":"https:\/\/www.oficinaempleo.com\/blog\/wp-json\/wp\/v2\/media\/37912"}],"wp:attachment":[{"href":"https:\/\/www.oficinaempleo.com\/blog\/wp-json\/wp\/v2\/media?parent=37911"}],"wp:term":[{"taxonomy":"category","embeddable":true,"href":"https:\/\/www.oficinaempleo.com\/blog\/wp-json\/wp\/v2\/categories?post=37911"},{"taxonomy":"post_tag","embeddable":true,"href":"https:\/\/www.oficinaempleo.com\/blog\/wp-json\/wp\/v2\/tags?post=37911"}],"curies":[{"name":"wp","href":"https:\/\/api.w.org\/{rel}","templated":true}]}}