{"id":37950,"date":"2026-03-04T09:59:57","date_gmt":"2026-03-04T08:59:57","guid":{"rendered":"https:\/\/www.oficinaempleo.com\/blog\/que-esperar-del-mercado-laboral-espanol-en-2026\/"},"modified":"2026-03-04T09:59:57","modified_gmt":"2026-03-04T08:59:57","slug":"que-esperar-del-mercado-laboral-espanol-en-2026","status":"publish","type":"post","link":"https:\/\/www.oficinaempleo.com\/blog\/que-esperar-del-mercado-laboral-espanol-en-2026\/","title":{"rendered":"\u00bfQu\u00e9 esperar del mercado laboral espa\u00f1ol en 2026?"},"content":{"rendered":"<p>El mercado laboral espa\u00f1ol est\u00e1 en constante evoluci\u00f3n, y de cara a 2026 se esperan cambios significativos que afectar\u00e1n tanto a empresas como a trabajadores. Con la transformaci\u00f3n digital, la automatizaci\u00f3n y el auge de nuevas profesiones, es fundamental estar informado sobre las tendencias que marcar\u00e1n el empleo en los pr\u00f3ximos a\u00f1os.<\/p>\n<h2>Tendencias clave en el mercado laboral espa\u00f1ol para 2026<\/h2>\n<p>La digitalizaci\u00f3n y la sostenibilidad ser\u00e1n dos de los motores principales que impulsar\u00e1n el mercado laboral espa\u00f1ol en 2026. Sectores como la tecnolog\u00eda, las energ\u00edas renovables y los servicios seguir\u00e1n generando muchas oportunidades, mientras que otros, como la industria tradicional, tendr\u00e1n que adaptarse a las nuevas demandas y tecnolog\u00edas.<\/p>\n<h3>Transformaci\u00f3n digital y automatizaci\u00f3n<\/h3>\n<p>La presencia de la inteligencia artificial, el Big Data y la automatizaci\u00f3n ser\u00e1 a\u00fan mayor en el mercado laboral de 2026. Muchos empleos administrativos y repetitivos se ver\u00e1n reducidos por la implantaci\u00f3n de sistemas automatizados, lo que obligar\u00e1 a los trabajadores a adquirir nuevas competencias digitales para mantenerse competitivos.<\/p>\n<h3>Sectores en auge<\/h3>\n<p>El sector tecnol\u00f3gico seguir\u00e1 siendo uno de los m\u00e1s din\u00e1micos en Espa\u00f1a. Profesionales como desarrolladores de software, expertos en ciberseguridad, analistas de datos y especialistas en inteligencia artificial estar\u00e1n muy demandados. Adem\u00e1s, la econom\u00eda verde y el sector de las energ\u00edas renovables continuar\u00e1n creciendo, generando empleo en \u00e1reas como la instalaci\u00f3n de paneles solares, la gesti\u00f3n de residuos y la movilidad sostenible.<\/p>\n<h3>La importancia de las habilidades blandas<\/h3>\n<p>M\u00e1s all\u00e1 de los conocimientos t\u00e9cnicos, las empresas valorar\u00e1n cada vez m\u00e1s las <strong>habilidades blandas<\/strong> como la capacidad de trabajar en equipo, la adaptaci\u00f3n al cambio, la comunicaci\u00f3n efectiva y la resoluci\u00f3n de problemas. La flexibilidad y la empat\u00eda ser\u00e1n cualidades determinantes a la hora de acceder a un empleo o promocionar dentro de una organizaci\u00f3n.<\/p>\n<h2>Empleo juvenil y formaci\u00f3n profesional<\/h2>\n<p>En el horizonte de 2026, se espera que el desempleo juvenil siga siendo un reto en Espa\u00f1a, aunque las pol\u00edticas de fomento de la formaci\u00f3n profesional y la colaboraci\u00f3n entre empresas y centros educativos ayudar\u00e1n a reducir la brecha entre la oferta y la demanda de empleo. La formaci\u00f3n dual y los programas de aprendizaje en el puesto de trabajo ser\u00e1n cada vez m\u00e1s habituales, facilitando la inserci\u00f3n laboral de los j\u00f3venes.<\/p>\n<h3>El papel de la FP en el mercado laboral<\/h3>\n<p>La <strong>Formaci\u00f3n Profesional<\/strong> ganar\u00e1 protagonismo como v\u00eda de acceso a empleos cualificados, especialmente en sectores como la sanidad, la tecnolog\u00eda y los servicios. Las empresas buscar\u00e1n perfiles vers\u00e1tiles, con habilidades t\u00e9cnicas y experiencia pr\u00e1ctica, por lo que la FP se consolidar\u00e1 como una opci\u00f3n atractiva para muchos j\u00f3venes.<\/p>\n<h2>Teletrabajo y flexibilidad laboral<\/h2>\n<p>La pandemia aceler\u00f3 la implantaci\u00f3n del teletrabajo en Espa\u00f1a, y en 2026 esta modalidad estar\u00e1 plenamente integrada en muchas empresas. Se priorizar\u00e1n modelos h\u00edbridos que permitan combinar el trabajo presencial y remoto, favoreciendo la conciliaci\u00f3n familiar y la productividad. Las empresas que ofrezcan flexibilidad tendr\u00e1n ventaja a la hora de atraer y retener talento.<\/p>\n<h3>Bienestar laboral y salud mental<\/h3>\n<p>La preocupaci\u00f3n por el bienestar de los empleados ser\u00e1 clave en el mercado laboral de 2026. Las organizaciones invertir\u00e1n en programas de salud mental, horarios flexibles y entornos de trabajo saludables para mejorar la satisfacci\u00f3n y el rendimiento de sus equipos.<\/p>\n<h2>Retos y oportunidades para trabajadores y empresas<\/h2>\n<p>El mercado laboral espa\u00f1ol de 2026 presentar\u00e1 desaf\u00edos, como la adaptaci\u00f3n al cambio tecnol\u00f3gico y la necesidad de una formaci\u00f3n continua. Sin embargo, tambi\u00e9n habr\u00e1 oportunidades para quienes apuesten por la actualizaci\u00f3n de sus competencias y la especializaci\u00f3n en \u00e1reas con alta demanda.<\/p>\n<h3>Formaci\u00f3n continua y reciclaje profesional<\/h3>\n<p>La capacidad de aprender y adaptarse ser\u00e1 fundamental. Tanto los trabajadores como las empresas deber\u00e1n invertir en formaci\u00f3n continua para responder a las exigencias de un mercado en constante transformaci\u00f3n. Los cursos online, los programas de especializaci\u00f3n y las certificaciones ser\u00e1n herramientas clave para mantener la empleabilidad.<\/p>\n<h3>Diversidad e inclusi\u00f3n<\/h3>\n<p>La diversidad en el entorno laboral ser\u00e1 cada vez m\u00e1s valorada. Las empresas que promuevan entornos inclusivos, donde se respeten las diferencias de g\u00e9nero, edad, origen o capacidades, ser\u00e1n m\u00e1s atractivas para el talento y mejorar\u00e1n su competitividad.<\/p>\n<h2>Profesiones con mayor proyecci\u00f3n en 2026<\/h2>\n<p>Entre los perfiles profesionales m\u00e1s demandados para 2026 en Espa\u00f1a destacan:<\/p>\n<ul>\n<li>Especialistas en tecnolog\u00edas de la informaci\u00f3n y la comunicaci\u00f3n (TIC).<\/li>\n<li>Expertos en energ\u00edas renovables y sostenibilidad.<\/li>\n<li>Profesionales sanitarios y sociosanitarios.<\/li>\n<li>Especialistas en marketing digital y comercio electr\u00f3nico.<\/li>\n<li>Personal t\u00e9cnico de FP en sectores industriales y tecnol\u00f3gicos.<\/li>\n<\/ul>\n<p>Adem\u00e1s, surgir\u00e1n nuevas profesiones vinculadas a la inteligencia artificial, la rob\u00f3tica, la gesti\u00f3n de datos y la econom\u00eda circular.<\/p>\n<h2>\u00bfQu\u00e9 pueden hacer los trabajadores para prepararse?<\/h2>\n<p>Para afrontar el futuro del mercado laboral espa\u00f1ol en 2026, es recomendable anticiparse y fortalecer las competencias m\u00e1s valoradas. Estos son algunos consejos:<\/p>\n<ul>\n<li>Invertir en la formaci\u00f3n digital y tecnol\u00f3gica.<\/li>\n<li>Desarrollar habilidades blandas como la comunicaci\u00f3n y la adaptabilidad.<\/li>\n<li>Estar atentos a las tendencias del mercado y los sectores emergentes.<\/li>\n<li>Buscar oportunidades de formaci\u00f3n continua y reciclaje profesional.<\/li>\n<li>Potenciar el networking y la colaboraci\u00f3n.<\/li>\n<\/ul>\n<p>El mercado laboral espa\u00f1ol de 2026 ser\u00e1 m\u00e1s din\u00e1mico, flexible y exigente. Adaptarse a los cambios y apostar por la formaci\u00f3n ser\u00e1n las claves para aprovechar todas las oportunidades que traer\u00e1 el futuro.<\/p>\n","protected":false},"excerpt":{"rendered":"<p>El mercado laboral espa\u00f1ol est\u00e1 en constante evoluci\u00f3n, y de cara a 2026 se esperan cambios significativos que afectar\u00e1n tanto a empresas como a trabajadores. Con la transformaci\u00f3n digital, la automatizaci\u00f3n y el auge de nuevas profesiones, es fundamental estar informado sobre las tendencias que marcar\u00e1n el empleo en los pr\u00f3ximos a\u00f1os. Tendencias clave en [&hellip;]<\/p>\n","protected":false},"author":59,"featured_media":37090,"comment_status":"open","ping_status":"open","sticky":false,"template":"","format":"standard","meta":{"footnotes":""},"categories":[1],"tags":[],"class_list":["post-37950","post","type-post","status-publish","format-standard","has-post-thumbnail","hentry","category-sin-categoria","cat-1-id","has_thumb"],"yoast_head":"<!-- This site is optimized with the Yoast SEO plugin v27.1.1 - https:\/\/yoast.com\/product\/yoast-seo-wordpress\/ -->\n<title>\u00bfQu\u00e9 esperar del mercado laboral espa\u00f1ol en 2026?<\/title>\n<meta name=\"description\" content=\"Descubre las tendencias, sectores en auge y oportunidades del mercado laboral espa\u00f1ol en 2026.\" \/>\n<meta name=\"robots\" content=\"index, follow, max-snippet:-1, max-image-preview:large, max-video-preview:-1\" \/>\n<link rel=\"canonical\" href=\"https:\/\/www.oficinaempleo.com\/blog\/que-esperar-del-mercado-laboral-espanol-en-2026\/\" \/>\n<meta property=\"og:locale\" content=\"es_ES\" \/>\n<meta property=\"og:type\" content=\"article\" \/>\n<meta property=\"og:title\" content=\"\u00bfQu\u00e9 esperar del mercado laboral espa\u00f1ol en 2026?\" \/>\n<meta property=\"og:description\" content=\"Descubre las tendencias, sectores en auge y oportunidades del mercado laboral espa\u00f1ol en 2026.\" \/>\n<meta property=\"og:url\" content=\"https:\/\/www.oficinaempleo.com\/blog\/que-esperar-del-mercado-laboral-espanol-en-2026\/\" \/>\n<meta property=\"og:site_name\" content=\"Noticias y consejos de empleo | Blog OficinaEmpleo\" \/>\n<meta property=\"article:published_time\" content=\"2026-03-04T08:59:57+00:00\" \/>\n<meta property=\"og:image\" content=\"https:\/\/www.oficinaempleo.com\/blog\/wp-content\/uploads\/2025\/09\/Articulo-en-Oficina-Empleo.jpg\" \/>\n\t<meta property=\"og:image:width\" content=\"600\" \/>\n\t<meta property=\"og:image:height\" content=\"310\" \/>\n\t<meta property=\"og:image:type\" content=\"image\/jpeg\" \/>\n<meta name=\"author\" content=\"Pablo Requena\" \/>\n<meta name=\"twitter:card\" content=\"summary_large_image\" \/>\n<meta name=\"twitter:creator\" content=\"@OficinaEmpleo\" \/>\n<meta name=\"twitter:site\" content=\"@OficinaEmpleo\" \/>\n<meta name=\"twitter:label1\" content=\"Written by\" \/>\n\t<meta name=\"twitter:data1\" content=\"Pablo Requena\" \/>\n\t<meta name=\"twitter:label2\" content=\"Est. reading time\" \/>\n\t<meta name=\"twitter:data2\" content=\"5 minutos\" \/>\n<script type=\"application\/ld+json\" class=\"yoast-schema-graph\">{\"@context\":\"https:\/\/schema.org\",\"@graph\":[{\"@type\":\"Article\",\"@id\":\"https:\/\/www.oficinaempleo.com\/blog\/que-esperar-del-mercado-laboral-espanol-en-2026\/#article\",\"isPartOf\":{\"@id\":\"https:\/\/www.oficinaempleo.com\/blog\/que-esperar-del-mercado-laboral-espanol-en-2026\/\"},\"author\":{\"name\":\"Pablo Requena\",\"@id\":\"https:\/\/www.oficinaempleo.com\/blog\/#\/schema\/person\/bbcbfd7a319110b4e42c4fe636540c45\"},\"headline\":\"\u00bfQu\u00e9 esperar del mercado laboral espa\u00f1ol en 2026?\",\"datePublished\":\"2026-03-04T08:59:57+00:00\",\"mainEntityOfPage\":{\"@id\":\"https:\/\/www.oficinaempleo.com\/blog\/que-esperar-del-mercado-laboral-espanol-en-2026\/\"},\"wordCount\":964,\"commentCount\":0,\"publisher\":{\"@id\":\"https:\/\/www.oficinaempleo.com\/blog\/#organization\"},\"image\":{\"@id\":\"https:\/\/www.oficinaempleo.com\/blog\/que-esperar-del-mercado-laboral-espanol-en-2026\/#primaryimage\"},\"thumbnailUrl\":\"https:\/\/www.oficinaempleo.com\/blog\/wp-content\/uploads\/2025\/09\/Articulo-en-Oficina-Empleo.jpg\",\"inLanguage\":\"es\",\"potentialAction\":[{\"@type\":\"CommentAction\",\"name\":\"Comment\",\"target\":[\"https:\/\/www.oficinaempleo.com\/blog\/que-esperar-del-mercado-laboral-espanol-en-2026\/#respond\"]}]},{\"@type\":\"WebPage\",\"@id\":\"https:\/\/www.oficinaempleo.com\/blog\/que-esperar-del-mercado-laboral-espanol-en-2026\/\",\"url\":\"https:\/\/www.oficinaempleo.com\/blog\/que-esperar-del-mercado-laboral-espanol-en-2026\/\",\"name\":\"\u00bfQu\u00e9 esperar del mercado laboral espa\u00f1ol en 2026?\",\"isPartOf\":{\"@id\":\"https:\/\/www.oficinaempleo.com\/blog\/#website\"},\"primaryImageOfPage\":{\"@id\":\"https:\/\/www.oficinaempleo.com\/blog\/que-esperar-del-mercado-laboral-espanol-en-2026\/#primaryimage\"},\"image\":{\"@id\":\"https:\/\/www.oficinaempleo.com\/blog\/que-esperar-del-mercado-laboral-espanol-en-2026\/#primaryimage\"},\"thumbnailUrl\":\"https:\/\/www.oficinaempleo.com\/blog\/wp-content\/uploads\/2025\/09\/Articulo-en-Oficina-Empleo.jpg\",\"datePublished\":\"2026-03-04T08:59:57+00:00\",\"description\":\"Descubre las tendencias, sectores en auge y oportunidades del mercado laboral espa\u00f1ol en 2026.\",\"breadcrumb\":{\"@id\":\"https:\/\/www.oficinaempleo.com\/blog\/que-esperar-del-mercado-laboral-espanol-en-2026\/#breadcrumb\"},\"inLanguage\":\"es\",\"potentialAction\":[{\"@type\":\"ReadAction\",\"target\":[\"https:\/\/www.oficinaempleo.com\/blog\/que-esperar-del-mercado-laboral-espanol-en-2026\/\"]}]},{\"@type\":\"ImageObject\",\"inLanguage\":\"es\",\"@id\":\"https:\/\/www.oficinaempleo.com\/blog\/que-esperar-del-mercado-laboral-espanol-en-2026\/#primaryimage\",\"url\":\"https:\/\/www.oficinaempleo.com\/blog\/wp-content\/uploads\/2025\/09\/Articulo-en-Oficina-Empleo.jpg\",\"contentUrl\":\"https:\/\/www.oficinaempleo.com\/blog\/wp-content\/uploads\/2025\/09\/Articulo-en-Oficina-Empleo.jpg\",\"width\":600,\"height\":310,\"caption\":\"Descubre los pasos clave para lanzar tu negocio digital con \u00e9xito en 2026.\"},{\"@type\":\"BreadcrumbList\",\"@id\":\"https:\/\/www.oficinaempleo.com\/blog\/que-esperar-del-mercado-laboral-espanol-en-2026\/#breadcrumb\",\"itemListElement\":[{\"@type\":\"ListItem\",\"position\":1,\"name\":\"Home\",\"item\":\"https:\/\/www.oficinaempleo.com\/blog\/\"},{\"@type\":\"ListItem\",\"position\":2,\"name\":\"\u00bfQu\u00e9 esperar del mercado laboral espa\u00f1ol en 2026?\"}]},{\"@type\":\"WebSite\",\"@id\":\"https:\/\/www.oficinaempleo.com\/blog\/#website\",\"url\":\"https:\/\/www.oficinaempleo.com\/blog\/\",\"name\":\"Noticias y Consejos de Empleo | Blog OficinaEmpleo\",\"description\":\"\",\"publisher\":{\"@id\":\"https:\/\/www.oficinaempleo.com\/blog\/#organization\"},\"potentialAction\":[{\"@type\":\"SearchAction\",\"target\":{\"@type\":\"EntryPoint\",\"urlTemplate\":\"https:\/\/www.oficinaempleo.com\/blog\/?s={search_term_string}\"},\"query-input\":{\"@type\":\"PropertyValueSpecification\",\"valueRequired\":true,\"valueName\":\"search_term_string\"}}],\"inLanguage\":\"es\"},{\"@type\":\"Organization\",\"@id\":\"https:\/\/www.oficinaempleo.com\/blog\/#organization\",\"name\":\"OficinaEmpleo\",\"url\":\"https:\/\/www.oficinaempleo.com\/blog\/\",\"logo\":{\"@type\":\"ImageObject\",\"inLanguage\":\"es\",\"@id\":\"https:\/\/www.oficinaempleo.com\/blog\/#\/schema\/logo\/image\/\",\"url\":\"https:\/\/www.oficinaempleo.com\/blog\/wp-content\/uploads\/2018\/10\/logo_footer-1.jpg\",\"contentUrl\":\"https:\/\/www.oficinaempleo.com\/blog\/wp-content\/uploads\/2018\/10\/logo_footer-1.jpg\",\"width\":478,\"height\":57,\"caption\":\"OficinaEmpleo\"},\"image\":{\"@id\":\"https:\/\/www.oficinaempleo.com\/blog\/#\/schema\/logo\/image\/\"},\"sameAs\":[\"https:\/\/x.com\/OficinaEmpleo\"]},{\"@type\":\"Person\",\"@id\":\"https:\/\/www.oficinaempleo.com\/blog\/#\/schema\/person\/bbcbfd7a319110b4e42c4fe636540c45\",\"name\":\"Pablo Requena\",\"image\":{\"@type\":\"ImageObject\",\"inLanguage\":\"es\",\"@id\":\"https:\/\/www.oficinaempleo.com\/blog\/#\/schema\/person\/image\/\",\"url\":\"https:\/\/secure.gravatar.com\/avatar\/c680f4d2d908e7d788696b0f6573b75c01eaa95df8705e8febd6277b4187b7a5?s=96&d=mm&r=g\",\"contentUrl\":\"https:\/\/secure.gravatar.com\/avatar\/c680f4d2d908e7d788696b0f6573b75c01eaa95df8705e8febd6277b4187b7a5?s=96&d=mm&r=g\",\"caption\":\"Pablo Requena\"},\"url\":\"https:\/\/www.oficinaempleo.com\/blog\/author\/pablorequena\/\"}]}<\/script>\n<!-- \/ Yoast SEO plugin. -->","yoast_head_json":{"title":"\u00bfQu\u00e9 esperar del mercado laboral espa\u00f1ol en 2026?","description":"Descubre las tendencias, sectores en auge y oportunidades del mercado laboral espa\u00f1ol en 2026.","robots":{"index":"index","follow":"follow","max-snippet":"max-snippet:-1","max-image-preview":"max-image-preview:large","max-video-preview":"max-video-preview:-1"},"canonical":"https:\/\/www.oficinaempleo.com\/blog\/que-esperar-del-mercado-laboral-espanol-en-2026\/","og_locale":"es_ES","og_type":"article","og_title":"\u00bfQu\u00e9 esperar del mercado laboral espa\u00f1ol en 2026?","og_description":"Descubre las tendencias, sectores en auge y oportunidades del mercado laboral espa\u00f1ol en 2026.","og_url":"https:\/\/www.oficinaempleo.com\/blog\/que-esperar-del-mercado-laboral-espanol-en-2026\/","og_site_name":"Noticias y consejos de empleo | Blog OficinaEmpleo","article_published_time":"2026-03-04T08:59:57+00:00","og_image":[{"width":600,"height":310,"url":"https:\/\/www.oficinaempleo.com\/blog\/wp-content\/uploads\/2025\/09\/Articulo-en-Oficina-Empleo.jpg","type":"image\/jpeg"}],"author":"Pablo Requena","twitter_card":"summary_large_image","twitter_creator":"@OficinaEmpleo","twitter_site":"@OficinaEmpleo","twitter_misc":{"Written by":"Pablo Requena","Est. reading time":"5 minutos"},"schema":{"@context":"https:\/\/schema.org","@graph":[{"@type":"Article","@id":"https:\/\/www.oficinaempleo.com\/blog\/que-esperar-del-mercado-laboral-espanol-en-2026\/#article","isPartOf":{"@id":"https:\/\/www.oficinaempleo.com\/blog\/que-esperar-del-mercado-laboral-espanol-en-2026\/"},"author":{"name":"Pablo Requena","@id":"https:\/\/www.oficinaempleo.com\/blog\/#\/schema\/person\/bbcbfd7a319110b4e42c4fe636540c45"},"headline":"\u00bfQu\u00e9 esperar del mercado laboral espa\u00f1ol en 2026?","datePublished":"2026-03-04T08:59:57+00:00","mainEntityOfPage":{"@id":"https:\/\/www.oficinaempleo.com\/blog\/que-esperar-del-mercado-laboral-espanol-en-2026\/"},"wordCount":964,"commentCount":0,"publisher":{"@id":"https:\/\/www.oficinaempleo.com\/blog\/#organization"},"image":{"@id":"https:\/\/www.oficinaempleo.com\/blog\/que-esperar-del-mercado-laboral-espanol-en-2026\/#primaryimage"},"thumbnailUrl":"https:\/\/www.oficinaempleo.com\/blog\/wp-content\/uploads\/2025\/09\/Articulo-en-Oficina-Empleo.jpg","inLanguage":"es","potentialAction":[{"@type":"CommentAction","name":"Comment","target":["https:\/\/www.oficinaempleo.com\/blog\/que-esperar-del-mercado-laboral-espanol-en-2026\/#respond"]}]},{"@type":"WebPage","@id":"https:\/\/www.oficinaempleo.com\/blog\/que-esperar-del-mercado-laboral-espanol-en-2026\/","url":"https:\/\/www.oficinaempleo.com\/blog\/que-esperar-del-mercado-laboral-espanol-en-2026\/","name":"\u00bfQu\u00e9 esperar del mercado laboral espa\u00f1ol en 2026?","isPartOf":{"@id":"https:\/\/www.oficinaempleo.com\/blog\/#website"},"primaryImageOfPage":{"@id":"https:\/\/www.oficinaempleo.com\/blog\/que-esperar-del-mercado-laboral-espanol-en-2026\/#primaryimage"},"image":{"@id":"https:\/\/www.oficinaempleo.com\/blog\/que-esperar-del-mercado-laboral-espanol-en-2026\/#primaryimage"},"thumbnailUrl":"https:\/\/www.oficinaempleo.com\/blog\/wp-content\/uploads\/2025\/09\/Articulo-en-Oficina-Empleo.jpg","datePublished":"2026-03-04T08:59:57+00:00","description":"Descubre las tendencias, sectores en auge y oportunidades del mercado laboral espa\u00f1ol en 2026.","breadcrumb":{"@id":"https:\/\/www.oficinaempleo.com\/blog\/que-esperar-del-mercado-laboral-espanol-en-2026\/#breadcrumb"},"inLanguage":"es","potentialAction":[{"@type":"ReadAction","target":["https:\/\/www.oficinaempleo.com\/blog\/que-esperar-del-mercado-laboral-espanol-en-2026\/"]}]},{"@type":"ImageObject","inLanguage":"es","@id":"https:\/\/www.oficinaempleo.com\/blog\/que-esperar-del-mercado-laboral-espanol-en-2026\/#primaryimage","url":"https:\/\/www.oficinaempleo.com\/blog\/wp-content\/uploads\/2025\/09\/Articulo-en-Oficina-Empleo.jpg","contentUrl":"https:\/\/www.oficinaempleo.com\/blog\/wp-content\/uploads\/2025\/09\/Articulo-en-Oficina-Empleo.jpg","width":600,"height":310,"caption":"Descubre los pasos clave para lanzar tu negocio digital con \u00e9xito en 2026."},{"@type":"BreadcrumbList","@id":"https:\/\/www.oficinaempleo.com\/blog\/que-esperar-del-mercado-laboral-espanol-en-2026\/#breadcrumb","itemListElement":[{"@type":"ListItem","position":1,"name":"Home","item":"https:\/\/www.oficinaempleo.com\/blog\/"},{"@type":"ListItem","position":2,"name":"\u00bfQu\u00e9 esperar del mercado laboral espa\u00f1ol en 2026?"}]},{"@type":"WebSite","@id":"https:\/\/www.oficinaempleo.com\/blog\/#website","url":"https:\/\/www.oficinaempleo.com\/blog\/","name":"Noticias y Consejos de Empleo | Blog OficinaEmpleo","description":"","publisher":{"@id":"https:\/\/www.oficinaempleo.com\/blog\/#organization"},"potentialAction":[{"@type":"SearchAction","target":{"@type":"EntryPoint","urlTemplate":"https:\/\/www.oficinaempleo.com\/blog\/?s={search_term_string}"},"query-input":{"@type":"PropertyValueSpecification","valueRequired":true,"valueName":"search_term_string"}}],"inLanguage":"es"},{"@type":"Organization","@id":"https:\/\/www.oficinaempleo.com\/blog\/#organization","name":"OficinaEmpleo","url":"https:\/\/www.oficinaempleo.com\/blog\/","logo":{"@type":"ImageObject","inLanguage":"es","@id":"https:\/\/www.oficinaempleo.com\/blog\/#\/schema\/logo\/image\/","url":"https:\/\/www.oficinaempleo.com\/blog\/wp-content\/uploads\/2018\/10\/logo_footer-1.jpg","contentUrl":"https:\/\/www.oficinaempleo.com\/blog\/wp-content\/uploads\/2018\/10\/logo_footer-1.jpg","width":478,"height":57,"caption":"OficinaEmpleo"},"image":{"@id":"https:\/\/www.oficinaempleo.com\/blog\/#\/schema\/logo\/image\/"},"sameAs":["https:\/\/x.com\/OficinaEmpleo"]},{"@type":"Person","@id":"https:\/\/www.oficinaempleo.com\/blog\/#\/schema\/person\/bbcbfd7a319110b4e42c4fe636540c45","name":"Pablo Requena","image":{"@type":"ImageObject","inLanguage":"es","@id":"https:\/\/www.oficinaempleo.com\/blog\/#\/schema\/person\/image\/","url":"https:\/\/secure.gravatar.com\/avatar\/c680f4d2d908e7d788696b0f6573b75c01eaa95df8705e8febd6277b4187b7a5?s=96&d=mm&r=g","contentUrl":"https:\/\/secure.gravatar.com\/avatar\/c680f4d2d908e7d788696b0f6573b75c01eaa95df8705e8febd6277b4187b7a5?s=96&d=mm&r=g","caption":"Pablo Requena"},"url":"https:\/\/www.oficinaempleo.com\/blog\/author\/pablorequena\/"}]}},"_links":{"self":[{"href":"https:\/\/www.oficinaempleo.com\/blog\/wp-json\/wp\/v2\/posts\/37950","targetHints":{"allow":["GET"]}}],"collection":[{"href":"https:\/\/www.oficinaempleo.com\/blog\/wp-json\/wp\/v2\/posts"}],"about":[{"href":"https:\/\/www.oficinaempleo.com\/blog\/wp-json\/wp\/v2\/types\/post"}],"author":[{"embeddable":true,"href":"https:\/\/www.oficinaempleo.com\/blog\/wp-json\/wp\/v2\/users\/59"}],"replies":[{"embeddable":true,"href":"https:\/\/www.oficinaempleo.com\/blog\/wp-json\/wp\/v2\/comments?post=37950"}],"version-history":[{"count":0,"href":"https:\/\/www.oficinaempleo.com\/blog\/wp-json\/wp\/v2\/posts\/37950\/revisions"}],"wp:featuredmedia":[{"embeddable":true,"href":"https:\/\/www.oficinaempleo.com\/blog\/wp-json\/wp\/v2\/media\/37090"}],"wp:attachment":[{"href":"https:\/\/www.oficinaempleo.com\/blog\/wp-json\/wp\/v2\/media?parent=37950"}],"wp:term":[{"taxonomy":"category","embeddable":true,"href":"https:\/\/www.oficinaempleo.com\/blog\/wp-json\/wp\/v2\/categories?post=37950"},{"taxonomy":"post_tag","embeddable":true,"href":"https:\/\/www.oficinaempleo.com\/blog\/wp-json\/wp\/v2\/tags?post=37950"}],"curies":[{"name":"wp","href":"https:\/\/api.w.org\/{rel}","templated":true}]}}