{"id":38433,"date":"2026-09-05T09:00:11","date_gmt":"2026-09-05T08:00:11","guid":{"rendered":"https:\/\/www.oficinaempleo.com\/blog\/como-afrontar-los-periodos-de-inactividad-laboral-en-tu-cv\/"},"modified":"2026-09-05T09:00:12","modified_gmt":"2026-09-05T08:00:12","slug":"como-afrontar-los-periodos-de-inactividad-laboral-en-tu-cv","status":"publish","type":"post","link":"https:\/\/www.oficinaempleo.com\/blog\/como-afrontar-los-periodos-de-inactividad-laboral-en-tu-cv\/","title":{"rendered":"\u00bfC\u00f3mo afrontar los periodos de inactividad laboral en tu CV?"},"content":{"rendered":"<p>Incluir periodos de inactividad laboral en tu curr\u00edculum puede generar dudas, pero es posible gestionarlos de manera honesta y estrat\u00e9gica para no frenar tus oportunidades. Si te preguntas c\u00f3mo abordar esos espacios sin experiencia reciente, aqu\u00ed tienes pasos claros para presentar tu trayectoria profesional con confianza y transparencia.<\/p>\n<h2>Pasos para explicar periodos de inactividad laboral en el curr\u00edculum<\/h2>\n<p>Gestionar los huecos en el CV requiere honestidad y enfoque en lo que has aprendido o realizado durante ese tiempo. Estos son los pasos recomendados:<\/p>\n<ol>\n<li><strong>Identifica los periodos de inactividad<\/strong>: Revisa tu historial laboral y localiza los meses o a\u00f1os en los que no has trabajado.<\/li>\n<li><strong>Reflexiona sobre lo realizado durante ese tiempo<\/strong>: Formaci\u00f3n, voluntariado, proyectos propios, cuidado de familiares o cualquier actividad relevante.<\/li>\n<li><strong>Decide si debes incluir el periodo<\/strong>: Si la inactividad es inferior a seis meses, puedes omitirlo agrupando la experiencia por a\u00f1os. Si es m\u00e1s larga, es recomendable explicarlo brevemente.<\/li>\n<li><strong>Utiliza formatos de CV funcional o combinado<\/strong>: Estos formatos destacan habilidades y logros, minimizando el impacto de los huecos cronol\u00f3gicos.<\/li>\n<li><strong>Redacta una breve explicaci\u00f3n<\/strong>: En el apartado de experiencia o en la carta de presentaci\u00f3n, incluye una frase clara que aporte contexto positivo.<\/li>\n<li><strong>Prepara tu respuesta para la entrevista<\/strong>: Si surge la pregunta, responde con sinceridad y destaca lo aprendido o desarrollado durante ese periodo.<\/li>\n<\/ol>\n<h2>Checklist: c\u00f3mo abordar un periodo de inactividad en el CV<\/h2>\n<ul>\n<li><strong>Analiza si el hueco necesita explicaci\u00f3n<\/strong> (m\u00e1s de seis meses suele requerirla).<\/li>\n<li><strong>Muestra actividades realizadas<\/strong>: formaci\u00f3n, cursos, idiomas, voluntariado, proyectos personales, etc.<\/li>\n<li><strong>Evita justificantes innecesarios<\/strong>: no es preciso detallar motivos personales si no aportan valor.<\/li>\n<li><strong>Redacta en positivo<\/strong>: destaca lo que has aprendido o mejorado.<\/li>\n<li><strong>Adapta el formato de tu CV<\/strong> para resaltar habilidades y logros.<\/li>\n<li><strong>Prepara una respuesta para entrevistas<\/strong> que transmita actitud proactiva.<\/li>\n<\/ul>\n<h2>Ejemplos de c\u00f3mo explicar periodos de inactividad laboral<\/h2>\n<p>La clave est\u00e1 en la sinceridad y la orientaci\u00f3n al aprendizaje o la mejora. Aqu\u00ed tienes algunas f\u00f3rmulas que puedes adaptar:<\/p>\n<ul>\n<li><em>\u00abDurante este periodo, realic\u00e9 cursos de actualizaci\u00f3n profesional relacionados con mi sector.\u00bb<\/em><\/li>\n<li><em>\u00abAprovech\u00e9 este tiempo para mejorar mi nivel de ingl\u00e9s y participar en proyectos de voluntariado.\u00bb<\/em><\/li>\n<li><em>\u00abMe dediqu\u00e9 al cuidado de un familiar, manteni\u00e9ndome actualizado mediante formaci\u00f3n online.\u00bb<\/em><\/li>\n<li><em>\u00abLanc\u00e9 un proyecto personal que me permiti\u00f3 desarrollar habilidades en gesti\u00f3n y organizaci\u00f3n.\u00bb<\/em><\/li>\n<\/ul>\n<p>Evita utilizar frases negativas o justificativas. Es preferible centrarte en lo que has hecho para mantenerte activo y en aprendizaje.<\/p>\n<h2>Formatos de curr\u00edculum recomendados seg\u00fan el tipo de inactividad<\/h2>\n<p>Elegir el formato adecuado puede ayudarte a que los periodos de inactividad pasen desapercibidos o se expliquen de forma natural:<\/p>\n<ul>\n<li><strong>CV cronol\u00f3gico inverso<\/strong>: \u00fatil si tu carrera no tiene huecos significativos y quieres destacar tu evoluci\u00f3n profesional.<\/li>\n<li><strong>CV funcional<\/strong>: prioriza habilidades y competencias sobre fechas, ideal si hay varios periodos de inactividad.<\/li>\n<li><strong>CV combinado<\/strong>: mezcla ambos enfoques y permite resaltar logros y habilidades, minimizando los huecos temporales.<\/li>\n<\/ul>\n<p>Valora cu\u00e1l se adapta mejor a tu situaci\u00f3n actual antes de decidir.<\/p>\n<h2>\u00bfCu\u00e1ndo y c\u00f3mo explicar los periodos de inactividad?<\/h2>\n<p>No siempre es obligatorio detallar los motivos de los huecos en el CV. Sin embargo, hay situaciones en las que conviene hacerlo:<\/p>\n<ul>\n<li><strong>Huecos de m\u00e1s de seis meses<\/strong>: mejor dar una breve explicaci\u00f3n.<\/li>\n<li><strong>Inactividad reciente<\/strong>: conviene mostrar proactividad y disposici\u00f3n para volver al mercado laboral.<\/li>\n<li><strong>Reciclaje profesional<\/strong>: si has aprovechado para formarte, ind\u00edcalo claramente.<\/li>\n<\/ul>\n<p>La carta de presentaci\u00f3n es un buen lugar para ampliar la explicaci\u00f3n si consideras que puede generar dudas.<\/p>\n<h2>Comparativa: c\u00f3mo abordar los periodos de inactividad seg\u00fan el sector profesional<\/h2>\n<table>\n<tr>\n<th>Sector<\/th>\n<th>Recomendaci\u00f3n principal<\/th>\n<th>Aspectos a destacar<\/th>\n<\/tr>\n<tr>\n<td>Administraci\u00f3n<\/td>\n<td>Formaci\u00f3n continua o reciclaje<\/td>\n<td>Cursos, ofim\u00e1tica, idiomas<\/td>\n<\/tr>\n<tr>\n<td>Sanidad<\/td>\n<td>Actualizaci\u00f3n de conocimientos<\/td>\n<td>Certificados, pr\u00e1cticas, voluntariado<\/td>\n<\/tr>\n<tr>\n<td>Tecnolog\u00eda<\/td>\n<td>Proyectos personales o freelance<\/td>\n<td>Portafolio, formaci\u00f3n en nuevas herramientas<\/td>\n<\/tr>\n<tr>\n<td>Educaci\u00f3n<\/td>\n<td>Actividades formativas o colaboraciones<\/td>\n<td>Talleres, cursos, participaci\u00f3n en asociaciones<\/td>\n<\/tr>\n<tr>\n<td>Comercial y ventas<\/td>\n<td>Desarrollo de habilidades interpersonales<\/td>\n<td>Formaci\u00f3n en t\u00e9cnicas de venta, voluntariado<\/td>\n<\/tr>\n<\/table>\n<h2>Errores comunes al explicar los periodos de inactividad laboral<\/h2>\n<ul>\n<li><strong>Ocultar los huecos<\/strong>: puede generar desconfianza si el reclutador los detecta.<\/li>\n<li><strong>Extenderse demasiado en la justificaci\u00f3n<\/strong>: una explicaci\u00f3n breve y positiva es suficiente.<\/li>\n<li><strong>Presentar la inactividad como algo negativo<\/strong>: enf\u00f3calo como una oportunidad de aprendizaje o mejora.<\/li>\n<li><strong>No preparar una respuesta para la entrevista<\/strong>: es importante anticipar la pregunta y responder con seguridad.<\/li>\n<\/ul>\n<h2>Consejos pr\u00e1cticos para gestionar la inactividad laboral<\/h2>\n<ul>\n<li><strong>Aprovecha el tiempo para formarte<\/strong>: cursos online, certificaciones, idiomas.<\/li>\n<li><strong>Participa en actividades de voluntariado<\/strong> o proyectos colaborativos.<\/li>\n<li><strong>Mant\u00e9n el contacto con tu sector<\/strong> a trav\u00e9s de redes profesionales o eventos.<\/li>\n<li><strong>Crea un portafolio o blog<\/strong> que muestre tu actividad y aprendizaje.<\/li>\n<li><strong>Actualiza tu CV y perfiles online<\/strong> reflejando estos avances.<\/li>\n<\/ul>\n<h2>Preguntas frecuentes sobre periodos de inactividad laboral en el CV<\/h2>\n<h3>\u00bfDebo explicar siempre los huecos en mi curr\u00edculum?<\/h3>\n<p>No es necesario explicar todos los huecos. Si son periodos cortos (menos de seis meses), pueden pasar desapercibidos. Si son m\u00e1s largos, conviene aportar una breve explicaci\u00f3n.<\/p>\n<h3>\u00bfC\u00f3mo puedo justificar un periodo de paro en el curr\u00edculum?<\/h3>\n<p>La mejor opci\u00f3n es mostrar lo que has hecho durante ese tiempo: formaci\u00f3n, voluntariado, proyectos personales o actividades que hayan sumado a tu perfil profesional.<\/p>\n<h3>\u00bfEs recomendable mentir para tapar un hueco laboral?<\/h3>\n<p>No. Es preferible ser honesto y explicar de forma positiva el motivo de la inactividad. La sinceridad genera confianza en los procesos de selecci\u00f3n.<\/p>\n<h3>\u00bfPuedo poner que he estado buscando trabajo como actividad?<\/h3>\n<p>No suele ser recomendable. Es mejor resaltar actividades productivas, aunque sean personales, como formaci\u00f3n, voluntariado o proyectos propios.<\/p>\n<h3>\u00bfD\u00f3nde es mejor explicar los periodos de inactividad, en el CV o en la carta de presentaci\u00f3n?<\/h3>\n<p>Si el hueco es significativo, puedes mencionarlo brevemente en el CV y ampliarlo en la carta de presentaci\u00f3n, siempre desde un enfoque constructivo.<\/p>\n<h3>\u00bfQu\u00e9 hago si no tengo ninguna actividad relevante durante la inactividad?<\/h3>\n<p>En ese caso, s\u00e9 honesto en la entrevista. Puedes explicar que era un periodo de reflexi\u00f3n o de circunstancias personales, y muestra tu motivaci\u00f3n para reincorporarte al mercado laboral.<\/p>\n<p>Afrontar los periodos de inactividad laboral en el curr\u00edculum no tiene por qu\u00e9 ser un obst\u00e1culo. La clave es la honestidad, la proactividad y la capacidad de mostrar c\u00f3mo has aprovechado ese tiempo para crecer personal o profesionalmente. Adaptar tu CV y preparar una respuesta clara te ayudar\u00e1 a transmitir confianza y a destacar tus competencias, facilitando tu vuelta al mercado laboral.<\/p>\n<div class=\"ai-disclosure\" style=\"margin-top:2em;padding:1em 1.2em;border-left:4px solid #e2a800;background:#fffbf0;font-size:.88em;color:#666;border-radius:0 4px 4px 0\"><strong>&#9888; Contenido elaborado con asistencia de Inteligencia Artificial<\/strong><br \/>Este art\u00edculo ha sido redactado con ayuda de herramientas de IA generativa (ChatGPT\/OpenAI). El contenido ha sido revisado para garantizar su calidad e idoneidad editorial.<\/div>\n","protected":false},"excerpt":{"rendered":"<p>Incluir periodos de inactividad laboral en tu curr\u00edculum puede generar dudas, pero es posible gestionarlos de manera honesta y estrat\u00e9gica para no frenar tus oportunidades. Si te preguntas c\u00f3mo abordar esos espacios sin experiencia reciente, aqu\u00ed tienes pasos claros para presentar tu trayectoria profesional con confianza y transparencia. Pasos para explicar periodos de inactividad laboral [&hellip;]<\/p>\n","protected":false},"author":59,"featured_media":38432,"comment_status":"open","ping_status":"open","sticky":false,"template":"","format":"standard","meta":{"footnotes":""},"categories":[12],"tags":[],"class_list":["post-38433","post","type-post","status-publish","format-standard","has-post-thumbnail","hentry","category-consejos-y-recursos","cat-12-id","has_thumb"],"yoast_head":"<!-- This site is optimized with the Yoast SEO plugin v27.7 - https:\/\/yoast.com\/product\/yoast-seo-wordpress\/ -->\n<title>\u00bfC\u00f3mo afrontar los periodos de inactividad laboral en tu CV?<\/title>\n<meta name=\"description\" content=\"Aprende a afrontar los periodos de inactividad laboral en tu CV con pasos claros, ejemplos y consejos pr\u00e1cticos para...\" \/>\n<meta name=\"robots\" content=\"index, follow, max-snippet:-1, max-image-preview:large, max-video-preview:-1\" \/>\n<link rel=\"canonical\" href=\"https:\/\/www.oficinaempleo.com\/blog\/como-afrontar-los-periodos-de-inactividad-laboral-en-tu-cv\/\" \/>\n<meta property=\"og:locale\" content=\"es_ES\" \/>\n<meta property=\"og:type\" content=\"article\" \/>\n<meta property=\"og:title\" content=\"\u00bfC\u00f3mo afrontar los periodos de inactividad laboral en tu CV?\" \/>\n<meta property=\"og:description\" content=\"Aprende a afrontar los periodos de inactividad laboral en tu CV con pasos claros, ejemplos y consejos pr\u00e1cticos para...\" \/>\n<meta property=\"og:url\" content=\"https:\/\/www.oficinaempleo.com\/blog\/como-afrontar-los-periodos-de-inactividad-laboral-en-tu-cv\/\" \/>\n<meta property=\"og:site_name\" content=\"Noticias y consejos de empleo | Blog OficinaEmpleo\" \/>\n<meta property=\"article:published_time\" content=\"2026-09-05T08:00:11+00:00\" \/>\n<meta property=\"article:modified_time\" content=\"2026-09-05T08:00:12+00:00\" \/>\n<meta name=\"author\" content=\"Pablo Requena\" \/>\n<meta name=\"twitter:card\" content=\"summary_large_image\" \/>\n<meta name=\"twitter:creator\" content=\"@OficinaEmpleo\" \/>\n<meta name=\"twitter:site\" content=\"@OficinaEmpleo\" \/>\n<meta name=\"twitter:label1\" content=\"Written by\" \/>\n\t<meta name=\"twitter:data1\" content=\"Pablo Requena\" \/>\n\t<meta name=\"twitter:label2\" content=\"Est. reading time\" \/>\n\t<meta name=\"twitter:data2\" content=\"6 minutos\" \/>\n<script type=\"application\/ld+json\" class=\"yoast-schema-graph\">{\"@context\":\"https:\\\/\\\/schema.org\",\"@graph\":[{\"@type\":\"Article\",\"@id\":\"https:\\\/\\\/www.oficinaempleo.com\\\/blog\\\/como-afrontar-los-periodos-de-inactividad-laboral-en-tu-cv\\\/#article\",\"isPartOf\":{\"@id\":\"https:\\\/\\\/www.oficinaempleo.com\\\/blog\\\/como-afrontar-los-periodos-de-inactividad-laboral-en-tu-cv\\\/\"},\"author\":{\"name\":\"Pablo Requena\",\"@id\":\"https:\\\/\\\/www.oficinaempleo.com\\\/blog\\\/#\\\/schema\\\/person\\\/bbcbfd7a319110b4e42c4fe636540c45\"},\"headline\":\"\u00bfC\u00f3mo afrontar los periodos de inactividad laboral en tu CV?\",\"datePublished\":\"2026-09-05T08:00:11+00:00\",\"dateModified\":\"2026-09-05T08:00:12+00:00\",\"mainEntityOfPage\":{\"@id\":\"https:\\\/\\\/www.oficinaempleo.com\\\/blog\\\/como-afrontar-los-periodos-de-inactividad-laboral-en-tu-cv\\\/\"},\"wordCount\":1145,\"commentCount\":0,\"publisher\":{\"@id\":\"https:\\\/\\\/www.oficinaempleo.com\\\/blog\\\/#organization\"},\"image\":{\"@id\":\"https:\\\/\\\/www.oficinaempleo.com\\\/blog\\\/como-afrontar-los-periodos-de-inactividad-laboral-en-tu-cv\\\/#primaryimage\"},\"thumbnailUrl\":\"https:\\\/\\\/www.oficinaempleo.com\\\/blog\\\/wp-content\\\/uploads\\\/2026\\\/09\\\/featured_a26f4d70.jpg\",\"articleSection\":[\"Consejos y Recursos\"],\"inLanguage\":\"es\",\"potentialAction\":[{\"@type\":\"CommentAction\",\"name\":\"Comment\",\"target\":[\"https:\\\/\\\/www.oficinaempleo.com\\\/blog\\\/como-afrontar-los-periodos-de-inactividad-laboral-en-tu-cv\\\/#respond\"]}]},{\"@type\":\"WebPage\",\"@id\":\"https:\\\/\\\/www.oficinaempleo.com\\\/blog\\\/como-afrontar-los-periodos-de-inactividad-laboral-en-tu-cv\\\/\",\"url\":\"https:\\\/\\\/www.oficinaempleo.com\\\/blog\\\/como-afrontar-los-periodos-de-inactividad-laboral-en-tu-cv\\\/\",\"name\":\"\u00bfC\u00f3mo afrontar los periodos de inactividad laboral en tu CV?\",\"isPartOf\":{\"@id\":\"https:\\\/\\\/www.oficinaempleo.com\\\/blog\\\/#website\"},\"primaryImageOfPage\":{\"@id\":\"https:\\\/\\\/www.oficinaempleo.com\\\/blog\\\/como-afrontar-los-periodos-de-inactividad-laboral-en-tu-cv\\\/#primaryimage\"},\"image\":{\"@id\":\"https:\\\/\\\/www.oficinaempleo.com\\\/blog\\\/como-afrontar-los-periodos-de-inactividad-laboral-en-tu-cv\\\/#primaryimage\"},\"thumbnailUrl\":\"https:\\\/\\\/www.oficinaempleo.com\\\/blog\\\/wp-content\\\/uploads\\\/2026\\\/09\\\/featured_a26f4d70.jpg\",\"datePublished\":\"2026-09-05T08:00:11+00:00\",\"dateModified\":\"2026-09-05T08:00:12+00:00\",\"description\":\"Aprende a afrontar los periodos de inactividad laboral en tu CV con pasos claros, ejemplos y consejos pr\u00e1cticos para...\",\"breadcrumb\":{\"@id\":\"https:\\\/\\\/www.oficinaempleo.com\\\/blog\\\/como-afrontar-los-periodos-de-inactividad-laboral-en-tu-cv\\\/#breadcrumb\"},\"inLanguage\":\"es\",\"potentialAction\":[{\"@type\":\"ReadAction\",\"target\":[\"https:\\\/\\\/www.oficinaempleo.com\\\/blog\\\/como-afrontar-los-periodos-de-inactividad-laboral-en-tu-cv\\\/\"]}]},{\"@type\":\"ImageObject\",\"inLanguage\":\"es\",\"@id\":\"https:\\\/\\\/www.oficinaempleo.com\\\/blog\\\/como-afrontar-los-periodos-de-inactividad-laboral-en-tu-cv\\\/#primaryimage\",\"url\":\"https:\\\/\\\/www.oficinaempleo.com\\\/blog\\\/wp-content\\\/uploads\\\/2026\\\/09\\\/featured_a26f4d70.jpg\",\"contentUrl\":\"https:\\\/\\\/www.oficinaempleo.com\\\/blog\\\/wp-content\\\/uploads\\\/2026\\\/09\\\/featured_a26f4d70.jpg\",\"width\":1200,\"height\":800,\"caption\":\"\u00bfC\u00f3mo afrontar los periodos de inactividad laboral en tu CV?\"},{\"@type\":\"BreadcrumbList\",\"@id\":\"https:\\\/\\\/www.oficinaempleo.com\\\/blog\\\/como-afrontar-los-periodos-de-inactividad-laboral-en-tu-cv\\\/#breadcrumb\",\"itemListElement\":[{\"@type\":\"ListItem\",\"position\":1,\"name\":\"Home\",\"item\":\"https:\\\/\\\/www.oficinaempleo.com\\\/blog\\\/\"},{\"@type\":\"ListItem\",\"position\":2,\"name\":\"\u00bfC\u00f3mo afrontar los periodos de inactividad laboral en tu CV?\"}]},{\"@type\":\"WebSite\",\"@id\":\"https:\\\/\\\/www.oficinaempleo.com\\\/blog\\\/#website\",\"url\":\"https:\\\/\\\/www.oficinaempleo.com\\\/blog\\\/\",\"name\":\"Noticias y Consejos de Empleo | Blog OficinaEmpleo\",\"description\":\"\",\"publisher\":{\"@id\":\"https:\\\/\\\/www.oficinaempleo.com\\\/blog\\\/#organization\"},\"potentialAction\":[{\"@type\":\"SearchAction\",\"target\":{\"@type\":\"EntryPoint\",\"urlTemplate\":\"https:\\\/\\\/www.oficinaempleo.com\\\/blog\\\/?s={search_term_string}\"},\"query-input\":{\"@type\":\"PropertyValueSpecification\",\"valueRequired\":true,\"valueName\":\"search_term_string\"}}],\"inLanguage\":\"es\"},{\"@type\":\"Organization\",\"@id\":\"https:\\\/\\\/www.oficinaempleo.com\\\/blog\\\/#organization\",\"name\":\"OficinaEmpleo\",\"url\":\"https:\\\/\\\/www.oficinaempleo.com\\\/blog\\\/\",\"logo\":{\"@type\":\"ImageObject\",\"inLanguage\":\"es\",\"@id\":\"https:\\\/\\\/www.oficinaempleo.com\\\/blog\\\/#\\\/schema\\\/logo\\\/image\\\/\",\"url\":\"https:\\\/\\\/www.oficinaempleo.com\\\/blog\\\/wp-content\\\/uploads\\\/2018\\\/10\\\/logo_footer-1.jpg\",\"contentUrl\":\"https:\\\/\\\/www.oficinaempleo.com\\\/blog\\\/wp-content\\\/uploads\\\/2018\\\/10\\\/logo_footer-1.jpg\",\"width\":478,\"height\":57,\"caption\":\"OficinaEmpleo\"},\"image\":{\"@id\":\"https:\\\/\\\/www.oficinaempleo.com\\\/blog\\\/#\\\/schema\\\/logo\\\/image\\\/\"},\"sameAs\":[\"https:\\\/\\\/x.com\\\/OficinaEmpleo\"]},{\"@type\":\"Person\",\"@id\":\"https:\\\/\\\/www.oficinaempleo.com\\\/blog\\\/#\\\/schema\\\/person\\\/bbcbfd7a319110b4e42c4fe636540c45\",\"name\":\"Pablo Requena\",\"image\":{\"@type\":\"ImageObject\",\"inLanguage\":\"es\",\"@id\":\"https:\\\/\\\/secure.gravatar.com\\\/avatar\\\/c680f4d2d908e7d788696b0f6573b75c01eaa95df8705e8febd6277b4187b7a5?s=96&d=mm&r=g\",\"url\":\"https:\\\/\\\/secure.gravatar.com\\\/avatar\\\/c680f4d2d908e7d788696b0f6573b75c01eaa95df8705e8febd6277b4187b7a5?s=96&d=mm&r=g\",\"contentUrl\":\"https:\\\/\\\/secure.gravatar.com\\\/avatar\\\/c680f4d2d908e7d788696b0f6573b75c01eaa95df8705e8febd6277b4187b7a5?s=96&d=mm&r=g\",\"caption\":\"Pablo Requena\"},\"url\":\"https:\\\/\\\/www.oficinaempleo.com\\\/blog\\\/author\\\/pablorequena\\\/\"}]}<\/script>\n<!-- \/ Yoast SEO plugin. -->","yoast_head_json":{"title":"\u00bfC\u00f3mo afrontar los periodos de inactividad laboral en tu CV?","description":"Aprende a afrontar los periodos de inactividad laboral en tu CV con pasos claros, ejemplos y consejos pr\u00e1cticos para...","robots":{"index":"index","follow":"follow","max-snippet":"max-snippet:-1","max-image-preview":"max-image-preview:large","max-video-preview":"max-video-preview:-1"},"canonical":"https:\/\/www.oficinaempleo.com\/blog\/como-afrontar-los-periodos-de-inactividad-laboral-en-tu-cv\/","og_locale":"es_ES","og_type":"article","og_title":"\u00bfC\u00f3mo afrontar los periodos de inactividad laboral en tu CV?","og_description":"Aprende a afrontar los periodos de inactividad laboral en tu CV con pasos claros, ejemplos y consejos pr\u00e1cticos para...","og_url":"https:\/\/www.oficinaempleo.com\/blog\/como-afrontar-los-periodos-de-inactividad-laboral-en-tu-cv\/","og_site_name":"Noticias y consejos de empleo | Blog OficinaEmpleo","article_published_time":"2026-09-05T08:00:11+00:00","article_modified_time":"2026-09-05T08:00:12+00:00","author":"Pablo Requena","twitter_card":"summary_large_image","twitter_creator":"@OficinaEmpleo","twitter_site":"@OficinaEmpleo","twitter_misc":{"Written by":"Pablo Requena","Est. reading time":"6 minutos"},"schema":{"@context":"https:\/\/schema.org","@graph":[{"@type":"Article","@id":"https:\/\/www.oficinaempleo.com\/blog\/como-afrontar-los-periodos-de-inactividad-laboral-en-tu-cv\/#article","isPartOf":{"@id":"https:\/\/www.oficinaempleo.com\/blog\/como-afrontar-los-periodos-de-inactividad-laboral-en-tu-cv\/"},"author":{"name":"Pablo Requena","@id":"https:\/\/www.oficinaempleo.com\/blog\/#\/schema\/person\/bbcbfd7a319110b4e42c4fe636540c45"},"headline":"\u00bfC\u00f3mo afrontar los periodos de inactividad laboral en tu CV?","datePublished":"2026-09-05T08:00:11+00:00","dateModified":"2026-09-05T08:00:12+00:00","mainEntityOfPage":{"@id":"https:\/\/www.oficinaempleo.com\/blog\/como-afrontar-los-periodos-de-inactividad-laboral-en-tu-cv\/"},"wordCount":1145,"commentCount":0,"publisher":{"@id":"https:\/\/www.oficinaempleo.com\/blog\/#organization"},"image":{"@id":"https:\/\/www.oficinaempleo.com\/blog\/como-afrontar-los-periodos-de-inactividad-laboral-en-tu-cv\/#primaryimage"},"thumbnailUrl":"https:\/\/www.oficinaempleo.com\/blog\/wp-content\/uploads\/2026\/09\/featured_a26f4d70.jpg","articleSection":["Consejos y Recursos"],"inLanguage":"es","potentialAction":[{"@type":"CommentAction","name":"Comment","target":["https:\/\/www.oficinaempleo.com\/blog\/como-afrontar-los-periodos-de-inactividad-laboral-en-tu-cv\/#respond"]}]},{"@type":"WebPage","@id":"https:\/\/www.oficinaempleo.com\/blog\/como-afrontar-los-periodos-de-inactividad-laboral-en-tu-cv\/","url":"https:\/\/www.oficinaempleo.com\/blog\/como-afrontar-los-periodos-de-inactividad-laboral-en-tu-cv\/","name":"\u00bfC\u00f3mo afrontar los periodos de inactividad laboral en tu CV?","isPartOf":{"@id":"https:\/\/www.oficinaempleo.com\/blog\/#website"},"primaryImageOfPage":{"@id":"https:\/\/www.oficinaempleo.com\/blog\/como-afrontar-los-periodos-de-inactividad-laboral-en-tu-cv\/#primaryimage"},"image":{"@id":"https:\/\/www.oficinaempleo.com\/blog\/como-afrontar-los-periodos-de-inactividad-laboral-en-tu-cv\/#primaryimage"},"thumbnailUrl":"https:\/\/www.oficinaempleo.com\/blog\/wp-content\/uploads\/2026\/09\/featured_a26f4d70.jpg","datePublished":"2026-09-05T08:00:11+00:00","dateModified":"2026-09-05T08:00:12+00:00","description":"Aprende a afrontar los periodos de inactividad laboral en tu CV con pasos claros, ejemplos y consejos pr\u00e1cticos para...","breadcrumb":{"@id":"https:\/\/www.oficinaempleo.com\/blog\/como-afrontar-los-periodos-de-inactividad-laboral-en-tu-cv\/#breadcrumb"},"inLanguage":"es","potentialAction":[{"@type":"ReadAction","target":["https:\/\/www.oficinaempleo.com\/blog\/como-afrontar-los-periodos-de-inactividad-laboral-en-tu-cv\/"]}]},{"@type":"ImageObject","inLanguage":"es","@id":"https:\/\/www.oficinaempleo.com\/blog\/como-afrontar-los-periodos-de-inactividad-laboral-en-tu-cv\/#primaryimage","url":"https:\/\/www.oficinaempleo.com\/blog\/wp-content\/uploads\/2026\/09\/featured_a26f4d70.jpg","contentUrl":"https:\/\/www.oficinaempleo.com\/blog\/wp-content\/uploads\/2026\/09\/featured_a26f4d70.jpg","width":1200,"height":800,"caption":"\u00bfC\u00f3mo afrontar los periodos de inactividad laboral en tu CV?"},{"@type":"BreadcrumbList","@id":"https:\/\/www.oficinaempleo.com\/blog\/como-afrontar-los-periodos-de-inactividad-laboral-en-tu-cv\/#breadcrumb","itemListElement":[{"@type":"ListItem","position":1,"name":"Home","item":"https:\/\/www.oficinaempleo.com\/blog\/"},{"@type":"ListItem","position":2,"name":"\u00bfC\u00f3mo afrontar los periodos de inactividad laboral en tu CV?"}]},{"@type":"WebSite","@id":"https:\/\/www.oficinaempleo.com\/blog\/#website","url":"https:\/\/www.oficinaempleo.com\/blog\/","name":"Noticias y Consejos de Empleo | Blog OficinaEmpleo","description":"","publisher":{"@id":"https:\/\/www.oficinaempleo.com\/blog\/#organization"},"potentialAction":[{"@type":"SearchAction","target":{"@type":"EntryPoint","urlTemplate":"https:\/\/www.oficinaempleo.com\/blog\/?s={search_term_string}"},"query-input":{"@type":"PropertyValueSpecification","valueRequired":true,"valueName":"search_term_string"}}],"inLanguage":"es"},{"@type":"Organization","@id":"https:\/\/www.oficinaempleo.com\/blog\/#organization","name":"OficinaEmpleo","url":"https:\/\/www.oficinaempleo.com\/blog\/","logo":{"@type":"ImageObject","inLanguage":"es","@id":"https:\/\/www.oficinaempleo.com\/blog\/#\/schema\/logo\/image\/","url":"https:\/\/www.oficinaempleo.com\/blog\/wp-content\/uploads\/2018\/10\/logo_footer-1.jpg","contentUrl":"https:\/\/www.oficinaempleo.com\/blog\/wp-content\/uploads\/2018\/10\/logo_footer-1.jpg","width":478,"height":57,"caption":"OficinaEmpleo"},"image":{"@id":"https:\/\/www.oficinaempleo.com\/blog\/#\/schema\/logo\/image\/"},"sameAs":["https:\/\/x.com\/OficinaEmpleo"]},{"@type":"Person","@id":"https:\/\/www.oficinaempleo.com\/blog\/#\/schema\/person\/bbcbfd7a319110b4e42c4fe636540c45","name":"Pablo Requena","image":{"@type":"ImageObject","inLanguage":"es","@id":"https:\/\/secure.gravatar.com\/avatar\/c680f4d2d908e7d788696b0f6573b75c01eaa95df8705e8febd6277b4187b7a5?s=96&d=mm&r=g","url":"https:\/\/secure.gravatar.com\/avatar\/c680f4d2d908e7d788696b0f6573b75c01eaa95df8705e8febd6277b4187b7a5?s=96&d=mm&r=g","contentUrl":"https:\/\/secure.gravatar.com\/avatar\/c680f4d2d908e7d788696b0f6573b75c01eaa95df8705e8febd6277b4187b7a5?s=96&d=mm&r=g","caption":"Pablo Requena"},"url":"https:\/\/www.oficinaempleo.com\/blog\/author\/pablorequena\/"}]}},"_links":{"self":[{"href":"https:\/\/www.oficinaempleo.com\/blog\/wp-json\/wp\/v2\/posts\/38433","targetHints":{"allow":["GET"]}}],"collection":[{"href":"https:\/\/www.oficinaempleo.com\/blog\/wp-json\/wp\/v2\/posts"}],"about":[{"href":"https:\/\/www.oficinaempleo.com\/blog\/wp-json\/wp\/v2\/types\/post"}],"author":[{"embeddable":true,"href":"https:\/\/www.oficinaempleo.com\/blog\/wp-json\/wp\/v2\/users\/59"}],"replies":[{"embeddable":true,"href":"https:\/\/www.oficinaempleo.com\/blog\/wp-json\/wp\/v2\/comments?post=38433"}],"version-history":[{"count":1,"href":"https:\/\/www.oficinaempleo.com\/blog\/wp-json\/wp\/v2\/posts\/38433\/revisions"}],"predecessor-version":[{"id":38434,"href":"https:\/\/www.oficinaempleo.com\/blog\/wp-json\/wp\/v2\/posts\/38433\/revisions\/38434"}],"wp:featuredmedia":[{"embeddable":true,"href":"https:\/\/www.oficinaempleo.com\/blog\/wp-json\/wp\/v2\/media\/38432"}],"wp:attachment":[{"href":"https:\/\/www.oficinaempleo.com\/blog\/wp-json\/wp\/v2\/media?parent=38433"}],"wp:term":[{"taxonomy":"category","embeddable":true,"href":"https:\/\/www.oficinaempleo.com\/blog\/wp-json\/wp\/v2\/categories?post=38433"},{"taxonomy":"post_tag","embeddable":true,"href":"https:\/\/www.oficinaempleo.com\/blog\/wp-json\/wp\/v2\/tags?post=38433"}],"curies":[{"name":"wp","href":"https:\/\/api.w.org\/{rel}","templated":true}]}}