{"id":4238,"date":"2024-08-01T09:00:18","date_gmt":"2024-08-01T08:00:18","guid":{"rendered":"http:\/\/www.oficinaempleo.com\/blog\/?p=4238"},"modified":"2024-08-01T09:14:31","modified_gmt":"2024-08-01T08:14:31","slug":"como-sellar-el-paro-por-internet","status":"publish","type":"post","link":"https:\/\/www.oficinaempleo.com\/blog\/como-sellar-el-paro-por-internet\/","title":{"rendered":"C\u00f3mo sellar el paro por Internet"},"content":{"rendered":"<p>&nbsp;<\/p>\n<div style=\"width: 900px;\" class=\"wp-video\"><video class=\"wp-video-shortcode\" id=\"video-4238-1\" width=\"900\" height=\"900\" preload=\"metadata\" controls=\"controls\"><source type=\"video\/mp4\" src=\"https:\/\/www.oficinaempleo.com\/blog\/wp-content\/uploads\/2018\/12\/C\u00f3mo-sellar-el-paro-por-internet.mp4?_=1\" \/><a href=\"https:\/\/www.oficinaempleo.com\/blog\/wp-content\/uploads\/2018\/12\/C\u00f3mo-sellar-el-paro-por-internet.mp4\">https:\/\/www.oficinaempleo.com\/blog\/wp-content\/uploads\/2018\/12\/C\u00f3mo-sellar-el-paro-por-internet.mp4<\/a><\/video><\/div>\n<p>Cada vez m\u00e1s gente se est\u00e1 acostumbrando a <strong>sellar el paro por Internet<\/strong> en vez de acudir a su oficina correspondiente para hacerlo ya que es mucho m\u00e1s c\u00f3modo. Adem\u00e1s, la demanda de empleo <strong>se puede sellar durante las 24 horas del d\u00eda que te toca sellar, incluidos los d\u00edas festivos<\/strong>, en cambio si acudes a la oficina debes hacerlo en horario de 9h a 14h, lo que resulta un tanto fastidioso para aquellas personas que por lo que sea, no puedan acudir a esa hora.<\/p>\n<div id=\"attachment_26095\" style=\"width: 600px\" class=\"wp-caption alignnone\"><a href=\"https:\/\/www.oficinaempleo.com\/blog\/wp-content\/uploads\/2018\/11\/1-.jpg\"><img loading=\"lazy\" decoding=\"async\" aria-describedby=\"caption-attachment-26095\" class=\"wp-image-26095 size-full\" src=\"https:\/\/www.oficinaempleo.com\/blog\/wp-content\/uploads\/2018\/11\/1-.jpg\" alt=\"Sellar el paro por internet(Istock)\" width=\"590\" height=\"315\" srcset=\"https:\/\/www.oficinaempleo.com\/blog\/wp-content\/uploads\/2018\/11\/1-.jpg 590w, https:\/\/www.oficinaempleo.com\/blog\/wp-content\/uploads\/2018\/11\/1--300x160.jpg 300w, https:\/\/www.oficinaempleo.com\/blog\/wp-content\/uploads\/2018\/11\/1--280x150.jpg 280w\" sizes=\"auto, (max-width: 590px) 100vw, 590px\" \/><\/a><p id=\"caption-attachment-26095\" class=\"wp-caption-text\">Sellar el paro por internet(Istock)<\/p><\/div>\n<p>No obstante, renovar la demanda de empleo por internet puede resultar al principio algo fastidioso e incluso complicado. Pero no te preocupes, porque en este art\u00edculo te explicamos <strong>c\u00f3mo sellar el paro por\u00a0<\/strong><b>Internet<\/b>\u00a0y no morir en el intento.<\/p>\n<p><strong>El sellarlo por internet tiene muchas ventajas.<\/strong> Para empezar, <strong>puedes hacerlo desde cualquier punta de Espa\u00f1a<\/strong>, s\u00f3lo necesitas tener acceso a Internet y por supuesto un ordenador mediante el que acceder. Sin embargo, <strong>cada comunidad tiene un portal web espec\u00edfico para sellarlo<\/strong> y en cada uno se hace de una forma distinta.<\/p>\n<p>Por ello lo que vamos a hacer es explicarte c\u00f3mo ser har\u00eda en caso de que seas de Madrid. Despu\u00e9s te damos los enlaces para acceder al resto de Comunidades Aut\u00f3nomas. <strong>Para sellar el paro por internet en Madrid <a href=\"https:\/\/www.comunidad.madrid\/servicios\/empleo\/gestion-telematica-demanda-empleo\" target=\"_blank\" rel=\"noopener\">pincha aqu\u00ed<\/a><\/strong>.<\/p>\n<p>Una vez aqu\u00ed, <strong>deber\u00e1s acceder con tu dni y la contrase\u00f1a que te aparezca en tu certificado digital<\/strong>, despu\u00e9s te aparecer\u00e1 una ventana donde te vendr\u00e1n varias opciones (consultar la demanda de empleo, renovar la demanda de empleo, obtener duplicado de la demanda de empleo, etc). Debes pinchar en la segunda,<strong> renovar la demanda de empleo.<\/strong> Una vez hecho<strong> te dar\u00e1n un documento en PDF<\/strong> (el DARDE) que te servir\u00e1 como justificante en caso de que te lo pida la administraci\u00f3n y tiene la misma validez legal.<\/p>\n<h2>Pasos para realizar el sellado del paro<\/h2>\n<p><strong>En caso de no tener usuario y contrase\u00f1a con la que acceder al portal web, debes acudir a tu oficina del INEM para que te las den<\/strong>, pero si ya tienes DNI electr\u00f3nico o certificado digital no es necesario a\u00f1adir el usuario o contrase\u00f1a.<\/p>\n<p>Te recomendamos que este proceso <strong>no lo realices desde un ordenador p\u00fablico<\/strong> cualquiera. Es posible que tengas que introducir informaci\u00f3n personal, mejor que sea desde el de tu casa o el de alg\u00fan amigo. Tambi\u00e9n es muy importante, que ese justificante que te han dado en PDF no lo pierdas. Lo mejor es que tengas <strong>una copia siempre en el ordenador<\/strong> por si en el futuro la administraci\u00f3n te lo reclamase. Por \u00faltimo, te aconsejamos al igual que si acudes a la oficina, que <strong>la demanda de empleo la renueves lo m\u00e1s temprano posible<\/strong> ya que puedes tener problemas inform\u00e1ticos y tardar m\u00e1s de lo previsto.<\/p>\n<div class=\"su-button-center\"><a href=\"https:\/\/jobs.oficinaempleo.com\/registro?origen=ORG-web&#038;utm_source=OE&#038;utm_medium=boton_registro&#038;utm_content=homepage&#038;utm_campaign=organic\" class=\"su-button su-button-style-flat\" style=\"color:#FFFFFF;background-color:#ec7d0c;border-color:#bd640a;border-radius:10px\" target=\"__blank\"><span style=\"color:#FFFFFF;padding:8px 26px;font-size:20px;line-height:30px;border-color:#f2a455;border-radius:10px;text-shadow:none\"><i class=\"sui sui-arrow-circle-right\" style=\"font-size:20px;color:#FFFFFF\"><\/i> Reg\u00edstrate para no perderte ninguna oferta de empleo<\/span><\/a><\/div><div class=\"su-spacer\" style=\"height:30px\"><\/div>\n","protected":false},"excerpt":{"rendered":"<p>Sellar el paro por internet tiene muchas m\u00e1s ventajas que si lo haces presencial.<\/p>\n","protected":false},"author":2,"featured_media":26087,"comment_status":"open","ping_status":"open","sticky":false,"template":"","format":"standard","meta":{"footnotes":""},"categories":[691,9],"tags":[1285,850,849],"class_list":["post-4238","post","type-post","status-publish","format-standard","has-post-thumbnail","hentry","category-actualidad-empleo","category-administracion","tag-como-sellar-el-paro-por-internet","tag-inem","tag-sellar-el-paro","cat-691-id","cat-9-id","has_thumb"],"yoast_head":"<!-- This site is optimized with the Yoast SEO plugin v27.1.1 - https:\/\/yoast.com\/product\/yoast-seo-wordpress\/ -->\n<title>C\u00f3mo sellar el paro por Internet, la forma m\u00e1s f\u00e1cil y eficaz<\/title>\n<meta name=\"description\" content=\"\u00bfTienes que sellar el paro pero no puedes acercarte a una oficina? Descubre en aqu\u00ed como hacerlo a trav\u00e9s de Internet. \u00a1Mira!\" \/>\n<meta name=\"robots\" content=\"index, follow, max-snippet:-1, max-image-preview:large, max-video-preview:-1\" \/>\n<link rel=\"canonical\" href=\"https:\/\/www.oficinaempleo.com\/blog\/como-sellar-el-paro-por-internet\/\" \/>\n<meta property=\"og:locale\" content=\"es_ES\" \/>\n<meta property=\"og:type\" content=\"article\" \/>\n<meta property=\"og:title\" content=\"C\u00f3mo sellar el paro por Internet, la forma m\u00e1s f\u00e1cil y eficaz\" \/>\n<meta property=\"og:description\" content=\"\u00bfTienes que sellar el paro pero no puedes acercarte a una oficina? Descubre en aqu\u00ed como hacerlo a trav\u00e9s de Internet. \u00a1Mira!\" \/>\n<meta property=\"og:url\" content=\"https:\/\/www.oficinaempleo.com\/blog\/como-sellar-el-paro-por-internet\/\" \/>\n<meta property=\"og:site_name\" content=\"Noticias y consejos de empleo | Blog OficinaEmpleo\" \/>\n<meta property=\"article:author\" content=\"https:\/\/www.facebook.com\/OficinaEmpleo\" \/>\n<meta property=\"article:published_time\" content=\"2024-08-01T08:00:18+00:00\" \/>\n<meta property=\"article:modified_time\" content=\"2024-08-01T08:14:31+00:00\" \/>\n<meta property=\"og:image\" content=\"https:\/\/www.oficinaempleo.com\/blog\/wp-content\/uploads\/2018\/04\/DestacadaOE.jpg\" \/>\n\t<meta property=\"og:image:width\" content=\"600\" \/>\n\t<meta property=\"og:image:height\" content=\"310\" \/>\n\t<meta property=\"og:image:type\" content=\"image\/jpeg\" \/>\n<meta name=\"author\" content=\"OficinaEmpleo\" \/>\n<meta name=\"twitter:card\" content=\"summary_large_image\" \/>\n<meta name=\"twitter:creator\" content=\"@OficinaEmpleo\" \/>\n<meta name=\"twitter:site\" content=\"@OficinaEmpleo\" \/>\n<meta name=\"twitter:label1\" content=\"Written by\" \/>\n\t<meta name=\"twitter:data1\" content=\"OficinaEmpleo\" \/>\n\t<meta name=\"twitter:label2\" content=\"Est. reading time\" \/>\n\t<meta name=\"twitter:data2\" content=\"3 minutos\" \/>\n<script type=\"application\/ld+json\" class=\"yoast-schema-graph\">{\"@context\":\"https:\/\/schema.org\",\"@graph\":[{\"@type\":\"Article\",\"@id\":\"https:\/\/www.oficinaempleo.com\/blog\/como-sellar-el-paro-por-internet\/#article\",\"isPartOf\":{\"@id\":\"https:\/\/www.oficinaempleo.com\/blog\/como-sellar-el-paro-por-internet\/\"},\"author\":{\"name\":\"OficinaEmpleo\",\"@id\":\"https:\/\/www.oficinaempleo.com\/blog\/#\/schema\/person\/a7f3437f35bd6bd9ad19addae529a114\"},\"headline\":\"C\u00f3mo sellar el paro por Internet\",\"datePublished\":\"2024-08-01T08:00:18+00:00\",\"dateModified\":\"2024-08-01T08:14:31+00:00\",\"mainEntityOfPage\":{\"@id\":\"https:\/\/www.oficinaempleo.com\/blog\/como-sellar-el-paro-por-internet\/\"},\"wordCount\":570,\"commentCount\":55,\"publisher\":{\"@id\":\"https:\/\/www.oficinaempleo.com\/blog\/#organization\"},\"image\":{\"@id\":\"https:\/\/www.oficinaempleo.com\/blog\/como-sellar-el-paro-por-internet\/#primaryimage\"},\"thumbnailUrl\":\"https:\/\/www.oficinaempleo.com\/blog\/wp-content\/uploads\/2018\/04\/DestacadaOE.jpg\",\"keywords\":[\"c\u00f3mo sellar el paro por internet\",\"INEM\",\"sellar el paro\"],\"articleSection\":[\"Actualidad\",\"Administracion\"],\"inLanguage\":\"es\",\"potentialAction\":[{\"@type\":\"CommentAction\",\"name\":\"Comment\",\"target\":[\"https:\/\/www.oficinaempleo.com\/blog\/como-sellar-el-paro-por-internet\/#respond\"]}]},{\"@type\":\"WebPage\",\"@id\":\"https:\/\/www.oficinaempleo.com\/blog\/como-sellar-el-paro-por-internet\/\",\"url\":\"https:\/\/www.oficinaempleo.com\/blog\/como-sellar-el-paro-por-internet\/\",\"name\":\"C\u00f3mo sellar el paro por Internet, la forma m\u00e1s f\u00e1cil y eficaz\",\"isPartOf\":{\"@id\":\"https:\/\/www.oficinaempleo.com\/blog\/#website\"},\"primaryImageOfPage\":{\"@id\":\"https:\/\/www.oficinaempleo.com\/blog\/como-sellar-el-paro-por-internet\/#primaryimage\"},\"image\":{\"@id\":\"https:\/\/www.oficinaempleo.com\/blog\/como-sellar-el-paro-por-internet\/#primaryimage\"},\"thumbnailUrl\":\"https:\/\/www.oficinaempleo.com\/blog\/wp-content\/uploads\/2018\/04\/DestacadaOE.jpg\",\"datePublished\":\"2024-08-01T08:00:18+00:00\",\"dateModified\":\"2024-08-01T08:14:31+00:00\",\"description\":\"\u00bfTienes que sellar el paro pero no puedes acercarte a una oficina? Descubre en aqu\u00ed como hacerlo a trav\u00e9s de Internet. \u00a1Mira!\",\"breadcrumb\":{\"@id\":\"https:\/\/www.oficinaempleo.com\/blog\/como-sellar-el-paro-por-internet\/#breadcrumb\"},\"inLanguage\":\"es\",\"potentialAction\":[{\"@type\":\"ReadAction\",\"target\":[\"https:\/\/www.oficinaempleo.com\/blog\/como-sellar-el-paro-por-internet\/\"]}]},{\"@type\":\"ImageObject\",\"inLanguage\":\"es\",\"@id\":\"https:\/\/www.oficinaempleo.com\/blog\/como-sellar-el-paro-por-internet\/#primaryimage\",\"url\":\"https:\/\/www.oficinaempleo.com\/blog\/wp-content\/uploads\/2018\/04\/DestacadaOE.jpg\",\"contentUrl\":\"https:\/\/www.oficinaempleo.com\/blog\/wp-content\/uploads\/2018\/04\/DestacadaOE.jpg\",\"width\":600,\"height\":310,\"caption\":\"Descubre como sellar el paro por internet(Istock)\"},{\"@type\":\"BreadcrumbList\",\"@id\":\"https:\/\/www.oficinaempleo.com\/blog\/como-sellar-el-paro-por-internet\/#breadcrumb\",\"itemListElement\":[{\"@type\":\"ListItem\",\"position\":1,\"name\":\"Home\",\"item\":\"https:\/\/www.oficinaempleo.com\/blog\/\"},{\"@type\":\"ListItem\",\"position\":2,\"name\":\"C\u00f3mo sellar el paro por Internet\"}]},{\"@type\":\"WebSite\",\"@id\":\"https:\/\/www.oficinaempleo.com\/blog\/#website\",\"url\":\"https:\/\/www.oficinaempleo.com\/blog\/\",\"name\":\"Noticias y Consejos de Empleo | Blog OficinaEmpleo\",\"description\":\"\",\"publisher\":{\"@id\":\"https:\/\/www.oficinaempleo.com\/blog\/#organization\"},\"potentialAction\":[{\"@type\":\"SearchAction\",\"target\":{\"@type\":\"EntryPoint\",\"urlTemplate\":\"https:\/\/www.oficinaempleo.com\/blog\/?s={search_term_string}\"},\"query-input\":{\"@type\":\"PropertyValueSpecification\",\"valueRequired\":true,\"valueName\":\"search_term_string\"}}],\"inLanguage\":\"es\"},{\"@type\":\"Organization\",\"@id\":\"https:\/\/www.oficinaempleo.com\/blog\/#organization\",\"name\":\"OficinaEmpleo\",\"url\":\"https:\/\/www.oficinaempleo.com\/blog\/\",\"logo\":{\"@type\":\"ImageObject\",\"inLanguage\":\"es\",\"@id\":\"https:\/\/www.oficinaempleo.com\/blog\/#\/schema\/logo\/image\/\",\"url\":\"https:\/\/www.oficinaempleo.com\/blog\/wp-content\/uploads\/2018\/10\/logo_footer-1.jpg\",\"contentUrl\":\"https:\/\/www.oficinaempleo.com\/blog\/wp-content\/uploads\/2018\/10\/logo_footer-1.jpg\",\"width\":478,\"height\":57,\"caption\":\"OficinaEmpleo\"},\"image\":{\"@id\":\"https:\/\/www.oficinaempleo.com\/blog\/#\/schema\/logo\/image\/\"},\"sameAs\":[\"https:\/\/x.com\/OficinaEmpleo\"]},{\"@type\":\"Person\",\"@id\":\"https:\/\/www.oficinaempleo.com\/blog\/#\/schema\/person\/a7f3437f35bd6bd9ad19addae529a114\",\"name\":\"OficinaEmpleo\",\"image\":{\"@type\":\"ImageObject\",\"inLanguage\":\"es\",\"@id\":\"https:\/\/www.oficinaempleo.com\/blog\/#\/schema\/person\/image\/\",\"url\":\"https:\/\/secure.gravatar.com\/avatar\/ea822afb14d7439ba3051d652cf8f548fe540f184ce16a2135fc22c9337bd72e?s=96&d=mm&r=g\",\"contentUrl\":\"https:\/\/secure.gravatar.com\/avatar\/ea822afb14d7439ba3051d652cf8f548fe540f184ce16a2135fc22c9337bd72e?s=96&d=mm&r=g\",\"caption\":\"OficinaEmpleo\"},\"description\":\"En OficinaEmpleo queremos ayudarte a conseguir trabajo. Por eso, adem\u00e1s de ofrecerte ofertas de empleo en nuestro portal, te ense\u00f1amos las novedades del sector, y consejos para mejorar tu perfil.\",\"sameAs\":[\"http:\/\/www.oficinaempleo.com\/\",\"https:\/\/www.facebook.com\/OficinaEmpleo\",\"https:\/\/x.com\/OficinaEmpleo\"],\"url\":\"https:\/\/www.oficinaempleo.com\/blog\/author\/empleo\/\"}]}<\/script>\n<!-- \/ Yoast SEO plugin. -->","yoast_head_json":{"title":"C\u00f3mo sellar el paro por Internet, la forma m\u00e1s f\u00e1cil y eficaz","description":"\u00bfTienes que sellar el paro pero no puedes acercarte a una oficina? Descubre en aqu\u00ed como hacerlo a trav\u00e9s de Internet. \u00a1Mira!","robots":{"index":"index","follow":"follow","max-snippet":"max-snippet:-1","max-image-preview":"max-image-preview:large","max-video-preview":"max-video-preview:-1"},"canonical":"https:\/\/www.oficinaempleo.com\/blog\/como-sellar-el-paro-por-internet\/","og_locale":"es_ES","og_type":"article","og_title":"C\u00f3mo sellar el paro por Internet, la forma m\u00e1s f\u00e1cil y eficaz","og_description":"\u00bfTienes que sellar el paro pero no puedes acercarte a una oficina? Descubre en aqu\u00ed como hacerlo a trav\u00e9s de Internet. \u00a1Mira!","og_url":"https:\/\/www.oficinaempleo.com\/blog\/como-sellar-el-paro-por-internet\/","og_site_name":"Noticias y consejos de empleo | Blog OficinaEmpleo","article_author":"https:\/\/www.facebook.com\/OficinaEmpleo","article_published_time":"2024-08-01T08:00:18+00:00","article_modified_time":"2024-08-01T08:14:31+00:00","og_image":[{"width":600,"height":310,"url":"https:\/\/www.oficinaempleo.com\/blog\/wp-content\/uploads\/2018\/04\/DestacadaOE.jpg","type":"image\/jpeg"}],"author":"OficinaEmpleo","twitter_card":"summary_large_image","twitter_creator":"@OficinaEmpleo","twitter_site":"@OficinaEmpleo","twitter_misc":{"Written by":"OficinaEmpleo","Est. reading time":"3 minutos"},"schema":{"@context":"https:\/\/schema.org","@graph":[{"@type":"Article","@id":"https:\/\/www.oficinaempleo.com\/blog\/como-sellar-el-paro-por-internet\/#article","isPartOf":{"@id":"https:\/\/www.oficinaempleo.com\/blog\/como-sellar-el-paro-por-internet\/"},"author":{"name":"OficinaEmpleo","@id":"https:\/\/www.oficinaempleo.com\/blog\/#\/schema\/person\/a7f3437f35bd6bd9ad19addae529a114"},"headline":"C\u00f3mo sellar el paro por Internet","datePublished":"2024-08-01T08:00:18+00:00","dateModified":"2024-08-01T08:14:31+00:00","mainEntityOfPage":{"@id":"https:\/\/www.oficinaempleo.com\/blog\/como-sellar-el-paro-por-internet\/"},"wordCount":570,"commentCount":55,"publisher":{"@id":"https:\/\/www.oficinaempleo.com\/blog\/#organization"},"image":{"@id":"https:\/\/www.oficinaempleo.com\/blog\/como-sellar-el-paro-por-internet\/#primaryimage"},"thumbnailUrl":"https:\/\/www.oficinaempleo.com\/blog\/wp-content\/uploads\/2018\/04\/DestacadaOE.jpg","keywords":["c\u00f3mo sellar el paro por internet","INEM","sellar el paro"],"articleSection":["Actualidad","Administracion"],"inLanguage":"es","potentialAction":[{"@type":"CommentAction","name":"Comment","target":["https:\/\/www.oficinaempleo.com\/blog\/como-sellar-el-paro-por-internet\/#respond"]}]},{"@type":"WebPage","@id":"https:\/\/www.oficinaempleo.com\/blog\/como-sellar-el-paro-por-internet\/","url":"https:\/\/www.oficinaempleo.com\/blog\/como-sellar-el-paro-por-internet\/","name":"C\u00f3mo sellar el paro por Internet, la forma m\u00e1s f\u00e1cil y eficaz","isPartOf":{"@id":"https:\/\/www.oficinaempleo.com\/blog\/#website"},"primaryImageOfPage":{"@id":"https:\/\/www.oficinaempleo.com\/blog\/como-sellar-el-paro-por-internet\/#primaryimage"},"image":{"@id":"https:\/\/www.oficinaempleo.com\/blog\/como-sellar-el-paro-por-internet\/#primaryimage"},"thumbnailUrl":"https:\/\/www.oficinaempleo.com\/blog\/wp-content\/uploads\/2018\/04\/DestacadaOE.jpg","datePublished":"2024-08-01T08:00:18+00:00","dateModified":"2024-08-01T08:14:31+00:00","description":"\u00bfTienes que sellar el paro pero no puedes acercarte a una oficina? Descubre en aqu\u00ed como hacerlo a trav\u00e9s de Internet. \u00a1Mira!","breadcrumb":{"@id":"https:\/\/www.oficinaempleo.com\/blog\/como-sellar-el-paro-por-internet\/#breadcrumb"},"inLanguage":"es","potentialAction":[{"@type":"ReadAction","target":["https:\/\/www.oficinaempleo.com\/blog\/como-sellar-el-paro-por-internet\/"]}]},{"@type":"ImageObject","inLanguage":"es","@id":"https:\/\/www.oficinaempleo.com\/blog\/como-sellar-el-paro-por-internet\/#primaryimage","url":"https:\/\/www.oficinaempleo.com\/blog\/wp-content\/uploads\/2018\/04\/DestacadaOE.jpg","contentUrl":"https:\/\/www.oficinaempleo.com\/blog\/wp-content\/uploads\/2018\/04\/DestacadaOE.jpg","width":600,"height":310,"caption":"Descubre como sellar el paro por internet(Istock)"},{"@type":"BreadcrumbList","@id":"https:\/\/www.oficinaempleo.com\/blog\/como-sellar-el-paro-por-internet\/#breadcrumb","itemListElement":[{"@type":"ListItem","position":1,"name":"Home","item":"https:\/\/www.oficinaempleo.com\/blog\/"},{"@type":"ListItem","position":2,"name":"C\u00f3mo sellar el paro por Internet"}]},{"@type":"WebSite","@id":"https:\/\/www.oficinaempleo.com\/blog\/#website","url":"https:\/\/www.oficinaempleo.com\/blog\/","name":"Noticias y Consejos de Empleo | Blog OficinaEmpleo","description":"","publisher":{"@id":"https:\/\/www.oficinaempleo.com\/blog\/#organization"},"potentialAction":[{"@type":"SearchAction","target":{"@type":"EntryPoint","urlTemplate":"https:\/\/www.oficinaempleo.com\/blog\/?s={search_term_string}"},"query-input":{"@type":"PropertyValueSpecification","valueRequired":true,"valueName":"search_term_string"}}],"inLanguage":"es"},{"@type":"Organization","@id":"https:\/\/www.oficinaempleo.com\/blog\/#organization","name":"OficinaEmpleo","url":"https:\/\/www.oficinaempleo.com\/blog\/","logo":{"@type":"ImageObject","inLanguage":"es","@id":"https:\/\/www.oficinaempleo.com\/blog\/#\/schema\/logo\/image\/","url":"https:\/\/www.oficinaempleo.com\/blog\/wp-content\/uploads\/2018\/10\/logo_footer-1.jpg","contentUrl":"https:\/\/www.oficinaempleo.com\/blog\/wp-content\/uploads\/2018\/10\/logo_footer-1.jpg","width":478,"height":57,"caption":"OficinaEmpleo"},"image":{"@id":"https:\/\/www.oficinaempleo.com\/blog\/#\/schema\/logo\/image\/"},"sameAs":["https:\/\/x.com\/OficinaEmpleo"]},{"@type":"Person","@id":"https:\/\/www.oficinaempleo.com\/blog\/#\/schema\/person\/a7f3437f35bd6bd9ad19addae529a114","name":"OficinaEmpleo","image":{"@type":"ImageObject","inLanguage":"es","@id":"https:\/\/www.oficinaempleo.com\/blog\/#\/schema\/person\/image\/","url":"https:\/\/secure.gravatar.com\/avatar\/ea822afb14d7439ba3051d652cf8f548fe540f184ce16a2135fc22c9337bd72e?s=96&d=mm&r=g","contentUrl":"https:\/\/secure.gravatar.com\/avatar\/ea822afb14d7439ba3051d652cf8f548fe540f184ce16a2135fc22c9337bd72e?s=96&d=mm&r=g","caption":"OficinaEmpleo"},"description":"En OficinaEmpleo queremos ayudarte a conseguir trabajo. Por eso, adem\u00e1s de ofrecerte ofertas de empleo en nuestro portal, te ense\u00f1amos las novedades del sector, y consejos para mejorar tu perfil.","sameAs":["http:\/\/www.oficinaempleo.com\/","https:\/\/www.facebook.com\/OficinaEmpleo","https:\/\/x.com\/OficinaEmpleo"],"url":"https:\/\/www.oficinaempleo.com\/blog\/author\/empleo\/"}]}},"_links":{"self":[{"href":"https:\/\/www.oficinaempleo.com\/blog\/wp-json\/wp\/v2\/posts\/4238","targetHints":{"allow":["GET"]}}],"collection":[{"href":"https:\/\/www.oficinaempleo.com\/blog\/wp-json\/wp\/v2\/posts"}],"about":[{"href":"https:\/\/www.oficinaempleo.com\/blog\/wp-json\/wp\/v2\/types\/post"}],"author":[{"embeddable":true,"href":"https:\/\/www.oficinaempleo.com\/blog\/wp-json\/wp\/v2\/users\/2"}],"replies":[{"embeddable":true,"href":"https:\/\/www.oficinaempleo.com\/blog\/wp-json\/wp\/v2\/comments?post=4238"}],"version-history":[{"count":17,"href":"https:\/\/www.oficinaempleo.com\/blog\/wp-json\/wp\/v2\/posts\/4238\/revisions"}],"predecessor-version":[{"id":34789,"href":"https:\/\/www.oficinaempleo.com\/blog\/wp-json\/wp\/v2\/posts\/4238\/revisions\/34789"}],"wp:featuredmedia":[{"embeddable":true,"href":"https:\/\/www.oficinaempleo.com\/blog\/wp-json\/wp\/v2\/media\/26087"}],"wp:attachment":[{"href":"https:\/\/www.oficinaempleo.com\/blog\/wp-json\/wp\/v2\/media?parent=4238"}],"wp:term":[{"taxonomy":"category","embeddable":true,"href":"https:\/\/www.oficinaempleo.com\/blog\/wp-json\/wp\/v2\/categories?post=4238"},{"taxonomy":"post_tag","embeddable":true,"href":"https:\/\/www.oficinaempleo.com\/blog\/wp-json\/wp\/v2\/tags?post=4238"}],"curies":[{"name":"wp","href":"https:\/\/api.w.org\/{rel}","templated":true}]}}