{"id":4278,"date":"2016-06-25T08:09:35","date_gmt":"2016-06-25T06:09:35","guid":{"rendered":"http:\/\/www.oficinaempleo.com\/blog\/?p=4278"},"modified":"2016-06-20T13:57:31","modified_gmt":"2016-06-20T11:57:31","slug":"conoce-el-curriculum-vitae-europeo-o-europass","status":"publish","type":"post","link":"https:\/\/www.oficinaempleo.com\/blog\/conoce-el-curriculum-vitae-europeo-o-europass\/","title":{"rendered":"C\u00f3mo hacer un Curr\u00edculum Vitae Europeo o Europass"},"content":{"rendered":"<p style=\"text-align: justify;\">Las l\u00f3gicas dudas que nos surgen a la hora de <a title=\"10 trucos para parecer mejor de lo que eres en tu curr\u00edculum\" href=\"http:\/\/www.oficinaempleo.com\/blog\/10-trucos-para-parecer-mejor-de-lo-que-eres-en-tu-curriculum\/\" ><strong>redactar nuestro curr\u00edculum<\/strong><\/a> quedan en su mayor\u00eda resueltas en el caso de <strong>Europass<\/strong>,  el modelo est\u00e1ndar de curr\u00edculum para todos los pa\u00edses de la Uni\u00f3n Europea.<\/p>\n<p style=\"text-align: justify;\">Lo primero que debes saber es que <a title=\"Europass\" href=\"https:\/\/europass.cedefop.europa.eu\/es\/home\" ><strong>Europass<\/strong><\/a>\u00a0o <strong>Curr\u00edculum Vitae Europeo<\/strong> no es s\u00f3lo un curr\u00edculum,  sino un conjunto de 5 documentos. <strong>El Curr\u00edculum<\/strong> es uno de ellos y el m\u00e1s importante,  pero la documentaci\u00f3n se completa con <strong>el Pasaporte de Lenguas<\/strong> (que tambi\u00e9n elabora el interesado) y con tres documentos que pueden avalar nuestros conocimientos y aptitudes.<\/p>\n<p style=\"text-align: justify;\">Esos tres certificados son <strong>el<\/strong> <strong>Documento de Movilidad Europass<\/strong> (incluye el aprendizaje realizado en otros pa\u00edses europeos), <strong>el Suplemento al T\u00edtulo de T\u00e9cnico o Certificado de Profesionalidad<\/strong> (describe nuestros conocimientos y capacidades) y el <strong>Suplemento al T\u00edtulo Superior<\/strong> (describe los conocimientos y capacidades adquiridas por quienes han cursado estudios superiores).<\/p>\n<p style=\"text-align: justify;\"><img loading=\"lazy\" decoding=\"async\" class=\"aligncenter wp-image-4280 size-full\" src=\"http:\/\/www.oficinaempleo.com\/blog\/wp-content\/uploads\/2015\/04\/Europass-foto.jpg\" alt=\"Europass-foto\" width=\"590\" height=\"315\" srcset=\"https:\/\/www.oficinaempleo.com\/blog\/wp-content\/uploads\/2015\/04\/Europass-foto.jpg 590w, https:\/\/www.oficinaempleo.com\/blog\/wp-content\/uploads\/2015\/04\/Europass-foto-300x160.jpg 300w, https:\/\/www.oficinaempleo.com\/blog\/wp-content\/uploads\/2015\/04\/Europass-foto-280x150.jpg 280w\" sizes=\"auto, (max-width: 590px) 100vw, 590px\" \/><\/p>\n<p style=\"text-align: justify;\"><strong>El Curr\u00edculum Vitae Europeo o Europass<\/strong> sigue un modelo similar al de un curr\u00edculum normal y est\u00e1 estructurado en cuatro partes: informaci\u00f3n personal, experiencia laboral, educaci\u00f3n y formaci\u00f3n y competencias personales.<\/p>\n<ul style=\"text-align: justify;\">\n<li>En el apartado de <strong>informaci\u00f3n personal<\/strong> debes incluir tu nombre completo, tu direcci\u00f3n, tus n\u00fameros de tel\u00e9fono, tu direcci\u00f3n de correo electr\u00f3nico y el puesto de trabajo que solicitas.<\/li>\n<li>En la <strong>experiencia laboral<\/strong> deben figurar tus trabajos anteriores desde el m\u00e1s reciente hasta el m\u00e1s antiguo. En la parte izquierda hay que reflejar la fecha de cada empleo y debajo de cada puesto de trabajo una breve descripci\u00f3n de las funciones que desempe\u00f1abas.<\/li>\n<li>La parte de <strong>educaci\u00f3n y formaci\u00f3n<\/strong> sigue el mismo esquema que el punto anterior de la experiencia laboral comenzando tambi\u00e9n por lo m\u00e1s reciente.<\/li>\n<li>En las <strong>competencias personales<\/strong> debe constar la lengua materna, tus niveles de comprensi\u00f3n, habla y redacci\u00f3n en otros idiomas y tus competencias, divididas en comunicativas, de organizaci\u00f3n y gesti\u00f3n, competencias relacionadas con el empleo y competencias inform\u00e1ticas.<\/li>\n<\/ul>\n<p style=\"text-align: justify;\">Adem\u00e1s, recuerda que <strong>en la parte derecha de la plantilla para confeccionar tu curr\u00edculum Europass tienes un men\u00fa<\/strong> para subir una foto, a\u00f1adir otras competencias, indicar si tienes permiso de conducir, incluir informaci\u00f3n adicional (por ejemplo, referencias de antiguos superiores) y adjuntar documentos.<\/p>\n<p style=\"text-align: justify;\">Puedes pinchar <a title=\"Plantilla de Curr\u00edculum Europass\" href=\"https:\/\/europass.cedefop.europa.eu\/editors\/es\/cv\/compose\" >aqu\u00ed<\/a> para acceder a la <strong>plantilla del Curr\u00edculum Europass<\/strong>.<\/p>\n<p style=\"text-align: justify;\">Reg\u00edstrate en <strong><a title=\"Blog de Oficina Empleo\" href=\"http:\/\/www.oficinaempleo.com\/jobseekers\/registration.php?ref=blog\" >OficinaEmpleo<\/a> <\/strong>si te parece interesante el contenido y recibe nuestra newsletter y alertas de empleo.<\/p>\n","protected":false},"excerpt":{"rendered":"<p>Te contamos c\u00f3mo es Europass, el modelo de curr\u00edculum v\u00e1lido para todos los pa\u00edses de la Uni\u00f3n Europea<\/p>\n","protected":false},"author":2,"featured_media":4280,"comment_status":"open","ping_status":"open","sticky":false,"template":"","format":"standard","meta":{"footnotes":""},"categories":[691,12,637,3],"tags":[42,900,1290,24,1236,25],"class_list":["post-4278","post","type-post","status-publish","format-standard","has-post-thumbnail","hentry","category-actualidad-empleo","category-consejos-y-recursos","category-empleo-internacional-2","category-noticias-empleo","tag-busqueda-de-empleo","tag-curriculum","tag-curriculum-europeo","tag-empleo","tag-europass","tag-trabajo","cat-691-id","cat-12-id","cat-637-id","cat-3-id","has_thumb"],"yoast_head":"<!-- This site is optimized with the Yoast SEO plugin v27.1.1 - https:\/\/yoast.com\/product\/yoast-seo-wordpress\/ -->\n<title>C\u00f3mo hacer un Curr\u00edculum Vitae Europeo o Europass - Blog OficinaEmpleo<\/title>\n<meta name=\"robots\" content=\"index, follow, max-snippet:-1, max-image-preview:large, max-video-preview:-1\" \/>\n<link rel=\"canonical\" href=\"https:\/\/www.oficinaempleo.com\/blog\/conoce-el-curriculum-vitae-europeo-o-europass\/\" \/>\n<meta property=\"og:locale\" content=\"es_ES\" \/>\n<meta property=\"og:type\" content=\"article\" \/>\n<meta property=\"og:title\" content=\"C\u00f3mo hacer un Curr\u00edculum Vitae Europeo o Europass - Blog OficinaEmpleo\" \/>\n<meta property=\"og:description\" content=\"Te contamos c\u00f3mo es Europass, el modelo de curr\u00edculum v\u00e1lido para todos los pa\u00edses de la Uni\u00f3n Europea\" \/>\n<meta property=\"og:url\" content=\"https:\/\/www.oficinaempleo.com\/blog\/conoce-el-curriculum-vitae-europeo-o-europass\/\" \/>\n<meta property=\"og:site_name\" content=\"Noticias y consejos de empleo | Blog OficinaEmpleo\" \/>\n<meta property=\"article:author\" content=\"https:\/\/www.facebook.com\/OficinaEmpleo\" \/>\n<meta property=\"article:published_time\" content=\"2016-06-25T06:09:35+00:00\" \/>\n<meta property=\"og:image\" content=\"https:\/\/www.oficinaempleo.com\/blog\/wp-content\/uploads\/2015\/04\/Europass-foto.jpg\" \/>\n\t<meta property=\"og:image:width\" content=\"590\" \/>\n\t<meta property=\"og:image:height\" content=\"315\" \/>\n\t<meta property=\"og:image:type\" content=\"image\/jpeg\" \/>\n<meta name=\"author\" content=\"OficinaEmpleo\" \/>\n<meta name=\"twitter:card\" content=\"summary_large_image\" \/>\n<meta name=\"twitter:creator\" content=\"@OficinaEmpleo\" \/>\n<meta name=\"twitter:site\" content=\"@OficinaEmpleo\" \/>\n<meta name=\"twitter:label1\" content=\"Written by\" \/>\n\t<meta name=\"twitter:data1\" content=\"OficinaEmpleo\" \/>\n\t<meta name=\"twitter:label2\" content=\"Est. reading time\" \/>\n\t<meta name=\"twitter:data2\" content=\"2 minutos\" \/>\n<script type=\"application\/ld+json\" class=\"yoast-schema-graph\">{\"@context\":\"https:\/\/schema.org\",\"@graph\":[{\"@type\":\"Article\",\"@id\":\"https:\/\/www.oficinaempleo.com\/blog\/conoce-el-curriculum-vitae-europeo-o-europass\/#article\",\"isPartOf\":{\"@id\":\"https:\/\/www.oficinaempleo.com\/blog\/conoce-el-curriculum-vitae-europeo-o-europass\/\"},\"author\":{\"name\":\"OficinaEmpleo\",\"@id\":\"https:\/\/www.oficinaempleo.com\/blog\/#\/schema\/person\/a7f3437f35bd6bd9ad19addae529a114\"},\"headline\":\"C\u00f3mo hacer un Curr\u00edculum Vitae Europeo o Europass\",\"datePublished\":\"2016-06-25T06:09:35+00:00\",\"mainEntityOfPage\":{\"@id\":\"https:\/\/www.oficinaempleo.com\/blog\/conoce-el-curriculum-vitae-europeo-o-europass\/\"},\"wordCount\":438,\"commentCount\":1,\"publisher\":{\"@id\":\"https:\/\/www.oficinaempleo.com\/blog\/#organization\"},\"image\":{\"@id\":\"https:\/\/www.oficinaempleo.com\/blog\/conoce-el-curriculum-vitae-europeo-o-europass\/#primaryimage\"},\"thumbnailUrl\":\"https:\/\/www.oficinaempleo.com\/blog\/wp-content\/uploads\/2015\/04\/Europass-foto.jpg\",\"keywords\":[\"b\u00fasqueda de empleo\",\"curr\u00edculum\",\"curr\u00edculum europeo\",\"empleo\",\"Europass\",\"trabajo\"],\"articleSection\":[\"Actualidad\",\"Consejos y Recursos\",\"Empleo Internacional\",\"Noticias Empleo\"],\"inLanguage\":\"es\",\"potentialAction\":[{\"@type\":\"CommentAction\",\"name\":\"Comment\",\"target\":[\"https:\/\/www.oficinaempleo.com\/blog\/conoce-el-curriculum-vitae-europeo-o-europass\/#respond\"]}]},{\"@type\":\"WebPage\",\"@id\":\"https:\/\/www.oficinaempleo.com\/blog\/conoce-el-curriculum-vitae-europeo-o-europass\/\",\"url\":\"https:\/\/www.oficinaempleo.com\/blog\/conoce-el-curriculum-vitae-europeo-o-europass\/\",\"name\":\"C\u00f3mo hacer un Curr\u00edculum Vitae Europeo o Europass - Blog OficinaEmpleo\",\"isPartOf\":{\"@id\":\"https:\/\/www.oficinaempleo.com\/blog\/#website\"},\"primaryImageOfPage\":{\"@id\":\"https:\/\/www.oficinaempleo.com\/blog\/conoce-el-curriculum-vitae-europeo-o-europass\/#primaryimage\"},\"image\":{\"@id\":\"https:\/\/www.oficinaempleo.com\/blog\/conoce-el-curriculum-vitae-europeo-o-europass\/#primaryimage\"},\"thumbnailUrl\":\"https:\/\/www.oficinaempleo.com\/blog\/wp-content\/uploads\/2015\/04\/Europass-foto.jpg\",\"datePublished\":\"2016-06-25T06:09:35+00:00\",\"breadcrumb\":{\"@id\":\"https:\/\/www.oficinaempleo.com\/blog\/conoce-el-curriculum-vitae-europeo-o-europass\/#breadcrumb\"},\"inLanguage\":\"es\",\"potentialAction\":[{\"@type\":\"ReadAction\",\"target\":[\"https:\/\/www.oficinaempleo.com\/blog\/conoce-el-curriculum-vitae-europeo-o-europass\/\"]}]},{\"@type\":\"ImageObject\",\"inLanguage\":\"es\",\"@id\":\"https:\/\/www.oficinaempleo.com\/blog\/conoce-el-curriculum-vitae-europeo-o-europass\/#primaryimage\",\"url\":\"https:\/\/www.oficinaempleo.com\/blog\/wp-content\/uploads\/2015\/04\/Europass-foto.jpg\",\"contentUrl\":\"https:\/\/www.oficinaempleo.com\/blog\/wp-content\/uploads\/2015\/04\/Europass-foto.jpg\",\"width\":590,\"height\":315},{\"@type\":\"BreadcrumbList\",\"@id\":\"https:\/\/www.oficinaempleo.com\/blog\/conoce-el-curriculum-vitae-europeo-o-europass\/#breadcrumb\",\"itemListElement\":[{\"@type\":\"ListItem\",\"position\":1,\"name\":\"Home\",\"item\":\"https:\/\/www.oficinaempleo.com\/blog\/\"},{\"@type\":\"ListItem\",\"position\":2,\"name\":\"C\u00f3mo hacer un Curr\u00edculum Vitae Europeo o Europass\"}]},{\"@type\":\"WebSite\",\"@id\":\"https:\/\/www.oficinaempleo.com\/blog\/#website\",\"url\":\"https:\/\/www.oficinaempleo.com\/blog\/\",\"name\":\"Noticias y Consejos de Empleo | Blog OficinaEmpleo\",\"description\":\"\",\"publisher\":{\"@id\":\"https:\/\/www.oficinaempleo.com\/blog\/#organization\"},\"potentialAction\":[{\"@type\":\"SearchAction\",\"target\":{\"@type\":\"EntryPoint\",\"urlTemplate\":\"https:\/\/www.oficinaempleo.com\/blog\/?s={search_term_string}\"},\"query-input\":{\"@type\":\"PropertyValueSpecification\",\"valueRequired\":true,\"valueName\":\"search_term_string\"}}],\"inLanguage\":\"es\"},{\"@type\":\"Organization\",\"@id\":\"https:\/\/www.oficinaempleo.com\/blog\/#organization\",\"name\":\"OficinaEmpleo\",\"url\":\"https:\/\/www.oficinaempleo.com\/blog\/\",\"logo\":{\"@type\":\"ImageObject\",\"inLanguage\":\"es\",\"@id\":\"https:\/\/www.oficinaempleo.com\/blog\/#\/schema\/logo\/image\/\",\"url\":\"https:\/\/www.oficinaempleo.com\/blog\/wp-content\/uploads\/2018\/10\/logo_footer-1.jpg\",\"contentUrl\":\"https:\/\/www.oficinaempleo.com\/blog\/wp-content\/uploads\/2018\/10\/logo_footer-1.jpg\",\"width\":478,\"height\":57,\"caption\":\"OficinaEmpleo\"},\"image\":{\"@id\":\"https:\/\/www.oficinaempleo.com\/blog\/#\/schema\/logo\/image\/\"},\"sameAs\":[\"https:\/\/x.com\/OficinaEmpleo\"]},{\"@type\":\"Person\",\"@id\":\"https:\/\/www.oficinaempleo.com\/blog\/#\/schema\/person\/a7f3437f35bd6bd9ad19addae529a114\",\"name\":\"OficinaEmpleo\",\"image\":{\"@type\":\"ImageObject\",\"inLanguage\":\"es\",\"@id\":\"https:\/\/www.oficinaempleo.com\/blog\/#\/schema\/person\/image\/\",\"url\":\"https:\/\/secure.gravatar.com\/avatar\/ea822afb14d7439ba3051d652cf8f548fe540f184ce16a2135fc22c9337bd72e?s=96&d=mm&r=g\",\"contentUrl\":\"https:\/\/secure.gravatar.com\/avatar\/ea822afb14d7439ba3051d652cf8f548fe540f184ce16a2135fc22c9337bd72e?s=96&d=mm&r=g\",\"caption\":\"OficinaEmpleo\"},\"description\":\"En OficinaEmpleo queremos ayudarte a conseguir trabajo. Por eso, adem\u00e1s de ofrecerte ofertas de empleo en nuestro portal, te ense\u00f1amos las novedades del sector, y consejos para mejorar tu perfil.\",\"sameAs\":[\"http:\/\/www.oficinaempleo.com\/\",\"https:\/\/www.facebook.com\/OficinaEmpleo\",\"https:\/\/x.com\/OficinaEmpleo\"],\"url\":\"https:\/\/www.oficinaempleo.com\/blog\/author\/empleo\/\"}]}<\/script>\n<!-- \/ Yoast SEO plugin. -->","yoast_head_json":{"title":"C\u00f3mo hacer un Curr\u00edculum Vitae Europeo o Europass - Blog OficinaEmpleo","robots":{"index":"index","follow":"follow","max-snippet":"max-snippet:-1","max-image-preview":"max-image-preview:large","max-video-preview":"max-video-preview:-1"},"canonical":"https:\/\/www.oficinaempleo.com\/blog\/conoce-el-curriculum-vitae-europeo-o-europass\/","og_locale":"es_ES","og_type":"article","og_title":"C\u00f3mo hacer un Curr\u00edculum Vitae Europeo o Europass - Blog OficinaEmpleo","og_description":"Te contamos c\u00f3mo es Europass, el modelo de curr\u00edculum v\u00e1lido para todos los pa\u00edses de la Uni\u00f3n Europea","og_url":"https:\/\/www.oficinaempleo.com\/blog\/conoce-el-curriculum-vitae-europeo-o-europass\/","og_site_name":"Noticias y consejos de empleo | Blog OficinaEmpleo","article_author":"https:\/\/www.facebook.com\/OficinaEmpleo","article_published_time":"2016-06-25T06:09:35+00:00","og_image":[{"width":590,"height":315,"url":"https:\/\/www.oficinaempleo.com\/blog\/wp-content\/uploads\/2015\/04\/Europass-foto.jpg","type":"image\/jpeg"}],"author":"OficinaEmpleo","twitter_card":"summary_large_image","twitter_creator":"@OficinaEmpleo","twitter_site":"@OficinaEmpleo","twitter_misc":{"Written by":"OficinaEmpleo","Est. reading time":"2 minutos"},"schema":{"@context":"https:\/\/schema.org","@graph":[{"@type":"Article","@id":"https:\/\/www.oficinaempleo.com\/blog\/conoce-el-curriculum-vitae-europeo-o-europass\/#article","isPartOf":{"@id":"https:\/\/www.oficinaempleo.com\/blog\/conoce-el-curriculum-vitae-europeo-o-europass\/"},"author":{"name":"OficinaEmpleo","@id":"https:\/\/www.oficinaempleo.com\/blog\/#\/schema\/person\/a7f3437f35bd6bd9ad19addae529a114"},"headline":"C\u00f3mo hacer un Curr\u00edculum Vitae Europeo o Europass","datePublished":"2016-06-25T06:09:35+00:00","mainEntityOfPage":{"@id":"https:\/\/www.oficinaempleo.com\/blog\/conoce-el-curriculum-vitae-europeo-o-europass\/"},"wordCount":438,"commentCount":1,"publisher":{"@id":"https:\/\/www.oficinaempleo.com\/blog\/#organization"},"image":{"@id":"https:\/\/www.oficinaempleo.com\/blog\/conoce-el-curriculum-vitae-europeo-o-europass\/#primaryimage"},"thumbnailUrl":"https:\/\/www.oficinaempleo.com\/blog\/wp-content\/uploads\/2015\/04\/Europass-foto.jpg","keywords":["b\u00fasqueda de empleo","curr\u00edculum","curr\u00edculum europeo","empleo","Europass","trabajo"],"articleSection":["Actualidad","Consejos y Recursos","Empleo Internacional","Noticias Empleo"],"inLanguage":"es","potentialAction":[{"@type":"CommentAction","name":"Comment","target":["https:\/\/www.oficinaempleo.com\/blog\/conoce-el-curriculum-vitae-europeo-o-europass\/#respond"]}]},{"@type":"WebPage","@id":"https:\/\/www.oficinaempleo.com\/blog\/conoce-el-curriculum-vitae-europeo-o-europass\/","url":"https:\/\/www.oficinaempleo.com\/blog\/conoce-el-curriculum-vitae-europeo-o-europass\/","name":"C\u00f3mo hacer un Curr\u00edculum Vitae Europeo o Europass - Blog OficinaEmpleo","isPartOf":{"@id":"https:\/\/www.oficinaempleo.com\/blog\/#website"},"primaryImageOfPage":{"@id":"https:\/\/www.oficinaempleo.com\/blog\/conoce-el-curriculum-vitae-europeo-o-europass\/#primaryimage"},"image":{"@id":"https:\/\/www.oficinaempleo.com\/blog\/conoce-el-curriculum-vitae-europeo-o-europass\/#primaryimage"},"thumbnailUrl":"https:\/\/www.oficinaempleo.com\/blog\/wp-content\/uploads\/2015\/04\/Europass-foto.jpg","datePublished":"2016-06-25T06:09:35+00:00","breadcrumb":{"@id":"https:\/\/www.oficinaempleo.com\/blog\/conoce-el-curriculum-vitae-europeo-o-europass\/#breadcrumb"},"inLanguage":"es","potentialAction":[{"@type":"ReadAction","target":["https:\/\/www.oficinaempleo.com\/blog\/conoce-el-curriculum-vitae-europeo-o-europass\/"]}]},{"@type":"ImageObject","inLanguage":"es","@id":"https:\/\/www.oficinaempleo.com\/blog\/conoce-el-curriculum-vitae-europeo-o-europass\/#primaryimage","url":"https:\/\/www.oficinaempleo.com\/blog\/wp-content\/uploads\/2015\/04\/Europass-foto.jpg","contentUrl":"https:\/\/www.oficinaempleo.com\/blog\/wp-content\/uploads\/2015\/04\/Europass-foto.jpg","width":590,"height":315},{"@type":"BreadcrumbList","@id":"https:\/\/www.oficinaempleo.com\/blog\/conoce-el-curriculum-vitae-europeo-o-europass\/#breadcrumb","itemListElement":[{"@type":"ListItem","position":1,"name":"Home","item":"https:\/\/www.oficinaempleo.com\/blog\/"},{"@type":"ListItem","position":2,"name":"C\u00f3mo hacer un Curr\u00edculum Vitae Europeo o Europass"}]},{"@type":"WebSite","@id":"https:\/\/www.oficinaempleo.com\/blog\/#website","url":"https:\/\/www.oficinaempleo.com\/blog\/","name":"Noticias y Consejos de Empleo | Blog OficinaEmpleo","description":"","publisher":{"@id":"https:\/\/www.oficinaempleo.com\/blog\/#organization"},"potentialAction":[{"@type":"SearchAction","target":{"@type":"EntryPoint","urlTemplate":"https:\/\/www.oficinaempleo.com\/blog\/?s={search_term_string}"},"query-input":{"@type":"PropertyValueSpecification","valueRequired":true,"valueName":"search_term_string"}}],"inLanguage":"es"},{"@type":"Organization","@id":"https:\/\/www.oficinaempleo.com\/blog\/#organization","name":"OficinaEmpleo","url":"https:\/\/www.oficinaempleo.com\/blog\/","logo":{"@type":"ImageObject","inLanguage":"es","@id":"https:\/\/www.oficinaempleo.com\/blog\/#\/schema\/logo\/image\/","url":"https:\/\/www.oficinaempleo.com\/blog\/wp-content\/uploads\/2018\/10\/logo_footer-1.jpg","contentUrl":"https:\/\/www.oficinaempleo.com\/blog\/wp-content\/uploads\/2018\/10\/logo_footer-1.jpg","width":478,"height":57,"caption":"OficinaEmpleo"},"image":{"@id":"https:\/\/www.oficinaempleo.com\/blog\/#\/schema\/logo\/image\/"},"sameAs":["https:\/\/x.com\/OficinaEmpleo"]},{"@type":"Person","@id":"https:\/\/www.oficinaempleo.com\/blog\/#\/schema\/person\/a7f3437f35bd6bd9ad19addae529a114","name":"OficinaEmpleo","image":{"@type":"ImageObject","inLanguage":"es","@id":"https:\/\/www.oficinaempleo.com\/blog\/#\/schema\/person\/image\/","url":"https:\/\/secure.gravatar.com\/avatar\/ea822afb14d7439ba3051d652cf8f548fe540f184ce16a2135fc22c9337bd72e?s=96&d=mm&r=g","contentUrl":"https:\/\/secure.gravatar.com\/avatar\/ea822afb14d7439ba3051d652cf8f548fe540f184ce16a2135fc22c9337bd72e?s=96&d=mm&r=g","caption":"OficinaEmpleo"},"description":"En OficinaEmpleo queremos ayudarte a conseguir trabajo. Por eso, adem\u00e1s de ofrecerte ofertas de empleo en nuestro portal, te ense\u00f1amos las novedades del sector, y consejos para mejorar tu perfil.","sameAs":["http:\/\/www.oficinaempleo.com\/","https:\/\/www.facebook.com\/OficinaEmpleo","https:\/\/x.com\/OficinaEmpleo"],"url":"https:\/\/www.oficinaempleo.com\/blog\/author\/empleo\/"}]}},"_links":{"self":[{"href":"https:\/\/www.oficinaempleo.com\/blog\/wp-json\/wp\/v2\/posts\/4278","targetHints":{"allow":["GET"]}}],"collection":[{"href":"https:\/\/www.oficinaempleo.com\/blog\/wp-json\/wp\/v2\/posts"}],"about":[{"href":"https:\/\/www.oficinaempleo.com\/blog\/wp-json\/wp\/v2\/types\/post"}],"author":[{"embeddable":true,"href":"https:\/\/www.oficinaempleo.com\/blog\/wp-json\/wp\/v2\/users\/2"}],"replies":[{"embeddable":true,"href":"https:\/\/www.oficinaempleo.com\/blog\/wp-json\/wp\/v2\/comments?post=4278"}],"version-history":[{"count":0,"href":"https:\/\/www.oficinaempleo.com\/blog\/wp-json\/wp\/v2\/posts\/4278\/revisions"}],"wp:featuredmedia":[{"embeddable":true,"href":"https:\/\/www.oficinaempleo.com\/blog\/wp-json\/wp\/v2\/media\/4280"}],"wp:attachment":[{"href":"https:\/\/www.oficinaempleo.com\/blog\/wp-json\/wp\/v2\/media?parent=4278"}],"wp:term":[{"taxonomy":"category","embeddable":true,"href":"https:\/\/www.oficinaempleo.com\/blog\/wp-json\/wp\/v2\/categories?post=4278"},{"taxonomy":"post_tag","embeddable":true,"href":"https:\/\/www.oficinaempleo.com\/blog\/wp-json\/wp\/v2\/tags?post=4278"}],"curies":[{"name":"wp","href":"https:\/\/api.w.org\/{rel}","templated":true}]}}