{"id":4623,"date":"2022-03-20T08:00:39","date_gmt":"2022-03-20T07:00:39","guid":{"rendered":"http:\/\/www.oficinaempleo.com\/blog\/?p=4623"},"modified":"2022-03-23T17:49:18","modified_gmt":"2022-03-23T16:49:18","slug":"el-curriculum-de-rajoy","status":"publish","type":"post","link":"https:\/\/www.oficinaempleo.com\/blog\/el-curriculum-de-rajoy\/","title":{"rendered":"El curr\u00edculum de Rajoy"},"content":{"rendered":"<p style=\"text-align: justify;\">\u00bfAlguna vez te has preguntado qu\u00e9 estudios tiene el expresidente del Gobierno? \u00bfO que har\u00e1 tras dejar la pol\u00edtica? Pues bien, aqu\u00ed hemos dise\u00f1ado un CV de Mariano Rajoy para satisfacer todas tus dudas. Si fueras director de RRHH de alguna empresa\u2026 \u00bfle contratar\u00edas? Su tal\u00f3n de Aquiles son los idiomas, ya te lo vamos adelantando.<\/p>\n<div id=\"attachment_4624\" style=\"width: 600px\" class=\"wp-caption aligncenter\"><img loading=\"lazy\" decoding=\"async\" aria-describedby=\"caption-attachment-4624\" class=\"wp-image-4624 size-full\" src=\"https:\/\/www.oficinaempleo.com\/blog\/wp-content\/uploads\/2015\/04\/rajoy_dentro.jpg\" alt=\"CV de Rajoy (Gtres)\" width=\"590\" height=\"315\" srcset=\"https:\/\/www.oficinaempleo.com\/blog\/wp-content\/uploads\/2015\/04\/rajoy_dentro.jpg 590w, https:\/\/www.oficinaempleo.com\/blog\/wp-content\/uploads\/2015\/04\/rajoy_dentro-300x160.jpg 300w, https:\/\/www.oficinaempleo.com\/blog\/wp-content\/uploads\/2015\/04\/rajoy_dentro-280x150.jpg 280w\" sizes=\"auto, (max-width: 590px) 100vw, 590px\" \/><p id=\"caption-attachment-4624\" class=\"wp-caption-text\">CV de Rajoy (Gtres)<\/p><\/div>\n<h2 style=\"text-align: justify;\"><strong>1. Datos personales<\/strong><\/h2>\n<p style=\"text-align: justify;\">Mariano Rajoy Brey naci\u00f3 en Santiago de Compostela (La Coru\u00f1a) el 27 de marzo de 1955.<\/p>\n<p style=\"text-align: justify;\">Es nieto de Enrique Rajoy Leloup, uno de los redactores del Estatuto de autonom\u00eda de Galicia en 1932 que fue apartado de la docencia universitaria por la dictadura hasta principios de los 50, y es hijo del tambi\u00e9n jurista Mariano Rajoy Sobredo, presidente de la Audiencia Provincial de Pontevedra.<\/p>\n<p style=\"text-align: justify;\">Est\u00e1 casado con<strong> Elvira Fern\u00e1ndez Balboa y tiene dos hijos, Mariano y Juan.<\/strong><\/p>\n<h2 style=\"text-align: justify;\"><strong>2. Formaci\u00f3n<\/strong><\/h2>\n<p style=\"text-align: justify;\">Mariano Rajoy es<strong> licenciado en Derecho por la Universidad de Santiago de Compostela<\/strong>. Un a\u00f1o antes de acabar la carrera, comenz\u00f3 a preparar las oposiciones a registrador de la propiedad y las aprob\u00f3 al a\u00f1o siguiente. Con 24 a\u00f1os se convirti\u00f3 en el registrador m\u00e1s joven de Espa\u00f1a. Fue destinado a Padr\u00f3n (La Coru\u00f1a), a Villafranca del Bierzo (Le\u00f3n) y a Santa Pola (Alicante) destino del que por cierto a\u00fan es titular, y ser\u00e1 donde comience con su actividad profesional tras ser desalojado de La Moncloa por la moci\u00f3n de censura presentada por el PSOE.<\/p>\n<p style=\"text-align: justify;\">Realiz\u00f3 el servicio militar obligatorio, en el que se ocup\u00f3 principalmente de la limpieza de las escaleras de la Capitan\u00eda General de Valencia, licenci\u00e1ndose a finales de 1980.<\/p>\n<h2 style=\"text-align: justify;\"><strong>3. Carrera pol\u00edtica<\/strong><\/h2>\n<p style=\"text-align: justify;\">Despu\u00e9s de afiliarse en 1980 a Alianza Popular (antiguo nombre del Partido Popular), fue elegido diputado en las primeras elecciones auton\u00f3micas gallegas, celebradas el 20 de octubre de 1981.<\/p>\n<p style=\"text-align: justify;\">En 1982 fue <strong>designado director general de Relaciones Institucionales de la Junta de Galicia.<\/strong> En las elecciones municipales del 8 de mayo de 1983 fue elegido concejal del Ayuntamiento de Pontevedra. En el congreso extraordinario del partido del mes de mayo de 1988 fue nombrado secretario general de AP en Galicia.<\/p>\n<p style=\"text-align: justify;\">En 1983 fue presidente de la <strong>Diputaci\u00f3n Provincial de Pontevedra<\/strong>; en 1986 obtuvo un esca\u00f1o en el Congreso de los Diputados como cabeza de lista por Pontevedra; miembro del Comit\u00e9 Ejecutivo Nacional del Partido Popular en 1989 y preside la Comisi\u00f3n de Control Parlamentario de RTVE.<\/p>\n<p style=\"text-align: justify;\"><strong>Tambi\u00e9n fue elegido miembro de la Ejecutiva Nacional y vicesecretario general del PP.<\/strong><\/p>\n<p style=\"text-align: justify;\">Ya en 1993, el Partido Popular se consolid\u00f3 como primer partido de la oposici\u00f3n y Rajoy renov\u00f3 su acta de diputado por Pontevedra.<\/p>\n<h2 style=\"text-align: justify;\"><strong>4. En el Gobierno<\/strong><\/h2>\n<p style=\"text-align: justify;\">El 5 de mayo de 1996 fue nombrado ministro de Administraciones P\u00fablicas.<\/p>\n<p style=\"text-align: justify;\">En enero de 1999, Rajoy dej\u00f3 su cargo a \u00c1ngel Acebes y sustituy\u00f3 a Esperanza Aguirre, que hab\u00eda recibido fuertes cr\u00edticas por su gesti\u00f3n, siendo nombrado ministro de Educaci\u00f3n y Cultura.<\/p>\n<p style=\"text-align: justify;\">En 2002, fue nombrado Vicepresidente Primero y ministro de la Presidencia del Gobierno en sustituci\u00f3n de Francisco \u00c1lvarez-Cascos.<\/p>\n<p style=\"text-align: justify;\">En febrero de 2001, sucedi\u00f3 en Interior a Jaime Mayor Oreja.<\/p>\n<p style=\"text-align: justify;\">En enero de 2002 Rajoy ces\u00f3 como ministro de Interior, siendo sustituido por Acebes, para asumir las carteras de Portavoz del Gobierno y, de nuevo, la del Ministerio de la Presidencia.<\/p>\n<h2 style=\"text-align: justify;\"><strong>5. Otra vez a la oposici\u00f3n<\/strong><\/h2>\n<p style=\"text-align: justify;\">Entre 2004 y 2011 Rajoy fue el l\u00edder del PP en la oposici\u00f3n, perdiendo las elecciones de 2004 y 2008.<\/p>\n<h2 style=\"text-align: justify;\"><strong>6. Presidente del Gobierno<\/strong><\/h2>\n<p style=\"text-align: justify;\">En las elecciones generales anticipadas del 20 de noviembre de 2011 para el Parlamento de la X Legislatura, el Partido Popular result\u00f3 vencedor al recibir m\u00e1s de 10,7 millones de votos (44,62\u00a0 por ciento) y logra as\u00ed una mayor\u00eda absoluta de 186 esca\u00f1os que permiten a Rajoy ser investido presidente del Gobierno, cargo que ocupa desde entonces.<\/p>\n<p style=\"text-align: justify;\">Cuatro a\u00f1os despues, en los siguientes comicios,\u00a0necesit\u00f3 el apoyo de Ciudadanos para gobernar en Espa\u00f1a tras celebrarse dos elecciones al Parlamento consecutivas. La irrupci\u00f3n de los nuevos partidos debilit\u00f3 al bipartidismo en Espa\u00f1a y cambios las reglas del juego en la pol\u00edtica espa\u00f1ola. Ahora, al frente del Gobierno de Espa\u00f1a est\u00e1 el socialista Pedro S\u00e1nchez. Rajoy tras perder la moci\u00f3n decidi\u00f3 dar un paso atr\u00e1s y retirarse de la pol\u00edtica para seguir trabajando como registrador de la propiedad en Santa Pola.<\/p>\n<p>En Oficina Empleo tenemos cientos de procesos de selecci\u00f3n con los que empezar a\u00a0<a href=\"https:\/\/www.oficinaempleo.com\/trabajar-en\/limpieza-y-servicios-urbanos-22\" target=\"_blank\" rel=\"noopener\">trabajar en Limpieza y Servicios Urbanos<\/a>\u00a0o en el sector que se adapte a ti. Si lo prefieres, puedes descubrir en nuestro Blog\u00a0<a href=\"https:\/\/www.oficinaempleo.com\/ofertas-empleo-en\/murcia\" target=\"_blank\" rel=\"noopener\">c\u00f3mo trabajar en Murcia<\/a> y muchas m\u00e1s empresas.<\/p>\n","protected":false},"excerpt":{"rendered":"<p>Si fueras director de RRHH de alguna empresa\u2026 \u00bfle contratar\u00edas?<\/p>\n","protected":false},"author":5,"featured_media":4625,"comment_status":"open","ping_status":"open","sticky":false,"template":"","format":"standard","meta":{"footnotes":""},"categories":[691],"tags":[1378,900,16,1377,832],"class_list":["post-4623","post","type-post","status-publish","format-standard","has-post-thumbnail","hentry","category-actualidad-empleo","tag-cargos","tag-curriculum","tag-formacion","tag-historia","tag-rajoy","cat-691-id","has_thumb"],"yoast_head":"<!-- This site is optimized with the Yoast SEO plugin v27.1.1 - https:\/\/yoast.com\/product\/yoast-seo-wordpress\/ -->\n<title>\u00bfQuieres descubrir el curr\u00edculum de Mariano Rajoy?<\/title>\n<meta name=\"description\" content=\"\u00bfAlgunas vez pensaste qu\u00e9 se necesita para llegar a ser presidente del Gobierno en Espa\u00f1a? Echa un vistazo al CV de Rajoy y desc\u00fabrelo\" \/>\n<meta name=\"robots\" content=\"index, follow, max-snippet:-1, max-image-preview:large, max-video-preview:-1\" \/>\n<link rel=\"canonical\" href=\"https:\/\/www.oficinaempleo.com\/blog\/el-curriculum-de-rajoy\/\" \/>\n<meta property=\"og:locale\" content=\"es_ES\" \/>\n<meta property=\"og:type\" content=\"article\" \/>\n<meta property=\"og:title\" content=\"\u00bfQuieres descubrir el curr\u00edculum de Mariano Rajoy?\" \/>\n<meta property=\"og:description\" content=\"\u00bfAlgunas vez pensaste qu\u00e9 se necesita para llegar a ser presidente del Gobierno en Espa\u00f1a? Echa un vistazo al CV de Rajoy y desc\u00fabrelo\" \/>\n<meta property=\"og:url\" content=\"https:\/\/www.oficinaempleo.com\/blog\/el-curriculum-de-rajoy\/\" \/>\n<meta property=\"og:site_name\" content=\"Noticias y consejos de empleo | Blog OficinaEmpleo\" \/>\n<meta property=\"article:published_time\" content=\"2022-03-20T07:00:39+00:00\" \/>\n<meta property=\"article:modified_time\" content=\"2022-03-23T16:49:18+00:00\" \/>\n<meta property=\"og:image\" content=\"https:\/\/www.oficinaempleo.com\/blog\/wp-content\/uploads\/2015\/04\/rajoy_destacada.jpg\" \/>\n\t<meta property=\"og:image:width\" content=\"590\" \/>\n\t<meta property=\"og:image:height\" content=\"315\" \/>\n\t<meta property=\"og:image:type\" content=\"image\/jpeg\" \/>\n<meta name=\"author\" content=\"David Garc\u00eda\" \/>\n<meta name=\"twitter:card\" content=\"summary_large_image\" \/>\n<meta name=\"twitter:creator\" content=\"@OficinaEmpleo\" \/>\n<meta name=\"twitter:site\" content=\"@OficinaEmpleo\" \/>\n<meta name=\"twitter:label1\" content=\"Written by\" \/>\n\t<meta name=\"twitter:data1\" content=\"David Garc\u00eda\" \/>\n\t<meta name=\"twitter:label2\" content=\"Est. reading time\" \/>\n\t<meta name=\"twitter:data2\" content=\"4 minutos\" \/>\n<script type=\"application\/ld+json\" class=\"yoast-schema-graph\">{\"@context\":\"https:\/\/schema.org\",\"@graph\":[{\"@type\":\"Article\",\"@id\":\"https:\/\/www.oficinaempleo.com\/blog\/el-curriculum-de-rajoy\/#article\",\"isPartOf\":{\"@id\":\"https:\/\/www.oficinaempleo.com\/blog\/el-curriculum-de-rajoy\/\"},\"author\":{\"name\":\"David Garc\u00eda\",\"@id\":\"https:\/\/www.oficinaempleo.com\/blog\/#\/schema\/person\/fb90e38571c727c56dd2231966ab3358\"},\"headline\":\"El curr\u00edculum de Rajoy\",\"datePublished\":\"2022-03-20T07:00:39+00:00\",\"dateModified\":\"2022-03-23T16:49:18+00:00\",\"mainEntityOfPage\":{\"@id\":\"https:\/\/www.oficinaempleo.com\/blog\/el-curriculum-de-rajoy\/\"},\"wordCount\":781,\"commentCount\":7,\"publisher\":{\"@id\":\"https:\/\/www.oficinaempleo.com\/blog\/#organization\"},\"image\":{\"@id\":\"https:\/\/www.oficinaempleo.com\/blog\/el-curriculum-de-rajoy\/#primaryimage\"},\"thumbnailUrl\":\"https:\/\/www.oficinaempleo.com\/blog\/wp-content\/uploads\/2015\/04\/rajoy_destacada.jpg\",\"keywords\":[\"cargos\",\"curr\u00edculum\",\"formacion\",\"historia\",\"Rajoy\"],\"articleSection\":[\"Actualidad\"],\"inLanguage\":\"es\",\"potentialAction\":[{\"@type\":\"CommentAction\",\"name\":\"Comment\",\"target\":[\"https:\/\/www.oficinaempleo.com\/blog\/el-curriculum-de-rajoy\/#respond\"]}]},{\"@type\":\"WebPage\",\"@id\":\"https:\/\/www.oficinaempleo.com\/blog\/el-curriculum-de-rajoy\/\",\"url\":\"https:\/\/www.oficinaempleo.com\/blog\/el-curriculum-de-rajoy\/\",\"name\":\"\u00bfQuieres descubrir el curr\u00edculum de Mariano Rajoy?\",\"isPartOf\":{\"@id\":\"https:\/\/www.oficinaempleo.com\/blog\/#website\"},\"primaryImageOfPage\":{\"@id\":\"https:\/\/www.oficinaempleo.com\/blog\/el-curriculum-de-rajoy\/#primaryimage\"},\"image\":{\"@id\":\"https:\/\/www.oficinaempleo.com\/blog\/el-curriculum-de-rajoy\/#primaryimage\"},\"thumbnailUrl\":\"https:\/\/www.oficinaempleo.com\/blog\/wp-content\/uploads\/2015\/04\/rajoy_destacada.jpg\",\"datePublished\":\"2022-03-20T07:00:39+00:00\",\"dateModified\":\"2022-03-23T16:49:18+00:00\",\"description\":\"\u00bfAlgunas vez pensaste qu\u00e9 se necesita para llegar a ser presidente del Gobierno en Espa\u00f1a? Echa un vistazo al CV de Rajoy y desc\u00fabrelo\",\"breadcrumb\":{\"@id\":\"https:\/\/www.oficinaempleo.com\/blog\/el-curriculum-de-rajoy\/#breadcrumb\"},\"inLanguage\":\"es\",\"potentialAction\":[{\"@type\":\"ReadAction\",\"target\":[\"https:\/\/www.oficinaempleo.com\/blog\/el-curriculum-de-rajoy\/\"]}]},{\"@type\":\"ImageObject\",\"inLanguage\":\"es\",\"@id\":\"https:\/\/www.oficinaempleo.com\/blog\/el-curriculum-de-rajoy\/#primaryimage\",\"url\":\"https:\/\/www.oficinaempleo.com\/blog\/wp-content\/uploads\/2015\/04\/rajoy_destacada.jpg\",\"contentUrl\":\"https:\/\/www.oficinaempleo.com\/blog\/wp-content\/uploads\/2015\/04\/rajoy_destacada.jpg\",\"width\":590,\"height\":315},{\"@type\":\"BreadcrumbList\",\"@id\":\"https:\/\/www.oficinaempleo.com\/blog\/el-curriculum-de-rajoy\/#breadcrumb\",\"itemListElement\":[{\"@type\":\"ListItem\",\"position\":1,\"name\":\"Home\",\"item\":\"https:\/\/www.oficinaempleo.com\/blog\/\"},{\"@type\":\"ListItem\",\"position\":2,\"name\":\"El curr\u00edculum de Rajoy\"}]},{\"@type\":\"WebSite\",\"@id\":\"https:\/\/www.oficinaempleo.com\/blog\/#website\",\"url\":\"https:\/\/www.oficinaempleo.com\/blog\/\",\"name\":\"Noticias y Consejos de Empleo | Blog OficinaEmpleo\",\"description\":\"\",\"publisher\":{\"@id\":\"https:\/\/www.oficinaempleo.com\/blog\/#organization\"},\"potentialAction\":[{\"@type\":\"SearchAction\",\"target\":{\"@type\":\"EntryPoint\",\"urlTemplate\":\"https:\/\/www.oficinaempleo.com\/blog\/?s={search_term_string}\"},\"query-input\":{\"@type\":\"PropertyValueSpecification\",\"valueRequired\":true,\"valueName\":\"search_term_string\"}}],\"inLanguage\":\"es\"},{\"@type\":\"Organization\",\"@id\":\"https:\/\/www.oficinaempleo.com\/blog\/#organization\",\"name\":\"OficinaEmpleo\",\"url\":\"https:\/\/www.oficinaempleo.com\/blog\/\",\"logo\":{\"@type\":\"ImageObject\",\"inLanguage\":\"es\",\"@id\":\"https:\/\/www.oficinaempleo.com\/blog\/#\/schema\/logo\/image\/\",\"url\":\"https:\/\/www.oficinaempleo.com\/blog\/wp-content\/uploads\/2018\/10\/logo_footer-1.jpg\",\"contentUrl\":\"https:\/\/www.oficinaempleo.com\/blog\/wp-content\/uploads\/2018\/10\/logo_footer-1.jpg\",\"width\":478,\"height\":57,\"caption\":\"OficinaEmpleo\"},\"image\":{\"@id\":\"https:\/\/www.oficinaempleo.com\/blog\/#\/schema\/logo\/image\/\"},\"sameAs\":[\"https:\/\/x.com\/OficinaEmpleo\"]},{\"@type\":\"Person\",\"@id\":\"https:\/\/www.oficinaempleo.com\/blog\/#\/schema\/person\/fb90e38571c727c56dd2231966ab3358\",\"name\":\"David Garc\u00eda\",\"image\":{\"@type\":\"ImageObject\",\"inLanguage\":\"es\",\"@id\":\"https:\/\/www.oficinaempleo.com\/blog\/#\/schema\/person\/image\/\",\"url\":\"https:\/\/secure.gravatar.com\/avatar\/e790fd54d7ada3dd19d3bebd1baf92ae088ffc6c3574e2d74d180130b4099a61?s=96&d=mm&r=g\",\"contentUrl\":\"https:\/\/secure.gravatar.com\/avatar\/e790fd54d7ada3dd19d3bebd1baf92ae088ffc6c3574e2d74d180130b4099a61?s=96&d=mm&r=g\",\"caption\":\"David Garc\u00eda\"},\"url\":\"https:\/\/www.oficinaempleo.com\/blog\/author\/david\/\"}]}<\/script>\n<!-- \/ Yoast SEO plugin. -->","yoast_head_json":{"title":"\u00bfQuieres descubrir el curr\u00edculum de Mariano Rajoy?","description":"\u00bfAlgunas vez pensaste qu\u00e9 se necesita para llegar a ser presidente del Gobierno en Espa\u00f1a? Echa un vistazo al CV de Rajoy y desc\u00fabrelo","robots":{"index":"index","follow":"follow","max-snippet":"max-snippet:-1","max-image-preview":"max-image-preview:large","max-video-preview":"max-video-preview:-1"},"canonical":"https:\/\/www.oficinaempleo.com\/blog\/el-curriculum-de-rajoy\/","og_locale":"es_ES","og_type":"article","og_title":"\u00bfQuieres descubrir el curr\u00edculum de Mariano Rajoy?","og_description":"\u00bfAlgunas vez pensaste qu\u00e9 se necesita para llegar a ser presidente del Gobierno en Espa\u00f1a? Echa un vistazo al CV de Rajoy y desc\u00fabrelo","og_url":"https:\/\/www.oficinaempleo.com\/blog\/el-curriculum-de-rajoy\/","og_site_name":"Noticias y consejos de empleo | Blog OficinaEmpleo","article_published_time":"2022-03-20T07:00:39+00:00","article_modified_time":"2022-03-23T16:49:18+00:00","og_image":[{"width":590,"height":315,"url":"https:\/\/www.oficinaempleo.com\/blog\/wp-content\/uploads\/2015\/04\/rajoy_destacada.jpg","type":"image\/jpeg"}],"author":"David Garc\u00eda","twitter_card":"summary_large_image","twitter_creator":"@OficinaEmpleo","twitter_site":"@OficinaEmpleo","twitter_misc":{"Written by":"David Garc\u00eda","Est. reading time":"4 minutos"},"schema":{"@context":"https:\/\/schema.org","@graph":[{"@type":"Article","@id":"https:\/\/www.oficinaempleo.com\/blog\/el-curriculum-de-rajoy\/#article","isPartOf":{"@id":"https:\/\/www.oficinaempleo.com\/blog\/el-curriculum-de-rajoy\/"},"author":{"name":"David Garc\u00eda","@id":"https:\/\/www.oficinaempleo.com\/blog\/#\/schema\/person\/fb90e38571c727c56dd2231966ab3358"},"headline":"El curr\u00edculum de Rajoy","datePublished":"2022-03-20T07:00:39+00:00","dateModified":"2022-03-23T16:49:18+00:00","mainEntityOfPage":{"@id":"https:\/\/www.oficinaempleo.com\/blog\/el-curriculum-de-rajoy\/"},"wordCount":781,"commentCount":7,"publisher":{"@id":"https:\/\/www.oficinaempleo.com\/blog\/#organization"},"image":{"@id":"https:\/\/www.oficinaempleo.com\/blog\/el-curriculum-de-rajoy\/#primaryimage"},"thumbnailUrl":"https:\/\/www.oficinaempleo.com\/blog\/wp-content\/uploads\/2015\/04\/rajoy_destacada.jpg","keywords":["cargos","curr\u00edculum","formacion","historia","Rajoy"],"articleSection":["Actualidad"],"inLanguage":"es","potentialAction":[{"@type":"CommentAction","name":"Comment","target":["https:\/\/www.oficinaempleo.com\/blog\/el-curriculum-de-rajoy\/#respond"]}]},{"@type":"WebPage","@id":"https:\/\/www.oficinaempleo.com\/blog\/el-curriculum-de-rajoy\/","url":"https:\/\/www.oficinaempleo.com\/blog\/el-curriculum-de-rajoy\/","name":"\u00bfQuieres descubrir el curr\u00edculum de Mariano Rajoy?","isPartOf":{"@id":"https:\/\/www.oficinaempleo.com\/blog\/#website"},"primaryImageOfPage":{"@id":"https:\/\/www.oficinaempleo.com\/blog\/el-curriculum-de-rajoy\/#primaryimage"},"image":{"@id":"https:\/\/www.oficinaempleo.com\/blog\/el-curriculum-de-rajoy\/#primaryimage"},"thumbnailUrl":"https:\/\/www.oficinaempleo.com\/blog\/wp-content\/uploads\/2015\/04\/rajoy_destacada.jpg","datePublished":"2022-03-20T07:00:39+00:00","dateModified":"2022-03-23T16:49:18+00:00","description":"\u00bfAlgunas vez pensaste qu\u00e9 se necesita para llegar a ser presidente del Gobierno en Espa\u00f1a? Echa un vistazo al CV de Rajoy y desc\u00fabrelo","breadcrumb":{"@id":"https:\/\/www.oficinaempleo.com\/blog\/el-curriculum-de-rajoy\/#breadcrumb"},"inLanguage":"es","potentialAction":[{"@type":"ReadAction","target":["https:\/\/www.oficinaempleo.com\/blog\/el-curriculum-de-rajoy\/"]}]},{"@type":"ImageObject","inLanguage":"es","@id":"https:\/\/www.oficinaempleo.com\/blog\/el-curriculum-de-rajoy\/#primaryimage","url":"https:\/\/www.oficinaempleo.com\/blog\/wp-content\/uploads\/2015\/04\/rajoy_destacada.jpg","contentUrl":"https:\/\/www.oficinaempleo.com\/blog\/wp-content\/uploads\/2015\/04\/rajoy_destacada.jpg","width":590,"height":315},{"@type":"BreadcrumbList","@id":"https:\/\/www.oficinaempleo.com\/blog\/el-curriculum-de-rajoy\/#breadcrumb","itemListElement":[{"@type":"ListItem","position":1,"name":"Home","item":"https:\/\/www.oficinaempleo.com\/blog\/"},{"@type":"ListItem","position":2,"name":"El curr\u00edculum de Rajoy"}]},{"@type":"WebSite","@id":"https:\/\/www.oficinaempleo.com\/blog\/#website","url":"https:\/\/www.oficinaempleo.com\/blog\/","name":"Noticias y Consejos de Empleo | Blog OficinaEmpleo","description":"","publisher":{"@id":"https:\/\/www.oficinaempleo.com\/blog\/#organization"},"potentialAction":[{"@type":"SearchAction","target":{"@type":"EntryPoint","urlTemplate":"https:\/\/www.oficinaempleo.com\/blog\/?s={search_term_string}"},"query-input":{"@type":"PropertyValueSpecification","valueRequired":true,"valueName":"search_term_string"}}],"inLanguage":"es"},{"@type":"Organization","@id":"https:\/\/www.oficinaempleo.com\/blog\/#organization","name":"OficinaEmpleo","url":"https:\/\/www.oficinaempleo.com\/blog\/","logo":{"@type":"ImageObject","inLanguage":"es","@id":"https:\/\/www.oficinaempleo.com\/blog\/#\/schema\/logo\/image\/","url":"https:\/\/www.oficinaempleo.com\/blog\/wp-content\/uploads\/2018\/10\/logo_footer-1.jpg","contentUrl":"https:\/\/www.oficinaempleo.com\/blog\/wp-content\/uploads\/2018\/10\/logo_footer-1.jpg","width":478,"height":57,"caption":"OficinaEmpleo"},"image":{"@id":"https:\/\/www.oficinaempleo.com\/blog\/#\/schema\/logo\/image\/"},"sameAs":["https:\/\/x.com\/OficinaEmpleo"]},{"@type":"Person","@id":"https:\/\/www.oficinaempleo.com\/blog\/#\/schema\/person\/fb90e38571c727c56dd2231966ab3358","name":"David Garc\u00eda","image":{"@type":"ImageObject","inLanguage":"es","@id":"https:\/\/www.oficinaempleo.com\/blog\/#\/schema\/person\/image\/","url":"https:\/\/secure.gravatar.com\/avatar\/e790fd54d7ada3dd19d3bebd1baf92ae088ffc6c3574e2d74d180130b4099a61?s=96&d=mm&r=g","contentUrl":"https:\/\/secure.gravatar.com\/avatar\/e790fd54d7ada3dd19d3bebd1baf92ae088ffc6c3574e2d74d180130b4099a61?s=96&d=mm&r=g","caption":"David Garc\u00eda"},"url":"https:\/\/www.oficinaempleo.com\/blog\/author\/david\/"}]}},"_links":{"self":[{"href":"https:\/\/www.oficinaempleo.com\/blog\/wp-json\/wp\/v2\/posts\/4623","targetHints":{"allow":["GET"]}}],"collection":[{"href":"https:\/\/www.oficinaempleo.com\/blog\/wp-json\/wp\/v2\/posts"}],"about":[{"href":"https:\/\/www.oficinaempleo.com\/blog\/wp-json\/wp\/v2\/types\/post"}],"author":[{"embeddable":true,"href":"https:\/\/www.oficinaempleo.com\/blog\/wp-json\/wp\/v2\/users\/5"}],"replies":[{"embeddable":true,"href":"https:\/\/www.oficinaempleo.com\/blog\/wp-json\/wp\/v2\/comments?post=4623"}],"version-history":[{"count":12,"href":"https:\/\/www.oficinaempleo.com\/blog\/wp-json\/wp\/v2\/posts\/4623\/revisions"}],"predecessor-version":[{"id":31074,"href":"https:\/\/www.oficinaempleo.com\/blog\/wp-json\/wp\/v2\/posts\/4623\/revisions\/31074"}],"wp:featuredmedia":[{"embeddable":true,"href":"https:\/\/www.oficinaempleo.com\/blog\/wp-json\/wp\/v2\/media\/4625"}],"wp:attachment":[{"href":"https:\/\/www.oficinaempleo.com\/blog\/wp-json\/wp\/v2\/media?parent=4623"}],"wp:term":[{"taxonomy":"category","embeddable":true,"href":"https:\/\/www.oficinaempleo.com\/blog\/wp-json\/wp\/v2\/categories?post=4623"},{"taxonomy":"post_tag","embeddable":true,"href":"https:\/\/www.oficinaempleo.com\/blog\/wp-json\/wp\/v2\/tags?post=4623"}],"curies":[{"name":"wp","href":"https:\/\/api.w.org\/{rel}","templated":true}]}}