{"id":4900,"date":"2015-05-05T15:40:26","date_gmt":"2015-05-05T14:40:26","guid":{"rendered":"http:\/\/www.oficinaempleo.com\/blog\/?p=4900"},"modified":"2015-05-05T15:40:26","modified_gmt":"2015-05-05T14:40:26","slug":"el-hotel-le-meridien-busca-a-140-personas-para-incorporarse-a-su-equipo","status":"publish","type":"post","link":"https:\/\/www.oficinaempleo.com\/blog\/el-hotel-le-meridien-busca-a-140-personas-para-incorporarse-a-su-equipo\/","title":{"rendered":"El hotel Le M\u00e9ridien busca a 140 personas para incorporarse a su equipo"},"content":{"rendered":"<p><em><div class=\"su-button-center\"><a href=\"https:\/\/jobs.oficinaempleo.com\/registro?origen=ORG-web&#038;utm_source=OE&#038;utm_medium=boton_registro&#038;utm_content=homepage&#038;utm_campaign=organic\" class=\"su-button su-button-style-flat\" style=\"color:#FFFFFF;background-color:#ec7d0c;border-color:#bd640a;border-radius:10px\" target=\"__blank\"><span style=\"color:#FFFFFF;padding:8px 26px;font-size:20px;line-height:30px;border-color:#f2a455;border-radius:10px;text-shadow:none\"><i class=\"sui sui-arrow-circle-right\" style=\"font-size:20px;color:#FFFFFF\"><\/i> Reg\u00edstrate gratis en OficinaEmpleo<\/span><\/a><\/div><div class=\"su-spacer\" style=\"height:30px\"><\/div><\/em><\/p>\n<p><img loading=\"lazy\" decoding=\"async\" class=\"aligncenter size-large wp-image-4948\" src=\"http:\/\/www.oficinaempleo.com\/blog\/wp-content\/uploads\/2015\/05\/lemeridiencontenido1-1024x576.jpg\" alt=\"lemeridiencontenido\" width=\"1014\" height=\"570\" srcset=\"https:\/\/www.oficinaempleo.com\/blog\/wp-content\/uploads\/2015\/05\/lemeridiencontenido1-1024x576.jpg 1024w, https:\/\/www.oficinaempleo.com\/blog\/wp-content\/uploads\/2015\/05\/lemeridiencontenido1-300x169.jpg 300w, https:\/\/www.oficinaempleo.com\/blog\/wp-content\/uploads\/2015\/05\/lemeridiencontenido1-267x150.jpg 267w, https:\/\/www.oficinaempleo.com\/blog\/wp-content\/uploads\/2015\/05\/lemeridiencontenido1.jpg 1600w\" sizes=\"auto, (max-width: 1014px) 100vw, 1014px\" \/><\/p>\n<p style=\"text-align: justify;\">La cadena hotelera <strong>Le M\u00e9ridien <\/strong>se compone de un conjunto de hoteles ubicados en distintas partes de todo el mundo,  en total existen<strong> 100 hoteles actualmente<\/strong> y pertenecen al grupo <strong>Starwood Hotels &amp; Resorts<\/strong>.<\/p>\n<p style=\"text-align: justify;\">En este caso,  el hotel para el que precisan incorporar gente se encuentra en Tarragona,  m\u00e1s concretamente en la zona de El Ventrell y su nombre es <strong>Le M\u00e9ridien Ra Beach &amp; Spa. <\/strong>Ubicado en la Costa Dorada y a 30 minutos de Barcelona, es uno de los hoteles m\u00e1s espectaculares de toda Catalunya, recibi\u00f3 el premio Golden List como mejor Resort Nacional desde 2009 hasta la actualidad y cuenta con 143 habitaciones.<\/p>\n<p style=\"text-align: justify;\">El proceso de <strong>recogida de curr\u00edculum<\/strong> comenz\u00f3 el pasado 1 de Abril y <strong>finaliza el pr\u00f3ximo 10 de Mayo<\/strong>. Para la temporada alta de verano, Le M\u00e9ridien necesita incorporar a 140 empleados en distintos puestos del hotel y aunque en un principio el contrato es temporal para la temporada de verano, existe la posibilidad de prorrogarlo, de hecho, <strong>tras acabar el verano, su intenci\u00f3n es contratar a 220 profesionales<\/strong> de 24 nacionalidades y que hablen hasta 15 lenguas distintas.<\/p>\n<p style=\"text-align: justify;\">Las \u00e1reas donde se precisan nuevos candidatos son: Alojamiento, Atenci\u00f3n al cliente, Spa, Animaci\u00f3n infantil, Alimentos y bebidas.<\/p>\n<p style=\"text-align: justify;\">En cuanto a las vacantes, se dividen en dos \u00e1reas:<\/p>\n<ul style=\"text-align: justify;\">\n<li>Restauraci\u00f3n: <strong>Ayudante de camarero<\/strong>, <strong>Ayudante de Cocina<\/strong> y <strong>Pastelero<\/strong>.<\/li>\n<li>Spa: <strong>Relaciones P\u00fablicas<\/strong>\/<strong>Comercial<\/strong>, <strong>Masajista Thai<\/strong> y <strong>Ayudante de Recepci\u00f3n<\/strong>.<\/li>\n<\/ul>\n<p style=\"text-align: justify;\">Grosso modo los requisitos fundamentales son: trabajar con profesionalidad, calidez, entusiasmo y poseer buen nivel de ingl\u00e9s, aunque se valora un tercer idioma.<\/p>\n<p style=\"text-align: justify;\">Aunque a\u00fan no est\u00e1n publicadas todas las ofertas de empleo, <a href=\"http:\/\/www.oficinaempleo.com\/oferta-empleo\/trabaja-en-la-cadena-hotelera-le-meridien-5397351.html\" >puedes mandar tu curr\u00edculum a trav\u00e9s de este enlace<\/a>, no esperes mucho, porque como te hemos dicho, \u00a1el plazo acaba este domingo 10 de Mayo!<\/p>\n<div class=\"su-button-center\"><a href=\"https:\/\/jobs.oficinaempleo.com\/registro?origen=ORG-web&#038;utm_source=OE&#038;utm_medium=boton_registro&#038;utm_content=homepage&#038;utm_campaign=organic\" class=\"su-button su-button-style-flat\" style=\"color:#FFFFFF;background-color:#ec7d0c;border-color:#bd640a;border-radius:10px\" target=\"__blank\"><span style=\"color:#FFFFFF;padding:8px 26px;font-size:20px;line-height:30px;border-color:#f2a455;border-radius:10px;text-shadow:none\"><i class=\"sui sui-arrow-circle-right\" style=\"font-size:20px;color:#FFFFFF\"><\/i> Reg\u00edstrate gratis en OficinaEmpleo<\/span><\/a><\/div><div class=\"su-spacer\" style=\"height:30px\"><\/div>\n","protected":false},"excerpt":{"rendered":"<p>Esta cadena hotelera abre su proceso de selecci\u00f3n hasta el 10 de mayo \u00a1Date prisa!<\/p>\n","protected":false},"author":2,"featured_media":4942,"comment_status":"open","ping_status":"open","sticky":false,"template":"","format":"standard","meta":{"footnotes":""},"categories":[7],"tags":[1456,1457,1161,1455,1458,1453,1454,121],"class_list":["post-4900","post","type-post","status-publish","format-standard","has-post-thumbnail","hentry","category-turismo-y-hosteleria","tag-camarero","tag-cocinero","tag-hosteleria","tag-le-meridien","tag-pastelero","tag-trabajo-hotel","tag-trabajo-hoteles","tag-turismo","cat-7-id","has_thumb"],"yoast_head":"<!-- This site is optimized with the Yoast SEO plugin v27.7 - https:\/\/yoast.com\/product\/yoast-seo-wordpress\/ -->\n<title>El hotel Le M\u00e9ridien busca a 140 personas para incorporarse a su equipo - Blog OficinaEmpleo<\/title>\n<meta name=\"robots\" content=\"index, follow, max-snippet:-1, max-image-preview:large, max-video-preview:-1\" \/>\n<link rel=\"canonical\" href=\"https:\/\/www.oficinaempleo.com\/blog\/el-hotel-le-meridien-busca-a-140-personas-para-incorporarse-a-su-equipo\/\" \/>\n<meta property=\"og:locale\" content=\"es_ES\" \/>\n<meta property=\"og:type\" content=\"article\" \/>\n<meta property=\"og:title\" content=\"El hotel Le M\u00e9ridien busca a 140 personas para incorporarse a su equipo - Blog OficinaEmpleo\" \/>\n<meta property=\"og:description\" content=\"Esta cadena hotelera abre su proceso de selecci\u00f3n hasta el 10 de mayo \u00a1Date prisa!\" \/>\n<meta property=\"og:url\" content=\"https:\/\/www.oficinaempleo.com\/blog\/el-hotel-le-meridien-busca-a-140-personas-para-incorporarse-a-su-equipo\/\" \/>\n<meta property=\"og:site_name\" content=\"Noticias y consejos de empleo | Blog OficinaEmpleo\" \/>\n<meta property=\"article:author\" content=\"https:\/\/www.facebook.com\/OficinaEmpleo\" \/>\n<meta property=\"article:published_time\" content=\"2015-05-05T14:40:26+00:00\" \/>\n<meta property=\"og:image\" content=\"https:\/\/www.oficinaempleo.com\/blog\/wp-content\/uploads\/2015\/05\/lemeridienportada.jpg\" \/>\n\t<meta property=\"og:image:width\" content=\"1600\" \/>\n\t<meta property=\"og:image:height\" content=\"900\" \/>\n\t<meta property=\"og:image:type\" content=\"image\/jpeg\" \/>\n<meta name=\"author\" content=\"OficinaEmpleo\" \/>\n<meta name=\"twitter:card\" content=\"summary_large_image\" \/>\n<meta name=\"twitter:creator\" content=\"@OficinaEmpleo\" \/>\n<meta name=\"twitter:site\" content=\"@OficinaEmpleo\" \/>\n<meta name=\"twitter:label1\" content=\"Written by\" \/>\n\t<meta name=\"twitter:data1\" content=\"OficinaEmpleo\" \/>\n\t<meta name=\"twitter:label2\" content=\"Est. reading time\" \/>\n\t<meta name=\"twitter:data2\" content=\"2 minutos\" \/>\n<script type=\"application\/ld+json\" class=\"yoast-schema-graph\">{\"@context\":\"https:\\\/\\\/schema.org\",\"@graph\":[{\"@type\":\"Article\",\"@id\":\"https:\\\/\\\/www.oficinaempleo.com\\\/blog\\\/el-hotel-le-meridien-busca-a-140-personas-para-incorporarse-a-su-equipo\\\/#article\",\"isPartOf\":{\"@id\":\"https:\\\/\\\/www.oficinaempleo.com\\\/blog\\\/el-hotel-le-meridien-busca-a-140-personas-para-incorporarse-a-su-equipo\\\/\"},\"author\":{\"name\":\"OficinaEmpleo\",\"@id\":\"https:\\\/\\\/www.oficinaempleo.com\\\/blog\\\/#\\\/schema\\\/person\\\/a7f3437f35bd6bd9ad19addae529a114\"},\"headline\":\"El hotel Le M\u00e9ridien busca a 140 personas para incorporarse a su equipo\",\"datePublished\":\"2015-05-05T14:40:26+00:00\",\"mainEntityOfPage\":{\"@id\":\"https:\\\/\\\/www.oficinaempleo.com\\\/blog\\\/el-hotel-le-meridien-busca-a-140-personas-para-incorporarse-a-su-equipo\\\/\"},\"wordCount\":375,\"commentCount\":1,\"publisher\":{\"@id\":\"https:\\\/\\\/www.oficinaempleo.com\\\/blog\\\/#organization\"},\"image\":{\"@id\":\"https:\\\/\\\/www.oficinaempleo.com\\\/blog\\\/el-hotel-le-meridien-busca-a-140-personas-para-incorporarse-a-su-equipo\\\/#primaryimage\"},\"thumbnailUrl\":\"https:\\\/\\\/www.oficinaempleo.com\\\/blog\\\/wp-content\\\/uploads\\\/2015\\\/05\\\/lemeridienportada.jpg\",\"keywords\":[\"camarero\",\"cocinero\",\"hosteler\u00eda\",\"le meridien\",\"pastelero\",\"trabajo hotel\",\"trabajo hoteles\",\"turismo\"],\"articleSection\":[\"Turismo y hosteleria\"],\"inLanguage\":\"es\",\"potentialAction\":[{\"@type\":\"CommentAction\",\"name\":\"Comment\",\"target\":[\"https:\\\/\\\/www.oficinaempleo.com\\\/blog\\\/el-hotel-le-meridien-busca-a-140-personas-para-incorporarse-a-su-equipo\\\/#respond\"]}]},{\"@type\":\"WebPage\",\"@id\":\"https:\\\/\\\/www.oficinaempleo.com\\\/blog\\\/el-hotel-le-meridien-busca-a-140-personas-para-incorporarse-a-su-equipo\\\/\",\"url\":\"https:\\\/\\\/www.oficinaempleo.com\\\/blog\\\/el-hotel-le-meridien-busca-a-140-personas-para-incorporarse-a-su-equipo\\\/\",\"name\":\"El hotel Le M\u00e9ridien busca a 140 personas para incorporarse a su equipo - Blog OficinaEmpleo\",\"isPartOf\":{\"@id\":\"https:\\\/\\\/www.oficinaempleo.com\\\/blog\\\/#website\"},\"primaryImageOfPage\":{\"@id\":\"https:\\\/\\\/www.oficinaempleo.com\\\/blog\\\/el-hotel-le-meridien-busca-a-140-personas-para-incorporarse-a-su-equipo\\\/#primaryimage\"},\"image\":{\"@id\":\"https:\\\/\\\/www.oficinaempleo.com\\\/blog\\\/el-hotel-le-meridien-busca-a-140-personas-para-incorporarse-a-su-equipo\\\/#primaryimage\"},\"thumbnailUrl\":\"https:\\\/\\\/www.oficinaempleo.com\\\/blog\\\/wp-content\\\/uploads\\\/2015\\\/05\\\/lemeridienportada.jpg\",\"datePublished\":\"2015-05-05T14:40:26+00:00\",\"breadcrumb\":{\"@id\":\"https:\\\/\\\/www.oficinaempleo.com\\\/blog\\\/el-hotel-le-meridien-busca-a-140-personas-para-incorporarse-a-su-equipo\\\/#breadcrumb\"},\"inLanguage\":\"es\",\"potentialAction\":[{\"@type\":\"ReadAction\",\"target\":[\"https:\\\/\\\/www.oficinaempleo.com\\\/blog\\\/el-hotel-le-meridien-busca-a-140-personas-para-incorporarse-a-su-equipo\\\/\"]}]},{\"@type\":\"ImageObject\",\"inLanguage\":\"es\",\"@id\":\"https:\\\/\\\/www.oficinaempleo.com\\\/blog\\\/el-hotel-le-meridien-busca-a-140-personas-para-incorporarse-a-su-equipo\\\/#primaryimage\",\"url\":\"https:\\\/\\\/www.oficinaempleo.com\\\/blog\\\/wp-content\\\/uploads\\\/2015\\\/05\\\/lemeridienportada.jpg\",\"contentUrl\":\"https:\\\/\\\/www.oficinaempleo.com\\\/blog\\\/wp-content\\\/uploads\\\/2015\\\/05\\\/lemeridienportada.jpg\",\"width\":1600,\"height\":900},{\"@type\":\"BreadcrumbList\",\"@id\":\"https:\\\/\\\/www.oficinaempleo.com\\\/blog\\\/el-hotel-le-meridien-busca-a-140-personas-para-incorporarse-a-su-equipo\\\/#breadcrumb\",\"itemListElement\":[{\"@type\":\"ListItem\",\"position\":1,\"name\":\"Home\",\"item\":\"https:\\\/\\\/www.oficinaempleo.com\\\/blog\\\/\"},{\"@type\":\"ListItem\",\"position\":2,\"name\":\"El hotel Le M\u00e9ridien busca a 140 personas para incorporarse a su equipo\"}]},{\"@type\":\"WebSite\",\"@id\":\"https:\\\/\\\/www.oficinaempleo.com\\\/blog\\\/#website\",\"url\":\"https:\\\/\\\/www.oficinaempleo.com\\\/blog\\\/\",\"name\":\"Noticias y Consejos de Empleo | Blog OficinaEmpleo\",\"description\":\"\",\"publisher\":{\"@id\":\"https:\\\/\\\/www.oficinaempleo.com\\\/blog\\\/#organization\"},\"potentialAction\":[{\"@type\":\"SearchAction\",\"target\":{\"@type\":\"EntryPoint\",\"urlTemplate\":\"https:\\\/\\\/www.oficinaempleo.com\\\/blog\\\/?s={search_term_string}\"},\"query-input\":{\"@type\":\"PropertyValueSpecification\",\"valueRequired\":true,\"valueName\":\"search_term_string\"}}],\"inLanguage\":\"es\"},{\"@type\":\"Organization\",\"@id\":\"https:\\\/\\\/www.oficinaempleo.com\\\/blog\\\/#organization\",\"name\":\"OficinaEmpleo\",\"url\":\"https:\\\/\\\/www.oficinaempleo.com\\\/blog\\\/\",\"logo\":{\"@type\":\"ImageObject\",\"inLanguage\":\"es\",\"@id\":\"https:\\\/\\\/www.oficinaempleo.com\\\/blog\\\/#\\\/schema\\\/logo\\\/image\\\/\",\"url\":\"https:\\\/\\\/www.oficinaempleo.com\\\/blog\\\/wp-content\\\/uploads\\\/2018\\\/10\\\/logo_footer-1.jpg\",\"contentUrl\":\"https:\\\/\\\/www.oficinaempleo.com\\\/blog\\\/wp-content\\\/uploads\\\/2018\\\/10\\\/logo_footer-1.jpg\",\"width\":478,\"height\":57,\"caption\":\"OficinaEmpleo\"},\"image\":{\"@id\":\"https:\\\/\\\/www.oficinaempleo.com\\\/blog\\\/#\\\/schema\\\/logo\\\/image\\\/\"},\"sameAs\":[\"https:\\\/\\\/x.com\\\/OficinaEmpleo\"]},{\"@type\":\"Person\",\"@id\":\"https:\\\/\\\/www.oficinaempleo.com\\\/blog\\\/#\\\/schema\\\/person\\\/a7f3437f35bd6bd9ad19addae529a114\",\"name\":\"OficinaEmpleo\",\"image\":{\"@type\":\"ImageObject\",\"inLanguage\":\"es\",\"@id\":\"https:\\\/\\\/secure.gravatar.com\\\/avatar\\\/046d10046f0db492f7a51fddc05dcd5bbc95d66090820f47966efaba90c949e9?s=96&d=mm&r=g\",\"url\":\"https:\\\/\\\/secure.gravatar.com\\\/avatar\\\/046d10046f0db492f7a51fddc05dcd5bbc95d66090820f47966efaba90c949e9?s=96&d=mm&r=g\",\"contentUrl\":\"https:\\\/\\\/secure.gravatar.com\\\/avatar\\\/046d10046f0db492f7a51fddc05dcd5bbc95d66090820f47966efaba90c949e9?s=96&d=mm&r=g\",\"caption\":\"OficinaEmpleo\"},\"description\":\"En OficinaEmpleo queremos ayudarte a conseguir trabajo. Por eso, adem\u00e1s de ofrecerte ofertas de empleo en nuestro portal, te ense\u00f1amos las novedades del sector, y consejos para mejorar tu perfil.\",\"sameAs\":[\"http:\\\/\\\/www.oficinaempleo.com\\\/\",\"https:\\\/\\\/www.facebook.com\\\/OficinaEmpleo\",\"https:\\\/\\\/x.com\\\/OficinaEmpleo\"],\"url\":\"https:\\\/\\\/www.oficinaempleo.com\\\/blog\\\/author\\\/empleo\\\/\"}]}<\/script>\n<!-- \/ Yoast SEO plugin. -->","yoast_head_json":{"title":"El hotel Le M\u00e9ridien busca a 140 personas para incorporarse a su equipo - Blog OficinaEmpleo","robots":{"index":"index","follow":"follow","max-snippet":"max-snippet:-1","max-image-preview":"max-image-preview:large","max-video-preview":"max-video-preview:-1"},"canonical":"https:\/\/www.oficinaempleo.com\/blog\/el-hotel-le-meridien-busca-a-140-personas-para-incorporarse-a-su-equipo\/","og_locale":"es_ES","og_type":"article","og_title":"El hotel Le M\u00e9ridien busca a 140 personas para incorporarse a su equipo - Blog OficinaEmpleo","og_description":"Esta cadena hotelera abre su proceso de selecci\u00f3n hasta el 10 de mayo \u00a1Date prisa!","og_url":"https:\/\/www.oficinaempleo.com\/blog\/el-hotel-le-meridien-busca-a-140-personas-para-incorporarse-a-su-equipo\/","og_site_name":"Noticias y consejos de empleo | Blog OficinaEmpleo","article_author":"https:\/\/www.facebook.com\/OficinaEmpleo","article_published_time":"2015-05-05T14:40:26+00:00","og_image":[{"width":1600,"height":900,"url":"https:\/\/www.oficinaempleo.com\/blog\/wp-content\/uploads\/2015\/05\/lemeridienportada.jpg","type":"image\/jpeg"}],"author":"OficinaEmpleo","twitter_card":"summary_large_image","twitter_creator":"@OficinaEmpleo","twitter_site":"@OficinaEmpleo","twitter_misc":{"Written by":"OficinaEmpleo","Est. reading time":"2 minutos"},"schema":{"@context":"https:\/\/schema.org","@graph":[{"@type":"Article","@id":"https:\/\/www.oficinaempleo.com\/blog\/el-hotel-le-meridien-busca-a-140-personas-para-incorporarse-a-su-equipo\/#article","isPartOf":{"@id":"https:\/\/www.oficinaempleo.com\/blog\/el-hotel-le-meridien-busca-a-140-personas-para-incorporarse-a-su-equipo\/"},"author":{"name":"OficinaEmpleo","@id":"https:\/\/www.oficinaempleo.com\/blog\/#\/schema\/person\/a7f3437f35bd6bd9ad19addae529a114"},"headline":"El hotel Le M\u00e9ridien busca a 140 personas para incorporarse a su equipo","datePublished":"2015-05-05T14:40:26+00:00","mainEntityOfPage":{"@id":"https:\/\/www.oficinaempleo.com\/blog\/el-hotel-le-meridien-busca-a-140-personas-para-incorporarse-a-su-equipo\/"},"wordCount":375,"commentCount":1,"publisher":{"@id":"https:\/\/www.oficinaempleo.com\/blog\/#organization"},"image":{"@id":"https:\/\/www.oficinaempleo.com\/blog\/el-hotel-le-meridien-busca-a-140-personas-para-incorporarse-a-su-equipo\/#primaryimage"},"thumbnailUrl":"https:\/\/www.oficinaempleo.com\/blog\/wp-content\/uploads\/2015\/05\/lemeridienportada.jpg","keywords":["camarero","cocinero","hosteler\u00eda","le meridien","pastelero","trabajo hotel","trabajo hoteles","turismo"],"articleSection":["Turismo y hosteleria"],"inLanguage":"es","potentialAction":[{"@type":"CommentAction","name":"Comment","target":["https:\/\/www.oficinaempleo.com\/blog\/el-hotel-le-meridien-busca-a-140-personas-para-incorporarse-a-su-equipo\/#respond"]}]},{"@type":"WebPage","@id":"https:\/\/www.oficinaempleo.com\/blog\/el-hotel-le-meridien-busca-a-140-personas-para-incorporarse-a-su-equipo\/","url":"https:\/\/www.oficinaempleo.com\/blog\/el-hotel-le-meridien-busca-a-140-personas-para-incorporarse-a-su-equipo\/","name":"El hotel Le M\u00e9ridien busca a 140 personas para incorporarse a su equipo - Blog OficinaEmpleo","isPartOf":{"@id":"https:\/\/www.oficinaempleo.com\/blog\/#website"},"primaryImageOfPage":{"@id":"https:\/\/www.oficinaempleo.com\/blog\/el-hotel-le-meridien-busca-a-140-personas-para-incorporarse-a-su-equipo\/#primaryimage"},"image":{"@id":"https:\/\/www.oficinaempleo.com\/blog\/el-hotel-le-meridien-busca-a-140-personas-para-incorporarse-a-su-equipo\/#primaryimage"},"thumbnailUrl":"https:\/\/www.oficinaempleo.com\/blog\/wp-content\/uploads\/2015\/05\/lemeridienportada.jpg","datePublished":"2015-05-05T14:40:26+00:00","breadcrumb":{"@id":"https:\/\/www.oficinaempleo.com\/blog\/el-hotel-le-meridien-busca-a-140-personas-para-incorporarse-a-su-equipo\/#breadcrumb"},"inLanguage":"es","potentialAction":[{"@type":"ReadAction","target":["https:\/\/www.oficinaempleo.com\/blog\/el-hotel-le-meridien-busca-a-140-personas-para-incorporarse-a-su-equipo\/"]}]},{"@type":"ImageObject","inLanguage":"es","@id":"https:\/\/www.oficinaempleo.com\/blog\/el-hotel-le-meridien-busca-a-140-personas-para-incorporarse-a-su-equipo\/#primaryimage","url":"https:\/\/www.oficinaempleo.com\/blog\/wp-content\/uploads\/2015\/05\/lemeridienportada.jpg","contentUrl":"https:\/\/www.oficinaempleo.com\/blog\/wp-content\/uploads\/2015\/05\/lemeridienportada.jpg","width":1600,"height":900},{"@type":"BreadcrumbList","@id":"https:\/\/www.oficinaempleo.com\/blog\/el-hotel-le-meridien-busca-a-140-personas-para-incorporarse-a-su-equipo\/#breadcrumb","itemListElement":[{"@type":"ListItem","position":1,"name":"Home","item":"https:\/\/www.oficinaempleo.com\/blog\/"},{"@type":"ListItem","position":2,"name":"El hotel Le M\u00e9ridien busca a 140 personas para incorporarse a su equipo"}]},{"@type":"WebSite","@id":"https:\/\/www.oficinaempleo.com\/blog\/#website","url":"https:\/\/www.oficinaempleo.com\/blog\/","name":"Noticias y Consejos de Empleo | Blog OficinaEmpleo","description":"","publisher":{"@id":"https:\/\/www.oficinaempleo.com\/blog\/#organization"},"potentialAction":[{"@type":"SearchAction","target":{"@type":"EntryPoint","urlTemplate":"https:\/\/www.oficinaempleo.com\/blog\/?s={search_term_string}"},"query-input":{"@type":"PropertyValueSpecification","valueRequired":true,"valueName":"search_term_string"}}],"inLanguage":"es"},{"@type":"Organization","@id":"https:\/\/www.oficinaempleo.com\/blog\/#organization","name":"OficinaEmpleo","url":"https:\/\/www.oficinaempleo.com\/blog\/","logo":{"@type":"ImageObject","inLanguage":"es","@id":"https:\/\/www.oficinaempleo.com\/blog\/#\/schema\/logo\/image\/","url":"https:\/\/www.oficinaempleo.com\/blog\/wp-content\/uploads\/2018\/10\/logo_footer-1.jpg","contentUrl":"https:\/\/www.oficinaempleo.com\/blog\/wp-content\/uploads\/2018\/10\/logo_footer-1.jpg","width":478,"height":57,"caption":"OficinaEmpleo"},"image":{"@id":"https:\/\/www.oficinaempleo.com\/blog\/#\/schema\/logo\/image\/"},"sameAs":["https:\/\/x.com\/OficinaEmpleo"]},{"@type":"Person","@id":"https:\/\/www.oficinaempleo.com\/blog\/#\/schema\/person\/a7f3437f35bd6bd9ad19addae529a114","name":"OficinaEmpleo","image":{"@type":"ImageObject","inLanguage":"es","@id":"https:\/\/secure.gravatar.com\/avatar\/046d10046f0db492f7a51fddc05dcd5bbc95d66090820f47966efaba90c949e9?s=96&d=mm&r=g","url":"https:\/\/secure.gravatar.com\/avatar\/046d10046f0db492f7a51fddc05dcd5bbc95d66090820f47966efaba90c949e9?s=96&d=mm&r=g","contentUrl":"https:\/\/secure.gravatar.com\/avatar\/046d10046f0db492f7a51fddc05dcd5bbc95d66090820f47966efaba90c949e9?s=96&d=mm&r=g","caption":"OficinaEmpleo"},"description":"En OficinaEmpleo queremos ayudarte a conseguir trabajo. Por eso, adem\u00e1s de ofrecerte ofertas de empleo en nuestro portal, te ense\u00f1amos las novedades del sector, y consejos para mejorar tu perfil.","sameAs":["http:\/\/www.oficinaempleo.com\/","https:\/\/www.facebook.com\/OficinaEmpleo","https:\/\/x.com\/OficinaEmpleo"],"url":"https:\/\/www.oficinaempleo.com\/blog\/author\/empleo\/"}]}},"_links":{"self":[{"href":"https:\/\/www.oficinaempleo.com\/blog\/wp-json\/wp\/v2\/posts\/4900","targetHints":{"allow":["GET"]}}],"collection":[{"href":"https:\/\/www.oficinaempleo.com\/blog\/wp-json\/wp\/v2\/posts"}],"about":[{"href":"https:\/\/www.oficinaempleo.com\/blog\/wp-json\/wp\/v2\/types\/post"}],"author":[{"embeddable":true,"href":"https:\/\/www.oficinaempleo.com\/blog\/wp-json\/wp\/v2\/users\/2"}],"replies":[{"embeddable":true,"href":"https:\/\/www.oficinaempleo.com\/blog\/wp-json\/wp\/v2\/comments?post=4900"}],"version-history":[{"count":0,"href":"https:\/\/www.oficinaempleo.com\/blog\/wp-json\/wp\/v2\/posts\/4900\/revisions"}],"wp:featuredmedia":[{"embeddable":true,"href":"https:\/\/www.oficinaempleo.com\/blog\/wp-json\/wp\/v2\/media\/4942"}],"wp:attachment":[{"href":"https:\/\/www.oficinaempleo.com\/blog\/wp-json\/wp\/v2\/media?parent=4900"}],"wp:term":[{"taxonomy":"category","embeddable":true,"href":"https:\/\/www.oficinaempleo.com\/blog\/wp-json\/wp\/v2\/categories?post=4900"},{"taxonomy":"post_tag","embeddable":true,"href":"https:\/\/www.oficinaempleo.com\/blog\/wp-json\/wp\/v2\/tags?post=4900"}],"curies":[{"name":"wp","href":"https:\/\/api.w.org\/{rel}","templated":true}]}}