{"id":4964,"date":"2015-10-08T09:00:18","date_gmt":"2015-10-08T07:00:18","guid":{"rendered":"http:\/\/www.oficinaempleo.com\/blog\/?p=4964"},"modified":"2015-10-08T09:07:33","modified_gmt":"2015-10-08T07:07:33","slug":"los-10-peores-trabajos-de-2015","status":"publish","type":"post","link":"https:\/\/www.oficinaempleo.com\/blog\/los-10-peores-trabajos-de-2015\/","title":{"rendered":"Los 10 peores trabajos de 2015"},"content":{"rendered":"<p style=\"text-align: justify;\"><div class=\"su-button-center\"><a href=\"https:\/\/jobs.oficinaempleo.com\/registro?origen=ORG-web&#038;utm_source=OE&#038;utm_medium=boton_registro&#038;utm_content=homepage&#038;utm_campaign=organic\" class=\"su-button su-button-style-flat\" style=\"color:#FFFFFF;background-color:#ec7d0c;border-color:#bd640a;border-radius:10px\" target=\"__blank\"><span style=\"color:#FFFFFF;padding:8px 26px;font-size:20px;line-height:30px;border-color:#f2a455;border-radius:10px;text-shadow:none\"><i class=\"sui sui-arrow-circle-right\" style=\"font-size:20px;color:#FFFFFF\"><\/i> Reg\u00edstrate gratis en OficinaEmpleo<\/span><\/a><\/div><div class=\"su-spacer\" style=\"height:30px\"><\/div>\n<p style=\"text-align: justify;\">Seg\u00fan el estudio anual que <em>CareerCast<\/em> elabora todos los a\u00f1os,  en esta ocasi\u00f3n ha tocado una lista con los peores trabajos de 2015 comenzando su investigaci\u00f3n a partir de 200 empleos obtenidos de la Oficina de Estad\u00edsticas Laborales en EEUU (BLS) del Departamento de Trabajo.<\/p>\n<p style=\"text-align: justify;\">Su ranking lo hicieron en base a los ingresos,  factores ambientales,  estr\u00e9s y exigencia f\u00edsica a los que someten a los empleados en cada uno de los empleos.<\/p>\n<p style=\"text-align: justify;\">Una vez hecho el estudio, pudieron ver que principalmente se encuentran dentro del sector de la comunicaci\u00f3n y los resultados fueron los siguientes:<\/p>\n<ol>\n<li style=\"text-align: justify;\"><strong>Reportero de peri\u00f3dicos: <\/strong>debido a la ca\u00edda de producci\u00f3n de productos impresos este trabajo se encuentra pr\u00e1cticamente en extinci\u00f3n, lo que disminuye las oportunidades de empleo. Adem\u00e1s requiere invertir una gran cantidad de tiempo y es bastante estresante.<div class=\"su-spacer\" style=\"height:30px\"><\/div><img loading=\"lazy\" decoding=\"async\" class=\"aligncenter size-full wp-image-4973\" src=\"http:\/\/www.oficinaempleo.com\/blog\/wp-content\/uploads\/2015\/05\/reportero.jpg\" alt=\"reportero\" width=\"600\" height=\"393\" srcset=\"https:\/\/www.oficinaempleo.com\/blog\/wp-content\/uploads\/2015\/05\/reportero.jpg 600w, https:\/\/www.oficinaempleo.com\/blog\/wp-content\/uploads\/2015\/05\/reportero-300x197.jpg 300w, https:\/\/www.oficinaempleo.com\/blog\/wp-content\/uploads\/2015\/05\/reportero-229x150.jpg 229w\" sizes=\"auto, (max-width: 600px) 100vw, 600px\" \/><div class=\"su-spacer\" style=\"height:30px\"><\/div><\/li>\n<li style=\"text-align: justify;\"><strong>Le\u00f1ador: <\/strong>debido al menor consumo de papel por la ca\u00edda de la industria de publicaciones, cada vez hay menos trabajo en este puesto y adem\u00e1s conlleva bastante riesgo y requiere una buena forma f\u00edsica, adem\u00e1s el sueldo no es demasiado alto.<div class=\"su-spacer\" style=\"height:30px\"><\/div><img loading=\"lazy\" decoding=\"async\" class=\"aligncenter wp-image-4974\" src=\"http:\/\/www.oficinaempleo.com\/blog\/wp-content\/uploads\/2015\/05\/le\u00f1ador.jpg\" alt=\"The chainsaw\" width=\"600\" height=\"402\" srcset=\"https:\/\/www.oficinaempleo.com\/blog\/wp-content\/uploads\/2015\/05\/le\u00f1ador.jpg 847w, https:\/\/www.oficinaempleo.com\/blog\/wp-content\/uploads\/2015\/05\/le\u00f1ador-300x201.jpg 300w, https:\/\/www.oficinaempleo.com\/blog\/wp-content\/uploads\/2015\/05\/le\u00f1ador-224x150.jpg 224w\" sizes=\"auto, (max-width: 600px) 100vw, 600px\" \/><div class=\"su-spacer\" style=\"height:30px\"><\/div><\/li>\n<li style=\"text-align: justify;\"><strong>Fotoperiodista: <\/strong>cada vez existe menos trabajo como fot\u00f3grafo period\u00edstico ya que cada vez m\u00e1s agencias escogen sacar las fotos de bancos de im\u00e1genes. Adem\u00e1s, en ocasiones es peligroso, por ejemplo si te destinan a alg\u00fan pa\u00eds de cierto peligro para realizar alg\u00fan reportaje, por ejemplo.<div class=\"su-spacer\" style=\"height:30px\"><\/div><img loading=\"lazy\" decoding=\"async\" class=\"aligncenter size-full wp-image-4975\" src=\"http:\/\/www.oficinaempleo.com\/blog\/wp-content\/uploads\/2015\/05\/fotoperiodista.jpg\" alt=\"fotoperiodista\" width=\"600\" height=\"368\" srcset=\"https:\/\/www.oficinaempleo.com\/blog\/wp-content\/uploads\/2015\/05\/fotoperiodista.jpg 600w, https:\/\/www.oficinaempleo.com\/blog\/wp-content\/uploads\/2015\/05\/fotoperiodista-300x184.jpg 300w, https:\/\/www.oficinaempleo.com\/blog\/wp-content\/uploads\/2015\/05\/fotoperiodista-245x150.jpg 245w\" sizes=\"auto, (max-width: 600px) 100vw, 600px\" \/><div class=\"su-spacer\" style=\"height:30px\"><\/div><\/li>\n<li style=\"text-align: justify;\"><strong>Militar en activo: <\/strong>los riesgos y rigores laborales de esta profesi\u00f3n la convierten en una de las peores opciones laborales que existen. Adem\u00e1s de que conlleva un elevado riesgo y requiere una impresionante formaci\u00f3n f\u00edsica.<div class=\"su-spacer\" style=\"height:30px\"><\/div><img loading=\"lazy\" decoding=\"async\" class=\"aligncenter size-full wp-image-4976\" src=\"http:\/\/www.oficinaempleo.com\/blog\/wp-content\/uploads\/2015\/05\/militar.jpg\" alt=\"militar\" width=\"600\" height=\"401\" srcset=\"https:\/\/www.oficinaempleo.com\/blog\/wp-content\/uploads\/2015\/05\/militar.jpg 600w, https:\/\/www.oficinaempleo.com\/blog\/wp-content\/uploads\/2015\/05\/militar-300x201.jpg 300w, https:\/\/www.oficinaempleo.com\/blog\/wp-content\/uploads\/2015\/05\/militar-224x150.jpg 224w\" sizes=\"auto, (max-width: 600px) 100vw, 600px\" \/><div class=\"su-spacer\" style=\"height:30px\"><\/div><\/li>\n<li style=\"text-align: justify;\"><strong>Cocinero: <\/strong>el trabajo en el sector hosteler\u00eda es bastante estresante debido al n\u00famero de horas al d\u00eda que se echan en el trabajo, especialmente en el caso del cocinero que no sale de la cocina.<div class=\"su-spacer\" style=\"height:30px\"><\/div><img loading=\"lazy\" decoding=\"async\" class=\"aligncenter size-full wp-image-4977\" src=\"http:\/\/www.oficinaempleo.com\/blog\/wp-content\/uploads\/2015\/05\/cocinero2015.jpg\" alt=\"Professional chef in kitchen\" width=\"600\" height=\"399\" srcset=\"https:\/\/www.oficinaempleo.com\/blog\/wp-content\/uploads\/2015\/05\/cocinero2015.jpg 600w, https:\/\/www.oficinaempleo.com\/blog\/wp-content\/uploads\/2015\/05\/cocinero2015-300x200.jpg 300w, https:\/\/www.oficinaempleo.com\/blog\/wp-content\/uploads\/2015\/05\/cocinero2015-226x150.jpg 226w\" sizes=\"auto, (max-width: 600px) 100vw, 600px\" \/><div class=\"su-spacer\" style=\"height:30px\"><\/div><\/li>\n<li style=\"text-align: justify;\"><strong>Locutor: <\/strong>es un trabajo estresante en el que cada vez contratan a menos personal debido al r\u00e1pido avance de los distintos medios de comunicaci\u00f3n.<div class=\"su-spacer\" style=\"height:30px\"><\/div><img loading=\"lazy\" decoding=\"async\" class=\"aligncenter size-full wp-image-4978\" src=\"http:\/\/www.oficinaempleo.com\/blog\/wp-content\/uploads\/2015\/05\/locutor.jpg\" alt=\"locutor\" width=\"600\" height=\"399\" srcset=\"https:\/\/www.oficinaempleo.com\/blog\/wp-content\/uploads\/2015\/05\/locutor.jpg 600w, https:\/\/www.oficinaempleo.com\/blog\/wp-content\/uploads\/2015\/05\/locutor-300x200.jpg 300w, https:\/\/www.oficinaempleo.com\/blog\/wp-content\/uploads\/2015\/05\/locutor-226x150.jpg 226w\" sizes=\"auto, (max-width: 600px) 100vw, 600px\" \/><div class=\"su-spacer\" style=\"height:30px\"><\/div><\/li>\n<li style=\"text-align: justify;\"><strong>Vigilante en una prisi\u00f3n: <\/strong>este trabajo requiere gran cantidad de horas diarias, tiene un alto riesgo, requiere buena forma f\u00edsica y es bastante estresante. Adem\u00e1s el sueldo no es para tirar cohetes, como quien dice.<div class=\"su-spacer\" style=\"height:30px\"><\/div><img loading=\"lazy\" decoding=\"async\" class=\"aligncenter wp-image-4979\" src=\"http:\/\/www.oficinaempleo.com\/blog\/wp-content\/uploads\/2015\/05\/vigilanteprision.jpg\" alt=\"vigilanteprision\" width=\"600\" height=\"399\" srcset=\"https:\/\/www.oficinaempleo.com\/blog\/wp-content\/uploads\/2015\/05\/vigilanteprision.jpg 849w, https:\/\/www.oficinaempleo.com\/blog\/wp-content\/uploads\/2015\/05\/vigilanteprision-300x200.jpg 300w, https:\/\/www.oficinaempleo.com\/blog\/wp-content\/uploads\/2015\/05\/vigilanteprision-225x150.jpg 225w\" sizes=\"auto, (max-width: 600px) 100vw, 600px\" \/><div class=\"su-spacer\" style=\"height:30px\"><\/div><\/li>\n<li style=\"text-align: justify;\"><strong>Taxista: <\/strong>con la invenci\u00f3n de nuevas apps como Ubber, el alquiler de taxis de forma tradicional est\u00e1 decayendo bastante, lo que ha ocasionado bastante estr\u00e9s para esta profesi\u00f3n y dependiendo de en qu\u00e9 pa\u00eds puede ser incluso hasta peligroso.<div class=\"su-spacer\" style=\"height:30px\"><\/div><img loading=\"lazy\" decoding=\"async\" class=\"aligncenter wp-image-4980\" src=\"http:\/\/www.oficinaempleo.com\/blog\/wp-content\/uploads\/2015\/05\/taxista-1024x768.jpeg\" alt=\"taxista\" width=\"600\" height=\"450\" \/><div class=\"su-spacer\" style=\"height:30px\"><\/div><\/li>\n<li style=\"text-align: justify;\"><strong>Bombero: <\/strong>ni qu\u00e9 decir tiene el riesgo que conlleva el trabajo de un bombero, acostumbrados a arriesgar la vida habitualmente y manteni\u00e9ndose en forma constantemente, \u00bfmuy estresante no?<div class=\"su-spacer\" style=\"height:30px\"><\/div><img loading=\"lazy\" decoding=\"async\" class=\"aligncenter size-full wp-image-4981\" src=\"http:\/\/www.oficinaempleo.com\/blog\/wp-content\/uploads\/2015\/05\/bombero.jpg\" alt=\"bombero\" width=\"600\" height=\"399\" srcset=\"https:\/\/www.oficinaempleo.com\/blog\/wp-content\/uploads\/2015\/05\/bombero.jpg 600w, https:\/\/www.oficinaempleo.com\/blog\/wp-content\/uploads\/2015\/05\/bombero-300x200.jpg 300w, https:\/\/www.oficinaempleo.com\/blog\/wp-content\/uploads\/2015\/05\/bombero-226x150.jpg 226w\" sizes=\"auto, (max-width: 600px) 100vw, 600px\" \/><div class=\"su-spacer\" style=\"height:30px\"><\/div><\/li>\n<li style=\"text-align: justify;\"><strong>Cartero: <\/strong>con internet cada vez menos gente utiliza el correo ordinario para escribir a alguien, lo que est\u00e1 provocando un descenso en el mundo de \u00e9sta profesi\u00f3n.<div class=\"su-spacer\" style=\"height:30px\"><\/div><img loading=\"lazy\" decoding=\"async\" class=\"aligncenter size-full wp-image-4982\" src=\"http:\/\/www.oficinaempleo.com\/blog\/wp-content\/uploads\/2015\/05\/cartero.jpg\" alt=\"cartero\" width=\"600\" height=\"338\" srcset=\"https:\/\/www.oficinaempleo.com\/blog\/wp-content\/uploads\/2015\/05\/cartero.jpg 600w, https:\/\/www.oficinaempleo.com\/blog\/wp-content\/uploads\/2015\/05\/cartero-300x169.jpg 300w, https:\/\/www.oficinaempleo.com\/blog\/wp-content\/uploads\/2015\/05\/cartero-266x150.jpg 266w\" sizes=\"auto, (max-width: 600px) 100vw, 600px\" \/><\/li>\n<\/ol>\n<div class=\"su-button-center\"><a href=\"https:\/\/jobs.oficinaempleo.com\/registro?origen=ORG-web&#038;utm_source=OE&#038;utm_medium=boton_registro&#038;utm_content=homepage&#038;utm_campaign=organic\" class=\"su-button su-button-style-flat\" style=\"color:#FFFFFF;background-color:#ec7d0c;border-color:#bd640a;border-radius:10px\" target=\"__blank\"><span style=\"color:#FFFFFF;padding:8px 26px;font-size:20px;line-height:30px;border-color:#f2a455;border-radius:10px;text-shadow:none\"><i class=\"sui sui-arrow-circle-right\" style=\"font-size:20px;color:#FFFFFF\"><\/i> Reg\u00edstrate gratis en OficinaEmpleo<\/span><\/a><\/div><div class=\"su-spacer\" style=\"height:30px\"><\/div>\n","protected":false},"excerpt":{"rendered":"<p>El sueldo y el nivel de estr\u00e9s son algunos de los indicadores a tener en cuenta.<\/p>\n","protected":false},"author":2,"featured_media":4979,"comment_status":"open","ping_status":"open","sticky":false,"template":"","format":"standard","meta":{"footnotes":""},"categories":[691,17],"tags":[1465,1466,1467,1464],"class_list":["post-4964","post","type-post","status-publish","format-standard","has-post-thumbnail","hentry","category-actualidad-empleo","category-profesiones","tag-careercast","tag-careercast-2015","tag-empleo-2015","tag-peores-empleos-2015","cat-691-id","cat-17-id","has_thumb"],"yoast_head":"<!-- This site is optimized with the Yoast SEO plugin v27.1.1 - https:\/\/yoast.com\/product\/yoast-seo-wordpress\/ -->\n<title>Los 10 peores trabajos de 2015 - Blog OficinaEmpleo<\/title>\n<meta name=\"robots\" content=\"index, follow, max-snippet:-1, max-image-preview:large, max-video-preview:-1\" \/>\n<link rel=\"canonical\" href=\"https:\/\/www.oficinaempleo.com\/blog\/los-10-peores-trabajos-de-2015\/\" \/>\n<meta property=\"og:locale\" content=\"es_ES\" \/>\n<meta property=\"og:type\" content=\"article\" \/>\n<meta property=\"og:title\" content=\"Los 10 peores trabajos de 2015 - Blog OficinaEmpleo\" \/>\n<meta property=\"og:description\" content=\"El sueldo y el nivel de estr\u00e9s son algunos de los indicadores a tener en cuenta.\" \/>\n<meta property=\"og:url\" content=\"https:\/\/www.oficinaempleo.com\/blog\/los-10-peores-trabajos-de-2015\/\" \/>\n<meta property=\"og:site_name\" content=\"Noticias y consejos de empleo | Blog OficinaEmpleo\" \/>\n<meta property=\"article:author\" content=\"https:\/\/www.facebook.com\/OficinaEmpleo\" \/>\n<meta property=\"article:published_time\" content=\"2015-10-08T07:00:18+00:00\" \/>\n<meta property=\"article:modified_time\" content=\"2015-10-08T07:07:33+00:00\" \/>\n<meta property=\"og:image\" content=\"https:\/\/www.oficinaempleo.com\/blog\/wp-content\/uploads\/2015\/05\/vigilanteprision.jpg\" \/>\n\t<meta property=\"og:image:width\" content=\"849\" \/>\n\t<meta property=\"og:image:height\" content=\"565\" \/>\n\t<meta property=\"og:image:type\" content=\"image\/jpeg\" \/>\n<meta name=\"author\" content=\"OficinaEmpleo\" \/>\n<meta name=\"twitter:card\" content=\"summary_large_image\" \/>\n<meta name=\"twitter:creator\" content=\"@OficinaEmpleo\" \/>\n<meta name=\"twitter:site\" content=\"@OficinaEmpleo\" \/>\n<meta name=\"twitter:label1\" content=\"Written by\" \/>\n\t<meta name=\"twitter:data1\" content=\"OficinaEmpleo\" \/>\n\t<meta name=\"twitter:label2\" content=\"Est. reading time\" \/>\n\t<meta name=\"twitter:data2\" content=\"3 minutos\" \/>\n<script type=\"application\/ld+json\" class=\"yoast-schema-graph\">{\"@context\":\"https:\/\/schema.org\",\"@graph\":[{\"@type\":\"Article\",\"@id\":\"https:\/\/www.oficinaempleo.com\/blog\/los-10-peores-trabajos-de-2015\/#article\",\"isPartOf\":{\"@id\":\"https:\/\/www.oficinaempleo.com\/blog\/los-10-peores-trabajos-de-2015\/\"},\"author\":{\"name\":\"OficinaEmpleo\",\"@id\":\"https:\/\/www.oficinaempleo.com\/blog\/#\/schema\/person\/a7f3437f35bd6bd9ad19addae529a114\"},\"headline\":\"Los 10 peores trabajos de 2015\",\"datePublished\":\"2015-10-08T07:00:18+00:00\",\"dateModified\":\"2015-10-08T07:07:33+00:00\",\"mainEntityOfPage\":{\"@id\":\"https:\/\/www.oficinaempleo.com\/blog\/los-10-peores-trabajos-de-2015\/\"},\"wordCount\":611,\"commentCount\":2,\"publisher\":{\"@id\":\"https:\/\/www.oficinaempleo.com\/blog\/#organization\"},\"image\":{\"@id\":\"https:\/\/www.oficinaempleo.com\/blog\/los-10-peores-trabajos-de-2015\/#primaryimage\"},\"thumbnailUrl\":\"https:\/\/www.oficinaempleo.com\/blog\/wp-content\/uploads\/2015\/05\/vigilanteprision.jpg\",\"keywords\":[\"careercast\",\"careercast 2015\",\"empleo 2015\",\"peores empleos 2015\"],\"articleSection\":[\"Actualidad\",\"Profesiones\"],\"inLanguage\":\"es\",\"potentialAction\":[{\"@type\":\"CommentAction\",\"name\":\"Comment\",\"target\":[\"https:\/\/www.oficinaempleo.com\/blog\/los-10-peores-trabajos-de-2015\/#respond\"]}]},{\"@type\":\"WebPage\",\"@id\":\"https:\/\/www.oficinaempleo.com\/blog\/los-10-peores-trabajos-de-2015\/\",\"url\":\"https:\/\/www.oficinaempleo.com\/blog\/los-10-peores-trabajos-de-2015\/\",\"name\":\"Los 10 peores trabajos de 2015 - Blog OficinaEmpleo\",\"isPartOf\":{\"@id\":\"https:\/\/www.oficinaempleo.com\/blog\/#website\"},\"primaryImageOfPage\":{\"@id\":\"https:\/\/www.oficinaempleo.com\/blog\/los-10-peores-trabajos-de-2015\/#primaryimage\"},\"image\":{\"@id\":\"https:\/\/www.oficinaempleo.com\/blog\/los-10-peores-trabajos-de-2015\/#primaryimage\"},\"thumbnailUrl\":\"https:\/\/www.oficinaempleo.com\/blog\/wp-content\/uploads\/2015\/05\/vigilanteprision.jpg\",\"datePublished\":\"2015-10-08T07:00:18+00:00\",\"dateModified\":\"2015-10-08T07:07:33+00:00\",\"breadcrumb\":{\"@id\":\"https:\/\/www.oficinaempleo.com\/blog\/los-10-peores-trabajos-de-2015\/#breadcrumb\"},\"inLanguage\":\"es\",\"potentialAction\":[{\"@type\":\"ReadAction\",\"target\":[\"https:\/\/www.oficinaempleo.com\/blog\/los-10-peores-trabajos-de-2015\/\"]}]},{\"@type\":\"ImageObject\",\"inLanguage\":\"es\",\"@id\":\"https:\/\/www.oficinaempleo.com\/blog\/los-10-peores-trabajos-de-2015\/#primaryimage\",\"url\":\"https:\/\/www.oficinaempleo.com\/blog\/wp-content\/uploads\/2015\/05\/vigilanteprision.jpg\",\"contentUrl\":\"https:\/\/www.oficinaempleo.com\/blog\/wp-content\/uploads\/2015\/05\/vigilanteprision.jpg\",\"width\":849,\"height\":565},{\"@type\":\"BreadcrumbList\",\"@id\":\"https:\/\/www.oficinaempleo.com\/blog\/los-10-peores-trabajos-de-2015\/#breadcrumb\",\"itemListElement\":[{\"@type\":\"ListItem\",\"position\":1,\"name\":\"Home\",\"item\":\"https:\/\/www.oficinaempleo.com\/blog\/\"},{\"@type\":\"ListItem\",\"position\":2,\"name\":\"Los 10 peores trabajos de 2015\"}]},{\"@type\":\"WebSite\",\"@id\":\"https:\/\/www.oficinaempleo.com\/blog\/#website\",\"url\":\"https:\/\/www.oficinaempleo.com\/blog\/\",\"name\":\"Noticias y Consejos de Empleo | Blog OficinaEmpleo\",\"description\":\"\",\"publisher\":{\"@id\":\"https:\/\/www.oficinaempleo.com\/blog\/#organization\"},\"potentialAction\":[{\"@type\":\"SearchAction\",\"target\":{\"@type\":\"EntryPoint\",\"urlTemplate\":\"https:\/\/www.oficinaempleo.com\/blog\/?s={search_term_string}\"},\"query-input\":{\"@type\":\"PropertyValueSpecification\",\"valueRequired\":true,\"valueName\":\"search_term_string\"}}],\"inLanguage\":\"es\"},{\"@type\":\"Organization\",\"@id\":\"https:\/\/www.oficinaempleo.com\/blog\/#organization\",\"name\":\"OficinaEmpleo\",\"url\":\"https:\/\/www.oficinaempleo.com\/blog\/\",\"logo\":{\"@type\":\"ImageObject\",\"inLanguage\":\"es\",\"@id\":\"https:\/\/www.oficinaempleo.com\/blog\/#\/schema\/logo\/image\/\",\"url\":\"https:\/\/www.oficinaempleo.com\/blog\/wp-content\/uploads\/2018\/10\/logo_footer-1.jpg\",\"contentUrl\":\"https:\/\/www.oficinaempleo.com\/blog\/wp-content\/uploads\/2018\/10\/logo_footer-1.jpg\",\"width\":478,\"height\":57,\"caption\":\"OficinaEmpleo\"},\"image\":{\"@id\":\"https:\/\/www.oficinaempleo.com\/blog\/#\/schema\/logo\/image\/\"},\"sameAs\":[\"https:\/\/x.com\/OficinaEmpleo\"]},{\"@type\":\"Person\",\"@id\":\"https:\/\/www.oficinaempleo.com\/blog\/#\/schema\/person\/a7f3437f35bd6bd9ad19addae529a114\",\"name\":\"OficinaEmpleo\",\"image\":{\"@type\":\"ImageObject\",\"inLanguage\":\"es\",\"@id\":\"https:\/\/www.oficinaempleo.com\/blog\/#\/schema\/person\/image\/\",\"url\":\"https:\/\/secure.gravatar.com\/avatar\/ea822afb14d7439ba3051d652cf8f548fe540f184ce16a2135fc22c9337bd72e?s=96&d=mm&r=g\",\"contentUrl\":\"https:\/\/secure.gravatar.com\/avatar\/ea822afb14d7439ba3051d652cf8f548fe540f184ce16a2135fc22c9337bd72e?s=96&d=mm&r=g\",\"caption\":\"OficinaEmpleo\"},\"description\":\"En OficinaEmpleo queremos ayudarte a conseguir trabajo. Por eso, adem\u00e1s de ofrecerte ofertas de empleo en nuestro portal, te ense\u00f1amos las novedades del sector, y consejos para mejorar tu perfil.\",\"sameAs\":[\"http:\/\/www.oficinaempleo.com\/\",\"https:\/\/www.facebook.com\/OficinaEmpleo\",\"https:\/\/x.com\/OficinaEmpleo\"],\"url\":\"https:\/\/www.oficinaempleo.com\/blog\/author\/empleo\/\"}]}<\/script>\n<!-- \/ Yoast SEO plugin. -->","yoast_head_json":{"title":"Los 10 peores trabajos de 2015 - Blog OficinaEmpleo","robots":{"index":"index","follow":"follow","max-snippet":"max-snippet:-1","max-image-preview":"max-image-preview:large","max-video-preview":"max-video-preview:-1"},"canonical":"https:\/\/www.oficinaempleo.com\/blog\/los-10-peores-trabajos-de-2015\/","og_locale":"es_ES","og_type":"article","og_title":"Los 10 peores trabajos de 2015 - Blog OficinaEmpleo","og_description":"El sueldo y el nivel de estr\u00e9s son algunos de los indicadores a tener en cuenta.","og_url":"https:\/\/www.oficinaempleo.com\/blog\/los-10-peores-trabajos-de-2015\/","og_site_name":"Noticias y consejos de empleo | Blog OficinaEmpleo","article_author":"https:\/\/www.facebook.com\/OficinaEmpleo","article_published_time":"2015-10-08T07:00:18+00:00","article_modified_time":"2015-10-08T07:07:33+00:00","og_image":[{"width":849,"height":565,"url":"https:\/\/www.oficinaempleo.com\/blog\/wp-content\/uploads\/2015\/05\/vigilanteprision.jpg","type":"image\/jpeg"}],"author":"OficinaEmpleo","twitter_card":"summary_large_image","twitter_creator":"@OficinaEmpleo","twitter_site":"@OficinaEmpleo","twitter_misc":{"Written by":"OficinaEmpleo","Est. reading time":"3 minutos"},"schema":{"@context":"https:\/\/schema.org","@graph":[{"@type":"Article","@id":"https:\/\/www.oficinaempleo.com\/blog\/los-10-peores-trabajos-de-2015\/#article","isPartOf":{"@id":"https:\/\/www.oficinaempleo.com\/blog\/los-10-peores-trabajos-de-2015\/"},"author":{"name":"OficinaEmpleo","@id":"https:\/\/www.oficinaempleo.com\/blog\/#\/schema\/person\/a7f3437f35bd6bd9ad19addae529a114"},"headline":"Los 10 peores trabajos de 2015","datePublished":"2015-10-08T07:00:18+00:00","dateModified":"2015-10-08T07:07:33+00:00","mainEntityOfPage":{"@id":"https:\/\/www.oficinaempleo.com\/blog\/los-10-peores-trabajos-de-2015\/"},"wordCount":611,"commentCount":2,"publisher":{"@id":"https:\/\/www.oficinaempleo.com\/blog\/#organization"},"image":{"@id":"https:\/\/www.oficinaempleo.com\/blog\/los-10-peores-trabajos-de-2015\/#primaryimage"},"thumbnailUrl":"https:\/\/www.oficinaempleo.com\/blog\/wp-content\/uploads\/2015\/05\/vigilanteprision.jpg","keywords":["careercast","careercast 2015","empleo 2015","peores empleos 2015"],"articleSection":["Actualidad","Profesiones"],"inLanguage":"es","potentialAction":[{"@type":"CommentAction","name":"Comment","target":["https:\/\/www.oficinaempleo.com\/blog\/los-10-peores-trabajos-de-2015\/#respond"]}]},{"@type":"WebPage","@id":"https:\/\/www.oficinaempleo.com\/blog\/los-10-peores-trabajos-de-2015\/","url":"https:\/\/www.oficinaempleo.com\/blog\/los-10-peores-trabajos-de-2015\/","name":"Los 10 peores trabajos de 2015 - Blog OficinaEmpleo","isPartOf":{"@id":"https:\/\/www.oficinaempleo.com\/blog\/#website"},"primaryImageOfPage":{"@id":"https:\/\/www.oficinaempleo.com\/blog\/los-10-peores-trabajos-de-2015\/#primaryimage"},"image":{"@id":"https:\/\/www.oficinaempleo.com\/blog\/los-10-peores-trabajos-de-2015\/#primaryimage"},"thumbnailUrl":"https:\/\/www.oficinaempleo.com\/blog\/wp-content\/uploads\/2015\/05\/vigilanteprision.jpg","datePublished":"2015-10-08T07:00:18+00:00","dateModified":"2015-10-08T07:07:33+00:00","breadcrumb":{"@id":"https:\/\/www.oficinaempleo.com\/blog\/los-10-peores-trabajos-de-2015\/#breadcrumb"},"inLanguage":"es","potentialAction":[{"@type":"ReadAction","target":["https:\/\/www.oficinaempleo.com\/blog\/los-10-peores-trabajos-de-2015\/"]}]},{"@type":"ImageObject","inLanguage":"es","@id":"https:\/\/www.oficinaempleo.com\/blog\/los-10-peores-trabajos-de-2015\/#primaryimage","url":"https:\/\/www.oficinaempleo.com\/blog\/wp-content\/uploads\/2015\/05\/vigilanteprision.jpg","contentUrl":"https:\/\/www.oficinaempleo.com\/blog\/wp-content\/uploads\/2015\/05\/vigilanteprision.jpg","width":849,"height":565},{"@type":"BreadcrumbList","@id":"https:\/\/www.oficinaempleo.com\/blog\/los-10-peores-trabajos-de-2015\/#breadcrumb","itemListElement":[{"@type":"ListItem","position":1,"name":"Home","item":"https:\/\/www.oficinaempleo.com\/blog\/"},{"@type":"ListItem","position":2,"name":"Los 10 peores trabajos de 2015"}]},{"@type":"WebSite","@id":"https:\/\/www.oficinaempleo.com\/blog\/#website","url":"https:\/\/www.oficinaempleo.com\/blog\/","name":"Noticias y Consejos de Empleo | Blog OficinaEmpleo","description":"","publisher":{"@id":"https:\/\/www.oficinaempleo.com\/blog\/#organization"},"potentialAction":[{"@type":"SearchAction","target":{"@type":"EntryPoint","urlTemplate":"https:\/\/www.oficinaempleo.com\/blog\/?s={search_term_string}"},"query-input":{"@type":"PropertyValueSpecification","valueRequired":true,"valueName":"search_term_string"}}],"inLanguage":"es"},{"@type":"Organization","@id":"https:\/\/www.oficinaempleo.com\/blog\/#organization","name":"OficinaEmpleo","url":"https:\/\/www.oficinaempleo.com\/blog\/","logo":{"@type":"ImageObject","inLanguage":"es","@id":"https:\/\/www.oficinaempleo.com\/blog\/#\/schema\/logo\/image\/","url":"https:\/\/www.oficinaempleo.com\/blog\/wp-content\/uploads\/2018\/10\/logo_footer-1.jpg","contentUrl":"https:\/\/www.oficinaempleo.com\/blog\/wp-content\/uploads\/2018\/10\/logo_footer-1.jpg","width":478,"height":57,"caption":"OficinaEmpleo"},"image":{"@id":"https:\/\/www.oficinaempleo.com\/blog\/#\/schema\/logo\/image\/"},"sameAs":["https:\/\/x.com\/OficinaEmpleo"]},{"@type":"Person","@id":"https:\/\/www.oficinaempleo.com\/blog\/#\/schema\/person\/a7f3437f35bd6bd9ad19addae529a114","name":"OficinaEmpleo","image":{"@type":"ImageObject","inLanguage":"es","@id":"https:\/\/www.oficinaempleo.com\/blog\/#\/schema\/person\/image\/","url":"https:\/\/secure.gravatar.com\/avatar\/ea822afb14d7439ba3051d652cf8f548fe540f184ce16a2135fc22c9337bd72e?s=96&d=mm&r=g","contentUrl":"https:\/\/secure.gravatar.com\/avatar\/ea822afb14d7439ba3051d652cf8f548fe540f184ce16a2135fc22c9337bd72e?s=96&d=mm&r=g","caption":"OficinaEmpleo"},"description":"En OficinaEmpleo queremos ayudarte a conseguir trabajo. Por eso, adem\u00e1s de ofrecerte ofertas de empleo en nuestro portal, te ense\u00f1amos las novedades del sector, y consejos para mejorar tu perfil.","sameAs":["http:\/\/www.oficinaempleo.com\/","https:\/\/www.facebook.com\/OficinaEmpleo","https:\/\/x.com\/OficinaEmpleo"],"url":"https:\/\/www.oficinaempleo.com\/blog\/author\/empleo\/"}]}},"_links":{"self":[{"href":"https:\/\/www.oficinaempleo.com\/blog\/wp-json\/wp\/v2\/posts\/4964","targetHints":{"allow":["GET"]}}],"collection":[{"href":"https:\/\/www.oficinaempleo.com\/blog\/wp-json\/wp\/v2\/posts"}],"about":[{"href":"https:\/\/www.oficinaempleo.com\/blog\/wp-json\/wp\/v2\/types\/post"}],"author":[{"embeddable":true,"href":"https:\/\/www.oficinaempleo.com\/blog\/wp-json\/wp\/v2\/users\/2"}],"replies":[{"embeddable":true,"href":"https:\/\/www.oficinaempleo.com\/blog\/wp-json\/wp\/v2\/comments?post=4964"}],"version-history":[{"count":0,"href":"https:\/\/www.oficinaempleo.com\/blog\/wp-json\/wp\/v2\/posts\/4964\/revisions"}],"wp:featuredmedia":[{"embeddable":true,"href":"https:\/\/www.oficinaempleo.com\/blog\/wp-json\/wp\/v2\/media\/4979"}],"wp:attachment":[{"href":"https:\/\/www.oficinaempleo.com\/blog\/wp-json\/wp\/v2\/media?parent=4964"}],"wp:term":[{"taxonomy":"category","embeddable":true,"href":"https:\/\/www.oficinaempleo.com\/blog\/wp-json\/wp\/v2\/categories?post=4964"},{"taxonomy":"post_tag","embeddable":true,"href":"https:\/\/www.oficinaempleo.com\/blog\/wp-json\/wp\/v2\/tags?post=4964"}],"curies":[{"name":"wp","href":"https:\/\/api.w.org\/{rel}","templated":true}]}}