{"id":6048,"date":"2015-06-22T11:08:37","date_gmt":"2015-06-22T10:08:37","guid":{"rendered":"http:\/\/www.oficinaempleo.com\/blog\/?p=6048"},"modified":"2015-06-22T11:11:22","modified_gmt":"2015-06-22T10:11:22","slug":"trabaja-en-llao-llao-este-verano-con-los-350-puestos-que-ofrece-en-toda-espana","status":"publish","type":"post","link":"https:\/\/www.oficinaempleo.com\/blog\/trabaja-en-llao-llao-este-verano-con-los-350-puestos-que-ofrece-en-toda-espana\/","title":{"rendered":"Trabaja en Llao Llao este verano con los 350 puestos que ofrece en toda Espa\u00f1a"},"content":{"rendered":"<p style=\"text-align: justify;\"><div class=\"su-button-center\"><a href=\"https:\/\/jobs.oficinaempleo.com\/registro?origen=ORG-web&#038;utm_source=OE&#038;utm_medium=boton_registro&#038;utm_content=homepage&#038;utm_campaign=organic\" class=\"su-button su-button-style-flat\" style=\"color:#FFFFFF;background-color:#ec7d0c;border-color:#bd640a;border-radius:10px\" target=\"__blank\"><span style=\"color:#FFFFFF;padding:8px 26px;font-size:20px;line-height:30px;border-color:#f2a455;border-radius:10px;text-shadow:none\"><i class=\"sui sui-arrow-circle-right\" style=\"font-size:20px;color:#FFFFFF\"><\/i> Reg\u00edstrate gratis en OficinaEmpleo<\/span><\/a><\/div><div class=\"su-spacer\" style=\"height:30px\"><\/div>\n<p style=\"text-align: justify;\"><img loading=\"lazy\" decoding=\"async\" class=\"aligncenter size-full wp-image-6123\" src=\"http:\/\/www.oficinaempleo.com\/blog\/wp-content\/uploads\/2015\/06\/llaollaocontenido1.jpg\" alt=\"llaollaocontenido\" width=\"600\" height=\"330\" srcset=\"https:\/\/www.oficinaempleo.com\/blog\/wp-content\/uploads\/2015\/06\/llaollaocontenido1.jpg 600w, https:\/\/www.oficinaempleo.com\/blog\/wp-content\/uploads\/2015\/06\/llaollaocontenido1-300x165.jpg 300w, https:\/\/www.oficinaempleo.com\/blog\/wp-content\/uploads\/2015\/06\/llaollaocontenido1-273x150.jpg 273w\" sizes=\"auto, (max-width: 600px) 100vw, 600px\" \/><\/p>\n<p style=\"text-align: justify;\">La compa\u00f1\u00eda murciana fundada por Pedro Espinosa en 2009,  en apenas unos a\u00f1os se ha convertido en la franquicia l\u00edder del Frozen Yogurt (o yogurt helado como dir\u00edamos aqu\u00ed) \u00a0en Espa\u00f1a. Actualmente cuentan en nuestro pa\u00eds con m\u00e1s de 500 empleados y una centena de tiendas y adem\u00e1s su proceso de expansi\u00f3n contin\u00faa por <strong>13 pa\u00edses ubicados en 4 continentes<\/strong>.<\/p>\n<p style=\"text-align: justify;\">Su fabulosa idea de negocio con la elaboraci\u00f3n de inigualables y riqu\u00edsimos helados naturales y de frutas, la convierte en competencia directa de otras marcas como Smooy, Juicy Avenue o Danone, entre otras. Esta original idea de aperitivos veraniegos, puso en marcha la inauguraci\u00f3n de muchas otras franquicias que ni de lejos llegaron a alcanzar el \u00e9xito de la aut\u00e9ntica empresa de yogurt helado.<\/p>\n<p style=\"text-align: justify;\">Con el incremento del turismo y de actividad de sus clientes, Espinosa confirma que para <strong>este verano su plantilla aumentar\u00e1 en un 70%<\/strong>.\u00a0 Ante la avalancha de incorporaciones para este verano, su fundador se muestra muy optimista con la idea <em>\u201cel yogurt helado es un producto con muy buena aceptaci\u00f3n durante cualquier \u00e9poca del a\u00f1o, si bien es cierto que durante los meses de verano su consumo se cuadruplica y tenemos que satisfacer la demanda con empleados temporales\u201d.<\/em><\/p>\n<p style=\"text-align: justify;\">Por lo que llaollao <strong>precisa contratar a 350 personas<\/strong> de forma temporal para este verano principalmente en zonas costeras, que es donde se producir\u00e1 mayor apogeo de gente. El perfil que buscan son j\u00f3venes entusiastas y con ganas de trabajar que necesiten sacarse un dinerillo extra para este verano. Trabajando en esta empresa aprender\u00e1s a gestionar cajas, cerrar cuentas, hacer yogurt helado, tratar con el cliente, trabajar en equipo y formar\u00e1s parte de las din\u00e1micas de grupo caracter\u00edsticas de sus empleados.<\/p>\n<p style=\"text-align: justify;\">Si quieres trabajar en una <strong>empresa famosa por su compa\u00f1erismo y buen ambiente de trabajo<\/strong> y adem\u00e1s ganarte un dinero extra, llaollao es tu sitio<strong>.<\/strong><\/p>\n<p style=\"text-align: justify;\"><strong>\u00bfTe interesa trabajar en llaollao?<\/strong> Pues<span style=\"text-decoration: underline;\"> <a href=\"http:\/\/www.oficinaempleo.com\/oferta-empleo\/dependientes-en-heladeria-llaollao-5404742.html\" >manda el curr\u00edculum a trav\u00e9s de esta oferta.<\/a><\/span><\/p>\n<p style=\"text-align: justify;\"><div class=\"su-button-center\"><a href=\"https:\/\/jobs.oficinaempleo.com\/registro?origen=ORG-web&#038;utm_source=OE&#038;utm_medium=boton_registro&#038;utm_content=homepage&#038;utm_campaign=organic\" class=\"su-button su-button-style-flat\" style=\"color:#FFFFFF;background-color:#ec7d0c;border-color:#bd640a;border-radius:10px\" target=\"__blank\"><span style=\"color:#FFFFFF;padding:8px 26px;font-size:20px;line-height:30px;border-color:#f2a455;border-radius:10px;text-shadow:none\"><i class=\"sui sui-arrow-circle-right\" style=\"font-size:20px;color:#FFFFFF\"><\/i> Reg\u00edstrate gratis en OficinaEmpleo<\/span><\/a><\/div>\n","protected":false},"excerpt":{"rendered":"<p>\u00bfTe has enterado? llaollao busca nuevos empleados para este verano y \u00a1t\u00fa puedes ser uno!<\/p>\n","protected":false},"author":2,"featured_media":6118,"comment_status":"open","ping_status":"open","sticky":false,"template":"","format":"standard","meta":{"footnotes":""},"categories":[689],"tags":[1474,1679,1796,1161,1795],"class_list":["post-6048","post","type-post","status-publish","format-standard","has-post-thumbnail","hentry","category-ofertas-empleo-destacadas","tag-dependienta","tag-empleo-verano","tag-heladeria","tag-hosteleria","tag-llaollao","cat-689-id","has_thumb"],"yoast_head":"<!-- This site is optimized with the Yoast SEO plugin v27.7 - https:\/\/yoast.com\/product\/yoast-seo-wordpress\/ -->\n<title>Trabaja en Llao Llao este verano con los 350 puestos que ofrece en toda Espa\u00f1a - Blog OficinaEmpleo<\/title>\n<meta name=\"robots\" content=\"index, follow, max-snippet:-1, max-image-preview:large, max-video-preview:-1\" \/>\n<link rel=\"canonical\" href=\"https:\/\/www.oficinaempleo.com\/blog\/trabaja-en-llao-llao-este-verano-con-los-350-puestos-que-ofrece-en-toda-espana\/\" \/>\n<meta property=\"og:locale\" content=\"es_ES\" \/>\n<meta property=\"og:type\" content=\"article\" \/>\n<meta property=\"og:title\" content=\"Trabaja en Llao Llao este verano con los 350 puestos que ofrece en toda Espa\u00f1a - Blog OficinaEmpleo\" \/>\n<meta property=\"og:description\" content=\"\u00bfTe has enterado? llaollao busca nuevos empleados para este verano y \u00a1t\u00fa puedes ser uno!\" \/>\n<meta property=\"og:url\" content=\"https:\/\/www.oficinaempleo.com\/blog\/trabaja-en-llao-llao-este-verano-con-los-350-puestos-que-ofrece-en-toda-espana\/\" \/>\n<meta property=\"og:site_name\" content=\"Noticias y consejos de empleo | Blog OficinaEmpleo\" \/>\n<meta property=\"article:author\" content=\"https:\/\/www.facebook.com\/OficinaEmpleo\" \/>\n<meta property=\"article:published_time\" content=\"2015-06-22T10:08:37+00:00\" \/>\n<meta property=\"article:modified_time\" content=\"2015-06-22T10:11:22+00:00\" \/>\n<meta property=\"og:image\" content=\"https:\/\/www.oficinaempleo.com\/blog\/wp-content\/uploads\/2015\/06\/llaollaowp.jpg\" \/>\n\t<meta property=\"og:image:width\" content=\"600\" \/>\n\t<meta property=\"og:image:height\" content=\"310\" \/>\n\t<meta property=\"og:image:type\" content=\"image\/jpeg\" \/>\n<meta name=\"author\" content=\"OficinaEmpleo\" \/>\n<meta name=\"twitter:card\" content=\"summary_large_image\" \/>\n<meta name=\"twitter:creator\" content=\"@OficinaEmpleo\" \/>\n<meta name=\"twitter:site\" content=\"@OficinaEmpleo\" \/>\n<meta name=\"twitter:label1\" content=\"Written by\" \/>\n\t<meta name=\"twitter:data1\" content=\"OficinaEmpleo\" \/>\n\t<meta name=\"twitter:label2\" content=\"Est. reading time\" \/>\n\t<meta name=\"twitter:data2\" content=\"2 minutos\" \/>\n<script type=\"application\/ld+json\" class=\"yoast-schema-graph\">{\"@context\":\"https:\\\/\\\/schema.org\",\"@graph\":[{\"@type\":\"Article\",\"@id\":\"https:\\\/\\\/www.oficinaempleo.com\\\/blog\\\/trabaja-en-llao-llao-este-verano-con-los-350-puestos-que-ofrece-en-toda-espana\\\/#article\",\"isPartOf\":{\"@id\":\"https:\\\/\\\/www.oficinaempleo.com\\\/blog\\\/trabaja-en-llao-llao-este-verano-con-los-350-puestos-que-ofrece-en-toda-espana\\\/\"},\"author\":{\"name\":\"OficinaEmpleo\",\"@id\":\"https:\\\/\\\/www.oficinaempleo.com\\\/blog\\\/#\\\/schema\\\/person\\\/a7f3437f35bd6bd9ad19addae529a114\"},\"headline\":\"Trabaja en Llao Llao este verano con los 350 puestos que ofrece en toda Espa\u00f1a\",\"datePublished\":\"2015-06-22T10:08:37+00:00\",\"dateModified\":\"2015-06-22T10:11:22+00:00\",\"mainEntityOfPage\":{\"@id\":\"https:\\\/\\\/www.oficinaempleo.com\\\/blog\\\/trabaja-en-llao-llao-este-verano-con-los-350-puestos-que-ofrece-en-toda-espana\\\/\"},\"wordCount\":424,\"commentCount\":103,\"publisher\":{\"@id\":\"https:\\\/\\\/www.oficinaempleo.com\\\/blog\\\/#organization\"},\"image\":{\"@id\":\"https:\\\/\\\/www.oficinaempleo.com\\\/blog\\\/trabaja-en-llao-llao-este-verano-con-los-350-puestos-que-ofrece-en-toda-espana\\\/#primaryimage\"},\"thumbnailUrl\":\"https:\\\/\\\/www.oficinaempleo.com\\\/blog\\\/wp-content\\\/uploads\\\/2015\\\/06\\\/llaollaowp.jpg\",\"keywords\":[\"dependienta\",\"empleo verano\",\"heladeria\",\"hosteler\u00eda\",\"llaollao\"],\"articleSection\":[\"Ofertas destacadas\"],\"inLanguage\":\"es\",\"potentialAction\":[{\"@type\":\"CommentAction\",\"name\":\"Comment\",\"target\":[\"https:\\\/\\\/www.oficinaempleo.com\\\/blog\\\/trabaja-en-llao-llao-este-verano-con-los-350-puestos-que-ofrece-en-toda-espana\\\/#respond\"]}]},{\"@type\":\"WebPage\",\"@id\":\"https:\\\/\\\/www.oficinaempleo.com\\\/blog\\\/trabaja-en-llao-llao-este-verano-con-los-350-puestos-que-ofrece-en-toda-espana\\\/\",\"url\":\"https:\\\/\\\/www.oficinaempleo.com\\\/blog\\\/trabaja-en-llao-llao-este-verano-con-los-350-puestos-que-ofrece-en-toda-espana\\\/\",\"name\":\"Trabaja en Llao Llao este verano con los 350 puestos que ofrece en toda Espa\u00f1a - Blog OficinaEmpleo\",\"isPartOf\":{\"@id\":\"https:\\\/\\\/www.oficinaempleo.com\\\/blog\\\/#website\"},\"primaryImageOfPage\":{\"@id\":\"https:\\\/\\\/www.oficinaempleo.com\\\/blog\\\/trabaja-en-llao-llao-este-verano-con-los-350-puestos-que-ofrece-en-toda-espana\\\/#primaryimage\"},\"image\":{\"@id\":\"https:\\\/\\\/www.oficinaempleo.com\\\/blog\\\/trabaja-en-llao-llao-este-verano-con-los-350-puestos-que-ofrece-en-toda-espana\\\/#primaryimage\"},\"thumbnailUrl\":\"https:\\\/\\\/www.oficinaempleo.com\\\/blog\\\/wp-content\\\/uploads\\\/2015\\\/06\\\/llaollaowp.jpg\",\"datePublished\":\"2015-06-22T10:08:37+00:00\",\"dateModified\":\"2015-06-22T10:11:22+00:00\",\"breadcrumb\":{\"@id\":\"https:\\\/\\\/www.oficinaempleo.com\\\/blog\\\/trabaja-en-llao-llao-este-verano-con-los-350-puestos-que-ofrece-en-toda-espana\\\/#breadcrumb\"},\"inLanguage\":\"es\",\"potentialAction\":[{\"@type\":\"ReadAction\",\"target\":[\"https:\\\/\\\/www.oficinaempleo.com\\\/blog\\\/trabaja-en-llao-llao-este-verano-con-los-350-puestos-que-ofrece-en-toda-espana\\\/\"]}]},{\"@type\":\"ImageObject\",\"inLanguage\":\"es\",\"@id\":\"https:\\\/\\\/www.oficinaempleo.com\\\/blog\\\/trabaja-en-llao-llao-este-verano-con-los-350-puestos-que-ofrece-en-toda-espana\\\/#primaryimage\",\"url\":\"https:\\\/\\\/www.oficinaempleo.com\\\/blog\\\/wp-content\\\/uploads\\\/2015\\\/06\\\/llaollaowp.jpg\",\"contentUrl\":\"https:\\\/\\\/www.oficinaempleo.com\\\/blog\\\/wp-content\\\/uploads\\\/2015\\\/06\\\/llaollaowp.jpg\",\"width\":600,\"height\":310},{\"@type\":\"BreadcrumbList\",\"@id\":\"https:\\\/\\\/www.oficinaempleo.com\\\/blog\\\/trabaja-en-llao-llao-este-verano-con-los-350-puestos-que-ofrece-en-toda-espana\\\/#breadcrumb\",\"itemListElement\":[{\"@type\":\"ListItem\",\"position\":1,\"name\":\"Home\",\"item\":\"https:\\\/\\\/www.oficinaempleo.com\\\/blog\\\/\"},{\"@type\":\"ListItem\",\"position\":2,\"name\":\"Trabaja en Llao Llao este verano con los 350 puestos que ofrece en toda Espa\u00f1a\"}]},{\"@type\":\"WebSite\",\"@id\":\"https:\\\/\\\/www.oficinaempleo.com\\\/blog\\\/#website\",\"url\":\"https:\\\/\\\/www.oficinaempleo.com\\\/blog\\\/\",\"name\":\"Noticias y Consejos de Empleo | Blog OficinaEmpleo\",\"description\":\"\",\"publisher\":{\"@id\":\"https:\\\/\\\/www.oficinaempleo.com\\\/blog\\\/#organization\"},\"potentialAction\":[{\"@type\":\"SearchAction\",\"target\":{\"@type\":\"EntryPoint\",\"urlTemplate\":\"https:\\\/\\\/www.oficinaempleo.com\\\/blog\\\/?s={search_term_string}\"},\"query-input\":{\"@type\":\"PropertyValueSpecification\",\"valueRequired\":true,\"valueName\":\"search_term_string\"}}],\"inLanguage\":\"es\"},{\"@type\":\"Organization\",\"@id\":\"https:\\\/\\\/www.oficinaempleo.com\\\/blog\\\/#organization\",\"name\":\"OficinaEmpleo\",\"url\":\"https:\\\/\\\/www.oficinaempleo.com\\\/blog\\\/\",\"logo\":{\"@type\":\"ImageObject\",\"inLanguage\":\"es\",\"@id\":\"https:\\\/\\\/www.oficinaempleo.com\\\/blog\\\/#\\\/schema\\\/logo\\\/image\\\/\",\"url\":\"https:\\\/\\\/www.oficinaempleo.com\\\/blog\\\/wp-content\\\/uploads\\\/2018\\\/10\\\/logo_footer-1.jpg\",\"contentUrl\":\"https:\\\/\\\/www.oficinaempleo.com\\\/blog\\\/wp-content\\\/uploads\\\/2018\\\/10\\\/logo_footer-1.jpg\",\"width\":478,\"height\":57,\"caption\":\"OficinaEmpleo\"},\"image\":{\"@id\":\"https:\\\/\\\/www.oficinaempleo.com\\\/blog\\\/#\\\/schema\\\/logo\\\/image\\\/\"},\"sameAs\":[\"https:\\\/\\\/x.com\\\/OficinaEmpleo\"]},{\"@type\":\"Person\",\"@id\":\"https:\\\/\\\/www.oficinaempleo.com\\\/blog\\\/#\\\/schema\\\/person\\\/a7f3437f35bd6bd9ad19addae529a114\",\"name\":\"OficinaEmpleo\",\"image\":{\"@type\":\"ImageObject\",\"inLanguage\":\"es\",\"@id\":\"https:\\\/\\\/secure.gravatar.com\\\/avatar\\\/046d10046f0db492f7a51fddc05dcd5bbc95d66090820f47966efaba90c949e9?s=96&d=mm&r=g\",\"url\":\"https:\\\/\\\/secure.gravatar.com\\\/avatar\\\/046d10046f0db492f7a51fddc05dcd5bbc95d66090820f47966efaba90c949e9?s=96&d=mm&r=g\",\"contentUrl\":\"https:\\\/\\\/secure.gravatar.com\\\/avatar\\\/046d10046f0db492f7a51fddc05dcd5bbc95d66090820f47966efaba90c949e9?s=96&d=mm&r=g\",\"caption\":\"OficinaEmpleo\"},\"description\":\"En OficinaEmpleo queremos ayudarte a conseguir trabajo. Por eso, adem\u00e1s de ofrecerte ofertas de empleo en nuestro portal, te ense\u00f1amos las novedades del sector, y consejos para mejorar tu perfil.\",\"sameAs\":[\"http:\\\/\\\/www.oficinaempleo.com\\\/\",\"https:\\\/\\\/www.facebook.com\\\/OficinaEmpleo\",\"https:\\\/\\\/x.com\\\/OficinaEmpleo\"],\"url\":\"https:\\\/\\\/www.oficinaempleo.com\\\/blog\\\/author\\\/empleo\\\/\"}]}<\/script>\n<!-- \/ Yoast SEO plugin. -->","yoast_head_json":{"title":"Trabaja en Llao Llao este verano con los 350 puestos que ofrece en toda Espa\u00f1a - Blog OficinaEmpleo","robots":{"index":"index","follow":"follow","max-snippet":"max-snippet:-1","max-image-preview":"max-image-preview:large","max-video-preview":"max-video-preview:-1"},"canonical":"https:\/\/www.oficinaempleo.com\/blog\/trabaja-en-llao-llao-este-verano-con-los-350-puestos-que-ofrece-en-toda-espana\/","og_locale":"es_ES","og_type":"article","og_title":"Trabaja en Llao Llao este verano con los 350 puestos que ofrece en toda Espa\u00f1a - Blog OficinaEmpleo","og_description":"\u00bfTe has enterado? llaollao busca nuevos empleados para este verano y \u00a1t\u00fa puedes ser uno!","og_url":"https:\/\/www.oficinaempleo.com\/blog\/trabaja-en-llao-llao-este-verano-con-los-350-puestos-que-ofrece-en-toda-espana\/","og_site_name":"Noticias y consejos de empleo | Blog OficinaEmpleo","article_author":"https:\/\/www.facebook.com\/OficinaEmpleo","article_published_time":"2015-06-22T10:08:37+00:00","article_modified_time":"2015-06-22T10:11:22+00:00","og_image":[{"width":600,"height":310,"url":"https:\/\/www.oficinaempleo.com\/blog\/wp-content\/uploads\/2015\/06\/llaollaowp.jpg","type":"image\/jpeg"}],"author":"OficinaEmpleo","twitter_card":"summary_large_image","twitter_creator":"@OficinaEmpleo","twitter_site":"@OficinaEmpleo","twitter_misc":{"Written by":"OficinaEmpleo","Est. reading time":"2 minutos"},"schema":{"@context":"https:\/\/schema.org","@graph":[{"@type":"Article","@id":"https:\/\/www.oficinaempleo.com\/blog\/trabaja-en-llao-llao-este-verano-con-los-350-puestos-que-ofrece-en-toda-espana\/#article","isPartOf":{"@id":"https:\/\/www.oficinaempleo.com\/blog\/trabaja-en-llao-llao-este-verano-con-los-350-puestos-que-ofrece-en-toda-espana\/"},"author":{"name":"OficinaEmpleo","@id":"https:\/\/www.oficinaempleo.com\/blog\/#\/schema\/person\/a7f3437f35bd6bd9ad19addae529a114"},"headline":"Trabaja en Llao Llao este verano con los 350 puestos que ofrece en toda Espa\u00f1a","datePublished":"2015-06-22T10:08:37+00:00","dateModified":"2015-06-22T10:11:22+00:00","mainEntityOfPage":{"@id":"https:\/\/www.oficinaempleo.com\/blog\/trabaja-en-llao-llao-este-verano-con-los-350-puestos-que-ofrece-en-toda-espana\/"},"wordCount":424,"commentCount":103,"publisher":{"@id":"https:\/\/www.oficinaempleo.com\/blog\/#organization"},"image":{"@id":"https:\/\/www.oficinaempleo.com\/blog\/trabaja-en-llao-llao-este-verano-con-los-350-puestos-que-ofrece-en-toda-espana\/#primaryimage"},"thumbnailUrl":"https:\/\/www.oficinaempleo.com\/blog\/wp-content\/uploads\/2015\/06\/llaollaowp.jpg","keywords":["dependienta","empleo verano","heladeria","hosteler\u00eda","llaollao"],"articleSection":["Ofertas destacadas"],"inLanguage":"es","potentialAction":[{"@type":"CommentAction","name":"Comment","target":["https:\/\/www.oficinaempleo.com\/blog\/trabaja-en-llao-llao-este-verano-con-los-350-puestos-que-ofrece-en-toda-espana\/#respond"]}]},{"@type":"WebPage","@id":"https:\/\/www.oficinaempleo.com\/blog\/trabaja-en-llao-llao-este-verano-con-los-350-puestos-que-ofrece-en-toda-espana\/","url":"https:\/\/www.oficinaempleo.com\/blog\/trabaja-en-llao-llao-este-verano-con-los-350-puestos-que-ofrece-en-toda-espana\/","name":"Trabaja en Llao Llao este verano con los 350 puestos que ofrece en toda Espa\u00f1a - Blog OficinaEmpleo","isPartOf":{"@id":"https:\/\/www.oficinaempleo.com\/blog\/#website"},"primaryImageOfPage":{"@id":"https:\/\/www.oficinaempleo.com\/blog\/trabaja-en-llao-llao-este-verano-con-los-350-puestos-que-ofrece-en-toda-espana\/#primaryimage"},"image":{"@id":"https:\/\/www.oficinaempleo.com\/blog\/trabaja-en-llao-llao-este-verano-con-los-350-puestos-que-ofrece-en-toda-espana\/#primaryimage"},"thumbnailUrl":"https:\/\/www.oficinaempleo.com\/blog\/wp-content\/uploads\/2015\/06\/llaollaowp.jpg","datePublished":"2015-06-22T10:08:37+00:00","dateModified":"2015-06-22T10:11:22+00:00","breadcrumb":{"@id":"https:\/\/www.oficinaempleo.com\/blog\/trabaja-en-llao-llao-este-verano-con-los-350-puestos-que-ofrece-en-toda-espana\/#breadcrumb"},"inLanguage":"es","potentialAction":[{"@type":"ReadAction","target":["https:\/\/www.oficinaempleo.com\/blog\/trabaja-en-llao-llao-este-verano-con-los-350-puestos-que-ofrece-en-toda-espana\/"]}]},{"@type":"ImageObject","inLanguage":"es","@id":"https:\/\/www.oficinaempleo.com\/blog\/trabaja-en-llao-llao-este-verano-con-los-350-puestos-que-ofrece-en-toda-espana\/#primaryimage","url":"https:\/\/www.oficinaempleo.com\/blog\/wp-content\/uploads\/2015\/06\/llaollaowp.jpg","contentUrl":"https:\/\/www.oficinaempleo.com\/blog\/wp-content\/uploads\/2015\/06\/llaollaowp.jpg","width":600,"height":310},{"@type":"BreadcrumbList","@id":"https:\/\/www.oficinaempleo.com\/blog\/trabaja-en-llao-llao-este-verano-con-los-350-puestos-que-ofrece-en-toda-espana\/#breadcrumb","itemListElement":[{"@type":"ListItem","position":1,"name":"Home","item":"https:\/\/www.oficinaempleo.com\/blog\/"},{"@type":"ListItem","position":2,"name":"Trabaja en Llao Llao este verano con los 350 puestos que ofrece en toda Espa\u00f1a"}]},{"@type":"WebSite","@id":"https:\/\/www.oficinaempleo.com\/blog\/#website","url":"https:\/\/www.oficinaempleo.com\/blog\/","name":"Noticias y Consejos de Empleo | Blog OficinaEmpleo","description":"","publisher":{"@id":"https:\/\/www.oficinaempleo.com\/blog\/#organization"},"potentialAction":[{"@type":"SearchAction","target":{"@type":"EntryPoint","urlTemplate":"https:\/\/www.oficinaempleo.com\/blog\/?s={search_term_string}"},"query-input":{"@type":"PropertyValueSpecification","valueRequired":true,"valueName":"search_term_string"}}],"inLanguage":"es"},{"@type":"Organization","@id":"https:\/\/www.oficinaempleo.com\/blog\/#organization","name":"OficinaEmpleo","url":"https:\/\/www.oficinaempleo.com\/blog\/","logo":{"@type":"ImageObject","inLanguage":"es","@id":"https:\/\/www.oficinaempleo.com\/blog\/#\/schema\/logo\/image\/","url":"https:\/\/www.oficinaempleo.com\/blog\/wp-content\/uploads\/2018\/10\/logo_footer-1.jpg","contentUrl":"https:\/\/www.oficinaempleo.com\/blog\/wp-content\/uploads\/2018\/10\/logo_footer-1.jpg","width":478,"height":57,"caption":"OficinaEmpleo"},"image":{"@id":"https:\/\/www.oficinaempleo.com\/blog\/#\/schema\/logo\/image\/"},"sameAs":["https:\/\/x.com\/OficinaEmpleo"]},{"@type":"Person","@id":"https:\/\/www.oficinaempleo.com\/blog\/#\/schema\/person\/a7f3437f35bd6bd9ad19addae529a114","name":"OficinaEmpleo","image":{"@type":"ImageObject","inLanguage":"es","@id":"https:\/\/secure.gravatar.com\/avatar\/046d10046f0db492f7a51fddc05dcd5bbc95d66090820f47966efaba90c949e9?s=96&d=mm&r=g","url":"https:\/\/secure.gravatar.com\/avatar\/046d10046f0db492f7a51fddc05dcd5bbc95d66090820f47966efaba90c949e9?s=96&d=mm&r=g","contentUrl":"https:\/\/secure.gravatar.com\/avatar\/046d10046f0db492f7a51fddc05dcd5bbc95d66090820f47966efaba90c949e9?s=96&d=mm&r=g","caption":"OficinaEmpleo"},"description":"En OficinaEmpleo queremos ayudarte a conseguir trabajo. Por eso, adem\u00e1s de ofrecerte ofertas de empleo en nuestro portal, te ense\u00f1amos las novedades del sector, y consejos para mejorar tu perfil.","sameAs":["http:\/\/www.oficinaempleo.com\/","https:\/\/www.facebook.com\/OficinaEmpleo","https:\/\/x.com\/OficinaEmpleo"],"url":"https:\/\/www.oficinaempleo.com\/blog\/author\/empleo\/"}]}},"_links":{"self":[{"href":"https:\/\/www.oficinaempleo.com\/blog\/wp-json\/wp\/v2\/posts\/6048","targetHints":{"allow":["GET"]}}],"collection":[{"href":"https:\/\/www.oficinaempleo.com\/blog\/wp-json\/wp\/v2\/posts"}],"about":[{"href":"https:\/\/www.oficinaempleo.com\/blog\/wp-json\/wp\/v2\/types\/post"}],"author":[{"embeddable":true,"href":"https:\/\/www.oficinaempleo.com\/blog\/wp-json\/wp\/v2\/users\/2"}],"replies":[{"embeddable":true,"href":"https:\/\/www.oficinaempleo.com\/blog\/wp-json\/wp\/v2\/comments?post=6048"}],"version-history":[{"count":0,"href":"https:\/\/www.oficinaempleo.com\/blog\/wp-json\/wp\/v2\/posts\/6048\/revisions"}],"wp:featuredmedia":[{"embeddable":true,"href":"https:\/\/www.oficinaempleo.com\/blog\/wp-json\/wp\/v2\/media\/6118"}],"wp:attachment":[{"href":"https:\/\/www.oficinaempleo.com\/blog\/wp-json\/wp\/v2\/media?parent=6048"}],"wp:term":[{"taxonomy":"category","embeddable":true,"href":"https:\/\/www.oficinaempleo.com\/blog\/wp-json\/wp\/v2\/categories?post=6048"},{"taxonomy":"post_tag","embeddable":true,"href":"https:\/\/www.oficinaempleo.com\/blog\/wp-json\/wp\/v2\/tags?post=6048"}],"curies":[{"name":"wp","href":"https:\/\/api.w.org\/{rel}","templated":true}]}}