{"id":634,"date":"2012-02-01T12:02:34","date_gmt":"2012-02-01T11:02:34","guid":{"rendered":"http:\/\/blog.oficinaempleo.com\/?p=634"},"modified":"2023-03-10T21:25:20","modified_gmt":"2023-03-10T20:25:20","slug":"acabar-con-el-paro-juvenil-el-gran-reto-de-espana-y-la-ue","status":"publish","type":"post","link":"https:\/\/www.oficinaempleo.com\/blog\/acabar-con-el-paro-juvenil-el-gran-reto-de-espana-y-la-ue\/","title":{"rendered":"Acabar con el paro juvenil: el gran reto de Espa\u00f1a y la UE"},"content":{"rendered":"<p><img loading=\"lazy\" decoding=\"async\" class=\"alignleft size-full wp-image-635\" title=\"Desempleo juvenil\" src=\"http:\/\/blog.oficinaempleo.com\/wp-content\/uploads\/2012\/02\/paro-juvenil.gif\" alt=\"Paro juvenil\" width=\"100\" height=\"100\" \/>La <strong><a title=\"Comision Europea\" href=\"http:\/\/ec.europa.eu\/index_es.htm\" >Comisi\u00f3n Europea<\/a><\/strong> ha pedido a Espa\u00f1a y a los pa\u00edses con m\u00e1s <strong>paro juvenil <\/strong>que integran la <strong><a title=\"Union Europea\" href=\"http:\/\/europa.eu\/index_es.htm\" >Uni\u00f3n Europea<\/a> <\/strong>que preparen un grupo de trabajo para tratar de combatir el problema del <strong>desempleo juvenil<\/strong>. Esta petici\u00f3n se enmarca dentro de la cumbre extraordinaria de la Comisi\u00f3n Europea que se ha celebrado durante esta semana y en la que por primera vez, los l\u00edderes pol\u00edticos han elaborado una declaraci\u00f3n centrada \u00fanicamente en el <strong>empleo<\/strong> desde que estall\u00f3 la crisis econ\u00f3mica.<\/p>\n<p><!--more--><\/p>\n<p>Este texto propone destinar fondos estructurales comunitarios a mecanismos de apoyo a gran escala con el objetivo de que los j\u00f3venes puedan acceder a <strong><a title=\"Cursos de formaci\u00f3n en Oficina Empleo\" href=\"http:\/\/cursos.oficinaempleo.com\/index.html\" >cursos de formaci\u00f3n<\/a><\/strong> o bien a un trabajo. Una de las medidas planteadas es ayudar a las peque\u00f1as y medianas empresas en la <strong>creaci\u00f3n de empleo<\/strong>.<\/p>\n<p>Tambi\u00e9n se propone la creaci\u00f3n de becas,  pr\u00e1cticas y estancias en el extranjero,  una iniciativa que seg\u00fan la UE, puede generar oportunidades reales a los j\u00f3venes. Todas estas acciones son especialmente interesantes para Espa\u00f1a, el pa\u00eds con mayor tasa de <strong>paro juvenil<\/strong> de la UE. Pero adem\u00e1s, todas estas medidas tambi\u00e9n se llevaran a cabo en otros pa\u00edses europeos donde el paro juvenil supera el 30% como es el caso de: Portugal, Grecia, Irlanda, Italia, Letonia, Lituania y Eslovaquia.<\/p>\n<p>Por otro lado, el presidente de la Comisi\u00f3n Europea, Jos\u00e9 Manuel Durao Barroso, anunci\u00f3 que enviar\u00e1 a Espa\u00f1a  a expertos del Ejecutivo comunitario con el  objetivo de elaborar un plan de acci\u00f3n (en el que participar\u00e1n la patronal, los sindicatos espa\u00f1oles y el Gobierno) dirigido a combatir el problema del <strong>paro juvenil<\/strong>. Seg\u00fan afirm\u00f3 Duaro Barroso, en algunos pa\u00edses como Espa\u00f1a, casi uno de cada dos j\u00f3venes dispuestos a trabajar est\u00e1 en paro. Una situaci\u00f3n inaceptable y que supone una cr\u00edtica terrible a nuestra actuaci\u00f3n, afirm\u00f3.<\/p>\n<p>Esperamos que todas estas medidas planteadas fomenten la <strong><a title=\"Oficina Empleo\" href=\"http:\/\/www.oficinaempleo.com\/\" target=\"_self\" rel=\"noopener\">b\u00fasqueda de empleo<\/a>,<\/strong> <a title=\"Nuevas oportunidades para la juventud\" href=\"http:\/\/blog.oficinaempleo.com\/la-comision-europea-lanza-la-iniciativa-de-oportunidades-para-la-juventud\/\" target=\"_self\" rel=\"noopener\">la creaci\u00f3n de nuevas oportunidades para la juventud<\/a><strong>, <\/strong> y ayuden a reducir una de las grandes lacras de esta crisis econ\u00f3mica como es el <strong>paro juvenil<\/strong>.<\/p>\n","protected":false},"excerpt":{"rendered":"<p>La Comisi\u00f3n Europea ha pedido a Espa\u00f1a y a los pa\u00edses con m\u00e1s paro juvenil que integran la Uni\u00f3n Europea que preparen un grupo de trabajo para tratar de combatir el problema del desempleo juvenil. Esta petici\u00f3n se enmarca dentro de la cumbre extraordinaria de la Comisi\u00f3n Europea que se ha celebrado durante esta semana [&hellip;]<\/p>\n","protected":false},"author":2,"featured_media":0,"comment_status":"open","ping_status":"open","sticky":false,"template":"","format":"standard","meta":{"footnotes":""},"categories":[3],"tags":[361,44,42,380,359],"class_list":["post-634","post","type-post","status-publish","format-standard","hentry","category-noticias-empleo","tag-ayudas-paro-juvenil","tag-buscar-trabajo","tag-busqueda-de-empleo","tag-desempleo-juvenil","tag-paro-juvenil","cat-3-id"],"yoast_head":"<!-- This site is optimized with the Yoast SEO plugin v27.1.1 - https:\/\/yoast.com\/product\/yoast-seo-wordpress\/ -->\n<title>Acabar con el paro juvenil: el gran reto de Espa\u00f1a y la UE - Blog OficinaEmpleo<\/title>\n<meta name=\"robots\" content=\"index, follow, max-snippet:-1, max-image-preview:large, max-video-preview:-1\" \/>\n<link rel=\"canonical\" href=\"https:\/\/www.oficinaempleo.com\/blog\/acabar-con-el-paro-juvenil-el-gran-reto-de-espana-y-la-ue\/\" \/>\n<meta property=\"og:locale\" content=\"es_ES\" \/>\n<meta property=\"og:type\" content=\"article\" \/>\n<meta property=\"og:title\" content=\"Acabar con el paro juvenil: el gran reto de Espa\u00f1a y la UE - Blog OficinaEmpleo\" \/>\n<meta property=\"og:description\" content=\"La Comisi\u00f3n Europea ha pedido a Espa\u00f1a y a los pa\u00edses con m\u00e1s paro juvenil que integran la Uni\u00f3n Europea que preparen un grupo de trabajo para tratar de combatir el problema del desempleo juvenil. Esta petici\u00f3n se enmarca dentro de la cumbre extraordinaria de la Comisi\u00f3n Europea que se ha celebrado durante esta semana [&hellip;]\" \/>\n<meta property=\"og:url\" content=\"https:\/\/www.oficinaempleo.com\/blog\/acabar-con-el-paro-juvenil-el-gran-reto-de-espana-y-la-ue\/\" \/>\n<meta property=\"og:site_name\" content=\"Noticias y consejos de empleo | Blog OficinaEmpleo\" \/>\n<meta property=\"article:author\" content=\"https:\/\/www.facebook.com\/OficinaEmpleo\" \/>\n<meta property=\"article:published_time\" content=\"2012-02-01T11:02:34+00:00\" \/>\n<meta property=\"article:modified_time\" content=\"2023-03-10T20:25:20+00:00\" \/>\n<meta property=\"og:image\" content=\"http:\/\/blog.oficinaempleo.com\/wp-content\/uploads\/2012\/02\/paro-juvenil.gif\" \/>\n<meta name=\"author\" content=\"OficinaEmpleo\" \/>\n<meta name=\"twitter:card\" content=\"summary_large_image\" \/>\n<meta name=\"twitter:creator\" content=\"@OficinaEmpleo\" \/>\n<meta name=\"twitter:site\" content=\"@OficinaEmpleo\" \/>\n<meta name=\"twitter:label1\" content=\"Written by\" \/>\n\t<meta name=\"twitter:data1\" content=\"OficinaEmpleo\" \/>\n\t<meta name=\"twitter:label2\" content=\"Est. reading time\" \/>\n\t<meta name=\"twitter:data2\" content=\"2 minutos\" \/>\n<script type=\"application\/ld+json\" class=\"yoast-schema-graph\">{\"@context\":\"https:\/\/schema.org\",\"@graph\":[{\"@type\":\"Article\",\"@id\":\"https:\/\/www.oficinaempleo.com\/blog\/acabar-con-el-paro-juvenil-el-gran-reto-de-espana-y-la-ue\/#article\",\"isPartOf\":{\"@id\":\"https:\/\/www.oficinaempleo.com\/blog\/acabar-con-el-paro-juvenil-el-gran-reto-de-espana-y-la-ue\/\"},\"author\":{\"name\":\"OficinaEmpleo\",\"@id\":\"https:\/\/www.oficinaempleo.com\/blog\/#\/schema\/person\/a7f3437f35bd6bd9ad19addae529a114\"},\"headline\":\"Acabar con el paro juvenil: el gran reto de Espa\u00f1a y la UE\",\"datePublished\":\"2012-02-01T11:02:34+00:00\",\"dateModified\":\"2023-03-10T20:25:20+00:00\",\"mainEntityOfPage\":{\"@id\":\"https:\/\/www.oficinaempleo.com\/blog\/acabar-con-el-paro-juvenil-el-gran-reto-de-espana-y-la-ue\/\"},\"wordCount\":385,\"commentCount\":1,\"publisher\":{\"@id\":\"https:\/\/www.oficinaempleo.com\/blog\/#organization\"},\"image\":{\"@id\":\"https:\/\/www.oficinaempleo.com\/blog\/acabar-con-el-paro-juvenil-el-gran-reto-de-espana-y-la-ue\/#primaryimage\"},\"thumbnailUrl\":\"http:\/\/blog.oficinaempleo.com\/wp-content\/uploads\/2012\/02\/paro-juvenil.gif\",\"keywords\":[\"ayudas paro juvenil\",\"buscar trabajo\",\"b\u00fasqueda de empleo\",\"desempleo juvenil\",\"paro juvenil\"],\"articleSection\":[\"Noticias Empleo\"],\"inLanguage\":\"es\",\"potentialAction\":[{\"@type\":\"CommentAction\",\"name\":\"Comment\",\"target\":[\"https:\/\/www.oficinaempleo.com\/blog\/acabar-con-el-paro-juvenil-el-gran-reto-de-espana-y-la-ue\/#respond\"]}]},{\"@type\":\"WebPage\",\"@id\":\"https:\/\/www.oficinaempleo.com\/blog\/acabar-con-el-paro-juvenil-el-gran-reto-de-espana-y-la-ue\/\",\"url\":\"https:\/\/www.oficinaempleo.com\/blog\/acabar-con-el-paro-juvenil-el-gran-reto-de-espana-y-la-ue\/\",\"name\":\"Acabar con el paro juvenil: el gran reto de Espa\u00f1a y la UE - Blog OficinaEmpleo\",\"isPartOf\":{\"@id\":\"https:\/\/www.oficinaempleo.com\/blog\/#website\"},\"primaryImageOfPage\":{\"@id\":\"https:\/\/www.oficinaempleo.com\/blog\/acabar-con-el-paro-juvenil-el-gran-reto-de-espana-y-la-ue\/#primaryimage\"},\"image\":{\"@id\":\"https:\/\/www.oficinaempleo.com\/blog\/acabar-con-el-paro-juvenil-el-gran-reto-de-espana-y-la-ue\/#primaryimage\"},\"thumbnailUrl\":\"http:\/\/blog.oficinaempleo.com\/wp-content\/uploads\/2012\/02\/paro-juvenil.gif\",\"datePublished\":\"2012-02-01T11:02:34+00:00\",\"dateModified\":\"2023-03-10T20:25:20+00:00\",\"breadcrumb\":{\"@id\":\"https:\/\/www.oficinaempleo.com\/blog\/acabar-con-el-paro-juvenil-el-gran-reto-de-espana-y-la-ue\/#breadcrumb\"},\"inLanguage\":\"es\",\"potentialAction\":[{\"@type\":\"ReadAction\",\"target\":[\"https:\/\/www.oficinaempleo.com\/blog\/acabar-con-el-paro-juvenil-el-gran-reto-de-espana-y-la-ue\/\"]}]},{\"@type\":\"ImageObject\",\"inLanguage\":\"es\",\"@id\":\"https:\/\/www.oficinaempleo.com\/blog\/acabar-con-el-paro-juvenil-el-gran-reto-de-espana-y-la-ue\/#primaryimage\",\"url\":\"http:\/\/blog.oficinaempleo.com\/wp-content\/uploads\/2012\/02\/paro-juvenil.gif\",\"contentUrl\":\"http:\/\/blog.oficinaempleo.com\/wp-content\/uploads\/2012\/02\/paro-juvenil.gif\"},{\"@type\":\"BreadcrumbList\",\"@id\":\"https:\/\/www.oficinaempleo.com\/blog\/acabar-con-el-paro-juvenil-el-gran-reto-de-espana-y-la-ue\/#breadcrumb\",\"itemListElement\":[{\"@type\":\"ListItem\",\"position\":1,\"name\":\"Home\",\"item\":\"https:\/\/www.oficinaempleo.com\/blog\/\"},{\"@type\":\"ListItem\",\"position\":2,\"name\":\"Acabar con el paro juvenil: el gran reto de Espa\u00f1a y la UE\"}]},{\"@type\":\"WebSite\",\"@id\":\"https:\/\/www.oficinaempleo.com\/blog\/#website\",\"url\":\"https:\/\/www.oficinaempleo.com\/blog\/\",\"name\":\"Noticias y Consejos de Empleo | Blog OficinaEmpleo\",\"description\":\"\",\"publisher\":{\"@id\":\"https:\/\/www.oficinaempleo.com\/blog\/#organization\"},\"potentialAction\":[{\"@type\":\"SearchAction\",\"target\":{\"@type\":\"EntryPoint\",\"urlTemplate\":\"https:\/\/www.oficinaempleo.com\/blog\/?s={search_term_string}\"},\"query-input\":{\"@type\":\"PropertyValueSpecification\",\"valueRequired\":true,\"valueName\":\"search_term_string\"}}],\"inLanguage\":\"es\"},{\"@type\":\"Organization\",\"@id\":\"https:\/\/www.oficinaempleo.com\/blog\/#organization\",\"name\":\"OficinaEmpleo\",\"url\":\"https:\/\/www.oficinaempleo.com\/blog\/\",\"logo\":{\"@type\":\"ImageObject\",\"inLanguage\":\"es\",\"@id\":\"https:\/\/www.oficinaempleo.com\/blog\/#\/schema\/logo\/image\/\",\"url\":\"https:\/\/www.oficinaempleo.com\/blog\/wp-content\/uploads\/2018\/10\/logo_footer-1.jpg\",\"contentUrl\":\"https:\/\/www.oficinaempleo.com\/blog\/wp-content\/uploads\/2018\/10\/logo_footer-1.jpg\",\"width\":478,\"height\":57,\"caption\":\"OficinaEmpleo\"},\"image\":{\"@id\":\"https:\/\/www.oficinaempleo.com\/blog\/#\/schema\/logo\/image\/\"},\"sameAs\":[\"https:\/\/x.com\/OficinaEmpleo\"]},{\"@type\":\"Person\",\"@id\":\"https:\/\/www.oficinaempleo.com\/blog\/#\/schema\/person\/a7f3437f35bd6bd9ad19addae529a114\",\"name\":\"OficinaEmpleo\",\"image\":{\"@type\":\"ImageObject\",\"inLanguage\":\"es\",\"@id\":\"https:\/\/www.oficinaempleo.com\/blog\/#\/schema\/person\/image\/\",\"url\":\"https:\/\/secure.gravatar.com\/avatar\/ea822afb14d7439ba3051d652cf8f548fe540f184ce16a2135fc22c9337bd72e?s=96&d=mm&r=g\",\"contentUrl\":\"https:\/\/secure.gravatar.com\/avatar\/ea822afb14d7439ba3051d652cf8f548fe540f184ce16a2135fc22c9337bd72e?s=96&d=mm&r=g\",\"caption\":\"OficinaEmpleo\"},\"description\":\"En OficinaEmpleo queremos ayudarte a conseguir trabajo. Por eso, adem\u00e1s de ofrecerte ofertas de empleo en nuestro portal, te ense\u00f1amos las novedades del sector, y consejos para mejorar tu perfil.\",\"sameAs\":[\"http:\/\/www.oficinaempleo.com\/\",\"https:\/\/www.facebook.com\/OficinaEmpleo\",\"https:\/\/x.com\/OficinaEmpleo\"],\"url\":\"https:\/\/www.oficinaempleo.com\/blog\/author\/empleo\/\"}]}<\/script>\n<!-- \/ Yoast SEO plugin. -->","yoast_head_json":{"title":"Acabar con el paro juvenil: el gran reto de Espa\u00f1a y la UE - Blog OficinaEmpleo","robots":{"index":"index","follow":"follow","max-snippet":"max-snippet:-1","max-image-preview":"max-image-preview:large","max-video-preview":"max-video-preview:-1"},"canonical":"https:\/\/www.oficinaempleo.com\/blog\/acabar-con-el-paro-juvenil-el-gran-reto-de-espana-y-la-ue\/","og_locale":"es_ES","og_type":"article","og_title":"Acabar con el paro juvenil: el gran reto de Espa\u00f1a y la UE - Blog OficinaEmpleo","og_description":"La Comisi\u00f3n Europea ha pedido a Espa\u00f1a y a los pa\u00edses con m\u00e1s paro juvenil que integran la Uni\u00f3n Europea que preparen un grupo de trabajo para tratar de combatir el problema del desempleo juvenil. Esta petici\u00f3n se enmarca dentro de la cumbre extraordinaria de la Comisi\u00f3n Europea que se ha celebrado durante esta semana [&hellip;]","og_url":"https:\/\/www.oficinaempleo.com\/blog\/acabar-con-el-paro-juvenil-el-gran-reto-de-espana-y-la-ue\/","og_site_name":"Noticias y consejos de empleo | Blog OficinaEmpleo","article_author":"https:\/\/www.facebook.com\/OficinaEmpleo","article_published_time":"2012-02-01T11:02:34+00:00","article_modified_time":"2023-03-10T20:25:20+00:00","og_image":[{"url":"http:\/\/blog.oficinaempleo.com\/wp-content\/uploads\/2012\/02\/paro-juvenil.gif","type":"","width":"","height":""}],"author":"OficinaEmpleo","twitter_card":"summary_large_image","twitter_creator":"@OficinaEmpleo","twitter_site":"@OficinaEmpleo","twitter_misc":{"Written by":"OficinaEmpleo","Est. reading time":"2 minutos"},"schema":{"@context":"https:\/\/schema.org","@graph":[{"@type":"Article","@id":"https:\/\/www.oficinaempleo.com\/blog\/acabar-con-el-paro-juvenil-el-gran-reto-de-espana-y-la-ue\/#article","isPartOf":{"@id":"https:\/\/www.oficinaempleo.com\/blog\/acabar-con-el-paro-juvenil-el-gran-reto-de-espana-y-la-ue\/"},"author":{"name":"OficinaEmpleo","@id":"https:\/\/www.oficinaempleo.com\/blog\/#\/schema\/person\/a7f3437f35bd6bd9ad19addae529a114"},"headline":"Acabar con el paro juvenil: el gran reto de Espa\u00f1a y la UE","datePublished":"2012-02-01T11:02:34+00:00","dateModified":"2023-03-10T20:25:20+00:00","mainEntityOfPage":{"@id":"https:\/\/www.oficinaempleo.com\/blog\/acabar-con-el-paro-juvenil-el-gran-reto-de-espana-y-la-ue\/"},"wordCount":385,"commentCount":1,"publisher":{"@id":"https:\/\/www.oficinaempleo.com\/blog\/#organization"},"image":{"@id":"https:\/\/www.oficinaempleo.com\/blog\/acabar-con-el-paro-juvenil-el-gran-reto-de-espana-y-la-ue\/#primaryimage"},"thumbnailUrl":"http:\/\/blog.oficinaempleo.com\/wp-content\/uploads\/2012\/02\/paro-juvenil.gif","keywords":["ayudas paro juvenil","buscar trabajo","b\u00fasqueda de empleo","desempleo juvenil","paro juvenil"],"articleSection":["Noticias Empleo"],"inLanguage":"es","potentialAction":[{"@type":"CommentAction","name":"Comment","target":["https:\/\/www.oficinaempleo.com\/blog\/acabar-con-el-paro-juvenil-el-gran-reto-de-espana-y-la-ue\/#respond"]}]},{"@type":"WebPage","@id":"https:\/\/www.oficinaempleo.com\/blog\/acabar-con-el-paro-juvenil-el-gran-reto-de-espana-y-la-ue\/","url":"https:\/\/www.oficinaempleo.com\/blog\/acabar-con-el-paro-juvenil-el-gran-reto-de-espana-y-la-ue\/","name":"Acabar con el paro juvenil: el gran reto de Espa\u00f1a y la UE - Blog OficinaEmpleo","isPartOf":{"@id":"https:\/\/www.oficinaempleo.com\/blog\/#website"},"primaryImageOfPage":{"@id":"https:\/\/www.oficinaempleo.com\/blog\/acabar-con-el-paro-juvenil-el-gran-reto-de-espana-y-la-ue\/#primaryimage"},"image":{"@id":"https:\/\/www.oficinaempleo.com\/blog\/acabar-con-el-paro-juvenil-el-gran-reto-de-espana-y-la-ue\/#primaryimage"},"thumbnailUrl":"http:\/\/blog.oficinaempleo.com\/wp-content\/uploads\/2012\/02\/paro-juvenil.gif","datePublished":"2012-02-01T11:02:34+00:00","dateModified":"2023-03-10T20:25:20+00:00","breadcrumb":{"@id":"https:\/\/www.oficinaempleo.com\/blog\/acabar-con-el-paro-juvenil-el-gran-reto-de-espana-y-la-ue\/#breadcrumb"},"inLanguage":"es","potentialAction":[{"@type":"ReadAction","target":["https:\/\/www.oficinaempleo.com\/blog\/acabar-con-el-paro-juvenil-el-gran-reto-de-espana-y-la-ue\/"]}]},{"@type":"ImageObject","inLanguage":"es","@id":"https:\/\/www.oficinaempleo.com\/blog\/acabar-con-el-paro-juvenil-el-gran-reto-de-espana-y-la-ue\/#primaryimage","url":"http:\/\/blog.oficinaempleo.com\/wp-content\/uploads\/2012\/02\/paro-juvenil.gif","contentUrl":"http:\/\/blog.oficinaempleo.com\/wp-content\/uploads\/2012\/02\/paro-juvenil.gif"},{"@type":"BreadcrumbList","@id":"https:\/\/www.oficinaempleo.com\/blog\/acabar-con-el-paro-juvenil-el-gran-reto-de-espana-y-la-ue\/#breadcrumb","itemListElement":[{"@type":"ListItem","position":1,"name":"Home","item":"https:\/\/www.oficinaempleo.com\/blog\/"},{"@type":"ListItem","position":2,"name":"Acabar con el paro juvenil: el gran reto de Espa\u00f1a y la UE"}]},{"@type":"WebSite","@id":"https:\/\/www.oficinaempleo.com\/blog\/#website","url":"https:\/\/www.oficinaempleo.com\/blog\/","name":"Noticias y Consejos de Empleo | Blog OficinaEmpleo","description":"","publisher":{"@id":"https:\/\/www.oficinaempleo.com\/blog\/#organization"},"potentialAction":[{"@type":"SearchAction","target":{"@type":"EntryPoint","urlTemplate":"https:\/\/www.oficinaempleo.com\/blog\/?s={search_term_string}"},"query-input":{"@type":"PropertyValueSpecification","valueRequired":true,"valueName":"search_term_string"}}],"inLanguage":"es"},{"@type":"Organization","@id":"https:\/\/www.oficinaempleo.com\/blog\/#organization","name":"OficinaEmpleo","url":"https:\/\/www.oficinaempleo.com\/blog\/","logo":{"@type":"ImageObject","inLanguage":"es","@id":"https:\/\/www.oficinaempleo.com\/blog\/#\/schema\/logo\/image\/","url":"https:\/\/www.oficinaempleo.com\/blog\/wp-content\/uploads\/2018\/10\/logo_footer-1.jpg","contentUrl":"https:\/\/www.oficinaempleo.com\/blog\/wp-content\/uploads\/2018\/10\/logo_footer-1.jpg","width":478,"height":57,"caption":"OficinaEmpleo"},"image":{"@id":"https:\/\/www.oficinaempleo.com\/blog\/#\/schema\/logo\/image\/"},"sameAs":["https:\/\/x.com\/OficinaEmpleo"]},{"@type":"Person","@id":"https:\/\/www.oficinaempleo.com\/blog\/#\/schema\/person\/a7f3437f35bd6bd9ad19addae529a114","name":"OficinaEmpleo","image":{"@type":"ImageObject","inLanguage":"es","@id":"https:\/\/www.oficinaempleo.com\/blog\/#\/schema\/person\/image\/","url":"https:\/\/secure.gravatar.com\/avatar\/ea822afb14d7439ba3051d652cf8f548fe540f184ce16a2135fc22c9337bd72e?s=96&d=mm&r=g","contentUrl":"https:\/\/secure.gravatar.com\/avatar\/ea822afb14d7439ba3051d652cf8f548fe540f184ce16a2135fc22c9337bd72e?s=96&d=mm&r=g","caption":"OficinaEmpleo"},"description":"En OficinaEmpleo queremos ayudarte a conseguir trabajo. Por eso, adem\u00e1s de ofrecerte ofertas de empleo en nuestro portal, te ense\u00f1amos las novedades del sector, y consejos para mejorar tu perfil.","sameAs":["http:\/\/www.oficinaempleo.com\/","https:\/\/www.facebook.com\/OficinaEmpleo","https:\/\/x.com\/OficinaEmpleo"],"url":"https:\/\/www.oficinaempleo.com\/blog\/author\/empleo\/"}]}},"_links":{"self":[{"href":"https:\/\/www.oficinaempleo.com\/blog\/wp-json\/wp\/v2\/posts\/634","targetHints":{"allow":["GET"]}}],"collection":[{"href":"https:\/\/www.oficinaempleo.com\/blog\/wp-json\/wp\/v2\/posts"}],"about":[{"href":"https:\/\/www.oficinaempleo.com\/blog\/wp-json\/wp\/v2\/types\/post"}],"author":[{"embeddable":true,"href":"https:\/\/www.oficinaempleo.com\/blog\/wp-json\/wp\/v2\/users\/2"}],"replies":[{"embeddable":true,"href":"https:\/\/www.oficinaempleo.com\/blog\/wp-json\/wp\/v2\/comments?post=634"}],"version-history":[{"count":1,"href":"https:\/\/www.oficinaempleo.com\/blog\/wp-json\/wp\/v2\/posts\/634\/revisions"}],"predecessor-version":[{"id":32322,"href":"https:\/\/www.oficinaempleo.com\/blog\/wp-json\/wp\/v2\/posts\/634\/revisions\/32322"}],"wp:attachment":[{"href":"https:\/\/www.oficinaempleo.com\/blog\/wp-json\/wp\/v2\/media?parent=634"}],"wp:term":[{"taxonomy":"category","embeddable":true,"href":"https:\/\/www.oficinaempleo.com\/blog\/wp-json\/wp\/v2\/categories?post=634"},{"taxonomy":"post_tag","embeddable":true,"href":"https:\/\/www.oficinaempleo.com\/blog\/wp-json\/wp\/v2\/tags?post=634"}],"curies":[{"name":"wp","href":"https:\/\/api.w.org\/{rel}","templated":true}]}}