{"id":6707,"date":"2024-08-14T09:15:49","date_gmt":"2024-08-14T08:15:49","guid":{"rendered":"http:\/\/www.oficinaempleo.com\/blog\/?p=6707"},"modified":"2024-08-14T09:32:10","modified_gmt":"2024-08-14T08:32:10","slug":"5-pasos-para-salir-de-tu-zona-de-confort","status":"publish","type":"post","link":"https:\/\/www.oficinaempleo.com\/blog\/5-pasos-para-salir-de-tu-zona-de-confort\/","title":{"rendered":"5 pasos para salir de tu zona de confort"},"content":{"rendered":"<p>La <strong>zona de confort<\/strong> <strong>es aquella en la que nos sentimos seguros y donde tenemos todo bajo control<\/strong>. \u00bfEso es bueno? S\u00ed y no. S\u00ed porque todos necesitamos encontrar nuestro refugio en m\u00e1s o menos momentos de nuestra vida. Y no porque si nos acostumbramos a quedarnos en la zona de confort estaremos evitando la posibilidad de desarrollarnos en lo personal y de mejorar en lo profesional.<\/p>\n<p><img loading=\"lazy\" decoding=\"async\" class=\"alignnone size-full wp-image-6708\" src=\"http:\/\/www.oficinaempleo.com\/blog\/wp-content\/uploads\/2015\/07\/zona-confort.jpg\" alt=\"zona-confort\" width=\"590\" height=\"315\" srcset=\"https:\/\/www.oficinaempleo.com\/blog\/wp-content\/uploads\/2015\/07\/zona-confort.jpg 590w, https:\/\/www.oficinaempleo.com\/blog\/wp-content\/uploads\/2015\/07\/zona-confort-300x160.jpg 300w, https:\/\/www.oficinaempleo.com\/blog\/wp-content\/uploads\/2015\/07\/zona-confort-280x150.jpg 280w\" sizes=\"auto, (max-width: 590px) 100vw, 590px\" \/><\/p>\n<p>Para <strong>salir de esa <a href=\"https:\/\/es.wikipedia.org\/wiki\/Zona_de_confort\" target=\"_blank\" rel=\"noopener\">zona de confort<\/a><\/strong>, te recomendamos que sigas estos <strong>5 pasos<\/strong>:<\/p>\n<ol>\n<li><strong>Delimita tu zona<\/strong>. El primer paso es saber hasta d\u00f3nde llega esa zona en nosotros mismos. Piensa en las cosas que dejas de hacer por <a href=\"https:\/\/www.oficinaempleo.com\/blog\/consejos-para-superar-tu-miedo-hablar-en-publico\/\">miedo<\/a>, inseguridad o simplemente porque no sabes si eres capaz de hacerlas o no y ord\u00e9nalas una lista.<\/li>\n<li><strong>Elige una tarea de esa lista y hazla<\/strong>. Si te <strong>demuestras a ti mismo\/a que eres capaz<\/strong> de afrontar algo que antes te daba miedo, te dar\u00e1s cuenta de que tambi\u00e9n podr\u00e1s hacer las dem\u00e1s cosas que antes no quer\u00edas hacer.<\/li>\n<li><strong>\u201c\u00bfQu\u00e9 es lo peor que me puede pasar?\u201d<\/strong>. Hacerte esta pregunta te servir\u00e1 para darte cuenta de que muchos de tus miedos son infundados. <strong>Relativizar los riesgos te ayudar\u00e1 a tomar impulso y a hacerte m\u00e1s fuerte<\/strong>.<\/li>\n<li><strong>La importancia del refuerzo<\/strong>. Aprende a hacer las cosas para tu <strong>satisfacci\u00f3n personal<\/strong> <strong>y no para obtener el <a href=\"https:\/\/www.oficinaempleo.com\/blog\/la-importancia-del-reconocimiento-laboral\/\">reconocimiento<\/a> de los dem\u00e1s.<\/strong> S\u00f3lo por el hecho de querer hacer un cambio en tu vida que antes te impon\u00eda respeto, por peque\u00f1o que sea, ya es suficiente para que t\u00fa mismo\/a te valores. Utiliza el refuerzo positivo.<\/li>\n<li><strong>No vuelvas a la comodidad<\/strong>. Cuando salgas de la zona de confort, que lo har\u00e1s antes o despu\u00e9s,<strong> no mires hacia atr\u00e1s<\/strong>. Si vuelves esa zona donde evitas hacer las cosas que se escapan a tu control echar\u00e1s por tierra todo el trabajo y todo el esfuerzo que has realizado antes.<\/li>\n<\/ol>\n<div class=\"su-button-center\"><a href=\"https:\/\/jobs.oficinaempleo.com\/registro?origen=ORG-web&#038;utm_source=OE&#038;utm_medium=boton_registro&#038;utm_content=homepage&#038;utm_campaign=organic\" class=\"su-button su-button-style-flat\" style=\"color:#FFFFFF;background-color:#ec7d0c;border-color:#bd640a;border-radius:10px\" target=\"__blank\"><span style=\"color:#FFFFFF;padding:8px 26px;font-size:20px;line-height:30px;border-color:#f2a455;border-radius:10px;text-shadow:none\"><i class=\"sui sui-arrow-circle-right\" style=\"font-size:20px;color:#FFFFFF\"><\/i> Reg\u00edstrate para no perderte ninguna oferta de empleo<\/span><\/a><\/div><div class=\"su-spacer\" style=\"height:30px\"><\/div>\n","protected":false},"excerpt":{"rendered":"<p>\u00bfEvitas hacer las cosas que no dominas? Te decimos c\u00f3mo superar tus miedos<\/p>\n","protected":false},"author":2,"featured_media":6708,"comment_status":"open","ping_status":"open","sticky":false,"template":"","format":"standard","meta":{"footnotes":""},"categories":[691,12,1756,690],"tags":[1992,775,1991,1990],"class_list":["post-6707","post","type-post","status-publish","format-standard","has-post-thumbnail","hentry","category-actualidad-empleo","category-consejos-y-recursos","category-motivacion","category-psicologia-empleo","tag-como-salir-de-la-zona-de-confort","tag-psicologia","tag-psicologia-laboral","tag-zona-de-confort","cat-691-id","cat-12-id","cat-1756-id","cat-690-id","has_thumb"],"yoast_head":"<!-- This site is optimized with the Yoast SEO plugin v27.1.1 - https:\/\/yoast.com\/product\/yoast-seo-wordpress\/ -->\n<title>5 pasos para salir de tu zona de confort - Blog OficinaEmpleo<\/title>\n<meta name=\"description\" content=\"Descubre c\u00f3mo salir de tu zona de confort en 5 pasos efectivos. Supera los l\u00edmites, crece y alcanza tu m\u00e1ximo potencial. \u00a1Toma nota!\" \/>\n<meta name=\"robots\" content=\"index, follow, max-snippet:-1, max-image-preview:large, max-video-preview:-1\" \/>\n<link rel=\"canonical\" href=\"https:\/\/www.oficinaempleo.com\/blog\/5-pasos-para-salir-de-tu-zona-de-confort\/\" \/>\n<meta property=\"og:locale\" content=\"es_ES\" \/>\n<meta property=\"og:type\" content=\"article\" \/>\n<meta property=\"og:title\" content=\"5 pasos para salir de tu zona de confort - Blog OficinaEmpleo\" \/>\n<meta property=\"og:description\" content=\"Descubre c\u00f3mo salir de tu zona de confort en 5 pasos efectivos. Supera los l\u00edmites, crece y alcanza tu m\u00e1ximo potencial. \u00a1Toma nota!\" \/>\n<meta property=\"og:url\" content=\"https:\/\/www.oficinaempleo.com\/blog\/5-pasos-para-salir-de-tu-zona-de-confort\/\" \/>\n<meta property=\"og:site_name\" content=\"Noticias y consejos de empleo | Blog OficinaEmpleo\" \/>\n<meta property=\"article:author\" content=\"https:\/\/www.facebook.com\/OficinaEmpleo\" \/>\n<meta property=\"article:published_time\" content=\"2024-08-14T08:15:49+00:00\" \/>\n<meta property=\"article:modified_time\" content=\"2024-08-14T08:32:10+00:00\" \/>\n<meta property=\"og:image\" content=\"https:\/\/www.oficinaempleo.com\/blog\/wp-content\/uploads\/2015\/07\/zona-confort.jpg\" \/>\n\t<meta property=\"og:image:width\" content=\"590\" \/>\n\t<meta property=\"og:image:height\" content=\"315\" \/>\n\t<meta property=\"og:image:type\" content=\"image\/jpeg\" \/>\n<meta name=\"author\" content=\"OficinaEmpleo\" \/>\n<meta name=\"twitter:card\" content=\"summary_large_image\" \/>\n<meta name=\"twitter:creator\" content=\"@OficinaEmpleo\" \/>\n<meta name=\"twitter:site\" content=\"@OficinaEmpleo\" \/>\n<meta name=\"twitter:label1\" content=\"Written by\" \/>\n\t<meta name=\"twitter:data1\" content=\"OficinaEmpleo\" \/>\n\t<meta name=\"twitter:label2\" content=\"Est. reading time\" \/>\n\t<meta name=\"twitter:data2\" content=\"2 minutos\" \/>\n<script type=\"application\/ld+json\" class=\"yoast-schema-graph\">{\"@context\":\"https:\/\/schema.org\",\"@graph\":[{\"@type\":\"Article\",\"@id\":\"https:\/\/www.oficinaempleo.com\/blog\/5-pasos-para-salir-de-tu-zona-de-confort\/#article\",\"isPartOf\":{\"@id\":\"https:\/\/www.oficinaempleo.com\/blog\/5-pasos-para-salir-de-tu-zona-de-confort\/\"},\"author\":{\"name\":\"OficinaEmpleo\",\"@id\":\"https:\/\/www.oficinaempleo.com\/blog\/#\/schema\/person\/a7f3437f35bd6bd9ad19addae529a114\"},\"headline\":\"5 pasos para salir de tu zona de confort\",\"datePublished\":\"2024-08-14T08:15:49+00:00\",\"dateModified\":\"2024-08-14T08:32:10+00:00\",\"mainEntityOfPage\":{\"@id\":\"https:\/\/www.oficinaempleo.com\/blog\/5-pasos-para-salir-de-tu-zona-de-confort\/\"},\"wordCount\":375,\"commentCount\":1,\"publisher\":{\"@id\":\"https:\/\/www.oficinaempleo.com\/blog\/#organization\"},\"image\":{\"@id\":\"https:\/\/www.oficinaempleo.com\/blog\/5-pasos-para-salir-de-tu-zona-de-confort\/#primaryimage\"},\"thumbnailUrl\":\"https:\/\/www.oficinaempleo.com\/blog\/wp-content\/uploads\/2015\/07\/zona-confort.jpg\",\"keywords\":[\"c\u00f3mo salir de la zona de confort\",\"psicolog\u00eda\",\"psicolog\u00eda laboral\",\"zona de confort\"],\"articleSection\":[\"Actualidad\",\"Consejos y Recursos\",\"Motivaci\u00f3n\",\"Psicolog\u00eda\"],\"inLanguage\":\"es\",\"potentialAction\":[{\"@type\":\"CommentAction\",\"name\":\"Comment\",\"target\":[\"https:\/\/www.oficinaempleo.com\/blog\/5-pasos-para-salir-de-tu-zona-de-confort\/#respond\"]}]},{\"@type\":\"WebPage\",\"@id\":\"https:\/\/www.oficinaempleo.com\/blog\/5-pasos-para-salir-de-tu-zona-de-confort\/\",\"url\":\"https:\/\/www.oficinaempleo.com\/blog\/5-pasos-para-salir-de-tu-zona-de-confort\/\",\"name\":\"5 pasos para salir de tu zona de confort - Blog OficinaEmpleo\",\"isPartOf\":{\"@id\":\"https:\/\/www.oficinaempleo.com\/blog\/#website\"},\"primaryImageOfPage\":{\"@id\":\"https:\/\/www.oficinaempleo.com\/blog\/5-pasos-para-salir-de-tu-zona-de-confort\/#primaryimage\"},\"image\":{\"@id\":\"https:\/\/www.oficinaempleo.com\/blog\/5-pasos-para-salir-de-tu-zona-de-confort\/#primaryimage\"},\"thumbnailUrl\":\"https:\/\/www.oficinaempleo.com\/blog\/wp-content\/uploads\/2015\/07\/zona-confort.jpg\",\"datePublished\":\"2024-08-14T08:15:49+00:00\",\"dateModified\":\"2024-08-14T08:32:10+00:00\",\"description\":\"Descubre c\u00f3mo salir de tu zona de confort en 5 pasos efectivos. Supera los l\u00edmites, crece y alcanza tu m\u00e1ximo potencial. \u00a1Toma nota!\",\"breadcrumb\":{\"@id\":\"https:\/\/www.oficinaempleo.com\/blog\/5-pasos-para-salir-de-tu-zona-de-confort\/#breadcrumb\"},\"inLanguage\":\"es\",\"potentialAction\":[{\"@type\":\"ReadAction\",\"target\":[\"https:\/\/www.oficinaempleo.com\/blog\/5-pasos-para-salir-de-tu-zona-de-confort\/\"]}]},{\"@type\":\"ImageObject\",\"inLanguage\":\"es\",\"@id\":\"https:\/\/www.oficinaempleo.com\/blog\/5-pasos-para-salir-de-tu-zona-de-confort\/#primaryimage\",\"url\":\"https:\/\/www.oficinaempleo.com\/blog\/wp-content\/uploads\/2015\/07\/zona-confort.jpg\",\"contentUrl\":\"https:\/\/www.oficinaempleo.com\/blog\/wp-content\/uploads\/2015\/07\/zona-confort.jpg\",\"width\":590,\"height\":315,\"caption\":\"pasos para salir de tu zona de confort\"},{\"@type\":\"BreadcrumbList\",\"@id\":\"https:\/\/www.oficinaempleo.com\/blog\/5-pasos-para-salir-de-tu-zona-de-confort\/#breadcrumb\",\"itemListElement\":[{\"@type\":\"ListItem\",\"position\":1,\"name\":\"Home\",\"item\":\"https:\/\/www.oficinaempleo.com\/blog\/\"},{\"@type\":\"ListItem\",\"position\":2,\"name\":\"5 pasos para salir de tu zona de confort\"}]},{\"@type\":\"WebSite\",\"@id\":\"https:\/\/www.oficinaempleo.com\/blog\/#website\",\"url\":\"https:\/\/www.oficinaempleo.com\/blog\/\",\"name\":\"Noticias y Consejos de Empleo | Blog OficinaEmpleo\",\"description\":\"\",\"publisher\":{\"@id\":\"https:\/\/www.oficinaempleo.com\/blog\/#organization\"},\"potentialAction\":[{\"@type\":\"SearchAction\",\"target\":{\"@type\":\"EntryPoint\",\"urlTemplate\":\"https:\/\/www.oficinaempleo.com\/blog\/?s={search_term_string}\"},\"query-input\":{\"@type\":\"PropertyValueSpecification\",\"valueRequired\":true,\"valueName\":\"search_term_string\"}}],\"inLanguage\":\"es\"},{\"@type\":\"Organization\",\"@id\":\"https:\/\/www.oficinaempleo.com\/blog\/#organization\",\"name\":\"OficinaEmpleo\",\"url\":\"https:\/\/www.oficinaempleo.com\/blog\/\",\"logo\":{\"@type\":\"ImageObject\",\"inLanguage\":\"es\",\"@id\":\"https:\/\/www.oficinaempleo.com\/blog\/#\/schema\/logo\/image\/\",\"url\":\"https:\/\/www.oficinaempleo.com\/blog\/wp-content\/uploads\/2018\/10\/logo_footer-1.jpg\",\"contentUrl\":\"https:\/\/www.oficinaempleo.com\/blog\/wp-content\/uploads\/2018\/10\/logo_footer-1.jpg\",\"width\":478,\"height\":57,\"caption\":\"OficinaEmpleo\"},\"image\":{\"@id\":\"https:\/\/www.oficinaempleo.com\/blog\/#\/schema\/logo\/image\/\"},\"sameAs\":[\"https:\/\/x.com\/OficinaEmpleo\"]},{\"@type\":\"Person\",\"@id\":\"https:\/\/www.oficinaempleo.com\/blog\/#\/schema\/person\/a7f3437f35bd6bd9ad19addae529a114\",\"name\":\"OficinaEmpleo\",\"image\":{\"@type\":\"ImageObject\",\"inLanguage\":\"es\",\"@id\":\"https:\/\/www.oficinaempleo.com\/blog\/#\/schema\/person\/image\/\",\"url\":\"https:\/\/secure.gravatar.com\/avatar\/ea822afb14d7439ba3051d652cf8f548fe540f184ce16a2135fc22c9337bd72e?s=96&d=mm&r=g\",\"contentUrl\":\"https:\/\/secure.gravatar.com\/avatar\/ea822afb14d7439ba3051d652cf8f548fe540f184ce16a2135fc22c9337bd72e?s=96&d=mm&r=g\",\"caption\":\"OficinaEmpleo\"},\"description\":\"En OficinaEmpleo queremos ayudarte a conseguir trabajo. Por eso, adem\u00e1s de ofrecerte ofertas de empleo en nuestro portal, te ense\u00f1amos las novedades del sector, y consejos para mejorar tu perfil.\",\"sameAs\":[\"http:\/\/www.oficinaempleo.com\/\",\"https:\/\/www.facebook.com\/OficinaEmpleo\",\"https:\/\/x.com\/OficinaEmpleo\"],\"url\":\"https:\/\/www.oficinaempleo.com\/blog\/author\/empleo\/\"}]}<\/script>\n<!-- \/ Yoast SEO plugin. -->","yoast_head_json":{"title":"5 pasos para salir de tu zona de confort - Blog OficinaEmpleo","description":"Descubre c\u00f3mo salir de tu zona de confort en 5 pasos efectivos. Supera los l\u00edmites, crece y alcanza tu m\u00e1ximo potencial. \u00a1Toma nota!","robots":{"index":"index","follow":"follow","max-snippet":"max-snippet:-1","max-image-preview":"max-image-preview:large","max-video-preview":"max-video-preview:-1"},"canonical":"https:\/\/www.oficinaempleo.com\/blog\/5-pasos-para-salir-de-tu-zona-de-confort\/","og_locale":"es_ES","og_type":"article","og_title":"5 pasos para salir de tu zona de confort - Blog OficinaEmpleo","og_description":"Descubre c\u00f3mo salir de tu zona de confort en 5 pasos efectivos. Supera los l\u00edmites, crece y alcanza tu m\u00e1ximo potencial. \u00a1Toma nota!","og_url":"https:\/\/www.oficinaempleo.com\/blog\/5-pasos-para-salir-de-tu-zona-de-confort\/","og_site_name":"Noticias y consejos de empleo | Blog OficinaEmpleo","article_author":"https:\/\/www.facebook.com\/OficinaEmpleo","article_published_time":"2024-08-14T08:15:49+00:00","article_modified_time":"2024-08-14T08:32:10+00:00","og_image":[{"width":590,"height":315,"url":"https:\/\/www.oficinaempleo.com\/blog\/wp-content\/uploads\/2015\/07\/zona-confort.jpg","type":"image\/jpeg"}],"author":"OficinaEmpleo","twitter_card":"summary_large_image","twitter_creator":"@OficinaEmpleo","twitter_site":"@OficinaEmpleo","twitter_misc":{"Written by":"OficinaEmpleo","Est. reading time":"2 minutos"},"schema":{"@context":"https:\/\/schema.org","@graph":[{"@type":"Article","@id":"https:\/\/www.oficinaempleo.com\/blog\/5-pasos-para-salir-de-tu-zona-de-confort\/#article","isPartOf":{"@id":"https:\/\/www.oficinaempleo.com\/blog\/5-pasos-para-salir-de-tu-zona-de-confort\/"},"author":{"name":"OficinaEmpleo","@id":"https:\/\/www.oficinaempleo.com\/blog\/#\/schema\/person\/a7f3437f35bd6bd9ad19addae529a114"},"headline":"5 pasos para salir de tu zona de confort","datePublished":"2024-08-14T08:15:49+00:00","dateModified":"2024-08-14T08:32:10+00:00","mainEntityOfPage":{"@id":"https:\/\/www.oficinaempleo.com\/blog\/5-pasos-para-salir-de-tu-zona-de-confort\/"},"wordCount":375,"commentCount":1,"publisher":{"@id":"https:\/\/www.oficinaempleo.com\/blog\/#organization"},"image":{"@id":"https:\/\/www.oficinaempleo.com\/blog\/5-pasos-para-salir-de-tu-zona-de-confort\/#primaryimage"},"thumbnailUrl":"https:\/\/www.oficinaempleo.com\/blog\/wp-content\/uploads\/2015\/07\/zona-confort.jpg","keywords":["c\u00f3mo salir de la zona de confort","psicolog\u00eda","psicolog\u00eda laboral","zona de confort"],"articleSection":["Actualidad","Consejos y Recursos","Motivaci\u00f3n","Psicolog\u00eda"],"inLanguage":"es","potentialAction":[{"@type":"CommentAction","name":"Comment","target":["https:\/\/www.oficinaempleo.com\/blog\/5-pasos-para-salir-de-tu-zona-de-confort\/#respond"]}]},{"@type":"WebPage","@id":"https:\/\/www.oficinaempleo.com\/blog\/5-pasos-para-salir-de-tu-zona-de-confort\/","url":"https:\/\/www.oficinaempleo.com\/blog\/5-pasos-para-salir-de-tu-zona-de-confort\/","name":"5 pasos para salir de tu zona de confort - Blog OficinaEmpleo","isPartOf":{"@id":"https:\/\/www.oficinaempleo.com\/blog\/#website"},"primaryImageOfPage":{"@id":"https:\/\/www.oficinaempleo.com\/blog\/5-pasos-para-salir-de-tu-zona-de-confort\/#primaryimage"},"image":{"@id":"https:\/\/www.oficinaempleo.com\/blog\/5-pasos-para-salir-de-tu-zona-de-confort\/#primaryimage"},"thumbnailUrl":"https:\/\/www.oficinaempleo.com\/blog\/wp-content\/uploads\/2015\/07\/zona-confort.jpg","datePublished":"2024-08-14T08:15:49+00:00","dateModified":"2024-08-14T08:32:10+00:00","description":"Descubre c\u00f3mo salir de tu zona de confort en 5 pasos efectivos. Supera los l\u00edmites, crece y alcanza tu m\u00e1ximo potencial. \u00a1Toma nota!","breadcrumb":{"@id":"https:\/\/www.oficinaempleo.com\/blog\/5-pasos-para-salir-de-tu-zona-de-confort\/#breadcrumb"},"inLanguage":"es","potentialAction":[{"@type":"ReadAction","target":["https:\/\/www.oficinaempleo.com\/blog\/5-pasos-para-salir-de-tu-zona-de-confort\/"]}]},{"@type":"ImageObject","inLanguage":"es","@id":"https:\/\/www.oficinaempleo.com\/blog\/5-pasos-para-salir-de-tu-zona-de-confort\/#primaryimage","url":"https:\/\/www.oficinaempleo.com\/blog\/wp-content\/uploads\/2015\/07\/zona-confort.jpg","contentUrl":"https:\/\/www.oficinaempleo.com\/blog\/wp-content\/uploads\/2015\/07\/zona-confort.jpg","width":590,"height":315,"caption":"pasos para salir de tu zona de confort"},{"@type":"BreadcrumbList","@id":"https:\/\/www.oficinaempleo.com\/blog\/5-pasos-para-salir-de-tu-zona-de-confort\/#breadcrumb","itemListElement":[{"@type":"ListItem","position":1,"name":"Home","item":"https:\/\/www.oficinaempleo.com\/blog\/"},{"@type":"ListItem","position":2,"name":"5 pasos para salir de tu zona de confort"}]},{"@type":"WebSite","@id":"https:\/\/www.oficinaempleo.com\/blog\/#website","url":"https:\/\/www.oficinaempleo.com\/blog\/","name":"Noticias y Consejos de Empleo | Blog OficinaEmpleo","description":"","publisher":{"@id":"https:\/\/www.oficinaempleo.com\/blog\/#organization"},"potentialAction":[{"@type":"SearchAction","target":{"@type":"EntryPoint","urlTemplate":"https:\/\/www.oficinaempleo.com\/blog\/?s={search_term_string}"},"query-input":{"@type":"PropertyValueSpecification","valueRequired":true,"valueName":"search_term_string"}}],"inLanguage":"es"},{"@type":"Organization","@id":"https:\/\/www.oficinaempleo.com\/blog\/#organization","name":"OficinaEmpleo","url":"https:\/\/www.oficinaempleo.com\/blog\/","logo":{"@type":"ImageObject","inLanguage":"es","@id":"https:\/\/www.oficinaempleo.com\/blog\/#\/schema\/logo\/image\/","url":"https:\/\/www.oficinaempleo.com\/blog\/wp-content\/uploads\/2018\/10\/logo_footer-1.jpg","contentUrl":"https:\/\/www.oficinaempleo.com\/blog\/wp-content\/uploads\/2018\/10\/logo_footer-1.jpg","width":478,"height":57,"caption":"OficinaEmpleo"},"image":{"@id":"https:\/\/www.oficinaempleo.com\/blog\/#\/schema\/logo\/image\/"},"sameAs":["https:\/\/x.com\/OficinaEmpleo"]},{"@type":"Person","@id":"https:\/\/www.oficinaempleo.com\/blog\/#\/schema\/person\/a7f3437f35bd6bd9ad19addae529a114","name":"OficinaEmpleo","image":{"@type":"ImageObject","inLanguage":"es","@id":"https:\/\/www.oficinaempleo.com\/blog\/#\/schema\/person\/image\/","url":"https:\/\/secure.gravatar.com\/avatar\/ea822afb14d7439ba3051d652cf8f548fe540f184ce16a2135fc22c9337bd72e?s=96&d=mm&r=g","contentUrl":"https:\/\/secure.gravatar.com\/avatar\/ea822afb14d7439ba3051d652cf8f548fe540f184ce16a2135fc22c9337bd72e?s=96&d=mm&r=g","caption":"OficinaEmpleo"},"description":"En OficinaEmpleo queremos ayudarte a conseguir trabajo. Por eso, adem\u00e1s de ofrecerte ofertas de empleo en nuestro portal, te ense\u00f1amos las novedades del sector, y consejos para mejorar tu perfil.","sameAs":["http:\/\/www.oficinaempleo.com\/","https:\/\/www.facebook.com\/OficinaEmpleo","https:\/\/x.com\/OficinaEmpleo"],"url":"https:\/\/www.oficinaempleo.com\/blog\/author\/empleo\/"}]}},"_links":{"self":[{"href":"https:\/\/www.oficinaempleo.com\/blog\/wp-json\/wp\/v2\/posts\/6707","targetHints":{"allow":["GET"]}}],"collection":[{"href":"https:\/\/www.oficinaempleo.com\/blog\/wp-json\/wp\/v2\/posts"}],"about":[{"href":"https:\/\/www.oficinaempleo.com\/blog\/wp-json\/wp\/v2\/types\/post"}],"author":[{"embeddable":true,"href":"https:\/\/www.oficinaempleo.com\/blog\/wp-json\/wp\/v2\/users\/2"}],"replies":[{"embeddable":true,"href":"https:\/\/www.oficinaempleo.com\/blog\/wp-json\/wp\/v2\/comments?post=6707"}],"version-history":[{"count":3,"href":"https:\/\/www.oficinaempleo.com\/blog\/wp-json\/wp\/v2\/posts\/6707\/revisions"}],"predecessor-version":[{"id":34869,"href":"https:\/\/www.oficinaempleo.com\/blog\/wp-json\/wp\/v2\/posts\/6707\/revisions\/34869"}],"wp:featuredmedia":[{"embeddable":true,"href":"https:\/\/www.oficinaempleo.com\/blog\/wp-json\/wp\/v2\/media\/6708"}],"wp:attachment":[{"href":"https:\/\/www.oficinaempleo.com\/blog\/wp-json\/wp\/v2\/media?parent=6707"}],"wp:term":[{"taxonomy":"category","embeddable":true,"href":"https:\/\/www.oficinaempleo.com\/blog\/wp-json\/wp\/v2\/categories?post=6707"},{"taxonomy":"post_tag","embeddable":true,"href":"https:\/\/www.oficinaempleo.com\/blog\/wp-json\/wp\/v2\/tags?post=6707"}],"curies":[{"name":"wp","href":"https:\/\/api.w.org\/{rel}","templated":true}]}}