{"id":72,"date":"2024-03-27T09:30:13","date_gmt":"2024-03-27T08:30:13","guid":{"rendered":"http:\/\/blog.oficinaempleo.com\/?p=72"},"modified":"2024-03-27T10:53:27","modified_gmt":"2024-03-27T09:53:27","slug":"como-vestir-para-una-entrevista","status":"publish","type":"post","link":"https:\/\/www.oficinaempleo.com\/blog\/como-vestir-para-una-entrevista\/","title":{"rendered":"C\u00f3mo vestir para una entrevista"},"content":{"rendered":"<p style=\"text-align: left;\"><div class=\"su-button-center\"><a href=\"https:\/\/jobs.oficinaempleo.com\/registro?origen=ORG-web&#038;utm_source=OE&#038;utm_medium=boton_registro&#038;utm_content=homepage&#038;utm_campaign=organic\" class=\"su-button su-button-style-flat\" style=\"color:#FFFFFF;background-color:#ec7d0c;border-color:#bd640a;border-radius:10px\" target=\"__blank\"><span style=\"color:#FFFFFF;padding:8px 26px;font-size:20px;line-height:30px;border-color:#f2a455;border-radius:10px;text-shadow:none\"><i class=\"sui sui-arrow-circle-right\" style=\"font-size:20px;color:#FFFFFF\"><\/i> Reg\u00edstrate gratis en OficinaEmpleo<\/span><\/a><\/div><div class=\"su-spacer\" style=\"height:30px\"><\/div>En otras ocasiones hemos tratado las aptitudes que hay que tener claras a la hora de <strong>enfrentarse a una entrevista laboral<\/strong>. Es l\u00f3gico pensar que entre los baremos que analizan los entrevistadores, <strong>el aspecto es clave<\/strong> a la hora de que estos se creen una imagen determinada de los candidatos.<\/p>\n<p style=\"text-align: left;\"><img loading=\"lazy\" decoding=\"async\" class=\"aligncenter wp-image-2187\" src=\"http:\/\/www.oficinaempleo.com\/blog\/wp-content\/uploads\/2011\/05\/ropa-entrevista-1024x535.jpg\" alt=\"c\u00f3mo vestir en una entrevista de trabajo\" width=\"581\" height=\"303\" srcset=\"https:\/\/www.oficinaempleo.com\/blog\/wp-content\/uploads\/2011\/05\/ropa-entrevista-1024x535.jpg 1024w, https:\/\/www.oficinaempleo.com\/blog\/wp-content\/uploads\/2011\/05\/ropa-entrevista-300x156.jpg 300w, https:\/\/www.oficinaempleo.com\/blog\/wp-content\/uploads\/2011\/05\/ropa-entrevista-290x150.jpg 290w, https:\/\/www.oficinaempleo.com\/blog\/wp-content\/uploads\/2011\/05\/ropa-entrevista-280x146.jpg 280w, https:\/\/www.oficinaempleo.com\/blog\/wp-content\/uploads\/2011\/05\/ropa-entrevista.jpg 1200w\" sizes=\"auto, (max-width: 581px) 100vw, 581px\" \/><\/p>\n<p style=\"text-align: left;\">Por ello describimos algunas <strong>claves para decidir el atuendo que se debe vestir en <a href=\"https:\/\/www.oficinaempleo.com\/blog\/como-sobrevivir-a-una-entrevista-por-videollamada\/\">las entrevistas<\/a><\/strong>. Pero un buen truco consiste en mostrarse tal como uno es, pero procurando <strong>transmitir una imagen profesional y fiable<\/strong>.<\/p>\n<p style=\"text-align: left;\">Un buen primer paso, que simplificar\u00e1 muchos las cosas, es tratar de averiguar c\u00f3mo viste el personal de la empresa que nos entrevistar\u00e1; si tiene reglas internas acerca de ello o algunas pautas determinadas. De este modo, al vestirse similar a ellos os asegurar\u00e1 que no \u201cdesencaj\u00e9is\u201d. Si obtener esta informaci\u00f3n no es posible, hay que <a href=\"https:\/\/grupoaspasia.com\/es\/2023\/03\/consejos-para-vestir-de-forma-correcta-en-el-trabajo\/\" target=\"_blank\" rel=\"noopener\"><strong>adecuar la vestimenta al puesto<\/strong><\/a> laboral y siempre tendiendo a un estilo m\u00e1s bien conservador pero sin excederse.<\/p>\n<p style=\"text-align: left;\">Es evidente que no es lo mismo si el candidato es un hombre que una mujer, para cada uno de lo \u00e1mbitos se aconsejan \u00edtems m\u00e1s espec\u00edficos pero variables ya que todo cambia dependiendo del puesto.<\/p>\n<p style=\"text-align: left;\">En el caso de los hombres:<\/p>\n<ul style=\"text-align: left;\">\n<li>El<strong> traje<\/strong> es una apuesta segura pero intentando que no sea f\u00fanebre ni excesivamente serio. Preferiblemente en<strong> todos grises o azul<\/strong> en el invierno y m\u00e1s pasteles y beige en el verano.<\/li>\n<li>Aunque parezca un tanto anticuado, es aconsejable <strong>abstenerse del uso de aros y joyas<\/strong> (salvo alianzas o reloj de pulsera).<\/li>\n<li>Todas las prendas deben estar limpias y planchadas y que sean de la talla adecuada a la persona.<\/li>\n<li>Las u\u00f1as limpias y el aseo personal es clave. Si se opta por un perfume, que sea un aroma agradable y fresco.<\/li>\n<\/ul>\n<p style=\"text-align: left;\">En el caso de las mujeres:<\/p>\n<ul style=\"text-align: left;\">\n<li>Las <strong>mujeres tienen una mayor amplitud de vestuario<\/strong> en estas ocasiones ya que pueden elegir entre falda (no muy corta y con medias de color neutral o de un color que combine con los zapatos.) o pantal\u00f3n. Ir de traje quiz\u00e1s es excesivo y es mejor usar camisa que camisetas.<\/li>\n<li>Los <strong>accesorios<\/strong> son un acompa\u00f1ante fiel de las mujeres y en las entrevistas tambi\u00e9n hay que elegirlos adecuadamente. El bolso debe ser acorde con los colores de la vestimenta y de un tama\u00f1o medio. Los zapatos deben ser cerrados ya que no suele ser positivo que se vena los dedos de los pies. Si usan joyas, intentar llevar lo menos posible y que no sean ostentosas.<\/li>\n<li>Respecto a ciertos aspectos de belleza, hay que <strong>intentar ser lo m\u00e1s natural posible<\/strong> evitando los excesos de maquillaje o los peinados demasiado elaborados. Los perfumes deben ser ligeros. Las u\u00f1as hay que intentar que no est\u00e9n pintadas y que si es imprescindible, sea de un color claro.<\/li>\n<\/ul>\n<p style=\"text-align: left;\">Hasta aqu\u00ed los consejos pero hay que tener presente que en cualquier caso la vestimenta <strong>tiene como fin destacar el hecho de que sois profesionales<\/strong>, una persona fiable y confiada, lista para trabajar en un nuevo trabajo.<\/p>\n<p style=\"text-align: justify;\">\u00bfQuieres pone a pruebas estas claves? S\u00f3lo tienes que consultar las <a href=\"https:\/\/www.oficinaempleo.com\/ofertas-empleo-en\/valencia\">ofertas de trabajo en Valencia<\/a> o Ja\u00e9n, entre otras ciudades, que tenemos en Oficina Empleo. Miles de procesos de selecci\u00f3n con los que podr\u00e1s encontrar tu vacante para <a href=\"https:\/\/www.oficinaempleo.com\/trabajar-en\/mantenimiento-instalacion-reparacion-24\">trabajar en mantenimiento<\/a> o el sector que m\u00e1s se adapte a ti.<\/p>\n<div class=\"su-button-center\"><a href=\"https:\/\/jobs.oficinaempleo.com\/registro?origen=ORG-web&#038;utm_source=OE&#038;utm_medium=boton_registro&#038;utm_content=homepage&#038;utm_campaign=organic\" class=\"su-button su-button-style-flat\" style=\"color:#FFFFFF;background-color:#ec7d0c;border-color:#bd640a;border-radius:10px\" target=\"__blank\"><span style=\"color:#FFFFFF;padding:8px 26px;font-size:20px;line-height:30px;border-color:#f2a455;border-radius:10px;text-shadow:none\"><i class=\"sui sui-arrow-circle-right\" style=\"font-size:20px;color:#FFFFFF\"><\/i> Reg\u00edstrate gratis en OficinaEmpleo<\/span><\/a><\/div><div class=\"su-spacer\" style=\"height:30px\"><\/div>\n","protected":false},"excerpt":{"rendered":"<p>Te desvelamos algunas claves para decidir qu\u00e9 atuendo llevar en una entrevista<\/p>\n","protected":false},"author":2,"featured_media":2187,"comment_status":"open","ping_status":"open","sticky":false,"template":"","format":"standard","meta":{"footnotes":""},"categories":[12],"tags":[44,46,45,43,47],"class_list":["post-72","post","type-post","status-publish","format-standard","has-post-thumbnail","hentry","category-consejos-y-recursos","tag-buscar-trabajo","tag-claves-del-vestuario-para-entrevistas","tag-como-vestirse-para-encontrar-trabajo","tag-entrevista-laboral","tag-vestimenta-en-las-entrevistas","cat-12-id","has_thumb"],"yoast_head":"<!-- This site is optimized with the Yoast SEO plugin v27.1.1 - https:\/\/yoast.com\/product\/yoast-seo-wordpress\/ -->\n<title>C\u00f3mo vestir para una entrevista - Oficina Empleo<\/title>\n<meta name=\"description\" content=\"\u00bfTienes una entrevista de trabajo y no sabes qu\u00e9 ropa llevar? Aqu\u00ed te damos unos consejos para que vayas perfecto. \u00a1No te lo pierdas!\" \/>\n<meta name=\"robots\" content=\"index, follow, max-snippet:-1, max-image-preview:large, max-video-preview:-1\" \/>\n<link rel=\"canonical\" href=\"https:\/\/www.oficinaempleo.com\/blog\/como-vestir-para-una-entrevista\/\" \/>\n<meta property=\"og:locale\" content=\"es_ES\" \/>\n<meta property=\"og:type\" content=\"article\" \/>\n<meta property=\"og:title\" content=\"C\u00f3mo vestir para una entrevista - Oficina Empleo\" \/>\n<meta property=\"og:description\" content=\"\u00bfTienes una entrevista de trabajo y no sabes qu\u00e9 ropa llevar? Aqu\u00ed te damos unos consejos para que vayas perfecto. \u00a1No te lo pierdas!\" \/>\n<meta property=\"og:url\" content=\"https:\/\/www.oficinaempleo.com\/blog\/como-vestir-para-una-entrevista\/\" \/>\n<meta property=\"og:site_name\" content=\"Noticias y consejos de empleo | Blog OficinaEmpleo\" \/>\n<meta property=\"article:author\" content=\"https:\/\/www.facebook.com\/OficinaEmpleo\" \/>\n<meta property=\"article:published_time\" content=\"2024-03-27T08:30:13+00:00\" \/>\n<meta property=\"article:modified_time\" content=\"2024-03-27T09:53:27+00:00\" \/>\n<meta property=\"og:image\" content=\"https:\/\/www.oficinaempleo.com\/blog\/wp-content\/uploads\/2011\/05\/ropa-entrevista.jpg\" \/>\n\t<meta property=\"og:image:width\" content=\"1200\" \/>\n\t<meta property=\"og:image:height\" content=\"627\" \/>\n\t<meta property=\"og:image:type\" content=\"image\/jpeg\" \/>\n<meta name=\"author\" content=\"OficinaEmpleo\" \/>\n<meta name=\"twitter:card\" content=\"summary_large_image\" \/>\n<meta name=\"twitter:creator\" content=\"@OficinaEmpleo\" \/>\n<meta name=\"twitter:site\" content=\"@OficinaEmpleo\" \/>\n<meta name=\"twitter:label1\" content=\"Written by\" \/>\n\t<meta name=\"twitter:data1\" content=\"OficinaEmpleo\" \/>\n\t<meta name=\"twitter:label2\" content=\"Est. reading time\" \/>\n\t<meta name=\"twitter:data2\" content=\"4 minutos\" \/>\n<script type=\"application\/ld+json\" class=\"yoast-schema-graph\">{\"@context\":\"https:\/\/schema.org\",\"@graph\":[{\"@type\":\"Article\",\"@id\":\"https:\/\/www.oficinaempleo.com\/blog\/como-vestir-para-una-entrevista\/#article\",\"isPartOf\":{\"@id\":\"https:\/\/www.oficinaempleo.com\/blog\/como-vestir-para-una-entrevista\/\"},\"author\":{\"name\":\"OficinaEmpleo\",\"@id\":\"https:\/\/www.oficinaempleo.com\/blog\/#\/schema\/person\/a7f3437f35bd6bd9ad19addae529a114\"},\"headline\":\"C\u00f3mo vestir para una entrevista\",\"datePublished\":\"2024-03-27T08:30:13+00:00\",\"dateModified\":\"2024-03-27T09:53:27+00:00\",\"mainEntityOfPage\":{\"@id\":\"https:\/\/www.oficinaempleo.com\/blog\/como-vestir-para-una-entrevista\/\"},\"wordCount\":644,\"commentCount\":6,\"publisher\":{\"@id\":\"https:\/\/www.oficinaempleo.com\/blog\/#organization\"},\"image\":{\"@id\":\"https:\/\/www.oficinaempleo.com\/blog\/como-vestir-para-una-entrevista\/#primaryimage\"},\"thumbnailUrl\":\"https:\/\/www.oficinaempleo.com\/blog\/wp-content\/uploads\/2011\/05\/ropa-entrevista.jpg\",\"keywords\":[\"buscar trabajo\",\"claves del vestuario para entrevistas\",\"como vestirse para encontrar trabajo\",\"entrevista laboral\",\"vestimenta en las entrevistas\"],\"articleSection\":[\"Consejos y Recursos\"],\"inLanguage\":\"es\",\"potentialAction\":[{\"@type\":\"CommentAction\",\"name\":\"Comment\",\"target\":[\"https:\/\/www.oficinaempleo.com\/blog\/como-vestir-para-una-entrevista\/#respond\"]}]},{\"@type\":\"WebPage\",\"@id\":\"https:\/\/www.oficinaempleo.com\/blog\/como-vestir-para-una-entrevista\/\",\"url\":\"https:\/\/www.oficinaempleo.com\/blog\/como-vestir-para-una-entrevista\/\",\"name\":\"C\u00f3mo vestir para una entrevista - Oficina Empleo\",\"isPartOf\":{\"@id\":\"https:\/\/www.oficinaempleo.com\/blog\/#website\"},\"primaryImageOfPage\":{\"@id\":\"https:\/\/www.oficinaempleo.com\/blog\/como-vestir-para-una-entrevista\/#primaryimage\"},\"image\":{\"@id\":\"https:\/\/www.oficinaempleo.com\/blog\/como-vestir-para-una-entrevista\/#primaryimage\"},\"thumbnailUrl\":\"https:\/\/www.oficinaempleo.com\/blog\/wp-content\/uploads\/2011\/05\/ropa-entrevista.jpg\",\"datePublished\":\"2024-03-27T08:30:13+00:00\",\"dateModified\":\"2024-03-27T09:53:27+00:00\",\"description\":\"\u00bfTienes una entrevista de trabajo y no sabes qu\u00e9 ropa llevar? Aqu\u00ed te damos unos consejos para que vayas perfecto. \u00a1No te lo pierdas!\",\"breadcrumb\":{\"@id\":\"https:\/\/www.oficinaempleo.com\/blog\/como-vestir-para-una-entrevista\/#breadcrumb\"},\"inLanguage\":\"es\",\"potentialAction\":[{\"@type\":\"ReadAction\",\"target\":[\"https:\/\/www.oficinaempleo.com\/blog\/como-vestir-para-una-entrevista\/\"]}]},{\"@type\":\"ImageObject\",\"inLanguage\":\"es\",\"@id\":\"https:\/\/www.oficinaempleo.com\/blog\/como-vestir-para-una-entrevista\/#primaryimage\",\"url\":\"https:\/\/www.oficinaempleo.com\/blog\/wp-content\/uploads\/2011\/05\/ropa-entrevista.jpg\",\"contentUrl\":\"https:\/\/www.oficinaempleo.com\/blog\/wp-content\/uploads\/2011\/05\/ropa-entrevista.jpg\",\"width\":1200,\"height\":627,\"caption\":\"c\u00f3mo vestir en una entrevista de trabajo\"},{\"@type\":\"BreadcrumbList\",\"@id\":\"https:\/\/www.oficinaempleo.com\/blog\/como-vestir-para-una-entrevista\/#breadcrumb\",\"itemListElement\":[{\"@type\":\"ListItem\",\"position\":1,\"name\":\"Home\",\"item\":\"https:\/\/www.oficinaempleo.com\/blog\/\"},{\"@type\":\"ListItem\",\"position\":2,\"name\":\"C\u00f3mo vestir para una entrevista\"}]},{\"@type\":\"WebSite\",\"@id\":\"https:\/\/www.oficinaempleo.com\/blog\/#website\",\"url\":\"https:\/\/www.oficinaempleo.com\/blog\/\",\"name\":\"Noticias y Consejos de Empleo | Blog OficinaEmpleo\",\"description\":\"\",\"publisher\":{\"@id\":\"https:\/\/www.oficinaempleo.com\/blog\/#organization\"},\"potentialAction\":[{\"@type\":\"SearchAction\",\"target\":{\"@type\":\"EntryPoint\",\"urlTemplate\":\"https:\/\/www.oficinaempleo.com\/blog\/?s={search_term_string}\"},\"query-input\":{\"@type\":\"PropertyValueSpecification\",\"valueRequired\":true,\"valueName\":\"search_term_string\"}}],\"inLanguage\":\"es\"},{\"@type\":\"Organization\",\"@id\":\"https:\/\/www.oficinaempleo.com\/blog\/#organization\",\"name\":\"OficinaEmpleo\",\"url\":\"https:\/\/www.oficinaempleo.com\/blog\/\",\"logo\":{\"@type\":\"ImageObject\",\"inLanguage\":\"es\",\"@id\":\"https:\/\/www.oficinaempleo.com\/blog\/#\/schema\/logo\/image\/\",\"url\":\"https:\/\/www.oficinaempleo.com\/blog\/wp-content\/uploads\/2018\/10\/logo_footer-1.jpg\",\"contentUrl\":\"https:\/\/www.oficinaempleo.com\/blog\/wp-content\/uploads\/2018\/10\/logo_footer-1.jpg\",\"width\":478,\"height\":57,\"caption\":\"OficinaEmpleo\"},\"image\":{\"@id\":\"https:\/\/www.oficinaempleo.com\/blog\/#\/schema\/logo\/image\/\"},\"sameAs\":[\"https:\/\/x.com\/OficinaEmpleo\"]},{\"@type\":\"Person\",\"@id\":\"https:\/\/www.oficinaempleo.com\/blog\/#\/schema\/person\/a7f3437f35bd6bd9ad19addae529a114\",\"name\":\"OficinaEmpleo\",\"image\":{\"@type\":\"ImageObject\",\"inLanguage\":\"es\",\"@id\":\"https:\/\/www.oficinaempleo.com\/blog\/#\/schema\/person\/image\/\",\"url\":\"https:\/\/secure.gravatar.com\/avatar\/ea822afb14d7439ba3051d652cf8f548fe540f184ce16a2135fc22c9337bd72e?s=96&d=mm&r=g\",\"contentUrl\":\"https:\/\/secure.gravatar.com\/avatar\/ea822afb14d7439ba3051d652cf8f548fe540f184ce16a2135fc22c9337bd72e?s=96&d=mm&r=g\",\"caption\":\"OficinaEmpleo\"},\"description\":\"En OficinaEmpleo queremos ayudarte a conseguir trabajo. Por eso, adem\u00e1s de ofrecerte ofertas de empleo en nuestro portal, te ense\u00f1amos las novedades del sector, y consejos para mejorar tu perfil.\",\"sameAs\":[\"http:\/\/www.oficinaempleo.com\/\",\"https:\/\/www.facebook.com\/OficinaEmpleo\",\"https:\/\/x.com\/OficinaEmpleo\"],\"url\":\"https:\/\/www.oficinaempleo.com\/blog\/author\/empleo\/\"}]}<\/script>\n<!-- \/ Yoast SEO plugin. -->","yoast_head_json":{"title":"C\u00f3mo vestir para una entrevista - Oficina Empleo","description":"\u00bfTienes una entrevista de trabajo y no sabes qu\u00e9 ropa llevar? Aqu\u00ed te damos unos consejos para que vayas perfecto. \u00a1No te lo pierdas!","robots":{"index":"index","follow":"follow","max-snippet":"max-snippet:-1","max-image-preview":"max-image-preview:large","max-video-preview":"max-video-preview:-1"},"canonical":"https:\/\/www.oficinaempleo.com\/blog\/como-vestir-para-una-entrevista\/","og_locale":"es_ES","og_type":"article","og_title":"C\u00f3mo vestir para una entrevista - Oficina Empleo","og_description":"\u00bfTienes una entrevista de trabajo y no sabes qu\u00e9 ropa llevar? Aqu\u00ed te damos unos consejos para que vayas perfecto. \u00a1No te lo pierdas!","og_url":"https:\/\/www.oficinaempleo.com\/blog\/como-vestir-para-una-entrevista\/","og_site_name":"Noticias y consejos de empleo | Blog OficinaEmpleo","article_author":"https:\/\/www.facebook.com\/OficinaEmpleo","article_published_time":"2024-03-27T08:30:13+00:00","article_modified_time":"2024-03-27T09:53:27+00:00","og_image":[{"width":1200,"height":627,"url":"https:\/\/www.oficinaempleo.com\/blog\/wp-content\/uploads\/2011\/05\/ropa-entrevista.jpg","type":"image\/jpeg"}],"author":"OficinaEmpleo","twitter_card":"summary_large_image","twitter_creator":"@OficinaEmpleo","twitter_site":"@OficinaEmpleo","twitter_misc":{"Written by":"OficinaEmpleo","Est. reading time":"4 minutos"},"schema":{"@context":"https:\/\/schema.org","@graph":[{"@type":"Article","@id":"https:\/\/www.oficinaempleo.com\/blog\/como-vestir-para-una-entrevista\/#article","isPartOf":{"@id":"https:\/\/www.oficinaempleo.com\/blog\/como-vestir-para-una-entrevista\/"},"author":{"name":"OficinaEmpleo","@id":"https:\/\/www.oficinaempleo.com\/blog\/#\/schema\/person\/a7f3437f35bd6bd9ad19addae529a114"},"headline":"C\u00f3mo vestir para una entrevista","datePublished":"2024-03-27T08:30:13+00:00","dateModified":"2024-03-27T09:53:27+00:00","mainEntityOfPage":{"@id":"https:\/\/www.oficinaempleo.com\/blog\/como-vestir-para-una-entrevista\/"},"wordCount":644,"commentCount":6,"publisher":{"@id":"https:\/\/www.oficinaempleo.com\/blog\/#organization"},"image":{"@id":"https:\/\/www.oficinaempleo.com\/blog\/como-vestir-para-una-entrevista\/#primaryimage"},"thumbnailUrl":"https:\/\/www.oficinaempleo.com\/blog\/wp-content\/uploads\/2011\/05\/ropa-entrevista.jpg","keywords":["buscar trabajo","claves del vestuario para entrevistas","como vestirse para encontrar trabajo","entrevista laboral","vestimenta en las entrevistas"],"articleSection":["Consejos y Recursos"],"inLanguage":"es","potentialAction":[{"@type":"CommentAction","name":"Comment","target":["https:\/\/www.oficinaempleo.com\/blog\/como-vestir-para-una-entrevista\/#respond"]}]},{"@type":"WebPage","@id":"https:\/\/www.oficinaempleo.com\/blog\/como-vestir-para-una-entrevista\/","url":"https:\/\/www.oficinaempleo.com\/blog\/como-vestir-para-una-entrevista\/","name":"C\u00f3mo vestir para una entrevista - Oficina Empleo","isPartOf":{"@id":"https:\/\/www.oficinaempleo.com\/blog\/#website"},"primaryImageOfPage":{"@id":"https:\/\/www.oficinaempleo.com\/blog\/como-vestir-para-una-entrevista\/#primaryimage"},"image":{"@id":"https:\/\/www.oficinaempleo.com\/blog\/como-vestir-para-una-entrevista\/#primaryimage"},"thumbnailUrl":"https:\/\/www.oficinaempleo.com\/blog\/wp-content\/uploads\/2011\/05\/ropa-entrevista.jpg","datePublished":"2024-03-27T08:30:13+00:00","dateModified":"2024-03-27T09:53:27+00:00","description":"\u00bfTienes una entrevista de trabajo y no sabes qu\u00e9 ropa llevar? Aqu\u00ed te damos unos consejos para que vayas perfecto. \u00a1No te lo pierdas!","breadcrumb":{"@id":"https:\/\/www.oficinaempleo.com\/blog\/como-vestir-para-una-entrevista\/#breadcrumb"},"inLanguage":"es","potentialAction":[{"@type":"ReadAction","target":["https:\/\/www.oficinaempleo.com\/blog\/como-vestir-para-una-entrevista\/"]}]},{"@type":"ImageObject","inLanguage":"es","@id":"https:\/\/www.oficinaempleo.com\/blog\/como-vestir-para-una-entrevista\/#primaryimage","url":"https:\/\/www.oficinaempleo.com\/blog\/wp-content\/uploads\/2011\/05\/ropa-entrevista.jpg","contentUrl":"https:\/\/www.oficinaempleo.com\/blog\/wp-content\/uploads\/2011\/05\/ropa-entrevista.jpg","width":1200,"height":627,"caption":"c\u00f3mo vestir en una entrevista de trabajo"},{"@type":"BreadcrumbList","@id":"https:\/\/www.oficinaempleo.com\/blog\/como-vestir-para-una-entrevista\/#breadcrumb","itemListElement":[{"@type":"ListItem","position":1,"name":"Home","item":"https:\/\/www.oficinaempleo.com\/blog\/"},{"@type":"ListItem","position":2,"name":"C\u00f3mo vestir para una entrevista"}]},{"@type":"WebSite","@id":"https:\/\/www.oficinaempleo.com\/blog\/#website","url":"https:\/\/www.oficinaempleo.com\/blog\/","name":"Noticias y Consejos de Empleo | Blog OficinaEmpleo","description":"","publisher":{"@id":"https:\/\/www.oficinaempleo.com\/blog\/#organization"},"potentialAction":[{"@type":"SearchAction","target":{"@type":"EntryPoint","urlTemplate":"https:\/\/www.oficinaempleo.com\/blog\/?s={search_term_string}"},"query-input":{"@type":"PropertyValueSpecification","valueRequired":true,"valueName":"search_term_string"}}],"inLanguage":"es"},{"@type":"Organization","@id":"https:\/\/www.oficinaempleo.com\/blog\/#organization","name":"OficinaEmpleo","url":"https:\/\/www.oficinaempleo.com\/blog\/","logo":{"@type":"ImageObject","inLanguage":"es","@id":"https:\/\/www.oficinaempleo.com\/blog\/#\/schema\/logo\/image\/","url":"https:\/\/www.oficinaempleo.com\/blog\/wp-content\/uploads\/2018\/10\/logo_footer-1.jpg","contentUrl":"https:\/\/www.oficinaempleo.com\/blog\/wp-content\/uploads\/2018\/10\/logo_footer-1.jpg","width":478,"height":57,"caption":"OficinaEmpleo"},"image":{"@id":"https:\/\/www.oficinaempleo.com\/blog\/#\/schema\/logo\/image\/"},"sameAs":["https:\/\/x.com\/OficinaEmpleo"]},{"@type":"Person","@id":"https:\/\/www.oficinaempleo.com\/blog\/#\/schema\/person\/a7f3437f35bd6bd9ad19addae529a114","name":"OficinaEmpleo","image":{"@type":"ImageObject","inLanguage":"es","@id":"https:\/\/www.oficinaempleo.com\/blog\/#\/schema\/person\/image\/","url":"https:\/\/secure.gravatar.com\/avatar\/ea822afb14d7439ba3051d652cf8f548fe540f184ce16a2135fc22c9337bd72e?s=96&d=mm&r=g","contentUrl":"https:\/\/secure.gravatar.com\/avatar\/ea822afb14d7439ba3051d652cf8f548fe540f184ce16a2135fc22c9337bd72e?s=96&d=mm&r=g","caption":"OficinaEmpleo"},"description":"En OficinaEmpleo queremos ayudarte a conseguir trabajo. Por eso, adem\u00e1s de ofrecerte ofertas de empleo en nuestro portal, te ense\u00f1amos las novedades del sector, y consejos para mejorar tu perfil.","sameAs":["http:\/\/www.oficinaempleo.com\/","https:\/\/www.facebook.com\/OficinaEmpleo","https:\/\/x.com\/OficinaEmpleo"],"url":"https:\/\/www.oficinaempleo.com\/blog\/author\/empleo\/"}]}},"_links":{"self":[{"href":"https:\/\/www.oficinaempleo.com\/blog\/wp-json\/wp\/v2\/posts\/72","targetHints":{"allow":["GET"]}}],"collection":[{"href":"https:\/\/www.oficinaempleo.com\/blog\/wp-json\/wp\/v2\/posts"}],"about":[{"href":"https:\/\/www.oficinaempleo.com\/blog\/wp-json\/wp\/v2\/types\/post"}],"author":[{"embeddable":true,"href":"https:\/\/www.oficinaempleo.com\/blog\/wp-json\/wp\/v2\/users\/2"}],"replies":[{"embeddable":true,"href":"https:\/\/www.oficinaempleo.com\/blog\/wp-json\/wp\/v2\/comments?post=72"}],"version-history":[{"count":3,"href":"https:\/\/www.oficinaempleo.com\/blog\/wp-json\/wp\/v2\/posts\/72\/revisions"}],"predecessor-version":[{"id":34076,"href":"https:\/\/www.oficinaempleo.com\/blog\/wp-json\/wp\/v2\/posts\/72\/revisions\/34076"}],"wp:featuredmedia":[{"embeddable":true,"href":"https:\/\/www.oficinaempleo.com\/blog\/wp-json\/wp\/v2\/media\/2187"}],"wp:attachment":[{"href":"https:\/\/www.oficinaempleo.com\/blog\/wp-json\/wp\/v2\/media?parent=72"}],"wp:term":[{"taxonomy":"category","embeddable":true,"href":"https:\/\/www.oficinaempleo.com\/blog\/wp-json\/wp\/v2\/categories?post=72"},{"taxonomy":"post_tag","embeddable":true,"href":"https:\/\/www.oficinaempleo.com\/blog\/wp-json\/wp\/v2\/tags?post=72"}],"curies":[{"name":"wp","href":"https:\/\/api.w.org\/{rel}","templated":true}]}}