{"id":7435,"date":"2023-07-26T11:00:38","date_gmt":"2023-07-26T10:00:38","guid":{"rendered":"http:\/\/www.oficinaempleo.com\/blog\/?p=7435"},"modified":"2023-07-26T13:10:37","modified_gmt":"2023-07-26T12:10:37","slug":"como-afecta-tu-peinado-en-una-entrevista-de-trabajo","status":"publish","type":"post","link":"https:\/\/www.oficinaempleo.com\/blog\/como-afecta-tu-peinado-en-una-entrevista-de-trabajo\/","title":{"rendered":"\u00bfC\u00f3mo afecta tu peinado en una entrevista de trabajo?"},"content":{"rendered":"<div class=\"su-button-center\"><a href=\"https:\/\/jobs.oficinaempleo.com\/registro?origen=ORG-web&#038;utm_source=OE&#038;utm_medium=boton_registro&#038;utm_content=homepage&#038;utm_campaign=organic\" class=\"su-button su-button-style-flat\" style=\"color:#FFFFFF;background-color:#ec7d0c;border-color:#bd640a;border-radius:10px\" target=\"__blank\"><span style=\"color:#FFFFFF;padding:8px 26px;font-size:20px;line-height:30px;border-color:#f2a455;border-radius:10px;text-shadow:none\"><i class=\"sui sui-arrow-circle-right\" style=\"font-size:20px;color:#FFFFFF\"><\/i> Reg\u00edstrate gratis en OficinaEmpleo<\/span><\/a><\/div><div class=\"su-spacer\" style=\"height:30px\"><\/div>\n<p style=\"text-align: left;\">A estas alturas todos sabemos\u00a0lo importante que es tener <strong>buena imagen<\/strong> a la hora de presentarse en una entrevista de trabajo. Por eso nos tomamos nuestro tiempo para elegir la ropa adecuada. Pero, \u00bfle hemos dedicado suficiente a pensar en c\u00f3mo afecta tambi\u00e9n nuestro peinado? \u00bfpelo corto o largo? \u00bfliso o rizado? \u00bfsuelto o en coleta?<\/p>\n<div id=\"attachment_7437\" style=\"width: 598px\" class=\"wp-caption aligncenter\"><a href=\"http:\/\/www.oficinaempleo.com\/blog\/wp-content\/uploads\/2015\/09\/Foto-Eric-audras-Gtres.jpg\"><img loading=\"lazy\" decoding=\"async\" aria-describedby=\"caption-attachment-7437\" class=\"wp-image-7437\" src=\"http:\/\/www.oficinaempleo.com\/blog\/wp-content\/uploads\/2015\/09\/Foto-Eric-audras-Gtres.jpg\" alt=\"Foto: Eric audras. Fuente: Gtres\" width=\"588\" height=\"315\" srcset=\"https:\/\/www.oficinaempleo.com\/blog\/wp-content\/uploads\/2015\/09\/Foto-Eric-audras-Gtres.jpg 560w, https:\/\/www.oficinaempleo.com\/blog\/wp-content\/uploads\/2015\/09\/Foto-Eric-audras-Gtres-300x161.jpg 300w, https:\/\/www.oficinaempleo.com\/blog\/wp-content\/uploads\/2015\/09\/Foto-Eric-audras-Gtres-280x150.jpg 280w\" sizes=\"auto, (max-width: 588px) 100vw, 588px\" \/><\/a><p id=\"caption-attachment-7437\" class=\"wp-caption-text\">Foto: Eric audras. Fuente: Gtres<\/p><\/div>\n<p style=\"text-align: left;\">El modo en que llevemos el pelo juega un papel decisivo. No vamos a recordar la importancia de llevarlo siempre limpio a la entrevista\u2026 nadie quiere gente con mala higiene a su alrededor. Tampoco da muy buena imagen ir despeinado ni, en el casos de los hombres, ir mal afeitado. Denota dejadez y eso crea desconfianza con respecto al cumplimiento de tus futuras obligaciones laborales.<\/p>\n<p style=\"text-align: left;\">Depender\u00e1 del trabajo, obviamente. Los empleos m\u00e1s formales suelen estar ocupados por personas con el pelo corto y recto. En una entrevista, si no lo tienen reci\u00e9n cortado, al menos s\u00ed debe ir bien peinado. En <strong>trabajos m\u00e1s creativos suele aceptarse un look con m\u00e1s libertad de expresi\u00f3n<\/strong>. Para los hombres de pelo largo se recomienda llevarlo recogido en una coleta.<\/p>\n<p style=\"text-align: left;\">Para las <strong>mujeres<\/strong>, la cosa es m\u00e1s compleja. Una melena larga cuidada sugiere seguridad en una misma. Lo contrario, que intentas ocultar algunos complejos. La media melena es perfecta para mujeres que ocupen puestos de trabajo de cierta responsabilidad. Suele relacionarse con la inteligencia y la fuerza. El pelo corto se asocia con mujeres de mente abierta, listas y honestas.<\/p>\n<p style=\"text-align: left;\">Por otra parte,\u00a0algunos estudios aseguran que las personas de pelo rizado son m\u00e1s responsables, creativas y acaban sus tareas antes que el resto. El pelo liso se relaciona con la seriedad y la profesionalidad.<\/p>\n<p style=\"text-align: left;\"><span style=\"line-height: 1.5;\">Cuanto m\u00e1s nos ajustemos al c\u00f3digo de <strong>vestimenta\u00a0de la empresa<\/strong> en la que pretendemos trabajar, m\u00e1s posibilidades tendremos de encajarles en el puesto al que aspiramos. As\u00ed que, salvo excepciones, es mejor evitar colores chillones y cortes demasiado radicales.<\/span><\/p>\n<p style=\"text-align: left;\">\u00bfHas tomado nota de todos los consejos? Entonces ya est\u00e1s preparado para acudir a una nueva entrevista. Consigue la tuya con alguna de las <a href=\"https:\/\/www.oficinaempleo.com\/\">ofertas de empleo<\/a> que tenemos en Oficina Empleo.<\/p>\n<p style=\"text-align: justify;\"><div class=\"su-button-center\"><a href=\"https:\/\/jobs.oficinaempleo.com\/registro?origen=ORG-web&#038;utm_source=OE&#038;utm_medium=boton_registro&#038;utm_content=homepage&#038;utm_campaign=organic\" class=\"su-button su-button-style-flat\" style=\"color:#FFFFFF;background-color:#ec7d0c;border-color:#bd640a;border-radius:10px\" target=\"__blank\"><span style=\"color:#FFFFFF;padding:8px 26px;font-size:20px;line-height:30px;border-color:#f2a455;border-radius:10px;text-shadow:none\"><i class=\"sui sui-arrow-circle-right\" style=\"font-size:20px;color:#FFFFFF\"><\/i> Reg\u00edstrate gratis en OficinaEmpleo<\/span><\/a><\/div><div class=\"su-spacer\" style=\"height:30px\"><\/div>\n","protected":false},"excerpt":{"rendered":"<p>El modo en que llevemos el pelo juega un papel decisivo a la hora de superar una entrevista de trabajo.<\/p>\n","protected":false},"author":6,"featured_media":7439,"comment_status":"open","ping_status":"open","sticky":false,"template":"","format":"standard","meta":{"footnotes":""},"categories":[12],"tags":[1602,2242,192,2244,2249,2248,2245,2250,2241,2247,2243,865,2246,2251],"class_list":["post-7435","post","type-post","status-publish","format-standard","has-post-thumbnail","hentry","category-consejos-y-recursos","tag-consejos-para-una-entrevista-de-trabajo","tag-desconfianza","tag-entrevista-de-trabajo","tag-formalidad","tag-fuerza","tag-inteligencia","tag-libertad-de-expresion","tag-mente-abierta","tag-peinado","tag-puesto-de-trabajo-de-responsabilidad","tag-responsabilidad","tag-responsabilidad-empleado","tag-seguridad","tag-seriedad-en-el-trabajo","cat-12-id","has_thumb"],"yoast_head":"<!-- This site is optimized with the Yoast SEO plugin v27.1.1 - https:\/\/yoast.com\/product\/yoast-seo-wordpress\/ -->\n<title>\u00bfC\u00f3mo afecta tu peinado en una entrevista de trabajo? - Oficina Empleo<\/title>\n<meta name=\"description\" content=\"A d\u00eda de hoy podemos ver m\u00faltiples cortes de pelo pero \u00bfsabes c\u00f3mo pueden influir en tu entrevista de trabajo? \u00a1Entra y desc\u00fabrelo aqui!\" \/>\n<meta name=\"robots\" content=\"index, follow, max-snippet:-1, max-image-preview:large, max-video-preview:-1\" \/>\n<link rel=\"canonical\" href=\"https:\/\/www.oficinaempleo.com\/blog\/como-afecta-tu-peinado-en-una-entrevista-de-trabajo\/\" \/>\n<meta property=\"og:locale\" content=\"es_ES\" \/>\n<meta property=\"og:type\" content=\"article\" \/>\n<meta property=\"og:title\" content=\"\u00bfC\u00f3mo afecta tu peinado en una entrevista de trabajo? - Oficina Empleo\" \/>\n<meta property=\"og:description\" content=\"A d\u00eda de hoy podemos ver m\u00faltiples cortes de pelo pero \u00bfsabes c\u00f3mo pueden influir en tu entrevista de trabajo? \u00a1Entra y desc\u00fabrelo aqui!\" \/>\n<meta property=\"og:url\" content=\"https:\/\/www.oficinaempleo.com\/blog\/como-afecta-tu-peinado-en-una-entrevista-de-trabajo\/\" \/>\n<meta property=\"og:site_name\" content=\"Noticias y consejos de empleo | Blog OficinaEmpleo\" \/>\n<meta property=\"article:published_time\" content=\"2023-07-26T10:00:38+00:00\" \/>\n<meta property=\"article:modified_time\" content=\"2023-07-26T12:10:37+00:00\" \/>\n<meta property=\"og:image\" content=\"https:\/\/www.oficinaempleo.com\/blog\/wp-content\/uploads\/2015\/09\/Eric-audras-Gtres-Dest.jpg\" \/>\n\t<meta property=\"og:image:width\" content=\"480\" \/>\n\t<meta property=\"og:image:height\" content=\"290\" \/>\n\t<meta property=\"og:image:type\" content=\"image\/jpeg\" \/>\n<meta name=\"author\" content=\"Carolina Ca\u00f1ada\" \/>\n<meta name=\"twitter:card\" content=\"summary_large_image\" \/>\n<meta name=\"twitter:creator\" content=\"@OficinaEmpleo\" \/>\n<meta name=\"twitter:site\" content=\"@OficinaEmpleo\" \/>\n<meta name=\"twitter:label1\" content=\"Written by\" \/>\n\t<meta name=\"twitter:data1\" content=\"Carolina Ca\u00f1ada\" \/>\n\t<meta name=\"twitter:label2\" content=\"Est. reading time\" \/>\n\t<meta name=\"twitter:data2\" content=\"2 minutos\" \/>\n<script type=\"application\/ld+json\" class=\"yoast-schema-graph\">{\"@context\":\"https:\/\/schema.org\",\"@graph\":[{\"@type\":\"Article\",\"@id\":\"https:\/\/www.oficinaempleo.com\/blog\/como-afecta-tu-peinado-en-una-entrevista-de-trabajo\/#article\",\"isPartOf\":{\"@id\":\"https:\/\/www.oficinaempleo.com\/blog\/como-afecta-tu-peinado-en-una-entrevista-de-trabajo\/\"},\"author\":{\"name\":\"Carolina Ca\u00f1ada\",\"@id\":\"https:\/\/www.oficinaempleo.com\/blog\/#\/schema\/person\/323628fee432f5770d26b0dbb82f8496\"},\"headline\":\"\u00bfC\u00f3mo afecta tu peinado en una entrevista de trabajo?\",\"datePublished\":\"2023-07-26T10:00:38+00:00\",\"dateModified\":\"2023-07-26T12:10:37+00:00\",\"mainEntityOfPage\":{\"@id\":\"https:\/\/www.oficinaempleo.com\/blog\/como-afecta-tu-peinado-en-una-entrevista-de-trabajo\/\"},\"wordCount\":449,\"commentCount\":1,\"publisher\":{\"@id\":\"https:\/\/www.oficinaempleo.com\/blog\/#organization\"},\"image\":{\"@id\":\"https:\/\/www.oficinaempleo.com\/blog\/como-afecta-tu-peinado-en-una-entrevista-de-trabajo\/#primaryimage\"},\"thumbnailUrl\":\"https:\/\/www.oficinaempleo.com\/blog\/wp-content\/uploads\/2015\/09\/Eric-audras-Gtres-Dest.jpg\",\"keywords\":[\"consejos para una entrevista de trabajo\",\"desconfianza\",\"entrevista de trabajo\",\"formalidad\",\"fuerza\",\"inteligencia\",\"libertad de expresi\u00f3n\",\"mente abierta\",\"peinado\",\"puesto de trabajo de responsabilidad\",\"responsabilidad\",\"responsabilidad empleado\",\"seguridad\",\"seriedad en el trabajo\"],\"articleSection\":[\"Consejos y Recursos\"],\"inLanguage\":\"es\",\"potentialAction\":[{\"@type\":\"CommentAction\",\"name\":\"Comment\",\"target\":[\"https:\/\/www.oficinaempleo.com\/blog\/como-afecta-tu-peinado-en-una-entrevista-de-trabajo\/#respond\"]}]},{\"@type\":\"WebPage\",\"@id\":\"https:\/\/www.oficinaempleo.com\/blog\/como-afecta-tu-peinado-en-una-entrevista-de-trabajo\/\",\"url\":\"https:\/\/www.oficinaempleo.com\/blog\/como-afecta-tu-peinado-en-una-entrevista-de-trabajo\/\",\"name\":\"\u00bfC\u00f3mo afecta tu peinado en una entrevista de trabajo? - Oficina Empleo\",\"isPartOf\":{\"@id\":\"https:\/\/www.oficinaempleo.com\/blog\/#website\"},\"primaryImageOfPage\":{\"@id\":\"https:\/\/www.oficinaempleo.com\/blog\/como-afecta-tu-peinado-en-una-entrevista-de-trabajo\/#primaryimage\"},\"image\":{\"@id\":\"https:\/\/www.oficinaempleo.com\/blog\/como-afecta-tu-peinado-en-una-entrevista-de-trabajo\/#primaryimage\"},\"thumbnailUrl\":\"https:\/\/www.oficinaempleo.com\/blog\/wp-content\/uploads\/2015\/09\/Eric-audras-Gtres-Dest.jpg\",\"datePublished\":\"2023-07-26T10:00:38+00:00\",\"dateModified\":\"2023-07-26T12:10:37+00:00\",\"description\":\"A d\u00eda de hoy podemos ver m\u00faltiples cortes de pelo pero \u00bfsabes c\u00f3mo pueden influir en tu entrevista de trabajo? \u00a1Entra y desc\u00fabrelo aqui!\",\"breadcrumb\":{\"@id\":\"https:\/\/www.oficinaempleo.com\/blog\/como-afecta-tu-peinado-en-una-entrevista-de-trabajo\/#breadcrumb\"},\"inLanguage\":\"es\",\"potentialAction\":[{\"@type\":\"ReadAction\",\"target\":[\"https:\/\/www.oficinaempleo.com\/blog\/como-afecta-tu-peinado-en-una-entrevista-de-trabajo\/\"]}]},{\"@type\":\"ImageObject\",\"inLanguage\":\"es\",\"@id\":\"https:\/\/www.oficinaempleo.com\/blog\/como-afecta-tu-peinado-en-una-entrevista-de-trabajo\/#primaryimage\",\"url\":\"https:\/\/www.oficinaempleo.com\/blog\/wp-content\/uploads\/2015\/09\/Eric-audras-Gtres-Dest.jpg\",\"contentUrl\":\"https:\/\/www.oficinaempleo.com\/blog\/wp-content\/uploads\/2015\/09\/Eric-audras-Gtres-Dest.jpg\",\"width\":480,\"height\":290},{\"@type\":\"BreadcrumbList\",\"@id\":\"https:\/\/www.oficinaempleo.com\/blog\/como-afecta-tu-peinado-en-una-entrevista-de-trabajo\/#breadcrumb\",\"itemListElement\":[{\"@type\":\"ListItem\",\"position\":1,\"name\":\"Home\",\"item\":\"https:\/\/www.oficinaempleo.com\/blog\/\"},{\"@type\":\"ListItem\",\"position\":2,\"name\":\"\u00bfC\u00f3mo afecta tu peinado en una entrevista de trabajo?\"}]},{\"@type\":\"WebSite\",\"@id\":\"https:\/\/www.oficinaempleo.com\/blog\/#website\",\"url\":\"https:\/\/www.oficinaempleo.com\/blog\/\",\"name\":\"Noticias y Consejos de Empleo | Blog OficinaEmpleo\",\"description\":\"\",\"publisher\":{\"@id\":\"https:\/\/www.oficinaempleo.com\/blog\/#organization\"},\"potentialAction\":[{\"@type\":\"SearchAction\",\"target\":{\"@type\":\"EntryPoint\",\"urlTemplate\":\"https:\/\/www.oficinaempleo.com\/blog\/?s={search_term_string}\"},\"query-input\":{\"@type\":\"PropertyValueSpecification\",\"valueRequired\":true,\"valueName\":\"search_term_string\"}}],\"inLanguage\":\"es\"},{\"@type\":\"Organization\",\"@id\":\"https:\/\/www.oficinaempleo.com\/blog\/#organization\",\"name\":\"OficinaEmpleo\",\"url\":\"https:\/\/www.oficinaempleo.com\/blog\/\",\"logo\":{\"@type\":\"ImageObject\",\"inLanguage\":\"es\",\"@id\":\"https:\/\/www.oficinaempleo.com\/blog\/#\/schema\/logo\/image\/\",\"url\":\"https:\/\/www.oficinaempleo.com\/blog\/wp-content\/uploads\/2018\/10\/logo_footer-1.jpg\",\"contentUrl\":\"https:\/\/www.oficinaempleo.com\/blog\/wp-content\/uploads\/2018\/10\/logo_footer-1.jpg\",\"width\":478,\"height\":57,\"caption\":\"OficinaEmpleo\"},\"image\":{\"@id\":\"https:\/\/www.oficinaempleo.com\/blog\/#\/schema\/logo\/image\/\"},\"sameAs\":[\"https:\/\/x.com\/OficinaEmpleo\"]},{\"@type\":\"Person\",\"@id\":\"https:\/\/www.oficinaempleo.com\/blog\/#\/schema\/person\/323628fee432f5770d26b0dbb82f8496\",\"name\":\"Carolina Ca\u00f1ada\",\"image\":{\"@type\":\"ImageObject\",\"inLanguage\":\"es\",\"@id\":\"https:\/\/www.oficinaempleo.com\/blog\/#\/schema\/person\/image\/\",\"url\":\"https:\/\/secure.gravatar.com\/avatar\/b720a551eff58f7a1afeb82a3d3442e999d6b8964153be6a496d509889a64831?s=96&d=mm&r=g\",\"contentUrl\":\"https:\/\/secure.gravatar.com\/avatar\/b720a551eff58f7a1afeb82a3d3442e999d6b8964153be6a496d509889a64831?s=96&d=mm&r=g\",\"caption\":\"Carolina Ca\u00f1ada\"},\"url\":\"https:\/\/www.oficinaempleo.com\/blog\/author\/carolina\/\"}]}<\/script>\n<!-- \/ Yoast SEO plugin. -->","yoast_head_json":{"title":"\u00bfC\u00f3mo afecta tu peinado en una entrevista de trabajo? - Oficina Empleo","description":"A d\u00eda de hoy podemos ver m\u00faltiples cortes de pelo pero \u00bfsabes c\u00f3mo pueden influir en tu entrevista de trabajo? \u00a1Entra y desc\u00fabrelo aqui!","robots":{"index":"index","follow":"follow","max-snippet":"max-snippet:-1","max-image-preview":"max-image-preview:large","max-video-preview":"max-video-preview:-1"},"canonical":"https:\/\/www.oficinaempleo.com\/blog\/como-afecta-tu-peinado-en-una-entrevista-de-trabajo\/","og_locale":"es_ES","og_type":"article","og_title":"\u00bfC\u00f3mo afecta tu peinado en una entrevista de trabajo? - Oficina Empleo","og_description":"A d\u00eda de hoy podemos ver m\u00faltiples cortes de pelo pero \u00bfsabes c\u00f3mo pueden influir en tu entrevista de trabajo? \u00a1Entra y desc\u00fabrelo aqui!","og_url":"https:\/\/www.oficinaempleo.com\/blog\/como-afecta-tu-peinado-en-una-entrevista-de-trabajo\/","og_site_name":"Noticias y consejos de empleo | Blog OficinaEmpleo","article_published_time":"2023-07-26T10:00:38+00:00","article_modified_time":"2023-07-26T12:10:37+00:00","og_image":[{"width":480,"height":290,"url":"https:\/\/www.oficinaempleo.com\/blog\/wp-content\/uploads\/2015\/09\/Eric-audras-Gtres-Dest.jpg","type":"image\/jpeg"}],"author":"Carolina Ca\u00f1ada","twitter_card":"summary_large_image","twitter_creator":"@OficinaEmpleo","twitter_site":"@OficinaEmpleo","twitter_misc":{"Written by":"Carolina Ca\u00f1ada","Est. reading time":"2 minutos"},"schema":{"@context":"https:\/\/schema.org","@graph":[{"@type":"Article","@id":"https:\/\/www.oficinaempleo.com\/blog\/como-afecta-tu-peinado-en-una-entrevista-de-trabajo\/#article","isPartOf":{"@id":"https:\/\/www.oficinaempleo.com\/blog\/como-afecta-tu-peinado-en-una-entrevista-de-trabajo\/"},"author":{"name":"Carolina Ca\u00f1ada","@id":"https:\/\/www.oficinaempleo.com\/blog\/#\/schema\/person\/323628fee432f5770d26b0dbb82f8496"},"headline":"\u00bfC\u00f3mo afecta tu peinado en una entrevista de trabajo?","datePublished":"2023-07-26T10:00:38+00:00","dateModified":"2023-07-26T12:10:37+00:00","mainEntityOfPage":{"@id":"https:\/\/www.oficinaempleo.com\/blog\/como-afecta-tu-peinado-en-una-entrevista-de-trabajo\/"},"wordCount":449,"commentCount":1,"publisher":{"@id":"https:\/\/www.oficinaempleo.com\/blog\/#organization"},"image":{"@id":"https:\/\/www.oficinaempleo.com\/blog\/como-afecta-tu-peinado-en-una-entrevista-de-trabajo\/#primaryimage"},"thumbnailUrl":"https:\/\/www.oficinaempleo.com\/blog\/wp-content\/uploads\/2015\/09\/Eric-audras-Gtres-Dest.jpg","keywords":["consejos para una entrevista de trabajo","desconfianza","entrevista de trabajo","formalidad","fuerza","inteligencia","libertad de expresi\u00f3n","mente abierta","peinado","puesto de trabajo de responsabilidad","responsabilidad","responsabilidad empleado","seguridad","seriedad en el trabajo"],"articleSection":["Consejos y Recursos"],"inLanguage":"es","potentialAction":[{"@type":"CommentAction","name":"Comment","target":["https:\/\/www.oficinaempleo.com\/blog\/como-afecta-tu-peinado-en-una-entrevista-de-trabajo\/#respond"]}]},{"@type":"WebPage","@id":"https:\/\/www.oficinaempleo.com\/blog\/como-afecta-tu-peinado-en-una-entrevista-de-trabajo\/","url":"https:\/\/www.oficinaempleo.com\/blog\/como-afecta-tu-peinado-en-una-entrevista-de-trabajo\/","name":"\u00bfC\u00f3mo afecta tu peinado en una entrevista de trabajo? - Oficina Empleo","isPartOf":{"@id":"https:\/\/www.oficinaempleo.com\/blog\/#website"},"primaryImageOfPage":{"@id":"https:\/\/www.oficinaempleo.com\/blog\/como-afecta-tu-peinado-en-una-entrevista-de-trabajo\/#primaryimage"},"image":{"@id":"https:\/\/www.oficinaempleo.com\/blog\/como-afecta-tu-peinado-en-una-entrevista-de-trabajo\/#primaryimage"},"thumbnailUrl":"https:\/\/www.oficinaempleo.com\/blog\/wp-content\/uploads\/2015\/09\/Eric-audras-Gtres-Dest.jpg","datePublished":"2023-07-26T10:00:38+00:00","dateModified":"2023-07-26T12:10:37+00:00","description":"A d\u00eda de hoy podemos ver m\u00faltiples cortes de pelo pero \u00bfsabes c\u00f3mo pueden influir en tu entrevista de trabajo? \u00a1Entra y desc\u00fabrelo aqui!","breadcrumb":{"@id":"https:\/\/www.oficinaempleo.com\/blog\/como-afecta-tu-peinado-en-una-entrevista-de-trabajo\/#breadcrumb"},"inLanguage":"es","potentialAction":[{"@type":"ReadAction","target":["https:\/\/www.oficinaempleo.com\/blog\/como-afecta-tu-peinado-en-una-entrevista-de-trabajo\/"]}]},{"@type":"ImageObject","inLanguage":"es","@id":"https:\/\/www.oficinaempleo.com\/blog\/como-afecta-tu-peinado-en-una-entrevista-de-trabajo\/#primaryimage","url":"https:\/\/www.oficinaempleo.com\/blog\/wp-content\/uploads\/2015\/09\/Eric-audras-Gtres-Dest.jpg","contentUrl":"https:\/\/www.oficinaempleo.com\/blog\/wp-content\/uploads\/2015\/09\/Eric-audras-Gtres-Dest.jpg","width":480,"height":290},{"@type":"BreadcrumbList","@id":"https:\/\/www.oficinaempleo.com\/blog\/como-afecta-tu-peinado-en-una-entrevista-de-trabajo\/#breadcrumb","itemListElement":[{"@type":"ListItem","position":1,"name":"Home","item":"https:\/\/www.oficinaempleo.com\/blog\/"},{"@type":"ListItem","position":2,"name":"\u00bfC\u00f3mo afecta tu peinado en una entrevista de trabajo?"}]},{"@type":"WebSite","@id":"https:\/\/www.oficinaempleo.com\/blog\/#website","url":"https:\/\/www.oficinaempleo.com\/blog\/","name":"Noticias y Consejos de Empleo | Blog OficinaEmpleo","description":"","publisher":{"@id":"https:\/\/www.oficinaempleo.com\/blog\/#organization"},"potentialAction":[{"@type":"SearchAction","target":{"@type":"EntryPoint","urlTemplate":"https:\/\/www.oficinaempleo.com\/blog\/?s={search_term_string}"},"query-input":{"@type":"PropertyValueSpecification","valueRequired":true,"valueName":"search_term_string"}}],"inLanguage":"es"},{"@type":"Organization","@id":"https:\/\/www.oficinaempleo.com\/blog\/#organization","name":"OficinaEmpleo","url":"https:\/\/www.oficinaempleo.com\/blog\/","logo":{"@type":"ImageObject","inLanguage":"es","@id":"https:\/\/www.oficinaempleo.com\/blog\/#\/schema\/logo\/image\/","url":"https:\/\/www.oficinaempleo.com\/blog\/wp-content\/uploads\/2018\/10\/logo_footer-1.jpg","contentUrl":"https:\/\/www.oficinaempleo.com\/blog\/wp-content\/uploads\/2018\/10\/logo_footer-1.jpg","width":478,"height":57,"caption":"OficinaEmpleo"},"image":{"@id":"https:\/\/www.oficinaempleo.com\/blog\/#\/schema\/logo\/image\/"},"sameAs":["https:\/\/x.com\/OficinaEmpleo"]},{"@type":"Person","@id":"https:\/\/www.oficinaempleo.com\/blog\/#\/schema\/person\/323628fee432f5770d26b0dbb82f8496","name":"Carolina Ca\u00f1ada","image":{"@type":"ImageObject","inLanguage":"es","@id":"https:\/\/www.oficinaempleo.com\/blog\/#\/schema\/person\/image\/","url":"https:\/\/secure.gravatar.com\/avatar\/b720a551eff58f7a1afeb82a3d3442e999d6b8964153be6a496d509889a64831?s=96&d=mm&r=g","contentUrl":"https:\/\/secure.gravatar.com\/avatar\/b720a551eff58f7a1afeb82a3d3442e999d6b8964153be6a496d509889a64831?s=96&d=mm&r=g","caption":"Carolina Ca\u00f1ada"},"url":"https:\/\/www.oficinaempleo.com\/blog\/author\/carolina\/"}]}},"_links":{"self":[{"href":"https:\/\/www.oficinaempleo.com\/blog\/wp-json\/wp\/v2\/posts\/7435","targetHints":{"allow":["GET"]}}],"collection":[{"href":"https:\/\/www.oficinaempleo.com\/blog\/wp-json\/wp\/v2\/posts"}],"about":[{"href":"https:\/\/www.oficinaempleo.com\/blog\/wp-json\/wp\/v2\/types\/post"}],"author":[{"embeddable":true,"href":"https:\/\/www.oficinaempleo.com\/blog\/wp-json\/wp\/v2\/users\/6"}],"replies":[{"embeddable":true,"href":"https:\/\/www.oficinaempleo.com\/blog\/wp-json\/wp\/v2\/comments?post=7435"}],"version-history":[{"count":1,"href":"https:\/\/www.oficinaempleo.com\/blog\/wp-json\/wp\/v2\/posts\/7435\/revisions"}],"predecessor-version":[{"id":32764,"href":"https:\/\/www.oficinaempleo.com\/blog\/wp-json\/wp\/v2\/posts\/7435\/revisions\/32764"}],"wp:featuredmedia":[{"embeddable":true,"href":"https:\/\/www.oficinaempleo.com\/blog\/wp-json\/wp\/v2\/media\/7439"}],"wp:attachment":[{"href":"https:\/\/www.oficinaempleo.com\/blog\/wp-json\/wp\/v2\/media?parent=7435"}],"wp:term":[{"taxonomy":"category","embeddable":true,"href":"https:\/\/www.oficinaempleo.com\/blog\/wp-json\/wp\/v2\/categories?post=7435"},{"taxonomy":"post_tag","embeddable":true,"href":"https:\/\/www.oficinaempleo.com\/blog\/wp-json\/wp\/v2\/tags?post=7435"}],"curies":[{"name":"wp","href":"https:\/\/api.w.org\/{rel}","templated":true}]}}