{"id":76,"date":"2014-12-23T10:15:37","date_gmt":"2014-12-23T09:15:37","guid":{"rendered":"http:\/\/blog.oficinaempleo.com\/?p=76"},"modified":"2015-01-14T12:39:27","modified_gmt":"2015-01-14T11:39:27","slug":"superar-el-primer-dia-de-trabajo","status":"publish","type":"post","link":"https:\/\/www.oficinaempleo.com\/blog\/superar-el-primer-dia-de-trabajo\/","title":{"rendered":"Superar el primer d\u00eda de trabajo"},"content":{"rendered":"<p>Una vez que alguien se convierte en el afortunado que ha <strong>conseguido un<\/strong> <strong>nuevo empleo<\/strong>,  toca <strong>enfrentarse con el primer d\u00eda en su nuevo puesto<\/strong>. La <strong>primera jornada laboral no siempre es f\u00e1cil<\/strong> porque son muchas las incertidumbres: \u00bfc\u00f3mo ser\u00e1n los compa\u00f1eros?,  \u00bfel jefe?,  \u00bfencajar\u00e9 r\u00e1pidamente? y los nervios pueden pasar factura.<\/p>\n<p><img loading=\"lazy\" decoding=\"async\" class=\"aligncenter wp-image-2195\" src=\"http:\/\/www.oficinaempleo.com\/blog\/wp-content\/uploads\/2011\/05\/superar-el-primer-dia-de-trabajo-1024x535.jpg\" alt=\"C\u00f3mo superar el primer d\u00eda de trabajo\" width=\"650\" height=\"339\" srcset=\"https:\/\/www.oficinaempleo.com\/blog\/wp-content\/uploads\/2011\/05\/superar-el-primer-dia-de-trabajo-1024x535.jpg 1024w, https:\/\/www.oficinaempleo.com\/blog\/wp-content\/uploads\/2011\/05\/superar-el-primer-dia-de-trabajo-300x156.jpg 300w, https:\/\/www.oficinaempleo.com\/blog\/wp-content\/uploads\/2011\/05\/superar-el-primer-dia-de-trabajo-290x150.jpg 290w, https:\/\/www.oficinaempleo.com\/blog\/wp-content\/uploads\/2011\/05\/superar-el-primer-dia-de-trabajo-280x146.jpg 280w, https:\/\/www.oficinaempleo.com\/blog\/wp-content\/uploads\/2011\/05\/superar-el-primer-dia-de-trabajo.jpg 1200w\" sizes=\"auto, (max-width: 650px) 100vw, 650px\" \/><\/p>\n<p>Para intentar \u201csufrir\u201d lo menos posible es ese ansiado comienzo en el nuevo puesto de la etapa laboral y comenzar con buen pie, desde <strong><a title=\"Oficina de empleo\" href=\"http:\/\/blog.oficinaempleo.com\/\" >Oficina de Empleo<\/a><\/strong> proponemos algunos consejos.<\/p>\n<ul>\n<li>Autoconfianza. Es la base al enfrentarse a nuevos retos en el<strong> \u00e1mbito laboral<\/strong> y en la vida en general. Hay que ser positivo, confiar en nuestros conocimientos y profesionalidad y pensar que si hab\u00e9is sido seleccionados es porque tener las cualidades que el puesto requiere. Esta actitud ser\u00e1 percibida positivamente por los dem\u00e1s y crear\u00e1 un buen ambiente.<\/li>\n<li><strong>Ser puntual<\/strong>, no solo en el primer d\u00eda sino siempre, es una norma b\u00e1sica de educaci\u00f3n que se debe mantener especialmente en el entono laboral. El primer d\u00eda se debe llegar con unos minutos de antelaci\u00f3n para evitar imprevistos y hacerse con el entorno antes de ser recibido por alg\u00fan miembro de la empresa.<\/li>\n<li>Hacer los deberes, es decir, <strong>informarse sobre la empresa<\/strong>. Normalmente al enfrentarse a una entrevista este paso se suele realizar pero aumentar nuestros conocimientos sobre nuestra nueva etapa es positivo para que cuando nos informen de ciertos aspectos no nos \u201cpillen desprevenidos\u201d. Es importante conocer la historia, preguntar a personas cercanas a la compa\u00f1\u00eda, su estructura y funcionamiento, directivos y altos cargos\u2026<\/li>\n<li>Como ocurre habitualmente en las relaciones personales, la primera impresi\u00f3n es fundamental. Es cierto que con el tiempo se puede cambiar (tanto a bien como a mal) pero en la medida de lo posible hay que intentar que la <strong>primera imagen que se creen de nosotros sea positiva<\/strong>. Por ello, debemos <strong>cuidar aspectos<\/strong> como el lenguaje corporal, la forma de expresarnos y la vestimenta que llevamos. Nuestra mejor tarjeta de visita es la sonrisa, que nunca debe parecer forzada. Al expresarnos, debemos ser educados, prudentes, amables y seguros.<\/li>\n<li>Para ayudar a la formaci\u00f3n de una primera impresi\u00f3n positiva, es importante <strong>apuntar todos aquellos aspectos relevantes<\/strong> o que percibamos que necesitaremos en el d\u00eda a d\u00eda. Por ello, es mejor tener un cuaderno o libreta a mano adem\u00e1s de un bol\u00edgrafo, esto adem\u00e1s demostrar\u00e1 nuestra actitud proactiva y las ganas de trabajar.<\/li>\n<li>El primer d\u00eda, adem\u00e1s de estar cargado de mucha informaci\u00f3n, requiere conocer a decenas de personas. Es importante <strong>retener en la medida de lo posible el mayor n\u00famero posible de nombres personales<\/strong> especialmente de los jefes y compa\u00f1eros m\u00e1s directos. Adem\u00e1s es importante <strong>localizar y retener los lugares<\/strong> que habitualmente tendr\u00e1s que utilizar: puesto de trabajo, fotocopiadoras, aseos\u2026<\/li>\n<li><strong>Ser natural<\/strong> es fundamental, hay que intentar unirse al grupo de forma natural, sin olvidar que cada persona tiene su tiempo. No hay que forzar la situaci\u00f3n, los compa\u00f1eros acabar\u00e1n integr\u00e1ndoos en su grupo. Pero ello es adecuado ser prudente con las participaciones y escuchar. Una buena estrategia es conocer c\u00f3mo son las personas del grupo, c\u00f3mo se relacionan entre ellos, c\u00f3mo se comportan y dirigen frente a los jefes\u2026<\/li>\n<li>En el d\u00eda a d\u00eda y desde el primer instante hasta el \u00faltimo hay que <strong>estar predispuesto a aprender<\/strong>, mostrando inter\u00e9s tanto en los objetivos generales de la empresa como en los departamentales y personales. Y <strong>ser proactivo<\/strong> para poco a poco ganarse la confianza de todos y demostrar las aptitudes profesionales que se tienen.<\/li>\n<\/ul>\n<p>Eso s\u00ed, no olvidar que es el primer d\u00eda, no hay que exigirse en exceso y <strong>nadie puede rendir al 100% desde el minuto uno<\/strong>. Todos necesitamos un periodo de adaptaci\u00f3n y aprendizaje de las tareas y de las relaciones personales, pero siguiendo los anteriores \u00edtems seguro que todo ser\u00e1 m\u00e1s f\u00e1cil.<\/p>\n<p>Reg\u00edstrate en <strong><a title=\"Blog de Oficina Empleo\" href=\"http:\/\/www.oficinaempleo.com\/jobseekers\/registration.php?ref=blog\" >OficinaEmpleo<\/a> <\/strong>si te parece interesante el contenido y recibe nuestra newsletter y alertas de empleo.<\/p>\n<address>Actualizaci\u00f3n del post publicado en mayo de 2011.<\/address>\n","protected":false},"excerpt":{"rendered":"<p>Consejos y recursos para empezar con \u00e9xito el primer d\u00eda de trabajo <\/p>\n","protected":false},"author":2,"featured_media":2195,"comment_status":"open","ping_status":"open","sticky":false,"template":"","format":"standard","meta":{"footnotes":""},"categories":[12],"tags":[52,49,54,29,48,51,53,50],"class_list":["post-76","post","type-post","status-publish","format-standard","has-post-thumbnail","hentry","category-consejos-y-recursos","tag-ambito-laboral","tag-conseguir-un-empleo","tag-emplezar-trabajo-nuevo","tag-mundo-laboral","tag-nuevo-trabajo","tag-oficina-de-empleo","tag-primer-dia-de-trabajo","tag-primer-dia-laboral","cat-12-id","has_thumb"],"yoast_head":"<!-- This site is optimized with the Yoast SEO plugin v27.1.1 - https:\/\/yoast.com\/product\/yoast-seo-wordpress\/ -->\n<title>Superar el primer d\u00eda de trabajo - Blog OficinaEmpleo<\/title>\n<meta name=\"robots\" content=\"index, follow, max-snippet:-1, max-image-preview:large, max-video-preview:-1\" \/>\n<link rel=\"canonical\" href=\"https:\/\/www.oficinaempleo.com\/blog\/superar-el-primer-dia-de-trabajo\/\" \/>\n<meta property=\"og:locale\" content=\"es_ES\" \/>\n<meta property=\"og:type\" content=\"article\" \/>\n<meta property=\"og:title\" content=\"Superar el primer d\u00eda de trabajo - Blog OficinaEmpleo\" \/>\n<meta property=\"og:description\" content=\"Consejos y recursos para empezar con \u00e9xito el primer d\u00eda de trabajo\" \/>\n<meta property=\"og:url\" content=\"https:\/\/www.oficinaempleo.com\/blog\/superar-el-primer-dia-de-trabajo\/\" \/>\n<meta property=\"og:site_name\" content=\"Noticias y consejos de empleo | Blog OficinaEmpleo\" \/>\n<meta property=\"article:author\" content=\"https:\/\/www.facebook.com\/OficinaEmpleo\" \/>\n<meta property=\"article:published_time\" content=\"2014-12-23T09:15:37+00:00\" \/>\n<meta property=\"article:modified_time\" content=\"2015-01-14T11:39:27+00:00\" \/>\n<meta property=\"og:image\" content=\"https:\/\/www.oficinaempleo.com\/blog\/wp-content\/uploads\/2011\/05\/superar-el-primer-dia-de-trabajo.jpg\" \/>\n\t<meta property=\"og:image:width\" content=\"1200\" \/>\n\t<meta property=\"og:image:height\" content=\"627\" \/>\n\t<meta property=\"og:image:type\" content=\"image\/jpeg\" \/>\n<meta name=\"author\" content=\"OficinaEmpleo\" \/>\n<meta name=\"twitter:card\" content=\"summary_large_image\" \/>\n<meta name=\"twitter:creator\" content=\"@OficinaEmpleo\" \/>\n<meta name=\"twitter:site\" content=\"@OficinaEmpleo\" \/>\n<meta name=\"twitter:label1\" content=\"Written by\" \/>\n\t<meta name=\"twitter:data1\" content=\"OficinaEmpleo\" \/>\n\t<meta name=\"twitter:label2\" content=\"Est. reading time\" \/>\n\t<meta name=\"twitter:data2\" content=\"4 minutos\" \/>\n<script type=\"application\/ld+json\" class=\"yoast-schema-graph\">{\"@context\":\"https:\/\/schema.org\",\"@graph\":[{\"@type\":\"Article\",\"@id\":\"https:\/\/www.oficinaempleo.com\/blog\/superar-el-primer-dia-de-trabajo\/#article\",\"isPartOf\":{\"@id\":\"https:\/\/www.oficinaempleo.com\/blog\/superar-el-primer-dia-de-trabajo\/\"},\"author\":{\"name\":\"OficinaEmpleo\",\"@id\":\"https:\/\/www.oficinaempleo.com\/blog\/#\/schema\/person\/a7f3437f35bd6bd9ad19addae529a114\"},\"headline\":\"Superar el primer d\u00eda de trabajo\",\"datePublished\":\"2014-12-23T09:15:37+00:00\",\"dateModified\":\"2015-01-14T11:39:27+00:00\",\"mainEntityOfPage\":{\"@id\":\"https:\/\/www.oficinaempleo.com\/blog\/superar-el-primer-dia-de-trabajo\/\"},\"wordCount\":709,\"commentCount\":0,\"publisher\":{\"@id\":\"https:\/\/www.oficinaempleo.com\/blog\/#organization\"},\"image\":{\"@id\":\"https:\/\/www.oficinaempleo.com\/blog\/superar-el-primer-dia-de-trabajo\/#primaryimage\"},\"thumbnailUrl\":\"https:\/\/www.oficinaempleo.com\/blog\/wp-content\/uploads\/2011\/05\/superar-el-primer-dia-de-trabajo.jpg\",\"keywords\":[\"\u00e1mbito laboral\",\"conseguir un empleo\",\"emplezar trabajo nuevo\",\"mundo laboral\",\"nuevo trabajo\",\"Oficina de Empleo\",\"primer dia de trabajo\",\"primer d\u00eda laboral\"],\"articleSection\":[\"Consejos y Recursos\"],\"inLanguage\":\"es\",\"potentialAction\":[{\"@type\":\"CommentAction\",\"name\":\"Comment\",\"target\":[\"https:\/\/www.oficinaempleo.com\/blog\/superar-el-primer-dia-de-trabajo\/#respond\"]}]},{\"@type\":\"WebPage\",\"@id\":\"https:\/\/www.oficinaempleo.com\/blog\/superar-el-primer-dia-de-trabajo\/\",\"url\":\"https:\/\/www.oficinaempleo.com\/blog\/superar-el-primer-dia-de-trabajo\/\",\"name\":\"Superar el primer d\u00eda de trabajo - Blog OficinaEmpleo\",\"isPartOf\":{\"@id\":\"https:\/\/www.oficinaempleo.com\/blog\/#website\"},\"primaryImageOfPage\":{\"@id\":\"https:\/\/www.oficinaempleo.com\/blog\/superar-el-primer-dia-de-trabajo\/#primaryimage\"},\"image\":{\"@id\":\"https:\/\/www.oficinaempleo.com\/blog\/superar-el-primer-dia-de-trabajo\/#primaryimage\"},\"thumbnailUrl\":\"https:\/\/www.oficinaempleo.com\/blog\/wp-content\/uploads\/2011\/05\/superar-el-primer-dia-de-trabajo.jpg\",\"datePublished\":\"2014-12-23T09:15:37+00:00\",\"dateModified\":\"2015-01-14T11:39:27+00:00\",\"breadcrumb\":{\"@id\":\"https:\/\/www.oficinaempleo.com\/blog\/superar-el-primer-dia-de-trabajo\/#breadcrumb\"},\"inLanguage\":\"es\",\"potentialAction\":[{\"@type\":\"ReadAction\",\"target\":[\"https:\/\/www.oficinaempleo.com\/blog\/superar-el-primer-dia-de-trabajo\/\"]}]},{\"@type\":\"ImageObject\",\"inLanguage\":\"es\",\"@id\":\"https:\/\/www.oficinaempleo.com\/blog\/superar-el-primer-dia-de-trabajo\/#primaryimage\",\"url\":\"https:\/\/www.oficinaempleo.com\/blog\/wp-content\/uploads\/2011\/05\/superar-el-primer-dia-de-trabajo.jpg\",\"contentUrl\":\"https:\/\/www.oficinaempleo.com\/blog\/wp-content\/uploads\/2011\/05\/superar-el-primer-dia-de-trabajo.jpg\",\"width\":1200,\"height\":627,\"caption\":\"C\u00f3mo superar el primer d\u00eda de trabajo\"},{\"@type\":\"BreadcrumbList\",\"@id\":\"https:\/\/www.oficinaempleo.com\/blog\/superar-el-primer-dia-de-trabajo\/#breadcrumb\",\"itemListElement\":[{\"@type\":\"ListItem\",\"position\":1,\"name\":\"Home\",\"item\":\"https:\/\/www.oficinaempleo.com\/blog\/\"},{\"@type\":\"ListItem\",\"position\":2,\"name\":\"Superar el primer d\u00eda de trabajo\"}]},{\"@type\":\"WebSite\",\"@id\":\"https:\/\/www.oficinaempleo.com\/blog\/#website\",\"url\":\"https:\/\/www.oficinaempleo.com\/blog\/\",\"name\":\"Noticias y Consejos de Empleo | Blog OficinaEmpleo\",\"description\":\"\",\"publisher\":{\"@id\":\"https:\/\/www.oficinaempleo.com\/blog\/#organization\"},\"potentialAction\":[{\"@type\":\"SearchAction\",\"target\":{\"@type\":\"EntryPoint\",\"urlTemplate\":\"https:\/\/www.oficinaempleo.com\/blog\/?s={search_term_string}\"},\"query-input\":{\"@type\":\"PropertyValueSpecification\",\"valueRequired\":true,\"valueName\":\"search_term_string\"}}],\"inLanguage\":\"es\"},{\"@type\":\"Organization\",\"@id\":\"https:\/\/www.oficinaempleo.com\/blog\/#organization\",\"name\":\"OficinaEmpleo\",\"url\":\"https:\/\/www.oficinaempleo.com\/blog\/\",\"logo\":{\"@type\":\"ImageObject\",\"inLanguage\":\"es\",\"@id\":\"https:\/\/www.oficinaempleo.com\/blog\/#\/schema\/logo\/image\/\",\"url\":\"https:\/\/www.oficinaempleo.com\/blog\/wp-content\/uploads\/2018\/10\/logo_footer-1.jpg\",\"contentUrl\":\"https:\/\/www.oficinaempleo.com\/blog\/wp-content\/uploads\/2018\/10\/logo_footer-1.jpg\",\"width\":478,\"height\":57,\"caption\":\"OficinaEmpleo\"},\"image\":{\"@id\":\"https:\/\/www.oficinaempleo.com\/blog\/#\/schema\/logo\/image\/\"},\"sameAs\":[\"https:\/\/x.com\/OficinaEmpleo\"]},{\"@type\":\"Person\",\"@id\":\"https:\/\/www.oficinaempleo.com\/blog\/#\/schema\/person\/a7f3437f35bd6bd9ad19addae529a114\",\"name\":\"OficinaEmpleo\",\"image\":{\"@type\":\"ImageObject\",\"inLanguage\":\"es\",\"@id\":\"https:\/\/www.oficinaempleo.com\/blog\/#\/schema\/person\/image\/\",\"url\":\"https:\/\/secure.gravatar.com\/avatar\/ea822afb14d7439ba3051d652cf8f548fe540f184ce16a2135fc22c9337bd72e?s=96&d=mm&r=g\",\"contentUrl\":\"https:\/\/secure.gravatar.com\/avatar\/ea822afb14d7439ba3051d652cf8f548fe540f184ce16a2135fc22c9337bd72e?s=96&d=mm&r=g\",\"caption\":\"OficinaEmpleo\"},\"description\":\"En OficinaEmpleo queremos ayudarte a conseguir trabajo. Por eso, adem\u00e1s de ofrecerte ofertas de empleo en nuestro portal, te ense\u00f1amos las novedades del sector, y consejos para mejorar tu perfil.\",\"sameAs\":[\"http:\/\/www.oficinaempleo.com\/\",\"https:\/\/www.facebook.com\/OficinaEmpleo\",\"https:\/\/x.com\/OficinaEmpleo\"],\"url\":\"https:\/\/www.oficinaempleo.com\/blog\/author\/empleo\/\"}]}<\/script>\n<!-- \/ Yoast SEO plugin. -->","yoast_head_json":{"title":"Superar el primer d\u00eda de trabajo - Blog OficinaEmpleo","robots":{"index":"index","follow":"follow","max-snippet":"max-snippet:-1","max-image-preview":"max-image-preview:large","max-video-preview":"max-video-preview:-1"},"canonical":"https:\/\/www.oficinaempleo.com\/blog\/superar-el-primer-dia-de-trabajo\/","og_locale":"es_ES","og_type":"article","og_title":"Superar el primer d\u00eda de trabajo - Blog OficinaEmpleo","og_description":"Consejos y recursos para empezar con \u00e9xito el primer d\u00eda de trabajo","og_url":"https:\/\/www.oficinaempleo.com\/blog\/superar-el-primer-dia-de-trabajo\/","og_site_name":"Noticias y consejos de empleo | Blog OficinaEmpleo","article_author":"https:\/\/www.facebook.com\/OficinaEmpleo","article_published_time":"2014-12-23T09:15:37+00:00","article_modified_time":"2015-01-14T11:39:27+00:00","og_image":[{"width":1200,"height":627,"url":"https:\/\/www.oficinaempleo.com\/blog\/wp-content\/uploads\/2011\/05\/superar-el-primer-dia-de-trabajo.jpg","type":"image\/jpeg"}],"author":"OficinaEmpleo","twitter_card":"summary_large_image","twitter_creator":"@OficinaEmpleo","twitter_site":"@OficinaEmpleo","twitter_misc":{"Written by":"OficinaEmpleo","Est. reading time":"4 minutos"},"schema":{"@context":"https:\/\/schema.org","@graph":[{"@type":"Article","@id":"https:\/\/www.oficinaempleo.com\/blog\/superar-el-primer-dia-de-trabajo\/#article","isPartOf":{"@id":"https:\/\/www.oficinaempleo.com\/blog\/superar-el-primer-dia-de-trabajo\/"},"author":{"name":"OficinaEmpleo","@id":"https:\/\/www.oficinaempleo.com\/blog\/#\/schema\/person\/a7f3437f35bd6bd9ad19addae529a114"},"headline":"Superar el primer d\u00eda de trabajo","datePublished":"2014-12-23T09:15:37+00:00","dateModified":"2015-01-14T11:39:27+00:00","mainEntityOfPage":{"@id":"https:\/\/www.oficinaempleo.com\/blog\/superar-el-primer-dia-de-trabajo\/"},"wordCount":709,"commentCount":0,"publisher":{"@id":"https:\/\/www.oficinaempleo.com\/blog\/#organization"},"image":{"@id":"https:\/\/www.oficinaempleo.com\/blog\/superar-el-primer-dia-de-trabajo\/#primaryimage"},"thumbnailUrl":"https:\/\/www.oficinaempleo.com\/blog\/wp-content\/uploads\/2011\/05\/superar-el-primer-dia-de-trabajo.jpg","keywords":["\u00e1mbito laboral","conseguir un empleo","emplezar trabajo nuevo","mundo laboral","nuevo trabajo","Oficina de Empleo","primer dia de trabajo","primer d\u00eda laboral"],"articleSection":["Consejos y Recursos"],"inLanguage":"es","potentialAction":[{"@type":"CommentAction","name":"Comment","target":["https:\/\/www.oficinaempleo.com\/blog\/superar-el-primer-dia-de-trabajo\/#respond"]}]},{"@type":"WebPage","@id":"https:\/\/www.oficinaempleo.com\/blog\/superar-el-primer-dia-de-trabajo\/","url":"https:\/\/www.oficinaempleo.com\/blog\/superar-el-primer-dia-de-trabajo\/","name":"Superar el primer d\u00eda de trabajo - Blog OficinaEmpleo","isPartOf":{"@id":"https:\/\/www.oficinaempleo.com\/blog\/#website"},"primaryImageOfPage":{"@id":"https:\/\/www.oficinaempleo.com\/blog\/superar-el-primer-dia-de-trabajo\/#primaryimage"},"image":{"@id":"https:\/\/www.oficinaempleo.com\/blog\/superar-el-primer-dia-de-trabajo\/#primaryimage"},"thumbnailUrl":"https:\/\/www.oficinaempleo.com\/blog\/wp-content\/uploads\/2011\/05\/superar-el-primer-dia-de-trabajo.jpg","datePublished":"2014-12-23T09:15:37+00:00","dateModified":"2015-01-14T11:39:27+00:00","breadcrumb":{"@id":"https:\/\/www.oficinaempleo.com\/blog\/superar-el-primer-dia-de-trabajo\/#breadcrumb"},"inLanguage":"es","potentialAction":[{"@type":"ReadAction","target":["https:\/\/www.oficinaempleo.com\/blog\/superar-el-primer-dia-de-trabajo\/"]}]},{"@type":"ImageObject","inLanguage":"es","@id":"https:\/\/www.oficinaempleo.com\/blog\/superar-el-primer-dia-de-trabajo\/#primaryimage","url":"https:\/\/www.oficinaempleo.com\/blog\/wp-content\/uploads\/2011\/05\/superar-el-primer-dia-de-trabajo.jpg","contentUrl":"https:\/\/www.oficinaempleo.com\/blog\/wp-content\/uploads\/2011\/05\/superar-el-primer-dia-de-trabajo.jpg","width":1200,"height":627,"caption":"C\u00f3mo superar el primer d\u00eda de trabajo"},{"@type":"BreadcrumbList","@id":"https:\/\/www.oficinaempleo.com\/blog\/superar-el-primer-dia-de-trabajo\/#breadcrumb","itemListElement":[{"@type":"ListItem","position":1,"name":"Home","item":"https:\/\/www.oficinaempleo.com\/blog\/"},{"@type":"ListItem","position":2,"name":"Superar el primer d\u00eda de trabajo"}]},{"@type":"WebSite","@id":"https:\/\/www.oficinaempleo.com\/blog\/#website","url":"https:\/\/www.oficinaempleo.com\/blog\/","name":"Noticias y Consejos de Empleo | Blog OficinaEmpleo","description":"","publisher":{"@id":"https:\/\/www.oficinaempleo.com\/blog\/#organization"},"potentialAction":[{"@type":"SearchAction","target":{"@type":"EntryPoint","urlTemplate":"https:\/\/www.oficinaempleo.com\/blog\/?s={search_term_string}"},"query-input":{"@type":"PropertyValueSpecification","valueRequired":true,"valueName":"search_term_string"}}],"inLanguage":"es"},{"@type":"Organization","@id":"https:\/\/www.oficinaempleo.com\/blog\/#organization","name":"OficinaEmpleo","url":"https:\/\/www.oficinaempleo.com\/blog\/","logo":{"@type":"ImageObject","inLanguage":"es","@id":"https:\/\/www.oficinaempleo.com\/blog\/#\/schema\/logo\/image\/","url":"https:\/\/www.oficinaempleo.com\/blog\/wp-content\/uploads\/2018\/10\/logo_footer-1.jpg","contentUrl":"https:\/\/www.oficinaempleo.com\/blog\/wp-content\/uploads\/2018\/10\/logo_footer-1.jpg","width":478,"height":57,"caption":"OficinaEmpleo"},"image":{"@id":"https:\/\/www.oficinaempleo.com\/blog\/#\/schema\/logo\/image\/"},"sameAs":["https:\/\/x.com\/OficinaEmpleo"]},{"@type":"Person","@id":"https:\/\/www.oficinaempleo.com\/blog\/#\/schema\/person\/a7f3437f35bd6bd9ad19addae529a114","name":"OficinaEmpleo","image":{"@type":"ImageObject","inLanguage":"es","@id":"https:\/\/www.oficinaempleo.com\/blog\/#\/schema\/person\/image\/","url":"https:\/\/secure.gravatar.com\/avatar\/ea822afb14d7439ba3051d652cf8f548fe540f184ce16a2135fc22c9337bd72e?s=96&d=mm&r=g","contentUrl":"https:\/\/secure.gravatar.com\/avatar\/ea822afb14d7439ba3051d652cf8f548fe540f184ce16a2135fc22c9337bd72e?s=96&d=mm&r=g","caption":"OficinaEmpleo"},"description":"En OficinaEmpleo queremos ayudarte a conseguir trabajo. Por eso, adem\u00e1s de ofrecerte ofertas de empleo en nuestro portal, te ense\u00f1amos las novedades del sector, y consejos para mejorar tu perfil.","sameAs":["http:\/\/www.oficinaempleo.com\/","https:\/\/www.facebook.com\/OficinaEmpleo","https:\/\/x.com\/OficinaEmpleo"],"url":"https:\/\/www.oficinaempleo.com\/blog\/author\/empleo\/"}]}},"_links":{"self":[{"href":"https:\/\/www.oficinaempleo.com\/blog\/wp-json\/wp\/v2\/posts\/76","targetHints":{"allow":["GET"]}}],"collection":[{"href":"https:\/\/www.oficinaempleo.com\/blog\/wp-json\/wp\/v2\/posts"}],"about":[{"href":"https:\/\/www.oficinaempleo.com\/blog\/wp-json\/wp\/v2\/types\/post"}],"author":[{"embeddable":true,"href":"https:\/\/www.oficinaempleo.com\/blog\/wp-json\/wp\/v2\/users\/2"}],"replies":[{"embeddable":true,"href":"https:\/\/www.oficinaempleo.com\/blog\/wp-json\/wp\/v2\/comments?post=76"}],"version-history":[{"count":0,"href":"https:\/\/www.oficinaempleo.com\/blog\/wp-json\/wp\/v2\/posts\/76\/revisions"}],"wp:featuredmedia":[{"embeddable":true,"href":"https:\/\/www.oficinaempleo.com\/blog\/wp-json\/wp\/v2\/media\/2195"}],"wp:attachment":[{"href":"https:\/\/www.oficinaempleo.com\/blog\/wp-json\/wp\/v2\/media?parent=76"}],"wp:term":[{"taxonomy":"category","embeddable":true,"href":"https:\/\/www.oficinaempleo.com\/blog\/wp-json\/wp\/v2\/categories?post=76"},{"taxonomy":"post_tag","embeddable":true,"href":"https:\/\/www.oficinaempleo.com\/blog\/wp-json\/wp\/v2\/tags?post=76"}],"curies":[{"name":"wp","href":"https:\/\/api.w.org\/{rel}","templated":true}]}}