{"id":7621,"date":"2015-09-28T12:17:32","date_gmt":"2015-09-28T10:17:32","guid":{"rendered":"http:\/\/www.oficinaempleo.com\/blog\/?p=7621"},"modified":"2015-09-28T15:53:58","modified_gmt":"2015-09-28T13:53:58","slug":"planes-de-empleo-2015","status":"publish","type":"post","link":"https:\/\/www.oficinaempleo.com\/blog\/planes-de-empleo-2015\/","title":{"rendered":"Planes de Empleo 2015"},"content":{"rendered":"<p style=\"text-align: justify;\"><div class=\"su-button-center\"><a href=\"https:\/\/jobs.oficinaempleo.com\/registro?origen=ORG-web&#038;utm_source=OE&#038;utm_medium=boton_registro&#038;utm_content=homepage&#038;utm_campaign=organic\" class=\"su-button su-button-style-flat\" style=\"color:#FFFFFF;background-color:#ec7d0c;border-color:#bd640a;border-radius:10px\" target=\"__blank\"><span style=\"color:#FFFFFF;padding:8px 26px;font-size:20px;line-height:30px;border-color:#f2a455;border-radius:10px;text-shadow:none\"><i class=\"sui sui-arrow-circle-right\" style=\"font-size:20px;color:#FFFFFF\"><\/i> Reg\u00edstrate gratis en OficinaEmpleo<\/span><\/a><\/div><div class=\"su-spacer\" style=\"height:30px\"><\/div>\n<p style=\"text-align: justify;\"><img loading=\"lazy\" decoding=\"async\" class=\"alignnone  wp-image-7872\" src=\"http:\/\/www.oficinaempleo.com\/blog\/wp-content\/uploads\/2015\/09\/17223402375_8e42f8c015_o.jpg\" alt=\"Planes de empleo\" width=\"739\" height=\"415\" srcset=\"https:\/\/www.oficinaempleo.com\/blog\/wp-content\/uploads\/2015\/09\/17223402375_8e42f8c015_o.jpg 746w, https:\/\/www.oficinaempleo.com\/blog\/wp-content\/uploads\/2015\/09\/17223402375_8e42f8c015_o-300x169.jpg 300w, https:\/\/www.oficinaempleo.com\/blog\/wp-content\/uploads\/2015\/09\/17223402375_8e42f8c015_o-266x150.jpg 266w\" sizes=\"auto, (max-width: 739px) 100vw, 739px\" \/><\/p>\n<p style=\"text-align: justify;\">La <strong>recuperaci\u00f3n del empleo<\/strong> es uno de los principales objetivos de los Ayuntamientos de toda Espa\u00f1a,  varias comunidades han\u00a0presentado sus primeros\u00a0Planes de Empleo con vistas al pr\u00f3ximo a\u00f1o.<\/p>\n<p style=\"text-align: justify;\"><strong>Ciudad Real<\/strong><\/p>\n<p style=\"text-align: justify;\">El pleno de la Diputaci\u00f3n de <strong>Ciudad Real<\/strong>\u00a0ha aprobado la modificaci\u00f3n de 3,2 millones de euros, medida que servir\u00e1 para financiar <strong>1.500 nuevos empleos<\/strong> en la provincia castellano-manchega.<\/p>\n<p style=\"text-align: justify;\">Este tercer <strong><a href=\"http:\/\/www.dipucr.es\/viewnews&amp;cat=46&amp;id=5521\" >Plan de Empleo de la Diputaci\u00f3n<\/a><\/strong> permitir\u00e1 la realizaci\u00f3n de 1.500 nuevos contratos de trabajo. En total, este plan estar\u00e1 dotado con 3.200.000 euros que ser\u00e1n destinados inicialmente a carreteras. Los contratos en principio ser\u00e1n\u00a0de tres meses en todos los <strong>Ayuntamientos<\/strong> de la provincia y servir\u00e1n para ayudar a quienes realmente m\u00e1s lo necesitan.<\/p>\n<p style=\"text-align: justify;\">Esta\u00a0iniciativa permite el desarrollo de peque\u00f1as <strong>obras municipales<\/strong>, atender determinados <strong>servicios de car\u00e1cter local<\/strong> y colaborar con la <strong>prestaci\u00f3n de servicio p\u00fablico<\/strong> por parte de los Ayuntamientos.<\/p>\n<p style=\"text-align: justify;\"><strong>Galicia<\/strong><\/p>\n<p style=\"text-align: justify;\">El Plan de Empleo que impulsa la<strong> <a href=\"http:\/\/mareatlantica.org\/\" >Marea Atl\u00e1ntica<\/a><\/strong> aspira a crear 2.000 puestos de trabajo entre este a\u00f1o y el que viene\u00a0y\u00a0situar, de esta manera, la tasa del paro por debajo del 10%.\u00a0El objetivo principal es la <strong>creaci\u00f3n de empleo, <\/strong>apostando\u00a0adem\u00e1s\u00a0por nuevos modelos de actuaci\u00f3n, es decir, por la innovaci\u00f3n, la investigaci\u00f3n, la mejora del sector sociosanitario y del cambio energ\u00e9tico.<\/p>\n<p style=\"text-align: justify;\"><strong>Pa\u00eds Vasco<\/strong><\/p>\n<p style=\"text-align: justify;\">El Gobierno Vasco ha convocado un nuevo proceso de <strong>selecci\u00f3n de personal<\/strong> para integrar nueve bolsas de trabajo cualificado en la <strong><a href=\"http:\/\/www.jusap.ejgv.euskadi.eus\/r47-edukia\/es\/contenidos\/informacion\/ofertas_empleo\/es_6761\/bolsas_trabajo.html\" >Administraci\u00f3n General de Euskadi<\/a><\/strong>.<\/p>\n<p style=\"text-align: justify;\">Esta iniciativa surge del compromiso del Gobierno con el empleo p\u00fablico. Quiere ofrecer oportunidades de <strong>trabajo a j\u00f3venes<\/strong> y, al mismo tiempo, rejuvenecer el personal al servicio de la <strong>Administraci\u00f3n P\u00fablica<\/strong> y garantizar las sustituciones de una manera m\u00e1s \u00e1gil y eficiente.<\/p>\n<p style=\"text-align: justify;\">De las nueve bolsas de empleo,\u00a0cinco no requerir\u00e1n de la realizaci\u00f3n de ex\u00e1menes de conocimiento, ya que, est\u00e1n dirigidos a profesiones reguladas por norma y, por lo tanto, con curr\u00edculos acad\u00e9micos uniformes en los diferentes centros que las imparten.<\/p>\n<p style=\"text-align: justify;\"><strong>Extremadura<\/strong><\/p>\n<p style=\"text-align: justify;\"><strong><a href=\"https:\/\/ciudadano.gobex.es\/buscador-empleo-publico\" >La Consejer\u00eda de Educaci\u00f3n y Empleo<\/a> <\/strong>de<strong> Extremadura<\/strong> ha centrado su Plan de empleo en los j\u00f3venes junto con el <a href=\"http:\/\/juventudextremadura.gobex.es\/web\/\" >Instituto de la Juventud<\/a>. Con \u00e9ste, se intentar\u00e1 dar empleo a unos <strong>5.000 j\u00f3venes<\/strong> que nunca han trabajado, contar\u00e1 con la colaboraci\u00f3n de las cajas de ahorro para su financiaci\u00f3n.<\/p>\n<p style=\"text-align: justify;\">El Nuevo Plan ha sido elaborado por la junta de Extremadura y establecer\u00e1 mejoras org\u00e1nicas y funcionales del <strong><a href=\"http:\/\/extremaduratrabaja.gobex.es\/ciudadanos\/ofertas-empleo\" >Servicio Extreme\u00f1o P\u00fablico de Empleo (SEXPE)<\/a><\/strong>. Se quiere mejorar la lamentable situaci\u00f3n actual en el mercado laboral Extreme\u00f1o debido a una \u00abdesproporcionada\u00bb tasa de paro y una contrataci\u00f3n temporal muy precaria.<\/p>\n<p style=\"text-align: justify;\">As\u00ed mismo se ha abogado por definir las estrategias del Plan en los \u00abpactos territoriales de empleo\u00bb pues se considera como esencial \u00abajustar\u00bb las medidas a los problemas espec\u00edficos del mercado laboral de cada territorio.<\/p>\n<p style=\"text-align: justify;\"><div class=\"su-button-center\"><a href=\"https:\/\/jobs.oficinaempleo.com\/registro?origen=ORG-web&#038;utm_source=OE&#038;utm_medium=boton_registro&#038;utm_content=homepage&#038;utm_campaign=organic\" class=\"su-button su-button-style-flat\" style=\"color:#FFFFFF;background-color:#ec7d0c;border-color:#bd640a;border-radius:10px\" target=\"__blank\"><span style=\"color:#FFFFFF;padding:8px 26px;font-size:20px;line-height:30px;border-color:#f2a455;border-radius:10px;text-shadow:none\"><i class=\"sui sui-arrow-circle-right\" style=\"font-size:20px;color:#FFFFFF\"><\/i> Reg\u00edstrate gratis en OficinaEmpleo<\/span><\/a><\/div><div class=\"su-spacer\" style=\"height:30px\"><\/div>\n","protected":false},"excerpt":{"rendered":"<p>\u00bfConoces los Planes de Empleo de este a\u00f1o? Si est\u00e1s buscando trabajo esto te interesa.<\/p>\n","protected":false},"author":2,"featured_media":7874,"comment_status":"open","ping_status":"open","sticky":false,"template":"","format":"standard","meta":{"footnotes":""},"categories":[691,12,1441,3,689,17],"tags":[2352,2350,2353,1095,24,244,2351,217,25],"class_list":["post-7621","post","type-post","status-publish","format-standard","has-post-thumbnail","hentry","category-actualidad-empleo","category-consejos-y-recursos","category-empresas","category-noticias-empleo","category-ofertas-empleo-destacadas","category-profesiones","tag-1-500-puestos","tag-ciudad-real","tag-diputacion","tag-empleados","tag-empleo","tag-ofertas-empleo","tag-plan-de-empleo","tag-puestos-de-trabajo","tag-trabajo","cat-691-id","cat-12-id","cat-1441-id","cat-3-id","cat-689-id","cat-17-id","has_thumb"],"yoast_head":"<!-- This site is optimized with the Yoast SEO plugin v27.1.1 - https:\/\/yoast.com\/product\/yoast-seo-wordpress\/ -->\n<title>Planes de Empleo 2015 - Blog OficinaEmpleo<\/title>\n<meta name=\"robots\" content=\"index, follow, max-snippet:-1, max-image-preview:large, max-video-preview:-1\" \/>\n<link rel=\"canonical\" href=\"https:\/\/www.oficinaempleo.com\/blog\/planes-de-empleo-2015\/\" \/>\n<meta property=\"og:locale\" content=\"es_ES\" \/>\n<meta property=\"og:type\" content=\"article\" \/>\n<meta property=\"og:title\" content=\"Planes de Empleo 2015 - Blog OficinaEmpleo\" \/>\n<meta property=\"og:description\" content=\"\u00bfConoces los Planes de Empleo de este a\u00f1o? Si est\u00e1s buscando trabajo esto te interesa.\" \/>\n<meta property=\"og:url\" content=\"https:\/\/www.oficinaempleo.com\/blog\/planes-de-empleo-2015\/\" \/>\n<meta property=\"og:site_name\" content=\"Noticias y consejos de empleo | Blog OficinaEmpleo\" \/>\n<meta property=\"article:author\" content=\"https:\/\/www.facebook.com\/OficinaEmpleo\" \/>\n<meta property=\"article:published_time\" content=\"2015-09-28T10:17:32+00:00\" \/>\n<meta property=\"article:modified_time\" content=\"2015-09-28T13:53:58+00:00\" \/>\n<meta property=\"og:image\" content=\"https:\/\/www.oficinaempleo.com\/blog\/wp-content\/uploads\/2015\/09\/planes-empleo-BLOG.jpg\" \/>\n\t<meta property=\"og:image:width\" content=\"600\" \/>\n\t<meta property=\"og:image:height\" content=\"310\" \/>\n\t<meta property=\"og:image:type\" content=\"image\/jpeg\" \/>\n<meta name=\"author\" content=\"OficinaEmpleo\" \/>\n<meta name=\"twitter:card\" content=\"summary_large_image\" \/>\n<meta name=\"twitter:creator\" content=\"@OficinaEmpleo\" \/>\n<meta name=\"twitter:site\" content=\"@OficinaEmpleo\" \/>\n<meta name=\"twitter:label1\" content=\"Written by\" \/>\n\t<meta name=\"twitter:data1\" content=\"OficinaEmpleo\" \/>\n\t<meta name=\"twitter:label2\" content=\"Est. reading time\" \/>\n\t<meta name=\"twitter:data2\" content=\"3 minutos\" \/>\n<script type=\"application\/ld+json\" class=\"yoast-schema-graph\">{\"@context\":\"https:\/\/schema.org\",\"@graph\":[{\"@type\":\"Article\",\"@id\":\"https:\/\/www.oficinaempleo.com\/blog\/planes-de-empleo-2015\/#article\",\"isPartOf\":{\"@id\":\"https:\/\/www.oficinaempleo.com\/blog\/planes-de-empleo-2015\/\"},\"author\":{\"name\":\"OficinaEmpleo\",\"@id\":\"https:\/\/www.oficinaempleo.com\/blog\/#\/schema\/person\/a7f3437f35bd6bd9ad19addae529a114\"},\"headline\":\"Planes de Empleo 2015\",\"datePublished\":\"2015-09-28T10:17:32+00:00\",\"dateModified\":\"2015-09-28T13:53:58+00:00\",\"mainEntityOfPage\":{\"@id\":\"https:\/\/www.oficinaempleo.com\/blog\/planes-de-empleo-2015\/\"},\"wordCount\":569,\"commentCount\":11,\"publisher\":{\"@id\":\"https:\/\/www.oficinaempleo.com\/blog\/#organization\"},\"image\":{\"@id\":\"https:\/\/www.oficinaempleo.com\/blog\/planes-de-empleo-2015\/#primaryimage\"},\"thumbnailUrl\":\"https:\/\/www.oficinaempleo.com\/blog\/wp-content\/uploads\/2015\/09\/planes-empleo-BLOG.jpg\",\"keywords\":[\"1.500 puestos\",\"Ciudad Real\",\"Diputaci\u00f3n\",\"empleados\",\"empleo\",\"ofertas empleo\",\"Plan de empleo\",\"puestos de trabajo\",\"trabajo\"],\"articleSection\":[\"Actualidad\",\"Consejos y Recursos\",\"Empresas\",\"Noticias Empleo\",\"Ofertas destacadas\",\"Profesiones\"],\"inLanguage\":\"es\",\"potentialAction\":[{\"@type\":\"CommentAction\",\"name\":\"Comment\",\"target\":[\"https:\/\/www.oficinaempleo.com\/blog\/planes-de-empleo-2015\/#respond\"]}]},{\"@type\":\"WebPage\",\"@id\":\"https:\/\/www.oficinaempleo.com\/blog\/planes-de-empleo-2015\/\",\"url\":\"https:\/\/www.oficinaempleo.com\/blog\/planes-de-empleo-2015\/\",\"name\":\"Planes de Empleo 2015 - Blog OficinaEmpleo\",\"isPartOf\":{\"@id\":\"https:\/\/www.oficinaempleo.com\/blog\/#website\"},\"primaryImageOfPage\":{\"@id\":\"https:\/\/www.oficinaempleo.com\/blog\/planes-de-empleo-2015\/#primaryimage\"},\"image\":{\"@id\":\"https:\/\/www.oficinaempleo.com\/blog\/planes-de-empleo-2015\/#primaryimage\"},\"thumbnailUrl\":\"https:\/\/www.oficinaempleo.com\/blog\/wp-content\/uploads\/2015\/09\/planes-empleo-BLOG.jpg\",\"datePublished\":\"2015-09-28T10:17:32+00:00\",\"dateModified\":\"2015-09-28T13:53:58+00:00\",\"breadcrumb\":{\"@id\":\"https:\/\/www.oficinaempleo.com\/blog\/planes-de-empleo-2015\/#breadcrumb\"},\"inLanguage\":\"es\",\"potentialAction\":[{\"@type\":\"ReadAction\",\"target\":[\"https:\/\/www.oficinaempleo.com\/blog\/planes-de-empleo-2015\/\"]}]},{\"@type\":\"ImageObject\",\"inLanguage\":\"es\",\"@id\":\"https:\/\/www.oficinaempleo.com\/blog\/planes-de-empleo-2015\/#primaryimage\",\"url\":\"https:\/\/www.oficinaempleo.com\/blog\/wp-content\/uploads\/2015\/09\/planes-empleo-BLOG.jpg\",\"contentUrl\":\"https:\/\/www.oficinaempleo.com\/blog\/wp-content\/uploads\/2015\/09\/planes-empleo-BLOG.jpg\",\"width\":600,\"height\":310,\"caption\":\"Planes de empleo\"},{\"@type\":\"BreadcrumbList\",\"@id\":\"https:\/\/www.oficinaempleo.com\/blog\/planes-de-empleo-2015\/#breadcrumb\",\"itemListElement\":[{\"@type\":\"ListItem\",\"position\":1,\"name\":\"Home\",\"item\":\"https:\/\/www.oficinaempleo.com\/blog\/\"},{\"@type\":\"ListItem\",\"position\":2,\"name\":\"Planes de Empleo 2015\"}]},{\"@type\":\"WebSite\",\"@id\":\"https:\/\/www.oficinaempleo.com\/blog\/#website\",\"url\":\"https:\/\/www.oficinaempleo.com\/blog\/\",\"name\":\"Noticias y Consejos de Empleo | Blog OficinaEmpleo\",\"description\":\"\",\"publisher\":{\"@id\":\"https:\/\/www.oficinaempleo.com\/blog\/#organization\"},\"potentialAction\":[{\"@type\":\"SearchAction\",\"target\":{\"@type\":\"EntryPoint\",\"urlTemplate\":\"https:\/\/www.oficinaempleo.com\/blog\/?s={search_term_string}\"},\"query-input\":{\"@type\":\"PropertyValueSpecification\",\"valueRequired\":true,\"valueName\":\"search_term_string\"}}],\"inLanguage\":\"es\"},{\"@type\":\"Organization\",\"@id\":\"https:\/\/www.oficinaempleo.com\/blog\/#organization\",\"name\":\"OficinaEmpleo\",\"url\":\"https:\/\/www.oficinaempleo.com\/blog\/\",\"logo\":{\"@type\":\"ImageObject\",\"inLanguage\":\"es\",\"@id\":\"https:\/\/www.oficinaempleo.com\/blog\/#\/schema\/logo\/image\/\",\"url\":\"https:\/\/www.oficinaempleo.com\/blog\/wp-content\/uploads\/2018\/10\/logo_footer-1.jpg\",\"contentUrl\":\"https:\/\/www.oficinaempleo.com\/blog\/wp-content\/uploads\/2018\/10\/logo_footer-1.jpg\",\"width\":478,\"height\":57,\"caption\":\"OficinaEmpleo\"},\"image\":{\"@id\":\"https:\/\/www.oficinaempleo.com\/blog\/#\/schema\/logo\/image\/\"},\"sameAs\":[\"https:\/\/x.com\/OficinaEmpleo\"]},{\"@type\":\"Person\",\"@id\":\"https:\/\/www.oficinaempleo.com\/blog\/#\/schema\/person\/a7f3437f35bd6bd9ad19addae529a114\",\"name\":\"OficinaEmpleo\",\"image\":{\"@type\":\"ImageObject\",\"inLanguage\":\"es\",\"@id\":\"https:\/\/www.oficinaempleo.com\/blog\/#\/schema\/person\/image\/\",\"url\":\"https:\/\/secure.gravatar.com\/avatar\/ea822afb14d7439ba3051d652cf8f548fe540f184ce16a2135fc22c9337bd72e?s=96&d=mm&r=g\",\"contentUrl\":\"https:\/\/secure.gravatar.com\/avatar\/ea822afb14d7439ba3051d652cf8f548fe540f184ce16a2135fc22c9337bd72e?s=96&d=mm&r=g\",\"caption\":\"OficinaEmpleo\"},\"description\":\"En OficinaEmpleo queremos ayudarte a conseguir trabajo. Por eso, adem\u00e1s de ofrecerte ofertas de empleo en nuestro portal, te ense\u00f1amos las novedades del sector, y consejos para mejorar tu perfil.\",\"sameAs\":[\"http:\/\/www.oficinaempleo.com\/\",\"https:\/\/www.facebook.com\/OficinaEmpleo\",\"https:\/\/x.com\/OficinaEmpleo\"],\"url\":\"https:\/\/www.oficinaempleo.com\/blog\/author\/empleo\/\"}]}<\/script>\n<!-- \/ Yoast SEO plugin. -->","yoast_head_json":{"title":"Planes de Empleo 2015 - Blog OficinaEmpleo","robots":{"index":"index","follow":"follow","max-snippet":"max-snippet:-1","max-image-preview":"max-image-preview:large","max-video-preview":"max-video-preview:-1"},"canonical":"https:\/\/www.oficinaempleo.com\/blog\/planes-de-empleo-2015\/","og_locale":"es_ES","og_type":"article","og_title":"Planes de Empleo 2015 - Blog OficinaEmpleo","og_description":"\u00bfConoces los Planes de Empleo de este a\u00f1o? Si est\u00e1s buscando trabajo esto te interesa.","og_url":"https:\/\/www.oficinaempleo.com\/blog\/planes-de-empleo-2015\/","og_site_name":"Noticias y consejos de empleo | Blog OficinaEmpleo","article_author":"https:\/\/www.facebook.com\/OficinaEmpleo","article_published_time":"2015-09-28T10:17:32+00:00","article_modified_time":"2015-09-28T13:53:58+00:00","og_image":[{"width":600,"height":310,"url":"https:\/\/www.oficinaempleo.com\/blog\/wp-content\/uploads\/2015\/09\/planes-empleo-BLOG.jpg","type":"image\/jpeg"}],"author":"OficinaEmpleo","twitter_card":"summary_large_image","twitter_creator":"@OficinaEmpleo","twitter_site":"@OficinaEmpleo","twitter_misc":{"Written by":"OficinaEmpleo","Est. reading time":"3 minutos"},"schema":{"@context":"https:\/\/schema.org","@graph":[{"@type":"Article","@id":"https:\/\/www.oficinaempleo.com\/blog\/planes-de-empleo-2015\/#article","isPartOf":{"@id":"https:\/\/www.oficinaempleo.com\/blog\/planes-de-empleo-2015\/"},"author":{"name":"OficinaEmpleo","@id":"https:\/\/www.oficinaempleo.com\/blog\/#\/schema\/person\/a7f3437f35bd6bd9ad19addae529a114"},"headline":"Planes de Empleo 2015","datePublished":"2015-09-28T10:17:32+00:00","dateModified":"2015-09-28T13:53:58+00:00","mainEntityOfPage":{"@id":"https:\/\/www.oficinaempleo.com\/blog\/planes-de-empleo-2015\/"},"wordCount":569,"commentCount":11,"publisher":{"@id":"https:\/\/www.oficinaempleo.com\/blog\/#organization"},"image":{"@id":"https:\/\/www.oficinaempleo.com\/blog\/planes-de-empleo-2015\/#primaryimage"},"thumbnailUrl":"https:\/\/www.oficinaempleo.com\/blog\/wp-content\/uploads\/2015\/09\/planes-empleo-BLOG.jpg","keywords":["1.500 puestos","Ciudad Real","Diputaci\u00f3n","empleados","empleo","ofertas empleo","Plan de empleo","puestos de trabajo","trabajo"],"articleSection":["Actualidad","Consejos y Recursos","Empresas","Noticias Empleo","Ofertas destacadas","Profesiones"],"inLanguage":"es","potentialAction":[{"@type":"CommentAction","name":"Comment","target":["https:\/\/www.oficinaempleo.com\/blog\/planes-de-empleo-2015\/#respond"]}]},{"@type":"WebPage","@id":"https:\/\/www.oficinaempleo.com\/blog\/planes-de-empleo-2015\/","url":"https:\/\/www.oficinaempleo.com\/blog\/planes-de-empleo-2015\/","name":"Planes de Empleo 2015 - Blog OficinaEmpleo","isPartOf":{"@id":"https:\/\/www.oficinaempleo.com\/blog\/#website"},"primaryImageOfPage":{"@id":"https:\/\/www.oficinaempleo.com\/blog\/planes-de-empleo-2015\/#primaryimage"},"image":{"@id":"https:\/\/www.oficinaempleo.com\/blog\/planes-de-empleo-2015\/#primaryimage"},"thumbnailUrl":"https:\/\/www.oficinaempleo.com\/blog\/wp-content\/uploads\/2015\/09\/planes-empleo-BLOG.jpg","datePublished":"2015-09-28T10:17:32+00:00","dateModified":"2015-09-28T13:53:58+00:00","breadcrumb":{"@id":"https:\/\/www.oficinaempleo.com\/blog\/planes-de-empleo-2015\/#breadcrumb"},"inLanguage":"es","potentialAction":[{"@type":"ReadAction","target":["https:\/\/www.oficinaempleo.com\/blog\/planes-de-empleo-2015\/"]}]},{"@type":"ImageObject","inLanguage":"es","@id":"https:\/\/www.oficinaempleo.com\/blog\/planes-de-empleo-2015\/#primaryimage","url":"https:\/\/www.oficinaempleo.com\/blog\/wp-content\/uploads\/2015\/09\/planes-empleo-BLOG.jpg","contentUrl":"https:\/\/www.oficinaempleo.com\/blog\/wp-content\/uploads\/2015\/09\/planes-empleo-BLOG.jpg","width":600,"height":310,"caption":"Planes de empleo"},{"@type":"BreadcrumbList","@id":"https:\/\/www.oficinaempleo.com\/blog\/planes-de-empleo-2015\/#breadcrumb","itemListElement":[{"@type":"ListItem","position":1,"name":"Home","item":"https:\/\/www.oficinaempleo.com\/blog\/"},{"@type":"ListItem","position":2,"name":"Planes de Empleo 2015"}]},{"@type":"WebSite","@id":"https:\/\/www.oficinaempleo.com\/blog\/#website","url":"https:\/\/www.oficinaempleo.com\/blog\/","name":"Noticias y Consejos de Empleo | Blog OficinaEmpleo","description":"","publisher":{"@id":"https:\/\/www.oficinaempleo.com\/blog\/#organization"},"potentialAction":[{"@type":"SearchAction","target":{"@type":"EntryPoint","urlTemplate":"https:\/\/www.oficinaempleo.com\/blog\/?s={search_term_string}"},"query-input":{"@type":"PropertyValueSpecification","valueRequired":true,"valueName":"search_term_string"}}],"inLanguage":"es"},{"@type":"Organization","@id":"https:\/\/www.oficinaempleo.com\/blog\/#organization","name":"OficinaEmpleo","url":"https:\/\/www.oficinaempleo.com\/blog\/","logo":{"@type":"ImageObject","inLanguage":"es","@id":"https:\/\/www.oficinaempleo.com\/blog\/#\/schema\/logo\/image\/","url":"https:\/\/www.oficinaempleo.com\/blog\/wp-content\/uploads\/2018\/10\/logo_footer-1.jpg","contentUrl":"https:\/\/www.oficinaempleo.com\/blog\/wp-content\/uploads\/2018\/10\/logo_footer-1.jpg","width":478,"height":57,"caption":"OficinaEmpleo"},"image":{"@id":"https:\/\/www.oficinaempleo.com\/blog\/#\/schema\/logo\/image\/"},"sameAs":["https:\/\/x.com\/OficinaEmpleo"]},{"@type":"Person","@id":"https:\/\/www.oficinaempleo.com\/blog\/#\/schema\/person\/a7f3437f35bd6bd9ad19addae529a114","name":"OficinaEmpleo","image":{"@type":"ImageObject","inLanguage":"es","@id":"https:\/\/www.oficinaempleo.com\/blog\/#\/schema\/person\/image\/","url":"https:\/\/secure.gravatar.com\/avatar\/ea822afb14d7439ba3051d652cf8f548fe540f184ce16a2135fc22c9337bd72e?s=96&d=mm&r=g","contentUrl":"https:\/\/secure.gravatar.com\/avatar\/ea822afb14d7439ba3051d652cf8f548fe540f184ce16a2135fc22c9337bd72e?s=96&d=mm&r=g","caption":"OficinaEmpleo"},"description":"En OficinaEmpleo queremos ayudarte a conseguir trabajo. Por eso, adem\u00e1s de ofrecerte ofertas de empleo en nuestro portal, te ense\u00f1amos las novedades del sector, y consejos para mejorar tu perfil.","sameAs":["http:\/\/www.oficinaempleo.com\/","https:\/\/www.facebook.com\/OficinaEmpleo","https:\/\/x.com\/OficinaEmpleo"],"url":"https:\/\/www.oficinaempleo.com\/blog\/author\/empleo\/"}]}},"_links":{"self":[{"href":"https:\/\/www.oficinaempleo.com\/blog\/wp-json\/wp\/v2\/posts\/7621","targetHints":{"allow":["GET"]}}],"collection":[{"href":"https:\/\/www.oficinaempleo.com\/blog\/wp-json\/wp\/v2\/posts"}],"about":[{"href":"https:\/\/www.oficinaempleo.com\/blog\/wp-json\/wp\/v2\/types\/post"}],"author":[{"embeddable":true,"href":"https:\/\/www.oficinaempleo.com\/blog\/wp-json\/wp\/v2\/users\/2"}],"replies":[{"embeddable":true,"href":"https:\/\/www.oficinaempleo.com\/blog\/wp-json\/wp\/v2\/comments?post=7621"}],"version-history":[{"count":0,"href":"https:\/\/www.oficinaempleo.com\/blog\/wp-json\/wp\/v2\/posts\/7621\/revisions"}],"wp:featuredmedia":[{"embeddable":true,"href":"https:\/\/www.oficinaempleo.com\/blog\/wp-json\/wp\/v2\/media\/7874"}],"wp:attachment":[{"href":"https:\/\/www.oficinaempleo.com\/blog\/wp-json\/wp\/v2\/media?parent=7621"}],"wp:term":[{"taxonomy":"category","embeddable":true,"href":"https:\/\/www.oficinaempleo.com\/blog\/wp-json\/wp\/v2\/categories?post=7621"},{"taxonomy":"post_tag","embeddable":true,"href":"https:\/\/www.oficinaempleo.com\/blog\/wp-json\/wp\/v2\/tags?post=7621"}],"curies":[{"name":"wp","href":"https:\/\/api.w.org\/{rel}","templated":true}]}}